{"id":13222,"date":"2025-08-21T19:42:52","date_gmt":"2025-08-21T17:42:52","guid":{"rendered":"https:\/\/lepatriotebenin.com\/?p=13222"},"modified":"2025-08-21T19:42:52","modified_gmt":"2025-08-21T17:42:52","slug":"razack-omotoyossi-une-etoile-tombee-dans-lindifference","status":"publish","type":"post","link":"https:\/\/lepatriotebenin.com\/index.php\/2025\/08\/21\/razack-omotoyossi-une-etoile-tombee-dans-lindifference\/","title":{"rendered":"Razack Omotoyossi, une \u00e9toile tomb\u00e9e dans l\u2019indiff\u00e9rence"},"content":{"rendered":"<p>Ces derniers mois furent pour Razack Omotoyossi une longue travers\u00e9e de la souffrance. Dans sa qu\u00eate d\u00e9sesp\u00e9r\u00e9e d\u2019une d\u00e9livrance qui, malheureusement, ne viendra jamais, il s\u2019est ouvert au monde, a tendu la main, a cherch\u00e9 une solution pour survivre mais en vain.<\/p>\n<p>M\u00eame lorsqu\u2019il a demand\u00e9 de l\u2019aide, il n\u2019a re\u00e7u en retour que silence ou moqueries. Son milieu, celui du football, l\u2019a ignor\u00e9. Il n\u2019a jamais \u00e9t\u00e9 pris au s\u00e9rieux. Certains allaient m\u00eame jusqu\u2019\u00e0 se moquer de lui, alors qu\u2019il s\u2019\u00e9teignait lentement, \u00e0 petit feu. Et le jour m\u00eame de sa mort, beaucoup n\u2019y croyaient pas. Certains pensaient \u00e0 une nouvelle tentative d\u2019alerte, un appel \u00e0 l\u2019aide d\u00e9guis\u00e9.<\/p>\n<p>Les versions autour de son d\u00e9c\u00e8s \u00e9taient confuses, contradictoires. Ce mardi 19 ao\u00fbt 2025, au petit matin, les B\u00e9ninois tentaient chacun, \u00e0 leur fa\u00e7on, de v\u00e9rifier l\u2019information via leurs contacts \u00e0 Lagos. \u00c9tait-il vivant ? \u00c9tait-il mort ? L\u2019incertitude r\u00e9gnait. Mais la v\u00e9rit\u00e9 a fini par s\u2019imposer, l&rsquo;ancien attaquant des \u00c9cureuils Razack Omotoyossi n\u2019est plus.<\/p>\n<p>Nous ne le jugeons pas. Nous ignorons les circonstances exactes de sa mort. Mais ce que l\u2019on peut constater, c\u2019est cette indiff\u00e9rence qui entoure encore trop souvent ceux qui souffrent. Ce manque cruel d\u2019assistance \u00e0 personne en danger. Ce manque de compassion. Et surtout, cette habitude bien ancr\u00e9e de pointer du doigt ceux qui tombent, alors m\u00eame que nous n&rsquo;avons ni la volont\u00e9 ni les moyens de les aider.<\/p>\n<p><strong>Que Razack repose en paix.<\/strong><\/p>\n<p>De lui, nous retiendrons avant tout son immense talent. Son jeu dos au but, sa pr\u00e9sence physique dans la surface, ses tirs puissants des deux pieds, sa capacit\u00e9 \u00e0 r\u00e9sister aux d\u00e9fenseurs. Il \u00e9tait fort, robuste, difficile \u00e0 contenir.<\/p>\n<p>De Pob\u00e8 \u00e0 la s\u00e9lection nationale, il a su imposer sa personnalit\u00e9. Il disait ce qu\u2019il pensait, sans d\u00e9tour. M\u00eame apr\u00e8s avoir raccroch\u00e9 les crampons, il est rest\u00e9 fid\u00e8le \u00e0 ses Gu\u00e9pards. Il r\u00eavait d\u2019une \u00e9quipe nationale comp\u00e9titive, capable de faire vibrer tout un peuple.<\/p>\n<p>&nbsp;<\/p>\n<p>Aujourd\u2019hui, il n\u2019est plus l\u00e0. Mais son sourire, sa passion et son amour pour le football b\u00e9ninois resteront \u00e0 jamais grav\u00e9s dans nos m\u00e9moires.<\/p>\n<p>\u00c0 sa famille et \u00e0 ses proches, tout notre courage en ces temps douloureux.<\/p>\n<p>Il a \u00e9t\u00e9 inhum\u00e9 ce jeudi 21 ao\u00fbt 2025.<\/p>\n<p>Que son \u00e2me repose en paix.<\/p>\n<p>Et qu\u2019il continue, de l\u00e0-haut, \u00e0 encourager ses Gu\u00e9pards.<\/p>\n<p>&nbsp;<\/p>\n<p><strong>Hugues Zinsou Zounon<\/strong><\/p>\n","protected":false},"excerpt":{"rendered":"<p>Ces derniers mois furent pour Razack Omotoyossi une longue travers\u00e9e de la souffrance. Dans sa qu\u00eate d\u00e9sesp\u00e9r\u00e9e d\u2019une d\u00e9livrance qui, malheureusement, ne viendra jamais, il s\u2019est ouvert au monde, a&hellip;<\/p>\n","protected":false},"author":5,"featured_media":13182,"comment_status":"open","ping_status":"open","sticky":false,"template":"","format":"standard","meta":{"content-type":"","om_disable_all_campaigns":false,"_monsterinsights_skip_tracking":false,"_monsterinsights_sitenote_active":false,"_monsterinsights_sitenote_note":"","_monsterinsights_sitenote_category":0,"_uf_show_specific_survey":0,"_uf_disable_surveys":false,"footnotes":""},"categories":[8],"tags":[],"class_list":["post-13222","post","type-post","status-publish","format-standard","has-post-thumbnail","hentry","category-sport"],"aioseo_notices":[],"yoast_head":"<!-- This site is optimized with the Yoast SEO plugin v27.5 - https:\/\/yoast.com\/product\/yoast-seo-wordpress\/ -->\n<title>Razack Omotoyossi, une \u00e9toile tomb\u00e9e dans l\u2019indiff\u00e9rence - Le Patriote<\/title>\n<meta name=\"robots\" content=\"index, follow, max-snippet:-1, max-image-preview:large, max-video-preview:-1\" \/>\n<link rel=\"canonical\" href=\"https:\/\/lepatriotebenin.com\/index.php\/2025\/08\/21\/razack-omotoyossi-une-etoile-tombee-dans-lindifference\/\" \/>\n<meta property=\"og:locale\" content=\"fr_FR\" \/>\n<meta property=\"og:type\" content=\"article\" \/>\n<meta property=\"og:title\" content=\"Razack Omotoyossi, une \u00e9toile tomb\u00e9e dans l\u2019indiff\u00e9rence - Le Patriote\" \/>\n<meta property=\"og:description\" content=\"Ces derniers mois furent pour Razack Omotoyossi une longue travers\u00e9e de la souffrance. Dans sa qu\u00eate d\u00e9sesp\u00e9r\u00e9e d\u2019une d\u00e9livrance qui, malheureusement, ne viendra jamais, il s\u2019est ouvert au monde, a&hellip;\" \/>\n<meta property=\"og:url\" content=\"https:\/\/lepatriotebenin.com\/index.php\/2025\/08\/21\/razack-omotoyossi-une-etoile-tombee-dans-lindifference\/\" \/>\n<meta property=\"og:site_name\" content=\"Le Patriote\" \/>\n<meta property=\"article:published_time\" content=\"2025-08-21T17:42:52+00:00\" \/>\n<meta property=\"og:image\" content=\"https:\/\/lepatriotebenin.com\/wp-content\/uploads\/2025\/08\/fdec227eb5ed8f604e87d7c161ca12.webp\" \/>\n\t<meta property=\"og:image:width\" content=\"866\" \/>\n\t<meta property=\"og:image:height\" content=\"566\" \/>\n\t<meta property=\"og:image:type\" content=\"image\/webp\" \/>\n<meta name=\"author\" content=\"Redaction\" \/>\n<meta name=\"twitter:card\" content=\"summary_large_image\" \/>\n<meta name=\"twitter:label1\" content=\"\u00c9crit par\" \/>\n\t<meta name=\"twitter:data1\" content=\"Redaction\" \/>\n\t<meta name=\"twitter:label2\" content=\"Dur\u00e9e de lecture estim\u00e9e\" \/>\n\t<meta name=\"twitter:data2\" content=\"3 minutes\" \/>\n<script type=\"application\/ld+json\" class=\"yoast-schema-graph\">{\"@context\":\"https:\\\/\\\/schema.org\",\"@graph\":[{\"@type\":\"Article\",\"@id\":\"https:\\\/\\\/lepatriotebenin.com\\\/index.php\\\/2025\\\/08\\\/21\\\/razack-omotoyossi-une-etoile-tombee-dans-lindifference\\\/#article\",\"isPartOf\":{\"@id\":\"https:\\\/\\\/lepatriotebenin.com\\\/index.php\\\/2025\\\/08\\\/21\\\/razack-omotoyossi-une-etoile-tombee-dans-lindifference\\\/\"},\"author\":{\"name\":\"Redaction\",\"@id\":\"https:\\\/\\\/lepatriotebenin.com\\\/#\\\/schema\\\/person\\\/2e7709b9c9cc313e452d1136af61690f\"},\"headline\":\"Razack Omotoyossi, une \u00e9toile tomb\u00e9e dans l\u2019indiff\u00e9rence\",\"datePublished\":\"2025-08-21T17:42:52+00:00\",\"mainEntityOfPage\":{\"@id\":\"https:\\\/\\\/lepatriotebenin.com\\\/index.php\\\/2025\\\/08\\\/21\\\/razack-omotoyossi-une-etoile-tombee-dans-lindifference\\\/\"},\"wordCount\":445,\"commentCount\":0,\"image\":{\"@id\":\"https:\\\/\\\/lepatriotebenin.com\\\/index.php\\\/2025\\\/08\\\/21\\\/razack-omotoyossi-une-etoile-tombee-dans-lindifference\\\/#primaryimage\"},\"thumbnailUrl\":\"https:\\\/\\\/lepatriotebenin.com\\\/wp-content\\\/uploads\\\/2025\\\/08\\\/fdec227eb5ed8f604e87d7c161ca12.webp\",\"articleSection\":[\"Sport\"],\"inLanguage\":\"fr-FR\",\"potentialAction\":[{\"@type\":\"CommentAction\",\"name\":\"Comment\",\"target\":[\"https:\\\/\\\/lepatriotebenin.com\\\/index.php\\\/2025\\\/08\\\/21\\\/razack-omotoyossi-une-etoile-tombee-dans-lindifference\\\/#respond\"]}]},{\"@type\":\"WebPage\",\"@id\":\"https:\\\/\\\/lepatriotebenin.com\\\/index.php\\\/2025\\\/08\\\/21\\\/razack-omotoyossi-une-etoile-tombee-dans-lindifference\\\/\",\"url\":\"https:\\\/\\\/lepatriotebenin.com\\\/index.php\\\/2025\\\/08\\\/21\\\/razack-omotoyossi-une-etoile-tombee-dans-lindifference\\\/\",\"name\":\"Razack Omotoyossi, une \u00e9toile tomb\u00e9e dans l\u2019indiff\u00e9rence - Le Patriote\",\"isPartOf\":{\"@id\":\"https:\\\/\\\/lepatriotebenin.com\\\/#website\"},\"primaryImageOfPage\":{\"@id\":\"https:\\\/\\\/lepatriotebenin.com\\\/index.php\\\/2025\\\/08\\\/21\\\/razack-omotoyossi-une-etoile-tombee-dans-lindifference\\\/#primaryimage\"},\"image\":{\"@id\":\"https:\\\/\\\/lepatriotebenin.com\\\/index.php\\\/2025\\\/08\\\/21\\\/razack-omotoyossi-une-etoile-tombee-dans-lindifference\\\/#primaryimage\"},\"thumbnailUrl\":\"https:\\\/\\\/lepatriotebenin.com\\\/wp-content\\\/uploads\\\/2025\\\/08\\\/fdec227eb5ed8f604e87d7c161ca12.webp\",\"datePublished\":\"2025-08-21T17:42:52+00:00\",\"author\":{\"@id\":\"https:\\\/\\\/lepatriotebenin.com\\\/#\\\/schema\\\/person\\\/2e7709b9c9cc313e452d1136af61690f\"},\"breadcrumb\":{\"@id\":\"https:\\\/\\\/lepatriotebenin.com\\\/index.php\\\/2025\\\/08\\\/21\\\/razack-omotoyossi-une-etoile-tombee-dans-lindifference\\\/#breadcrumb\"},\"inLanguage\":\"fr-FR\",\"potentialAction\":[{\"@type\":\"ReadAction\",\"target\":[\"https:\\\/\\\/lepatriotebenin.com\\\/index.php\\\/2025\\\/08\\\/21\\\/razack-omotoyossi-une-etoile-tombee-dans-lindifference\\\/\"]}]},{\"@type\":\"ImageObject\",\"inLanguage\":\"fr-FR\",\"@id\":\"https:\\\/\\\/lepatriotebenin.com\\\/index.php\\\/2025\\\/08\\\/21\\\/razack-omotoyossi-une-etoile-tombee-dans-lindifference\\\/#primaryimage\",\"url\":\"https:\\\/\\\/lepatriotebenin.com\\\/wp-content\\\/uploads\\\/2025\\\/08\\\/fdec227eb5ed8f604e87d7c161ca12.webp\",\"contentUrl\":\"https:\\\/\\\/lepatriotebenin.com\\\/wp-content\\\/uploads\\\/2025\\\/08\\\/fdec227eb5ed8f604e87d7c161ca12.webp\",\"width\":866,\"height\":566},{\"@type\":\"BreadcrumbList\",\"@id\":\"https:\\\/\\\/lepatriotebenin.com\\\/index.php\\\/2025\\\/08\\\/21\\\/razack-omotoyossi-une-etoile-tombee-dans-lindifference\\\/#breadcrumb\",\"itemListElement\":[{\"@type\":\"ListItem\",\"position\":1,\"name\":\"Accueil\",\"item\":\"https:\\\/\\\/lepatriotebenin.com\\\/\"},{\"@type\":\"ListItem\",\"position\":2,\"name\":\"Razack Omotoyossi, une \u00e9toile tomb\u00e9e dans l\u2019indiff\u00e9rence\"}]},{\"@type\":\"WebSite\",\"@id\":\"https:\\\/\\\/lepatriotebenin.com\\\/#website\",\"url\":\"https:\\\/\\\/lepatriotebenin.com\\\/\",\"name\":\"Le Patriote\",\"description\":\"Le Patriote B\u00e9nin\",\"potentialAction\":[{\"@type\":\"SearchAction\",\"target\":{\"@type\":\"EntryPoint\",\"urlTemplate\":\"https:\\\/\\\/lepatriotebenin.com\\\/?s={search_term_string}\"},\"query-input\":{\"@type\":\"PropertyValueSpecification\",\"valueRequired\":true,\"valueName\":\"search_term_string\"}}],\"inLanguage\":\"fr-FR\"},{\"@type\":\"Person\",\"@id\":\"https:\\\/\\\/lepatriotebenin.com\\\/#\\\/schema\\\/person\\\/2e7709b9c9cc313e452d1136af61690f\",\"name\":\"Redaction\",\"image\":{\"@type\":\"ImageObject\",\"inLanguage\":\"fr-FR\",\"@id\":\"https:\\\/\\\/secure.gravatar.com\\\/avatar\\\/c4c509357859ea2ca2cbb6d8812898a73e4ef1ef9934c2e591d7e32face734d1?s=96&d=mm&r=g\",\"url\":\"https:\\\/\\\/secure.gravatar.com\\\/avatar\\\/c4c509357859ea2ca2cbb6d8812898a73e4ef1ef9934c2e591d7e32face734d1?s=96&d=mm&r=g\",\"contentUrl\":\"https:\\\/\\\/secure.gravatar.com\\\/avatar\\\/c4c509357859ea2ca2cbb6d8812898a73e4ef1ef9934c2e591d7e32face734d1?s=96&d=mm&r=g\",\"caption\":\"Redaction\"},\"url\":\"https:\\\/\\\/lepatriotebenin.com\"}]}<\/script>\n<!-- \/ Yoast SEO plugin. -->","yoast_head_json":{"title":"Razack Omotoyossi, une \u00e9toile tomb\u00e9e dans l\u2019indiff\u00e9rence - Le Patriote","robots":{"index":"index","follow":"follow","max-snippet":"max-snippet:-1","max-image-preview":"max-image-preview:large","max-video-preview":"max-video-preview:-1"},"canonical":"https:\/\/lepatriotebenin.com\/index.php\/2025\/08\/21\/razack-omotoyossi-une-etoile-tombee-dans-lindifference\/","og_locale":"fr_FR","og_type":"article","og_title":"Razack Omotoyossi, une \u00e9toile tomb\u00e9e dans l\u2019indiff\u00e9rence - Le Patriote","og_description":"Ces derniers mois furent pour Razack Omotoyossi une longue travers\u00e9e de la souffrance. Dans sa qu\u00eate d\u00e9sesp\u00e9r\u00e9e d\u2019une d\u00e9livrance qui, malheureusement, ne viendra jamais, il s\u2019est ouvert au monde, a&hellip;","og_url":"https:\/\/lepatriotebenin.com\/index.php\/2025\/08\/21\/razack-omotoyossi-une-etoile-tombee-dans-lindifference\/","og_site_name":"Le Patriote","article_published_time":"2025-08-21T17:42:52+00:00","og_image":[{"width":866,"height":566,"url":"https:\/\/lepatriotebenin.com\/wp-content\/uploads\/2025\/08\/fdec227eb5ed8f604e87d7c161ca12.webp","type":"image\/webp"}],"author":"Redaction","twitter_card":"summary_large_image","twitter_misc":{"\u00c9crit par":"Redaction","Dur\u00e9e de lecture estim\u00e9e":"3 minutes"},"schema":{"@context":"https:\/\/schema.org","@graph":[{"@type":"Article","@id":"https:\/\/lepatriotebenin.com\/index.php\/2025\/08\/21\/razack-omotoyossi-une-etoile-tombee-dans-lindifference\/#article","isPartOf":{"@id":"https:\/\/lepatriotebenin.com\/index.php\/2025\/08\/21\/razack-omotoyossi-une-etoile-tombee-dans-lindifference\/"},"author":{"name":"Redaction","@id":"https:\/\/lepatriotebenin.com\/#\/schema\/person\/2e7709b9c9cc313e452d1136af61690f"},"headline":"Razack Omotoyossi, une \u00e9toile tomb\u00e9e dans l\u2019indiff\u00e9rence","datePublished":"2025-08-21T17:42:52+00:00","mainEntityOfPage":{"@id":"https:\/\/lepatriotebenin.com\/index.php\/2025\/08\/21\/razack-omotoyossi-une-etoile-tombee-dans-lindifference\/"},"wordCount":445,"commentCount":0,"image":{"@id":"https:\/\/lepatriotebenin.com\/index.php\/2025\/08\/21\/razack-omotoyossi-une-etoile-tombee-dans-lindifference\/#primaryimage"},"thumbnailUrl":"https:\/\/lepatriotebenin.com\/wp-content\/uploads\/2025\/08\/fdec227eb5ed8f604e87d7c161ca12.webp","articleSection":["Sport"],"inLanguage":"fr-FR","potentialAction":[{"@type":"CommentAction","name":"Comment","target":["https:\/\/lepatriotebenin.com\/index.php\/2025\/08\/21\/razack-omotoyossi-une-etoile-tombee-dans-lindifference\/#respond"]}]},{"@type":"WebPage","@id":"https:\/\/lepatriotebenin.com\/index.php\/2025\/08\/21\/razack-omotoyossi-une-etoile-tombee-dans-lindifference\/","url":"https:\/\/lepatriotebenin.com\/index.php\/2025\/08\/21\/razack-omotoyossi-une-etoile-tombee-dans-lindifference\/","name":"Razack Omotoyossi, une \u00e9toile tomb\u00e9e dans l\u2019indiff\u00e9rence - Le Patriote","isPartOf":{"@id":"https:\/\/lepatriotebenin.com\/#website"},"primaryImageOfPage":{"@id":"https:\/\/lepatriotebenin.com\/index.php\/2025\/08\/21\/razack-omotoyossi-une-etoile-tombee-dans-lindifference\/#primaryimage"},"image":{"@id":"https:\/\/lepatriotebenin.com\/index.php\/2025\/08\/21\/razack-omotoyossi-une-etoile-tombee-dans-lindifference\/#primaryimage"},"thumbnailUrl":"https:\/\/lepatriotebenin.com\/wp-content\/uploads\/2025\/08\/fdec227eb5ed8f604e87d7c161ca12.webp","datePublished":"2025-08-21T17:42:52+00:00","author":{"@id":"https:\/\/lepatriotebenin.com\/#\/schema\/person\/2e7709b9c9cc313e452d1136af61690f"},"breadcrumb":{"@id":"https:\/\/lepatriotebenin.com\/index.php\/2025\/08\/21\/razack-omotoyossi-une-etoile-tombee-dans-lindifference\/#breadcrumb"},"inLanguage":"fr-FR","potentialAction":[{"@type":"ReadAction","target":["https:\/\/lepatriotebenin.com\/index.php\/2025\/08\/21\/razack-omotoyossi-une-etoile-tombee-dans-lindifference\/"]}]},{"@type":"ImageObject","inLanguage":"fr-FR","@id":"https:\/\/lepatriotebenin.com\/index.php\/2025\/08\/21\/razack-omotoyossi-une-etoile-tombee-dans-lindifference\/#primaryimage","url":"https:\/\/lepatriotebenin.com\/wp-content\/uploads\/2025\/08\/fdec227eb5ed8f604e87d7c161ca12.webp","contentUrl":"https:\/\/lepatriotebenin.com\/wp-content\/uploads\/2025\/08\/fdec227eb5ed8f604e87d7c161ca12.webp","width":866,"height":566},{"@type":"BreadcrumbList","@id":"https:\/\/lepatriotebenin.com\/index.php\/2025\/08\/21\/razack-omotoyossi-une-etoile-tombee-dans-lindifference\/#breadcrumb","itemListElement":[{"@type":"ListItem","position":1,"name":"Accueil","item":"https:\/\/lepatriotebenin.com\/"},{"@type":"ListItem","position":2,"name":"Razack Omotoyossi, une \u00e9toile tomb\u00e9e dans l\u2019indiff\u00e9rence"}]},{"@type":"WebSite","@id":"https:\/\/lepatriotebenin.com\/#website","url":"https:\/\/lepatriotebenin.com\/","name":"Le Patriote","description":"Le Patriote B\u00e9nin","potentialAction":[{"@type":"SearchAction","target":{"@type":"EntryPoint","urlTemplate":"https:\/\/lepatriotebenin.com\/?s={search_term_string}"},"query-input":{"@type":"PropertyValueSpecification","valueRequired":true,"valueName":"search_term_string"}}],"inLanguage":"fr-FR"},{"@type":"Person","@id":"https:\/\/lepatriotebenin.com\/#\/schema\/person\/2e7709b9c9cc313e452d1136af61690f","name":"Redaction","image":{"@type":"ImageObject","inLanguage":"fr-FR","@id":"https:\/\/secure.gravatar.com\/avatar\/c4c509357859ea2ca2cbb6d8812898a73e4ef1ef9934c2e591d7e32face734d1?s=96&d=mm&r=g","url":"https:\/\/secure.gravatar.com\/avatar\/c4c509357859ea2ca2cbb6d8812898a73e4ef1ef9934c2e591d7e32face734d1?s=96&d=mm&r=g","contentUrl":"https:\/\/secure.gravatar.com\/avatar\/c4c509357859ea2ca2cbb6d8812898a73e4ef1ef9934c2e591d7e32face734d1?s=96&d=mm&r=g","caption":"Redaction"},"url":"https:\/\/lepatriotebenin.com"}]}},"_links":{"self":[{"href":"https:\/\/lepatriotebenin.com\/index.php\/wp-json\/wp\/v2\/posts\/13222","targetHints":{"allow":["GET"]}}],"collection":[{"href":"https:\/\/lepatriotebenin.com\/index.php\/wp-json\/wp\/v2\/posts"}],"about":[{"href":"https:\/\/lepatriotebenin.com\/index.php\/wp-json\/wp\/v2\/types\/post"}],"author":[{"embeddable":true,"href":"https:\/\/lepatriotebenin.com\/index.php\/wp-json\/wp\/v2\/users\/5"}],"replies":[{"embeddable":true,"href":"https:\/\/lepatriotebenin.com\/index.php\/wp-json\/wp\/v2\/comments?post=13222"}],"version-history":[{"count":1,"href":"https:\/\/lepatriotebenin.com\/index.php\/wp-json\/wp\/v2\/posts\/13222\/revisions"}],"predecessor-version":[{"id":13223,"href":"https:\/\/lepatriotebenin.com\/index.php\/wp-json\/wp\/v2\/posts\/13222\/revisions\/13223"}],"wp:featuredmedia":[{"embeddable":true,"href":"https:\/\/lepatriotebenin.com\/index.php\/wp-json\/wp\/v2\/media\/13182"}],"wp:attachment":[{"href":"https:\/\/lepatriotebenin.com\/index.php\/wp-json\/wp\/v2\/media?parent=13222"}],"wp:term":[{"taxonomy":"category","embeddable":true,"href":"https:\/\/lepatriotebenin.com\/index.php\/wp-json\/wp\/v2\/categories?post=13222"},{"taxonomy":"post_tag","embeddable":true,"href":"https:\/\/lepatriotebenin.com\/index.php\/wp-json\/wp\/v2\/tags?post=13222"}],"curies":[{"name":"wp","href":"https:\/\/api.w.org\/{rel}","templated":true}]}}