{"id":13218,"date":"2025-08-21T16:25:47","date_gmt":"2025-08-21T14:25:47","guid":{"rendered":"https:\/\/lepatriotebenin.com\/?p=13218"},"modified":"2025-08-21T16:25:47","modified_gmt":"2025-08-21T14:25:47","slug":"ucap-2025-les-journalistes-catholiques-dafrique-pour-une-intelligence-artificielle-ethique-et-humaine","status":"publish","type":"post","link":"https:\/\/lepatriotebenin.com\/index.php\/2025\/08\/21\/ucap-2025-les-journalistes-catholiques-dafrique-pour-une-intelligence-artificielle-ethique-et-humaine\/","title":{"rendered":"UCAP 2025 : Les journalistes catholiques d\u2019Afrique pour une intelligence artificielle \u00e9thique et humaine"},"content":{"rendered":"<p><em><strong>La capitale ghan\u00e9enne a accueilli du 10 au 17 ao\u00fbt 2025, le congr\u00e8s continental triennal de l\u2019Union Catholique Africaine de la Presse (UCAP). Plac\u00e9e sous le th\u00e8me \u00ab \u00c9quilibrer le progr\u00e8s technologique et la pr\u00e9servation des valeurs humaines \u00e0 l\u2019\u00e8re de l\u2019intelligence artificielle (IA) \u00bb, la rencontre a r\u00e9uni plus de 100 journalistes catholiques, enseignants, cr\u00e9ateurs de contenu et experts venus de plus de 20 pays, dont 19 africains.<\/strong><\/em><\/p>\n<p>Le congr\u00e8s a \u00e9t\u00e9 une plateforme de r\u00e9flexion sur les enjeux \u00e9thiques et les opportunit\u00e9s qu\u2019offre l\u2019intelligence artificielle. Les participants ont explor\u00e9 les moyens par lesquels les professionnels des m\u00e9dias catholiques peuvent sauvegarder la dignit\u00e9 humaine tout en int\u00e9grant les innovations technologiques.<\/p>\n<p><strong>R\u00e9solutions adopt\u00e9es<\/strong><\/p>\n<p>Au terme des travaux, cinq r\u00e9solutions majeures ont \u00e9t\u00e9 rendues publiques. L\u2019UCAP a d\u2019abord r\u00e9affirm\u00e9 la primaut\u00e9 de la dignit\u00e9 humaine sur le progr\u00e8s technologique, invitant les journalistes africains \u00e0 d\u00e9fendre v\u00e9rit\u00e9, int\u00e9grit\u00e9 et authenticit\u00e9 dans leur pratique. Elle a ensuite appel\u00e9 \u00e0 un usage \u00e9thique de l\u2019IA, en exhortant les institutions m\u00e9diatiques \u00e0 mettre en place des lignes directrices contre la manipulation, la d\u00e9sinformation et les atteintes \u00e0 la vie priv\u00e9e.<\/p>\n<p>Une troisi\u00e8me r\u00e9solution porte sur le renforcement de la formation et de l\u2019\u00e9ducation aux m\u00e9dias, avec l\u2019int\u00e9gration de modules sur l\u2019IA, la litt\u00e9ratie num\u00e9rique et l\u2019enseignement social de l\u2019\u00c9glise. L\u2019Union a \u00e9galement annonc\u00e9 une collaboration accrue avec les conf\u00e9rences \u00e9piscopales, les universit\u00e9s, les d\u00e9cideurs politiques et la soci\u00e9t\u00e9 civile, afin de concilier innovation et responsabilit\u00e9 morale. Enfin, elle s\u2019est engag\u00e9e \u00e0 promouvoir une nouvelle \u00e9thique de la communication, orient\u00e9e vers la paix, la r\u00e9conciliation et la solidarit\u00e9.<\/p>\n<p><strong>Recommandations aux acteurs cl\u00e9s<\/strong><\/p>\n<p>Les recommandations de l\u2019UCAP s\u2019adressent \u00e0 plusieurs cibles :<\/p>\n<p>&#8211; Aux gouvernements, de r\u00e9guler l\u2019utilisation de l\u2019IA et d\u2019investir dans des infrastructures num\u00e9riques respectueuses de la dignit\u00e9 humaine.<\/p>\n<p>&#8211; Aux organisations m\u00e9diatiques, d\u2019adopter des politiques \u00e9ditoriales qui garantissent que la technologie ne remplace pas le jugement ni la responsabilit\u00e9 humaine.<\/p>\n<p>&#8211; Aux journalistes catholiques, de s\u2019engager dans une formation continue et de devenir de v\u00e9ritables \u00ab missionnaires de la paix et de la r\u00e9conciliation \u00bb.<\/p>\n<p>&#8211; \u00c0 l\u2019\u00c9glise en Afrique, d\u2019accompagner les communicateurs catholiques dans le discernement face aux d\u00e9fis \u00e9thiques et d\u2019investir dans l\u2019\u00e9ducation aux m\u00e9dias.<\/p>\n<p>Ce congr\u00e8s marque une \u00e9tape importante pour les m\u00e9dias catholiques d\u2019Afrique. En pla\u00e7ant l\u2019\u00e9thique et la dignit\u00e9 humaine au centre, l\u2019UCAP envoie un message fort : l\u2019intelligence artificielle n\u2019est pas seulement une outil technique, mais un enjeu moral et spirituel qui concerne l\u2019avenir du continent.<\/p>\n<p><strong>Ez\u00e9chiel Dagb\u00e9gnon PADONOU<\/strong><\/p>\n","protected":false},"excerpt":{"rendered":"<p>La capitale ghan\u00e9enne a accueilli du 10 au 17 ao\u00fbt 2025, le congr\u00e8s continental triennal de l\u2019Union Catholique Africaine de la Presse (UCAP). Plac\u00e9e sous le th\u00e8me \u00ab \u00c9quilibrer le&hellip;<\/p>\n","protected":false},"author":5,"featured_media":13219,"comment_status":"open","ping_status":"open","sticky":false,"template":"","format":"standard","meta":{"content-type":"","om_disable_all_campaigns":false,"_monsterinsights_skip_tracking":false,"_monsterinsights_sitenote_active":false,"_monsterinsights_sitenote_note":"","_monsterinsights_sitenote_category":0,"_uf_show_specific_survey":0,"_uf_disable_surveys":false,"footnotes":""},"categories":[20],"tags":[],"class_list":["post-13218","post","type-post","status-publish","format-standard","has-post-thumbnail","hentry","category-societe"],"aioseo_notices":[],"yoast_head":"<!-- This site is optimized with the Yoast SEO plugin v27.5 - https:\/\/yoast.com\/product\/yoast-seo-wordpress\/ -->\n<title>UCAP 2025 : Les journalistes catholiques d\u2019Afrique pour une intelligence artificielle \u00e9thique et humaine - Le Patriote<\/title>\n<meta name=\"robots\" content=\"index, follow, max-snippet:-1, max-image-preview:large, max-video-preview:-1\" \/>\n<link rel=\"canonical\" href=\"https:\/\/lepatriotebenin.com\/index.php\/2025\/08\/21\/ucap-2025-les-journalistes-catholiques-dafrique-pour-une-intelligence-artificielle-ethique-et-humaine\/\" \/>\n<meta property=\"og:locale\" content=\"fr_FR\" \/>\n<meta property=\"og:type\" content=\"article\" \/>\n<meta property=\"og:title\" content=\"UCAP 2025 : Les journalistes catholiques d\u2019Afrique pour une intelligence artificielle \u00e9thique et humaine - Le Patriote\" \/>\n<meta property=\"og:description\" content=\"La capitale ghan\u00e9enne a accueilli du 10 au 17 ao\u00fbt 2025, le congr\u00e8s continental triennal de l\u2019Union Catholique Africaine de la Presse (UCAP). Plac\u00e9e sous le th\u00e8me \u00ab \u00c9quilibrer le&hellip;\" \/>\n<meta property=\"og:url\" content=\"https:\/\/lepatriotebenin.com\/index.php\/2025\/08\/21\/ucap-2025-les-journalistes-catholiques-dafrique-pour-une-intelligence-artificielle-ethique-et-humaine\/\" \/>\n<meta property=\"og:site_name\" content=\"Le Patriote\" \/>\n<meta property=\"article:published_time\" content=\"2025-08-21T14:25:47+00:00\" \/>\n<meta property=\"og:image\" content=\"https:\/\/lepatriotebenin.com\/wp-content\/uploads\/2025\/08\/ucaop.jpg\" \/>\n\t<meta property=\"og:image:width\" content=\"1080\" \/>\n\t<meta property=\"og:image:height\" content=\"720\" \/>\n\t<meta property=\"og:image:type\" content=\"image\/jpeg\" \/>\n<meta name=\"author\" content=\"Redaction\" \/>\n<meta name=\"twitter:card\" content=\"summary_large_image\" \/>\n<meta name=\"twitter:label1\" content=\"\u00c9crit par\" \/>\n\t<meta name=\"twitter:data1\" content=\"Redaction\" \/>\n\t<meta name=\"twitter:label2\" content=\"Dur\u00e9e de lecture estim\u00e9e\" \/>\n\t<meta name=\"twitter:data2\" content=\"3 minutes\" \/>\n<script type=\"application\/ld+json\" class=\"yoast-schema-graph\">{\"@context\":\"https:\\\/\\\/schema.org\",\"@graph\":[{\"@type\":\"Article\",\"@id\":\"https:\\\/\\\/lepatriotebenin.com\\\/index.php\\\/2025\\\/08\\\/21\\\/ucap-2025-les-journalistes-catholiques-dafrique-pour-une-intelligence-artificielle-ethique-et-humaine\\\/#article\",\"isPartOf\":{\"@id\":\"https:\\\/\\\/lepatriotebenin.com\\\/index.php\\\/2025\\\/08\\\/21\\\/ucap-2025-les-journalistes-catholiques-dafrique-pour-une-intelligence-artificielle-ethique-et-humaine\\\/\"},\"author\":{\"name\":\"Redaction\",\"@id\":\"https:\\\/\\\/lepatriotebenin.com\\\/#\\\/schema\\\/person\\\/2e7709b9c9cc313e452d1136af61690f\"},\"headline\":\"UCAP 2025 : Les journalistes catholiques d\u2019Afrique pour une intelligence artificielle \u00e9thique et humaine\",\"datePublished\":\"2025-08-21T14:25:47+00:00\",\"mainEntityOfPage\":{\"@id\":\"https:\\\/\\\/lepatriotebenin.com\\\/index.php\\\/2025\\\/08\\\/21\\\/ucap-2025-les-journalistes-catholiques-dafrique-pour-une-intelligence-artificielle-ethique-et-humaine\\\/\"},\"wordCount\":487,\"commentCount\":0,\"image\":{\"@id\":\"https:\\\/\\\/lepatriotebenin.com\\\/index.php\\\/2025\\\/08\\\/21\\\/ucap-2025-les-journalistes-catholiques-dafrique-pour-une-intelligence-artificielle-ethique-et-humaine\\\/#primaryimage\"},\"thumbnailUrl\":\"https:\\\/\\\/lepatriotebenin.com\\\/wp-content\\\/uploads\\\/2025\\\/08\\\/ucaop.jpg\",\"articleSection\":[\"Soci\u00e9t\u00e9\"],\"inLanguage\":\"fr-FR\",\"potentialAction\":[{\"@type\":\"CommentAction\",\"name\":\"Comment\",\"target\":[\"https:\\\/\\\/lepatriotebenin.com\\\/index.php\\\/2025\\\/08\\\/21\\\/ucap-2025-les-journalistes-catholiques-dafrique-pour-une-intelligence-artificielle-ethique-et-humaine\\\/#respond\"]}]},{\"@type\":\"WebPage\",\"@id\":\"https:\\\/\\\/lepatriotebenin.com\\\/index.php\\\/2025\\\/08\\\/21\\\/ucap-2025-les-journalistes-catholiques-dafrique-pour-une-intelligence-artificielle-ethique-et-humaine\\\/\",\"url\":\"https:\\\/\\\/lepatriotebenin.com\\\/index.php\\\/2025\\\/08\\\/21\\\/ucap-2025-les-journalistes-catholiques-dafrique-pour-une-intelligence-artificielle-ethique-et-humaine\\\/\",\"name\":\"UCAP 2025 : Les journalistes catholiques d\u2019Afrique pour une intelligence artificielle \u00e9thique et humaine - Le Patriote\",\"isPartOf\":{\"@id\":\"https:\\\/\\\/lepatriotebenin.com\\\/#website\"},\"primaryImageOfPage\":{\"@id\":\"https:\\\/\\\/lepatriotebenin.com\\\/index.php\\\/2025\\\/08\\\/21\\\/ucap-2025-les-journalistes-catholiques-dafrique-pour-une-intelligence-artificielle-ethique-et-humaine\\\/#primaryimage\"},\"image\":{\"@id\":\"https:\\\/\\\/lepatriotebenin.com\\\/index.php\\\/2025\\\/08\\\/21\\\/ucap-2025-les-journalistes-catholiques-dafrique-pour-une-intelligence-artificielle-ethique-et-humaine\\\/#primaryimage\"},\"thumbnailUrl\":\"https:\\\/\\\/lepatriotebenin.com\\\/wp-content\\\/uploads\\\/2025\\\/08\\\/ucaop.jpg\",\"datePublished\":\"2025-08-21T14:25:47+00:00\",\"author\":{\"@id\":\"https:\\\/\\\/lepatriotebenin.com\\\/#\\\/schema\\\/person\\\/2e7709b9c9cc313e452d1136af61690f\"},\"breadcrumb\":{\"@id\":\"https:\\\/\\\/lepatriotebenin.com\\\/index.php\\\/2025\\\/08\\\/21\\\/ucap-2025-les-journalistes-catholiques-dafrique-pour-une-intelligence-artificielle-ethique-et-humaine\\\/#breadcrumb\"},\"inLanguage\":\"fr-FR\",\"potentialAction\":[{\"@type\":\"ReadAction\",\"target\":[\"https:\\\/\\\/lepatriotebenin.com\\\/index.php\\\/2025\\\/08\\\/21\\\/ucap-2025-les-journalistes-catholiques-dafrique-pour-une-intelligence-artificielle-ethique-et-humaine\\\/\"]}]},{\"@type\":\"ImageObject\",\"inLanguage\":\"fr-FR\",\"@id\":\"https:\\\/\\\/lepatriotebenin.com\\\/index.php\\\/2025\\\/08\\\/21\\\/ucap-2025-les-journalistes-catholiques-dafrique-pour-une-intelligence-artificielle-ethique-et-humaine\\\/#primaryimage\",\"url\":\"https:\\\/\\\/lepatriotebenin.com\\\/wp-content\\\/uploads\\\/2025\\\/08\\\/ucaop.jpg\",\"contentUrl\":\"https:\\\/\\\/lepatriotebenin.com\\\/wp-content\\\/uploads\\\/2025\\\/08\\\/ucaop.jpg\",\"width\":1080,\"height\":720},{\"@type\":\"BreadcrumbList\",\"@id\":\"https:\\\/\\\/lepatriotebenin.com\\\/index.php\\\/2025\\\/08\\\/21\\\/ucap-2025-les-journalistes-catholiques-dafrique-pour-une-intelligence-artificielle-ethique-et-humaine\\\/#breadcrumb\",\"itemListElement\":[{\"@type\":\"ListItem\",\"position\":1,\"name\":\"Accueil\",\"item\":\"https:\\\/\\\/lepatriotebenin.com\\\/\"},{\"@type\":\"ListItem\",\"position\":2,\"name\":\"UCAP 2025 : Les journalistes catholiques d\u2019Afrique pour une intelligence artificielle \u00e9thique et humaine\"}]},{\"@type\":\"WebSite\",\"@id\":\"https:\\\/\\\/lepatriotebenin.com\\\/#website\",\"url\":\"https:\\\/\\\/lepatriotebenin.com\\\/\",\"name\":\"Le Patriote\",\"description\":\"Le Patriote B\u00e9nin\",\"potentialAction\":[{\"@type\":\"SearchAction\",\"target\":{\"@type\":\"EntryPoint\",\"urlTemplate\":\"https:\\\/\\\/lepatriotebenin.com\\\/?s={search_term_string}\"},\"query-input\":{\"@type\":\"PropertyValueSpecification\",\"valueRequired\":true,\"valueName\":\"search_term_string\"}}],\"inLanguage\":\"fr-FR\"},{\"@type\":\"Person\",\"@id\":\"https:\\\/\\\/lepatriotebenin.com\\\/#\\\/schema\\\/person\\\/2e7709b9c9cc313e452d1136af61690f\",\"name\":\"Redaction\",\"image\":{\"@type\":\"ImageObject\",\"inLanguage\":\"fr-FR\",\"@id\":\"https:\\\/\\\/secure.gravatar.com\\\/avatar\\\/c4c509357859ea2ca2cbb6d8812898a73e4ef1ef9934c2e591d7e32face734d1?s=96&d=mm&r=g\",\"url\":\"https:\\\/\\\/secure.gravatar.com\\\/avatar\\\/c4c509357859ea2ca2cbb6d8812898a73e4ef1ef9934c2e591d7e32face734d1?s=96&d=mm&r=g\",\"contentUrl\":\"https:\\\/\\\/secure.gravatar.com\\\/avatar\\\/c4c509357859ea2ca2cbb6d8812898a73e4ef1ef9934c2e591d7e32face734d1?s=96&d=mm&r=g\",\"caption\":\"Redaction\"},\"url\":\"https:\\\/\\\/lepatriotebenin.com\"}]}<\/script>\n<!-- \/ Yoast SEO plugin. -->","yoast_head_json":{"title":"UCAP 2025 : Les journalistes catholiques d\u2019Afrique pour une intelligence artificielle \u00e9thique et humaine - Le Patriote","robots":{"index":"index","follow":"follow","max-snippet":"max-snippet:-1","max-image-preview":"max-image-preview:large","max-video-preview":"max-video-preview:-1"},"canonical":"https:\/\/lepatriotebenin.com\/index.php\/2025\/08\/21\/ucap-2025-les-journalistes-catholiques-dafrique-pour-une-intelligence-artificielle-ethique-et-humaine\/","og_locale":"fr_FR","og_type":"article","og_title":"UCAP 2025 : Les journalistes catholiques d\u2019Afrique pour une intelligence artificielle \u00e9thique et humaine - Le Patriote","og_description":"La capitale ghan\u00e9enne a accueilli du 10 au 17 ao\u00fbt 2025, le congr\u00e8s continental triennal de l\u2019Union Catholique Africaine de la Presse (UCAP). Plac\u00e9e sous le th\u00e8me \u00ab \u00c9quilibrer le&hellip;","og_url":"https:\/\/lepatriotebenin.com\/index.php\/2025\/08\/21\/ucap-2025-les-journalistes-catholiques-dafrique-pour-une-intelligence-artificielle-ethique-et-humaine\/","og_site_name":"Le Patriote","article_published_time":"2025-08-21T14:25:47+00:00","og_image":[{"width":1080,"height":720,"url":"https:\/\/lepatriotebenin.com\/wp-content\/uploads\/2025\/08\/ucaop.jpg","type":"image\/jpeg"}],"author":"Redaction","twitter_card":"summary_large_image","twitter_misc":{"\u00c9crit par":"Redaction","Dur\u00e9e de lecture estim\u00e9e":"3 minutes"},"schema":{"@context":"https:\/\/schema.org","@graph":[{"@type":"Article","@id":"https:\/\/lepatriotebenin.com\/index.php\/2025\/08\/21\/ucap-2025-les-journalistes-catholiques-dafrique-pour-une-intelligence-artificielle-ethique-et-humaine\/#article","isPartOf":{"@id":"https:\/\/lepatriotebenin.com\/index.php\/2025\/08\/21\/ucap-2025-les-journalistes-catholiques-dafrique-pour-une-intelligence-artificielle-ethique-et-humaine\/"},"author":{"name":"Redaction","@id":"https:\/\/lepatriotebenin.com\/#\/schema\/person\/2e7709b9c9cc313e452d1136af61690f"},"headline":"UCAP 2025 : Les journalistes catholiques d\u2019Afrique pour une intelligence artificielle \u00e9thique et humaine","datePublished":"2025-08-21T14:25:47+00:00","mainEntityOfPage":{"@id":"https:\/\/lepatriotebenin.com\/index.php\/2025\/08\/21\/ucap-2025-les-journalistes-catholiques-dafrique-pour-une-intelligence-artificielle-ethique-et-humaine\/"},"wordCount":487,"commentCount":0,"image":{"@id":"https:\/\/lepatriotebenin.com\/index.php\/2025\/08\/21\/ucap-2025-les-journalistes-catholiques-dafrique-pour-une-intelligence-artificielle-ethique-et-humaine\/#primaryimage"},"thumbnailUrl":"https:\/\/lepatriotebenin.com\/wp-content\/uploads\/2025\/08\/ucaop.jpg","articleSection":["Soci\u00e9t\u00e9"],"inLanguage":"fr-FR","potentialAction":[{"@type":"CommentAction","name":"Comment","target":["https:\/\/lepatriotebenin.com\/index.php\/2025\/08\/21\/ucap-2025-les-journalistes-catholiques-dafrique-pour-une-intelligence-artificielle-ethique-et-humaine\/#respond"]}]},{"@type":"WebPage","@id":"https:\/\/lepatriotebenin.com\/index.php\/2025\/08\/21\/ucap-2025-les-journalistes-catholiques-dafrique-pour-une-intelligence-artificielle-ethique-et-humaine\/","url":"https:\/\/lepatriotebenin.com\/index.php\/2025\/08\/21\/ucap-2025-les-journalistes-catholiques-dafrique-pour-une-intelligence-artificielle-ethique-et-humaine\/","name":"UCAP 2025 : Les journalistes catholiques d\u2019Afrique pour une intelligence artificielle \u00e9thique et humaine - Le Patriote","isPartOf":{"@id":"https:\/\/lepatriotebenin.com\/#website"},"primaryImageOfPage":{"@id":"https:\/\/lepatriotebenin.com\/index.php\/2025\/08\/21\/ucap-2025-les-journalistes-catholiques-dafrique-pour-une-intelligence-artificielle-ethique-et-humaine\/#primaryimage"},"image":{"@id":"https:\/\/lepatriotebenin.com\/index.php\/2025\/08\/21\/ucap-2025-les-journalistes-catholiques-dafrique-pour-une-intelligence-artificielle-ethique-et-humaine\/#primaryimage"},"thumbnailUrl":"https:\/\/lepatriotebenin.com\/wp-content\/uploads\/2025\/08\/ucaop.jpg","datePublished":"2025-08-21T14:25:47+00:00","author":{"@id":"https:\/\/lepatriotebenin.com\/#\/schema\/person\/2e7709b9c9cc313e452d1136af61690f"},"breadcrumb":{"@id":"https:\/\/lepatriotebenin.com\/index.php\/2025\/08\/21\/ucap-2025-les-journalistes-catholiques-dafrique-pour-une-intelligence-artificielle-ethique-et-humaine\/#breadcrumb"},"inLanguage":"fr-FR","potentialAction":[{"@type":"ReadAction","target":["https:\/\/lepatriotebenin.com\/index.php\/2025\/08\/21\/ucap-2025-les-journalistes-catholiques-dafrique-pour-une-intelligence-artificielle-ethique-et-humaine\/"]}]},{"@type":"ImageObject","inLanguage":"fr-FR","@id":"https:\/\/lepatriotebenin.com\/index.php\/2025\/08\/21\/ucap-2025-les-journalistes-catholiques-dafrique-pour-une-intelligence-artificielle-ethique-et-humaine\/#primaryimage","url":"https:\/\/lepatriotebenin.com\/wp-content\/uploads\/2025\/08\/ucaop.jpg","contentUrl":"https:\/\/lepatriotebenin.com\/wp-content\/uploads\/2025\/08\/ucaop.jpg","width":1080,"height":720},{"@type":"BreadcrumbList","@id":"https:\/\/lepatriotebenin.com\/index.php\/2025\/08\/21\/ucap-2025-les-journalistes-catholiques-dafrique-pour-une-intelligence-artificielle-ethique-et-humaine\/#breadcrumb","itemListElement":[{"@type":"ListItem","position":1,"name":"Accueil","item":"https:\/\/lepatriotebenin.com\/"},{"@type":"ListItem","position":2,"name":"UCAP 2025 : Les journalistes catholiques d\u2019Afrique pour une intelligence artificielle \u00e9thique et humaine"}]},{"@type":"WebSite","@id":"https:\/\/lepatriotebenin.com\/#website","url":"https:\/\/lepatriotebenin.com\/","name":"Le Patriote","description":"Le Patriote B\u00e9nin","potentialAction":[{"@type":"SearchAction","target":{"@type":"EntryPoint","urlTemplate":"https:\/\/lepatriotebenin.com\/?s={search_term_string}"},"query-input":{"@type":"PropertyValueSpecification","valueRequired":true,"valueName":"search_term_string"}}],"inLanguage":"fr-FR"},{"@type":"Person","@id":"https:\/\/lepatriotebenin.com\/#\/schema\/person\/2e7709b9c9cc313e452d1136af61690f","name":"Redaction","image":{"@type":"ImageObject","inLanguage":"fr-FR","@id":"https:\/\/secure.gravatar.com\/avatar\/c4c509357859ea2ca2cbb6d8812898a73e4ef1ef9934c2e591d7e32face734d1?s=96&d=mm&r=g","url":"https:\/\/secure.gravatar.com\/avatar\/c4c509357859ea2ca2cbb6d8812898a73e4ef1ef9934c2e591d7e32face734d1?s=96&d=mm&r=g","contentUrl":"https:\/\/secure.gravatar.com\/avatar\/c4c509357859ea2ca2cbb6d8812898a73e4ef1ef9934c2e591d7e32face734d1?s=96&d=mm&r=g","caption":"Redaction"},"url":"https:\/\/lepatriotebenin.com"}]}},"_links":{"self":[{"href":"https:\/\/lepatriotebenin.com\/index.php\/wp-json\/wp\/v2\/posts\/13218","targetHints":{"allow":["GET"]}}],"collection":[{"href":"https:\/\/lepatriotebenin.com\/index.php\/wp-json\/wp\/v2\/posts"}],"about":[{"href":"https:\/\/lepatriotebenin.com\/index.php\/wp-json\/wp\/v2\/types\/post"}],"author":[{"embeddable":true,"href":"https:\/\/lepatriotebenin.com\/index.php\/wp-json\/wp\/v2\/users\/5"}],"replies":[{"embeddable":true,"href":"https:\/\/lepatriotebenin.com\/index.php\/wp-json\/wp\/v2\/comments?post=13218"}],"version-history":[{"count":1,"href":"https:\/\/lepatriotebenin.com\/index.php\/wp-json\/wp\/v2\/posts\/13218\/revisions"}],"predecessor-version":[{"id":13220,"href":"https:\/\/lepatriotebenin.com\/index.php\/wp-json\/wp\/v2\/posts\/13218\/revisions\/13220"}],"wp:featuredmedia":[{"embeddable":true,"href":"https:\/\/lepatriotebenin.com\/index.php\/wp-json\/wp\/v2\/media\/13219"}],"wp:attachment":[{"href":"https:\/\/lepatriotebenin.com\/index.php\/wp-json\/wp\/v2\/media?parent=13218"}],"wp:term":[{"taxonomy":"category","embeddable":true,"href":"https:\/\/lepatriotebenin.com\/index.php\/wp-json\/wp\/v2\/categories?post=13218"},{"taxonomy":"post_tag","embeddable":true,"href":"https:\/\/lepatriotebenin.com\/index.php\/wp-json\/wp\/v2\/tags?post=13218"}],"curies":[{"name":"wp","href":"https:\/\/api.w.org\/{rel}","templated":true}]}}