{"id":13215,"date":"2025-08-21T15:50:28","date_gmt":"2025-08-21T13:50:28","guid":{"rendered":"https:\/\/lepatriotebenin.com\/?p=13215"},"modified":"2025-08-21T16:01:28","modified_gmt":"2025-08-21T14:01:28","slug":"benin-tv-alafia-inquietudes-autour-de-lexclusion-de-la-langue-gun","status":"publish","type":"post","link":"https:\/\/lepatriotebenin.com\/index.php\/2025\/08\/21\/benin-tv-alafia-inquietudes-autour-de-lexclusion-de-la-langue-gun\/","title":{"rendered":"B\u00e9nin TV Alafia : inqui\u00e9tudes autour de l\u2019exclusion de la langue \u00ab Gun \u00bb"},"content":{"rendered":"<p><strong><em>L\u2019annonce de la cr\u00e9ation d\u2019une cha\u00eene de t\u00e9l\u00e9vision publique d\u00e9di\u00e9e aux langues nationales, faite en novembre 2023, avait suscit\u00e9 un grand enthousiasme au sein de la population b\u00e9ninoise. Cette cha\u00eene, baptis\u00e9e *B\u00e9nin TV Alafia, devait compl\u00e9ter l\u2019offre de **Radio B\u00e9nin Alafia*, dans une dynamique de valorisation culturelle et de promotion des langues nationales.<\/em><\/strong><\/p>\n<p>Le <strong>26 juin 2024,<\/strong> le gouvernement a confi\u00e9 \u00e0 une soci\u00e9t\u00e9 sp\u00e9cialis\u00e9e l\u2019\u00e9laboration d\u2019un plan d\u2019action et d\u2019un chronogramme de mise en \u0153uvre allant jusqu\u2019au lancement effectif de la cha\u00eene. La mission portait sur le recrutement, la formation des \u00e9quipes et la mise en place du mod\u00e8le d\u2019exploitation, sans remettre en cause l\u2019atlas linguistique d\u00e9j\u00e0 \u00e9tabli depuis plusieurs ann\u00e9es et largement accept\u00e9 par les populations.<\/p>\n<p><strong>La SRTB, un pionnier de la diffusion en langues nationales<\/strong><\/p>\n<p>Depuis ses d\u00e9buts, l\u2019ex-ORTB (aujourd\u2019hui *SRTB*) a \u00e9t\u00e9 un outil d\u2019information publique de r\u00e9f\u00e9rence, notamment gr\u00e2ce \u00e0 la diversit\u00e9 de ses programmes en langues nationales.<\/p>\n<p>\u00c0 la t\u00e9l\u00e9vision, une dizaine de langues y sont diffus\u00e9es, parmi lesquelles le *Ditammari, le Baatonum, le Dendi, le Yoruba, le Gun, le Fon, le Mina et le Fulfuld\u00e9. \u00c0 la radio, d\u2019autres langues comme le Yom, le Nateni, le Biali, le Tem, le Waama, l\u2019Anii, le Lokpa, le Boo, l\u2019Adja et le Sahou\u00e8 compl\u00e8tent l\u2019offre linguistique. Cette exp\u00e9rience fait de la SRTB un v\u00e9ritable <strong>**label de r\u00e9f\u00e9rence<\/strong>* en mati\u00e8re de production et de diffusion en langues nationales.<\/p>\n<p><strong>Une proposition contest\u00e9e<\/strong><\/p>\n<p>En f\u00e9vrier 2025, les experts mandat\u00e9s ont rencontr\u00e9 les journalistes de ces diff\u00e9rentes r\u00e9dactions linguistiques. Leur premi\u00e8re proposition consistait en une grille de programmes verticale, avec une langue par jour et par semaine. Cette option a imm\u00e9diatement soulev\u00e9 des critiques, car elle excluait les communaut\u00e9s linguistiques de l\u2019information pendant plusieurs jours, remettant en cause un principe fondamental du journalisme : *l\u2019information est une denr\u00e9e p\u00e9rissable*. Face aux contestations, les experts ont r\u00e9vis\u00e9 leur copie et propos\u00e9 une alternance des langues dans les programmes d\u2019information.<\/p>\n<p>Cependant, une autre d\u00e9cision a choqu\u00e9 : *le retrait de la langue Gun des programmes de B\u00e9nin TV Alafia*. Ce choix remet en cause l\u2019atlas linguistique valid\u00e9 sur la base des r\u00e9alit\u00e9s historiques, culturelles et sociales du pays.<\/p>\n<p><strong><em>Pourquoi le Gun ne peut \u00eatre exclu<\/em><\/strong><\/p>\n<p>Le Gun, parl\u00e9 par environ <strong>6 % <\/strong>de la population b\u00e9ninoise* selon le <strong>RGPH 4,<\/strong> est \u00e9galement class\u00e9 parmi les 50 langues les plus parl\u00e9es au Nigeria, o\u00f9 il est pr\u00e9sent sur plusieurs cha\u00eenes nationales et priv\u00e9es. Il constitue donc un *pont linguistique et culturel* entre le B\u00e9nin, le Nigeria et la diaspora.<\/p>\n<p>Historiquement, le Gun (issu du Alladagb\u00e9) est la *premi\u00e8re langue b\u00e9ninoise dans laquelle la Bible a \u00e9t\u00e9 traduite* par les missionnaires m\u00e9thodistes au Nigeria. Il reste une langue d\u2019\u00e9vang\u00e9lisation majeure dans le sud et le centre du B\u00e9nin. Dans le domaine religieux, il occupe une place centrale, notamment au sein de l\u2019*\u00c9glise du Christianisme C\u00e9leste (ECC)*, n\u00e9e au B\u00e9nin.<\/p>\n<p>Sur le plan culturel, Porto-Novo, capitale politique et berceau de la culture Gun, abrite le *Festival international des masques*, l\u2019un des \u00e9v\u00e9nements les plus embl\u00e9matiques du continent. Supprimer le Gun de B\u00e9nin TV Alafia revient \u00e0 marginaliser une culture qui contribue \u00e0 l\u2019identit\u00e9 nationale et \u00e0 la coh\u00e9sion sociale.<\/p>\n<p><strong>Un choix aux cons\u00e9quences politiques et sociales<\/strong><\/p>\n<p>L\u2019exclusion du Gun risque de fragiliser les r\u00e9formes men\u00e9es par le pr\u00e9sident Patrice Talon dans le secteur des m\u00e9dias publics et d\u2019\u00eatre per\u00e7ue comme un *acte de sabotage* du processus de r\u00e9conciliation et de coh\u00e9sion nationale qu\u2019il pr\u00f4ne. Elle pourrait aussi nuire \u00e0 l\u2019image du B\u00e9nin sur le plan international, au moment o\u00f9 le pays mise sur le tourisme culturel et le retour des Afro-descendants.<\/p>\n<p>Le B\u00e9nin a pourtant montr\u00e9, \u00e0 travers le PAG, sa volont\u00e9 de pr\u00e9server et de valoriser son patrimoine culturel. \u00c0 l\u2019image du Burkina Faso, o\u00f9 la *RTB 3* diffuse en une quinzaine de langues, B\u00e9nin TV Alafia devrait \u00e9largir son offre linguistique, int\u00e9grer les grandes langues nationales (Fon, Gun, Adja, Yoruba\u2026) et ouvrir ses programmes aux langues minoritaires.<\/p>\n<p><strong>Un appel \u00e0 rectifier le tir<\/strong><\/p>\n<p>Il ne suffit pas d\u2019avoir une expertise technique ou acad\u00e9mique pour comprendre les r\u00e9alit\u00e9s linguistiques et culturelles du B\u00e9nin. Les choix op\u00e9r\u00e9s par les experts apparaissent d\u00e9connect\u00e9s des attentes des populations et des objectifs du gouvernement.<\/p>\n<p>Le pr\u00e9sident Patrice Talon est donc *interpell\u00e9 pour corriger cette erreur* avant le lancement officiel de la cha\u00eene, afin que *B\u00e9nin TV Alafia reste fid\u00e8le \u00e0 sa mission : \u00eatre un outil de coh\u00e9sion nationale, de valorisation culturelle et d\u2019inclusion linguistique.*<\/p>\n<p>&nbsp;<\/p>\n<p><strong>Fr\u00e9d\u00e9ric D.<\/strong><\/p>\n<p>&nbsp;<\/p>\n<p>&nbsp;<\/p>\n<p>&nbsp;<\/p>\n","protected":false},"excerpt":{"rendered":"<p>L\u2019annonce de la cr\u00e9ation d\u2019une cha\u00eene de t\u00e9l\u00e9vision publique d\u00e9di\u00e9e aux langues nationales, faite en novembre 2023, avait suscit\u00e9 un grand enthousiasme au sein de la population b\u00e9ninoise. Cette cha\u00eene,&hellip;<\/p>\n","protected":false},"author":5,"featured_media":13216,"comment_status":"open","ping_status":"open","sticky":false,"template":"","format":"standard","meta":{"content-type":"","om_disable_all_campaigns":false,"_monsterinsights_skip_tracking":false,"_monsterinsights_sitenote_active":false,"_monsterinsights_sitenote_note":"","_monsterinsights_sitenote_category":0,"_uf_show_specific_survey":0,"_uf_disable_surveys":false,"footnotes":""},"categories":[20],"tags":[],"class_list":["post-13215","post","type-post","status-publish","format-standard","has-post-thumbnail","hentry","category-societe"],"aioseo_notices":[],"yoast_head":"<!-- This site is optimized with the Yoast SEO plugin v27.5 - https:\/\/yoast.com\/product\/yoast-seo-wordpress\/ -->\n<title>B\u00e9nin TV Alafia : inqui\u00e9tudes autour de l\u2019exclusion de la langue \u00ab Gun \u00bb - Le Patriote<\/title>\n<meta name=\"robots\" content=\"index, follow, max-snippet:-1, max-image-preview:large, max-video-preview:-1\" \/>\n<link rel=\"canonical\" href=\"https:\/\/lepatriotebenin.com\/index.php\/2025\/08\/21\/benin-tv-alafia-inquietudes-autour-de-lexclusion-de-la-langue-gun\/\" \/>\n<meta property=\"og:locale\" content=\"fr_FR\" \/>\n<meta property=\"og:type\" content=\"article\" \/>\n<meta property=\"og:title\" content=\"B\u00e9nin TV Alafia : inqui\u00e9tudes autour de l\u2019exclusion de la langue \u00ab Gun \u00bb - Le Patriote\" \/>\n<meta property=\"og:description\" content=\"L\u2019annonce de la cr\u00e9ation d\u2019une cha\u00eene de t\u00e9l\u00e9vision publique d\u00e9di\u00e9e aux langues nationales, faite en novembre 2023, avait suscit\u00e9 un grand enthousiasme au sein de la population b\u00e9ninoise. Cette cha\u00eene,&hellip;\" \/>\n<meta property=\"og:url\" content=\"https:\/\/lepatriotebenin.com\/index.php\/2025\/08\/21\/benin-tv-alafia-inquietudes-autour-de-lexclusion-de-la-langue-gun\/\" \/>\n<meta property=\"og:site_name\" content=\"Le Patriote\" \/>\n<meta property=\"article:published_time\" content=\"2025-08-21T13:50:28+00:00\" \/>\n<meta property=\"article:modified_time\" content=\"2025-08-21T14:01:28+00:00\" \/>\n<meta property=\"og:image\" content=\"https:\/\/lepatriotebenin.com\/wp-content\/uploads\/2025\/08\/benin-tv-alafia.jpg\" \/>\n\t<meta property=\"og:image:width\" content=\"475\" \/>\n\t<meta property=\"og:image:height\" content=\"475\" \/>\n\t<meta property=\"og:image:type\" content=\"image\/jpeg\" \/>\n<meta name=\"author\" content=\"Redaction\" \/>\n<meta name=\"twitter:card\" content=\"summary_large_image\" \/>\n<meta name=\"twitter:label1\" content=\"\u00c9crit par\" \/>\n\t<meta name=\"twitter:data1\" content=\"Redaction\" \/>\n\t<meta name=\"twitter:label2\" content=\"Dur\u00e9e de lecture estim\u00e9e\" \/>\n\t<meta name=\"twitter:data2\" content=\"4 minutes\" \/>\n<script type=\"application\/ld+json\" class=\"yoast-schema-graph\">{\"@context\":\"https:\\\/\\\/schema.org\",\"@graph\":[{\"@type\":\"Article\",\"@id\":\"https:\\\/\\\/lepatriotebenin.com\\\/index.php\\\/2025\\\/08\\\/21\\\/benin-tv-alafia-inquietudes-autour-de-lexclusion-de-la-langue-gun\\\/#article\",\"isPartOf\":{\"@id\":\"https:\\\/\\\/lepatriotebenin.com\\\/index.php\\\/2025\\\/08\\\/21\\\/benin-tv-alafia-inquietudes-autour-de-lexclusion-de-la-langue-gun\\\/\"},\"author\":{\"name\":\"Redaction\",\"@id\":\"https:\\\/\\\/lepatriotebenin.com\\\/#\\\/schema\\\/person\\\/2e7709b9c9cc313e452d1136af61690f\"},\"headline\":\"B\u00e9nin TV Alafia : inqui\u00e9tudes autour de l\u2019exclusion de la langue \u00ab Gun \u00bb\",\"datePublished\":\"2025-08-21T13:50:28+00:00\",\"dateModified\":\"2025-08-21T14:01:28+00:00\",\"mainEntityOfPage\":{\"@id\":\"https:\\\/\\\/lepatriotebenin.com\\\/index.php\\\/2025\\\/08\\\/21\\\/benin-tv-alafia-inquietudes-autour-de-lexclusion-de-la-langue-gun\\\/\"},\"wordCount\":859,\"commentCount\":0,\"image\":{\"@id\":\"https:\\\/\\\/lepatriotebenin.com\\\/index.php\\\/2025\\\/08\\\/21\\\/benin-tv-alafia-inquietudes-autour-de-lexclusion-de-la-langue-gun\\\/#primaryimage\"},\"thumbnailUrl\":\"https:\\\/\\\/lepatriotebenin.com\\\/wp-content\\\/uploads\\\/2025\\\/08\\\/benin-tv-alafia.jpg\",\"articleSection\":[\"Soci\u00e9t\u00e9\"],\"inLanguage\":\"fr-FR\",\"potentialAction\":[{\"@type\":\"CommentAction\",\"name\":\"Comment\",\"target\":[\"https:\\\/\\\/lepatriotebenin.com\\\/index.php\\\/2025\\\/08\\\/21\\\/benin-tv-alafia-inquietudes-autour-de-lexclusion-de-la-langue-gun\\\/#respond\"]}]},{\"@type\":\"WebPage\",\"@id\":\"https:\\\/\\\/lepatriotebenin.com\\\/index.php\\\/2025\\\/08\\\/21\\\/benin-tv-alafia-inquietudes-autour-de-lexclusion-de-la-langue-gun\\\/\",\"url\":\"https:\\\/\\\/lepatriotebenin.com\\\/index.php\\\/2025\\\/08\\\/21\\\/benin-tv-alafia-inquietudes-autour-de-lexclusion-de-la-langue-gun\\\/\",\"name\":\"B\u00e9nin TV Alafia : inqui\u00e9tudes autour de l\u2019exclusion de la langue \u00ab Gun \u00bb - Le Patriote\",\"isPartOf\":{\"@id\":\"https:\\\/\\\/lepatriotebenin.com\\\/#website\"},\"primaryImageOfPage\":{\"@id\":\"https:\\\/\\\/lepatriotebenin.com\\\/index.php\\\/2025\\\/08\\\/21\\\/benin-tv-alafia-inquietudes-autour-de-lexclusion-de-la-langue-gun\\\/#primaryimage\"},\"image\":{\"@id\":\"https:\\\/\\\/lepatriotebenin.com\\\/index.php\\\/2025\\\/08\\\/21\\\/benin-tv-alafia-inquietudes-autour-de-lexclusion-de-la-langue-gun\\\/#primaryimage\"},\"thumbnailUrl\":\"https:\\\/\\\/lepatriotebenin.com\\\/wp-content\\\/uploads\\\/2025\\\/08\\\/benin-tv-alafia.jpg\",\"datePublished\":\"2025-08-21T13:50:28+00:00\",\"dateModified\":\"2025-08-21T14:01:28+00:00\",\"author\":{\"@id\":\"https:\\\/\\\/lepatriotebenin.com\\\/#\\\/schema\\\/person\\\/2e7709b9c9cc313e452d1136af61690f\"},\"breadcrumb\":{\"@id\":\"https:\\\/\\\/lepatriotebenin.com\\\/index.php\\\/2025\\\/08\\\/21\\\/benin-tv-alafia-inquietudes-autour-de-lexclusion-de-la-langue-gun\\\/#breadcrumb\"},\"inLanguage\":\"fr-FR\",\"potentialAction\":[{\"@type\":\"ReadAction\",\"target\":[\"https:\\\/\\\/lepatriotebenin.com\\\/index.php\\\/2025\\\/08\\\/21\\\/benin-tv-alafia-inquietudes-autour-de-lexclusion-de-la-langue-gun\\\/\"]}]},{\"@type\":\"ImageObject\",\"inLanguage\":\"fr-FR\",\"@id\":\"https:\\\/\\\/lepatriotebenin.com\\\/index.php\\\/2025\\\/08\\\/21\\\/benin-tv-alafia-inquietudes-autour-de-lexclusion-de-la-langue-gun\\\/#primaryimage\",\"url\":\"https:\\\/\\\/lepatriotebenin.com\\\/wp-content\\\/uploads\\\/2025\\\/08\\\/benin-tv-alafia.jpg\",\"contentUrl\":\"https:\\\/\\\/lepatriotebenin.com\\\/wp-content\\\/uploads\\\/2025\\\/08\\\/benin-tv-alafia.jpg\",\"width\":475,\"height\":475},{\"@type\":\"BreadcrumbList\",\"@id\":\"https:\\\/\\\/lepatriotebenin.com\\\/index.php\\\/2025\\\/08\\\/21\\\/benin-tv-alafia-inquietudes-autour-de-lexclusion-de-la-langue-gun\\\/#breadcrumb\",\"itemListElement\":[{\"@type\":\"ListItem\",\"position\":1,\"name\":\"Accueil\",\"item\":\"https:\\\/\\\/lepatriotebenin.com\\\/\"},{\"@type\":\"ListItem\",\"position\":2,\"name\":\"B\u00e9nin TV Alafia : inqui\u00e9tudes autour de l\u2019exclusion de la langue \u00ab Gun \u00bb\"}]},{\"@type\":\"WebSite\",\"@id\":\"https:\\\/\\\/lepatriotebenin.com\\\/#website\",\"url\":\"https:\\\/\\\/lepatriotebenin.com\\\/\",\"name\":\"Le Patriote\",\"description\":\"Le Patriote B\u00e9nin\",\"potentialAction\":[{\"@type\":\"SearchAction\",\"target\":{\"@type\":\"EntryPoint\",\"urlTemplate\":\"https:\\\/\\\/lepatriotebenin.com\\\/?s={search_term_string}\"},\"query-input\":{\"@type\":\"PropertyValueSpecification\",\"valueRequired\":true,\"valueName\":\"search_term_string\"}}],\"inLanguage\":\"fr-FR\"},{\"@type\":\"Person\",\"@id\":\"https:\\\/\\\/lepatriotebenin.com\\\/#\\\/schema\\\/person\\\/2e7709b9c9cc313e452d1136af61690f\",\"name\":\"Redaction\",\"image\":{\"@type\":\"ImageObject\",\"inLanguage\":\"fr-FR\",\"@id\":\"https:\\\/\\\/secure.gravatar.com\\\/avatar\\\/c4c509357859ea2ca2cbb6d8812898a73e4ef1ef9934c2e591d7e32face734d1?s=96&d=mm&r=g\",\"url\":\"https:\\\/\\\/secure.gravatar.com\\\/avatar\\\/c4c509357859ea2ca2cbb6d8812898a73e4ef1ef9934c2e591d7e32face734d1?s=96&d=mm&r=g\",\"contentUrl\":\"https:\\\/\\\/secure.gravatar.com\\\/avatar\\\/c4c509357859ea2ca2cbb6d8812898a73e4ef1ef9934c2e591d7e32face734d1?s=96&d=mm&r=g\",\"caption\":\"Redaction\"},\"url\":\"https:\\\/\\\/lepatriotebenin.com\"}]}<\/script>\n<!-- \/ Yoast SEO plugin. -->","yoast_head_json":{"title":"B\u00e9nin TV Alafia : inqui\u00e9tudes autour de l\u2019exclusion de la langue \u00ab Gun \u00bb - Le Patriote","robots":{"index":"index","follow":"follow","max-snippet":"max-snippet:-1","max-image-preview":"max-image-preview:large","max-video-preview":"max-video-preview:-1"},"canonical":"https:\/\/lepatriotebenin.com\/index.php\/2025\/08\/21\/benin-tv-alafia-inquietudes-autour-de-lexclusion-de-la-langue-gun\/","og_locale":"fr_FR","og_type":"article","og_title":"B\u00e9nin TV Alafia : inqui\u00e9tudes autour de l\u2019exclusion de la langue \u00ab Gun \u00bb - Le Patriote","og_description":"L\u2019annonce de la cr\u00e9ation d\u2019une cha\u00eene de t\u00e9l\u00e9vision publique d\u00e9di\u00e9e aux langues nationales, faite en novembre 2023, avait suscit\u00e9 un grand enthousiasme au sein de la population b\u00e9ninoise. Cette cha\u00eene,&hellip;","og_url":"https:\/\/lepatriotebenin.com\/index.php\/2025\/08\/21\/benin-tv-alafia-inquietudes-autour-de-lexclusion-de-la-langue-gun\/","og_site_name":"Le Patriote","article_published_time":"2025-08-21T13:50:28+00:00","article_modified_time":"2025-08-21T14:01:28+00:00","og_image":[{"width":475,"height":475,"url":"https:\/\/lepatriotebenin.com\/wp-content\/uploads\/2025\/08\/benin-tv-alafia.jpg","type":"image\/jpeg"}],"author":"Redaction","twitter_card":"summary_large_image","twitter_misc":{"\u00c9crit par":"Redaction","Dur\u00e9e de lecture estim\u00e9e":"4 minutes"},"schema":{"@context":"https:\/\/schema.org","@graph":[{"@type":"Article","@id":"https:\/\/lepatriotebenin.com\/index.php\/2025\/08\/21\/benin-tv-alafia-inquietudes-autour-de-lexclusion-de-la-langue-gun\/#article","isPartOf":{"@id":"https:\/\/lepatriotebenin.com\/index.php\/2025\/08\/21\/benin-tv-alafia-inquietudes-autour-de-lexclusion-de-la-langue-gun\/"},"author":{"name":"Redaction","@id":"https:\/\/lepatriotebenin.com\/#\/schema\/person\/2e7709b9c9cc313e452d1136af61690f"},"headline":"B\u00e9nin TV Alafia : inqui\u00e9tudes autour de l\u2019exclusion de la langue \u00ab Gun \u00bb","datePublished":"2025-08-21T13:50:28+00:00","dateModified":"2025-08-21T14:01:28+00:00","mainEntityOfPage":{"@id":"https:\/\/lepatriotebenin.com\/index.php\/2025\/08\/21\/benin-tv-alafia-inquietudes-autour-de-lexclusion-de-la-langue-gun\/"},"wordCount":859,"commentCount":0,"image":{"@id":"https:\/\/lepatriotebenin.com\/index.php\/2025\/08\/21\/benin-tv-alafia-inquietudes-autour-de-lexclusion-de-la-langue-gun\/#primaryimage"},"thumbnailUrl":"https:\/\/lepatriotebenin.com\/wp-content\/uploads\/2025\/08\/benin-tv-alafia.jpg","articleSection":["Soci\u00e9t\u00e9"],"inLanguage":"fr-FR","potentialAction":[{"@type":"CommentAction","name":"Comment","target":["https:\/\/lepatriotebenin.com\/index.php\/2025\/08\/21\/benin-tv-alafia-inquietudes-autour-de-lexclusion-de-la-langue-gun\/#respond"]}]},{"@type":"WebPage","@id":"https:\/\/lepatriotebenin.com\/index.php\/2025\/08\/21\/benin-tv-alafia-inquietudes-autour-de-lexclusion-de-la-langue-gun\/","url":"https:\/\/lepatriotebenin.com\/index.php\/2025\/08\/21\/benin-tv-alafia-inquietudes-autour-de-lexclusion-de-la-langue-gun\/","name":"B\u00e9nin TV Alafia : inqui\u00e9tudes autour de l\u2019exclusion de la langue \u00ab Gun \u00bb - Le Patriote","isPartOf":{"@id":"https:\/\/lepatriotebenin.com\/#website"},"primaryImageOfPage":{"@id":"https:\/\/lepatriotebenin.com\/index.php\/2025\/08\/21\/benin-tv-alafia-inquietudes-autour-de-lexclusion-de-la-langue-gun\/#primaryimage"},"image":{"@id":"https:\/\/lepatriotebenin.com\/index.php\/2025\/08\/21\/benin-tv-alafia-inquietudes-autour-de-lexclusion-de-la-langue-gun\/#primaryimage"},"thumbnailUrl":"https:\/\/lepatriotebenin.com\/wp-content\/uploads\/2025\/08\/benin-tv-alafia.jpg","datePublished":"2025-08-21T13:50:28+00:00","dateModified":"2025-08-21T14:01:28+00:00","author":{"@id":"https:\/\/lepatriotebenin.com\/#\/schema\/person\/2e7709b9c9cc313e452d1136af61690f"},"breadcrumb":{"@id":"https:\/\/lepatriotebenin.com\/index.php\/2025\/08\/21\/benin-tv-alafia-inquietudes-autour-de-lexclusion-de-la-langue-gun\/#breadcrumb"},"inLanguage":"fr-FR","potentialAction":[{"@type":"ReadAction","target":["https:\/\/lepatriotebenin.com\/index.php\/2025\/08\/21\/benin-tv-alafia-inquietudes-autour-de-lexclusion-de-la-langue-gun\/"]}]},{"@type":"ImageObject","inLanguage":"fr-FR","@id":"https:\/\/lepatriotebenin.com\/index.php\/2025\/08\/21\/benin-tv-alafia-inquietudes-autour-de-lexclusion-de-la-langue-gun\/#primaryimage","url":"https:\/\/lepatriotebenin.com\/wp-content\/uploads\/2025\/08\/benin-tv-alafia.jpg","contentUrl":"https:\/\/lepatriotebenin.com\/wp-content\/uploads\/2025\/08\/benin-tv-alafia.jpg","width":475,"height":475},{"@type":"BreadcrumbList","@id":"https:\/\/lepatriotebenin.com\/index.php\/2025\/08\/21\/benin-tv-alafia-inquietudes-autour-de-lexclusion-de-la-langue-gun\/#breadcrumb","itemListElement":[{"@type":"ListItem","position":1,"name":"Accueil","item":"https:\/\/lepatriotebenin.com\/"},{"@type":"ListItem","position":2,"name":"B\u00e9nin TV Alafia : inqui\u00e9tudes autour de l\u2019exclusion de la langue \u00ab Gun \u00bb"}]},{"@type":"WebSite","@id":"https:\/\/lepatriotebenin.com\/#website","url":"https:\/\/lepatriotebenin.com\/","name":"Le Patriote","description":"Le Patriote B\u00e9nin","potentialAction":[{"@type":"SearchAction","target":{"@type":"EntryPoint","urlTemplate":"https:\/\/lepatriotebenin.com\/?s={search_term_string}"},"query-input":{"@type":"PropertyValueSpecification","valueRequired":true,"valueName":"search_term_string"}}],"inLanguage":"fr-FR"},{"@type":"Person","@id":"https:\/\/lepatriotebenin.com\/#\/schema\/person\/2e7709b9c9cc313e452d1136af61690f","name":"Redaction","image":{"@type":"ImageObject","inLanguage":"fr-FR","@id":"https:\/\/secure.gravatar.com\/avatar\/c4c509357859ea2ca2cbb6d8812898a73e4ef1ef9934c2e591d7e32face734d1?s=96&d=mm&r=g","url":"https:\/\/secure.gravatar.com\/avatar\/c4c509357859ea2ca2cbb6d8812898a73e4ef1ef9934c2e591d7e32face734d1?s=96&d=mm&r=g","contentUrl":"https:\/\/secure.gravatar.com\/avatar\/c4c509357859ea2ca2cbb6d8812898a73e4ef1ef9934c2e591d7e32face734d1?s=96&d=mm&r=g","caption":"Redaction"},"url":"https:\/\/lepatriotebenin.com"}]}},"_links":{"self":[{"href":"https:\/\/lepatriotebenin.com\/index.php\/wp-json\/wp\/v2\/posts\/13215","targetHints":{"allow":["GET"]}}],"collection":[{"href":"https:\/\/lepatriotebenin.com\/index.php\/wp-json\/wp\/v2\/posts"}],"about":[{"href":"https:\/\/lepatriotebenin.com\/index.php\/wp-json\/wp\/v2\/types\/post"}],"author":[{"embeddable":true,"href":"https:\/\/lepatriotebenin.com\/index.php\/wp-json\/wp\/v2\/users\/5"}],"replies":[{"embeddable":true,"href":"https:\/\/lepatriotebenin.com\/index.php\/wp-json\/wp\/v2\/comments?post=13215"}],"version-history":[{"count":1,"href":"https:\/\/lepatriotebenin.com\/index.php\/wp-json\/wp\/v2\/posts\/13215\/revisions"}],"predecessor-version":[{"id":13217,"href":"https:\/\/lepatriotebenin.com\/index.php\/wp-json\/wp\/v2\/posts\/13215\/revisions\/13217"}],"wp:featuredmedia":[{"embeddable":true,"href":"https:\/\/lepatriotebenin.com\/index.php\/wp-json\/wp\/v2\/media\/13216"}],"wp:attachment":[{"href":"https:\/\/lepatriotebenin.com\/index.php\/wp-json\/wp\/v2\/media?parent=13215"}],"wp:term":[{"taxonomy":"category","embeddable":true,"href":"https:\/\/lepatriotebenin.com\/index.php\/wp-json\/wp\/v2\/categories?post=13215"},{"taxonomy":"post_tag","embeddable":true,"href":"https:\/\/lepatriotebenin.com\/index.php\/wp-json\/wp\/v2\/tags?post=13215"}],"curies":[{"name":"wp","href":"https:\/\/api.w.org\/{rel}","templated":true}]}}