{"id":13212,"date":"2025-08-21T12:00:14","date_gmt":"2025-08-21T10:00:14","guid":{"rendered":"https:\/\/lepatriotebenin.com\/?p=13212"},"modified":"2025-08-21T12:00:14","modified_gmt":"2025-08-21T10:00:14","slug":"dedommagement-de-occupants-de-la-berge-est-a-cotonou-110-familles-soulagees-528-encore-en-attente","status":"publish","type":"post","link":"https:\/\/lepatriotebenin.com\/index.php\/2025\/08\/21\/dedommagement-de-occupants-de-la-berge-est-a-cotonou-110-familles-soulagees-528-encore-en-attente\/","title":{"rendered":"D\u00e9dommagement de occupants de la Berge-Est \u00e0 Cotonou : 110 familles soulag\u00e9es, 528 encore en attente"},"content":{"rendered":"<p><strong><em>La remise des ch\u00e8ques aux occupants de la Berge-Est de la lagune a d\u00e9marr\u00e9. 110 m\u00e9nages sur 638 ont d\u00e9j\u00e0 per\u00e7u des montants variant de 200 000 \u00e0 3 000 000 FCFA, dans le cadre d\u2019un programme global estim\u00e9 \u00e0 pr\u00e8s d\u2019un milliard. C&rsquo;\u00e9tait ce mercredi 20 ao\u00fbt 2025 sur le site du Yacht Club de tennis \u00e0 Akpakpa que l\u2019Agence nationale du domaine et du foncier (ANDF) a remis symboliquement les ch\u00e8ques conform\u00e9ment \u00e0 l\u2019autorisation du Conseil des ministres en date du 30 juillet 2025. <\/em><\/strong><\/p>\n<p>Les 638 m\u00e9nages recens\u00e9s entre <strong>Abokicodji et Agbato<\/strong> ont commenc\u00e9 par recevoir leurs ch\u00e8ques. Pour cette premi\u00e8re \u00e9tape, 110 b\u00e9n\u00e9ficiaires, ayant fourni les pi\u00e8ces requises ont d\u00e9j\u00e0 re\u00e7u leurs ch\u00e8ques. Les montants attribu\u00e9s vont de 200 000 FCFA (pour les structures pr\u00e9caires) \u00e0 3 000 000 FCFA (pour les constructions plus durables) .<\/p>\n<p>La c\u00e9r\u00e9monie a r\u00e9uni des personnalit\u00e9s comme Ghislain Hounnon, directeur G\u00e9n\u00e9ral du D\u00e9veloppement Urbain, repr\u00e9sentant le minist\u00e8re du Cadre de vie et \u00a0Moussa-Fils Djibril Akambi, Directeur G\u00e9n\u00e9ral Adjoint de l\u2019ANDF, ainsi que les responsables des quartiers et arrondissements concern\u00e9s. Outre l\u2019indemnisation, ce projet ambitieux comprend des travaux d\u2019am\u00e9nagement. Il s&rsquo;agit notamment de l&rsquo;installation de lampadaires solaires, de l&rsquo;assainissement, du remblaiement et des infrastructures destin\u00e9es \u00e0 renforcer l\u2019attrait touristique de la zone.<\/p>\n<p>Si la remise de ces 110 ch\u00e8ques marque un soulagement pour les familles concern\u00e9es, il reste encore 528 m\u00e9nages en attente de leur indemnisation. Pour apaiser les inqui\u00e9tudes et maintenir la confiance, il sera crucial que l\u2019\u00c9tat acc\u00e9l\u00e8re le processus afin que chacun re\u00e7oive son d\u00fb.<\/p>\n<p><strong>Gildas AHOGNI<\/strong><\/p>\n","protected":false},"excerpt":{"rendered":"<p>La remise des ch\u00e8ques aux occupants de la Berge-Est de la lagune a d\u00e9marr\u00e9. 110 m\u00e9nages sur 638 ont d\u00e9j\u00e0 per\u00e7u des montants variant de 200 000 \u00e0 3 000&hellip;<\/p>\n","protected":false},"author":5,"featured_media":13213,"comment_status":"open","ping_status":"open","sticky":false,"template":"","format":"standard","meta":{"content-type":"","om_disable_all_campaigns":false,"_monsterinsights_skip_tracking":false,"_monsterinsights_sitenote_active":false,"_monsterinsights_sitenote_note":"","_monsterinsights_sitenote_category":0,"_uf_show_specific_survey":0,"_uf_disable_surveys":false,"footnotes":""},"categories":[20],"tags":[],"class_list":["post-13212","post","type-post","status-publish","format-standard","has-post-thumbnail","hentry","category-societe"],"aioseo_notices":[],"yoast_head":"<!-- This site is optimized with the Yoast SEO plugin v27.5 - https:\/\/yoast.com\/product\/yoast-seo-wordpress\/ -->\n<title>D\u00e9dommagement de occupants de la Berge-Est \u00e0 Cotonou : 110 familles soulag\u00e9es, 528 encore en attente - Le Patriote<\/title>\n<meta name=\"robots\" content=\"index, follow, max-snippet:-1, max-image-preview:large, max-video-preview:-1\" \/>\n<link rel=\"canonical\" href=\"https:\/\/lepatriotebenin.com\/index.php\/2025\/08\/21\/dedommagement-de-occupants-de-la-berge-est-a-cotonou-110-familles-soulagees-528-encore-en-attente\/\" \/>\n<meta property=\"og:locale\" content=\"fr_FR\" \/>\n<meta property=\"og:type\" content=\"article\" \/>\n<meta property=\"og:title\" content=\"D\u00e9dommagement de occupants de la Berge-Est \u00e0 Cotonou : 110 familles soulag\u00e9es, 528 encore en attente - Le Patriote\" \/>\n<meta property=\"og:description\" content=\"La remise des ch\u00e8ques aux occupants de la Berge-Est de la lagune a d\u00e9marr\u00e9. 110 m\u00e9nages sur 638 ont d\u00e9j\u00e0 per\u00e7u des montants variant de 200 000 \u00e0 3 000&hellip;\" \/>\n<meta property=\"og:url\" content=\"https:\/\/lepatriotebenin.com\/index.php\/2025\/08\/21\/dedommagement-de-occupants-de-la-berge-est-a-cotonou-110-familles-soulagees-528-encore-en-attente\/\" \/>\n<meta property=\"og:site_name\" content=\"Le Patriote\" \/>\n<meta property=\"article:published_time\" content=\"2025-08-21T10:00:14+00:00\" \/>\n<meta property=\"og:image\" content=\"https:\/\/lepatriotebenin.com\/wp-content\/uploads\/2025\/08\/dedommagement.jpeg\" \/>\n\t<meta property=\"og:image:width\" content=\"500\" \/>\n\t<meta property=\"og:image:height\" content=\"261\" \/>\n\t<meta property=\"og:image:type\" content=\"image\/jpeg\" \/>\n<meta name=\"author\" content=\"Redaction\" \/>\n<meta name=\"twitter:card\" content=\"summary_large_image\" \/>\n<meta name=\"twitter:label1\" content=\"\u00c9crit par\" \/>\n\t<meta name=\"twitter:data1\" content=\"Redaction\" \/>\n\t<meta name=\"twitter:label2\" content=\"Dur\u00e9e de lecture estim\u00e9e\" \/>\n\t<meta name=\"twitter:data2\" content=\"2 minutes\" \/>\n<script type=\"application\/ld+json\" class=\"yoast-schema-graph\">{\"@context\":\"https:\\\/\\\/schema.org\",\"@graph\":[{\"@type\":\"Article\",\"@id\":\"https:\\\/\\\/lepatriotebenin.com\\\/index.php\\\/2025\\\/08\\\/21\\\/dedommagement-de-occupants-de-la-berge-est-a-cotonou-110-familles-soulagees-528-encore-en-attente\\\/#article\",\"isPartOf\":{\"@id\":\"https:\\\/\\\/lepatriotebenin.com\\\/index.php\\\/2025\\\/08\\\/21\\\/dedommagement-de-occupants-de-la-berge-est-a-cotonou-110-familles-soulagees-528-encore-en-attente\\\/\"},\"author\":{\"name\":\"Redaction\",\"@id\":\"https:\\\/\\\/lepatriotebenin.com\\\/#\\\/schema\\\/person\\\/2e7709b9c9cc313e452d1136af61690f\"},\"headline\":\"D\u00e9dommagement de occupants de la Berge-Est \u00e0 Cotonou : 110 familles soulag\u00e9es, 528 encore en attente\",\"datePublished\":\"2025-08-21T10:00:14+00:00\",\"mainEntityOfPage\":{\"@id\":\"https:\\\/\\\/lepatriotebenin.com\\\/index.php\\\/2025\\\/08\\\/21\\\/dedommagement-de-occupants-de-la-berge-est-a-cotonou-110-familles-soulagees-528-encore-en-attente\\\/\"},\"wordCount\":300,\"commentCount\":0,\"image\":{\"@id\":\"https:\\\/\\\/lepatriotebenin.com\\\/index.php\\\/2025\\\/08\\\/21\\\/dedommagement-de-occupants-de-la-berge-est-a-cotonou-110-familles-soulagees-528-encore-en-attente\\\/#primaryimage\"},\"thumbnailUrl\":\"https:\\\/\\\/lepatriotebenin.com\\\/wp-content\\\/uploads\\\/2025\\\/08\\\/dedommagement.jpeg\",\"articleSection\":[\"Soci\u00e9t\u00e9\"],\"inLanguage\":\"fr-FR\",\"potentialAction\":[{\"@type\":\"CommentAction\",\"name\":\"Comment\",\"target\":[\"https:\\\/\\\/lepatriotebenin.com\\\/index.php\\\/2025\\\/08\\\/21\\\/dedommagement-de-occupants-de-la-berge-est-a-cotonou-110-familles-soulagees-528-encore-en-attente\\\/#respond\"]}]},{\"@type\":\"WebPage\",\"@id\":\"https:\\\/\\\/lepatriotebenin.com\\\/index.php\\\/2025\\\/08\\\/21\\\/dedommagement-de-occupants-de-la-berge-est-a-cotonou-110-familles-soulagees-528-encore-en-attente\\\/\",\"url\":\"https:\\\/\\\/lepatriotebenin.com\\\/index.php\\\/2025\\\/08\\\/21\\\/dedommagement-de-occupants-de-la-berge-est-a-cotonou-110-familles-soulagees-528-encore-en-attente\\\/\",\"name\":\"D\u00e9dommagement de occupants de la Berge-Est \u00e0 Cotonou : 110 familles soulag\u00e9es, 528 encore en attente - Le Patriote\",\"isPartOf\":{\"@id\":\"https:\\\/\\\/lepatriotebenin.com\\\/#website\"},\"primaryImageOfPage\":{\"@id\":\"https:\\\/\\\/lepatriotebenin.com\\\/index.php\\\/2025\\\/08\\\/21\\\/dedommagement-de-occupants-de-la-berge-est-a-cotonou-110-familles-soulagees-528-encore-en-attente\\\/#primaryimage\"},\"image\":{\"@id\":\"https:\\\/\\\/lepatriotebenin.com\\\/index.php\\\/2025\\\/08\\\/21\\\/dedommagement-de-occupants-de-la-berge-est-a-cotonou-110-familles-soulagees-528-encore-en-attente\\\/#primaryimage\"},\"thumbnailUrl\":\"https:\\\/\\\/lepatriotebenin.com\\\/wp-content\\\/uploads\\\/2025\\\/08\\\/dedommagement.jpeg\",\"datePublished\":\"2025-08-21T10:00:14+00:00\",\"author\":{\"@id\":\"https:\\\/\\\/lepatriotebenin.com\\\/#\\\/schema\\\/person\\\/2e7709b9c9cc313e452d1136af61690f\"},\"breadcrumb\":{\"@id\":\"https:\\\/\\\/lepatriotebenin.com\\\/index.php\\\/2025\\\/08\\\/21\\\/dedommagement-de-occupants-de-la-berge-est-a-cotonou-110-familles-soulagees-528-encore-en-attente\\\/#breadcrumb\"},\"inLanguage\":\"fr-FR\",\"potentialAction\":[{\"@type\":\"ReadAction\",\"target\":[\"https:\\\/\\\/lepatriotebenin.com\\\/index.php\\\/2025\\\/08\\\/21\\\/dedommagement-de-occupants-de-la-berge-est-a-cotonou-110-familles-soulagees-528-encore-en-attente\\\/\"]}]},{\"@type\":\"ImageObject\",\"inLanguage\":\"fr-FR\",\"@id\":\"https:\\\/\\\/lepatriotebenin.com\\\/index.php\\\/2025\\\/08\\\/21\\\/dedommagement-de-occupants-de-la-berge-est-a-cotonou-110-familles-soulagees-528-encore-en-attente\\\/#primaryimage\",\"url\":\"https:\\\/\\\/lepatriotebenin.com\\\/wp-content\\\/uploads\\\/2025\\\/08\\\/dedommagement.jpeg\",\"contentUrl\":\"https:\\\/\\\/lepatriotebenin.com\\\/wp-content\\\/uploads\\\/2025\\\/08\\\/dedommagement.jpeg\",\"width\":500,\"height\":261},{\"@type\":\"BreadcrumbList\",\"@id\":\"https:\\\/\\\/lepatriotebenin.com\\\/index.php\\\/2025\\\/08\\\/21\\\/dedommagement-de-occupants-de-la-berge-est-a-cotonou-110-familles-soulagees-528-encore-en-attente\\\/#breadcrumb\",\"itemListElement\":[{\"@type\":\"ListItem\",\"position\":1,\"name\":\"Accueil\",\"item\":\"https:\\\/\\\/lepatriotebenin.com\\\/\"},{\"@type\":\"ListItem\",\"position\":2,\"name\":\"D\u00e9dommagement de occupants de la Berge-Est \u00e0 Cotonou : 110 familles soulag\u00e9es, 528 encore en attente\"}]},{\"@type\":\"WebSite\",\"@id\":\"https:\\\/\\\/lepatriotebenin.com\\\/#website\",\"url\":\"https:\\\/\\\/lepatriotebenin.com\\\/\",\"name\":\"Le Patriote\",\"description\":\"Le Patriote B\u00e9nin\",\"potentialAction\":[{\"@type\":\"SearchAction\",\"target\":{\"@type\":\"EntryPoint\",\"urlTemplate\":\"https:\\\/\\\/lepatriotebenin.com\\\/?s={search_term_string}\"},\"query-input\":{\"@type\":\"PropertyValueSpecification\",\"valueRequired\":true,\"valueName\":\"search_term_string\"}}],\"inLanguage\":\"fr-FR\"},{\"@type\":\"Person\",\"@id\":\"https:\\\/\\\/lepatriotebenin.com\\\/#\\\/schema\\\/person\\\/2e7709b9c9cc313e452d1136af61690f\",\"name\":\"Redaction\",\"image\":{\"@type\":\"ImageObject\",\"inLanguage\":\"fr-FR\",\"@id\":\"https:\\\/\\\/secure.gravatar.com\\\/avatar\\\/c4c509357859ea2ca2cbb6d8812898a73e4ef1ef9934c2e591d7e32face734d1?s=96&d=mm&r=g\",\"url\":\"https:\\\/\\\/secure.gravatar.com\\\/avatar\\\/c4c509357859ea2ca2cbb6d8812898a73e4ef1ef9934c2e591d7e32face734d1?s=96&d=mm&r=g\",\"contentUrl\":\"https:\\\/\\\/secure.gravatar.com\\\/avatar\\\/c4c509357859ea2ca2cbb6d8812898a73e4ef1ef9934c2e591d7e32face734d1?s=96&d=mm&r=g\",\"caption\":\"Redaction\"},\"url\":\"https:\\\/\\\/lepatriotebenin.com\"}]}<\/script>\n<!-- \/ Yoast SEO plugin. -->","yoast_head_json":{"title":"D\u00e9dommagement de occupants de la Berge-Est \u00e0 Cotonou : 110 familles soulag\u00e9es, 528 encore en attente - Le Patriote","robots":{"index":"index","follow":"follow","max-snippet":"max-snippet:-1","max-image-preview":"max-image-preview:large","max-video-preview":"max-video-preview:-1"},"canonical":"https:\/\/lepatriotebenin.com\/index.php\/2025\/08\/21\/dedommagement-de-occupants-de-la-berge-est-a-cotonou-110-familles-soulagees-528-encore-en-attente\/","og_locale":"fr_FR","og_type":"article","og_title":"D\u00e9dommagement de occupants de la Berge-Est \u00e0 Cotonou : 110 familles soulag\u00e9es, 528 encore en attente - Le Patriote","og_description":"La remise des ch\u00e8ques aux occupants de la Berge-Est de la lagune a d\u00e9marr\u00e9. 110 m\u00e9nages sur 638 ont d\u00e9j\u00e0 per\u00e7u des montants variant de 200 000 \u00e0 3 000&hellip;","og_url":"https:\/\/lepatriotebenin.com\/index.php\/2025\/08\/21\/dedommagement-de-occupants-de-la-berge-est-a-cotonou-110-familles-soulagees-528-encore-en-attente\/","og_site_name":"Le Patriote","article_published_time":"2025-08-21T10:00:14+00:00","og_image":[{"width":500,"height":261,"url":"https:\/\/lepatriotebenin.com\/wp-content\/uploads\/2025\/08\/dedommagement.jpeg","type":"image\/jpeg"}],"author":"Redaction","twitter_card":"summary_large_image","twitter_misc":{"\u00c9crit par":"Redaction","Dur\u00e9e de lecture estim\u00e9e":"2 minutes"},"schema":{"@context":"https:\/\/schema.org","@graph":[{"@type":"Article","@id":"https:\/\/lepatriotebenin.com\/index.php\/2025\/08\/21\/dedommagement-de-occupants-de-la-berge-est-a-cotonou-110-familles-soulagees-528-encore-en-attente\/#article","isPartOf":{"@id":"https:\/\/lepatriotebenin.com\/index.php\/2025\/08\/21\/dedommagement-de-occupants-de-la-berge-est-a-cotonou-110-familles-soulagees-528-encore-en-attente\/"},"author":{"name":"Redaction","@id":"https:\/\/lepatriotebenin.com\/#\/schema\/person\/2e7709b9c9cc313e452d1136af61690f"},"headline":"D\u00e9dommagement de occupants de la Berge-Est \u00e0 Cotonou : 110 familles soulag\u00e9es, 528 encore en attente","datePublished":"2025-08-21T10:00:14+00:00","mainEntityOfPage":{"@id":"https:\/\/lepatriotebenin.com\/index.php\/2025\/08\/21\/dedommagement-de-occupants-de-la-berge-est-a-cotonou-110-familles-soulagees-528-encore-en-attente\/"},"wordCount":300,"commentCount":0,"image":{"@id":"https:\/\/lepatriotebenin.com\/index.php\/2025\/08\/21\/dedommagement-de-occupants-de-la-berge-est-a-cotonou-110-familles-soulagees-528-encore-en-attente\/#primaryimage"},"thumbnailUrl":"https:\/\/lepatriotebenin.com\/wp-content\/uploads\/2025\/08\/dedommagement.jpeg","articleSection":["Soci\u00e9t\u00e9"],"inLanguage":"fr-FR","potentialAction":[{"@type":"CommentAction","name":"Comment","target":["https:\/\/lepatriotebenin.com\/index.php\/2025\/08\/21\/dedommagement-de-occupants-de-la-berge-est-a-cotonou-110-familles-soulagees-528-encore-en-attente\/#respond"]}]},{"@type":"WebPage","@id":"https:\/\/lepatriotebenin.com\/index.php\/2025\/08\/21\/dedommagement-de-occupants-de-la-berge-est-a-cotonou-110-familles-soulagees-528-encore-en-attente\/","url":"https:\/\/lepatriotebenin.com\/index.php\/2025\/08\/21\/dedommagement-de-occupants-de-la-berge-est-a-cotonou-110-familles-soulagees-528-encore-en-attente\/","name":"D\u00e9dommagement de occupants de la Berge-Est \u00e0 Cotonou : 110 familles soulag\u00e9es, 528 encore en attente - Le Patriote","isPartOf":{"@id":"https:\/\/lepatriotebenin.com\/#website"},"primaryImageOfPage":{"@id":"https:\/\/lepatriotebenin.com\/index.php\/2025\/08\/21\/dedommagement-de-occupants-de-la-berge-est-a-cotonou-110-familles-soulagees-528-encore-en-attente\/#primaryimage"},"image":{"@id":"https:\/\/lepatriotebenin.com\/index.php\/2025\/08\/21\/dedommagement-de-occupants-de-la-berge-est-a-cotonou-110-familles-soulagees-528-encore-en-attente\/#primaryimage"},"thumbnailUrl":"https:\/\/lepatriotebenin.com\/wp-content\/uploads\/2025\/08\/dedommagement.jpeg","datePublished":"2025-08-21T10:00:14+00:00","author":{"@id":"https:\/\/lepatriotebenin.com\/#\/schema\/person\/2e7709b9c9cc313e452d1136af61690f"},"breadcrumb":{"@id":"https:\/\/lepatriotebenin.com\/index.php\/2025\/08\/21\/dedommagement-de-occupants-de-la-berge-est-a-cotonou-110-familles-soulagees-528-encore-en-attente\/#breadcrumb"},"inLanguage":"fr-FR","potentialAction":[{"@type":"ReadAction","target":["https:\/\/lepatriotebenin.com\/index.php\/2025\/08\/21\/dedommagement-de-occupants-de-la-berge-est-a-cotonou-110-familles-soulagees-528-encore-en-attente\/"]}]},{"@type":"ImageObject","inLanguage":"fr-FR","@id":"https:\/\/lepatriotebenin.com\/index.php\/2025\/08\/21\/dedommagement-de-occupants-de-la-berge-est-a-cotonou-110-familles-soulagees-528-encore-en-attente\/#primaryimage","url":"https:\/\/lepatriotebenin.com\/wp-content\/uploads\/2025\/08\/dedommagement.jpeg","contentUrl":"https:\/\/lepatriotebenin.com\/wp-content\/uploads\/2025\/08\/dedommagement.jpeg","width":500,"height":261},{"@type":"BreadcrumbList","@id":"https:\/\/lepatriotebenin.com\/index.php\/2025\/08\/21\/dedommagement-de-occupants-de-la-berge-est-a-cotonou-110-familles-soulagees-528-encore-en-attente\/#breadcrumb","itemListElement":[{"@type":"ListItem","position":1,"name":"Accueil","item":"https:\/\/lepatriotebenin.com\/"},{"@type":"ListItem","position":2,"name":"D\u00e9dommagement de occupants de la Berge-Est \u00e0 Cotonou : 110 familles soulag\u00e9es, 528 encore en attente"}]},{"@type":"WebSite","@id":"https:\/\/lepatriotebenin.com\/#website","url":"https:\/\/lepatriotebenin.com\/","name":"Le Patriote","description":"Le Patriote B\u00e9nin","potentialAction":[{"@type":"SearchAction","target":{"@type":"EntryPoint","urlTemplate":"https:\/\/lepatriotebenin.com\/?s={search_term_string}"},"query-input":{"@type":"PropertyValueSpecification","valueRequired":true,"valueName":"search_term_string"}}],"inLanguage":"fr-FR"},{"@type":"Person","@id":"https:\/\/lepatriotebenin.com\/#\/schema\/person\/2e7709b9c9cc313e452d1136af61690f","name":"Redaction","image":{"@type":"ImageObject","inLanguage":"fr-FR","@id":"https:\/\/secure.gravatar.com\/avatar\/c4c509357859ea2ca2cbb6d8812898a73e4ef1ef9934c2e591d7e32face734d1?s=96&d=mm&r=g","url":"https:\/\/secure.gravatar.com\/avatar\/c4c509357859ea2ca2cbb6d8812898a73e4ef1ef9934c2e591d7e32face734d1?s=96&d=mm&r=g","contentUrl":"https:\/\/secure.gravatar.com\/avatar\/c4c509357859ea2ca2cbb6d8812898a73e4ef1ef9934c2e591d7e32face734d1?s=96&d=mm&r=g","caption":"Redaction"},"url":"https:\/\/lepatriotebenin.com"}]}},"_links":{"self":[{"href":"https:\/\/lepatriotebenin.com\/index.php\/wp-json\/wp\/v2\/posts\/13212","targetHints":{"allow":["GET"]}}],"collection":[{"href":"https:\/\/lepatriotebenin.com\/index.php\/wp-json\/wp\/v2\/posts"}],"about":[{"href":"https:\/\/lepatriotebenin.com\/index.php\/wp-json\/wp\/v2\/types\/post"}],"author":[{"embeddable":true,"href":"https:\/\/lepatriotebenin.com\/index.php\/wp-json\/wp\/v2\/users\/5"}],"replies":[{"embeddable":true,"href":"https:\/\/lepatriotebenin.com\/index.php\/wp-json\/wp\/v2\/comments?post=13212"}],"version-history":[{"count":1,"href":"https:\/\/lepatriotebenin.com\/index.php\/wp-json\/wp\/v2\/posts\/13212\/revisions"}],"predecessor-version":[{"id":13214,"href":"https:\/\/lepatriotebenin.com\/index.php\/wp-json\/wp\/v2\/posts\/13212\/revisions\/13214"}],"wp:featuredmedia":[{"embeddable":true,"href":"https:\/\/lepatriotebenin.com\/index.php\/wp-json\/wp\/v2\/media\/13213"}],"wp:attachment":[{"href":"https:\/\/lepatriotebenin.com\/index.php\/wp-json\/wp\/v2\/media?parent=13212"}],"wp:term":[{"taxonomy":"category","embeddable":true,"href":"https:\/\/lepatriotebenin.com\/index.php\/wp-json\/wp\/v2\/categories?post=13212"},{"taxonomy":"post_tag","embeddable":true,"href":"https:\/\/lepatriotebenin.com\/index.php\/wp-json\/wp\/v2\/tags?post=13212"}],"curies":[{"name":"wp","href":"https:\/\/api.w.org\/{rel}","templated":true}]}}