{"id":13205,"date":"2025-08-21T10:30:51","date_gmt":"2025-08-21T08:30:51","guid":{"rendered":"https:\/\/lepatriotebenin.com\/?p=13205"},"modified":"2025-08-21T10:30:51","modified_gmt":"2025-08-21T08:30:51","slug":"occupation-de-la-bourse-du-travail-la-cstb-denonce-une-nouvelle-atteinte-aux-libertes-syndicales","status":"publish","type":"post","link":"https:\/\/lepatriotebenin.com\/index.php\/2025\/08\/21\/occupation-de-la-bourse-du-travail-la-cstb-denonce-une-nouvelle-atteinte-aux-libertes-syndicales\/","title":{"rendered":"Occupation de la Bourse du Travail: La CSTB d\u00e9nonce une nouvelle atteinte aux libert\u00e9s syndicales"},"content":{"rendered":"<p><em><strong>La Conf\u00e9d\u00e9ration Syndicale des Travailleurs du B\u00e9nin (CSTB) s\u2019insurge contre ce qu\u2019elle qualifie d\u2019\u00ab \u00e9ni\u00e8me occupation ill\u00e9gale \u00bb de la Bourse du Travail par la Police r\u00e9publicaine, ce mercredi 20 ao\u00fbt 2025. L\u2019organisation syndicale d\u00e9nonce une violation flagrante des libert\u00e9s d\u00e9mocratiques et appelle les travailleurs \u00e0 la mobilisation<\/strong><\/em>.<\/p>\n<p>Tr\u00e8s t\u00f4t ce mercredi matin, la Bourse du Travail \u00e0 Cotonou a \u00e9t\u00e9 encercl\u00e9e par un important dispositif policier. Selon le communiqu\u00e9 publi\u00e9 par la Conf\u00e9d\u00e9ration Syndicale des Travailleurs du B\u00e9nin (CSTB), les agents de la Police r\u00e9publicaine ont bloqu\u00e9 les entr\u00e9es du si\u00e8ge des travailleurs, emp\u00eachant toute activit\u00e9 sur les lieux. La centrale d\u00e9nonce un v\u00e9ritable \u00ab \u00e9tat de si\u00e8ge \u00bb, estimant qu\u2019il s\u2019agit d\u2019une atteinte grave aux libert\u00e9s syndicales et d\u00e9mocratiques.<\/p>\n<p>D\u2019apr\u00e8s les informations recueillies, cette intervention polici\u00e8re viserait \u00e0 emp\u00eacher la tenue d\u2019un point de presse des Aspirants aux M\u00e9tiers d\u2019Enseignants (AME), qui souhaitaient interpeller le gouvernement sur le retard observ\u00e9 dans leur reversement en Agents Contractuels de l\u2019\u00c9tat (ACDPE). Pour la CSTB, ce geste constitue une r\u00e9pression injustifiable contre des enseignants pr\u00e9caris\u00e9s depuis des ann\u00e9es et traduit la volont\u00e9 du gouvernement de ne pas honorer ses engagements pris en d\u00e9cembre 2022.<\/p>\n<p>Dans son communiqu\u00e9, la conf\u00e9d\u00e9ration syndicale condamne fermement cette \u00ab hargne \u00bb contre les enseignants et les travailleurs. Elle exige le retrait imm\u00e9diat des forces de l\u2019ordre de la Bourse du Travail, le reversement sans d\u00e9lai de tous les AME en ACDPE et l\u2019arr\u00eat des violations r\u00e9p\u00e9t\u00e9es du si\u00e8ge syndical.<\/p>\n<p>La CSTB appelle enfin l\u2019ensemble des enseignants, des travailleurs et du peuple b\u00e9ninois \u00e0 se tenir aux c\u00f4t\u00e9s des AME dans leur lutte pour de meilleures conditions de travail. \u00ab Non \u00e0 la violation de la Bourse du Travail ! Non \u00e0 la r\u00e9pression des libert\u00e9s syndicales et d\u00e9mocratiques ! \u00bb, conclut le communiqu\u00e9 sign\u00e9 par le Secr\u00e9taire g\u00e9n\u00e9ral conf\u00e9d\u00e9ral, <strong>Nagnini Kassa Mampo.<\/strong><\/p>\n<p>&nbsp;<\/p>\n<p><strong>Gildas AHOGNI<\/strong><\/p>\n<p>&nbsp;<\/p>\n","protected":false},"excerpt":{"rendered":"<p>La Conf\u00e9d\u00e9ration Syndicale des Travailleurs du B\u00e9nin (CSTB) s\u2019insurge contre ce qu\u2019elle qualifie d\u2019\u00ab \u00e9ni\u00e8me occupation ill\u00e9gale \u00bb de la Bourse du Travail par la Police r\u00e9publicaine, ce mercredi 20&hellip;<\/p>\n","protected":false},"author":5,"featured_media":13207,"comment_status":"open","ping_status":"open","sticky":false,"template":"","format":"standard","meta":{"content-type":"","om_disable_all_campaigns":false,"_monsterinsights_skip_tracking":false,"_monsterinsights_sitenote_active":false,"_monsterinsights_sitenote_note":"","_monsterinsights_sitenote_category":0,"_uf_show_specific_survey":0,"_uf_disable_surveys":false,"footnotes":""},"categories":[20],"tags":[],"class_list":["post-13205","post","type-post","status-publish","format-standard","has-post-thumbnail","hentry","category-societe"],"aioseo_notices":[],"yoast_head":"<!-- This site is optimized with the Yoast SEO plugin v27.5 - https:\/\/yoast.com\/product\/yoast-seo-wordpress\/ -->\n<title>Occupation de la Bourse du Travail: La CSTB d\u00e9nonce une nouvelle atteinte aux libert\u00e9s syndicales - Le Patriote<\/title>\n<meta name=\"robots\" content=\"index, follow, max-snippet:-1, max-image-preview:large, max-video-preview:-1\" \/>\n<link rel=\"canonical\" href=\"https:\/\/lepatriotebenin.com\/index.php\/2025\/08\/21\/occupation-de-la-bourse-du-travail-la-cstb-denonce-une-nouvelle-atteinte-aux-libertes-syndicales\/\" \/>\n<meta property=\"og:locale\" content=\"fr_FR\" \/>\n<meta property=\"og:type\" content=\"article\" \/>\n<meta property=\"og:title\" content=\"Occupation de la Bourse du Travail: La CSTB d\u00e9nonce une nouvelle atteinte aux libert\u00e9s syndicales - Le Patriote\" \/>\n<meta property=\"og:description\" content=\"La Conf\u00e9d\u00e9ration Syndicale des Travailleurs du B\u00e9nin (CSTB) s\u2019insurge contre ce qu\u2019elle qualifie d\u2019\u00ab \u00e9ni\u00e8me occupation ill\u00e9gale \u00bb de la Bourse du Travail par la Police r\u00e9publicaine, ce mercredi 20&hellip;\" \/>\n<meta property=\"og:url\" content=\"https:\/\/lepatriotebenin.com\/index.php\/2025\/08\/21\/occupation-de-la-bourse-du-travail-la-cstb-denonce-une-nouvelle-atteinte-aux-libertes-syndicales\/\" \/>\n<meta property=\"og:site_name\" content=\"Le Patriote\" \/>\n<meta property=\"article:published_time\" content=\"2025-08-21T08:30:51+00:00\" \/>\n<meta property=\"og:image\" content=\"https:\/\/lepatriotebenin.com\/wp-content\/uploads\/2025\/08\/kassa-mampo.jpg\" \/>\n\t<meta property=\"og:image:width\" content=\"770\" \/>\n\t<meta property=\"og:image:height\" content=\"470\" \/>\n\t<meta property=\"og:image:type\" content=\"image\/jpeg\" \/>\n<meta name=\"author\" content=\"Redaction\" \/>\n<meta name=\"twitter:card\" content=\"summary_large_image\" \/>\n<meta name=\"twitter:label1\" content=\"\u00c9crit par\" \/>\n\t<meta name=\"twitter:data1\" content=\"Redaction\" \/>\n\t<meta name=\"twitter:label2\" content=\"Dur\u00e9e de lecture estim\u00e9e\" \/>\n\t<meta name=\"twitter:data2\" content=\"2 minutes\" \/>\n<script type=\"application\/ld+json\" class=\"yoast-schema-graph\">{\"@context\":\"https:\\\/\\\/schema.org\",\"@graph\":[{\"@type\":\"Article\",\"@id\":\"https:\\\/\\\/lepatriotebenin.com\\\/index.php\\\/2025\\\/08\\\/21\\\/occupation-de-la-bourse-du-travail-la-cstb-denonce-une-nouvelle-atteinte-aux-libertes-syndicales\\\/#article\",\"isPartOf\":{\"@id\":\"https:\\\/\\\/lepatriotebenin.com\\\/index.php\\\/2025\\\/08\\\/21\\\/occupation-de-la-bourse-du-travail-la-cstb-denonce-une-nouvelle-atteinte-aux-libertes-syndicales\\\/\"},\"author\":{\"name\":\"Redaction\",\"@id\":\"https:\\\/\\\/lepatriotebenin.com\\\/#\\\/schema\\\/person\\\/2e7709b9c9cc313e452d1136af61690f\"},\"headline\":\"Occupation de la Bourse du Travail: La CSTB d\u00e9nonce une nouvelle atteinte aux libert\u00e9s syndicales\",\"datePublished\":\"2025-08-21T08:30:51+00:00\",\"mainEntityOfPage\":{\"@id\":\"https:\\\/\\\/lepatriotebenin.com\\\/index.php\\\/2025\\\/08\\\/21\\\/occupation-de-la-bourse-du-travail-la-cstb-denonce-une-nouvelle-atteinte-aux-libertes-syndicales\\\/\"},\"wordCount\":376,\"commentCount\":0,\"image\":{\"@id\":\"https:\\\/\\\/lepatriotebenin.com\\\/index.php\\\/2025\\\/08\\\/21\\\/occupation-de-la-bourse-du-travail-la-cstb-denonce-une-nouvelle-atteinte-aux-libertes-syndicales\\\/#primaryimage\"},\"thumbnailUrl\":\"https:\\\/\\\/lepatriotebenin.com\\\/wp-content\\\/uploads\\\/2025\\\/08\\\/kassa-mampo.jpg\",\"articleSection\":[\"Soci\u00e9t\u00e9\"],\"inLanguage\":\"fr-FR\",\"potentialAction\":[{\"@type\":\"CommentAction\",\"name\":\"Comment\",\"target\":[\"https:\\\/\\\/lepatriotebenin.com\\\/index.php\\\/2025\\\/08\\\/21\\\/occupation-de-la-bourse-du-travail-la-cstb-denonce-une-nouvelle-atteinte-aux-libertes-syndicales\\\/#respond\"]}]},{\"@type\":\"WebPage\",\"@id\":\"https:\\\/\\\/lepatriotebenin.com\\\/index.php\\\/2025\\\/08\\\/21\\\/occupation-de-la-bourse-du-travail-la-cstb-denonce-une-nouvelle-atteinte-aux-libertes-syndicales\\\/\",\"url\":\"https:\\\/\\\/lepatriotebenin.com\\\/index.php\\\/2025\\\/08\\\/21\\\/occupation-de-la-bourse-du-travail-la-cstb-denonce-une-nouvelle-atteinte-aux-libertes-syndicales\\\/\",\"name\":\"Occupation de la Bourse du Travail: La CSTB d\u00e9nonce une nouvelle atteinte aux libert\u00e9s syndicales - Le Patriote\",\"isPartOf\":{\"@id\":\"https:\\\/\\\/lepatriotebenin.com\\\/#website\"},\"primaryImageOfPage\":{\"@id\":\"https:\\\/\\\/lepatriotebenin.com\\\/index.php\\\/2025\\\/08\\\/21\\\/occupation-de-la-bourse-du-travail-la-cstb-denonce-une-nouvelle-atteinte-aux-libertes-syndicales\\\/#primaryimage\"},\"image\":{\"@id\":\"https:\\\/\\\/lepatriotebenin.com\\\/index.php\\\/2025\\\/08\\\/21\\\/occupation-de-la-bourse-du-travail-la-cstb-denonce-une-nouvelle-atteinte-aux-libertes-syndicales\\\/#primaryimage\"},\"thumbnailUrl\":\"https:\\\/\\\/lepatriotebenin.com\\\/wp-content\\\/uploads\\\/2025\\\/08\\\/kassa-mampo.jpg\",\"datePublished\":\"2025-08-21T08:30:51+00:00\",\"author\":{\"@id\":\"https:\\\/\\\/lepatriotebenin.com\\\/#\\\/schema\\\/person\\\/2e7709b9c9cc313e452d1136af61690f\"},\"breadcrumb\":{\"@id\":\"https:\\\/\\\/lepatriotebenin.com\\\/index.php\\\/2025\\\/08\\\/21\\\/occupation-de-la-bourse-du-travail-la-cstb-denonce-une-nouvelle-atteinte-aux-libertes-syndicales\\\/#breadcrumb\"},\"inLanguage\":\"fr-FR\",\"potentialAction\":[{\"@type\":\"ReadAction\",\"target\":[\"https:\\\/\\\/lepatriotebenin.com\\\/index.php\\\/2025\\\/08\\\/21\\\/occupation-de-la-bourse-du-travail-la-cstb-denonce-une-nouvelle-atteinte-aux-libertes-syndicales\\\/\"]}]},{\"@type\":\"ImageObject\",\"inLanguage\":\"fr-FR\",\"@id\":\"https:\\\/\\\/lepatriotebenin.com\\\/index.php\\\/2025\\\/08\\\/21\\\/occupation-de-la-bourse-du-travail-la-cstb-denonce-une-nouvelle-atteinte-aux-libertes-syndicales\\\/#primaryimage\",\"url\":\"https:\\\/\\\/lepatriotebenin.com\\\/wp-content\\\/uploads\\\/2025\\\/08\\\/kassa-mampo.jpg\",\"contentUrl\":\"https:\\\/\\\/lepatriotebenin.com\\\/wp-content\\\/uploads\\\/2025\\\/08\\\/kassa-mampo.jpg\",\"width\":770,\"height\":470},{\"@type\":\"BreadcrumbList\",\"@id\":\"https:\\\/\\\/lepatriotebenin.com\\\/index.php\\\/2025\\\/08\\\/21\\\/occupation-de-la-bourse-du-travail-la-cstb-denonce-une-nouvelle-atteinte-aux-libertes-syndicales\\\/#breadcrumb\",\"itemListElement\":[{\"@type\":\"ListItem\",\"position\":1,\"name\":\"Accueil\",\"item\":\"https:\\\/\\\/lepatriotebenin.com\\\/\"},{\"@type\":\"ListItem\",\"position\":2,\"name\":\"Occupation de la Bourse du Travail: La CSTB d\u00e9nonce une nouvelle atteinte aux libert\u00e9s syndicales\"}]},{\"@type\":\"WebSite\",\"@id\":\"https:\\\/\\\/lepatriotebenin.com\\\/#website\",\"url\":\"https:\\\/\\\/lepatriotebenin.com\\\/\",\"name\":\"Le Patriote\",\"description\":\"Le Patriote B\u00e9nin\",\"potentialAction\":[{\"@type\":\"SearchAction\",\"target\":{\"@type\":\"EntryPoint\",\"urlTemplate\":\"https:\\\/\\\/lepatriotebenin.com\\\/?s={search_term_string}\"},\"query-input\":{\"@type\":\"PropertyValueSpecification\",\"valueRequired\":true,\"valueName\":\"search_term_string\"}}],\"inLanguage\":\"fr-FR\"},{\"@type\":\"Person\",\"@id\":\"https:\\\/\\\/lepatriotebenin.com\\\/#\\\/schema\\\/person\\\/2e7709b9c9cc313e452d1136af61690f\",\"name\":\"Redaction\",\"image\":{\"@type\":\"ImageObject\",\"inLanguage\":\"fr-FR\",\"@id\":\"https:\\\/\\\/secure.gravatar.com\\\/avatar\\\/c4c509357859ea2ca2cbb6d8812898a73e4ef1ef9934c2e591d7e32face734d1?s=96&d=mm&r=g\",\"url\":\"https:\\\/\\\/secure.gravatar.com\\\/avatar\\\/c4c509357859ea2ca2cbb6d8812898a73e4ef1ef9934c2e591d7e32face734d1?s=96&d=mm&r=g\",\"contentUrl\":\"https:\\\/\\\/secure.gravatar.com\\\/avatar\\\/c4c509357859ea2ca2cbb6d8812898a73e4ef1ef9934c2e591d7e32face734d1?s=96&d=mm&r=g\",\"caption\":\"Redaction\"},\"url\":\"https:\\\/\\\/lepatriotebenin.com\"}]}<\/script>\n<!-- \/ Yoast SEO plugin. -->","yoast_head_json":{"title":"Occupation de la Bourse du Travail: La CSTB d\u00e9nonce une nouvelle atteinte aux libert\u00e9s syndicales - Le Patriote","robots":{"index":"index","follow":"follow","max-snippet":"max-snippet:-1","max-image-preview":"max-image-preview:large","max-video-preview":"max-video-preview:-1"},"canonical":"https:\/\/lepatriotebenin.com\/index.php\/2025\/08\/21\/occupation-de-la-bourse-du-travail-la-cstb-denonce-une-nouvelle-atteinte-aux-libertes-syndicales\/","og_locale":"fr_FR","og_type":"article","og_title":"Occupation de la Bourse du Travail: La CSTB d\u00e9nonce une nouvelle atteinte aux libert\u00e9s syndicales - Le Patriote","og_description":"La Conf\u00e9d\u00e9ration Syndicale des Travailleurs du B\u00e9nin (CSTB) s\u2019insurge contre ce qu\u2019elle qualifie d\u2019\u00ab \u00e9ni\u00e8me occupation ill\u00e9gale \u00bb de la Bourse du Travail par la Police r\u00e9publicaine, ce mercredi 20&hellip;","og_url":"https:\/\/lepatriotebenin.com\/index.php\/2025\/08\/21\/occupation-de-la-bourse-du-travail-la-cstb-denonce-une-nouvelle-atteinte-aux-libertes-syndicales\/","og_site_name":"Le Patriote","article_published_time":"2025-08-21T08:30:51+00:00","og_image":[{"width":770,"height":470,"url":"https:\/\/lepatriotebenin.com\/wp-content\/uploads\/2025\/08\/kassa-mampo.jpg","type":"image\/jpeg"}],"author":"Redaction","twitter_card":"summary_large_image","twitter_misc":{"\u00c9crit par":"Redaction","Dur\u00e9e de lecture estim\u00e9e":"2 minutes"},"schema":{"@context":"https:\/\/schema.org","@graph":[{"@type":"Article","@id":"https:\/\/lepatriotebenin.com\/index.php\/2025\/08\/21\/occupation-de-la-bourse-du-travail-la-cstb-denonce-une-nouvelle-atteinte-aux-libertes-syndicales\/#article","isPartOf":{"@id":"https:\/\/lepatriotebenin.com\/index.php\/2025\/08\/21\/occupation-de-la-bourse-du-travail-la-cstb-denonce-une-nouvelle-atteinte-aux-libertes-syndicales\/"},"author":{"name":"Redaction","@id":"https:\/\/lepatriotebenin.com\/#\/schema\/person\/2e7709b9c9cc313e452d1136af61690f"},"headline":"Occupation de la Bourse du Travail: La CSTB d\u00e9nonce une nouvelle atteinte aux libert\u00e9s syndicales","datePublished":"2025-08-21T08:30:51+00:00","mainEntityOfPage":{"@id":"https:\/\/lepatriotebenin.com\/index.php\/2025\/08\/21\/occupation-de-la-bourse-du-travail-la-cstb-denonce-une-nouvelle-atteinte-aux-libertes-syndicales\/"},"wordCount":376,"commentCount":0,"image":{"@id":"https:\/\/lepatriotebenin.com\/index.php\/2025\/08\/21\/occupation-de-la-bourse-du-travail-la-cstb-denonce-une-nouvelle-atteinte-aux-libertes-syndicales\/#primaryimage"},"thumbnailUrl":"https:\/\/lepatriotebenin.com\/wp-content\/uploads\/2025\/08\/kassa-mampo.jpg","articleSection":["Soci\u00e9t\u00e9"],"inLanguage":"fr-FR","potentialAction":[{"@type":"CommentAction","name":"Comment","target":["https:\/\/lepatriotebenin.com\/index.php\/2025\/08\/21\/occupation-de-la-bourse-du-travail-la-cstb-denonce-une-nouvelle-atteinte-aux-libertes-syndicales\/#respond"]}]},{"@type":"WebPage","@id":"https:\/\/lepatriotebenin.com\/index.php\/2025\/08\/21\/occupation-de-la-bourse-du-travail-la-cstb-denonce-une-nouvelle-atteinte-aux-libertes-syndicales\/","url":"https:\/\/lepatriotebenin.com\/index.php\/2025\/08\/21\/occupation-de-la-bourse-du-travail-la-cstb-denonce-une-nouvelle-atteinte-aux-libertes-syndicales\/","name":"Occupation de la Bourse du Travail: La CSTB d\u00e9nonce une nouvelle atteinte aux libert\u00e9s syndicales - Le Patriote","isPartOf":{"@id":"https:\/\/lepatriotebenin.com\/#website"},"primaryImageOfPage":{"@id":"https:\/\/lepatriotebenin.com\/index.php\/2025\/08\/21\/occupation-de-la-bourse-du-travail-la-cstb-denonce-une-nouvelle-atteinte-aux-libertes-syndicales\/#primaryimage"},"image":{"@id":"https:\/\/lepatriotebenin.com\/index.php\/2025\/08\/21\/occupation-de-la-bourse-du-travail-la-cstb-denonce-une-nouvelle-atteinte-aux-libertes-syndicales\/#primaryimage"},"thumbnailUrl":"https:\/\/lepatriotebenin.com\/wp-content\/uploads\/2025\/08\/kassa-mampo.jpg","datePublished":"2025-08-21T08:30:51+00:00","author":{"@id":"https:\/\/lepatriotebenin.com\/#\/schema\/person\/2e7709b9c9cc313e452d1136af61690f"},"breadcrumb":{"@id":"https:\/\/lepatriotebenin.com\/index.php\/2025\/08\/21\/occupation-de-la-bourse-du-travail-la-cstb-denonce-une-nouvelle-atteinte-aux-libertes-syndicales\/#breadcrumb"},"inLanguage":"fr-FR","potentialAction":[{"@type":"ReadAction","target":["https:\/\/lepatriotebenin.com\/index.php\/2025\/08\/21\/occupation-de-la-bourse-du-travail-la-cstb-denonce-une-nouvelle-atteinte-aux-libertes-syndicales\/"]}]},{"@type":"ImageObject","inLanguage":"fr-FR","@id":"https:\/\/lepatriotebenin.com\/index.php\/2025\/08\/21\/occupation-de-la-bourse-du-travail-la-cstb-denonce-une-nouvelle-atteinte-aux-libertes-syndicales\/#primaryimage","url":"https:\/\/lepatriotebenin.com\/wp-content\/uploads\/2025\/08\/kassa-mampo.jpg","contentUrl":"https:\/\/lepatriotebenin.com\/wp-content\/uploads\/2025\/08\/kassa-mampo.jpg","width":770,"height":470},{"@type":"BreadcrumbList","@id":"https:\/\/lepatriotebenin.com\/index.php\/2025\/08\/21\/occupation-de-la-bourse-du-travail-la-cstb-denonce-une-nouvelle-atteinte-aux-libertes-syndicales\/#breadcrumb","itemListElement":[{"@type":"ListItem","position":1,"name":"Accueil","item":"https:\/\/lepatriotebenin.com\/"},{"@type":"ListItem","position":2,"name":"Occupation de la Bourse du Travail: La CSTB d\u00e9nonce une nouvelle atteinte aux libert\u00e9s syndicales"}]},{"@type":"WebSite","@id":"https:\/\/lepatriotebenin.com\/#website","url":"https:\/\/lepatriotebenin.com\/","name":"Le Patriote","description":"Le Patriote B\u00e9nin","potentialAction":[{"@type":"SearchAction","target":{"@type":"EntryPoint","urlTemplate":"https:\/\/lepatriotebenin.com\/?s={search_term_string}"},"query-input":{"@type":"PropertyValueSpecification","valueRequired":true,"valueName":"search_term_string"}}],"inLanguage":"fr-FR"},{"@type":"Person","@id":"https:\/\/lepatriotebenin.com\/#\/schema\/person\/2e7709b9c9cc313e452d1136af61690f","name":"Redaction","image":{"@type":"ImageObject","inLanguage":"fr-FR","@id":"https:\/\/secure.gravatar.com\/avatar\/c4c509357859ea2ca2cbb6d8812898a73e4ef1ef9934c2e591d7e32face734d1?s=96&d=mm&r=g","url":"https:\/\/secure.gravatar.com\/avatar\/c4c509357859ea2ca2cbb6d8812898a73e4ef1ef9934c2e591d7e32face734d1?s=96&d=mm&r=g","contentUrl":"https:\/\/secure.gravatar.com\/avatar\/c4c509357859ea2ca2cbb6d8812898a73e4ef1ef9934c2e591d7e32face734d1?s=96&d=mm&r=g","caption":"Redaction"},"url":"https:\/\/lepatriotebenin.com"}]}},"_links":{"self":[{"href":"https:\/\/lepatriotebenin.com\/index.php\/wp-json\/wp\/v2\/posts\/13205","targetHints":{"allow":["GET"]}}],"collection":[{"href":"https:\/\/lepatriotebenin.com\/index.php\/wp-json\/wp\/v2\/posts"}],"about":[{"href":"https:\/\/lepatriotebenin.com\/index.php\/wp-json\/wp\/v2\/types\/post"}],"author":[{"embeddable":true,"href":"https:\/\/lepatriotebenin.com\/index.php\/wp-json\/wp\/v2\/users\/5"}],"replies":[{"embeddable":true,"href":"https:\/\/lepatriotebenin.com\/index.php\/wp-json\/wp\/v2\/comments?post=13205"}],"version-history":[{"count":1,"href":"https:\/\/lepatriotebenin.com\/index.php\/wp-json\/wp\/v2\/posts\/13205\/revisions"}],"predecessor-version":[{"id":13208,"href":"https:\/\/lepatriotebenin.com\/index.php\/wp-json\/wp\/v2\/posts\/13205\/revisions\/13208"}],"wp:featuredmedia":[{"embeddable":true,"href":"https:\/\/lepatriotebenin.com\/index.php\/wp-json\/wp\/v2\/media\/13207"}],"wp:attachment":[{"href":"https:\/\/lepatriotebenin.com\/index.php\/wp-json\/wp\/v2\/media?parent=13205"}],"wp:term":[{"taxonomy":"category","embeddable":true,"href":"https:\/\/lepatriotebenin.com\/index.php\/wp-json\/wp\/v2\/categories?post=13205"},{"taxonomy":"post_tag","embeddable":true,"href":"https:\/\/lepatriotebenin.com\/index.php\/wp-json\/wp\/v2\/tags?post=13205"}],"curies":[{"name":"wp","href":"https:\/\/api.w.org\/{rel}","templated":true}]}}