{"id":13184,"date":"2025-08-20T12:31:16","date_gmt":"2025-08-20T10:31:16","guid":{"rendered":"https:\/\/lepatriotebenin.com\/?p=13184"},"modified":"2025-08-20T12:35:24","modified_gmt":"2025-08-20T10:35:24","slug":"prives-de-bamako-les-aigles-contraints-a-lexil-sans-explication","status":"publish","type":"post","link":"https:\/\/lepatriotebenin.com\/index.php\/2025\/08\/20\/prives-de-bamako-les-aigles-contraints-a-lexil-sans-explication\/","title":{"rendered":"Priv\u00e9s de Bamako : les Aigles contraints \u00e0 l&rsquo;exil sans explication"},"content":{"rendered":"<p>Le match Mali#Comores, comptant pour la 7e journ\u00e9e des \u00e9liminatoires de la Coupe du monde 2026, se jouera au stade municipal de Berkane, au Maroc. Une d\u00e9cision inattendue, alors que les Aigles auraient d\u00fb recevoir \u00e0 Bamako, au stade du 26-Mars\u00a0 une infrastructure pourtant homologu\u00e9e par la CAF et la FIFA.<\/p>\n<p>C\u2019est une surprise totale. Dans un groupe o\u00f9 le Mali occupe actuellement la 4e place derri\u00e8re les Comores, Madagascar et le Ghana, chaque match compte. \u00c0 ce stade de la comp\u00e9tition, les points valent cher, et jouer \u00e0 domicile aurait pu faire la diff\u00e9rence. Alors pourquoi priver les Aigles de ce pr\u00e9cieux avantage ?<\/p>\n<p>Dans un contexte o\u00f9 plusieurs pays africains sont contraints de jouer loin de chez eux \u00e0 cause de stades non conformes, cette situation est g\u00e9n\u00e9ralement compr\u00e9hensible. Mais ici, ce n\u2019est pas le cas .Le stade du 26 Mars est r\u00e9glementaire. Tout semble indiquer une d\u00e9cision volontaire mais \u00e0 quel prix ?<\/p>\n<p>La frustration est d\u2019autant plus grande que ni la F\u00e9d\u00e9ration malienne de football, ni le minist\u00e8re des Sports n\u2019ont communiqu\u00e9 officiellement sur les raisons de cette d\u00e9localisation. Ce silence renforce le sentiment d\u2019incompr\u00e9hension. Doit-on en conclure que les dirigeants ont baiss\u00e9 les bras quant \u00e0 une \u00e9ventuelle qualification ? M\u00eame si tel \u00e9tait le cas, les supporters, eux, n\u2019ont pas renonc\u00e9 \u00e0 croire en leur \u00e9quipe.<\/p>\n<p>\u00c0 d\u00e9faut d\u2019explication, les rumeurs circulent et alimentent la col\u00e8re. Mais une chose est s\u00fbre , les Aigles devront se battre loin de leur nid, sans le soutien direct de leurs fans. Et dans un match aussi crucial, ce manque pourrait peser lourd.<\/p>\n<p><strong>Hugues Zinsou Zounon<\/strong><\/p>\n","protected":false},"excerpt":{"rendered":"<p>Le match Mali#Comores, comptant pour la 7e journ\u00e9e des \u00e9liminatoires de la Coupe du monde 2026, se jouera au stade municipal de Berkane, au Maroc. Une d\u00e9cision inattendue, alors que&hellip;<\/p>\n","protected":false},"author":5,"featured_media":13185,"comment_status":"open","ping_status":"open","sticky":false,"template":"","format":"standard","meta":{"content-type":"","om_disable_all_campaigns":false,"_monsterinsights_skip_tracking":false,"_monsterinsights_sitenote_active":false,"_monsterinsights_sitenote_note":"","_monsterinsights_sitenote_category":0,"_uf_show_specific_survey":0,"_uf_disable_surveys":false,"footnotes":""},"categories":[8],"tags":[],"class_list":["post-13184","post","type-post","status-publish","format-standard","has-post-thumbnail","hentry","category-sport"],"aioseo_notices":[],"yoast_head":"<!-- This site is optimized with the Yoast SEO plugin v27.5 - https:\/\/yoast.com\/product\/yoast-seo-wordpress\/ -->\n<title>Priv\u00e9s de Bamako : les Aigles contraints \u00e0 l&#039;exil sans explication - Le Patriote<\/title>\n<meta name=\"robots\" content=\"index, follow, max-snippet:-1, max-image-preview:large, max-video-preview:-1\" \/>\n<link rel=\"canonical\" href=\"https:\/\/lepatriotebenin.com\/index.php\/2025\/08\/20\/prives-de-bamako-les-aigles-contraints-a-lexil-sans-explication\/\" \/>\n<meta property=\"og:locale\" content=\"fr_FR\" \/>\n<meta property=\"og:type\" content=\"article\" \/>\n<meta property=\"og:title\" content=\"Priv\u00e9s de Bamako : les Aigles contraints \u00e0 l&#039;exil sans explication - Le Patriote\" \/>\n<meta property=\"og:description\" content=\"Le match Mali#Comores, comptant pour la 7e journ\u00e9e des \u00e9liminatoires de la Coupe du monde 2026, se jouera au stade municipal de Berkane, au Maroc. Une d\u00e9cision inattendue, alors que&hellip;\" \/>\n<meta property=\"og:url\" content=\"https:\/\/lepatriotebenin.com\/index.php\/2025\/08\/20\/prives-de-bamako-les-aigles-contraints-a-lexil-sans-explication\/\" \/>\n<meta property=\"og:site_name\" content=\"Le Patriote\" \/>\n<meta property=\"article:published_time\" content=\"2025-08-20T10:31:16+00:00\" \/>\n<meta property=\"article:modified_time\" content=\"2025-08-20T10:35:24+00:00\" \/>\n<meta property=\"og:image\" content=\"https:\/\/lepatriotebenin.com\/wp-content\/uploads\/2025\/08\/hugues-aigles.jpg\" \/>\n\t<meta property=\"og:image:width\" content=\"1080\" \/>\n\t<meta property=\"og:image:height\" content=\"682\" \/>\n\t<meta property=\"og:image:type\" content=\"image\/jpeg\" \/>\n<meta name=\"author\" content=\"Redaction\" \/>\n<meta name=\"twitter:card\" content=\"summary_large_image\" \/>\n<meta name=\"twitter:label1\" content=\"\u00c9crit par\" \/>\n\t<meta name=\"twitter:data1\" content=\"Redaction\" \/>\n\t<meta name=\"twitter:label2\" content=\"Dur\u00e9e de lecture estim\u00e9e\" \/>\n\t<meta name=\"twitter:data2\" content=\"2 minutes\" \/>\n<script type=\"application\/ld+json\" class=\"yoast-schema-graph\">{\"@context\":\"https:\\\/\\\/schema.org\",\"@graph\":[{\"@type\":\"Article\",\"@id\":\"https:\\\/\\\/lepatriotebenin.com\\\/index.php\\\/2025\\\/08\\\/20\\\/prives-de-bamako-les-aigles-contraints-a-lexil-sans-explication\\\/#article\",\"isPartOf\":{\"@id\":\"https:\\\/\\\/lepatriotebenin.com\\\/index.php\\\/2025\\\/08\\\/20\\\/prives-de-bamako-les-aigles-contraints-a-lexil-sans-explication\\\/\"},\"author\":{\"name\":\"Redaction\",\"@id\":\"https:\\\/\\\/lepatriotebenin.com\\\/#\\\/schema\\\/person\\\/2e7709b9c9cc313e452d1136af61690f\"},\"headline\":\"Priv\u00e9s de Bamako : les Aigles contraints \u00e0 l&rsquo;exil sans explication\",\"datePublished\":\"2025-08-20T10:31:16+00:00\",\"dateModified\":\"2025-08-20T10:35:24+00:00\",\"mainEntityOfPage\":{\"@id\":\"https:\\\/\\\/lepatriotebenin.com\\\/index.php\\\/2025\\\/08\\\/20\\\/prives-de-bamako-les-aigles-contraints-a-lexil-sans-explication\\\/\"},\"wordCount\":294,\"commentCount\":1,\"image\":{\"@id\":\"https:\\\/\\\/lepatriotebenin.com\\\/index.php\\\/2025\\\/08\\\/20\\\/prives-de-bamako-les-aigles-contraints-a-lexil-sans-explication\\\/#primaryimage\"},\"thumbnailUrl\":\"https:\\\/\\\/lepatriotebenin.com\\\/wp-content\\\/uploads\\\/2025\\\/08\\\/hugues-aigles.jpg\",\"articleSection\":[\"Sport\"],\"inLanguage\":\"fr-FR\",\"potentialAction\":[{\"@type\":\"CommentAction\",\"name\":\"Comment\",\"target\":[\"https:\\\/\\\/lepatriotebenin.com\\\/index.php\\\/2025\\\/08\\\/20\\\/prives-de-bamako-les-aigles-contraints-a-lexil-sans-explication\\\/#respond\"]}]},{\"@type\":\"WebPage\",\"@id\":\"https:\\\/\\\/lepatriotebenin.com\\\/index.php\\\/2025\\\/08\\\/20\\\/prives-de-bamako-les-aigles-contraints-a-lexil-sans-explication\\\/\",\"url\":\"https:\\\/\\\/lepatriotebenin.com\\\/index.php\\\/2025\\\/08\\\/20\\\/prives-de-bamako-les-aigles-contraints-a-lexil-sans-explication\\\/\",\"name\":\"Priv\u00e9s de Bamako : les Aigles contraints \u00e0 l'exil sans explication - Le Patriote\",\"isPartOf\":{\"@id\":\"https:\\\/\\\/lepatriotebenin.com\\\/#website\"},\"primaryImageOfPage\":{\"@id\":\"https:\\\/\\\/lepatriotebenin.com\\\/index.php\\\/2025\\\/08\\\/20\\\/prives-de-bamako-les-aigles-contraints-a-lexil-sans-explication\\\/#primaryimage\"},\"image\":{\"@id\":\"https:\\\/\\\/lepatriotebenin.com\\\/index.php\\\/2025\\\/08\\\/20\\\/prives-de-bamako-les-aigles-contraints-a-lexil-sans-explication\\\/#primaryimage\"},\"thumbnailUrl\":\"https:\\\/\\\/lepatriotebenin.com\\\/wp-content\\\/uploads\\\/2025\\\/08\\\/hugues-aigles.jpg\",\"datePublished\":\"2025-08-20T10:31:16+00:00\",\"dateModified\":\"2025-08-20T10:35:24+00:00\",\"author\":{\"@id\":\"https:\\\/\\\/lepatriotebenin.com\\\/#\\\/schema\\\/person\\\/2e7709b9c9cc313e452d1136af61690f\"},\"breadcrumb\":{\"@id\":\"https:\\\/\\\/lepatriotebenin.com\\\/index.php\\\/2025\\\/08\\\/20\\\/prives-de-bamako-les-aigles-contraints-a-lexil-sans-explication\\\/#breadcrumb\"},\"inLanguage\":\"fr-FR\",\"potentialAction\":[{\"@type\":\"ReadAction\",\"target\":[\"https:\\\/\\\/lepatriotebenin.com\\\/index.php\\\/2025\\\/08\\\/20\\\/prives-de-bamako-les-aigles-contraints-a-lexil-sans-explication\\\/\"]}]},{\"@type\":\"ImageObject\",\"inLanguage\":\"fr-FR\",\"@id\":\"https:\\\/\\\/lepatriotebenin.com\\\/index.php\\\/2025\\\/08\\\/20\\\/prives-de-bamako-les-aigles-contraints-a-lexil-sans-explication\\\/#primaryimage\",\"url\":\"https:\\\/\\\/lepatriotebenin.com\\\/wp-content\\\/uploads\\\/2025\\\/08\\\/hugues-aigles.jpg\",\"contentUrl\":\"https:\\\/\\\/lepatriotebenin.com\\\/wp-content\\\/uploads\\\/2025\\\/08\\\/hugues-aigles.jpg\",\"width\":1080,\"height\":682},{\"@type\":\"BreadcrumbList\",\"@id\":\"https:\\\/\\\/lepatriotebenin.com\\\/index.php\\\/2025\\\/08\\\/20\\\/prives-de-bamako-les-aigles-contraints-a-lexil-sans-explication\\\/#breadcrumb\",\"itemListElement\":[{\"@type\":\"ListItem\",\"position\":1,\"name\":\"Accueil\",\"item\":\"https:\\\/\\\/lepatriotebenin.com\\\/\"},{\"@type\":\"ListItem\",\"position\":2,\"name\":\"Priv\u00e9s de Bamako : les Aigles contraints \u00e0 l&rsquo;exil sans explication\"}]},{\"@type\":\"WebSite\",\"@id\":\"https:\\\/\\\/lepatriotebenin.com\\\/#website\",\"url\":\"https:\\\/\\\/lepatriotebenin.com\\\/\",\"name\":\"Le Patriote\",\"description\":\"Le Patriote B\u00e9nin\",\"potentialAction\":[{\"@type\":\"SearchAction\",\"target\":{\"@type\":\"EntryPoint\",\"urlTemplate\":\"https:\\\/\\\/lepatriotebenin.com\\\/?s={search_term_string}\"},\"query-input\":{\"@type\":\"PropertyValueSpecification\",\"valueRequired\":true,\"valueName\":\"search_term_string\"}}],\"inLanguage\":\"fr-FR\"},{\"@type\":\"Person\",\"@id\":\"https:\\\/\\\/lepatriotebenin.com\\\/#\\\/schema\\\/person\\\/2e7709b9c9cc313e452d1136af61690f\",\"name\":\"Redaction\",\"image\":{\"@type\":\"ImageObject\",\"inLanguage\":\"fr-FR\",\"@id\":\"https:\\\/\\\/secure.gravatar.com\\\/avatar\\\/c4c509357859ea2ca2cbb6d8812898a73e4ef1ef9934c2e591d7e32face734d1?s=96&d=mm&r=g\",\"url\":\"https:\\\/\\\/secure.gravatar.com\\\/avatar\\\/c4c509357859ea2ca2cbb6d8812898a73e4ef1ef9934c2e591d7e32face734d1?s=96&d=mm&r=g\",\"contentUrl\":\"https:\\\/\\\/secure.gravatar.com\\\/avatar\\\/c4c509357859ea2ca2cbb6d8812898a73e4ef1ef9934c2e591d7e32face734d1?s=96&d=mm&r=g\",\"caption\":\"Redaction\"},\"url\":\"https:\\\/\\\/lepatriotebenin.com\"}]}<\/script>\n<!-- \/ Yoast SEO plugin. -->","yoast_head_json":{"title":"Priv\u00e9s de Bamako : les Aigles contraints \u00e0 l'exil sans explication - Le Patriote","robots":{"index":"index","follow":"follow","max-snippet":"max-snippet:-1","max-image-preview":"max-image-preview:large","max-video-preview":"max-video-preview:-1"},"canonical":"https:\/\/lepatriotebenin.com\/index.php\/2025\/08\/20\/prives-de-bamako-les-aigles-contraints-a-lexil-sans-explication\/","og_locale":"fr_FR","og_type":"article","og_title":"Priv\u00e9s de Bamako : les Aigles contraints \u00e0 l'exil sans explication - Le Patriote","og_description":"Le match Mali#Comores, comptant pour la 7e journ\u00e9e des \u00e9liminatoires de la Coupe du monde 2026, se jouera au stade municipal de Berkane, au Maroc. Une d\u00e9cision inattendue, alors que&hellip;","og_url":"https:\/\/lepatriotebenin.com\/index.php\/2025\/08\/20\/prives-de-bamako-les-aigles-contraints-a-lexil-sans-explication\/","og_site_name":"Le Patriote","article_published_time":"2025-08-20T10:31:16+00:00","article_modified_time":"2025-08-20T10:35:24+00:00","og_image":[{"width":1080,"height":682,"url":"https:\/\/lepatriotebenin.com\/wp-content\/uploads\/2025\/08\/hugues-aigles.jpg","type":"image\/jpeg"}],"author":"Redaction","twitter_card":"summary_large_image","twitter_misc":{"\u00c9crit par":"Redaction","Dur\u00e9e de lecture estim\u00e9e":"2 minutes"},"schema":{"@context":"https:\/\/schema.org","@graph":[{"@type":"Article","@id":"https:\/\/lepatriotebenin.com\/index.php\/2025\/08\/20\/prives-de-bamako-les-aigles-contraints-a-lexil-sans-explication\/#article","isPartOf":{"@id":"https:\/\/lepatriotebenin.com\/index.php\/2025\/08\/20\/prives-de-bamako-les-aigles-contraints-a-lexil-sans-explication\/"},"author":{"name":"Redaction","@id":"https:\/\/lepatriotebenin.com\/#\/schema\/person\/2e7709b9c9cc313e452d1136af61690f"},"headline":"Priv\u00e9s de Bamako : les Aigles contraints \u00e0 l&rsquo;exil sans explication","datePublished":"2025-08-20T10:31:16+00:00","dateModified":"2025-08-20T10:35:24+00:00","mainEntityOfPage":{"@id":"https:\/\/lepatriotebenin.com\/index.php\/2025\/08\/20\/prives-de-bamako-les-aigles-contraints-a-lexil-sans-explication\/"},"wordCount":294,"commentCount":1,"image":{"@id":"https:\/\/lepatriotebenin.com\/index.php\/2025\/08\/20\/prives-de-bamako-les-aigles-contraints-a-lexil-sans-explication\/#primaryimage"},"thumbnailUrl":"https:\/\/lepatriotebenin.com\/wp-content\/uploads\/2025\/08\/hugues-aigles.jpg","articleSection":["Sport"],"inLanguage":"fr-FR","potentialAction":[{"@type":"CommentAction","name":"Comment","target":["https:\/\/lepatriotebenin.com\/index.php\/2025\/08\/20\/prives-de-bamako-les-aigles-contraints-a-lexil-sans-explication\/#respond"]}]},{"@type":"WebPage","@id":"https:\/\/lepatriotebenin.com\/index.php\/2025\/08\/20\/prives-de-bamako-les-aigles-contraints-a-lexil-sans-explication\/","url":"https:\/\/lepatriotebenin.com\/index.php\/2025\/08\/20\/prives-de-bamako-les-aigles-contraints-a-lexil-sans-explication\/","name":"Priv\u00e9s de Bamako : les Aigles contraints \u00e0 l'exil sans explication - Le Patriote","isPartOf":{"@id":"https:\/\/lepatriotebenin.com\/#website"},"primaryImageOfPage":{"@id":"https:\/\/lepatriotebenin.com\/index.php\/2025\/08\/20\/prives-de-bamako-les-aigles-contraints-a-lexil-sans-explication\/#primaryimage"},"image":{"@id":"https:\/\/lepatriotebenin.com\/index.php\/2025\/08\/20\/prives-de-bamako-les-aigles-contraints-a-lexil-sans-explication\/#primaryimage"},"thumbnailUrl":"https:\/\/lepatriotebenin.com\/wp-content\/uploads\/2025\/08\/hugues-aigles.jpg","datePublished":"2025-08-20T10:31:16+00:00","dateModified":"2025-08-20T10:35:24+00:00","author":{"@id":"https:\/\/lepatriotebenin.com\/#\/schema\/person\/2e7709b9c9cc313e452d1136af61690f"},"breadcrumb":{"@id":"https:\/\/lepatriotebenin.com\/index.php\/2025\/08\/20\/prives-de-bamako-les-aigles-contraints-a-lexil-sans-explication\/#breadcrumb"},"inLanguage":"fr-FR","potentialAction":[{"@type":"ReadAction","target":["https:\/\/lepatriotebenin.com\/index.php\/2025\/08\/20\/prives-de-bamako-les-aigles-contraints-a-lexil-sans-explication\/"]}]},{"@type":"ImageObject","inLanguage":"fr-FR","@id":"https:\/\/lepatriotebenin.com\/index.php\/2025\/08\/20\/prives-de-bamako-les-aigles-contraints-a-lexil-sans-explication\/#primaryimage","url":"https:\/\/lepatriotebenin.com\/wp-content\/uploads\/2025\/08\/hugues-aigles.jpg","contentUrl":"https:\/\/lepatriotebenin.com\/wp-content\/uploads\/2025\/08\/hugues-aigles.jpg","width":1080,"height":682},{"@type":"BreadcrumbList","@id":"https:\/\/lepatriotebenin.com\/index.php\/2025\/08\/20\/prives-de-bamako-les-aigles-contraints-a-lexil-sans-explication\/#breadcrumb","itemListElement":[{"@type":"ListItem","position":1,"name":"Accueil","item":"https:\/\/lepatriotebenin.com\/"},{"@type":"ListItem","position":2,"name":"Priv\u00e9s de Bamako : les Aigles contraints \u00e0 l&rsquo;exil sans explication"}]},{"@type":"WebSite","@id":"https:\/\/lepatriotebenin.com\/#website","url":"https:\/\/lepatriotebenin.com\/","name":"Le Patriote","description":"Le Patriote B\u00e9nin","potentialAction":[{"@type":"SearchAction","target":{"@type":"EntryPoint","urlTemplate":"https:\/\/lepatriotebenin.com\/?s={search_term_string}"},"query-input":{"@type":"PropertyValueSpecification","valueRequired":true,"valueName":"search_term_string"}}],"inLanguage":"fr-FR"},{"@type":"Person","@id":"https:\/\/lepatriotebenin.com\/#\/schema\/person\/2e7709b9c9cc313e452d1136af61690f","name":"Redaction","image":{"@type":"ImageObject","inLanguage":"fr-FR","@id":"https:\/\/secure.gravatar.com\/avatar\/c4c509357859ea2ca2cbb6d8812898a73e4ef1ef9934c2e591d7e32face734d1?s=96&d=mm&r=g","url":"https:\/\/secure.gravatar.com\/avatar\/c4c509357859ea2ca2cbb6d8812898a73e4ef1ef9934c2e591d7e32face734d1?s=96&d=mm&r=g","contentUrl":"https:\/\/secure.gravatar.com\/avatar\/c4c509357859ea2ca2cbb6d8812898a73e4ef1ef9934c2e591d7e32face734d1?s=96&d=mm&r=g","caption":"Redaction"},"url":"https:\/\/lepatriotebenin.com"}]}},"_links":{"self":[{"href":"https:\/\/lepatriotebenin.com\/index.php\/wp-json\/wp\/v2\/posts\/13184","targetHints":{"allow":["GET"]}}],"collection":[{"href":"https:\/\/lepatriotebenin.com\/index.php\/wp-json\/wp\/v2\/posts"}],"about":[{"href":"https:\/\/lepatriotebenin.com\/index.php\/wp-json\/wp\/v2\/types\/post"}],"author":[{"embeddable":true,"href":"https:\/\/lepatriotebenin.com\/index.php\/wp-json\/wp\/v2\/users\/5"}],"replies":[{"embeddable":true,"href":"https:\/\/lepatriotebenin.com\/index.php\/wp-json\/wp\/v2\/comments?post=13184"}],"version-history":[{"count":3,"href":"https:\/\/lepatriotebenin.com\/index.php\/wp-json\/wp\/v2\/posts\/13184\/revisions"}],"predecessor-version":[{"id":13188,"href":"https:\/\/lepatriotebenin.com\/index.php\/wp-json\/wp\/v2\/posts\/13184\/revisions\/13188"}],"wp:featuredmedia":[{"embeddable":true,"href":"https:\/\/lepatriotebenin.com\/index.php\/wp-json\/wp\/v2\/media\/13185"}],"wp:attachment":[{"href":"https:\/\/lepatriotebenin.com\/index.php\/wp-json\/wp\/v2\/media?parent=13184"}],"wp:term":[{"taxonomy":"category","embeddable":true,"href":"https:\/\/lepatriotebenin.com\/index.php\/wp-json\/wp\/v2\/categories?post=13184"},{"taxonomy":"post_tag","embeddable":true,"href":"https:\/\/lepatriotebenin.com\/index.php\/wp-json\/wp\/v2\/tags?post=13184"}],"curies":[{"name":"wp","href":"https:\/\/api.w.org\/{rel}","templated":true}]}}