{"id":13180,"date":"2025-08-20T08:59:52","date_gmt":"2025-08-20T06:59:52","guid":{"rendered":"https:\/\/lepatriotebenin.com\/?p=13180"},"modified":"2025-08-20T08:59:52","modified_gmt":"2025-08-20T06:59:52","slug":"deces-de-omotoyossi-la-federation-beninoise-de-football-reagit","status":"publish","type":"post","link":"https:\/\/lepatriotebenin.com\/index.php\/2025\/08\/20\/deces-de-omotoyossi-la-federation-beninoise-de-football-reagit\/","title":{"rendered":"D\u00e9c\u00e8s de  Omotoyossi : La F\u00e9d\u00e9ration b\u00e9ninoise de football r\u00e9agit"},"content":{"rendered":"<p><em>Dans une annonce de d\u00e9c\u00e8s sign\u00e9e par le Secr\u00e9taire g\u00e9n\u00e9ral Claude Paqui, la f\u00e9d\u00e9ration b\u00e9ninoise de football (FBF), a confirm\u00e9\u00a0 la disparition de l\u2019ancien international b\u00e9ninois Razack Omotoyossi, ceci apr\u00e8s que <\/em>les r\u00e9seaux sociaux ont fait cette annonce de d\u00e9c\u00e8s ce \u00a0mardi 19 ao\u00fbt 2025. \u00a0<em>\u00ab\u00a0En cette p\u00e9riode douloureux, le pr\u00e9sident de la FBF et son comit\u00e9 ex\u00e9cutif pr\u00e9sentent leurs condol\u00e9ances \u00e0 la famille \u00e9plor\u00e9e et invitent par la m\u00eame occasion les acteurs du football b\u00e9ninois \u00e0 avoir une pieuse pens\u00e9e en m\u00e9moire de l\u2019illustre disparu\u00a0\u00bb,<\/em> \u00a0a indiqu\u00e9 \u00a0l\u2019annonce de d\u00e9c\u00e8s du\u00a0 Secr\u00e9taire G\u00e9n\u00e9ral de la FBF. Lire\u00a0 donc cette annonce de la\u00a0 FBF<\/p>\n<p><img fetchpriority=\"high\" decoding=\"async\" class=\"alignnone size-medium wp-image-13181\" src=\"https:\/\/lepatriotebenin.com\/wp-content\/uploads\/2025\/08\/federation-beninoise-de-foot-b-240x300.jpg\" alt=\"\" width=\"240\" height=\"300\" srcset=\"https:\/\/lepatriotebenin.com\/wp-content\/uploads\/2025\/08\/federation-beninoise-de-foot-b-240x300.jpg 240w, https:\/\/lepatriotebenin.com\/wp-content\/uploads\/2025\/08\/federation-beninoise-de-foot-b-819x1024.jpg 819w, https:\/\/lepatriotebenin.com\/wp-content\/uploads\/2025\/08\/federation-beninoise-de-foot-b-768x960.jpg 768w, https:\/\/lepatriotebenin.com\/wp-content\/uploads\/2025\/08\/federation-beninoise-de-foot-b-585x731.jpg 585w, https:\/\/lepatriotebenin.com\/wp-content\/uploads\/2025\/08\/federation-beninoise-de-foot-b.jpg 864w\" sizes=\"(max-width: 240px) 100vw, 240px\" \/><\/p>\n","protected":false},"excerpt":{"rendered":"<p>Dans une annonce de d\u00e9c\u00e8s sign\u00e9e par le Secr\u00e9taire g\u00e9n\u00e9ral Claude Paqui, la f\u00e9d\u00e9ration b\u00e9ninoise de football (FBF), a confirm\u00e9\u00a0 la disparition de l\u2019ancien international b\u00e9ninois Razack Omotoyossi, ceci apr\u00e8s&hellip;<\/p>\n","protected":false},"author":6,"featured_media":13182,"comment_status":"open","ping_status":"open","sticky":false,"template":"","format":"standard","meta":{"content-type":"","om_disable_all_campaigns":false,"_monsterinsights_skip_tracking":false,"_monsterinsights_sitenote_active":false,"_monsterinsights_sitenote_note":"","_monsterinsights_sitenote_category":0,"_uf_show_specific_survey":0,"_uf_disable_surveys":false,"footnotes":""},"categories":[8],"tags":[],"class_list":["post-13180","post","type-post","status-publish","format-standard","has-post-thumbnail","hentry","category-sport"],"aioseo_notices":[],"yoast_head":"<!-- This site is optimized with the Yoast SEO plugin v27.5 - https:\/\/yoast.com\/product\/yoast-seo-wordpress\/ -->\n<title>D\u00e9c\u00e8s de Omotoyossi : La F\u00e9d\u00e9ration b\u00e9ninoise de football r\u00e9agit - Le Patriote<\/title>\n<meta name=\"robots\" content=\"index, follow, max-snippet:-1, max-image-preview:large, max-video-preview:-1\" \/>\n<link rel=\"canonical\" href=\"https:\/\/lepatriotebenin.com\/index.php\/2025\/08\/20\/deces-de-omotoyossi-la-federation-beninoise-de-football-reagit\/\" \/>\n<meta property=\"og:locale\" content=\"fr_FR\" \/>\n<meta property=\"og:type\" content=\"article\" \/>\n<meta property=\"og:title\" content=\"D\u00e9c\u00e8s de Omotoyossi : La F\u00e9d\u00e9ration b\u00e9ninoise de football r\u00e9agit - Le Patriote\" \/>\n<meta property=\"og:description\" content=\"Dans une annonce de d\u00e9c\u00e8s sign\u00e9e par le Secr\u00e9taire g\u00e9n\u00e9ral Claude Paqui, la f\u00e9d\u00e9ration b\u00e9ninoise de football (FBF), a confirm\u00e9\u00a0 la disparition de l\u2019ancien international b\u00e9ninois Razack Omotoyossi, ceci apr\u00e8s&hellip;\" \/>\n<meta property=\"og:url\" content=\"https:\/\/lepatriotebenin.com\/index.php\/2025\/08\/20\/deces-de-omotoyossi-la-federation-beninoise-de-football-reagit\/\" \/>\n<meta property=\"og:site_name\" content=\"Le Patriote\" \/>\n<meta property=\"article:published_time\" content=\"2025-08-20T06:59:52+00:00\" \/>\n<meta property=\"og:image\" content=\"https:\/\/lepatriotebenin.com\/wp-content\/uploads\/2025\/08\/fdec227eb5ed8f604e87d7c161ca12.webp\" \/>\n\t<meta property=\"og:image:width\" content=\"866\" \/>\n\t<meta property=\"og:image:height\" content=\"566\" \/>\n\t<meta property=\"og:image:type\" content=\"image\/webp\" \/>\n<meta name=\"author\" content=\"Roland AFFANOU\" \/>\n<meta name=\"twitter:card\" content=\"summary_large_image\" \/>\n<meta name=\"twitter:label1\" content=\"\u00c9crit par\" \/>\n\t<meta name=\"twitter:data1\" content=\"Roland AFFANOU\" \/>\n\t<meta name=\"twitter:label2\" content=\"Dur\u00e9e de lecture estim\u00e9e\" \/>\n\t<meta name=\"twitter:data2\" content=\"1 minute\" \/>\n<script type=\"application\/ld+json\" class=\"yoast-schema-graph\">{\"@context\":\"https:\\\/\\\/schema.org\",\"@graph\":[{\"@type\":\"Article\",\"@id\":\"https:\\\/\\\/lepatriotebenin.com\\\/index.php\\\/2025\\\/08\\\/20\\\/deces-de-omotoyossi-la-federation-beninoise-de-football-reagit\\\/#article\",\"isPartOf\":{\"@id\":\"https:\\\/\\\/lepatriotebenin.com\\\/index.php\\\/2025\\\/08\\\/20\\\/deces-de-omotoyossi-la-federation-beninoise-de-football-reagit\\\/\"},\"author\":{\"name\":\"Roland AFFANOU\",\"@id\":\"https:\\\/\\\/lepatriotebenin.com\\\/#\\\/schema\\\/person\\\/4a9b67216c97d04045e01405c534c91f\"},\"headline\":\"D\u00e9c\u00e8s de Omotoyossi : La F\u00e9d\u00e9ration b\u00e9ninoise de football r\u00e9agit\",\"datePublished\":\"2025-08-20T06:59:52+00:00\",\"mainEntityOfPage\":{\"@id\":\"https:\\\/\\\/lepatriotebenin.com\\\/index.php\\\/2025\\\/08\\\/20\\\/deces-de-omotoyossi-la-federation-beninoise-de-football-reagit\\\/\"},\"wordCount\":148,\"commentCount\":0,\"image\":{\"@id\":\"https:\\\/\\\/lepatriotebenin.com\\\/index.php\\\/2025\\\/08\\\/20\\\/deces-de-omotoyossi-la-federation-beninoise-de-football-reagit\\\/#primaryimage\"},\"thumbnailUrl\":\"https:\\\/\\\/lepatriotebenin.com\\\/wp-content\\\/uploads\\\/2025\\\/08\\\/fdec227eb5ed8f604e87d7c161ca12.webp\",\"articleSection\":[\"Sport\"],\"inLanguage\":\"fr-FR\",\"potentialAction\":[{\"@type\":\"CommentAction\",\"name\":\"Comment\",\"target\":[\"https:\\\/\\\/lepatriotebenin.com\\\/index.php\\\/2025\\\/08\\\/20\\\/deces-de-omotoyossi-la-federation-beninoise-de-football-reagit\\\/#respond\"]}]},{\"@type\":\"WebPage\",\"@id\":\"https:\\\/\\\/lepatriotebenin.com\\\/index.php\\\/2025\\\/08\\\/20\\\/deces-de-omotoyossi-la-federation-beninoise-de-football-reagit\\\/\",\"url\":\"https:\\\/\\\/lepatriotebenin.com\\\/index.php\\\/2025\\\/08\\\/20\\\/deces-de-omotoyossi-la-federation-beninoise-de-football-reagit\\\/\",\"name\":\"D\u00e9c\u00e8s de Omotoyossi : La F\u00e9d\u00e9ration b\u00e9ninoise de football r\u00e9agit - Le Patriote\",\"isPartOf\":{\"@id\":\"https:\\\/\\\/lepatriotebenin.com\\\/#website\"},\"primaryImageOfPage\":{\"@id\":\"https:\\\/\\\/lepatriotebenin.com\\\/index.php\\\/2025\\\/08\\\/20\\\/deces-de-omotoyossi-la-federation-beninoise-de-football-reagit\\\/#primaryimage\"},\"image\":{\"@id\":\"https:\\\/\\\/lepatriotebenin.com\\\/index.php\\\/2025\\\/08\\\/20\\\/deces-de-omotoyossi-la-federation-beninoise-de-football-reagit\\\/#primaryimage\"},\"thumbnailUrl\":\"https:\\\/\\\/lepatriotebenin.com\\\/wp-content\\\/uploads\\\/2025\\\/08\\\/fdec227eb5ed8f604e87d7c161ca12.webp\",\"datePublished\":\"2025-08-20T06:59:52+00:00\",\"author\":{\"@id\":\"https:\\\/\\\/lepatriotebenin.com\\\/#\\\/schema\\\/person\\\/4a9b67216c97d04045e01405c534c91f\"},\"breadcrumb\":{\"@id\":\"https:\\\/\\\/lepatriotebenin.com\\\/index.php\\\/2025\\\/08\\\/20\\\/deces-de-omotoyossi-la-federation-beninoise-de-football-reagit\\\/#breadcrumb\"},\"inLanguage\":\"fr-FR\",\"potentialAction\":[{\"@type\":\"ReadAction\",\"target\":[\"https:\\\/\\\/lepatriotebenin.com\\\/index.php\\\/2025\\\/08\\\/20\\\/deces-de-omotoyossi-la-federation-beninoise-de-football-reagit\\\/\"]}]},{\"@type\":\"ImageObject\",\"inLanguage\":\"fr-FR\",\"@id\":\"https:\\\/\\\/lepatriotebenin.com\\\/index.php\\\/2025\\\/08\\\/20\\\/deces-de-omotoyossi-la-federation-beninoise-de-football-reagit\\\/#primaryimage\",\"url\":\"https:\\\/\\\/lepatriotebenin.com\\\/wp-content\\\/uploads\\\/2025\\\/08\\\/fdec227eb5ed8f604e87d7c161ca12.webp\",\"contentUrl\":\"https:\\\/\\\/lepatriotebenin.com\\\/wp-content\\\/uploads\\\/2025\\\/08\\\/fdec227eb5ed8f604e87d7c161ca12.webp\",\"width\":866,\"height\":566},{\"@type\":\"BreadcrumbList\",\"@id\":\"https:\\\/\\\/lepatriotebenin.com\\\/index.php\\\/2025\\\/08\\\/20\\\/deces-de-omotoyossi-la-federation-beninoise-de-football-reagit\\\/#breadcrumb\",\"itemListElement\":[{\"@type\":\"ListItem\",\"position\":1,\"name\":\"Accueil\",\"item\":\"https:\\\/\\\/lepatriotebenin.com\\\/\"},{\"@type\":\"ListItem\",\"position\":2,\"name\":\"D\u00e9c\u00e8s de Omotoyossi : La F\u00e9d\u00e9ration b\u00e9ninoise de football r\u00e9agit\"}]},{\"@type\":\"WebSite\",\"@id\":\"https:\\\/\\\/lepatriotebenin.com\\\/#website\",\"url\":\"https:\\\/\\\/lepatriotebenin.com\\\/\",\"name\":\"Le Patriote\",\"description\":\"Le Patriote B\u00e9nin\",\"potentialAction\":[{\"@type\":\"SearchAction\",\"target\":{\"@type\":\"EntryPoint\",\"urlTemplate\":\"https:\\\/\\\/lepatriotebenin.com\\\/?s={search_term_string}\"},\"query-input\":{\"@type\":\"PropertyValueSpecification\",\"valueRequired\":true,\"valueName\":\"search_term_string\"}}],\"inLanguage\":\"fr-FR\"},{\"@type\":\"Person\",\"@id\":\"https:\\\/\\\/lepatriotebenin.com\\\/#\\\/schema\\\/person\\\/4a9b67216c97d04045e01405c534c91f\",\"name\":\"Roland AFFANOU\",\"image\":{\"@type\":\"ImageObject\",\"inLanguage\":\"fr-FR\",\"@id\":\"https:\\\/\\\/secure.gravatar.com\\\/avatar\\\/7209d3f6d2d47ea4d0c67e14d3effb61feb10ae540a4381280c66265de5bd643?s=96&d=mm&r=g\",\"url\":\"https:\\\/\\\/secure.gravatar.com\\\/avatar\\\/7209d3f6d2d47ea4d0c67e14d3effb61feb10ae540a4381280c66265de5bd643?s=96&d=mm&r=g\",\"contentUrl\":\"https:\\\/\\\/secure.gravatar.com\\\/avatar\\\/7209d3f6d2d47ea4d0c67e14d3effb61feb10ae540a4381280c66265de5bd643?s=96&d=mm&r=g\",\"caption\":\"Roland AFFANOU\"},\"url\":\"https:\\\/\\\/lepatriotebenin.com\"}]}<\/script>\n<!-- \/ Yoast SEO plugin. -->","yoast_head_json":{"title":"D\u00e9c\u00e8s de Omotoyossi : La F\u00e9d\u00e9ration b\u00e9ninoise de football r\u00e9agit - Le Patriote","robots":{"index":"index","follow":"follow","max-snippet":"max-snippet:-1","max-image-preview":"max-image-preview:large","max-video-preview":"max-video-preview:-1"},"canonical":"https:\/\/lepatriotebenin.com\/index.php\/2025\/08\/20\/deces-de-omotoyossi-la-federation-beninoise-de-football-reagit\/","og_locale":"fr_FR","og_type":"article","og_title":"D\u00e9c\u00e8s de Omotoyossi : La F\u00e9d\u00e9ration b\u00e9ninoise de football r\u00e9agit - Le Patriote","og_description":"Dans une annonce de d\u00e9c\u00e8s sign\u00e9e par le Secr\u00e9taire g\u00e9n\u00e9ral Claude Paqui, la f\u00e9d\u00e9ration b\u00e9ninoise de football (FBF), a confirm\u00e9\u00a0 la disparition de l\u2019ancien international b\u00e9ninois Razack Omotoyossi, ceci apr\u00e8s&hellip;","og_url":"https:\/\/lepatriotebenin.com\/index.php\/2025\/08\/20\/deces-de-omotoyossi-la-federation-beninoise-de-football-reagit\/","og_site_name":"Le Patriote","article_published_time":"2025-08-20T06:59:52+00:00","og_image":[{"width":866,"height":566,"url":"https:\/\/lepatriotebenin.com\/wp-content\/uploads\/2025\/08\/fdec227eb5ed8f604e87d7c161ca12.webp","type":"image\/webp"}],"author":"Roland AFFANOU","twitter_card":"summary_large_image","twitter_misc":{"\u00c9crit par":"Roland AFFANOU","Dur\u00e9e de lecture estim\u00e9e":"1 minute"},"schema":{"@context":"https:\/\/schema.org","@graph":[{"@type":"Article","@id":"https:\/\/lepatriotebenin.com\/index.php\/2025\/08\/20\/deces-de-omotoyossi-la-federation-beninoise-de-football-reagit\/#article","isPartOf":{"@id":"https:\/\/lepatriotebenin.com\/index.php\/2025\/08\/20\/deces-de-omotoyossi-la-federation-beninoise-de-football-reagit\/"},"author":{"name":"Roland AFFANOU","@id":"https:\/\/lepatriotebenin.com\/#\/schema\/person\/4a9b67216c97d04045e01405c534c91f"},"headline":"D\u00e9c\u00e8s de Omotoyossi : La F\u00e9d\u00e9ration b\u00e9ninoise de football r\u00e9agit","datePublished":"2025-08-20T06:59:52+00:00","mainEntityOfPage":{"@id":"https:\/\/lepatriotebenin.com\/index.php\/2025\/08\/20\/deces-de-omotoyossi-la-federation-beninoise-de-football-reagit\/"},"wordCount":148,"commentCount":0,"image":{"@id":"https:\/\/lepatriotebenin.com\/index.php\/2025\/08\/20\/deces-de-omotoyossi-la-federation-beninoise-de-football-reagit\/#primaryimage"},"thumbnailUrl":"https:\/\/lepatriotebenin.com\/wp-content\/uploads\/2025\/08\/fdec227eb5ed8f604e87d7c161ca12.webp","articleSection":["Sport"],"inLanguage":"fr-FR","potentialAction":[{"@type":"CommentAction","name":"Comment","target":["https:\/\/lepatriotebenin.com\/index.php\/2025\/08\/20\/deces-de-omotoyossi-la-federation-beninoise-de-football-reagit\/#respond"]}]},{"@type":"WebPage","@id":"https:\/\/lepatriotebenin.com\/index.php\/2025\/08\/20\/deces-de-omotoyossi-la-federation-beninoise-de-football-reagit\/","url":"https:\/\/lepatriotebenin.com\/index.php\/2025\/08\/20\/deces-de-omotoyossi-la-federation-beninoise-de-football-reagit\/","name":"D\u00e9c\u00e8s de Omotoyossi : La F\u00e9d\u00e9ration b\u00e9ninoise de football r\u00e9agit - Le Patriote","isPartOf":{"@id":"https:\/\/lepatriotebenin.com\/#website"},"primaryImageOfPage":{"@id":"https:\/\/lepatriotebenin.com\/index.php\/2025\/08\/20\/deces-de-omotoyossi-la-federation-beninoise-de-football-reagit\/#primaryimage"},"image":{"@id":"https:\/\/lepatriotebenin.com\/index.php\/2025\/08\/20\/deces-de-omotoyossi-la-federation-beninoise-de-football-reagit\/#primaryimage"},"thumbnailUrl":"https:\/\/lepatriotebenin.com\/wp-content\/uploads\/2025\/08\/fdec227eb5ed8f604e87d7c161ca12.webp","datePublished":"2025-08-20T06:59:52+00:00","author":{"@id":"https:\/\/lepatriotebenin.com\/#\/schema\/person\/4a9b67216c97d04045e01405c534c91f"},"breadcrumb":{"@id":"https:\/\/lepatriotebenin.com\/index.php\/2025\/08\/20\/deces-de-omotoyossi-la-federation-beninoise-de-football-reagit\/#breadcrumb"},"inLanguage":"fr-FR","potentialAction":[{"@type":"ReadAction","target":["https:\/\/lepatriotebenin.com\/index.php\/2025\/08\/20\/deces-de-omotoyossi-la-federation-beninoise-de-football-reagit\/"]}]},{"@type":"ImageObject","inLanguage":"fr-FR","@id":"https:\/\/lepatriotebenin.com\/index.php\/2025\/08\/20\/deces-de-omotoyossi-la-federation-beninoise-de-football-reagit\/#primaryimage","url":"https:\/\/lepatriotebenin.com\/wp-content\/uploads\/2025\/08\/fdec227eb5ed8f604e87d7c161ca12.webp","contentUrl":"https:\/\/lepatriotebenin.com\/wp-content\/uploads\/2025\/08\/fdec227eb5ed8f604e87d7c161ca12.webp","width":866,"height":566},{"@type":"BreadcrumbList","@id":"https:\/\/lepatriotebenin.com\/index.php\/2025\/08\/20\/deces-de-omotoyossi-la-federation-beninoise-de-football-reagit\/#breadcrumb","itemListElement":[{"@type":"ListItem","position":1,"name":"Accueil","item":"https:\/\/lepatriotebenin.com\/"},{"@type":"ListItem","position":2,"name":"D\u00e9c\u00e8s de Omotoyossi : La F\u00e9d\u00e9ration b\u00e9ninoise de football r\u00e9agit"}]},{"@type":"WebSite","@id":"https:\/\/lepatriotebenin.com\/#website","url":"https:\/\/lepatriotebenin.com\/","name":"Le Patriote","description":"Le Patriote B\u00e9nin","potentialAction":[{"@type":"SearchAction","target":{"@type":"EntryPoint","urlTemplate":"https:\/\/lepatriotebenin.com\/?s={search_term_string}"},"query-input":{"@type":"PropertyValueSpecification","valueRequired":true,"valueName":"search_term_string"}}],"inLanguage":"fr-FR"},{"@type":"Person","@id":"https:\/\/lepatriotebenin.com\/#\/schema\/person\/4a9b67216c97d04045e01405c534c91f","name":"Roland AFFANOU","image":{"@type":"ImageObject","inLanguage":"fr-FR","@id":"https:\/\/secure.gravatar.com\/avatar\/7209d3f6d2d47ea4d0c67e14d3effb61feb10ae540a4381280c66265de5bd643?s=96&d=mm&r=g","url":"https:\/\/secure.gravatar.com\/avatar\/7209d3f6d2d47ea4d0c67e14d3effb61feb10ae540a4381280c66265de5bd643?s=96&d=mm&r=g","contentUrl":"https:\/\/secure.gravatar.com\/avatar\/7209d3f6d2d47ea4d0c67e14d3effb61feb10ae540a4381280c66265de5bd643?s=96&d=mm&r=g","caption":"Roland AFFANOU"},"url":"https:\/\/lepatriotebenin.com"}]}},"_links":{"self":[{"href":"https:\/\/lepatriotebenin.com\/index.php\/wp-json\/wp\/v2\/posts\/13180","targetHints":{"allow":["GET"]}}],"collection":[{"href":"https:\/\/lepatriotebenin.com\/index.php\/wp-json\/wp\/v2\/posts"}],"about":[{"href":"https:\/\/lepatriotebenin.com\/index.php\/wp-json\/wp\/v2\/types\/post"}],"author":[{"embeddable":true,"href":"https:\/\/lepatriotebenin.com\/index.php\/wp-json\/wp\/v2\/users\/6"}],"replies":[{"embeddable":true,"href":"https:\/\/lepatriotebenin.com\/index.php\/wp-json\/wp\/v2\/comments?post=13180"}],"version-history":[{"count":1,"href":"https:\/\/lepatriotebenin.com\/index.php\/wp-json\/wp\/v2\/posts\/13180\/revisions"}],"predecessor-version":[{"id":13183,"href":"https:\/\/lepatriotebenin.com\/index.php\/wp-json\/wp\/v2\/posts\/13180\/revisions\/13183"}],"wp:featuredmedia":[{"embeddable":true,"href":"https:\/\/lepatriotebenin.com\/index.php\/wp-json\/wp\/v2\/media\/13182"}],"wp:attachment":[{"href":"https:\/\/lepatriotebenin.com\/index.php\/wp-json\/wp\/v2\/media?parent=13180"}],"wp:term":[{"taxonomy":"category","embeddable":true,"href":"https:\/\/lepatriotebenin.com\/index.php\/wp-json\/wp\/v2\/categories?post=13180"},{"taxonomy":"post_tag","embeddable":true,"href":"https:\/\/lepatriotebenin.com\/index.php\/wp-json\/wp\/v2\/tags?post=13180"}],"curies":[{"name":"wp","href":"https:\/\/api.w.org\/{rel}","templated":true}]}}