{"id":13175,"date":"2025-08-20T08:19:08","date_gmt":"2025-08-20T06:19:08","guid":{"rendered":"https:\/\/lepatriotebenin.com\/?p=13175"},"modified":"2025-08-20T08:21:24","modified_gmt":"2025-08-20T06:21:24","slug":"deces-de-razack-omotoyossi-ganiou-soglo-loue-le-depart-d-un-homme-dune-grande-valeur-humaine","status":"publish","type":"post","link":"https:\/\/lepatriotebenin.com\/index.php\/2025\/08\/20\/deces-de-razack-omotoyossi-ganiou-soglo-loue-le-depart-d-un-homme-dune-grande-valeur-humaine\/","title":{"rendered":"D\u00e9c\u00e8s de Razack Omotoyossi : Ganiou Soglo loue le d\u00e9part d\u2019 \u00ab un homme d&rsquo;une grande valeur humaine\u00a0\u00bb"},"content":{"rendered":"<p>L\u2019ancien ministre des sports, <strong>Ganiou Soglo<\/strong>\u00a0 a rendu un hommage \u00e0 l\u2019ex international b\u00e9ninois, <strong>Razack Omotoyossi<\/strong> apr\u00e8s son\u00a0 d\u00e9c\u00e8s survenu, <strong>mardi 19 ao\u00fbt\u00a0 2025<\/strong> au Nigeria \u00e0 l\u2019\u00e2ge de 39 ans. \u00ab\u00a0C&rsquo;est avec stup\u00e9faction que j&rsquo;apprends le d\u00e9c\u00e8s d&rsquo;une figure marquante du football b\u00e9ninois. En l&rsquo;occurrence Razack Omotoyossi\u00a0\u00bb, a \u00e9crit Ganiou Soglo sur sa page Facebook. Il a soulign\u00e9 que\u00a0 pendant son mandat \u00abd<em>e Ministre des Sports\u00a0<\/em>\u00bb, il\u00a0 a eu <em>\u00ab\u00a0l&rsquo;honneur de c\u00f4toyer Razack, un joueur remarquable, puissant mais au-del\u00e0 du sport<\/em>\u00a0\u00bb, dit-il, \u00a0\u00ab\u00a0<em>c&rsquo;\u00e9tait une personne avenante, accessible, tr\u00e8s croyante, un homme d&rsquo;une grande valeur humaine<\/em>\u00a0\u00bb.<\/p>\n<p>L\u2019ancien ministre des sports n\u2019a pas manqu\u00e9 d\u2019avoir des pens\u00e9es <em>\u00ab\u00a0\u00e0 sa famille, \u00e0 ses proches et \u00e0 toute la communaut\u00e9 sportive b\u00e9ninoise en cette p\u00e9riode de deuil\u00a0<\/em>\u00bb. \u00ab\u00a0<em>Que son \u00e2me repose en paix\u00a0\u00bb<\/em>, a-t-il l\u00e2ch\u00e9. \u00a0Le\u00a0 \u00ab\u00a0<strong>Taureau de Pob\u00e8<\/strong>\u00a0\u00bb s\u2019en est all\u00e9 au petit matin de ce mardi \u00e0 Lagos, au Nigeria, o\u00f9 il r\u00e9sidait depuis un certain temps. Selon des sources proches de sa famille, le premier buteur b\u00e9ninois en coupe du monde junior ne souffrirait d\u2019aucune maladie. Mais il serait affect\u00e9 par le d\u00e9c\u00e8s de sa s\u0153ur et la perte de sa maison partie en fum\u00e9e.<\/p>\n","protected":false},"excerpt":{"rendered":"<p>L\u2019ancien ministre des sports, Ganiou Soglo\u00a0 a rendu un hommage \u00e0 l\u2019ex international b\u00e9ninois, Razack Omotoyossi apr\u00e8s son\u00a0 d\u00e9c\u00e8s survenu, mardi 19 ao\u00fbt\u00a0 2025 au Nigeria \u00e0 l\u2019\u00e2ge de 39&hellip;<\/p>\n","protected":false},"author":6,"featured_media":13176,"comment_status":"open","ping_status":"open","sticky":false,"template":"","format":"standard","meta":{"content-type":"","om_disable_all_campaigns":false,"_monsterinsights_skip_tracking":false,"_monsterinsights_sitenote_active":false,"_monsterinsights_sitenote_note":"","_monsterinsights_sitenote_category":0,"_uf_show_specific_survey":0,"_uf_disable_surveys":false,"footnotes":""},"categories":[8],"tags":[],"class_list":["post-13175","post","type-post","status-publish","format-standard","has-post-thumbnail","hentry","category-sport"],"aioseo_notices":[],"yoast_head":"<!-- This site is optimized with the Yoast SEO plugin v27.5 - https:\/\/yoast.com\/product\/yoast-seo-wordpress\/ -->\n<title>D\u00e9c\u00e8s de Razack Omotoyossi : Ganiou Soglo loue le d\u00e9part d\u2019 \u00ab un homme d&#039;une grande valeur humaine&quot; - Le Patriote<\/title>\n<meta name=\"robots\" content=\"index, follow, max-snippet:-1, max-image-preview:large, max-video-preview:-1\" \/>\n<link rel=\"canonical\" href=\"https:\/\/lepatriotebenin.com\/index.php\/2025\/08\/20\/deces-de-razack-omotoyossi-ganiou-soglo-loue-le-depart-d-un-homme-dune-grande-valeur-humaine\/\" \/>\n<meta property=\"og:locale\" content=\"fr_FR\" \/>\n<meta property=\"og:type\" content=\"article\" \/>\n<meta property=\"og:title\" content=\"D\u00e9c\u00e8s de Razack Omotoyossi : Ganiou Soglo loue le d\u00e9part d\u2019 \u00ab un homme d&#039;une grande valeur humaine&quot; - Le Patriote\" \/>\n<meta property=\"og:description\" content=\"L\u2019ancien ministre des sports, Ganiou Soglo\u00a0 a rendu un hommage \u00e0 l\u2019ex international b\u00e9ninois, Razack Omotoyossi apr\u00e8s son\u00a0 d\u00e9c\u00e8s survenu, mardi 19 ao\u00fbt\u00a0 2025 au Nigeria \u00e0 l\u2019\u00e2ge de 39&hellip;\" \/>\n<meta property=\"og:url\" content=\"https:\/\/lepatriotebenin.com\/index.php\/2025\/08\/20\/deces-de-razack-omotoyossi-ganiou-soglo-loue-le-depart-d-un-homme-dune-grande-valeur-humaine\/\" \/>\n<meta property=\"og:site_name\" content=\"Le Patriote\" \/>\n<meta property=\"article:published_time\" content=\"2025-08-20T06:19:08+00:00\" \/>\n<meta property=\"article:modified_time\" content=\"2025-08-20T06:21:24+00:00\" \/>\n<meta property=\"og:image\" content=\"https:\/\/lepatriotebenin.com\/wp-content\/uploads\/2025\/08\/omo-soglo.jpg\" \/>\n\t<meta property=\"og:image:width\" content=\"720\" \/>\n\t<meta property=\"og:image:height\" content=\"540\" \/>\n\t<meta property=\"og:image:type\" content=\"image\/jpeg\" \/>\n<meta name=\"author\" content=\"Roland AFFANOU\" \/>\n<meta name=\"twitter:card\" content=\"summary_large_image\" \/>\n<meta name=\"twitter:label1\" content=\"\u00c9crit par\" \/>\n\t<meta name=\"twitter:data1\" content=\"Roland AFFANOU\" \/>\n\t<meta name=\"twitter:label2\" content=\"Dur\u00e9e de lecture estim\u00e9e\" \/>\n\t<meta name=\"twitter:data2\" content=\"2 minutes\" \/>\n<script type=\"application\/ld+json\" class=\"yoast-schema-graph\">{\"@context\":\"https:\\\/\\\/schema.org\",\"@graph\":[{\"@type\":\"Article\",\"@id\":\"https:\\\/\\\/lepatriotebenin.com\\\/index.php\\\/2025\\\/08\\\/20\\\/deces-de-razack-omotoyossi-ganiou-soglo-loue-le-depart-d-un-homme-dune-grande-valeur-humaine\\\/#article\",\"isPartOf\":{\"@id\":\"https:\\\/\\\/lepatriotebenin.com\\\/index.php\\\/2025\\\/08\\\/20\\\/deces-de-razack-omotoyossi-ganiou-soglo-loue-le-depart-d-un-homme-dune-grande-valeur-humaine\\\/\"},\"author\":{\"name\":\"Roland AFFANOU\",\"@id\":\"https:\\\/\\\/lepatriotebenin.com\\\/#\\\/schema\\\/person\\\/4a9b67216c97d04045e01405c534c91f\"},\"headline\":\"D\u00e9c\u00e8s de Razack Omotoyossi : Ganiou Soglo loue le d\u00e9part d\u2019 \u00ab un homme d&rsquo;une grande valeur humaine\u00a0\u00bb\",\"datePublished\":\"2025-08-20T06:19:08+00:00\",\"dateModified\":\"2025-08-20T06:21:24+00:00\",\"mainEntityOfPage\":{\"@id\":\"https:\\\/\\\/lepatriotebenin.com\\\/index.php\\\/2025\\\/08\\\/20\\\/deces-de-razack-omotoyossi-ganiou-soglo-loue-le-depart-d-un-homme-dune-grande-valeur-humaine\\\/\"},\"wordCount\":242,\"commentCount\":0,\"image\":{\"@id\":\"https:\\\/\\\/lepatriotebenin.com\\\/index.php\\\/2025\\\/08\\\/20\\\/deces-de-razack-omotoyossi-ganiou-soglo-loue-le-depart-d-un-homme-dune-grande-valeur-humaine\\\/#primaryimage\"},\"thumbnailUrl\":\"https:\\\/\\\/lepatriotebenin.com\\\/wp-content\\\/uploads\\\/2025\\\/08\\\/omo-soglo.jpg\",\"articleSection\":[\"Sport\"],\"inLanguage\":\"fr-FR\",\"potentialAction\":[{\"@type\":\"CommentAction\",\"name\":\"Comment\",\"target\":[\"https:\\\/\\\/lepatriotebenin.com\\\/index.php\\\/2025\\\/08\\\/20\\\/deces-de-razack-omotoyossi-ganiou-soglo-loue-le-depart-d-un-homme-dune-grande-valeur-humaine\\\/#respond\"]}]},{\"@type\":\"WebPage\",\"@id\":\"https:\\\/\\\/lepatriotebenin.com\\\/index.php\\\/2025\\\/08\\\/20\\\/deces-de-razack-omotoyossi-ganiou-soglo-loue-le-depart-d-un-homme-dune-grande-valeur-humaine\\\/\",\"url\":\"https:\\\/\\\/lepatriotebenin.com\\\/index.php\\\/2025\\\/08\\\/20\\\/deces-de-razack-omotoyossi-ganiou-soglo-loue-le-depart-d-un-homme-dune-grande-valeur-humaine\\\/\",\"name\":\"D\u00e9c\u00e8s de Razack Omotoyossi : Ganiou Soglo loue le d\u00e9part d\u2019 \u00ab un homme d'une grande valeur humaine\\\" - Le Patriote\",\"isPartOf\":{\"@id\":\"https:\\\/\\\/lepatriotebenin.com\\\/#website\"},\"primaryImageOfPage\":{\"@id\":\"https:\\\/\\\/lepatriotebenin.com\\\/index.php\\\/2025\\\/08\\\/20\\\/deces-de-razack-omotoyossi-ganiou-soglo-loue-le-depart-d-un-homme-dune-grande-valeur-humaine\\\/#primaryimage\"},\"image\":{\"@id\":\"https:\\\/\\\/lepatriotebenin.com\\\/index.php\\\/2025\\\/08\\\/20\\\/deces-de-razack-omotoyossi-ganiou-soglo-loue-le-depart-d-un-homme-dune-grande-valeur-humaine\\\/#primaryimage\"},\"thumbnailUrl\":\"https:\\\/\\\/lepatriotebenin.com\\\/wp-content\\\/uploads\\\/2025\\\/08\\\/omo-soglo.jpg\",\"datePublished\":\"2025-08-20T06:19:08+00:00\",\"dateModified\":\"2025-08-20T06:21:24+00:00\",\"author\":{\"@id\":\"https:\\\/\\\/lepatriotebenin.com\\\/#\\\/schema\\\/person\\\/4a9b67216c97d04045e01405c534c91f\"},\"breadcrumb\":{\"@id\":\"https:\\\/\\\/lepatriotebenin.com\\\/index.php\\\/2025\\\/08\\\/20\\\/deces-de-razack-omotoyossi-ganiou-soglo-loue-le-depart-d-un-homme-dune-grande-valeur-humaine\\\/#breadcrumb\"},\"inLanguage\":\"fr-FR\",\"potentialAction\":[{\"@type\":\"ReadAction\",\"target\":[\"https:\\\/\\\/lepatriotebenin.com\\\/index.php\\\/2025\\\/08\\\/20\\\/deces-de-razack-omotoyossi-ganiou-soglo-loue-le-depart-d-un-homme-dune-grande-valeur-humaine\\\/\"]}]},{\"@type\":\"ImageObject\",\"inLanguage\":\"fr-FR\",\"@id\":\"https:\\\/\\\/lepatriotebenin.com\\\/index.php\\\/2025\\\/08\\\/20\\\/deces-de-razack-omotoyossi-ganiou-soglo-loue-le-depart-d-un-homme-dune-grande-valeur-humaine\\\/#primaryimage\",\"url\":\"https:\\\/\\\/lepatriotebenin.com\\\/wp-content\\\/uploads\\\/2025\\\/08\\\/omo-soglo.jpg\",\"contentUrl\":\"https:\\\/\\\/lepatriotebenin.com\\\/wp-content\\\/uploads\\\/2025\\\/08\\\/omo-soglo.jpg\",\"width\":720,\"height\":540},{\"@type\":\"BreadcrumbList\",\"@id\":\"https:\\\/\\\/lepatriotebenin.com\\\/index.php\\\/2025\\\/08\\\/20\\\/deces-de-razack-omotoyossi-ganiou-soglo-loue-le-depart-d-un-homme-dune-grande-valeur-humaine\\\/#breadcrumb\",\"itemListElement\":[{\"@type\":\"ListItem\",\"position\":1,\"name\":\"Accueil\",\"item\":\"https:\\\/\\\/lepatriotebenin.com\\\/\"},{\"@type\":\"ListItem\",\"position\":2,\"name\":\"D\u00e9c\u00e8s de Razack Omotoyossi : Ganiou Soglo loue le d\u00e9part d\u2019 \u00ab un homme d&rsquo;une grande valeur humaine\u00a0\u00bb\"}]},{\"@type\":\"WebSite\",\"@id\":\"https:\\\/\\\/lepatriotebenin.com\\\/#website\",\"url\":\"https:\\\/\\\/lepatriotebenin.com\\\/\",\"name\":\"Le Patriote\",\"description\":\"Le Patriote B\u00e9nin\",\"potentialAction\":[{\"@type\":\"SearchAction\",\"target\":{\"@type\":\"EntryPoint\",\"urlTemplate\":\"https:\\\/\\\/lepatriotebenin.com\\\/?s={search_term_string}\"},\"query-input\":{\"@type\":\"PropertyValueSpecification\",\"valueRequired\":true,\"valueName\":\"search_term_string\"}}],\"inLanguage\":\"fr-FR\"},{\"@type\":\"Person\",\"@id\":\"https:\\\/\\\/lepatriotebenin.com\\\/#\\\/schema\\\/person\\\/4a9b67216c97d04045e01405c534c91f\",\"name\":\"Roland AFFANOU\",\"image\":{\"@type\":\"ImageObject\",\"inLanguage\":\"fr-FR\",\"@id\":\"https:\\\/\\\/secure.gravatar.com\\\/avatar\\\/7209d3f6d2d47ea4d0c67e14d3effb61feb10ae540a4381280c66265de5bd643?s=96&d=mm&r=g\",\"url\":\"https:\\\/\\\/secure.gravatar.com\\\/avatar\\\/7209d3f6d2d47ea4d0c67e14d3effb61feb10ae540a4381280c66265de5bd643?s=96&d=mm&r=g\",\"contentUrl\":\"https:\\\/\\\/secure.gravatar.com\\\/avatar\\\/7209d3f6d2d47ea4d0c67e14d3effb61feb10ae540a4381280c66265de5bd643?s=96&d=mm&r=g\",\"caption\":\"Roland AFFANOU\"},\"url\":\"https:\\\/\\\/lepatriotebenin.com\"}]}<\/script>\n<!-- \/ Yoast SEO plugin. -->","yoast_head_json":{"title":"D\u00e9c\u00e8s de Razack Omotoyossi : Ganiou Soglo loue le d\u00e9part d\u2019 \u00ab un homme d'une grande valeur humaine\" - Le Patriote","robots":{"index":"index","follow":"follow","max-snippet":"max-snippet:-1","max-image-preview":"max-image-preview:large","max-video-preview":"max-video-preview:-1"},"canonical":"https:\/\/lepatriotebenin.com\/index.php\/2025\/08\/20\/deces-de-razack-omotoyossi-ganiou-soglo-loue-le-depart-d-un-homme-dune-grande-valeur-humaine\/","og_locale":"fr_FR","og_type":"article","og_title":"D\u00e9c\u00e8s de Razack Omotoyossi : Ganiou Soglo loue le d\u00e9part d\u2019 \u00ab un homme d'une grande valeur humaine\" - Le Patriote","og_description":"L\u2019ancien ministre des sports, Ganiou Soglo\u00a0 a rendu un hommage \u00e0 l\u2019ex international b\u00e9ninois, Razack Omotoyossi apr\u00e8s son\u00a0 d\u00e9c\u00e8s survenu, mardi 19 ao\u00fbt\u00a0 2025 au Nigeria \u00e0 l\u2019\u00e2ge de 39&hellip;","og_url":"https:\/\/lepatriotebenin.com\/index.php\/2025\/08\/20\/deces-de-razack-omotoyossi-ganiou-soglo-loue-le-depart-d-un-homme-dune-grande-valeur-humaine\/","og_site_name":"Le Patriote","article_published_time":"2025-08-20T06:19:08+00:00","article_modified_time":"2025-08-20T06:21:24+00:00","og_image":[{"width":720,"height":540,"url":"https:\/\/lepatriotebenin.com\/wp-content\/uploads\/2025\/08\/omo-soglo.jpg","type":"image\/jpeg"}],"author":"Roland AFFANOU","twitter_card":"summary_large_image","twitter_misc":{"\u00c9crit par":"Roland AFFANOU","Dur\u00e9e de lecture estim\u00e9e":"2 minutes"},"schema":{"@context":"https:\/\/schema.org","@graph":[{"@type":"Article","@id":"https:\/\/lepatriotebenin.com\/index.php\/2025\/08\/20\/deces-de-razack-omotoyossi-ganiou-soglo-loue-le-depart-d-un-homme-dune-grande-valeur-humaine\/#article","isPartOf":{"@id":"https:\/\/lepatriotebenin.com\/index.php\/2025\/08\/20\/deces-de-razack-omotoyossi-ganiou-soglo-loue-le-depart-d-un-homme-dune-grande-valeur-humaine\/"},"author":{"name":"Roland AFFANOU","@id":"https:\/\/lepatriotebenin.com\/#\/schema\/person\/4a9b67216c97d04045e01405c534c91f"},"headline":"D\u00e9c\u00e8s de Razack Omotoyossi : Ganiou Soglo loue le d\u00e9part d\u2019 \u00ab un homme d&rsquo;une grande valeur humaine\u00a0\u00bb","datePublished":"2025-08-20T06:19:08+00:00","dateModified":"2025-08-20T06:21:24+00:00","mainEntityOfPage":{"@id":"https:\/\/lepatriotebenin.com\/index.php\/2025\/08\/20\/deces-de-razack-omotoyossi-ganiou-soglo-loue-le-depart-d-un-homme-dune-grande-valeur-humaine\/"},"wordCount":242,"commentCount":0,"image":{"@id":"https:\/\/lepatriotebenin.com\/index.php\/2025\/08\/20\/deces-de-razack-omotoyossi-ganiou-soglo-loue-le-depart-d-un-homme-dune-grande-valeur-humaine\/#primaryimage"},"thumbnailUrl":"https:\/\/lepatriotebenin.com\/wp-content\/uploads\/2025\/08\/omo-soglo.jpg","articleSection":["Sport"],"inLanguage":"fr-FR","potentialAction":[{"@type":"CommentAction","name":"Comment","target":["https:\/\/lepatriotebenin.com\/index.php\/2025\/08\/20\/deces-de-razack-omotoyossi-ganiou-soglo-loue-le-depart-d-un-homme-dune-grande-valeur-humaine\/#respond"]}]},{"@type":"WebPage","@id":"https:\/\/lepatriotebenin.com\/index.php\/2025\/08\/20\/deces-de-razack-omotoyossi-ganiou-soglo-loue-le-depart-d-un-homme-dune-grande-valeur-humaine\/","url":"https:\/\/lepatriotebenin.com\/index.php\/2025\/08\/20\/deces-de-razack-omotoyossi-ganiou-soglo-loue-le-depart-d-un-homme-dune-grande-valeur-humaine\/","name":"D\u00e9c\u00e8s de Razack Omotoyossi : Ganiou Soglo loue le d\u00e9part d\u2019 \u00ab un homme d'une grande valeur humaine\" - Le Patriote","isPartOf":{"@id":"https:\/\/lepatriotebenin.com\/#website"},"primaryImageOfPage":{"@id":"https:\/\/lepatriotebenin.com\/index.php\/2025\/08\/20\/deces-de-razack-omotoyossi-ganiou-soglo-loue-le-depart-d-un-homme-dune-grande-valeur-humaine\/#primaryimage"},"image":{"@id":"https:\/\/lepatriotebenin.com\/index.php\/2025\/08\/20\/deces-de-razack-omotoyossi-ganiou-soglo-loue-le-depart-d-un-homme-dune-grande-valeur-humaine\/#primaryimage"},"thumbnailUrl":"https:\/\/lepatriotebenin.com\/wp-content\/uploads\/2025\/08\/omo-soglo.jpg","datePublished":"2025-08-20T06:19:08+00:00","dateModified":"2025-08-20T06:21:24+00:00","author":{"@id":"https:\/\/lepatriotebenin.com\/#\/schema\/person\/4a9b67216c97d04045e01405c534c91f"},"breadcrumb":{"@id":"https:\/\/lepatriotebenin.com\/index.php\/2025\/08\/20\/deces-de-razack-omotoyossi-ganiou-soglo-loue-le-depart-d-un-homme-dune-grande-valeur-humaine\/#breadcrumb"},"inLanguage":"fr-FR","potentialAction":[{"@type":"ReadAction","target":["https:\/\/lepatriotebenin.com\/index.php\/2025\/08\/20\/deces-de-razack-omotoyossi-ganiou-soglo-loue-le-depart-d-un-homme-dune-grande-valeur-humaine\/"]}]},{"@type":"ImageObject","inLanguage":"fr-FR","@id":"https:\/\/lepatriotebenin.com\/index.php\/2025\/08\/20\/deces-de-razack-omotoyossi-ganiou-soglo-loue-le-depart-d-un-homme-dune-grande-valeur-humaine\/#primaryimage","url":"https:\/\/lepatriotebenin.com\/wp-content\/uploads\/2025\/08\/omo-soglo.jpg","contentUrl":"https:\/\/lepatriotebenin.com\/wp-content\/uploads\/2025\/08\/omo-soglo.jpg","width":720,"height":540},{"@type":"BreadcrumbList","@id":"https:\/\/lepatriotebenin.com\/index.php\/2025\/08\/20\/deces-de-razack-omotoyossi-ganiou-soglo-loue-le-depart-d-un-homme-dune-grande-valeur-humaine\/#breadcrumb","itemListElement":[{"@type":"ListItem","position":1,"name":"Accueil","item":"https:\/\/lepatriotebenin.com\/"},{"@type":"ListItem","position":2,"name":"D\u00e9c\u00e8s de Razack Omotoyossi : Ganiou Soglo loue le d\u00e9part d\u2019 \u00ab un homme d&rsquo;une grande valeur humaine\u00a0\u00bb"}]},{"@type":"WebSite","@id":"https:\/\/lepatriotebenin.com\/#website","url":"https:\/\/lepatriotebenin.com\/","name":"Le Patriote","description":"Le Patriote B\u00e9nin","potentialAction":[{"@type":"SearchAction","target":{"@type":"EntryPoint","urlTemplate":"https:\/\/lepatriotebenin.com\/?s={search_term_string}"},"query-input":{"@type":"PropertyValueSpecification","valueRequired":true,"valueName":"search_term_string"}}],"inLanguage":"fr-FR"},{"@type":"Person","@id":"https:\/\/lepatriotebenin.com\/#\/schema\/person\/4a9b67216c97d04045e01405c534c91f","name":"Roland AFFANOU","image":{"@type":"ImageObject","inLanguage":"fr-FR","@id":"https:\/\/secure.gravatar.com\/avatar\/7209d3f6d2d47ea4d0c67e14d3effb61feb10ae540a4381280c66265de5bd643?s=96&d=mm&r=g","url":"https:\/\/secure.gravatar.com\/avatar\/7209d3f6d2d47ea4d0c67e14d3effb61feb10ae540a4381280c66265de5bd643?s=96&d=mm&r=g","contentUrl":"https:\/\/secure.gravatar.com\/avatar\/7209d3f6d2d47ea4d0c67e14d3effb61feb10ae540a4381280c66265de5bd643?s=96&d=mm&r=g","caption":"Roland AFFANOU"},"url":"https:\/\/lepatriotebenin.com"}]}},"_links":{"self":[{"href":"https:\/\/lepatriotebenin.com\/index.php\/wp-json\/wp\/v2\/posts\/13175","targetHints":{"allow":["GET"]}}],"collection":[{"href":"https:\/\/lepatriotebenin.com\/index.php\/wp-json\/wp\/v2\/posts"}],"about":[{"href":"https:\/\/lepatriotebenin.com\/index.php\/wp-json\/wp\/v2\/types\/post"}],"author":[{"embeddable":true,"href":"https:\/\/lepatriotebenin.com\/index.php\/wp-json\/wp\/v2\/users\/6"}],"replies":[{"embeddable":true,"href":"https:\/\/lepatriotebenin.com\/index.php\/wp-json\/wp\/v2\/comments?post=13175"}],"version-history":[{"count":3,"href":"https:\/\/lepatriotebenin.com\/index.php\/wp-json\/wp\/v2\/posts\/13175\/revisions"}],"predecessor-version":[{"id":13179,"href":"https:\/\/lepatriotebenin.com\/index.php\/wp-json\/wp\/v2\/posts\/13175\/revisions\/13179"}],"wp:featuredmedia":[{"embeddable":true,"href":"https:\/\/lepatriotebenin.com\/index.php\/wp-json\/wp\/v2\/media\/13176"}],"wp:attachment":[{"href":"https:\/\/lepatriotebenin.com\/index.php\/wp-json\/wp\/v2\/media?parent=13175"}],"wp:term":[{"taxonomy":"category","embeddable":true,"href":"https:\/\/lepatriotebenin.com\/index.php\/wp-json\/wp\/v2\/categories?post=13175"},{"taxonomy":"post_tag","embeddable":true,"href":"https:\/\/lepatriotebenin.com\/index.php\/wp-json\/wp\/v2\/tags?post=13175"}],"curies":[{"name":"wp","href":"https:\/\/api.w.org\/{rel}","templated":true}]}}