{"id":13172,"date":"2025-08-20T08:15:49","date_gmt":"2025-08-20T06:15:49","guid":{"rendered":"https:\/\/lepatriotebenin.com\/?p=13172"},"modified":"2025-08-20T08:15:49","modified_gmt":"2025-08-20T06:15:49","slug":"drame-sur-le-pont-du-fleuve-oueme-a-thio-10-autres-corps-retrouves","status":"publish","type":"post","link":"https:\/\/lepatriotebenin.com\/index.php\/2025\/08\/20\/drame-sur-le-pont-du-fleuve-oueme-a-thio-10-autres-corps-retrouves\/","title":{"rendered":"Drame sur le pont du fleuve Ou\u00e9m\u00e9 \u00e0 Thio : 10  autres corps retrouv\u00e9s"},"content":{"rendered":"<p><strong>\u00a0Ce mardi 19 ao\u00fbt 2025<\/strong> dans le fleuve Ou\u00e9m\u00e9 \u00e0 Thio, dans la Commune de Glazou\u00e9 , les \u00e9l\u00e9ments de l\u2019Agence\u00a0 b\u00e9ninoise de la Protection civile ( ABPC)\u00a0 et les p\u00e9cheurs mis \u00e0 contribution ont retrouv\u00e9 10 autres corps. Ce qui ram\u00e8ne \u00e0 6, le nombre de\u00a0 passagers encore port\u00e9s disparus.<\/p>\n<p>Il faut souligner que les recherches vont se poursuivre\u00a0 <strong>le<\/strong> long du fleuve dans la journ\u00e9e de ce <strong>mercredi 20 ao\u00fbt 2025 <\/strong>pour retrouver ces 6\u00a0 passagers encore introuvables afin de permettre aux familles de faire leur deuil.<\/p>\n","protected":false},"excerpt":{"rendered":"<p>\u00a0Ce mardi 19 ao\u00fbt 2025 dans le fleuve Ou\u00e9m\u00e9 \u00e0 Thio, dans la Commune de Glazou\u00e9 , les \u00e9l\u00e9ments de l\u2019Agence\u00a0 b\u00e9ninoise de la Protection civile ( ABPC)\u00a0 et les&hellip;<\/p>\n","protected":false},"author":6,"featured_media":13173,"comment_status":"open","ping_status":"open","sticky":false,"template":"","format":"standard","meta":{"content-type":"","om_disable_all_campaigns":false,"_monsterinsights_skip_tracking":false,"_monsterinsights_sitenote_active":false,"_monsterinsights_sitenote_note":"","_monsterinsights_sitenote_category":0,"_uf_show_specific_survey":0,"_uf_disable_surveys":false,"footnotes":""},"categories":[20],"tags":[],"class_list":["post-13172","post","type-post","status-publish","format-standard","has-post-thumbnail","hentry","category-societe"],"aioseo_notices":[],"yoast_head":"<!-- This site is optimized with the Yoast SEO plugin v27.5 - https:\/\/yoast.com\/product\/yoast-seo-wordpress\/ -->\n<title>Drame sur le pont du fleuve Ou\u00e9m\u00e9 \u00e0 Thio : 10 autres corps retrouv\u00e9s - Le Patriote<\/title>\n<meta name=\"robots\" content=\"index, follow, max-snippet:-1, max-image-preview:large, max-video-preview:-1\" \/>\n<link rel=\"canonical\" href=\"https:\/\/lepatriotebenin.com\/index.php\/2025\/08\/20\/drame-sur-le-pont-du-fleuve-oueme-a-thio-10-autres-corps-retrouves\/\" \/>\n<meta property=\"og:locale\" content=\"fr_FR\" \/>\n<meta property=\"og:type\" content=\"article\" \/>\n<meta property=\"og:title\" content=\"Drame sur le pont du fleuve Ou\u00e9m\u00e9 \u00e0 Thio : 10 autres corps retrouv\u00e9s - Le Patriote\" \/>\n<meta property=\"og:description\" content=\"\u00a0Ce mardi 19 ao\u00fbt 2025 dans le fleuve Ou\u00e9m\u00e9 \u00e0 Thio, dans la Commune de Glazou\u00e9 , les \u00e9l\u00e9ments de l\u2019Agence\u00a0 b\u00e9ninoise de la Protection civile ( ABPC)\u00a0 et les&hellip;\" \/>\n<meta property=\"og:url\" content=\"https:\/\/lepatriotebenin.com\/index.php\/2025\/08\/20\/drame-sur-le-pont-du-fleuve-oueme-a-thio-10-autres-corps-retrouves\/\" \/>\n<meta property=\"og:site_name\" content=\"Le Patriote\" \/>\n<meta property=\"article:published_time\" content=\"2025-08-20T06:15:49+00:00\" \/>\n<meta property=\"og:image\" content=\"https:\/\/lepatriotebenin.com\/wp-content\/uploads\/2025\/08\/thio.jpg\" \/>\n\t<meta property=\"og:image:width\" content=\"1008\" \/>\n\t<meta property=\"og:image:height\" content=\"756\" \/>\n\t<meta property=\"og:image:type\" content=\"image\/jpeg\" \/>\n<meta name=\"author\" content=\"Roland AFFANOU\" \/>\n<meta name=\"twitter:card\" content=\"summary_large_image\" \/>\n<meta name=\"twitter:label1\" content=\"\u00c9crit par\" \/>\n\t<meta name=\"twitter:data1\" content=\"Roland AFFANOU\" \/>\n\t<meta name=\"twitter:label2\" content=\"Dur\u00e9e de lecture estim\u00e9e\" \/>\n\t<meta name=\"twitter:data2\" content=\"1 minute\" \/>\n<script type=\"application\/ld+json\" class=\"yoast-schema-graph\">{\"@context\":\"https:\\\/\\\/schema.org\",\"@graph\":[{\"@type\":\"Article\",\"@id\":\"https:\\\/\\\/lepatriotebenin.com\\\/index.php\\\/2025\\\/08\\\/20\\\/drame-sur-le-pont-du-fleuve-oueme-a-thio-10-autres-corps-retrouves\\\/#article\",\"isPartOf\":{\"@id\":\"https:\\\/\\\/lepatriotebenin.com\\\/index.php\\\/2025\\\/08\\\/20\\\/drame-sur-le-pont-du-fleuve-oueme-a-thio-10-autres-corps-retrouves\\\/\"},\"author\":{\"name\":\"Roland AFFANOU\",\"@id\":\"https:\\\/\\\/lepatriotebenin.com\\\/#\\\/schema\\\/person\\\/4a9b67216c97d04045e01405c534c91f\"},\"headline\":\"Drame sur le pont du fleuve Ou\u00e9m\u00e9 \u00e0 Thio : 10 autres corps retrouv\u00e9s\",\"datePublished\":\"2025-08-20T06:15:49+00:00\",\"mainEntityOfPage\":{\"@id\":\"https:\\\/\\\/lepatriotebenin.com\\\/index.php\\\/2025\\\/08\\\/20\\\/drame-sur-le-pont-du-fleuve-oueme-a-thio-10-autres-corps-retrouves\\\/\"},\"wordCount\":100,\"commentCount\":0,\"image\":{\"@id\":\"https:\\\/\\\/lepatriotebenin.com\\\/index.php\\\/2025\\\/08\\\/20\\\/drame-sur-le-pont-du-fleuve-oueme-a-thio-10-autres-corps-retrouves\\\/#primaryimage\"},\"thumbnailUrl\":\"https:\\\/\\\/lepatriotebenin.com\\\/wp-content\\\/uploads\\\/2025\\\/08\\\/thio.jpg\",\"articleSection\":[\"Soci\u00e9t\u00e9\"],\"inLanguage\":\"fr-FR\",\"potentialAction\":[{\"@type\":\"CommentAction\",\"name\":\"Comment\",\"target\":[\"https:\\\/\\\/lepatriotebenin.com\\\/index.php\\\/2025\\\/08\\\/20\\\/drame-sur-le-pont-du-fleuve-oueme-a-thio-10-autres-corps-retrouves\\\/#respond\"]}]},{\"@type\":\"WebPage\",\"@id\":\"https:\\\/\\\/lepatriotebenin.com\\\/index.php\\\/2025\\\/08\\\/20\\\/drame-sur-le-pont-du-fleuve-oueme-a-thio-10-autres-corps-retrouves\\\/\",\"url\":\"https:\\\/\\\/lepatriotebenin.com\\\/index.php\\\/2025\\\/08\\\/20\\\/drame-sur-le-pont-du-fleuve-oueme-a-thio-10-autres-corps-retrouves\\\/\",\"name\":\"Drame sur le pont du fleuve Ou\u00e9m\u00e9 \u00e0 Thio : 10 autres corps retrouv\u00e9s - Le Patriote\",\"isPartOf\":{\"@id\":\"https:\\\/\\\/lepatriotebenin.com\\\/#website\"},\"primaryImageOfPage\":{\"@id\":\"https:\\\/\\\/lepatriotebenin.com\\\/index.php\\\/2025\\\/08\\\/20\\\/drame-sur-le-pont-du-fleuve-oueme-a-thio-10-autres-corps-retrouves\\\/#primaryimage\"},\"image\":{\"@id\":\"https:\\\/\\\/lepatriotebenin.com\\\/index.php\\\/2025\\\/08\\\/20\\\/drame-sur-le-pont-du-fleuve-oueme-a-thio-10-autres-corps-retrouves\\\/#primaryimage\"},\"thumbnailUrl\":\"https:\\\/\\\/lepatriotebenin.com\\\/wp-content\\\/uploads\\\/2025\\\/08\\\/thio.jpg\",\"datePublished\":\"2025-08-20T06:15:49+00:00\",\"author\":{\"@id\":\"https:\\\/\\\/lepatriotebenin.com\\\/#\\\/schema\\\/person\\\/4a9b67216c97d04045e01405c534c91f\"},\"breadcrumb\":{\"@id\":\"https:\\\/\\\/lepatriotebenin.com\\\/index.php\\\/2025\\\/08\\\/20\\\/drame-sur-le-pont-du-fleuve-oueme-a-thio-10-autres-corps-retrouves\\\/#breadcrumb\"},\"inLanguage\":\"fr-FR\",\"potentialAction\":[{\"@type\":\"ReadAction\",\"target\":[\"https:\\\/\\\/lepatriotebenin.com\\\/index.php\\\/2025\\\/08\\\/20\\\/drame-sur-le-pont-du-fleuve-oueme-a-thio-10-autres-corps-retrouves\\\/\"]}]},{\"@type\":\"ImageObject\",\"inLanguage\":\"fr-FR\",\"@id\":\"https:\\\/\\\/lepatriotebenin.com\\\/index.php\\\/2025\\\/08\\\/20\\\/drame-sur-le-pont-du-fleuve-oueme-a-thio-10-autres-corps-retrouves\\\/#primaryimage\",\"url\":\"https:\\\/\\\/lepatriotebenin.com\\\/wp-content\\\/uploads\\\/2025\\\/08\\\/thio.jpg\",\"contentUrl\":\"https:\\\/\\\/lepatriotebenin.com\\\/wp-content\\\/uploads\\\/2025\\\/08\\\/thio.jpg\",\"width\":1008,\"height\":756},{\"@type\":\"BreadcrumbList\",\"@id\":\"https:\\\/\\\/lepatriotebenin.com\\\/index.php\\\/2025\\\/08\\\/20\\\/drame-sur-le-pont-du-fleuve-oueme-a-thio-10-autres-corps-retrouves\\\/#breadcrumb\",\"itemListElement\":[{\"@type\":\"ListItem\",\"position\":1,\"name\":\"Accueil\",\"item\":\"https:\\\/\\\/lepatriotebenin.com\\\/\"},{\"@type\":\"ListItem\",\"position\":2,\"name\":\"Drame sur le pont du fleuve Ou\u00e9m\u00e9 \u00e0 Thio : 10 autres corps retrouv\u00e9s\"}]},{\"@type\":\"WebSite\",\"@id\":\"https:\\\/\\\/lepatriotebenin.com\\\/#website\",\"url\":\"https:\\\/\\\/lepatriotebenin.com\\\/\",\"name\":\"Le Patriote\",\"description\":\"Le Patriote B\u00e9nin\",\"potentialAction\":[{\"@type\":\"SearchAction\",\"target\":{\"@type\":\"EntryPoint\",\"urlTemplate\":\"https:\\\/\\\/lepatriotebenin.com\\\/?s={search_term_string}\"},\"query-input\":{\"@type\":\"PropertyValueSpecification\",\"valueRequired\":true,\"valueName\":\"search_term_string\"}}],\"inLanguage\":\"fr-FR\"},{\"@type\":\"Person\",\"@id\":\"https:\\\/\\\/lepatriotebenin.com\\\/#\\\/schema\\\/person\\\/4a9b67216c97d04045e01405c534c91f\",\"name\":\"Roland AFFANOU\",\"image\":{\"@type\":\"ImageObject\",\"inLanguage\":\"fr-FR\",\"@id\":\"https:\\\/\\\/secure.gravatar.com\\\/avatar\\\/7209d3f6d2d47ea4d0c67e14d3effb61feb10ae540a4381280c66265de5bd643?s=96&d=mm&r=g\",\"url\":\"https:\\\/\\\/secure.gravatar.com\\\/avatar\\\/7209d3f6d2d47ea4d0c67e14d3effb61feb10ae540a4381280c66265de5bd643?s=96&d=mm&r=g\",\"contentUrl\":\"https:\\\/\\\/secure.gravatar.com\\\/avatar\\\/7209d3f6d2d47ea4d0c67e14d3effb61feb10ae540a4381280c66265de5bd643?s=96&d=mm&r=g\",\"caption\":\"Roland AFFANOU\"},\"url\":\"https:\\\/\\\/lepatriotebenin.com\"}]}<\/script>\n<!-- \/ Yoast SEO plugin. -->","yoast_head_json":{"title":"Drame sur le pont du fleuve Ou\u00e9m\u00e9 \u00e0 Thio : 10 autres corps retrouv\u00e9s - Le Patriote","robots":{"index":"index","follow":"follow","max-snippet":"max-snippet:-1","max-image-preview":"max-image-preview:large","max-video-preview":"max-video-preview:-1"},"canonical":"https:\/\/lepatriotebenin.com\/index.php\/2025\/08\/20\/drame-sur-le-pont-du-fleuve-oueme-a-thio-10-autres-corps-retrouves\/","og_locale":"fr_FR","og_type":"article","og_title":"Drame sur le pont du fleuve Ou\u00e9m\u00e9 \u00e0 Thio : 10 autres corps retrouv\u00e9s - Le Patriote","og_description":"\u00a0Ce mardi 19 ao\u00fbt 2025 dans le fleuve Ou\u00e9m\u00e9 \u00e0 Thio, dans la Commune de Glazou\u00e9 , les \u00e9l\u00e9ments de l\u2019Agence\u00a0 b\u00e9ninoise de la Protection civile ( ABPC)\u00a0 et les&hellip;","og_url":"https:\/\/lepatriotebenin.com\/index.php\/2025\/08\/20\/drame-sur-le-pont-du-fleuve-oueme-a-thio-10-autres-corps-retrouves\/","og_site_name":"Le Patriote","article_published_time":"2025-08-20T06:15:49+00:00","og_image":[{"width":1008,"height":756,"url":"https:\/\/lepatriotebenin.com\/wp-content\/uploads\/2025\/08\/thio.jpg","type":"image\/jpeg"}],"author":"Roland AFFANOU","twitter_card":"summary_large_image","twitter_misc":{"\u00c9crit par":"Roland AFFANOU","Dur\u00e9e de lecture estim\u00e9e":"1 minute"},"schema":{"@context":"https:\/\/schema.org","@graph":[{"@type":"Article","@id":"https:\/\/lepatriotebenin.com\/index.php\/2025\/08\/20\/drame-sur-le-pont-du-fleuve-oueme-a-thio-10-autres-corps-retrouves\/#article","isPartOf":{"@id":"https:\/\/lepatriotebenin.com\/index.php\/2025\/08\/20\/drame-sur-le-pont-du-fleuve-oueme-a-thio-10-autres-corps-retrouves\/"},"author":{"name":"Roland AFFANOU","@id":"https:\/\/lepatriotebenin.com\/#\/schema\/person\/4a9b67216c97d04045e01405c534c91f"},"headline":"Drame sur le pont du fleuve Ou\u00e9m\u00e9 \u00e0 Thio : 10 autres corps retrouv\u00e9s","datePublished":"2025-08-20T06:15:49+00:00","mainEntityOfPage":{"@id":"https:\/\/lepatriotebenin.com\/index.php\/2025\/08\/20\/drame-sur-le-pont-du-fleuve-oueme-a-thio-10-autres-corps-retrouves\/"},"wordCount":100,"commentCount":0,"image":{"@id":"https:\/\/lepatriotebenin.com\/index.php\/2025\/08\/20\/drame-sur-le-pont-du-fleuve-oueme-a-thio-10-autres-corps-retrouves\/#primaryimage"},"thumbnailUrl":"https:\/\/lepatriotebenin.com\/wp-content\/uploads\/2025\/08\/thio.jpg","articleSection":["Soci\u00e9t\u00e9"],"inLanguage":"fr-FR","potentialAction":[{"@type":"CommentAction","name":"Comment","target":["https:\/\/lepatriotebenin.com\/index.php\/2025\/08\/20\/drame-sur-le-pont-du-fleuve-oueme-a-thio-10-autres-corps-retrouves\/#respond"]}]},{"@type":"WebPage","@id":"https:\/\/lepatriotebenin.com\/index.php\/2025\/08\/20\/drame-sur-le-pont-du-fleuve-oueme-a-thio-10-autres-corps-retrouves\/","url":"https:\/\/lepatriotebenin.com\/index.php\/2025\/08\/20\/drame-sur-le-pont-du-fleuve-oueme-a-thio-10-autres-corps-retrouves\/","name":"Drame sur le pont du fleuve Ou\u00e9m\u00e9 \u00e0 Thio : 10 autres corps retrouv\u00e9s - Le Patriote","isPartOf":{"@id":"https:\/\/lepatriotebenin.com\/#website"},"primaryImageOfPage":{"@id":"https:\/\/lepatriotebenin.com\/index.php\/2025\/08\/20\/drame-sur-le-pont-du-fleuve-oueme-a-thio-10-autres-corps-retrouves\/#primaryimage"},"image":{"@id":"https:\/\/lepatriotebenin.com\/index.php\/2025\/08\/20\/drame-sur-le-pont-du-fleuve-oueme-a-thio-10-autres-corps-retrouves\/#primaryimage"},"thumbnailUrl":"https:\/\/lepatriotebenin.com\/wp-content\/uploads\/2025\/08\/thio.jpg","datePublished":"2025-08-20T06:15:49+00:00","author":{"@id":"https:\/\/lepatriotebenin.com\/#\/schema\/person\/4a9b67216c97d04045e01405c534c91f"},"breadcrumb":{"@id":"https:\/\/lepatriotebenin.com\/index.php\/2025\/08\/20\/drame-sur-le-pont-du-fleuve-oueme-a-thio-10-autres-corps-retrouves\/#breadcrumb"},"inLanguage":"fr-FR","potentialAction":[{"@type":"ReadAction","target":["https:\/\/lepatriotebenin.com\/index.php\/2025\/08\/20\/drame-sur-le-pont-du-fleuve-oueme-a-thio-10-autres-corps-retrouves\/"]}]},{"@type":"ImageObject","inLanguage":"fr-FR","@id":"https:\/\/lepatriotebenin.com\/index.php\/2025\/08\/20\/drame-sur-le-pont-du-fleuve-oueme-a-thio-10-autres-corps-retrouves\/#primaryimage","url":"https:\/\/lepatriotebenin.com\/wp-content\/uploads\/2025\/08\/thio.jpg","contentUrl":"https:\/\/lepatriotebenin.com\/wp-content\/uploads\/2025\/08\/thio.jpg","width":1008,"height":756},{"@type":"BreadcrumbList","@id":"https:\/\/lepatriotebenin.com\/index.php\/2025\/08\/20\/drame-sur-le-pont-du-fleuve-oueme-a-thio-10-autres-corps-retrouves\/#breadcrumb","itemListElement":[{"@type":"ListItem","position":1,"name":"Accueil","item":"https:\/\/lepatriotebenin.com\/"},{"@type":"ListItem","position":2,"name":"Drame sur le pont du fleuve Ou\u00e9m\u00e9 \u00e0 Thio : 10 autres corps retrouv\u00e9s"}]},{"@type":"WebSite","@id":"https:\/\/lepatriotebenin.com\/#website","url":"https:\/\/lepatriotebenin.com\/","name":"Le Patriote","description":"Le Patriote B\u00e9nin","potentialAction":[{"@type":"SearchAction","target":{"@type":"EntryPoint","urlTemplate":"https:\/\/lepatriotebenin.com\/?s={search_term_string}"},"query-input":{"@type":"PropertyValueSpecification","valueRequired":true,"valueName":"search_term_string"}}],"inLanguage":"fr-FR"},{"@type":"Person","@id":"https:\/\/lepatriotebenin.com\/#\/schema\/person\/4a9b67216c97d04045e01405c534c91f","name":"Roland AFFANOU","image":{"@type":"ImageObject","inLanguage":"fr-FR","@id":"https:\/\/secure.gravatar.com\/avatar\/7209d3f6d2d47ea4d0c67e14d3effb61feb10ae540a4381280c66265de5bd643?s=96&d=mm&r=g","url":"https:\/\/secure.gravatar.com\/avatar\/7209d3f6d2d47ea4d0c67e14d3effb61feb10ae540a4381280c66265de5bd643?s=96&d=mm&r=g","contentUrl":"https:\/\/secure.gravatar.com\/avatar\/7209d3f6d2d47ea4d0c67e14d3effb61feb10ae540a4381280c66265de5bd643?s=96&d=mm&r=g","caption":"Roland AFFANOU"},"url":"https:\/\/lepatriotebenin.com"}]}},"_links":{"self":[{"href":"https:\/\/lepatriotebenin.com\/index.php\/wp-json\/wp\/v2\/posts\/13172","targetHints":{"allow":["GET"]}}],"collection":[{"href":"https:\/\/lepatriotebenin.com\/index.php\/wp-json\/wp\/v2\/posts"}],"about":[{"href":"https:\/\/lepatriotebenin.com\/index.php\/wp-json\/wp\/v2\/types\/post"}],"author":[{"embeddable":true,"href":"https:\/\/lepatriotebenin.com\/index.php\/wp-json\/wp\/v2\/users\/6"}],"replies":[{"embeddable":true,"href":"https:\/\/lepatriotebenin.com\/index.php\/wp-json\/wp\/v2\/comments?post=13172"}],"version-history":[{"count":1,"href":"https:\/\/lepatriotebenin.com\/index.php\/wp-json\/wp\/v2\/posts\/13172\/revisions"}],"predecessor-version":[{"id":13174,"href":"https:\/\/lepatriotebenin.com\/index.php\/wp-json\/wp\/v2\/posts\/13172\/revisions\/13174"}],"wp:featuredmedia":[{"embeddable":true,"href":"https:\/\/lepatriotebenin.com\/index.php\/wp-json\/wp\/v2\/media\/13173"}],"wp:attachment":[{"href":"https:\/\/lepatriotebenin.com\/index.php\/wp-json\/wp\/v2\/media?parent=13172"}],"wp:term":[{"taxonomy":"category","embeddable":true,"href":"https:\/\/lepatriotebenin.com\/index.php\/wp-json\/wp\/v2\/categories?post=13172"},{"taxonomy":"post_tag","embeddable":true,"href":"https:\/\/lepatriotebenin.com\/index.php\/wp-json\/wp\/v2\/tags?post=13172"}],"curies":[{"name":"wp","href":"https:\/\/api.w.org\/{rel}","templated":true}]}}