{"id":13149,"date":"2025-08-20T01:37:15","date_gmt":"2025-08-19T23:37:15","guid":{"rendered":"https:\/\/lepatriotebenin.com\/?p=13149"},"modified":"2025-08-20T01:37:15","modified_gmt":"2025-08-19T23:37:15","slug":"togo-une-ex-ministre-de-faure-gnassingbe-demande-sa-demission","status":"publish","type":"post","link":"https:\/\/lepatriotebenin.com\/index.php\/2025\/08\/20\/togo-une-ex-ministre-de-faure-gnassingbe-demande-sa-demission\/","title":{"rendered":"Togo : Une ex- ministre de Faure Gnassingb\u00e9 demande sa d\u00e9mission"},"content":{"rendered":"<p><strong><em>L\u2019ancienne ministre des Arm\u00e9es du Togo, Essossimna Marguerite GNAKAD\u00c9, a cr\u00e9\u00e9 la surprise ce dimanche 17 ao\u00fbt 2025, en diffusant une vid\u00e9o dans laquelle elle lance un appel pressant \u00e0 la d\u00e9mission de Faure Gnassingb\u00e9 et \u00e0 \u00a0la reconstruction du pays. Dans ce message solennel, relay\u00e9 massivement sur les r\u00e9seaux sociaux, elle affirme s\u2019exprimer pour la premi\u00e8re fois \u00ab en tant que citoyenne togolaise \u00bb, avec franchise et responsabilit\u00e9<\/em><\/strong>.<\/p>\n<p>Reconnaissant ses liens familiaux avec la famille pr\u00e9sidentielle, Mme GNAKAD\u00c9 insiste toutefois sur son ind\u00e9pendance de pens\u00e9e et son droit de parole : \u00ab Avant d\u2019\u00eatre li\u00e9e \u00e0 une famille, je suis avant tout une citoyenne togolaise. Garder le silence face aux d\u00e9rives que j\u2019ai constat\u00e9es quand j\u2019\u00e9tais dans le gouvernement serait trahir les valeurs qui me sont ch\u00e8res. \u00bb<\/p>\n<p>Son discours dresse un constat s\u00e9v\u00e8re de l\u2019histoire politique du Togo depuis l\u2019ind\u00e9pendance. Elle \u00e9voque \u00ab un cycle ininterrompu d\u2019abus, de violences et de r\u00e9pressions \u00bb, ayant conduit \u00e0 l\u2019exil ou \u00e0 la mort de nombreux citoyens. Pour elle, \u00ab le probl\u00e8me togolais n\u2019est pas une r\u00e9gion ni une communaut\u00e9, c\u2019est un syst\u00e8me qui a trahi les espoirs du peuple et qui doit \u00eatre chang\u00e9 \u00bb.<\/p>\n<p>L\u2019ancienne ministre appelle \u00e0 l\u2019unit\u00e9 et \u00e0 la fin de la peur : \u00ab Le silence, dans ce contexte, est une faute morale. L\u2019inaction est une complicit\u00e9. \u00bb Elle exhorte les Togolais, de l\u2019int\u00e9rieur comme de la diaspora, \u00e0 surmonter leurs divisions et \u00e0 s\u2019engager pour un avenir commun fond\u00e9 sur la justice et la r\u00e9conciliation. Allant plus loin, Mme GNAKAD\u00c9 demande la d\u00e9mission du pr\u00e9sident Faure Gnassingb\u00e9 afin de permettre \u00ab une transition apais\u00e9e, inclusive et nationale \u00bb. Elle interpelle \u00e9galement les forces de d\u00e9fense et de s\u00e9curit\u00e9 \u00e0 \u00ab se ranger aux c\u00f4t\u00e9s du peuple pour la lib\u00e9ration et la reconstruction du pays \u00bb.\u00ab Trop de sang a coul\u00e9 sur la terre de nos a\u00efeuls. Il est temps de le laver \u00bb, a-t-elle d\u00e9clar\u00e9, concluant sur un appel \u00e0 b\u00e2tir \u00ab un Togo nouveau, libre, juste et r\u00e9concili\u00e9 \u00bb.<\/p>\n<p><strong>Ez\u00e9chiel Dagb\u00e9gnon Padonou <\/strong><\/p>\n<p>&nbsp;<\/p>\n<p><strong>Voici l&rsquo;int\u00e9gralit\u00e9 du message diffus\u00e9 sur sa page Facebook <\/strong><\/p>\n<p><strong>APPEL \u00c0 LA RECONSTRUCTION DU TOGO<\/strong><\/p>\n<p><strong>Lom\u00e9, 17 Ao\u00fbt 2025<\/strong><\/p>\n<p><strong>Togolaises, Togolais.<\/strong><\/p>\n<p><strong>Ch\u00e8res concitoyennes, chers<\/strong> concitoyens<\/p>\n<p>Je suis Essossimna Marguerite GNAKAD\u00c9 ancienne ministre des Arm\u00e9es du Togo.<\/p>\n<p>Je viens vers vous aujourd\u2019hui, avec respect pour la premi\u00e8re fois en vid\u00e9o, en tant que citoyenne togolaise. Je viens vous parler avec franchise et responsabilit\u00e9, mais \u00e9galement avec un profond amour pour notre pays, le Togo.<\/p>\n<p>Je suis consciente que ma prise de position peut surprendre et d\u00e9ranger. Depuis la diffusion de mes tribunes, certains disent que je m\u2019exprime par amertume ou par frustration. D\u2019autres doutent de mes actions et, pensent que je ne peux pas vouloir d\u2019une sinc\u00e8re unit\u00e9, ou du changement.\u00a0 Je sais ce que cela peut repr\u00e9senter dans l\u2019imaginaire collectif.<\/p>\n<p>\u00c0 cela, je r\u00e9ponds : Oui, j\u2019ai des liens familiaux avec la famille Gnassingb\u00e9. Oui, mes enfants en sont issus. Cela est un fait. Mais il n\u2019enl\u00e8ve rien \u00e0 mon droit de m\u2019exprimer en toute conscience sur la situation du Togo.<\/p>\n<p>Avant d\u2019\u00eatre li\u00e9e \u00e0 une famille ou \u00e0 une communaut\u00e9, je suis avant tout une citoyenne togolaise, lucide qui n\u2019accepte pas de garder le silence face \u00e0 ce que subit mon pays, notre pays.<\/p>\n<p>Pourquoi devrais-je me taire, au motif de mes origines ethniques, de mes liens familiaux ou parce que j\u2019ai \u00e9t\u00e9 ministre et sous pr\u00e9texte d\u2019avoir b\u00e9n\u00e9fici\u00e9 du syst\u00e8me ?<\/p>\n<p>Garder le silence face aux d\u00e9rives que j\u2019ai constat\u00e9es quand j\u2019\u00e9tais dans le gouvernement serait trahir les valeurs qui me sont ch\u00e8res et qui constituent mes rep\u00e8res de vie. Ce serait renier ma conscience. Ce serait trahir le peuple togolais.<\/p>\n<p>C\u2019est donc en toute l\u00e9gitimit\u00e9 que je revendique aujourd\u2019hui mon droit de parole et que naturellement je me joins aux voix qui appellent au changement.<\/p>\n<p>Seuls les esprits ferm\u00e9s refusent d\u2019\u00e9voluer.<\/p>\n<p>Ch\u00e8res concitoyennes et chers concitoyens, Le silence, dans ce contexte, est une faute morale. L\u2019inaction est une complicit\u00e9 et il est important de ne pas laisser la peur dicter nos actions et nos choix car, c\u2019est en surmontant nos peurs que nous pouvons r\u00e9ellement avancer et agir de mani\u00e8re plus \u00e9clair\u00e9e et courageuse.<\/p>\n<p>D\u00e8s les premi\u00e8res heures de son ind\u00e9pendance, le Togo n\u2019a jamais connu la Paix. Pas la vraie, pas celle qui lib\u00e8re et qui rassemble. Le Togo est rest\u00e9 enferm\u00e9 dans un cycle ininterrompu d\u2019abus, de violences et de r\u00e9pressions contre sa propre population.<\/p>\n<p>&nbsp;<\/p>\n<p>Des parents ont \u00e9t\u00e9 tu\u00e9s pour leurs opinions, d\u2019autres contraints \u00e0 l\u2019exil, laissant derri\u00e8re eux, des g\u00e9n\u00e9rations meurtries, des familles bris\u00e9es et des enfants grandir dans la douleur.<\/p>\n<p>Des Togolais, qu\u2019ils soient du nord, du sud, de l\u2019est ou de l\u2019ouest, ont \u00e9t\u00e9 contraints de fuir leur propre pays, non pas pour une meilleure vie, mais pour survivre.<\/p>\n<p>Toutefois, il n\u2019y a pas que ceux qui sont partis. Il y a aussi ceux qui sont rest\u00e9s. Ceux qui vivent au Togo et qui ont appris \u00e0 se taire, par peur et par instinct de survie. Des citoyens emprisonn\u00e9s, priv\u00e9s de leurs droits les plus \u00e9l\u00e9mentaires et de leur dignit\u00e9.<\/p>\n<p>Nous pensons \u00e0 tous les Togolais, d\u2019ici et d\u2019ailleurs, qui portent en eux, des blessures profondes, des douleurs anciennes et des col\u00e8res l\u00e9gitimes. Il serait difficile d\u2019imaginer toute cette souffrance parce qu\u2019il faut la vivre pour la comprendre.<\/p>\n<p>Il est temps d\u2019arr\u00eater toutes ces souffrances, d\u2019assumer les erreurs du pass\u00e9 et de faire du Togo un pays de repentance, un pays de justice, un pays de m\u00e9moire. Ce sera le prix de la gu\u00e9rison et le seul chemin vers un pays de Pardon et vers une Paix r\u00e9elle.<\/p>\n<p>Nous devons aussi avoir en m\u00e9moire que le probl\u00e8me togolais n\u2019est pas une r\u00e9gion. Le probl\u00e8me n\u2019est pas non plus un nom de famille, ni une communaut\u00e9. Le Vrai probl\u00e8me, c\u2019est un syst\u00e8me qui a trahi les espoirs du peuple et ce syst\u00e8me doit \u00eatre combattu et chang\u00e9.<\/p>\n<p>Ch\u00e8res concitoyennes, chers concitoyens,<\/p>\n<p>Notre pays ne se construira pas dans la division, mais dans l\u2019unit\u00e9 afin de faire du Togo une NATION.<\/p>\n<p>Nous avons tous un r\u00f4le \u00e0 jouer afin que nos concitoyens de l\u2019ext\u00e9rieur puissent rentrer chez eux et que tous les Togolais vivent en paix, parlent sans peur et marchent sans crainte. C\u2019est Ensemble que nous reconstruirons notre pays dans la Fraternit\u00e9 et la D\u00e9termination. Le temps du silence est termin\u00e9. Le moment est venu de dire les choses avec clart\u00e9 : nous avons besoin d\u2019un Togo nouveau, d\u2019un pays libre, juste, r\u00e9concili\u00e9 et tourn\u00e9 vers l\u2019avenir.<\/p>\n<p>Le Togo est en effet un pays riche, dot\u00e9 de ressources humaines et naturelles consid\u00e9rables. Il devrait \u00eatre un mod\u00e8le de d\u00e9veloppement. H\u00e9las, les ann\u00e9es de privations de libert\u00e9s, de mauvaise gouvernance, de corruption end\u00e9mique et d\u2019impunit\u00e9 ont gravement compromis notre avenir collectif.<\/p>\n<p>Nous sommes conscients qu\u2019il n\u2019est pas facile de gouverner et de diriger, mais le r\u00e9gime actuel a eu le temps, les moyens et toutes les opportunit\u00e9s pour changer le destin du Togo. Malheureusement, il a \u00e9chou\u00e9 et Il n\u2019y a plus d\u2019excuse.<\/p>\n<p>Laisser Faure Gnassingb\u00e9 au pouvoir encore ne changera rien. Il doit d\u2019une mani\u00e8re responsable, d\u00e9missionner pour laisser la place \u00e0 une transition apais\u00e9e, inclusive et nationale en vue de la reconstruction de notre pays.<\/p>\n<p>Le peuple togolais doit prendre ses responsabilit\u00e9s pour intensifier son engagement citoyen dans la paix et la l\u00e9galit\u00e9, pour que le changement tant attendu devienne r\u00e9alit\u00e9.<\/p>\n<p>Le Togo doit rena\u00eetre.<\/p>\n<p>C\u2019est une r\u00e9alit\u00e9 historique : aucun peuple ne peut accepter ind\u00e9finiment cette oppression, cette mis\u00e8re, ce m\u00e9pris et cette injustice.<\/p>\n<p>Je saisie l\u2019occasion pour lancer un appel une fois de plus aux Forces Arm\u00e9es et aux Forces de D\u00e9fense et de S\u00e9curit\u00e9 \u00e0 se ranger aux c\u00f4t\u00e9s du peuple pour la lib\u00e9ration et la reconstruction de notre pays le Togo.<\/p>\n<p>Trop de sang a coul\u00e9 sur la terre de nos a\u00efeuls. Il est temps de le laver.<\/p>\n<p>Mes chers compatriotes,<\/p>\n<p>Ne laissons plus la peur dicter notre silence.<\/p>\n<p>Ne laissons plus la division nous emp\u00eacher de nous unir.<\/p>\n<p>Il est temps d\u2019\u00e9crire une nouvelle page.<\/p>\n<p>Il est temps de reconstruire un pays o\u00f9 chaque Togolais aura sa place, sa voix, et sa dignit\u00e9.<\/p>\n<p>Chers compatriotes, L\u2019histoire nous regarde. Nos enfants attendent.<\/p>\n<p>Et le Togo esp\u00e8re : Un seul Peuple. Une seule NATION. Un seul Avenir. Le N\u00d4TRE.<\/p>\n<p>Je vous remercie<\/p>\n<p>&nbsp;<\/p>\n<p><strong>Mme Essossimna Marguerite GNAKADE<\/strong><\/p>\n<p><strong>Ancienne\u00a0 Ministre\u00a0 des Arm\u00e9es\u00a0 du Togo<\/strong><\/p>\n","protected":false},"excerpt":{"rendered":"<p>L\u2019ancienne ministre des Arm\u00e9es du Togo, Essossimna Marguerite GNAKAD\u00c9, a cr\u00e9\u00e9 la surprise ce dimanche 17 ao\u00fbt 2025, en diffusant une vid\u00e9o dans laquelle elle lance un appel pressant \u00e0&hellip;<\/p>\n","protected":false},"author":5,"featured_media":13150,"comment_status":"open","ping_status":"open","sticky":false,"template":"","format":"standard","meta":{"content-type":"","om_disable_all_campaigns":false,"_monsterinsights_skip_tracking":false,"_monsterinsights_sitenote_active":false,"_monsterinsights_sitenote_note":"","_monsterinsights_sitenote_category":0,"_uf_show_specific_survey":0,"_uf_disable_surveys":false,"footnotes":""},"categories":[339],"tags":[],"class_list":["post-13149","post","type-post","status-publish","format-standard","has-post-thumbnail","hentry","category-afrique"],"aioseo_notices":[],"yoast_head":"<!-- This site is optimized with the Yoast SEO plugin v27.5 - https:\/\/yoast.com\/product\/yoast-seo-wordpress\/ -->\n<title>Togo : Une ex- ministre de Faure Gnassingb\u00e9 demande sa d\u00e9mission - Le Patriote<\/title>\n<meta name=\"robots\" content=\"index, follow, max-snippet:-1, max-image-preview:large, max-video-preview:-1\" \/>\n<link rel=\"canonical\" href=\"https:\/\/lepatriotebenin.com\/index.php\/2025\/08\/20\/togo-une-ex-ministre-de-faure-gnassingbe-demande-sa-demission\/\" \/>\n<meta property=\"og:locale\" content=\"fr_FR\" \/>\n<meta property=\"og:type\" content=\"article\" \/>\n<meta property=\"og:title\" content=\"Togo : Une ex- ministre de Faure Gnassingb\u00e9 demande sa d\u00e9mission - Le Patriote\" \/>\n<meta property=\"og:description\" content=\"L\u2019ancienne ministre des Arm\u00e9es du Togo, Essossimna Marguerite GNAKAD\u00c9, a cr\u00e9\u00e9 la surprise ce dimanche 17 ao\u00fbt 2025, en diffusant une vid\u00e9o dans laquelle elle lance un appel pressant \u00e0&hellip;\" \/>\n<meta property=\"og:url\" content=\"https:\/\/lepatriotebenin.com\/index.php\/2025\/08\/20\/togo-une-ex-ministre-de-faure-gnassingbe-demande-sa-demission\/\" \/>\n<meta property=\"og:site_name\" content=\"Le Patriote\" \/>\n<meta property=\"article:published_time\" content=\"2025-08-19T23:37:15+00:00\" \/>\n<meta property=\"og:image\" content=\"https:\/\/lepatriotebenin.com\/wp-content\/uploads\/2025\/08\/1755551162421.jpg\" \/>\n\t<meta property=\"og:image:width\" content=\"715\" \/>\n\t<meta property=\"og:image:height\" content=\"715\" \/>\n\t<meta property=\"og:image:type\" content=\"image\/jpeg\" \/>\n<meta name=\"author\" content=\"Redaction\" \/>\n<meta name=\"twitter:card\" content=\"summary_large_image\" \/>\n<meta name=\"twitter:label1\" content=\"\u00c9crit par\" \/>\n\t<meta name=\"twitter:data1\" content=\"Redaction\" \/>\n\t<meta name=\"twitter:label2\" content=\"Dur\u00e9e de lecture estim\u00e9e\" \/>\n\t<meta name=\"twitter:data2\" content=\"8 minutes\" \/>\n<script type=\"application\/ld+json\" class=\"yoast-schema-graph\">{\"@context\":\"https:\\\/\\\/schema.org\",\"@graph\":[{\"@type\":\"Article\",\"@id\":\"https:\\\/\\\/lepatriotebenin.com\\\/index.php\\\/2025\\\/08\\\/20\\\/togo-une-ex-ministre-de-faure-gnassingbe-demande-sa-demission\\\/#article\",\"isPartOf\":{\"@id\":\"https:\\\/\\\/lepatriotebenin.com\\\/index.php\\\/2025\\\/08\\\/20\\\/togo-une-ex-ministre-de-faure-gnassingbe-demande-sa-demission\\\/\"},\"author\":{\"name\":\"Redaction\",\"@id\":\"https:\\\/\\\/lepatriotebenin.com\\\/#\\\/schema\\\/person\\\/2e7709b9c9cc313e452d1136af61690f\"},\"headline\":\"Togo : Une ex- ministre de Faure Gnassingb\u00e9 demande sa d\u00e9mission\",\"datePublished\":\"2025-08-19T23:37:15+00:00\",\"mainEntityOfPage\":{\"@id\":\"https:\\\/\\\/lepatriotebenin.com\\\/index.php\\\/2025\\\/08\\\/20\\\/togo-une-ex-ministre-de-faure-gnassingbe-demande-sa-demission\\\/\"},\"wordCount\":1550,\"commentCount\":0,\"image\":{\"@id\":\"https:\\\/\\\/lepatriotebenin.com\\\/index.php\\\/2025\\\/08\\\/20\\\/togo-une-ex-ministre-de-faure-gnassingbe-demande-sa-demission\\\/#primaryimage\"},\"thumbnailUrl\":\"https:\\\/\\\/lepatriotebenin.com\\\/wp-content\\\/uploads\\\/2025\\\/08\\\/1755551162421.jpg\",\"articleSection\":[\"Afrique\"],\"inLanguage\":\"fr-FR\",\"potentialAction\":[{\"@type\":\"CommentAction\",\"name\":\"Comment\",\"target\":[\"https:\\\/\\\/lepatriotebenin.com\\\/index.php\\\/2025\\\/08\\\/20\\\/togo-une-ex-ministre-de-faure-gnassingbe-demande-sa-demission\\\/#respond\"]}]},{\"@type\":\"WebPage\",\"@id\":\"https:\\\/\\\/lepatriotebenin.com\\\/index.php\\\/2025\\\/08\\\/20\\\/togo-une-ex-ministre-de-faure-gnassingbe-demande-sa-demission\\\/\",\"url\":\"https:\\\/\\\/lepatriotebenin.com\\\/index.php\\\/2025\\\/08\\\/20\\\/togo-une-ex-ministre-de-faure-gnassingbe-demande-sa-demission\\\/\",\"name\":\"Togo : Une ex- ministre de Faure Gnassingb\u00e9 demande sa d\u00e9mission - Le Patriote\",\"isPartOf\":{\"@id\":\"https:\\\/\\\/lepatriotebenin.com\\\/#website\"},\"primaryImageOfPage\":{\"@id\":\"https:\\\/\\\/lepatriotebenin.com\\\/index.php\\\/2025\\\/08\\\/20\\\/togo-une-ex-ministre-de-faure-gnassingbe-demande-sa-demission\\\/#primaryimage\"},\"image\":{\"@id\":\"https:\\\/\\\/lepatriotebenin.com\\\/index.php\\\/2025\\\/08\\\/20\\\/togo-une-ex-ministre-de-faure-gnassingbe-demande-sa-demission\\\/#primaryimage\"},\"thumbnailUrl\":\"https:\\\/\\\/lepatriotebenin.com\\\/wp-content\\\/uploads\\\/2025\\\/08\\\/1755551162421.jpg\",\"datePublished\":\"2025-08-19T23:37:15+00:00\",\"author\":{\"@id\":\"https:\\\/\\\/lepatriotebenin.com\\\/#\\\/schema\\\/person\\\/2e7709b9c9cc313e452d1136af61690f\"},\"breadcrumb\":{\"@id\":\"https:\\\/\\\/lepatriotebenin.com\\\/index.php\\\/2025\\\/08\\\/20\\\/togo-une-ex-ministre-de-faure-gnassingbe-demande-sa-demission\\\/#breadcrumb\"},\"inLanguage\":\"fr-FR\",\"potentialAction\":[{\"@type\":\"ReadAction\",\"target\":[\"https:\\\/\\\/lepatriotebenin.com\\\/index.php\\\/2025\\\/08\\\/20\\\/togo-une-ex-ministre-de-faure-gnassingbe-demande-sa-demission\\\/\"]}]},{\"@type\":\"ImageObject\",\"inLanguage\":\"fr-FR\",\"@id\":\"https:\\\/\\\/lepatriotebenin.com\\\/index.php\\\/2025\\\/08\\\/20\\\/togo-une-ex-ministre-de-faure-gnassingbe-demande-sa-demission\\\/#primaryimage\",\"url\":\"https:\\\/\\\/lepatriotebenin.com\\\/wp-content\\\/uploads\\\/2025\\\/08\\\/1755551162421.jpg\",\"contentUrl\":\"https:\\\/\\\/lepatriotebenin.com\\\/wp-content\\\/uploads\\\/2025\\\/08\\\/1755551162421.jpg\",\"width\":715,\"height\":715},{\"@type\":\"BreadcrumbList\",\"@id\":\"https:\\\/\\\/lepatriotebenin.com\\\/index.php\\\/2025\\\/08\\\/20\\\/togo-une-ex-ministre-de-faure-gnassingbe-demande-sa-demission\\\/#breadcrumb\",\"itemListElement\":[{\"@type\":\"ListItem\",\"position\":1,\"name\":\"Accueil\",\"item\":\"https:\\\/\\\/lepatriotebenin.com\\\/\"},{\"@type\":\"ListItem\",\"position\":2,\"name\":\"Togo : Une ex- ministre de Faure Gnassingb\u00e9 demande sa d\u00e9mission\"}]},{\"@type\":\"WebSite\",\"@id\":\"https:\\\/\\\/lepatriotebenin.com\\\/#website\",\"url\":\"https:\\\/\\\/lepatriotebenin.com\\\/\",\"name\":\"Le Patriote\",\"description\":\"Le Patriote B\u00e9nin\",\"potentialAction\":[{\"@type\":\"SearchAction\",\"target\":{\"@type\":\"EntryPoint\",\"urlTemplate\":\"https:\\\/\\\/lepatriotebenin.com\\\/?s={search_term_string}\"},\"query-input\":{\"@type\":\"PropertyValueSpecification\",\"valueRequired\":true,\"valueName\":\"search_term_string\"}}],\"inLanguage\":\"fr-FR\"},{\"@type\":\"Person\",\"@id\":\"https:\\\/\\\/lepatriotebenin.com\\\/#\\\/schema\\\/person\\\/2e7709b9c9cc313e452d1136af61690f\",\"name\":\"Redaction\",\"image\":{\"@type\":\"ImageObject\",\"inLanguage\":\"fr-FR\",\"@id\":\"https:\\\/\\\/secure.gravatar.com\\\/avatar\\\/c4c509357859ea2ca2cbb6d8812898a73e4ef1ef9934c2e591d7e32face734d1?s=96&d=mm&r=g\",\"url\":\"https:\\\/\\\/secure.gravatar.com\\\/avatar\\\/c4c509357859ea2ca2cbb6d8812898a73e4ef1ef9934c2e591d7e32face734d1?s=96&d=mm&r=g\",\"contentUrl\":\"https:\\\/\\\/secure.gravatar.com\\\/avatar\\\/c4c509357859ea2ca2cbb6d8812898a73e4ef1ef9934c2e591d7e32face734d1?s=96&d=mm&r=g\",\"caption\":\"Redaction\"},\"url\":\"https:\\\/\\\/lepatriotebenin.com\"}]}<\/script>\n<!-- \/ Yoast SEO plugin. -->","yoast_head_json":{"title":"Togo : Une ex- ministre de Faure Gnassingb\u00e9 demande sa d\u00e9mission - Le Patriote","robots":{"index":"index","follow":"follow","max-snippet":"max-snippet:-1","max-image-preview":"max-image-preview:large","max-video-preview":"max-video-preview:-1"},"canonical":"https:\/\/lepatriotebenin.com\/index.php\/2025\/08\/20\/togo-une-ex-ministre-de-faure-gnassingbe-demande-sa-demission\/","og_locale":"fr_FR","og_type":"article","og_title":"Togo : Une ex- ministre de Faure Gnassingb\u00e9 demande sa d\u00e9mission - Le Patriote","og_description":"L\u2019ancienne ministre des Arm\u00e9es du Togo, Essossimna Marguerite GNAKAD\u00c9, a cr\u00e9\u00e9 la surprise ce dimanche 17 ao\u00fbt 2025, en diffusant une vid\u00e9o dans laquelle elle lance un appel pressant \u00e0&hellip;","og_url":"https:\/\/lepatriotebenin.com\/index.php\/2025\/08\/20\/togo-une-ex-ministre-de-faure-gnassingbe-demande-sa-demission\/","og_site_name":"Le Patriote","article_published_time":"2025-08-19T23:37:15+00:00","og_image":[{"width":715,"height":715,"url":"https:\/\/lepatriotebenin.com\/wp-content\/uploads\/2025\/08\/1755551162421.jpg","type":"image\/jpeg"}],"author":"Redaction","twitter_card":"summary_large_image","twitter_misc":{"\u00c9crit par":"Redaction","Dur\u00e9e de lecture estim\u00e9e":"8 minutes"},"schema":{"@context":"https:\/\/schema.org","@graph":[{"@type":"Article","@id":"https:\/\/lepatriotebenin.com\/index.php\/2025\/08\/20\/togo-une-ex-ministre-de-faure-gnassingbe-demande-sa-demission\/#article","isPartOf":{"@id":"https:\/\/lepatriotebenin.com\/index.php\/2025\/08\/20\/togo-une-ex-ministre-de-faure-gnassingbe-demande-sa-demission\/"},"author":{"name":"Redaction","@id":"https:\/\/lepatriotebenin.com\/#\/schema\/person\/2e7709b9c9cc313e452d1136af61690f"},"headline":"Togo : Une ex- ministre de Faure Gnassingb\u00e9 demande sa d\u00e9mission","datePublished":"2025-08-19T23:37:15+00:00","mainEntityOfPage":{"@id":"https:\/\/lepatriotebenin.com\/index.php\/2025\/08\/20\/togo-une-ex-ministre-de-faure-gnassingbe-demande-sa-demission\/"},"wordCount":1550,"commentCount":0,"image":{"@id":"https:\/\/lepatriotebenin.com\/index.php\/2025\/08\/20\/togo-une-ex-ministre-de-faure-gnassingbe-demande-sa-demission\/#primaryimage"},"thumbnailUrl":"https:\/\/lepatriotebenin.com\/wp-content\/uploads\/2025\/08\/1755551162421.jpg","articleSection":["Afrique"],"inLanguage":"fr-FR","potentialAction":[{"@type":"CommentAction","name":"Comment","target":["https:\/\/lepatriotebenin.com\/index.php\/2025\/08\/20\/togo-une-ex-ministre-de-faure-gnassingbe-demande-sa-demission\/#respond"]}]},{"@type":"WebPage","@id":"https:\/\/lepatriotebenin.com\/index.php\/2025\/08\/20\/togo-une-ex-ministre-de-faure-gnassingbe-demande-sa-demission\/","url":"https:\/\/lepatriotebenin.com\/index.php\/2025\/08\/20\/togo-une-ex-ministre-de-faure-gnassingbe-demande-sa-demission\/","name":"Togo : Une ex- ministre de Faure Gnassingb\u00e9 demande sa d\u00e9mission - Le Patriote","isPartOf":{"@id":"https:\/\/lepatriotebenin.com\/#website"},"primaryImageOfPage":{"@id":"https:\/\/lepatriotebenin.com\/index.php\/2025\/08\/20\/togo-une-ex-ministre-de-faure-gnassingbe-demande-sa-demission\/#primaryimage"},"image":{"@id":"https:\/\/lepatriotebenin.com\/index.php\/2025\/08\/20\/togo-une-ex-ministre-de-faure-gnassingbe-demande-sa-demission\/#primaryimage"},"thumbnailUrl":"https:\/\/lepatriotebenin.com\/wp-content\/uploads\/2025\/08\/1755551162421.jpg","datePublished":"2025-08-19T23:37:15+00:00","author":{"@id":"https:\/\/lepatriotebenin.com\/#\/schema\/person\/2e7709b9c9cc313e452d1136af61690f"},"breadcrumb":{"@id":"https:\/\/lepatriotebenin.com\/index.php\/2025\/08\/20\/togo-une-ex-ministre-de-faure-gnassingbe-demande-sa-demission\/#breadcrumb"},"inLanguage":"fr-FR","potentialAction":[{"@type":"ReadAction","target":["https:\/\/lepatriotebenin.com\/index.php\/2025\/08\/20\/togo-une-ex-ministre-de-faure-gnassingbe-demande-sa-demission\/"]}]},{"@type":"ImageObject","inLanguage":"fr-FR","@id":"https:\/\/lepatriotebenin.com\/index.php\/2025\/08\/20\/togo-une-ex-ministre-de-faure-gnassingbe-demande-sa-demission\/#primaryimage","url":"https:\/\/lepatriotebenin.com\/wp-content\/uploads\/2025\/08\/1755551162421.jpg","contentUrl":"https:\/\/lepatriotebenin.com\/wp-content\/uploads\/2025\/08\/1755551162421.jpg","width":715,"height":715},{"@type":"BreadcrumbList","@id":"https:\/\/lepatriotebenin.com\/index.php\/2025\/08\/20\/togo-une-ex-ministre-de-faure-gnassingbe-demande-sa-demission\/#breadcrumb","itemListElement":[{"@type":"ListItem","position":1,"name":"Accueil","item":"https:\/\/lepatriotebenin.com\/"},{"@type":"ListItem","position":2,"name":"Togo : Une ex- ministre de Faure Gnassingb\u00e9 demande sa d\u00e9mission"}]},{"@type":"WebSite","@id":"https:\/\/lepatriotebenin.com\/#website","url":"https:\/\/lepatriotebenin.com\/","name":"Le Patriote","description":"Le Patriote B\u00e9nin","potentialAction":[{"@type":"SearchAction","target":{"@type":"EntryPoint","urlTemplate":"https:\/\/lepatriotebenin.com\/?s={search_term_string}"},"query-input":{"@type":"PropertyValueSpecification","valueRequired":true,"valueName":"search_term_string"}}],"inLanguage":"fr-FR"},{"@type":"Person","@id":"https:\/\/lepatriotebenin.com\/#\/schema\/person\/2e7709b9c9cc313e452d1136af61690f","name":"Redaction","image":{"@type":"ImageObject","inLanguage":"fr-FR","@id":"https:\/\/secure.gravatar.com\/avatar\/c4c509357859ea2ca2cbb6d8812898a73e4ef1ef9934c2e591d7e32face734d1?s=96&d=mm&r=g","url":"https:\/\/secure.gravatar.com\/avatar\/c4c509357859ea2ca2cbb6d8812898a73e4ef1ef9934c2e591d7e32face734d1?s=96&d=mm&r=g","contentUrl":"https:\/\/secure.gravatar.com\/avatar\/c4c509357859ea2ca2cbb6d8812898a73e4ef1ef9934c2e591d7e32face734d1?s=96&d=mm&r=g","caption":"Redaction"},"url":"https:\/\/lepatriotebenin.com"}]}},"_links":{"self":[{"href":"https:\/\/lepatriotebenin.com\/index.php\/wp-json\/wp\/v2\/posts\/13149","targetHints":{"allow":["GET"]}}],"collection":[{"href":"https:\/\/lepatriotebenin.com\/index.php\/wp-json\/wp\/v2\/posts"}],"about":[{"href":"https:\/\/lepatriotebenin.com\/index.php\/wp-json\/wp\/v2\/types\/post"}],"author":[{"embeddable":true,"href":"https:\/\/lepatriotebenin.com\/index.php\/wp-json\/wp\/v2\/users\/5"}],"replies":[{"embeddable":true,"href":"https:\/\/lepatriotebenin.com\/index.php\/wp-json\/wp\/v2\/comments?post=13149"}],"version-history":[{"count":1,"href":"https:\/\/lepatriotebenin.com\/index.php\/wp-json\/wp\/v2\/posts\/13149\/revisions"}],"predecessor-version":[{"id":13151,"href":"https:\/\/lepatriotebenin.com\/index.php\/wp-json\/wp\/v2\/posts\/13149\/revisions\/13151"}],"wp:featuredmedia":[{"embeddable":true,"href":"https:\/\/lepatriotebenin.com\/index.php\/wp-json\/wp\/v2\/media\/13150"}],"wp:attachment":[{"href":"https:\/\/lepatriotebenin.com\/index.php\/wp-json\/wp\/v2\/media?parent=13149"}],"wp:term":[{"taxonomy":"category","embeddable":true,"href":"https:\/\/lepatriotebenin.com\/index.php\/wp-json\/wp\/v2\/categories?post=13149"},{"taxonomy":"post_tag","embeddable":true,"href":"https:\/\/lepatriotebenin.com\/index.php\/wp-json\/wp\/v2\/tags?post=13149"}],"curies":[{"name":"wp","href":"https:\/\/api.w.org\/{rel}","templated":true}]}}