{"id":13097,"date":"2025-08-18T02:33:12","date_gmt":"2025-08-18T00:33:12","guid":{"rendered":"https:\/\/lepatriotebenin.com\/?p=13097"},"modified":"2025-08-18T08:11:26","modified_gmt":"2025-08-18T06:11:26","slug":"retrouvailles-des-anciens-etudiants-de-cafret-a-porto-novo-une-4eme-edition-celebree-avec-faste","status":"publish","type":"post","link":"https:\/\/lepatriotebenin.com\/index.php\/2025\/08\/18\/retrouvailles-des-anciens-etudiants-de-cafret-a-porto-novo-une-4eme-edition-celebree-avec-faste\/","title":{"rendered":"Retrouvailles des anciens \u00e9tudiants de CAFRET : Une  4\u00e8 \u00e9dition c\u00e9l\u00e9br\u00e9e avec faste"},"content":{"rendered":"<p><strong>\u00a0( Dr Kassien O.Hounkonnou et Euphrem Affognon saluent la cr\u00e9ation du creuset )\u00a0<\/strong><\/p>\n<p>&nbsp;<\/p>\n<p>Resserrer les liens de\u00a0 solidarit\u00e9, de fraternit\u00e9, d\u2019entraide et de partage entre ses membres\u00a0 en cas d\u2019\u00e9v\u00e9nement heureux ou malheureux et d\u2019initier des projets\u00a0 et de\u00a0 les mettre\u00a0 en \u0153uvre pour son d\u00e9veloppement .Tels sont les objectifs vis\u00e9s par les anciens \u00e9tudiants du Centre africain de formation et\u00a0 de Recherche\u00a0 en technologie de pointe\u00a0 ( CAFRET ) en mettant, il y a environ 4 ans sur les fonts baptismaux l\u2019 Amicale des Anciens \u00e9tudiants de CAFRET). Les membres de cette Amicale se sont retrouv\u00e9s, le dimanche 17 ao\u00fbt 2025\u00a0 au Jardin des Plantes et de la Nature de Porto-Novo, d\u2019abord en Assembl\u00e9e g\u00e9n\u00e9rale ordinaire pour toiletter les textes qui les r\u00e9gissent cette association et ensuite pour c\u00e9l\u00e9brer la 4\u00e8me \u00e9dition de la f\u00eate de retrouvailles des Anciens Etudiants de CAFRET. Apr\u00e8s les amendements\u00a0 et l\u2019adoption du statut et r\u00e8glement int\u00e9rieur de l\u2019Amicale des anciens \u00e9tudiants de CAFRET, les participants \u00e0 cette\u00a0 Assembl\u00e9e g\u00e9n\u00e9rale ordinaire ont\u00a0 pourvu aux postes vacants du Secr\u00e9taire g\u00e9n\u00e9ral et de Conseiller. Ces deux postes sont d\u00e9sormais occup\u00e9s par les membres de CAFRET- Cotonou.<\/p>\n<p>Le Pr\u00e9sident de l\u2019Amicale des anciens \u00e9tudiants de CAFRET, <strong>Donatien Godonou<\/strong>\u00a0 a dans ses propos d\u00e9clar\u00e9 que l\u2019objectif principal de l\u2019organisation de cette Assembl\u00e9e G\u00e9n\u00e9rale,\u00a0 c\u2019est de \u00ab retrouver\u00a0 en famille. Car, dit-il, ils ont \u00ab tous \u00e9t\u00e9 \u00e9tudiants du m\u00eame \u00e9tablissement, du nom de CAFRET \u00bb. C\u2019est pour cela qu\u2019ils ont jug\u00e9 bon de se retrouver \u00ab chaque ann\u00e9e pour pouvoir discuter de comment \u00bb ils vont\u00a0\u00a0 s\u2019unir et se f\u00e9d\u00e9rer \u00ab pour trouver ensemble des portes de sortie \u00bb.\u00a0 \u00ab Encore que de nos jours, c&rsquo;est rien que dans\u00a0 les associations qu&rsquo;on trouve de bonnes id\u00e9es et en quoi l&rsquo;autre sera utile pour son prochain. Parce qu&rsquo;entre-temps nous avions \u00e9t\u00e9 \u00e9tudiants mais aujourd&rsquo;hui nous sommes dans divers horizons et comment allons-nous faire, m\u00eame si ce que nous allons f\u00e9d\u00e9rer ne serait pas utile \u00e0 nous, ce serait peut-\u00eatre utile \u00e0 nos enfants en quoi je suis comp\u00e9tent, je pourrais le faire et je pourrais toucher par mon coll\u00e8gue, mon fr\u00e8re, mon ami pour trouver d&rsquo;issu aux enfants \u00bb, a-t-il soulign\u00e9. Il a par ailleurs fait savoir que comparativement aux \u00e9ditions pass\u00e9es, les choses se sont\u00a0 faites de fa\u00e7on r\u00e9luisante pour\u00a0 cette 4\u00e8me \u00e9dition. Il esp\u00e8re par contre \u00ab de beaux moments pour les jours \u00e0 venir \u00bb. Il n\u2019a pas manqu\u00e9 de remercier le fond\u00e9 de Cafret,Dr Kassien O.Hounkonnou \u00ab qui a eu d&rsquo;abord cette id\u00e9e noble de cr\u00e9er une \u00e9cole \u00bb.Car selon lui, \u00abquelqu&rsquo;un qui cr\u00e9e une \u00e9cole, c&rsquo;est comme quelqu&rsquo;un qui donne de la vie parce qu&rsquo;un centre d&rsquo;\u00e9ducation ce n&rsquo;est pas permis \u00e0 n&rsquo;importe qui et tout ce que nous faisons aujourd&rsquo;hui va en son honneur et \u00e7a rehausse sa personnalit\u00e9 nous sommes tr\u00e8s fiers, nos intentions sont tr\u00e8s claires \u00bb.Pour\u00a0 les membres de CAFRET qui ne sont pas\u00a0 pr\u00e9sents, il a sugg\u00e9r\u00e9 qu\u2019 \u00abil faut vulgariser les nouvelles pour que ceux dans les hameaux les plus recul\u00e9s aient connaissance de la chose \u00bb.<\/p>\n<p>Quant\u00a0 au Censeur de CAFRET-Cotonou accompagn\u00e9 de certains membres d\u2019administration,\u00a0 il pense \u00ab qu&rsquo;on ne peut pas vivre en autarcie \u00bb. Pour lui,\u00a0 \u00ab c&rsquo;est tr\u00e8s bien de pouvoir f\u00e9d\u00e9rer les efforts pour pouvoir atteindre l&rsquo;objectif et un id\u00e9al commun \u00bb. \u00ab Pour atteindre\u00a0 un objectif\u00a0 et un id\u00e9al commun, il faut \u00eatre ensemble. Seuls, nous sommes forts mais ensemble, nous sommes invincibles \u00bb, a-t-il l\u00e2ch\u00e9. Il a pr\u00e9cis\u00e9 que \u00ab c&rsquo;est une tr\u00e8s bonne chose d&rsquo;avoir ensemble des projets, de voir rendre p\u00e9renne le nom de Cafret et de voir des jeunes dans le temps qui ont grandi, exercent aujourd&rsquo;hui des m\u00e9tiers et\u00a0 ont fr\u00e9quent\u00e9 une m\u00eame \u00e9cole pour aujourd&rsquo;hui se retrouver ensemble \u00bb avant d\u2019ajouter : \u00ab Et vouloir f\u00e9d\u00e9rer, perp\u00e9tuer le nom de leur \u00e9cole,\u00a0 c&rsquo;est encore encourageant \u00bb. C\u2019est\u00a0 pour czela qu\u2019il adh\u00e8re \u00e0\u00a0 \u00e0 100% \u00e0 cette initiative. Son souhait, c\u2019est de\u00a0 voir CAFRET Porto-Novo\u00a0 qui\u00a0 renait\u00a0 et une jeunesse forte au travers de cette union, autour d&rsquo;eux et\u00a0 des projets concrets.<\/p>\n<p>Remerciement<\/p>\n<p>Le fond\u00e9 de Cafret,Dr <strong>Kassien O.Hounkonnou e<\/strong>t le Directeur des \u00c9tudes, Mr <strong>Euphrem Affognon,remercient<\/strong> sinc\u00e8rement les anciens \u00e9l\u00e8ves de Cafret pour avoir cr\u00e9\u00e9 cette Association. Pr\u00e9cisons que pour le BAC 2025, CAFRET\u00a0 Cotonou a obtenu des r\u00e9sultats satisfaisants avec : S\u00e9rie D : 10\/13 ,\u00a0 S\u00e9rie B : 13\/19\u00a0 et S\u00e9rie A2 :\u00a0 1\/3<\/p>\n<p>&nbsp;<\/p>\n<p>&nbsp;<\/p>\n<p><img fetchpriority=\"high\" decoding=\"async\" class=\"alignnone size-medium wp-image-13099\" src=\"https:\/\/lepatriotebenin.com\/wp-content\/uploads\/2025\/08\/whatsapp-image-2025-08-17-a-14-55-08-06330bc8-300x225.jpg\" alt=\"\" width=\"300\" height=\"225\" srcset=\"https:\/\/lepatriotebenin.com\/wp-content\/uploads\/2025\/08\/whatsapp-image-2025-08-17-a-14-55-08-06330bc8-300x225.jpg 300w, https:\/\/lepatriotebenin.com\/wp-content\/uploads\/2025\/08\/whatsapp-image-2025-08-17-a-14-55-08-06330bc8-1024x768.jpg 1024w, https:\/\/lepatriotebenin.com\/wp-content\/uploads\/2025\/08\/whatsapp-image-2025-08-17-a-14-55-08-06330bc8-768x576.jpg 768w, https:\/\/lepatriotebenin.com\/wp-content\/uploads\/2025\/08\/whatsapp-image-2025-08-17-a-14-55-08-06330bc8-585x439.jpg 585w, https:\/\/lepatriotebenin.com\/wp-content\/uploads\/2025\/08\/whatsapp-image-2025-08-17-a-14-55-08-06330bc8.jpg 1080w\" sizes=\"(max-width: 300px) 100vw, 300px\" \/><img decoding=\"async\" class=\"alignnone size-medium wp-image-13100\" src=\"https:\/\/lepatriotebenin.com\/wp-content\/uploads\/2025\/08\/whatsapp-image-2025-08-18-a-00-59-41-9db93c99-300x225.jpg\" alt=\"\" width=\"300\" height=\"225\" srcset=\"https:\/\/lepatriotebenin.com\/wp-content\/uploads\/2025\/08\/whatsapp-image-2025-08-18-a-00-59-41-9db93c99-300x225.jpg 300w, https:\/\/lepatriotebenin.com\/wp-content\/uploads\/2025\/08\/whatsapp-image-2025-08-18-a-00-59-41-9db93c99-1024x768.jpg 1024w, https:\/\/lepatriotebenin.com\/wp-content\/uploads\/2025\/08\/whatsapp-image-2025-08-18-a-00-59-41-9db93c99-768x576.jpg 768w, https:\/\/lepatriotebenin.com\/wp-content\/uploads\/2025\/08\/whatsapp-image-2025-08-18-a-00-59-41-9db93c99-585x439.jpg 585w, https:\/\/lepatriotebenin.com\/wp-content\/uploads\/2025\/08\/whatsapp-image-2025-08-18-a-00-59-41-9db93c99.jpg 1080w\" sizes=\"(max-width: 300px) 100vw, 300px\" \/><img decoding=\"async\" class=\"alignnone size-medium wp-image-13101\" src=\"https:\/\/lepatriotebenin.com\/wp-content\/uploads\/2025\/08\/whatsapp-image-2025-08-17-a-14-55-09-9d6bb1a5-300x225.jpg\" alt=\"\" width=\"300\" height=\"225\" srcset=\"https:\/\/lepatriotebenin.com\/wp-content\/uploads\/2025\/08\/whatsapp-image-2025-08-17-a-14-55-09-9d6bb1a5-300x225.jpg 300w, https:\/\/lepatriotebenin.com\/wp-content\/uploads\/2025\/08\/whatsapp-image-2025-08-17-a-14-55-09-9d6bb1a5-1024x768.jpg 1024w, https:\/\/lepatriotebenin.com\/wp-content\/uploads\/2025\/08\/whatsapp-image-2025-08-17-a-14-55-09-9d6bb1a5-768x576.jpg 768w, https:\/\/lepatriotebenin.com\/wp-content\/uploads\/2025\/08\/whatsapp-image-2025-08-17-a-14-55-09-9d6bb1a5-585x439.jpg 585w, https:\/\/lepatriotebenin.com\/wp-content\/uploads\/2025\/08\/whatsapp-image-2025-08-17-a-14-55-09-9d6bb1a5.jpg 1080w\" sizes=\"(max-width: 300px) 100vw, 300px\" \/><\/p>\n","protected":false},"excerpt":{"rendered":"<p>\u00a0( Dr Kassien O.Hounkonnou et Euphrem Affognon saluent la cr\u00e9ation du creuset )\u00a0 &nbsp; Resserrer les liens de\u00a0 solidarit\u00e9, de fraternit\u00e9, d\u2019entraide et de partage entre ses membres\u00a0 en cas&hellip;<\/p>\n","protected":false},"author":6,"featured_media":13098,"comment_status":"open","ping_status":"open","sticky":false,"template":"","format":"standard","meta":{"content-type":"","om_disable_all_campaigns":false,"_monsterinsights_skip_tracking":false,"_monsterinsights_sitenote_active":false,"_monsterinsights_sitenote_note":"","_monsterinsights_sitenote_category":0,"_uf_show_specific_survey":0,"_uf_disable_surveys":false,"footnotes":""},"categories":[20],"tags":[],"class_list":["post-13097","post","type-post","status-publish","format-standard","has-post-thumbnail","hentry","category-societe"],"aioseo_notices":[],"yoast_head":"<!-- This site is optimized with the Yoast SEO plugin v27.5 - https:\/\/yoast.com\/product\/yoast-seo-wordpress\/ -->\n<title>Retrouvailles des anciens \u00e9tudiants de CAFRET : Une 4\u00e8 \u00e9dition c\u00e9l\u00e9br\u00e9e avec faste - Le Patriote<\/title>\n<meta name=\"robots\" content=\"index, follow, max-snippet:-1, max-image-preview:large, max-video-preview:-1\" \/>\n<link rel=\"canonical\" href=\"https:\/\/lepatriotebenin.com\/index.php\/2025\/08\/18\/retrouvailles-des-anciens-etudiants-de-cafret-a-porto-novo-une-4eme-edition-celebree-avec-faste\/\" \/>\n<meta property=\"og:locale\" content=\"fr_FR\" \/>\n<meta property=\"og:type\" content=\"article\" \/>\n<meta property=\"og:title\" content=\"Retrouvailles des anciens \u00e9tudiants de CAFRET : Une 4\u00e8 \u00e9dition c\u00e9l\u00e9br\u00e9e avec faste - Le Patriote\" \/>\n<meta property=\"og:description\" content=\"\u00a0( Dr Kassien O.Hounkonnou et Euphrem Affognon saluent la cr\u00e9ation du creuset )\u00a0 &nbsp; Resserrer les liens de\u00a0 solidarit\u00e9, de fraternit\u00e9, d\u2019entraide et de partage entre ses membres\u00a0 en cas&hellip;\" \/>\n<meta property=\"og:url\" content=\"https:\/\/lepatriotebenin.com\/index.php\/2025\/08\/18\/retrouvailles-des-anciens-etudiants-de-cafret-a-porto-novo-une-4eme-edition-celebree-avec-faste\/\" \/>\n<meta property=\"og:site_name\" content=\"Le Patriote\" \/>\n<meta property=\"article:published_time\" content=\"2025-08-18T00:33:12+00:00\" \/>\n<meta property=\"article:modified_time\" content=\"2025-08-18T06:11:26+00:00\" \/>\n<meta property=\"og:image\" content=\"https:\/\/lepatriotebenin.com\/wp-content\/uploads\/2025\/08\/whatsapp-image-2025-08-18-a-00-59-02-fb1f91fa.jpg\" \/>\n\t<meta property=\"og:image:width\" content=\"1080\" \/>\n\t<meta property=\"og:image:height\" content=\"810\" \/>\n\t<meta property=\"og:image:type\" content=\"image\/jpeg\" \/>\n<meta name=\"author\" content=\"Roland AFFANOU\" \/>\n<meta name=\"twitter:card\" content=\"summary_large_image\" \/>\n<meta name=\"twitter:label1\" content=\"\u00c9crit par\" \/>\n\t<meta name=\"twitter:data1\" content=\"Roland AFFANOU\" \/>\n\t<meta name=\"twitter:label2\" content=\"Dur\u00e9e de lecture estim\u00e9e\" \/>\n\t<meta name=\"twitter:data2\" content=\"5 minutes\" \/>\n<script type=\"application\/ld+json\" class=\"yoast-schema-graph\">{\"@context\":\"https:\\\/\\\/schema.org\",\"@graph\":[{\"@type\":\"Article\",\"@id\":\"https:\\\/\\\/lepatriotebenin.com\\\/index.php\\\/2025\\\/08\\\/18\\\/retrouvailles-des-anciens-etudiants-de-cafret-a-porto-novo-une-4eme-edition-celebree-avec-faste\\\/#article\",\"isPartOf\":{\"@id\":\"https:\\\/\\\/lepatriotebenin.com\\\/index.php\\\/2025\\\/08\\\/18\\\/retrouvailles-des-anciens-etudiants-de-cafret-a-porto-novo-une-4eme-edition-celebree-avec-faste\\\/\"},\"author\":{\"name\":\"Roland AFFANOU\",\"@id\":\"https:\\\/\\\/lepatriotebenin.com\\\/#\\\/schema\\\/person\\\/4a9b67216c97d04045e01405c534c91f\"},\"headline\":\"Retrouvailles des anciens \u00e9tudiants de CAFRET : Une 4\u00e8 \u00e9dition c\u00e9l\u00e9br\u00e9e avec faste\",\"datePublished\":\"2025-08-18T00:33:12+00:00\",\"dateModified\":\"2025-08-18T06:11:26+00:00\",\"mainEntityOfPage\":{\"@id\":\"https:\\\/\\\/lepatriotebenin.com\\\/index.php\\\/2025\\\/08\\\/18\\\/retrouvailles-des-anciens-etudiants-de-cafret-a-porto-novo-une-4eme-edition-celebree-avec-faste\\\/\"},\"wordCount\":824,\"commentCount\":0,\"image\":{\"@id\":\"https:\\\/\\\/lepatriotebenin.com\\\/index.php\\\/2025\\\/08\\\/18\\\/retrouvailles-des-anciens-etudiants-de-cafret-a-porto-novo-une-4eme-edition-celebree-avec-faste\\\/#primaryimage\"},\"thumbnailUrl\":\"https:\\\/\\\/lepatriotebenin.com\\\/wp-content\\\/uploads\\\/2025\\\/08\\\/whatsapp-image-2025-08-18-a-00-59-02-fb1f91fa.jpg\",\"articleSection\":[\"Soci\u00e9t\u00e9\"],\"inLanguage\":\"fr-FR\",\"potentialAction\":[{\"@type\":\"CommentAction\",\"name\":\"Comment\",\"target\":[\"https:\\\/\\\/lepatriotebenin.com\\\/index.php\\\/2025\\\/08\\\/18\\\/retrouvailles-des-anciens-etudiants-de-cafret-a-porto-novo-une-4eme-edition-celebree-avec-faste\\\/#respond\"]}]},{\"@type\":\"WebPage\",\"@id\":\"https:\\\/\\\/lepatriotebenin.com\\\/index.php\\\/2025\\\/08\\\/18\\\/retrouvailles-des-anciens-etudiants-de-cafret-a-porto-novo-une-4eme-edition-celebree-avec-faste\\\/\",\"url\":\"https:\\\/\\\/lepatriotebenin.com\\\/index.php\\\/2025\\\/08\\\/18\\\/retrouvailles-des-anciens-etudiants-de-cafret-a-porto-novo-une-4eme-edition-celebree-avec-faste\\\/\",\"name\":\"Retrouvailles des anciens \u00e9tudiants de CAFRET : Une 4\u00e8 \u00e9dition c\u00e9l\u00e9br\u00e9e avec faste - Le Patriote\",\"isPartOf\":{\"@id\":\"https:\\\/\\\/lepatriotebenin.com\\\/#website\"},\"primaryImageOfPage\":{\"@id\":\"https:\\\/\\\/lepatriotebenin.com\\\/index.php\\\/2025\\\/08\\\/18\\\/retrouvailles-des-anciens-etudiants-de-cafret-a-porto-novo-une-4eme-edition-celebree-avec-faste\\\/#primaryimage\"},\"image\":{\"@id\":\"https:\\\/\\\/lepatriotebenin.com\\\/index.php\\\/2025\\\/08\\\/18\\\/retrouvailles-des-anciens-etudiants-de-cafret-a-porto-novo-une-4eme-edition-celebree-avec-faste\\\/#primaryimage\"},\"thumbnailUrl\":\"https:\\\/\\\/lepatriotebenin.com\\\/wp-content\\\/uploads\\\/2025\\\/08\\\/whatsapp-image-2025-08-18-a-00-59-02-fb1f91fa.jpg\",\"datePublished\":\"2025-08-18T00:33:12+00:00\",\"dateModified\":\"2025-08-18T06:11:26+00:00\",\"author\":{\"@id\":\"https:\\\/\\\/lepatriotebenin.com\\\/#\\\/schema\\\/person\\\/4a9b67216c97d04045e01405c534c91f\"},\"breadcrumb\":{\"@id\":\"https:\\\/\\\/lepatriotebenin.com\\\/index.php\\\/2025\\\/08\\\/18\\\/retrouvailles-des-anciens-etudiants-de-cafret-a-porto-novo-une-4eme-edition-celebree-avec-faste\\\/#breadcrumb\"},\"inLanguage\":\"fr-FR\",\"potentialAction\":[{\"@type\":\"ReadAction\",\"target\":[\"https:\\\/\\\/lepatriotebenin.com\\\/index.php\\\/2025\\\/08\\\/18\\\/retrouvailles-des-anciens-etudiants-de-cafret-a-porto-novo-une-4eme-edition-celebree-avec-faste\\\/\"]}]},{\"@type\":\"ImageObject\",\"inLanguage\":\"fr-FR\",\"@id\":\"https:\\\/\\\/lepatriotebenin.com\\\/index.php\\\/2025\\\/08\\\/18\\\/retrouvailles-des-anciens-etudiants-de-cafret-a-porto-novo-une-4eme-edition-celebree-avec-faste\\\/#primaryimage\",\"url\":\"https:\\\/\\\/lepatriotebenin.com\\\/wp-content\\\/uploads\\\/2025\\\/08\\\/whatsapp-image-2025-08-18-a-00-59-02-fb1f91fa.jpg\",\"contentUrl\":\"https:\\\/\\\/lepatriotebenin.com\\\/wp-content\\\/uploads\\\/2025\\\/08\\\/whatsapp-image-2025-08-18-a-00-59-02-fb1f91fa.jpg\",\"width\":1080,\"height\":810},{\"@type\":\"BreadcrumbList\",\"@id\":\"https:\\\/\\\/lepatriotebenin.com\\\/index.php\\\/2025\\\/08\\\/18\\\/retrouvailles-des-anciens-etudiants-de-cafret-a-porto-novo-une-4eme-edition-celebree-avec-faste\\\/#breadcrumb\",\"itemListElement\":[{\"@type\":\"ListItem\",\"position\":1,\"name\":\"Accueil\",\"item\":\"https:\\\/\\\/lepatriotebenin.com\\\/\"},{\"@type\":\"ListItem\",\"position\":2,\"name\":\"Retrouvailles des anciens \u00e9tudiants de CAFRET : Une 4\u00e8 \u00e9dition c\u00e9l\u00e9br\u00e9e avec faste\"}]},{\"@type\":\"WebSite\",\"@id\":\"https:\\\/\\\/lepatriotebenin.com\\\/#website\",\"url\":\"https:\\\/\\\/lepatriotebenin.com\\\/\",\"name\":\"Le Patriote\",\"description\":\"Le Patriote B\u00e9nin\",\"potentialAction\":[{\"@type\":\"SearchAction\",\"target\":{\"@type\":\"EntryPoint\",\"urlTemplate\":\"https:\\\/\\\/lepatriotebenin.com\\\/?s={search_term_string}\"},\"query-input\":{\"@type\":\"PropertyValueSpecification\",\"valueRequired\":true,\"valueName\":\"search_term_string\"}}],\"inLanguage\":\"fr-FR\"},{\"@type\":\"Person\",\"@id\":\"https:\\\/\\\/lepatriotebenin.com\\\/#\\\/schema\\\/person\\\/4a9b67216c97d04045e01405c534c91f\",\"name\":\"Roland AFFANOU\",\"image\":{\"@type\":\"ImageObject\",\"inLanguage\":\"fr-FR\",\"@id\":\"https:\\\/\\\/secure.gravatar.com\\\/avatar\\\/7209d3f6d2d47ea4d0c67e14d3effb61feb10ae540a4381280c66265de5bd643?s=96&d=mm&r=g\",\"url\":\"https:\\\/\\\/secure.gravatar.com\\\/avatar\\\/7209d3f6d2d47ea4d0c67e14d3effb61feb10ae540a4381280c66265de5bd643?s=96&d=mm&r=g\",\"contentUrl\":\"https:\\\/\\\/secure.gravatar.com\\\/avatar\\\/7209d3f6d2d47ea4d0c67e14d3effb61feb10ae540a4381280c66265de5bd643?s=96&d=mm&r=g\",\"caption\":\"Roland AFFANOU\"},\"url\":\"https:\\\/\\\/lepatriotebenin.com\"}]}<\/script>\n<!-- \/ Yoast SEO plugin. -->","yoast_head_json":{"title":"Retrouvailles des anciens \u00e9tudiants de CAFRET : Une 4\u00e8 \u00e9dition c\u00e9l\u00e9br\u00e9e avec faste - Le Patriote","robots":{"index":"index","follow":"follow","max-snippet":"max-snippet:-1","max-image-preview":"max-image-preview:large","max-video-preview":"max-video-preview:-1"},"canonical":"https:\/\/lepatriotebenin.com\/index.php\/2025\/08\/18\/retrouvailles-des-anciens-etudiants-de-cafret-a-porto-novo-une-4eme-edition-celebree-avec-faste\/","og_locale":"fr_FR","og_type":"article","og_title":"Retrouvailles des anciens \u00e9tudiants de CAFRET : Une 4\u00e8 \u00e9dition c\u00e9l\u00e9br\u00e9e avec faste - Le Patriote","og_description":"\u00a0( Dr Kassien O.Hounkonnou et Euphrem Affognon saluent la cr\u00e9ation du creuset )\u00a0 &nbsp; Resserrer les liens de\u00a0 solidarit\u00e9, de fraternit\u00e9, d\u2019entraide et de partage entre ses membres\u00a0 en cas&hellip;","og_url":"https:\/\/lepatriotebenin.com\/index.php\/2025\/08\/18\/retrouvailles-des-anciens-etudiants-de-cafret-a-porto-novo-une-4eme-edition-celebree-avec-faste\/","og_site_name":"Le Patriote","article_published_time":"2025-08-18T00:33:12+00:00","article_modified_time":"2025-08-18T06:11:26+00:00","og_image":[{"width":1080,"height":810,"url":"https:\/\/lepatriotebenin.com\/wp-content\/uploads\/2025\/08\/whatsapp-image-2025-08-18-a-00-59-02-fb1f91fa.jpg","type":"image\/jpeg"}],"author":"Roland AFFANOU","twitter_card":"summary_large_image","twitter_misc":{"\u00c9crit par":"Roland AFFANOU","Dur\u00e9e de lecture estim\u00e9e":"5 minutes"},"schema":{"@context":"https:\/\/schema.org","@graph":[{"@type":"Article","@id":"https:\/\/lepatriotebenin.com\/index.php\/2025\/08\/18\/retrouvailles-des-anciens-etudiants-de-cafret-a-porto-novo-une-4eme-edition-celebree-avec-faste\/#article","isPartOf":{"@id":"https:\/\/lepatriotebenin.com\/index.php\/2025\/08\/18\/retrouvailles-des-anciens-etudiants-de-cafret-a-porto-novo-une-4eme-edition-celebree-avec-faste\/"},"author":{"name":"Roland AFFANOU","@id":"https:\/\/lepatriotebenin.com\/#\/schema\/person\/4a9b67216c97d04045e01405c534c91f"},"headline":"Retrouvailles des anciens \u00e9tudiants de CAFRET : Une 4\u00e8 \u00e9dition c\u00e9l\u00e9br\u00e9e avec faste","datePublished":"2025-08-18T00:33:12+00:00","dateModified":"2025-08-18T06:11:26+00:00","mainEntityOfPage":{"@id":"https:\/\/lepatriotebenin.com\/index.php\/2025\/08\/18\/retrouvailles-des-anciens-etudiants-de-cafret-a-porto-novo-une-4eme-edition-celebree-avec-faste\/"},"wordCount":824,"commentCount":0,"image":{"@id":"https:\/\/lepatriotebenin.com\/index.php\/2025\/08\/18\/retrouvailles-des-anciens-etudiants-de-cafret-a-porto-novo-une-4eme-edition-celebree-avec-faste\/#primaryimage"},"thumbnailUrl":"https:\/\/lepatriotebenin.com\/wp-content\/uploads\/2025\/08\/whatsapp-image-2025-08-18-a-00-59-02-fb1f91fa.jpg","articleSection":["Soci\u00e9t\u00e9"],"inLanguage":"fr-FR","potentialAction":[{"@type":"CommentAction","name":"Comment","target":["https:\/\/lepatriotebenin.com\/index.php\/2025\/08\/18\/retrouvailles-des-anciens-etudiants-de-cafret-a-porto-novo-une-4eme-edition-celebree-avec-faste\/#respond"]}]},{"@type":"WebPage","@id":"https:\/\/lepatriotebenin.com\/index.php\/2025\/08\/18\/retrouvailles-des-anciens-etudiants-de-cafret-a-porto-novo-une-4eme-edition-celebree-avec-faste\/","url":"https:\/\/lepatriotebenin.com\/index.php\/2025\/08\/18\/retrouvailles-des-anciens-etudiants-de-cafret-a-porto-novo-une-4eme-edition-celebree-avec-faste\/","name":"Retrouvailles des anciens \u00e9tudiants de CAFRET : Une 4\u00e8 \u00e9dition c\u00e9l\u00e9br\u00e9e avec faste - Le Patriote","isPartOf":{"@id":"https:\/\/lepatriotebenin.com\/#website"},"primaryImageOfPage":{"@id":"https:\/\/lepatriotebenin.com\/index.php\/2025\/08\/18\/retrouvailles-des-anciens-etudiants-de-cafret-a-porto-novo-une-4eme-edition-celebree-avec-faste\/#primaryimage"},"image":{"@id":"https:\/\/lepatriotebenin.com\/index.php\/2025\/08\/18\/retrouvailles-des-anciens-etudiants-de-cafret-a-porto-novo-une-4eme-edition-celebree-avec-faste\/#primaryimage"},"thumbnailUrl":"https:\/\/lepatriotebenin.com\/wp-content\/uploads\/2025\/08\/whatsapp-image-2025-08-18-a-00-59-02-fb1f91fa.jpg","datePublished":"2025-08-18T00:33:12+00:00","dateModified":"2025-08-18T06:11:26+00:00","author":{"@id":"https:\/\/lepatriotebenin.com\/#\/schema\/person\/4a9b67216c97d04045e01405c534c91f"},"breadcrumb":{"@id":"https:\/\/lepatriotebenin.com\/index.php\/2025\/08\/18\/retrouvailles-des-anciens-etudiants-de-cafret-a-porto-novo-une-4eme-edition-celebree-avec-faste\/#breadcrumb"},"inLanguage":"fr-FR","potentialAction":[{"@type":"ReadAction","target":["https:\/\/lepatriotebenin.com\/index.php\/2025\/08\/18\/retrouvailles-des-anciens-etudiants-de-cafret-a-porto-novo-une-4eme-edition-celebree-avec-faste\/"]}]},{"@type":"ImageObject","inLanguage":"fr-FR","@id":"https:\/\/lepatriotebenin.com\/index.php\/2025\/08\/18\/retrouvailles-des-anciens-etudiants-de-cafret-a-porto-novo-une-4eme-edition-celebree-avec-faste\/#primaryimage","url":"https:\/\/lepatriotebenin.com\/wp-content\/uploads\/2025\/08\/whatsapp-image-2025-08-18-a-00-59-02-fb1f91fa.jpg","contentUrl":"https:\/\/lepatriotebenin.com\/wp-content\/uploads\/2025\/08\/whatsapp-image-2025-08-18-a-00-59-02-fb1f91fa.jpg","width":1080,"height":810},{"@type":"BreadcrumbList","@id":"https:\/\/lepatriotebenin.com\/index.php\/2025\/08\/18\/retrouvailles-des-anciens-etudiants-de-cafret-a-porto-novo-une-4eme-edition-celebree-avec-faste\/#breadcrumb","itemListElement":[{"@type":"ListItem","position":1,"name":"Accueil","item":"https:\/\/lepatriotebenin.com\/"},{"@type":"ListItem","position":2,"name":"Retrouvailles des anciens \u00e9tudiants de CAFRET : Une 4\u00e8 \u00e9dition c\u00e9l\u00e9br\u00e9e avec faste"}]},{"@type":"WebSite","@id":"https:\/\/lepatriotebenin.com\/#website","url":"https:\/\/lepatriotebenin.com\/","name":"Le Patriote","description":"Le Patriote B\u00e9nin","potentialAction":[{"@type":"SearchAction","target":{"@type":"EntryPoint","urlTemplate":"https:\/\/lepatriotebenin.com\/?s={search_term_string}"},"query-input":{"@type":"PropertyValueSpecification","valueRequired":true,"valueName":"search_term_string"}}],"inLanguage":"fr-FR"},{"@type":"Person","@id":"https:\/\/lepatriotebenin.com\/#\/schema\/person\/4a9b67216c97d04045e01405c534c91f","name":"Roland AFFANOU","image":{"@type":"ImageObject","inLanguage":"fr-FR","@id":"https:\/\/secure.gravatar.com\/avatar\/7209d3f6d2d47ea4d0c67e14d3effb61feb10ae540a4381280c66265de5bd643?s=96&d=mm&r=g","url":"https:\/\/secure.gravatar.com\/avatar\/7209d3f6d2d47ea4d0c67e14d3effb61feb10ae540a4381280c66265de5bd643?s=96&d=mm&r=g","contentUrl":"https:\/\/secure.gravatar.com\/avatar\/7209d3f6d2d47ea4d0c67e14d3effb61feb10ae540a4381280c66265de5bd643?s=96&d=mm&r=g","caption":"Roland AFFANOU"},"url":"https:\/\/lepatriotebenin.com"}]}},"_links":{"self":[{"href":"https:\/\/lepatriotebenin.com\/index.php\/wp-json\/wp\/v2\/posts\/13097","targetHints":{"allow":["GET"]}}],"collection":[{"href":"https:\/\/lepatriotebenin.com\/index.php\/wp-json\/wp\/v2\/posts"}],"about":[{"href":"https:\/\/lepatriotebenin.com\/index.php\/wp-json\/wp\/v2\/types\/post"}],"author":[{"embeddable":true,"href":"https:\/\/lepatriotebenin.com\/index.php\/wp-json\/wp\/v2\/users\/6"}],"replies":[{"embeddable":true,"href":"https:\/\/lepatriotebenin.com\/index.php\/wp-json\/wp\/v2\/comments?post=13097"}],"version-history":[{"count":3,"href":"https:\/\/lepatriotebenin.com\/index.php\/wp-json\/wp\/v2\/posts\/13097\/revisions"}],"predecessor-version":[{"id":13123,"href":"https:\/\/lepatriotebenin.com\/index.php\/wp-json\/wp\/v2\/posts\/13097\/revisions\/13123"}],"wp:featuredmedia":[{"embeddable":true,"href":"https:\/\/lepatriotebenin.com\/index.php\/wp-json\/wp\/v2\/media\/13098"}],"wp:attachment":[{"href":"https:\/\/lepatriotebenin.com\/index.php\/wp-json\/wp\/v2\/media?parent=13097"}],"wp:term":[{"taxonomy":"category","embeddable":true,"href":"https:\/\/lepatriotebenin.com\/index.php\/wp-json\/wp\/v2\/categories?post=13097"},{"taxonomy":"post_tag","embeddable":true,"href":"https:\/\/lepatriotebenin.com\/index.php\/wp-json\/wp\/v2\/tags?post=13097"}],"curies":[{"name":"wp","href":"https:\/\/api.w.org\/{rel}","templated":true}]}}