{"id":13094,"date":"2025-08-18T02:20:42","date_gmt":"2025-08-18T00:20:42","guid":{"rendered":"https:\/\/lepatriotebenin.com\/?p=13094"},"modified":"2025-08-18T02:20:42","modified_gmt":"2025-08-18T00:20:42","slug":"emploi-et-autonomie-des-jeunes-au-benin-le-kit-civique-volontaire-un-tremplin-pour-une-insertion-professionnelle","status":"publish","type":"post","link":"https:\/\/lepatriotebenin.com\/index.php\/2025\/08\/18\/emploi-et-autonomie-des-jeunes-au-benin-le-kit-civique-volontaire-un-tremplin-pour-une-insertion-professionnelle\/","title":{"rendered":"Emploi et  autonomie des jeunes au B\u00e9nin :  Le  \u201cKit Civique Volontaire\u201d, un tremplin pour  une Insertion professionnelle"},"content":{"rendered":"<p><em><strong>Donner aux jeunes b\u00e9ninois, quelle que soit leurs origines sociales, les moyens de s\u2019ins\u00e9rer durablement dans la vie active, contribuer au d\u00e9veloppement local et devenir des citoyens autonomes, responsables et engag\u00e9s.\u00a0 Tels sont\u00a0 les objectifs vis\u00e9s par le\u00a0 pr\u00e9sident de\u00a0 l\u2019Institut de l\u2019\u00catre, Martial Kpochan, en initiant le \u00ab\u00a0Kit Civique Volontaire\u00a0\u00bb, ceci apr\u00e8s avoir marqu\u00e9 les esprits avec le concept de \u00ab l\u2019\u00e9cole de la deuxi\u00e8me chance \u00bb.<\/strong><\/em><\/p>\n<p>C\u2019est un outil r\u00e9volutionnaire en mati\u00e8re de d\u00e9veloppement personnel\u00a0 et d\u2019int\u00e9gration professionnelle. Lanc\u00e9 il y a quelques jours, le Kit Civique Volontaire est\u00a0 bas\u00e9\u00a0 sur trois piliers fondateurs. Il s\u2019agit\u00a0du <em><strong>d\u00e9veloppement de l\u2019\u00eatre<\/strong> <\/em>pour mieux avoir, en mettant l\u2019accent sur le savoir-\u00eatre et les valeurs humaines comme socle de toute r\u00e9ussite, l<em><strong>a\u00a0 multiplication les opportunit\u00e9s d\u2019insertion<\/strong><\/em> gr\u00e2ce \u00e0 des passerelles concr\u00e8tes entre formation et emploi et <em><strong>l\u2019implication des jeunes dans la dynamique locale<\/strong><\/em>, pour qu\u2019ils soient acteurs de changement et non simples spectateurs.\u00a0 Le\u00a0 pr\u00e9sident de l\u2019Institut de l\u2019\u00catre a expliqu\u00e9\u00a0 qu\u2019ils\u2019agit d\u2019\u00ab accompagner chaque jeune dans un parcours qui r\u00e9concilie d\u00e9veloppement personnel, engagement citoyen et pr\u00e9paration au monde professionnel \u00bb. Le programme\u00a0 est subdivis\u00e9\u00a0 en quatre \u00e9tapes. Les volontaires effectuent une mission d\u2019int\u00e9r\u00eat g\u00e9n\u00e9ral dans l\u2019\u00e9ducation, la sant\u00e9, l\u2019environnement, la culture, le sport ou le num\u00e9rique sous la supervision de mentors locaux. Cette mission d\u2019int\u00e9r\u00eat\u00a0 g\u00e9n\u00e9ral permet de d\u00e9celer\u00a0 en eux leurs talents,\u00a0 aspirations et besoins en formation.<\/p>\n<p>Le Kit Skill, d\u00e9veloppement personnel et comp\u00e9tences humaines, cette phase aborde les soft skills (communication, leadership, gestion du temps, esprit d\u2019\u00e9quipe\u2026), la citoyennet\u00e9, la responsabilit\u00e9 sociale et la pr\u00e9paration \u00e0 l\u2019emploi (r\u00e9daction de CV, pr\u00e9paration aux entretiens, connaissance des codes professionnels). \u00a0\u00a0Il\u00a0 y a aussi la\u00a0 formation professionnelle et immersion. Dans ce cas, les jeunes suivent une formation courte (3 \u00e0 6 mois) dans un secteur porteur : artisanat, agriculture modernis\u00e9e, m\u00e9tiers du digital, tourisme, services, \u00e9nergies renouvelables\u2026 Des stages ou des immersions en entreprise, avec une initiation \u00e0 l\u2019entrepreneuriat et un acc\u00e8s possible \u00e0 des micro-financements\u00a0 sont effectu\u00e9s par ces derniers. Permis de conduire, inclus dans le programme, l\u2019obtention du permis A ou B vise \u00e0 renforcer la mobilit\u00e9 et l\u2019employabilit\u00e9 des jeunes, notamment pour les m\u00e9tiers n\u00e9cessitant des d\u00e9placements fr\u00e9quents.<\/p>\n<p><strong>Un accompagnement et des ambitions claires<\/strong><\/p>\n<p>Le \u00a0Kit Civique Volontaire offre un v\u00e9ritable cadre protecteur et stimulant \u00e0 chaque participant. Pendant toute la dur\u00e9e du programme, les volontaires re\u00e7oivent une allocation mensuelle modeste, destin\u00e9e \u00e0 couvrir leurs frais de transport et de repas, afin qu\u2019aucun obstacle financier ne freine leur engagement.<\/p>\n<p>Au-del\u00e0 du soutien mat\u00e9riel, chaque jeune est accompagn\u00e9 par un mentor, un professionnel exp\u00e9riment\u00e9, un acteur de terrain ou un ancien volontaire \u00a0qui le guide, l\u2019encourage et l\u2019aide \u00e0 surmonter les difficult\u00e9s rencontr\u00e9es. Ce mentorat personnalis\u00e9 constitue l\u2019une des forces du dispositif : il permet un suivi attentif, une orientation plus pr\u00e9cise et un appui moral constant. L\u2019accompagnement se poursuit m\u00eame apr\u00e8s la fin des sessions, gr\u00e2ce \u00e0 un suivi post-programme d\u2019une dur\u00e9e de 12 mois. Durant cette p\u00e9riode, les jeunes b\u00e9n\u00e9ficient de conseils, d\u2019opportunit\u00e9s de mise en r\u00e9seau et d\u2019un appui pour concr\u00e9tiser leurs projets professionnels ou entrepreneuriaux. Cette approche progressive et durable vise \u00e0 s\u00e9curiser leur insertion, \u00e0 \u00e9viter le retour \u00e0 l\u2019inactivit\u00e9 et \u00e0 favoriser une trajectoire professionnelle stable.<\/p>\n<p>&nbsp;<\/p>\n","protected":false},"excerpt":{"rendered":"<p>Donner aux jeunes b\u00e9ninois, quelle que soit leurs origines sociales, les moyens de s\u2019ins\u00e9rer durablement dans la vie active, contribuer au d\u00e9veloppement local et devenir des citoyens autonomes, responsables et&hellip;<\/p>\n","protected":false},"author":6,"featured_media":13095,"comment_status":"open","ping_status":"open","sticky":false,"template":"","format":"standard","meta":{"content-type":"","om_disable_all_campaigns":false,"_monsterinsights_skip_tracking":false,"_monsterinsights_sitenote_active":false,"_monsterinsights_sitenote_note":"","_monsterinsights_sitenote_category":0,"_uf_show_specific_survey":0,"_uf_disable_surveys":false,"footnotes":""},"categories":[20],"tags":[],"class_list":["post-13094","post","type-post","status-publish","format-standard","has-post-thumbnail","hentry","category-societe"],"aioseo_notices":[],"yoast_head":"<!-- This site is optimized with the Yoast SEO plugin v27.5 - https:\/\/yoast.com\/product\/yoast-seo-wordpress\/ -->\n<title>Emploi et autonomie des jeunes au B\u00e9nin : Le \u201cKit Civique Volontaire\u201d, un tremplin pour une Insertion professionnelle - Le Patriote<\/title>\n<meta name=\"robots\" content=\"index, follow, max-snippet:-1, max-image-preview:large, max-video-preview:-1\" \/>\n<link rel=\"canonical\" href=\"https:\/\/lepatriotebenin.com\/index.php\/2025\/08\/18\/emploi-et-autonomie-des-jeunes-au-benin-le-kit-civique-volontaire-un-tremplin-pour-une-insertion-professionnelle\/\" \/>\n<meta property=\"og:locale\" content=\"fr_FR\" \/>\n<meta property=\"og:type\" content=\"article\" \/>\n<meta property=\"og:title\" content=\"Emploi et autonomie des jeunes au B\u00e9nin : Le \u201cKit Civique Volontaire\u201d, un tremplin pour une Insertion professionnelle - Le Patriote\" \/>\n<meta property=\"og:description\" content=\"Donner aux jeunes b\u00e9ninois, quelle que soit leurs origines sociales, les moyens de s\u2019ins\u00e9rer durablement dans la vie active, contribuer au d\u00e9veloppement local et devenir des citoyens autonomes, responsables et&hellip;\" \/>\n<meta property=\"og:url\" content=\"https:\/\/lepatriotebenin.com\/index.php\/2025\/08\/18\/emploi-et-autonomie-des-jeunes-au-benin-le-kit-civique-volontaire-un-tremplin-pour-une-insertion-professionnelle\/\" \/>\n<meta property=\"og:site_name\" content=\"Le Patriote\" \/>\n<meta property=\"article:published_time\" content=\"2025-08-18T00:20:42+00:00\" \/>\n<meta property=\"og:image\" content=\"https:\/\/lepatriotebenin.com\/wp-content\/uploads\/2025\/08\/whatsapp-image-2025-08-18-a-00-35-42-2519d0ca.jpg\" \/>\n\t<meta property=\"og:image:width\" content=\"902\" \/>\n\t<meta property=\"og:image:height\" content=\"1006\" \/>\n\t<meta property=\"og:image:type\" content=\"image\/jpeg\" \/>\n<meta name=\"author\" content=\"Roland AFFANOU\" \/>\n<meta name=\"twitter:card\" content=\"summary_large_image\" \/>\n<meta name=\"twitter:label1\" content=\"\u00c9crit par\" \/>\n\t<meta name=\"twitter:data1\" content=\"Roland AFFANOU\" \/>\n\t<meta name=\"twitter:label2\" content=\"Dur\u00e9e de lecture estim\u00e9e\" \/>\n\t<meta name=\"twitter:data2\" content=\"3 minutes\" \/>\n<script type=\"application\/ld+json\" class=\"yoast-schema-graph\">{\"@context\":\"https:\\\/\\\/schema.org\",\"@graph\":[{\"@type\":\"Article\",\"@id\":\"https:\\\/\\\/lepatriotebenin.com\\\/index.php\\\/2025\\\/08\\\/18\\\/emploi-et-autonomie-des-jeunes-au-benin-le-kit-civique-volontaire-un-tremplin-pour-une-insertion-professionnelle\\\/#article\",\"isPartOf\":{\"@id\":\"https:\\\/\\\/lepatriotebenin.com\\\/index.php\\\/2025\\\/08\\\/18\\\/emploi-et-autonomie-des-jeunes-au-benin-le-kit-civique-volontaire-un-tremplin-pour-une-insertion-professionnelle\\\/\"},\"author\":{\"name\":\"Roland AFFANOU\",\"@id\":\"https:\\\/\\\/lepatriotebenin.com\\\/#\\\/schema\\\/person\\\/4a9b67216c97d04045e01405c534c91f\"},\"headline\":\"Emploi et autonomie des jeunes au B\u00e9nin : Le \u201cKit Civique Volontaire\u201d, un tremplin pour une Insertion professionnelle\",\"datePublished\":\"2025-08-18T00:20:42+00:00\",\"mainEntityOfPage\":{\"@id\":\"https:\\\/\\\/lepatriotebenin.com\\\/index.php\\\/2025\\\/08\\\/18\\\/emploi-et-autonomie-des-jeunes-au-benin-le-kit-civique-volontaire-un-tremplin-pour-une-insertion-professionnelle\\\/\"},\"wordCount\":630,\"commentCount\":0,\"image\":{\"@id\":\"https:\\\/\\\/lepatriotebenin.com\\\/index.php\\\/2025\\\/08\\\/18\\\/emploi-et-autonomie-des-jeunes-au-benin-le-kit-civique-volontaire-un-tremplin-pour-une-insertion-professionnelle\\\/#primaryimage\"},\"thumbnailUrl\":\"https:\\\/\\\/lepatriotebenin.com\\\/wp-content\\\/uploads\\\/2025\\\/08\\\/whatsapp-image-2025-08-18-a-00-35-42-2519d0ca.jpg\",\"articleSection\":[\"Soci\u00e9t\u00e9\"],\"inLanguage\":\"fr-FR\",\"potentialAction\":[{\"@type\":\"CommentAction\",\"name\":\"Comment\",\"target\":[\"https:\\\/\\\/lepatriotebenin.com\\\/index.php\\\/2025\\\/08\\\/18\\\/emploi-et-autonomie-des-jeunes-au-benin-le-kit-civique-volontaire-un-tremplin-pour-une-insertion-professionnelle\\\/#respond\"]}]},{\"@type\":\"WebPage\",\"@id\":\"https:\\\/\\\/lepatriotebenin.com\\\/index.php\\\/2025\\\/08\\\/18\\\/emploi-et-autonomie-des-jeunes-au-benin-le-kit-civique-volontaire-un-tremplin-pour-une-insertion-professionnelle\\\/\",\"url\":\"https:\\\/\\\/lepatriotebenin.com\\\/index.php\\\/2025\\\/08\\\/18\\\/emploi-et-autonomie-des-jeunes-au-benin-le-kit-civique-volontaire-un-tremplin-pour-une-insertion-professionnelle\\\/\",\"name\":\"Emploi et autonomie des jeunes au B\u00e9nin : Le \u201cKit Civique Volontaire\u201d, un tremplin pour une Insertion professionnelle - Le Patriote\",\"isPartOf\":{\"@id\":\"https:\\\/\\\/lepatriotebenin.com\\\/#website\"},\"primaryImageOfPage\":{\"@id\":\"https:\\\/\\\/lepatriotebenin.com\\\/index.php\\\/2025\\\/08\\\/18\\\/emploi-et-autonomie-des-jeunes-au-benin-le-kit-civique-volontaire-un-tremplin-pour-une-insertion-professionnelle\\\/#primaryimage\"},\"image\":{\"@id\":\"https:\\\/\\\/lepatriotebenin.com\\\/index.php\\\/2025\\\/08\\\/18\\\/emploi-et-autonomie-des-jeunes-au-benin-le-kit-civique-volontaire-un-tremplin-pour-une-insertion-professionnelle\\\/#primaryimage\"},\"thumbnailUrl\":\"https:\\\/\\\/lepatriotebenin.com\\\/wp-content\\\/uploads\\\/2025\\\/08\\\/whatsapp-image-2025-08-18-a-00-35-42-2519d0ca.jpg\",\"datePublished\":\"2025-08-18T00:20:42+00:00\",\"author\":{\"@id\":\"https:\\\/\\\/lepatriotebenin.com\\\/#\\\/schema\\\/person\\\/4a9b67216c97d04045e01405c534c91f\"},\"breadcrumb\":{\"@id\":\"https:\\\/\\\/lepatriotebenin.com\\\/index.php\\\/2025\\\/08\\\/18\\\/emploi-et-autonomie-des-jeunes-au-benin-le-kit-civique-volontaire-un-tremplin-pour-une-insertion-professionnelle\\\/#breadcrumb\"},\"inLanguage\":\"fr-FR\",\"potentialAction\":[{\"@type\":\"ReadAction\",\"target\":[\"https:\\\/\\\/lepatriotebenin.com\\\/index.php\\\/2025\\\/08\\\/18\\\/emploi-et-autonomie-des-jeunes-au-benin-le-kit-civique-volontaire-un-tremplin-pour-une-insertion-professionnelle\\\/\"]}]},{\"@type\":\"ImageObject\",\"inLanguage\":\"fr-FR\",\"@id\":\"https:\\\/\\\/lepatriotebenin.com\\\/index.php\\\/2025\\\/08\\\/18\\\/emploi-et-autonomie-des-jeunes-au-benin-le-kit-civique-volontaire-un-tremplin-pour-une-insertion-professionnelle\\\/#primaryimage\",\"url\":\"https:\\\/\\\/lepatriotebenin.com\\\/wp-content\\\/uploads\\\/2025\\\/08\\\/whatsapp-image-2025-08-18-a-00-35-42-2519d0ca.jpg\",\"contentUrl\":\"https:\\\/\\\/lepatriotebenin.com\\\/wp-content\\\/uploads\\\/2025\\\/08\\\/whatsapp-image-2025-08-18-a-00-35-42-2519d0ca.jpg\",\"width\":902,\"height\":1006},{\"@type\":\"BreadcrumbList\",\"@id\":\"https:\\\/\\\/lepatriotebenin.com\\\/index.php\\\/2025\\\/08\\\/18\\\/emploi-et-autonomie-des-jeunes-au-benin-le-kit-civique-volontaire-un-tremplin-pour-une-insertion-professionnelle\\\/#breadcrumb\",\"itemListElement\":[{\"@type\":\"ListItem\",\"position\":1,\"name\":\"Accueil\",\"item\":\"https:\\\/\\\/lepatriotebenin.com\\\/\"},{\"@type\":\"ListItem\",\"position\":2,\"name\":\"Emploi et autonomie des jeunes au B\u00e9nin : Le \u201cKit Civique Volontaire\u201d, un tremplin pour une Insertion professionnelle\"}]},{\"@type\":\"WebSite\",\"@id\":\"https:\\\/\\\/lepatriotebenin.com\\\/#website\",\"url\":\"https:\\\/\\\/lepatriotebenin.com\\\/\",\"name\":\"Le Patriote\",\"description\":\"Le Patriote B\u00e9nin\",\"potentialAction\":[{\"@type\":\"SearchAction\",\"target\":{\"@type\":\"EntryPoint\",\"urlTemplate\":\"https:\\\/\\\/lepatriotebenin.com\\\/?s={search_term_string}\"},\"query-input\":{\"@type\":\"PropertyValueSpecification\",\"valueRequired\":true,\"valueName\":\"search_term_string\"}}],\"inLanguage\":\"fr-FR\"},{\"@type\":\"Person\",\"@id\":\"https:\\\/\\\/lepatriotebenin.com\\\/#\\\/schema\\\/person\\\/4a9b67216c97d04045e01405c534c91f\",\"name\":\"Roland AFFANOU\",\"image\":{\"@type\":\"ImageObject\",\"inLanguage\":\"fr-FR\",\"@id\":\"https:\\\/\\\/secure.gravatar.com\\\/avatar\\\/7209d3f6d2d47ea4d0c67e14d3effb61feb10ae540a4381280c66265de5bd643?s=96&d=mm&r=g\",\"url\":\"https:\\\/\\\/secure.gravatar.com\\\/avatar\\\/7209d3f6d2d47ea4d0c67e14d3effb61feb10ae540a4381280c66265de5bd643?s=96&d=mm&r=g\",\"contentUrl\":\"https:\\\/\\\/secure.gravatar.com\\\/avatar\\\/7209d3f6d2d47ea4d0c67e14d3effb61feb10ae540a4381280c66265de5bd643?s=96&d=mm&r=g\",\"caption\":\"Roland AFFANOU\"},\"url\":\"https:\\\/\\\/lepatriotebenin.com\"}]}<\/script>\n<!-- \/ Yoast SEO plugin. -->","yoast_head_json":{"title":"Emploi et autonomie des jeunes au B\u00e9nin : Le \u201cKit Civique Volontaire\u201d, un tremplin pour une Insertion professionnelle - Le Patriote","robots":{"index":"index","follow":"follow","max-snippet":"max-snippet:-1","max-image-preview":"max-image-preview:large","max-video-preview":"max-video-preview:-1"},"canonical":"https:\/\/lepatriotebenin.com\/index.php\/2025\/08\/18\/emploi-et-autonomie-des-jeunes-au-benin-le-kit-civique-volontaire-un-tremplin-pour-une-insertion-professionnelle\/","og_locale":"fr_FR","og_type":"article","og_title":"Emploi et autonomie des jeunes au B\u00e9nin : Le \u201cKit Civique Volontaire\u201d, un tremplin pour une Insertion professionnelle - Le Patriote","og_description":"Donner aux jeunes b\u00e9ninois, quelle que soit leurs origines sociales, les moyens de s\u2019ins\u00e9rer durablement dans la vie active, contribuer au d\u00e9veloppement local et devenir des citoyens autonomes, responsables et&hellip;","og_url":"https:\/\/lepatriotebenin.com\/index.php\/2025\/08\/18\/emploi-et-autonomie-des-jeunes-au-benin-le-kit-civique-volontaire-un-tremplin-pour-une-insertion-professionnelle\/","og_site_name":"Le Patriote","article_published_time":"2025-08-18T00:20:42+00:00","og_image":[{"width":902,"height":1006,"url":"https:\/\/lepatriotebenin.com\/wp-content\/uploads\/2025\/08\/whatsapp-image-2025-08-18-a-00-35-42-2519d0ca.jpg","type":"image\/jpeg"}],"author":"Roland AFFANOU","twitter_card":"summary_large_image","twitter_misc":{"\u00c9crit par":"Roland AFFANOU","Dur\u00e9e de lecture estim\u00e9e":"3 minutes"},"schema":{"@context":"https:\/\/schema.org","@graph":[{"@type":"Article","@id":"https:\/\/lepatriotebenin.com\/index.php\/2025\/08\/18\/emploi-et-autonomie-des-jeunes-au-benin-le-kit-civique-volontaire-un-tremplin-pour-une-insertion-professionnelle\/#article","isPartOf":{"@id":"https:\/\/lepatriotebenin.com\/index.php\/2025\/08\/18\/emploi-et-autonomie-des-jeunes-au-benin-le-kit-civique-volontaire-un-tremplin-pour-une-insertion-professionnelle\/"},"author":{"name":"Roland AFFANOU","@id":"https:\/\/lepatriotebenin.com\/#\/schema\/person\/4a9b67216c97d04045e01405c534c91f"},"headline":"Emploi et autonomie des jeunes au B\u00e9nin : Le \u201cKit Civique Volontaire\u201d, un tremplin pour une Insertion professionnelle","datePublished":"2025-08-18T00:20:42+00:00","mainEntityOfPage":{"@id":"https:\/\/lepatriotebenin.com\/index.php\/2025\/08\/18\/emploi-et-autonomie-des-jeunes-au-benin-le-kit-civique-volontaire-un-tremplin-pour-une-insertion-professionnelle\/"},"wordCount":630,"commentCount":0,"image":{"@id":"https:\/\/lepatriotebenin.com\/index.php\/2025\/08\/18\/emploi-et-autonomie-des-jeunes-au-benin-le-kit-civique-volontaire-un-tremplin-pour-une-insertion-professionnelle\/#primaryimage"},"thumbnailUrl":"https:\/\/lepatriotebenin.com\/wp-content\/uploads\/2025\/08\/whatsapp-image-2025-08-18-a-00-35-42-2519d0ca.jpg","articleSection":["Soci\u00e9t\u00e9"],"inLanguage":"fr-FR","potentialAction":[{"@type":"CommentAction","name":"Comment","target":["https:\/\/lepatriotebenin.com\/index.php\/2025\/08\/18\/emploi-et-autonomie-des-jeunes-au-benin-le-kit-civique-volontaire-un-tremplin-pour-une-insertion-professionnelle\/#respond"]}]},{"@type":"WebPage","@id":"https:\/\/lepatriotebenin.com\/index.php\/2025\/08\/18\/emploi-et-autonomie-des-jeunes-au-benin-le-kit-civique-volontaire-un-tremplin-pour-une-insertion-professionnelle\/","url":"https:\/\/lepatriotebenin.com\/index.php\/2025\/08\/18\/emploi-et-autonomie-des-jeunes-au-benin-le-kit-civique-volontaire-un-tremplin-pour-une-insertion-professionnelle\/","name":"Emploi et autonomie des jeunes au B\u00e9nin : Le \u201cKit Civique Volontaire\u201d, un tremplin pour une Insertion professionnelle - Le Patriote","isPartOf":{"@id":"https:\/\/lepatriotebenin.com\/#website"},"primaryImageOfPage":{"@id":"https:\/\/lepatriotebenin.com\/index.php\/2025\/08\/18\/emploi-et-autonomie-des-jeunes-au-benin-le-kit-civique-volontaire-un-tremplin-pour-une-insertion-professionnelle\/#primaryimage"},"image":{"@id":"https:\/\/lepatriotebenin.com\/index.php\/2025\/08\/18\/emploi-et-autonomie-des-jeunes-au-benin-le-kit-civique-volontaire-un-tremplin-pour-une-insertion-professionnelle\/#primaryimage"},"thumbnailUrl":"https:\/\/lepatriotebenin.com\/wp-content\/uploads\/2025\/08\/whatsapp-image-2025-08-18-a-00-35-42-2519d0ca.jpg","datePublished":"2025-08-18T00:20:42+00:00","author":{"@id":"https:\/\/lepatriotebenin.com\/#\/schema\/person\/4a9b67216c97d04045e01405c534c91f"},"breadcrumb":{"@id":"https:\/\/lepatriotebenin.com\/index.php\/2025\/08\/18\/emploi-et-autonomie-des-jeunes-au-benin-le-kit-civique-volontaire-un-tremplin-pour-une-insertion-professionnelle\/#breadcrumb"},"inLanguage":"fr-FR","potentialAction":[{"@type":"ReadAction","target":["https:\/\/lepatriotebenin.com\/index.php\/2025\/08\/18\/emploi-et-autonomie-des-jeunes-au-benin-le-kit-civique-volontaire-un-tremplin-pour-une-insertion-professionnelle\/"]}]},{"@type":"ImageObject","inLanguage":"fr-FR","@id":"https:\/\/lepatriotebenin.com\/index.php\/2025\/08\/18\/emploi-et-autonomie-des-jeunes-au-benin-le-kit-civique-volontaire-un-tremplin-pour-une-insertion-professionnelle\/#primaryimage","url":"https:\/\/lepatriotebenin.com\/wp-content\/uploads\/2025\/08\/whatsapp-image-2025-08-18-a-00-35-42-2519d0ca.jpg","contentUrl":"https:\/\/lepatriotebenin.com\/wp-content\/uploads\/2025\/08\/whatsapp-image-2025-08-18-a-00-35-42-2519d0ca.jpg","width":902,"height":1006},{"@type":"BreadcrumbList","@id":"https:\/\/lepatriotebenin.com\/index.php\/2025\/08\/18\/emploi-et-autonomie-des-jeunes-au-benin-le-kit-civique-volontaire-un-tremplin-pour-une-insertion-professionnelle\/#breadcrumb","itemListElement":[{"@type":"ListItem","position":1,"name":"Accueil","item":"https:\/\/lepatriotebenin.com\/"},{"@type":"ListItem","position":2,"name":"Emploi et autonomie des jeunes au B\u00e9nin : Le \u201cKit Civique Volontaire\u201d, un tremplin pour une Insertion professionnelle"}]},{"@type":"WebSite","@id":"https:\/\/lepatriotebenin.com\/#website","url":"https:\/\/lepatriotebenin.com\/","name":"Le Patriote","description":"Le Patriote B\u00e9nin","potentialAction":[{"@type":"SearchAction","target":{"@type":"EntryPoint","urlTemplate":"https:\/\/lepatriotebenin.com\/?s={search_term_string}"},"query-input":{"@type":"PropertyValueSpecification","valueRequired":true,"valueName":"search_term_string"}}],"inLanguage":"fr-FR"},{"@type":"Person","@id":"https:\/\/lepatriotebenin.com\/#\/schema\/person\/4a9b67216c97d04045e01405c534c91f","name":"Roland AFFANOU","image":{"@type":"ImageObject","inLanguage":"fr-FR","@id":"https:\/\/secure.gravatar.com\/avatar\/7209d3f6d2d47ea4d0c67e14d3effb61feb10ae540a4381280c66265de5bd643?s=96&d=mm&r=g","url":"https:\/\/secure.gravatar.com\/avatar\/7209d3f6d2d47ea4d0c67e14d3effb61feb10ae540a4381280c66265de5bd643?s=96&d=mm&r=g","contentUrl":"https:\/\/secure.gravatar.com\/avatar\/7209d3f6d2d47ea4d0c67e14d3effb61feb10ae540a4381280c66265de5bd643?s=96&d=mm&r=g","caption":"Roland AFFANOU"},"url":"https:\/\/lepatriotebenin.com"}]}},"_links":{"self":[{"href":"https:\/\/lepatriotebenin.com\/index.php\/wp-json\/wp\/v2\/posts\/13094","targetHints":{"allow":["GET"]}}],"collection":[{"href":"https:\/\/lepatriotebenin.com\/index.php\/wp-json\/wp\/v2\/posts"}],"about":[{"href":"https:\/\/lepatriotebenin.com\/index.php\/wp-json\/wp\/v2\/types\/post"}],"author":[{"embeddable":true,"href":"https:\/\/lepatriotebenin.com\/index.php\/wp-json\/wp\/v2\/users\/6"}],"replies":[{"embeddable":true,"href":"https:\/\/lepatriotebenin.com\/index.php\/wp-json\/wp\/v2\/comments?post=13094"}],"version-history":[{"count":1,"href":"https:\/\/lepatriotebenin.com\/index.php\/wp-json\/wp\/v2\/posts\/13094\/revisions"}],"predecessor-version":[{"id":13096,"href":"https:\/\/lepatriotebenin.com\/index.php\/wp-json\/wp\/v2\/posts\/13094\/revisions\/13096"}],"wp:featuredmedia":[{"embeddable":true,"href":"https:\/\/lepatriotebenin.com\/index.php\/wp-json\/wp\/v2\/media\/13095"}],"wp:attachment":[{"href":"https:\/\/lepatriotebenin.com\/index.php\/wp-json\/wp\/v2\/media?parent=13094"}],"wp:term":[{"taxonomy":"category","embeddable":true,"href":"https:\/\/lepatriotebenin.com\/index.php\/wp-json\/wp\/v2\/categories?post=13094"},{"taxonomy":"post_tag","embeddable":true,"href":"https:\/\/lepatriotebenin.com\/index.php\/wp-json\/wp\/v2\/tags?post=13094"}],"curies":[{"name":"wp","href":"https:\/\/api.w.org\/{rel}","templated":true}]}}