{"id":13086,"date":"2025-08-16T19:13:14","date_gmt":"2025-08-16T17:13:14","guid":{"rendered":"https:\/\/lepatriotebenin.com\/?p=13086"},"modified":"2025-08-16T19:13:14","modified_gmt":"2025-08-16T17:13:14","slug":"mondiaux-de-petanque-chengdu-2025-le-beninois-marcel-gbetable-champion-en-tir-de-precision","status":"publish","type":"post","link":"https:\/\/lepatriotebenin.com\/index.php\/2025\/08\/16\/mondiaux-de-petanque-chengdu-2025-le-beninois-marcel-gbetable-champion-en-tir-de-precision\/","title":{"rendered":"Mondiaux de P\u00e9tanque Chengdu 2025 : Le B\u00e9ninois Marcel Gbetabl\u00e9, champion en tir de pr\u00e9cision"},"content":{"rendered":"<p><strong>Marcel Gbetabl\u00e9<\/strong> inscrit une nouvelle page glorieuse pour le B\u00e9nin aux Mondiaux de p\u00e9tanque \u00e0 Chengdu, en Chine. Le champion b\u00e9ninois a d\u00e9croch\u00e9, ce t\u00f4t ce <strong>samedi 16 ao\u00fbt 2025,<\/strong> \u00a0la m\u00e9daille d\u2019or en tir de pr\u00e9cision en battant en finale l\u2019Italien <strong>Andrea Chiapello<\/strong> sur un score de<strong> 29 \u00e0 25.<\/strong><\/p>\n<p><strong>Thierry Babagb\u00e9to<\/strong>, l\u2019entraineur national \u00a0en \u00a0conduisant Marcel Gbetabl\u00e9 \u00e0 ce sacre, honore\u00a0 de la plus des mani\u00e8res \u00a0la m\u00e9moire de son mentor <strong>Guy Tronou<\/strong> rappel\u00e9 \u00e0 Dieu \u00a0il y a 4 mois. Avec ce succ\u00e8s Marcel Gbetabl\u00e9 confirme\u00a0 son statut de\u00a0 r\u00e9f\u00e9rence mondiale\u00a0 dans discipline et offre \u00a0au B\u00e9nin une victoire \u00e9clatante qui r\u00e9sonne au-del\u00e0 des fronti\u00e8res. Ce nouveau sacre mondial vient conforter la place de Marcel Gbetabl\u00e9 comme une r\u00e9f\u00e9rence incontournable dans la discipline, alliant talent brut et discipline rigoureuse.<\/p>\n<p>Il\u00a0 faut rappeler que le champion en tir de pr\u00e9cision\u00a0 aux Mondiaux de P\u00e9tanque Chengdu 2025 a\u00a0 arrach\u00e9 sa qualification\u00a0 pour la finale\u00a0 le <strong>jeudi 14 <\/strong><strong>ao\u00fbt 2025<\/strong>\u00a0 en battant d\u2019 un point\u00a0 seulement le champion\u00a0 d\u2019Afrique\u00a0 tunisien\u00a0 au terme d\u2019une demi-finale \u00e2prement\u00a0 disput\u00e9e. \u00a0Dans ce duel \u00e0 suspense, chaque tir a compt\u00e9.<\/p>\n","protected":false},"excerpt":{"rendered":"<p>Marcel Gbetabl\u00e9 inscrit une nouvelle page glorieuse pour le B\u00e9nin aux Mondiaux de p\u00e9tanque \u00e0 Chengdu, en Chine. Le champion b\u00e9ninois a d\u00e9croch\u00e9, ce t\u00f4t ce samedi 16 ao\u00fbt 2025,&hellip;<\/p>\n","protected":false},"author":6,"featured_media":13087,"comment_status":"open","ping_status":"open","sticky":false,"template":"","format":"standard","meta":{"content-type":"","om_disable_all_campaigns":false,"_monsterinsights_skip_tracking":false,"_monsterinsights_sitenote_active":false,"_monsterinsights_sitenote_note":"","_monsterinsights_sitenote_category":0,"_uf_show_specific_survey":0,"_uf_disable_surveys":false,"footnotes":""},"categories":[8],"tags":[],"class_list":["post-13086","post","type-post","status-publish","format-standard","has-post-thumbnail","hentry","category-sport"],"aioseo_notices":[],"yoast_head":"<!-- This site is optimized with the Yoast SEO plugin v27.5 - https:\/\/yoast.com\/product\/yoast-seo-wordpress\/ -->\n<title>Mondiaux de P\u00e9tanque Chengdu 2025 : Le B\u00e9ninois Marcel Gbetabl\u00e9, champion en tir de pr\u00e9cision - Le Patriote<\/title>\n<meta name=\"robots\" content=\"index, follow, max-snippet:-1, max-image-preview:large, max-video-preview:-1\" \/>\n<link rel=\"canonical\" href=\"https:\/\/lepatriotebenin.com\/index.php\/2025\/08\/16\/mondiaux-de-petanque-chengdu-2025-le-beninois-marcel-gbetable-champion-en-tir-de-precision\/\" \/>\n<meta property=\"og:locale\" content=\"fr_FR\" \/>\n<meta property=\"og:type\" content=\"article\" \/>\n<meta property=\"og:title\" content=\"Mondiaux de P\u00e9tanque Chengdu 2025 : Le B\u00e9ninois Marcel Gbetabl\u00e9, champion en tir de pr\u00e9cision - Le Patriote\" \/>\n<meta property=\"og:description\" content=\"Marcel Gbetabl\u00e9 inscrit une nouvelle page glorieuse pour le B\u00e9nin aux Mondiaux de p\u00e9tanque \u00e0 Chengdu, en Chine. Le champion b\u00e9ninois a d\u00e9croch\u00e9, ce t\u00f4t ce samedi 16 ao\u00fbt 2025,&hellip;\" \/>\n<meta property=\"og:url\" content=\"https:\/\/lepatriotebenin.com\/index.php\/2025\/08\/16\/mondiaux-de-petanque-chengdu-2025-le-beninois-marcel-gbetable-champion-en-tir-de-precision\/\" \/>\n<meta property=\"og:site_name\" content=\"Le Patriote\" \/>\n<meta property=\"article:published_time\" content=\"2025-08-16T17:13:14+00:00\" \/>\n<meta property=\"og:image\" content=\"https:\/\/lepatriotebenin.com\/wp-content\/uploads\/2025\/08\/marcel.jpg\" \/>\n\t<meta property=\"og:image:width\" content=\"780\" \/>\n\t<meta property=\"og:image:height\" content=\"560\" \/>\n\t<meta property=\"og:image:type\" content=\"image\/jpeg\" \/>\n<meta name=\"author\" content=\"Roland AFFANOU\" \/>\n<meta name=\"twitter:card\" content=\"summary_large_image\" \/>\n<meta name=\"twitter:label1\" content=\"\u00c9crit par\" \/>\n\t<meta name=\"twitter:data1\" content=\"Roland AFFANOU\" \/>\n\t<meta name=\"twitter:label2\" content=\"Dur\u00e9e de lecture estim\u00e9e\" \/>\n\t<meta name=\"twitter:data2\" content=\"2 minutes\" \/>\n<script type=\"application\/ld+json\" class=\"yoast-schema-graph\">{\"@context\":\"https:\\\/\\\/schema.org\",\"@graph\":[{\"@type\":\"Article\",\"@id\":\"https:\\\/\\\/lepatriotebenin.com\\\/index.php\\\/2025\\\/08\\\/16\\\/mondiaux-de-petanque-chengdu-2025-le-beninois-marcel-gbetable-champion-en-tir-de-precision\\\/#article\",\"isPartOf\":{\"@id\":\"https:\\\/\\\/lepatriotebenin.com\\\/index.php\\\/2025\\\/08\\\/16\\\/mondiaux-de-petanque-chengdu-2025-le-beninois-marcel-gbetable-champion-en-tir-de-precision\\\/\"},\"author\":{\"name\":\"Roland AFFANOU\",\"@id\":\"https:\\\/\\\/lepatriotebenin.com\\\/#\\\/schema\\\/person\\\/4a9b67216c97d04045e01405c534c91f\"},\"headline\":\"Mondiaux de P\u00e9tanque Chengdu 2025 : Le B\u00e9ninois Marcel Gbetabl\u00e9, champion en tir de pr\u00e9cision\",\"datePublished\":\"2025-08-16T17:13:14+00:00\",\"mainEntityOfPage\":{\"@id\":\"https:\\\/\\\/lepatriotebenin.com\\\/index.php\\\/2025\\\/08\\\/16\\\/mondiaux-de-petanque-chengdu-2025-le-beninois-marcel-gbetable-champion-en-tir-de-precision\\\/\"},\"wordCount\":216,\"commentCount\":0,\"image\":{\"@id\":\"https:\\\/\\\/lepatriotebenin.com\\\/index.php\\\/2025\\\/08\\\/16\\\/mondiaux-de-petanque-chengdu-2025-le-beninois-marcel-gbetable-champion-en-tir-de-precision\\\/#primaryimage\"},\"thumbnailUrl\":\"https:\\\/\\\/lepatriotebenin.com\\\/wp-content\\\/uploads\\\/2025\\\/08\\\/marcel.jpg\",\"articleSection\":[\"Sport\"],\"inLanguage\":\"fr-FR\",\"potentialAction\":[{\"@type\":\"CommentAction\",\"name\":\"Comment\",\"target\":[\"https:\\\/\\\/lepatriotebenin.com\\\/index.php\\\/2025\\\/08\\\/16\\\/mondiaux-de-petanque-chengdu-2025-le-beninois-marcel-gbetable-champion-en-tir-de-precision\\\/#respond\"]}]},{\"@type\":\"WebPage\",\"@id\":\"https:\\\/\\\/lepatriotebenin.com\\\/index.php\\\/2025\\\/08\\\/16\\\/mondiaux-de-petanque-chengdu-2025-le-beninois-marcel-gbetable-champion-en-tir-de-precision\\\/\",\"url\":\"https:\\\/\\\/lepatriotebenin.com\\\/index.php\\\/2025\\\/08\\\/16\\\/mondiaux-de-petanque-chengdu-2025-le-beninois-marcel-gbetable-champion-en-tir-de-precision\\\/\",\"name\":\"Mondiaux de P\u00e9tanque Chengdu 2025 : Le B\u00e9ninois Marcel Gbetabl\u00e9, champion en tir de pr\u00e9cision - Le Patriote\",\"isPartOf\":{\"@id\":\"https:\\\/\\\/lepatriotebenin.com\\\/#website\"},\"primaryImageOfPage\":{\"@id\":\"https:\\\/\\\/lepatriotebenin.com\\\/index.php\\\/2025\\\/08\\\/16\\\/mondiaux-de-petanque-chengdu-2025-le-beninois-marcel-gbetable-champion-en-tir-de-precision\\\/#primaryimage\"},\"image\":{\"@id\":\"https:\\\/\\\/lepatriotebenin.com\\\/index.php\\\/2025\\\/08\\\/16\\\/mondiaux-de-petanque-chengdu-2025-le-beninois-marcel-gbetable-champion-en-tir-de-precision\\\/#primaryimage\"},\"thumbnailUrl\":\"https:\\\/\\\/lepatriotebenin.com\\\/wp-content\\\/uploads\\\/2025\\\/08\\\/marcel.jpg\",\"datePublished\":\"2025-08-16T17:13:14+00:00\",\"author\":{\"@id\":\"https:\\\/\\\/lepatriotebenin.com\\\/#\\\/schema\\\/person\\\/4a9b67216c97d04045e01405c534c91f\"},\"breadcrumb\":{\"@id\":\"https:\\\/\\\/lepatriotebenin.com\\\/index.php\\\/2025\\\/08\\\/16\\\/mondiaux-de-petanque-chengdu-2025-le-beninois-marcel-gbetable-champion-en-tir-de-precision\\\/#breadcrumb\"},\"inLanguage\":\"fr-FR\",\"potentialAction\":[{\"@type\":\"ReadAction\",\"target\":[\"https:\\\/\\\/lepatriotebenin.com\\\/index.php\\\/2025\\\/08\\\/16\\\/mondiaux-de-petanque-chengdu-2025-le-beninois-marcel-gbetable-champion-en-tir-de-precision\\\/\"]}]},{\"@type\":\"ImageObject\",\"inLanguage\":\"fr-FR\",\"@id\":\"https:\\\/\\\/lepatriotebenin.com\\\/index.php\\\/2025\\\/08\\\/16\\\/mondiaux-de-petanque-chengdu-2025-le-beninois-marcel-gbetable-champion-en-tir-de-precision\\\/#primaryimage\",\"url\":\"https:\\\/\\\/lepatriotebenin.com\\\/wp-content\\\/uploads\\\/2025\\\/08\\\/marcel.jpg\",\"contentUrl\":\"https:\\\/\\\/lepatriotebenin.com\\\/wp-content\\\/uploads\\\/2025\\\/08\\\/marcel.jpg\",\"width\":780,\"height\":560},{\"@type\":\"BreadcrumbList\",\"@id\":\"https:\\\/\\\/lepatriotebenin.com\\\/index.php\\\/2025\\\/08\\\/16\\\/mondiaux-de-petanque-chengdu-2025-le-beninois-marcel-gbetable-champion-en-tir-de-precision\\\/#breadcrumb\",\"itemListElement\":[{\"@type\":\"ListItem\",\"position\":1,\"name\":\"Accueil\",\"item\":\"https:\\\/\\\/lepatriotebenin.com\\\/\"},{\"@type\":\"ListItem\",\"position\":2,\"name\":\"Mondiaux de P\u00e9tanque Chengdu 2025 : Le B\u00e9ninois Marcel Gbetabl\u00e9, champion en tir de pr\u00e9cision\"}]},{\"@type\":\"WebSite\",\"@id\":\"https:\\\/\\\/lepatriotebenin.com\\\/#website\",\"url\":\"https:\\\/\\\/lepatriotebenin.com\\\/\",\"name\":\"Le Patriote\",\"description\":\"Le Patriote B\u00e9nin\",\"potentialAction\":[{\"@type\":\"SearchAction\",\"target\":{\"@type\":\"EntryPoint\",\"urlTemplate\":\"https:\\\/\\\/lepatriotebenin.com\\\/?s={search_term_string}\"},\"query-input\":{\"@type\":\"PropertyValueSpecification\",\"valueRequired\":true,\"valueName\":\"search_term_string\"}}],\"inLanguage\":\"fr-FR\"},{\"@type\":\"Person\",\"@id\":\"https:\\\/\\\/lepatriotebenin.com\\\/#\\\/schema\\\/person\\\/4a9b67216c97d04045e01405c534c91f\",\"name\":\"Roland AFFANOU\",\"image\":{\"@type\":\"ImageObject\",\"inLanguage\":\"fr-FR\",\"@id\":\"https:\\\/\\\/secure.gravatar.com\\\/avatar\\\/7209d3f6d2d47ea4d0c67e14d3effb61feb10ae540a4381280c66265de5bd643?s=96&d=mm&r=g\",\"url\":\"https:\\\/\\\/secure.gravatar.com\\\/avatar\\\/7209d3f6d2d47ea4d0c67e14d3effb61feb10ae540a4381280c66265de5bd643?s=96&d=mm&r=g\",\"contentUrl\":\"https:\\\/\\\/secure.gravatar.com\\\/avatar\\\/7209d3f6d2d47ea4d0c67e14d3effb61feb10ae540a4381280c66265de5bd643?s=96&d=mm&r=g\",\"caption\":\"Roland AFFANOU\"},\"url\":\"https:\\\/\\\/lepatriotebenin.com\"}]}<\/script>\n<!-- \/ Yoast SEO plugin. -->","yoast_head_json":{"title":"Mondiaux de P\u00e9tanque Chengdu 2025 : Le B\u00e9ninois Marcel Gbetabl\u00e9, champion en tir de pr\u00e9cision - Le Patriote","robots":{"index":"index","follow":"follow","max-snippet":"max-snippet:-1","max-image-preview":"max-image-preview:large","max-video-preview":"max-video-preview:-1"},"canonical":"https:\/\/lepatriotebenin.com\/index.php\/2025\/08\/16\/mondiaux-de-petanque-chengdu-2025-le-beninois-marcel-gbetable-champion-en-tir-de-precision\/","og_locale":"fr_FR","og_type":"article","og_title":"Mondiaux de P\u00e9tanque Chengdu 2025 : Le B\u00e9ninois Marcel Gbetabl\u00e9, champion en tir de pr\u00e9cision - Le Patriote","og_description":"Marcel Gbetabl\u00e9 inscrit une nouvelle page glorieuse pour le B\u00e9nin aux Mondiaux de p\u00e9tanque \u00e0 Chengdu, en Chine. Le champion b\u00e9ninois a d\u00e9croch\u00e9, ce t\u00f4t ce samedi 16 ao\u00fbt 2025,&hellip;","og_url":"https:\/\/lepatriotebenin.com\/index.php\/2025\/08\/16\/mondiaux-de-petanque-chengdu-2025-le-beninois-marcel-gbetable-champion-en-tir-de-precision\/","og_site_name":"Le Patriote","article_published_time":"2025-08-16T17:13:14+00:00","og_image":[{"width":780,"height":560,"url":"https:\/\/lepatriotebenin.com\/wp-content\/uploads\/2025\/08\/marcel.jpg","type":"image\/jpeg"}],"author":"Roland AFFANOU","twitter_card":"summary_large_image","twitter_misc":{"\u00c9crit par":"Roland AFFANOU","Dur\u00e9e de lecture estim\u00e9e":"2 minutes"},"schema":{"@context":"https:\/\/schema.org","@graph":[{"@type":"Article","@id":"https:\/\/lepatriotebenin.com\/index.php\/2025\/08\/16\/mondiaux-de-petanque-chengdu-2025-le-beninois-marcel-gbetable-champion-en-tir-de-precision\/#article","isPartOf":{"@id":"https:\/\/lepatriotebenin.com\/index.php\/2025\/08\/16\/mondiaux-de-petanque-chengdu-2025-le-beninois-marcel-gbetable-champion-en-tir-de-precision\/"},"author":{"name":"Roland AFFANOU","@id":"https:\/\/lepatriotebenin.com\/#\/schema\/person\/4a9b67216c97d04045e01405c534c91f"},"headline":"Mondiaux de P\u00e9tanque Chengdu 2025 : Le B\u00e9ninois Marcel Gbetabl\u00e9, champion en tir de pr\u00e9cision","datePublished":"2025-08-16T17:13:14+00:00","mainEntityOfPage":{"@id":"https:\/\/lepatriotebenin.com\/index.php\/2025\/08\/16\/mondiaux-de-petanque-chengdu-2025-le-beninois-marcel-gbetable-champion-en-tir-de-precision\/"},"wordCount":216,"commentCount":0,"image":{"@id":"https:\/\/lepatriotebenin.com\/index.php\/2025\/08\/16\/mondiaux-de-petanque-chengdu-2025-le-beninois-marcel-gbetable-champion-en-tir-de-precision\/#primaryimage"},"thumbnailUrl":"https:\/\/lepatriotebenin.com\/wp-content\/uploads\/2025\/08\/marcel.jpg","articleSection":["Sport"],"inLanguage":"fr-FR","potentialAction":[{"@type":"CommentAction","name":"Comment","target":["https:\/\/lepatriotebenin.com\/index.php\/2025\/08\/16\/mondiaux-de-petanque-chengdu-2025-le-beninois-marcel-gbetable-champion-en-tir-de-precision\/#respond"]}]},{"@type":"WebPage","@id":"https:\/\/lepatriotebenin.com\/index.php\/2025\/08\/16\/mondiaux-de-petanque-chengdu-2025-le-beninois-marcel-gbetable-champion-en-tir-de-precision\/","url":"https:\/\/lepatriotebenin.com\/index.php\/2025\/08\/16\/mondiaux-de-petanque-chengdu-2025-le-beninois-marcel-gbetable-champion-en-tir-de-precision\/","name":"Mondiaux de P\u00e9tanque Chengdu 2025 : Le B\u00e9ninois Marcel Gbetabl\u00e9, champion en tir de pr\u00e9cision - Le Patriote","isPartOf":{"@id":"https:\/\/lepatriotebenin.com\/#website"},"primaryImageOfPage":{"@id":"https:\/\/lepatriotebenin.com\/index.php\/2025\/08\/16\/mondiaux-de-petanque-chengdu-2025-le-beninois-marcel-gbetable-champion-en-tir-de-precision\/#primaryimage"},"image":{"@id":"https:\/\/lepatriotebenin.com\/index.php\/2025\/08\/16\/mondiaux-de-petanque-chengdu-2025-le-beninois-marcel-gbetable-champion-en-tir-de-precision\/#primaryimage"},"thumbnailUrl":"https:\/\/lepatriotebenin.com\/wp-content\/uploads\/2025\/08\/marcel.jpg","datePublished":"2025-08-16T17:13:14+00:00","author":{"@id":"https:\/\/lepatriotebenin.com\/#\/schema\/person\/4a9b67216c97d04045e01405c534c91f"},"breadcrumb":{"@id":"https:\/\/lepatriotebenin.com\/index.php\/2025\/08\/16\/mondiaux-de-petanque-chengdu-2025-le-beninois-marcel-gbetable-champion-en-tir-de-precision\/#breadcrumb"},"inLanguage":"fr-FR","potentialAction":[{"@type":"ReadAction","target":["https:\/\/lepatriotebenin.com\/index.php\/2025\/08\/16\/mondiaux-de-petanque-chengdu-2025-le-beninois-marcel-gbetable-champion-en-tir-de-precision\/"]}]},{"@type":"ImageObject","inLanguage":"fr-FR","@id":"https:\/\/lepatriotebenin.com\/index.php\/2025\/08\/16\/mondiaux-de-petanque-chengdu-2025-le-beninois-marcel-gbetable-champion-en-tir-de-precision\/#primaryimage","url":"https:\/\/lepatriotebenin.com\/wp-content\/uploads\/2025\/08\/marcel.jpg","contentUrl":"https:\/\/lepatriotebenin.com\/wp-content\/uploads\/2025\/08\/marcel.jpg","width":780,"height":560},{"@type":"BreadcrumbList","@id":"https:\/\/lepatriotebenin.com\/index.php\/2025\/08\/16\/mondiaux-de-petanque-chengdu-2025-le-beninois-marcel-gbetable-champion-en-tir-de-precision\/#breadcrumb","itemListElement":[{"@type":"ListItem","position":1,"name":"Accueil","item":"https:\/\/lepatriotebenin.com\/"},{"@type":"ListItem","position":2,"name":"Mondiaux de P\u00e9tanque Chengdu 2025 : Le B\u00e9ninois Marcel Gbetabl\u00e9, champion en tir de pr\u00e9cision"}]},{"@type":"WebSite","@id":"https:\/\/lepatriotebenin.com\/#website","url":"https:\/\/lepatriotebenin.com\/","name":"Le Patriote","description":"Le Patriote B\u00e9nin","potentialAction":[{"@type":"SearchAction","target":{"@type":"EntryPoint","urlTemplate":"https:\/\/lepatriotebenin.com\/?s={search_term_string}"},"query-input":{"@type":"PropertyValueSpecification","valueRequired":true,"valueName":"search_term_string"}}],"inLanguage":"fr-FR"},{"@type":"Person","@id":"https:\/\/lepatriotebenin.com\/#\/schema\/person\/4a9b67216c97d04045e01405c534c91f","name":"Roland AFFANOU","image":{"@type":"ImageObject","inLanguage":"fr-FR","@id":"https:\/\/secure.gravatar.com\/avatar\/7209d3f6d2d47ea4d0c67e14d3effb61feb10ae540a4381280c66265de5bd643?s=96&d=mm&r=g","url":"https:\/\/secure.gravatar.com\/avatar\/7209d3f6d2d47ea4d0c67e14d3effb61feb10ae540a4381280c66265de5bd643?s=96&d=mm&r=g","contentUrl":"https:\/\/secure.gravatar.com\/avatar\/7209d3f6d2d47ea4d0c67e14d3effb61feb10ae540a4381280c66265de5bd643?s=96&d=mm&r=g","caption":"Roland AFFANOU"},"url":"https:\/\/lepatriotebenin.com"}]}},"_links":{"self":[{"href":"https:\/\/lepatriotebenin.com\/index.php\/wp-json\/wp\/v2\/posts\/13086","targetHints":{"allow":["GET"]}}],"collection":[{"href":"https:\/\/lepatriotebenin.com\/index.php\/wp-json\/wp\/v2\/posts"}],"about":[{"href":"https:\/\/lepatriotebenin.com\/index.php\/wp-json\/wp\/v2\/types\/post"}],"author":[{"embeddable":true,"href":"https:\/\/lepatriotebenin.com\/index.php\/wp-json\/wp\/v2\/users\/6"}],"replies":[{"embeddable":true,"href":"https:\/\/lepatriotebenin.com\/index.php\/wp-json\/wp\/v2\/comments?post=13086"}],"version-history":[{"count":1,"href":"https:\/\/lepatriotebenin.com\/index.php\/wp-json\/wp\/v2\/posts\/13086\/revisions"}],"predecessor-version":[{"id":13088,"href":"https:\/\/lepatriotebenin.com\/index.php\/wp-json\/wp\/v2\/posts\/13086\/revisions\/13088"}],"wp:featuredmedia":[{"embeddable":true,"href":"https:\/\/lepatriotebenin.com\/index.php\/wp-json\/wp\/v2\/media\/13087"}],"wp:attachment":[{"href":"https:\/\/lepatriotebenin.com\/index.php\/wp-json\/wp\/v2\/media?parent=13086"}],"wp:term":[{"taxonomy":"category","embeddable":true,"href":"https:\/\/lepatriotebenin.com\/index.php\/wp-json\/wp\/v2\/categories?post=13086"},{"taxonomy":"post_tag","embeddable":true,"href":"https:\/\/lepatriotebenin.com\/index.php\/wp-json\/wp\/v2\/tags?post=13086"}],"curies":[{"name":"wp","href":"https:\/\/api.w.org\/{rel}","templated":true}]}}