{"id":13071,"date":"2025-08-15T15:17:54","date_gmt":"2025-08-15T13:17:54","guid":{"rendered":"https:\/\/lepatriotebenin.com\/?p=13071"},"modified":"2025-08-15T15:31:52","modified_gmt":"2025-08-15T13:31:52","slug":"benin-majorite-presidentielle-jacques-ayadji-tire-a-boulets-rouges-sur-edmond-agoua-de-lup-r","status":"publish","type":"post","link":"https:\/\/lepatriotebenin.com\/index.php\/2025\/08\/15\/benin-majorite-presidentielle-jacques-ayadji-tire-a-boulets-rouges-sur-edmond-agoua-de-lup-r\/","title":{"rendered":"B\u00e9nin\/Majorit\u00e9 pr\u00e9sidentielle : Jacques Ayadji tire \u00e0 boulets rouges sur Edmond Agoua de l&rsquo;UP-R"},"content":{"rendered":"<p><em><strong>Lors d\u2019une conf\u00e9rence de presse tenue ce jeudi 14 Ao\u00fbt 2025, le pr\u00e9sident du parti Moelle B\u00e9nin, Jacques Ayadji, a publiquement d\u00e9nonc\u00e9 ce qu\u2019il qualifie de \u201cman\u0153uvres\u201d visant \u00e0 affaiblir sa formation politique, pointant du doigt trois personnalit\u00e9s de la mouvance pr\u00e9sidentielle qu\u2019il accuse de nuire \u00e0 la coh\u00e9sion et \u00e0 l\u2019efficacit\u00e9 de leur camp.<\/strong><\/em><\/p>\n<p>Le ton \u00e9tait ferme et les mots choisis \u00e9galement. Face aux journalistes, Jacques Ayadji a affirm\u00e9 avoir \u201cmis fin\u201d \u00e0 une mani\u00e8re de g\u00e9rer les diff\u00e9rends entre l\u2019Union Progressiste le Renouveau (UP-R) et Moelle B\u00e9nin, qu\u2019il juge inefficace. Selon lui, malgr\u00e9 ses alertes r\u00e9p\u00e9t\u00e9es au pr\u00e9sident de l\u2019UP-R, \u201c \u00e0 chaque fois qu\u2019on observe une inconduite au niveau de ses camarades sur le terrain, il me dit \u00e7a va se g\u00e9rer mais \u00e7a ne se g\u00e8re jamais\u201d.<\/p>\n<p>En effet, pour le leader de Moelle B\u00e9nin, cette posture rel\u00e8verait d\u2019une strat\u00e9gie d\u00e9lib\u00e9r\u00e9e pour \u201cendormir\u201d son parti, sans toutefois rompre les relations d\u2019amiti\u00e9 entre les deux formations. \u201cLa politique ne saurait nous diviser\u201d, a-t-il pr\u00e9cis\u00e9. Dans sa d\u00e9claration, trois personnalit\u00e9s sont dans son viseur. Il accuse ces derniers de saper le travail de son parti. En premier, il y a Edmond Agoua, d\u00e9put\u00e9 de l\u2019UP-R, qualifi\u00e9 par Ayadji de \u201cpoliticien fini\u201d. Il l\u2019accuse de ne plus d\u00e9fendre activement son d\u00e9partement des Collines \u00e0 l\u2019Assembl\u00e9e et d\u2019avoir, en 2023, appel\u00e9 publiquement \u00e0 voter pour l\u2019UP-R, \u00e0 d\u00e9faut le BR, ou \u00e0 d\u00e9faut Les D\u00e9mocrates, \u201cjamais pour Moelle B\u00e9nin\u201d. \u201cPar la faute d\u2019Edmond Agoua, l\u2019UP-R est d\u00e9truit dans les Collines et il veut continuer pour d\u00e9truire toute la mouvance\u201d, a-t-il martel\u00e9, invitant le pr\u00e9sident Patrice Talon \u00e0 \u201couvrir les yeux\u201d sur ces \u201cloups d\u00e9guis\u00e9s en agneaux\u201d. En second, il s&rsquo;agit de Rogatien Agouagou, maire de Tori Bossito, accus\u00e9 par Ayadji d\u2019avoir privil\u00e9gi\u00e9 des \u201cn\u00e9gociations internes\u201d au parti plut\u00f4t que de suivre les instructions du Chef de l\u2019\u00c9tat visant \u00e0 aller au contact de la population. En derni\u00e8re position, il s&rsquo;agit de Alain Gnancadja qui est pr\u00e9sent\u00e9 comme celui qui partout, affirme que Moelle B\u00e9nin ne participera pas aux \u00e9lections, tout en incitant ses militants \u00e0 quitter le parti avant qu\u2019il ne soit trop tard et qu\u2019ils se retrouvent \u201csans place\u201d dans l\u2019UP-R.<\/p>\n<p><strong>\u201cOn ne s\u2019attaque pas \u00e0 Jacques Ayadji\u201d<\/strong><\/p>\n<p>Le pr\u00e9sident de Moelle B\u00e9nin a mis en garde les uns et les autres. \u201cIl faut dire \u00e0 Edmond Agoua qu\u2019on ne s\u2019attaque pas \u00e0 Jacques Ayadji. On ne s\u2019attaque pas \u00e0 la mouvance pr\u00e9sidentielle comme il le fait en mercenaire.\u201d Revenant sur le pass\u00e9, il rappelle qu\u2019en 2016, Edmond Agoua \u201cn\u2019\u00e9tait pas avec nous\u201d et avait combattu la coalition de la rupture avant de rejoindre la mouvance \u201cpour y semer le d\u00e9sordre\u201d.<\/p>\n<p>Pour illustrer l\u2019inefficacit\u00e9 de ceux qu\u2019il d\u00e9nonce, Ayadji a us\u00e9 d\u2019une image. \u201cContinuer \u00e0 se faire repr\u00e9senter par des personnes de ces accabies-l\u00e0, c\u2019est comme aller \u00e0 la chasse avec des moutons alors que vous avez des chiens pr\u00eats \u00e0 vous aider.\u201d<\/p>\n<p>Avec ces d\u00e9clarations, Jacques Ayadji affiche sa d\u00e9termination \u00e0 prot\u00e9ger l\u2019ind\u00e9pendance et l\u2019avenir de Moelle B\u00e9nin, tout en affirmant maintenir des relations cordiales avec ses partenaires de la mouvance. Mais ses accusations directes laissent entrevoir des relations \u00e9lectriques entre ces diff\u00e9rents partis de la mouvance pr\u00e9sidentielle \u00e0 l\u2019approche des \u00e9ch\u00e9ances \u00e9lectorales de 2026.<\/p>\n<p>&nbsp;<\/p>\n<p><strong>Gildas AHOGNI<\/strong><\/p>\n<p>&nbsp;<\/p>\n","protected":false},"excerpt":{"rendered":"<p>Lors d\u2019une conf\u00e9rence de presse tenue ce jeudi 14 Ao\u00fbt 2025, le pr\u00e9sident du parti Moelle B\u00e9nin, Jacques Ayadji, a publiquement d\u00e9nonc\u00e9 ce qu\u2019il qualifie de \u201cman\u0153uvres\u201d visant \u00e0 affaiblir&hellip;<\/p>\n","protected":false},"author":5,"featured_media":13072,"comment_status":"open","ping_status":"open","sticky":false,"template":"","format":"standard","meta":{"content-type":"","om_disable_all_campaigns":false,"_monsterinsights_skip_tracking":false,"_monsterinsights_sitenote_active":false,"_monsterinsights_sitenote_note":"","_monsterinsights_sitenote_category":0,"_uf_show_specific_survey":0,"_uf_disable_surveys":false,"footnotes":""},"categories":[26],"tags":[],"class_list":["post-13071","post","type-post","status-publish","format-standard","has-post-thumbnail","hentry","category-politique"],"aioseo_notices":[],"yoast_head":"<!-- This site is optimized with the Yoast SEO plugin v27.5 - https:\/\/yoast.com\/product\/yoast-seo-wordpress\/ -->\n<title>B\u00e9nin\/Majorit\u00e9 pr\u00e9sidentielle : Jacques Ayadji tire \u00e0 boulets rouges sur Edmond Agoua de l&#039;UP-R - Le Patriote<\/title>\n<meta name=\"robots\" content=\"index, follow, max-snippet:-1, max-image-preview:large, max-video-preview:-1\" \/>\n<link rel=\"canonical\" href=\"https:\/\/lepatriotebenin.com\/index.php\/2025\/08\/15\/benin-majorite-presidentielle-jacques-ayadji-tire-a-boulets-rouges-sur-edmond-agoua-de-lup-r\/\" \/>\n<meta property=\"og:locale\" content=\"fr_FR\" \/>\n<meta property=\"og:type\" content=\"article\" \/>\n<meta property=\"og:title\" content=\"B\u00e9nin\/Majorit\u00e9 pr\u00e9sidentielle : Jacques Ayadji tire \u00e0 boulets rouges sur Edmond Agoua de l&#039;UP-R - Le Patriote\" \/>\n<meta property=\"og:description\" content=\"Lors d\u2019une conf\u00e9rence de presse tenue ce jeudi 14 Ao\u00fbt 2025, le pr\u00e9sident du parti Moelle B\u00e9nin, Jacques Ayadji, a publiquement d\u00e9nonc\u00e9 ce qu\u2019il qualifie de \u201cman\u0153uvres\u201d visant \u00e0 affaiblir&hellip;\" \/>\n<meta property=\"og:url\" content=\"https:\/\/lepatriotebenin.com\/index.php\/2025\/08\/15\/benin-majorite-presidentielle-jacques-ayadji-tire-a-boulets-rouges-sur-edmond-agoua-de-lup-r\/\" \/>\n<meta property=\"og:site_name\" content=\"Le Patriote\" \/>\n<meta property=\"article:published_time\" content=\"2025-08-15T13:17:54+00:00\" \/>\n<meta property=\"article:modified_time\" content=\"2025-08-15T13:31:52+00:00\" \/>\n<meta property=\"og:image\" content=\"https:\/\/lepatriotebenin.com\/wp-content\/uploads\/2025\/08\/ayadji.webp\" \/>\n\t<meta property=\"og:image:width\" content=\"800\" \/>\n\t<meta property=\"og:image:height\" content=\"500\" \/>\n\t<meta property=\"og:image:type\" content=\"image\/webp\" \/>\n<meta name=\"author\" content=\"Redaction\" \/>\n<meta name=\"twitter:card\" content=\"summary_large_image\" \/>\n<meta name=\"twitter:label1\" content=\"\u00c9crit par\" \/>\n\t<meta name=\"twitter:data1\" content=\"Redaction\" \/>\n\t<meta name=\"twitter:label2\" content=\"Dur\u00e9e de lecture estim\u00e9e\" \/>\n\t<meta name=\"twitter:data2\" content=\"3 minutes\" \/>\n<script type=\"application\/ld+json\" class=\"yoast-schema-graph\">{\"@context\":\"https:\\\/\\\/schema.org\",\"@graph\":[{\"@type\":\"Article\",\"@id\":\"https:\\\/\\\/lepatriotebenin.com\\\/index.php\\\/2025\\\/08\\\/15\\\/benin-majorite-presidentielle-jacques-ayadji-tire-a-boulets-rouges-sur-edmond-agoua-de-lup-r\\\/#article\",\"isPartOf\":{\"@id\":\"https:\\\/\\\/lepatriotebenin.com\\\/index.php\\\/2025\\\/08\\\/15\\\/benin-majorite-presidentielle-jacques-ayadji-tire-a-boulets-rouges-sur-edmond-agoua-de-lup-r\\\/\"},\"author\":{\"name\":\"Redaction\",\"@id\":\"https:\\\/\\\/lepatriotebenin.com\\\/#\\\/schema\\\/person\\\/2e7709b9c9cc313e452d1136af61690f\"},\"headline\":\"B\u00e9nin\\\/Majorit\u00e9 pr\u00e9sidentielle : Jacques Ayadji tire \u00e0 boulets rouges sur Edmond Agoua de l&rsquo;UP-R\",\"datePublished\":\"2025-08-15T13:17:54+00:00\",\"dateModified\":\"2025-08-15T13:31:52+00:00\",\"mainEntityOfPage\":{\"@id\":\"https:\\\/\\\/lepatriotebenin.com\\\/index.php\\\/2025\\\/08\\\/15\\\/benin-majorite-presidentielle-jacques-ayadji-tire-a-boulets-rouges-sur-edmond-agoua-de-lup-r\\\/\"},\"wordCount\":630,\"commentCount\":0,\"image\":{\"@id\":\"https:\\\/\\\/lepatriotebenin.com\\\/index.php\\\/2025\\\/08\\\/15\\\/benin-majorite-presidentielle-jacques-ayadji-tire-a-boulets-rouges-sur-edmond-agoua-de-lup-r\\\/#primaryimage\"},\"thumbnailUrl\":\"https:\\\/\\\/lepatriotebenin.com\\\/wp-content\\\/uploads\\\/2025\\\/08\\\/ayadji.webp\",\"articleSection\":[\"Politique\"],\"inLanguage\":\"fr-FR\",\"potentialAction\":[{\"@type\":\"CommentAction\",\"name\":\"Comment\",\"target\":[\"https:\\\/\\\/lepatriotebenin.com\\\/index.php\\\/2025\\\/08\\\/15\\\/benin-majorite-presidentielle-jacques-ayadji-tire-a-boulets-rouges-sur-edmond-agoua-de-lup-r\\\/#respond\"]}]},{\"@type\":\"WebPage\",\"@id\":\"https:\\\/\\\/lepatriotebenin.com\\\/index.php\\\/2025\\\/08\\\/15\\\/benin-majorite-presidentielle-jacques-ayadji-tire-a-boulets-rouges-sur-edmond-agoua-de-lup-r\\\/\",\"url\":\"https:\\\/\\\/lepatriotebenin.com\\\/index.php\\\/2025\\\/08\\\/15\\\/benin-majorite-presidentielle-jacques-ayadji-tire-a-boulets-rouges-sur-edmond-agoua-de-lup-r\\\/\",\"name\":\"B\u00e9nin\\\/Majorit\u00e9 pr\u00e9sidentielle : Jacques Ayadji tire \u00e0 boulets rouges sur Edmond Agoua de l'UP-R - Le Patriote\",\"isPartOf\":{\"@id\":\"https:\\\/\\\/lepatriotebenin.com\\\/#website\"},\"primaryImageOfPage\":{\"@id\":\"https:\\\/\\\/lepatriotebenin.com\\\/index.php\\\/2025\\\/08\\\/15\\\/benin-majorite-presidentielle-jacques-ayadji-tire-a-boulets-rouges-sur-edmond-agoua-de-lup-r\\\/#primaryimage\"},\"image\":{\"@id\":\"https:\\\/\\\/lepatriotebenin.com\\\/index.php\\\/2025\\\/08\\\/15\\\/benin-majorite-presidentielle-jacques-ayadji-tire-a-boulets-rouges-sur-edmond-agoua-de-lup-r\\\/#primaryimage\"},\"thumbnailUrl\":\"https:\\\/\\\/lepatriotebenin.com\\\/wp-content\\\/uploads\\\/2025\\\/08\\\/ayadji.webp\",\"datePublished\":\"2025-08-15T13:17:54+00:00\",\"dateModified\":\"2025-08-15T13:31:52+00:00\",\"author\":{\"@id\":\"https:\\\/\\\/lepatriotebenin.com\\\/#\\\/schema\\\/person\\\/2e7709b9c9cc313e452d1136af61690f\"},\"breadcrumb\":{\"@id\":\"https:\\\/\\\/lepatriotebenin.com\\\/index.php\\\/2025\\\/08\\\/15\\\/benin-majorite-presidentielle-jacques-ayadji-tire-a-boulets-rouges-sur-edmond-agoua-de-lup-r\\\/#breadcrumb\"},\"inLanguage\":\"fr-FR\",\"potentialAction\":[{\"@type\":\"ReadAction\",\"target\":[\"https:\\\/\\\/lepatriotebenin.com\\\/index.php\\\/2025\\\/08\\\/15\\\/benin-majorite-presidentielle-jacques-ayadji-tire-a-boulets-rouges-sur-edmond-agoua-de-lup-r\\\/\"]}]},{\"@type\":\"ImageObject\",\"inLanguage\":\"fr-FR\",\"@id\":\"https:\\\/\\\/lepatriotebenin.com\\\/index.php\\\/2025\\\/08\\\/15\\\/benin-majorite-presidentielle-jacques-ayadji-tire-a-boulets-rouges-sur-edmond-agoua-de-lup-r\\\/#primaryimage\",\"url\":\"https:\\\/\\\/lepatriotebenin.com\\\/wp-content\\\/uploads\\\/2025\\\/08\\\/ayadji.webp\",\"contentUrl\":\"https:\\\/\\\/lepatriotebenin.com\\\/wp-content\\\/uploads\\\/2025\\\/08\\\/ayadji.webp\",\"width\":800,\"height\":500},{\"@type\":\"BreadcrumbList\",\"@id\":\"https:\\\/\\\/lepatriotebenin.com\\\/index.php\\\/2025\\\/08\\\/15\\\/benin-majorite-presidentielle-jacques-ayadji-tire-a-boulets-rouges-sur-edmond-agoua-de-lup-r\\\/#breadcrumb\",\"itemListElement\":[{\"@type\":\"ListItem\",\"position\":1,\"name\":\"Accueil\",\"item\":\"https:\\\/\\\/lepatriotebenin.com\\\/\"},{\"@type\":\"ListItem\",\"position\":2,\"name\":\"B\u00e9nin\\\/Majorit\u00e9 pr\u00e9sidentielle : Jacques Ayadji tire \u00e0 boulets rouges sur Edmond Agoua de l&rsquo;UP-R\"}]},{\"@type\":\"WebSite\",\"@id\":\"https:\\\/\\\/lepatriotebenin.com\\\/#website\",\"url\":\"https:\\\/\\\/lepatriotebenin.com\\\/\",\"name\":\"Le Patriote\",\"description\":\"Le Patriote B\u00e9nin\",\"potentialAction\":[{\"@type\":\"SearchAction\",\"target\":{\"@type\":\"EntryPoint\",\"urlTemplate\":\"https:\\\/\\\/lepatriotebenin.com\\\/?s={search_term_string}\"},\"query-input\":{\"@type\":\"PropertyValueSpecification\",\"valueRequired\":true,\"valueName\":\"search_term_string\"}}],\"inLanguage\":\"fr-FR\"},{\"@type\":\"Person\",\"@id\":\"https:\\\/\\\/lepatriotebenin.com\\\/#\\\/schema\\\/person\\\/2e7709b9c9cc313e452d1136af61690f\",\"name\":\"Redaction\",\"image\":{\"@type\":\"ImageObject\",\"inLanguage\":\"fr-FR\",\"@id\":\"https:\\\/\\\/secure.gravatar.com\\\/avatar\\\/c4c509357859ea2ca2cbb6d8812898a73e4ef1ef9934c2e591d7e32face734d1?s=96&d=mm&r=g\",\"url\":\"https:\\\/\\\/secure.gravatar.com\\\/avatar\\\/c4c509357859ea2ca2cbb6d8812898a73e4ef1ef9934c2e591d7e32face734d1?s=96&d=mm&r=g\",\"contentUrl\":\"https:\\\/\\\/secure.gravatar.com\\\/avatar\\\/c4c509357859ea2ca2cbb6d8812898a73e4ef1ef9934c2e591d7e32face734d1?s=96&d=mm&r=g\",\"caption\":\"Redaction\"},\"url\":\"https:\\\/\\\/lepatriotebenin.com\"}]}<\/script>\n<!-- \/ Yoast SEO plugin. -->","yoast_head_json":{"title":"B\u00e9nin\/Majorit\u00e9 pr\u00e9sidentielle : Jacques Ayadji tire \u00e0 boulets rouges sur Edmond Agoua de l'UP-R - Le Patriote","robots":{"index":"index","follow":"follow","max-snippet":"max-snippet:-1","max-image-preview":"max-image-preview:large","max-video-preview":"max-video-preview:-1"},"canonical":"https:\/\/lepatriotebenin.com\/index.php\/2025\/08\/15\/benin-majorite-presidentielle-jacques-ayadji-tire-a-boulets-rouges-sur-edmond-agoua-de-lup-r\/","og_locale":"fr_FR","og_type":"article","og_title":"B\u00e9nin\/Majorit\u00e9 pr\u00e9sidentielle : Jacques Ayadji tire \u00e0 boulets rouges sur Edmond Agoua de l'UP-R - Le Patriote","og_description":"Lors d\u2019une conf\u00e9rence de presse tenue ce jeudi 14 Ao\u00fbt 2025, le pr\u00e9sident du parti Moelle B\u00e9nin, Jacques Ayadji, a publiquement d\u00e9nonc\u00e9 ce qu\u2019il qualifie de \u201cman\u0153uvres\u201d visant \u00e0 affaiblir&hellip;","og_url":"https:\/\/lepatriotebenin.com\/index.php\/2025\/08\/15\/benin-majorite-presidentielle-jacques-ayadji-tire-a-boulets-rouges-sur-edmond-agoua-de-lup-r\/","og_site_name":"Le Patriote","article_published_time":"2025-08-15T13:17:54+00:00","article_modified_time":"2025-08-15T13:31:52+00:00","og_image":[{"width":800,"height":500,"url":"https:\/\/lepatriotebenin.com\/wp-content\/uploads\/2025\/08\/ayadji.webp","type":"image\/webp"}],"author":"Redaction","twitter_card":"summary_large_image","twitter_misc":{"\u00c9crit par":"Redaction","Dur\u00e9e de lecture estim\u00e9e":"3 minutes"},"schema":{"@context":"https:\/\/schema.org","@graph":[{"@type":"Article","@id":"https:\/\/lepatriotebenin.com\/index.php\/2025\/08\/15\/benin-majorite-presidentielle-jacques-ayadji-tire-a-boulets-rouges-sur-edmond-agoua-de-lup-r\/#article","isPartOf":{"@id":"https:\/\/lepatriotebenin.com\/index.php\/2025\/08\/15\/benin-majorite-presidentielle-jacques-ayadji-tire-a-boulets-rouges-sur-edmond-agoua-de-lup-r\/"},"author":{"name":"Redaction","@id":"https:\/\/lepatriotebenin.com\/#\/schema\/person\/2e7709b9c9cc313e452d1136af61690f"},"headline":"B\u00e9nin\/Majorit\u00e9 pr\u00e9sidentielle : Jacques Ayadji tire \u00e0 boulets rouges sur Edmond Agoua de l&rsquo;UP-R","datePublished":"2025-08-15T13:17:54+00:00","dateModified":"2025-08-15T13:31:52+00:00","mainEntityOfPage":{"@id":"https:\/\/lepatriotebenin.com\/index.php\/2025\/08\/15\/benin-majorite-presidentielle-jacques-ayadji-tire-a-boulets-rouges-sur-edmond-agoua-de-lup-r\/"},"wordCount":630,"commentCount":0,"image":{"@id":"https:\/\/lepatriotebenin.com\/index.php\/2025\/08\/15\/benin-majorite-presidentielle-jacques-ayadji-tire-a-boulets-rouges-sur-edmond-agoua-de-lup-r\/#primaryimage"},"thumbnailUrl":"https:\/\/lepatriotebenin.com\/wp-content\/uploads\/2025\/08\/ayadji.webp","articleSection":["Politique"],"inLanguage":"fr-FR","potentialAction":[{"@type":"CommentAction","name":"Comment","target":["https:\/\/lepatriotebenin.com\/index.php\/2025\/08\/15\/benin-majorite-presidentielle-jacques-ayadji-tire-a-boulets-rouges-sur-edmond-agoua-de-lup-r\/#respond"]}]},{"@type":"WebPage","@id":"https:\/\/lepatriotebenin.com\/index.php\/2025\/08\/15\/benin-majorite-presidentielle-jacques-ayadji-tire-a-boulets-rouges-sur-edmond-agoua-de-lup-r\/","url":"https:\/\/lepatriotebenin.com\/index.php\/2025\/08\/15\/benin-majorite-presidentielle-jacques-ayadji-tire-a-boulets-rouges-sur-edmond-agoua-de-lup-r\/","name":"B\u00e9nin\/Majorit\u00e9 pr\u00e9sidentielle : Jacques Ayadji tire \u00e0 boulets rouges sur Edmond Agoua de l'UP-R - Le Patriote","isPartOf":{"@id":"https:\/\/lepatriotebenin.com\/#website"},"primaryImageOfPage":{"@id":"https:\/\/lepatriotebenin.com\/index.php\/2025\/08\/15\/benin-majorite-presidentielle-jacques-ayadji-tire-a-boulets-rouges-sur-edmond-agoua-de-lup-r\/#primaryimage"},"image":{"@id":"https:\/\/lepatriotebenin.com\/index.php\/2025\/08\/15\/benin-majorite-presidentielle-jacques-ayadji-tire-a-boulets-rouges-sur-edmond-agoua-de-lup-r\/#primaryimage"},"thumbnailUrl":"https:\/\/lepatriotebenin.com\/wp-content\/uploads\/2025\/08\/ayadji.webp","datePublished":"2025-08-15T13:17:54+00:00","dateModified":"2025-08-15T13:31:52+00:00","author":{"@id":"https:\/\/lepatriotebenin.com\/#\/schema\/person\/2e7709b9c9cc313e452d1136af61690f"},"breadcrumb":{"@id":"https:\/\/lepatriotebenin.com\/index.php\/2025\/08\/15\/benin-majorite-presidentielle-jacques-ayadji-tire-a-boulets-rouges-sur-edmond-agoua-de-lup-r\/#breadcrumb"},"inLanguage":"fr-FR","potentialAction":[{"@type":"ReadAction","target":["https:\/\/lepatriotebenin.com\/index.php\/2025\/08\/15\/benin-majorite-presidentielle-jacques-ayadji-tire-a-boulets-rouges-sur-edmond-agoua-de-lup-r\/"]}]},{"@type":"ImageObject","inLanguage":"fr-FR","@id":"https:\/\/lepatriotebenin.com\/index.php\/2025\/08\/15\/benin-majorite-presidentielle-jacques-ayadji-tire-a-boulets-rouges-sur-edmond-agoua-de-lup-r\/#primaryimage","url":"https:\/\/lepatriotebenin.com\/wp-content\/uploads\/2025\/08\/ayadji.webp","contentUrl":"https:\/\/lepatriotebenin.com\/wp-content\/uploads\/2025\/08\/ayadji.webp","width":800,"height":500},{"@type":"BreadcrumbList","@id":"https:\/\/lepatriotebenin.com\/index.php\/2025\/08\/15\/benin-majorite-presidentielle-jacques-ayadji-tire-a-boulets-rouges-sur-edmond-agoua-de-lup-r\/#breadcrumb","itemListElement":[{"@type":"ListItem","position":1,"name":"Accueil","item":"https:\/\/lepatriotebenin.com\/"},{"@type":"ListItem","position":2,"name":"B\u00e9nin\/Majorit\u00e9 pr\u00e9sidentielle : Jacques Ayadji tire \u00e0 boulets rouges sur Edmond Agoua de l&rsquo;UP-R"}]},{"@type":"WebSite","@id":"https:\/\/lepatriotebenin.com\/#website","url":"https:\/\/lepatriotebenin.com\/","name":"Le Patriote","description":"Le Patriote B\u00e9nin","potentialAction":[{"@type":"SearchAction","target":{"@type":"EntryPoint","urlTemplate":"https:\/\/lepatriotebenin.com\/?s={search_term_string}"},"query-input":{"@type":"PropertyValueSpecification","valueRequired":true,"valueName":"search_term_string"}}],"inLanguage":"fr-FR"},{"@type":"Person","@id":"https:\/\/lepatriotebenin.com\/#\/schema\/person\/2e7709b9c9cc313e452d1136af61690f","name":"Redaction","image":{"@type":"ImageObject","inLanguage":"fr-FR","@id":"https:\/\/secure.gravatar.com\/avatar\/c4c509357859ea2ca2cbb6d8812898a73e4ef1ef9934c2e591d7e32face734d1?s=96&d=mm&r=g","url":"https:\/\/secure.gravatar.com\/avatar\/c4c509357859ea2ca2cbb6d8812898a73e4ef1ef9934c2e591d7e32face734d1?s=96&d=mm&r=g","contentUrl":"https:\/\/secure.gravatar.com\/avatar\/c4c509357859ea2ca2cbb6d8812898a73e4ef1ef9934c2e591d7e32face734d1?s=96&d=mm&r=g","caption":"Redaction"},"url":"https:\/\/lepatriotebenin.com"}]}},"_links":{"self":[{"href":"https:\/\/lepatriotebenin.com\/index.php\/wp-json\/wp\/v2\/posts\/13071","targetHints":{"allow":["GET"]}}],"collection":[{"href":"https:\/\/lepatriotebenin.com\/index.php\/wp-json\/wp\/v2\/posts"}],"about":[{"href":"https:\/\/lepatriotebenin.com\/index.php\/wp-json\/wp\/v2\/types\/post"}],"author":[{"embeddable":true,"href":"https:\/\/lepatriotebenin.com\/index.php\/wp-json\/wp\/v2\/users\/5"}],"replies":[{"embeddable":true,"href":"https:\/\/lepatriotebenin.com\/index.php\/wp-json\/wp\/v2\/comments?post=13071"}],"version-history":[{"count":4,"href":"https:\/\/lepatriotebenin.com\/index.php\/wp-json\/wp\/v2\/posts\/13071\/revisions"}],"predecessor-version":[{"id":13076,"href":"https:\/\/lepatriotebenin.com\/index.php\/wp-json\/wp\/v2\/posts\/13071\/revisions\/13076"}],"wp:featuredmedia":[{"embeddable":true,"href":"https:\/\/lepatriotebenin.com\/index.php\/wp-json\/wp\/v2\/media\/13072"}],"wp:attachment":[{"href":"https:\/\/lepatriotebenin.com\/index.php\/wp-json\/wp\/v2\/media?parent=13071"}],"wp:term":[{"taxonomy":"category","embeddable":true,"href":"https:\/\/lepatriotebenin.com\/index.php\/wp-json\/wp\/v2\/categories?post=13071"},{"taxonomy":"post_tag","embeddable":true,"href":"https:\/\/lepatriotebenin.com\/index.php\/wp-json\/wp\/v2\/tags?post=13071"}],"curies":[{"name":"wp","href":"https:\/\/api.w.org\/{rel}","templated":true}]}}