{"id":12946,"date":"2025-08-11T03:56:31","date_gmt":"2025-08-11T01:56:31","guid":{"rendered":"https:\/\/lepatriotebenin.com\/?p=12946"},"modified":"2025-08-11T03:56:31","modified_gmt":"2025-08-11T01:56:31","slug":"100-de-reussite-pour-la-fadesp-uac-au-cames-un-professeur-titulaire-et-trois-maitres-de-conferences-promus-au-tchad","status":"publish","type":"post","link":"https:\/\/lepatriotebenin.com\/index.php\/2025\/08\/11\/100-de-reussite-pour-la-fadesp-uac-au-cames-un-professeur-titulaire-et-trois-maitres-de-conferences-promus-au-tchad\/","title":{"rendered":"100% de r\u00e9ussite pour la Fadesp-Uac au CAMES : Un professeur titulaire et trois ma\u00eetres de conf\u00e9rences promus au Tchad"},"content":{"rendered":"<p><strong>La Facult\u00e9 de droit et de sciences politiques de l\u2019Universit\u00e9 d\u2019Abomey-Calavi (Fadesp-Uac) vient de r\u00e9aliser une performance exceptionnelle lors de la session 2025 du Comit\u00e9 technique sp\u00e9cialis\u00e9 (CTS) du CAMES, tenue \u00e0 N\u2019Djamena, au Tchad. L\u2019\u00e9tablissement a en effet enregistr\u00e9 un taux de r\u00e9ussite de 100 %, confirmant son rang parmi les p\u00f4les d\u2019excellence universitaire de la sous-r\u00e9gion.<\/strong><\/p>\n<p>La Fadesp-Uac vient d&rsquo;\u00eatre hiss\u00e9e au plus haut niveau dans les \u00e9valuations du CAMES. Parmi les faits marquants de la session 2025 du Comit\u00e9 technique sp\u00e9cialis\u00e9 du CAMES, l\u2019enseignant-chercheur Adeloui Jo\u00ebl a \u00e9t\u00e9 promu au grade prestigieux de professeur titulaire, une distinction qui consacre des ann\u00e9es d\u2019engagement acad\u00e9mique et de production scientifique. Trois autres enseignants, Kitti Nathaniel, Fid\u00e8le Ayena et Gounou Abdoulaye, ont franchi un cap important en acc\u00e9dant au rang de ma\u00eetre de conf\u00e9rences, \u00e9tape d\u00e9cisive dans leur carri\u00e8re universitaire.<\/p>\n<p>Ce succ\u00e8s collectif n\u2019est pas le fruit du hasard. Il s\u2019inscrit dans une dynamique d\u2019exigence et de rigueur insuffl\u00e9e par le recteur de l\u2019Uac, F\u00e9licien Avlessi, et soutenue activement par le doyen de la Fadesp, L\u00e9on Josse. Leur accompagnement constant, combin\u00e9 aux efforts des enseignants et chercheurs, a permis de hisser la facult\u00e9 au plus haut niveau dans les \u00e9valuations du CAMES.<\/p>\n<p>Avec ce r\u00e9sultat sans faute, la Fadesp-Uac conforte sa r\u00e9putation d\u2019incubateur d\u2019excellence et d\u2019innovation dans la formation juridique et politique. Une r\u00e9ussite qui honore non seulement l\u2019Universit\u00e9 d\u2019Abomey-Calavi, mais aussi tout l\u2019enseignement sup\u00e9rieur b\u00e9ninois.<\/p>\n<p><strong>Gildas AHOGNI<\/strong><\/p>\n","protected":false},"excerpt":{"rendered":"<p>La Facult\u00e9 de droit et de sciences politiques de l\u2019Universit\u00e9 d\u2019Abomey-Calavi (Fadesp-Uac) vient de r\u00e9aliser une performance exceptionnelle lors de la session 2025 du Comit\u00e9 technique sp\u00e9cialis\u00e9 (CTS) du CAMES,&hellip;<\/p>\n","protected":false},"author":5,"featured_media":12947,"comment_status":"open","ping_status":"open","sticky":false,"template":"","format":"standard","meta":{"content-type":"","om_disable_all_campaigns":false,"_monsterinsights_skip_tracking":false,"_monsterinsights_sitenote_active":false,"_monsterinsights_sitenote_note":"","_monsterinsights_sitenote_category":0,"_uf_show_specific_survey":0,"_uf_disable_surveys":false,"footnotes":""},"categories":[20],"tags":[],"class_list":["post-12946","post","type-post","status-publish","format-standard","has-post-thumbnail","hentry","category-societe"],"aioseo_notices":[],"yoast_head":"<!-- This site is optimized with the Yoast SEO plugin v27.5 - https:\/\/yoast.com\/product\/yoast-seo-wordpress\/ -->\n<title>100% de r\u00e9ussite pour la Fadesp-Uac au CAMES : Un professeur titulaire et trois ma\u00eetres de conf\u00e9rences promus au Tchad - Le Patriote<\/title>\n<meta name=\"robots\" content=\"index, follow, max-snippet:-1, max-image-preview:large, max-video-preview:-1\" \/>\n<link rel=\"canonical\" href=\"https:\/\/lepatriotebenin.com\/index.php\/2025\/08\/11\/100-de-reussite-pour-la-fadesp-uac-au-cames-un-professeur-titulaire-et-trois-maitres-de-conferences-promus-au-tchad\/\" \/>\n<meta property=\"og:locale\" content=\"fr_FR\" \/>\n<meta property=\"og:type\" content=\"article\" \/>\n<meta property=\"og:title\" content=\"100% de r\u00e9ussite pour la Fadesp-Uac au CAMES : Un professeur titulaire et trois ma\u00eetres de conf\u00e9rences promus au Tchad - Le Patriote\" \/>\n<meta property=\"og:description\" content=\"La Facult\u00e9 de droit et de sciences politiques de l\u2019Universit\u00e9 d\u2019Abomey-Calavi (Fadesp-Uac) vient de r\u00e9aliser une performance exceptionnelle lors de la session 2025 du Comit\u00e9 technique sp\u00e9cialis\u00e9 (CTS) du CAMES,&hellip;\" \/>\n<meta property=\"og:url\" content=\"https:\/\/lepatriotebenin.com\/index.php\/2025\/08\/11\/100-de-reussite-pour-la-fadesp-uac-au-cames-un-professeur-titulaire-et-trois-maitres-de-conferences-promus-au-tchad\/\" \/>\n<meta property=\"og:site_name\" content=\"Le Patriote\" \/>\n<meta property=\"article:published_time\" content=\"2025-08-11T01:56:31+00:00\" \/>\n<meta property=\"og:image\" content=\"https:\/\/lepatriotebenin.com\/wp-content\/uploads\/2025\/08\/499932108-1290554156410413-5440219384533962912-n.jpg\" \/>\n\t<meta property=\"og:image:width\" content=\"550\" \/>\n\t<meta property=\"og:image:height\" content=\"352\" \/>\n\t<meta property=\"og:image:type\" content=\"image\/jpeg\" \/>\n<meta name=\"author\" content=\"Redaction\" \/>\n<meta name=\"twitter:card\" content=\"summary_large_image\" \/>\n<meta name=\"twitter:label1\" content=\"\u00c9crit par\" \/>\n\t<meta name=\"twitter:data1\" content=\"Redaction\" \/>\n\t<meta name=\"twitter:label2\" content=\"Dur\u00e9e de lecture estim\u00e9e\" \/>\n\t<meta name=\"twitter:data2\" content=\"2 minutes\" \/>\n<script type=\"application\/ld+json\" class=\"yoast-schema-graph\">{\"@context\":\"https:\\\/\\\/schema.org\",\"@graph\":[{\"@type\":\"Article\",\"@id\":\"https:\\\/\\\/lepatriotebenin.com\\\/index.php\\\/2025\\\/08\\\/11\\\/100-de-reussite-pour-la-fadesp-uac-au-cames-un-professeur-titulaire-et-trois-maitres-de-conferences-promus-au-tchad\\\/#article\",\"isPartOf\":{\"@id\":\"https:\\\/\\\/lepatriotebenin.com\\\/index.php\\\/2025\\\/08\\\/11\\\/100-de-reussite-pour-la-fadesp-uac-au-cames-un-professeur-titulaire-et-trois-maitres-de-conferences-promus-au-tchad\\\/\"},\"author\":{\"name\":\"Redaction\",\"@id\":\"https:\\\/\\\/lepatriotebenin.com\\\/#\\\/schema\\\/person\\\/2e7709b9c9cc313e452d1136af61690f\"},\"headline\":\"100% de r\u00e9ussite pour la Fadesp-Uac au CAMES : Un professeur titulaire et trois ma\u00eetres de conf\u00e9rences promus au Tchad\",\"datePublished\":\"2025-08-11T01:56:31+00:00\",\"mainEntityOfPage\":{\"@id\":\"https:\\\/\\\/lepatriotebenin.com\\\/index.php\\\/2025\\\/08\\\/11\\\/100-de-reussite-pour-la-fadesp-uac-au-cames-un-professeur-titulaire-et-trois-maitres-de-conferences-promus-au-tchad\\\/\"},\"wordCount\":296,\"commentCount\":0,\"image\":{\"@id\":\"https:\\\/\\\/lepatriotebenin.com\\\/index.php\\\/2025\\\/08\\\/11\\\/100-de-reussite-pour-la-fadesp-uac-au-cames-un-professeur-titulaire-et-trois-maitres-de-conferences-promus-au-tchad\\\/#primaryimage\"},\"thumbnailUrl\":\"https:\\\/\\\/lepatriotebenin.com\\\/wp-content\\\/uploads\\\/2025\\\/08\\\/499932108-1290554156410413-5440219384533962912-n.jpg\",\"articleSection\":[\"Soci\u00e9t\u00e9\"],\"inLanguage\":\"fr-FR\",\"potentialAction\":[{\"@type\":\"CommentAction\",\"name\":\"Comment\",\"target\":[\"https:\\\/\\\/lepatriotebenin.com\\\/index.php\\\/2025\\\/08\\\/11\\\/100-de-reussite-pour-la-fadesp-uac-au-cames-un-professeur-titulaire-et-trois-maitres-de-conferences-promus-au-tchad\\\/#respond\"]}]},{\"@type\":\"WebPage\",\"@id\":\"https:\\\/\\\/lepatriotebenin.com\\\/index.php\\\/2025\\\/08\\\/11\\\/100-de-reussite-pour-la-fadesp-uac-au-cames-un-professeur-titulaire-et-trois-maitres-de-conferences-promus-au-tchad\\\/\",\"url\":\"https:\\\/\\\/lepatriotebenin.com\\\/index.php\\\/2025\\\/08\\\/11\\\/100-de-reussite-pour-la-fadesp-uac-au-cames-un-professeur-titulaire-et-trois-maitres-de-conferences-promus-au-tchad\\\/\",\"name\":\"100% de r\u00e9ussite pour la Fadesp-Uac au CAMES : Un professeur titulaire et trois ma\u00eetres de conf\u00e9rences promus au Tchad - Le Patriote\",\"isPartOf\":{\"@id\":\"https:\\\/\\\/lepatriotebenin.com\\\/#website\"},\"primaryImageOfPage\":{\"@id\":\"https:\\\/\\\/lepatriotebenin.com\\\/index.php\\\/2025\\\/08\\\/11\\\/100-de-reussite-pour-la-fadesp-uac-au-cames-un-professeur-titulaire-et-trois-maitres-de-conferences-promus-au-tchad\\\/#primaryimage\"},\"image\":{\"@id\":\"https:\\\/\\\/lepatriotebenin.com\\\/index.php\\\/2025\\\/08\\\/11\\\/100-de-reussite-pour-la-fadesp-uac-au-cames-un-professeur-titulaire-et-trois-maitres-de-conferences-promus-au-tchad\\\/#primaryimage\"},\"thumbnailUrl\":\"https:\\\/\\\/lepatriotebenin.com\\\/wp-content\\\/uploads\\\/2025\\\/08\\\/499932108-1290554156410413-5440219384533962912-n.jpg\",\"datePublished\":\"2025-08-11T01:56:31+00:00\",\"author\":{\"@id\":\"https:\\\/\\\/lepatriotebenin.com\\\/#\\\/schema\\\/person\\\/2e7709b9c9cc313e452d1136af61690f\"},\"breadcrumb\":{\"@id\":\"https:\\\/\\\/lepatriotebenin.com\\\/index.php\\\/2025\\\/08\\\/11\\\/100-de-reussite-pour-la-fadesp-uac-au-cames-un-professeur-titulaire-et-trois-maitres-de-conferences-promus-au-tchad\\\/#breadcrumb\"},\"inLanguage\":\"fr-FR\",\"potentialAction\":[{\"@type\":\"ReadAction\",\"target\":[\"https:\\\/\\\/lepatriotebenin.com\\\/index.php\\\/2025\\\/08\\\/11\\\/100-de-reussite-pour-la-fadesp-uac-au-cames-un-professeur-titulaire-et-trois-maitres-de-conferences-promus-au-tchad\\\/\"]}]},{\"@type\":\"ImageObject\",\"inLanguage\":\"fr-FR\",\"@id\":\"https:\\\/\\\/lepatriotebenin.com\\\/index.php\\\/2025\\\/08\\\/11\\\/100-de-reussite-pour-la-fadesp-uac-au-cames-un-professeur-titulaire-et-trois-maitres-de-conferences-promus-au-tchad\\\/#primaryimage\",\"url\":\"https:\\\/\\\/lepatriotebenin.com\\\/wp-content\\\/uploads\\\/2025\\\/08\\\/499932108-1290554156410413-5440219384533962912-n.jpg\",\"contentUrl\":\"https:\\\/\\\/lepatriotebenin.com\\\/wp-content\\\/uploads\\\/2025\\\/08\\\/499932108-1290554156410413-5440219384533962912-n.jpg\",\"width\":550,\"height\":352},{\"@type\":\"BreadcrumbList\",\"@id\":\"https:\\\/\\\/lepatriotebenin.com\\\/index.php\\\/2025\\\/08\\\/11\\\/100-de-reussite-pour-la-fadesp-uac-au-cames-un-professeur-titulaire-et-trois-maitres-de-conferences-promus-au-tchad\\\/#breadcrumb\",\"itemListElement\":[{\"@type\":\"ListItem\",\"position\":1,\"name\":\"Accueil\",\"item\":\"https:\\\/\\\/lepatriotebenin.com\\\/\"},{\"@type\":\"ListItem\",\"position\":2,\"name\":\"100% de r\u00e9ussite pour la Fadesp-Uac au CAMES : Un professeur titulaire et trois ma\u00eetres de conf\u00e9rences promus au Tchad\"}]},{\"@type\":\"WebSite\",\"@id\":\"https:\\\/\\\/lepatriotebenin.com\\\/#website\",\"url\":\"https:\\\/\\\/lepatriotebenin.com\\\/\",\"name\":\"Le Patriote\",\"description\":\"Le Patriote B\u00e9nin\",\"potentialAction\":[{\"@type\":\"SearchAction\",\"target\":{\"@type\":\"EntryPoint\",\"urlTemplate\":\"https:\\\/\\\/lepatriotebenin.com\\\/?s={search_term_string}\"},\"query-input\":{\"@type\":\"PropertyValueSpecification\",\"valueRequired\":true,\"valueName\":\"search_term_string\"}}],\"inLanguage\":\"fr-FR\"},{\"@type\":\"Person\",\"@id\":\"https:\\\/\\\/lepatriotebenin.com\\\/#\\\/schema\\\/person\\\/2e7709b9c9cc313e452d1136af61690f\",\"name\":\"Redaction\",\"image\":{\"@type\":\"ImageObject\",\"inLanguage\":\"fr-FR\",\"@id\":\"https:\\\/\\\/secure.gravatar.com\\\/avatar\\\/c4c509357859ea2ca2cbb6d8812898a73e4ef1ef9934c2e591d7e32face734d1?s=96&d=mm&r=g\",\"url\":\"https:\\\/\\\/secure.gravatar.com\\\/avatar\\\/c4c509357859ea2ca2cbb6d8812898a73e4ef1ef9934c2e591d7e32face734d1?s=96&d=mm&r=g\",\"contentUrl\":\"https:\\\/\\\/secure.gravatar.com\\\/avatar\\\/c4c509357859ea2ca2cbb6d8812898a73e4ef1ef9934c2e591d7e32face734d1?s=96&d=mm&r=g\",\"caption\":\"Redaction\"},\"url\":\"https:\\\/\\\/lepatriotebenin.com\"}]}<\/script>\n<!-- \/ Yoast SEO plugin. -->","yoast_head_json":{"title":"100% de r\u00e9ussite pour la Fadesp-Uac au CAMES : Un professeur titulaire et trois ma\u00eetres de conf\u00e9rences promus au Tchad - Le Patriote","robots":{"index":"index","follow":"follow","max-snippet":"max-snippet:-1","max-image-preview":"max-image-preview:large","max-video-preview":"max-video-preview:-1"},"canonical":"https:\/\/lepatriotebenin.com\/index.php\/2025\/08\/11\/100-de-reussite-pour-la-fadesp-uac-au-cames-un-professeur-titulaire-et-trois-maitres-de-conferences-promus-au-tchad\/","og_locale":"fr_FR","og_type":"article","og_title":"100% de r\u00e9ussite pour la Fadesp-Uac au CAMES : Un professeur titulaire et trois ma\u00eetres de conf\u00e9rences promus au Tchad - Le Patriote","og_description":"La Facult\u00e9 de droit et de sciences politiques de l\u2019Universit\u00e9 d\u2019Abomey-Calavi (Fadesp-Uac) vient de r\u00e9aliser une performance exceptionnelle lors de la session 2025 du Comit\u00e9 technique sp\u00e9cialis\u00e9 (CTS) du CAMES,&hellip;","og_url":"https:\/\/lepatriotebenin.com\/index.php\/2025\/08\/11\/100-de-reussite-pour-la-fadesp-uac-au-cames-un-professeur-titulaire-et-trois-maitres-de-conferences-promus-au-tchad\/","og_site_name":"Le Patriote","article_published_time":"2025-08-11T01:56:31+00:00","og_image":[{"width":550,"height":352,"url":"https:\/\/lepatriotebenin.com\/wp-content\/uploads\/2025\/08\/499932108-1290554156410413-5440219384533962912-n.jpg","type":"image\/jpeg"}],"author":"Redaction","twitter_card":"summary_large_image","twitter_misc":{"\u00c9crit par":"Redaction","Dur\u00e9e de lecture estim\u00e9e":"2 minutes"},"schema":{"@context":"https:\/\/schema.org","@graph":[{"@type":"Article","@id":"https:\/\/lepatriotebenin.com\/index.php\/2025\/08\/11\/100-de-reussite-pour-la-fadesp-uac-au-cames-un-professeur-titulaire-et-trois-maitres-de-conferences-promus-au-tchad\/#article","isPartOf":{"@id":"https:\/\/lepatriotebenin.com\/index.php\/2025\/08\/11\/100-de-reussite-pour-la-fadesp-uac-au-cames-un-professeur-titulaire-et-trois-maitres-de-conferences-promus-au-tchad\/"},"author":{"name":"Redaction","@id":"https:\/\/lepatriotebenin.com\/#\/schema\/person\/2e7709b9c9cc313e452d1136af61690f"},"headline":"100% de r\u00e9ussite pour la Fadesp-Uac au CAMES : Un professeur titulaire et trois ma\u00eetres de conf\u00e9rences promus au Tchad","datePublished":"2025-08-11T01:56:31+00:00","mainEntityOfPage":{"@id":"https:\/\/lepatriotebenin.com\/index.php\/2025\/08\/11\/100-de-reussite-pour-la-fadesp-uac-au-cames-un-professeur-titulaire-et-trois-maitres-de-conferences-promus-au-tchad\/"},"wordCount":296,"commentCount":0,"image":{"@id":"https:\/\/lepatriotebenin.com\/index.php\/2025\/08\/11\/100-de-reussite-pour-la-fadesp-uac-au-cames-un-professeur-titulaire-et-trois-maitres-de-conferences-promus-au-tchad\/#primaryimage"},"thumbnailUrl":"https:\/\/lepatriotebenin.com\/wp-content\/uploads\/2025\/08\/499932108-1290554156410413-5440219384533962912-n.jpg","articleSection":["Soci\u00e9t\u00e9"],"inLanguage":"fr-FR","potentialAction":[{"@type":"CommentAction","name":"Comment","target":["https:\/\/lepatriotebenin.com\/index.php\/2025\/08\/11\/100-de-reussite-pour-la-fadesp-uac-au-cames-un-professeur-titulaire-et-trois-maitres-de-conferences-promus-au-tchad\/#respond"]}]},{"@type":"WebPage","@id":"https:\/\/lepatriotebenin.com\/index.php\/2025\/08\/11\/100-de-reussite-pour-la-fadesp-uac-au-cames-un-professeur-titulaire-et-trois-maitres-de-conferences-promus-au-tchad\/","url":"https:\/\/lepatriotebenin.com\/index.php\/2025\/08\/11\/100-de-reussite-pour-la-fadesp-uac-au-cames-un-professeur-titulaire-et-trois-maitres-de-conferences-promus-au-tchad\/","name":"100% de r\u00e9ussite pour la Fadesp-Uac au CAMES : Un professeur titulaire et trois ma\u00eetres de conf\u00e9rences promus au Tchad - Le Patriote","isPartOf":{"@id":"https:\/\/lepatriotebenin.com\/#website"},"primaryImageOfPage":{"@id":"https:\/\/lepatriotebenin.com\/index.php\/2025\/08\/11\/100-de-reussite-pour-la-fadesp-uac-au-cames-un-professeur-titulaire-et-trois-maitres-de-conferences-promus-au-tchad\/#primaryimage"},"image":{"@id":"https:\/\/lepatriotebenin.com\/index.php\/2025\/08\/11\/100-de-reussite-pour-la-fadesp-uac-au-cames-un-professeur-titulaire-et-trois-maitres-de-conferences-promus-au-tchad\/#primaryimage"},"thumbnailUrl":"https:\/\/lepatriotebenin.com\/wp-content\/uploads\/2025\/08\/499932108-1290554156410413-5440219384533962912-n.jpg","datePublished":"2025-08-11T01:56:31+00:00","author":{"@id":"https:\/\/lepatriotebenin.com\/#\/schema\/person\/2e7709b9c9cc313e452d1136af61690f"},"breadcrumb":{"@id":"https:\/\/lepatriotebenin.com\/index.php\/2025\/08\/11\/100-de-reussite-pour-la-fadesp-uac-au-cames-un-professeur-titulaire-et-trois-maitres-de-conferences-promus-au-tchad\/#breadcrumb"},"inLanguage":"fr-FR","potentialAction":[{"@type":"ReadAction","target":["https:\/\/lepatriotebenin.com\/index.php\/2025\/08\/11\/100-de-reussite-pour-la-fadesp-uac-au-cames-un-professeur-titulaire-et-trois-maitres-de-conferences-promus-au-tchad\/"]}]},{"@type":"ImageObject","inLanguage":"fr-FR","@id":"https:\/\/lepatriotebenin.com\/index.php\/2025\/08\/11\/100-de-reussite-pour-la-fadesp-uac-au-cames-un-professeur-titulaire-et-trois-maitres-de-conferences-promus-au-tchad\/#primaryimage","url":"https:\/\/lepatriotebenin.com\/wp-content\/uploads\/2025\/08\/499932108-1290554156410413-5440219384533962912-n.jpg","contentUrl":"https:\/\/lepatriotebenin.com\/wp-content\/uploads\/2025\/08\/499932108-1290554156410413-5440219384533962912-n.jpg","width":550,"height":352},{"@type":"BreadcrumbList","@id":"https:\/\/lepatriotebenin.com\/index.php\/2025\/08\/11\/100-de-reussite-pour-la-fadesp-uac-au-cames-un-professeur-titulaire-et-trois-maitres-de-conferences-promus-au-tchad\/#breadcrumb","itemListElement":[{"@type":"ListItem","position":1,"name":"Accueil","item":"https:\/\/lepatriotebenin.com\/"},{"@type":"ListItem","position":2,"name":"100% de r\u00e9ussite pour la Fadesp-Uac au CAMES : Un professeur titulaire et trois ma\u00eetres de conf\u00e9rences promus au Tchad"}]},{"@type":"WebSite","@id":"https:\/\/lepatriotebenin.com\/#website","url":"https:\/\/lepatriotebenin.com\/","name":"Le Patriote","description":"Le Patriote B\u00e9nin","potentialAction":[{"@type":"SearchAction","target":{"@type":"EntryPoint","urlTemplate":"https:\/\/lepatriotebenin.com\/?s={search_term_string}"},"query-input":{"@type":"PropertyValueSpecification","valueRequired":true,"valueName":"search_term_string"}}],"inLanguage":"fr-FR"},{"@type":"Person","@id":"https:\/\/lepatriotebenin.com\/#\/schema\/person\/2e7709b9c9cc313e452d1136af61690f","name":"Redaction","image":{"@type":"ImageObject","inLanguage":"fr-FR","@id":"https:\/\/secure.gravatar.com\/avatar\/c4c509357859ea2ca2cbb6d8812898a73e4ef1ef9934c2e591d7e32face734d1?s=96&d=mm&r=g","url":"https:\/\/secure.gravatar.com\/avatar\/c4c509357859ea2ca2cbb6d8812898a73e4ef1ef9934c2e591d7e32face734d1?s=96&d=mm&r=g","contentUrl":"https:\/\/secure.gravatar.com\/avatar\/c4c509357859ea2ca2cbb6d8812898a73e4ef1ef9934c2e591d7e32face734d1?s=96&d=mm&r=g","caption":"Redaction"},"url":"https:\/\/lepatriotebenin.com"}]}},"_links":{"self":[{"href":"https:\/\/lepatriotebenin.com\/index.php\/wp-json\/wp\/v2\/posts\/12946","targetHints":{"allow":["GET"]}}],"collection":[{"href":"https:\/\/lepatriotebenin.com\/index.php\/wp-json\/wp\/v2\/posts"}],"about":[{"href":"https:\/\/lepatriotebenin.com\/index.php\/wp-json\/wp\/v2\/types\/post"}],"author":[{"embeddable":true,"href":"https:\/\/lepatriotebenin.com\/index.php\/wp-json\/wp\/v2\/users\/5"}],"replies":[{"embeddable":true,"href":"https:\/\/lepatriotebenin.com\/index.php\/wp-json\/wp\/v2\/comments?post=12946"}],"version-history":[{"count":1,"href":"https:\/\/lepatriotebenin.com\/index.php\/wp-json\/wp\/v2\/posts\/12946\/revisions"}],"predecessor-version":[{"id":12948,"href":"https:\/\/lepatriotebenin.com\/index.php\/wp-json\/wp\/v2\/posts\/12946\/revisions\/12948"}],"wp:featuredmedia":[{"embeddable":true,"href":"https:\/\/lepatriotebenin.com\/index.php\/wp-json\/wp\/v2\/media\/12947"}],"wp:attachment":[{"href":"https:\/\/lepatriotebenin.com\/index.php\/wp-json\/wp\/v2\/media?parent=12946"}],"wp:term":[{"taxonomy":"category","embeddable":true,"href":"https:\/\/lepatriotebenin.com\/index.php\/wp-json\/wp\/v2\/categories?post=12946"},{"taxonomy":"post_tag","embeddable":true,"href":"https:\/\/lepatriotebenin.com\/index.php\/wp-json\/wp\/v2\/tags?post=12946"}],"curies":[{"name":"wp","href":"https:\/\/api.w.org\/{rel}","templated":true}]}}