{"id":12864,"date":"2025-08-08T08:05:16","date_gmt":"2025-08-08T06:05:16","guid":{"rendered":"https:\/\/lepatriotebenin.com\/?p=12864"},"modified":"2025-08-08T08:08:20","modified_gmt":"2025-08-08T06:08:20","slug":"rdc-voici-la-liste-du-nouveau-gouvernement-dirige-par-judith-suminwa","status":"publish","type":"post","link":"https:\/\/lepatriotebenin.com\/index.php\/2025\/08\/08\/rdc-voici-la-liste-du-nouveau-gouvernement-dirige-par-judith-suminwa\/","title":{"rendered":"RDC : Voici la liste du nouveau gouvernement dirig\u00e9 par Judith Suminwa"},"content":{"rendered":"<p>Le Pr\u00e9sident de la R\u00e9publique d\u00e9mocratique du Congo\u00a0 ( RDC) , <strong>F\u00e9lix Tshisekedi\u00a0<\/strong> a remani\u00e9 son\u00a0 gouvernement dirig\u00e9 par la Premi\u00e8re ministre<strong> Judith Suminwa.<\/strong> Il a \u00e9t\u00e9 rendu public ce vendredi 8 aout 2025.On note l\u2019entr\u00e9e deux opposants. Il s\u2019agit de<strong> Adolphe Muzito<\/strong>, ancien Premier ministre sous Joseph Kabila, nomm\u00e9 cette fois au poste de vice-Premier ministre en charge du Budget. Il retourne aux affaires apr\u00e8s 13 ans d\u2019absence.\u00a0 Autre nomination : celle de <strong>Floribert Anzulun<\/strong>i, ex-coordonnateur du mouvement citoyen<strong> Filimb<\/strong>i et candidat malheureux \u00e0 la pr\u00e9sidentielle de 2023, qui prend le minist\u00e8re de l\u2019Int\u00e9gration r\u00e9gionale. <strong>Guillaume Ngefa-Atondoko,<\/strong> ex-chef des droits de l\u2019homme de l\u2019ONU au Mali, expuls\u00e9 en 2023, est, lui, nomm\u00e9 ministre de la Justice.\u00a0 Pr\u00e9cisons que Cette nouvelle \u00e9quipe, qu\u2019il voulait remani\u00e9e, resserr\u00e9e et ouverte \u00e0 d\u2019autres tendances, compte 53 membres, soit le m\u00eame nombre que dans le pr\u00e9c\u00e9dent ex\u00e9cutif.<\/p>\n<p><strong>La liste des membres du nouveau Gouvernement:<\/strong><\/p>\n<p><strong>Vice-Premiers ministres\u00a0:<\/strong><\/p>\n<p>Int\u00e9rieur, S\u00e9curit\u00e9, D\u00e9centralisation et Affaires coutumi\u00e8res : Jacquemain Shabani,<br \/>\nTransports et Voies de communication : Jean-Pierre Bemba,<br \/>\nD\u00e9fense nationale et anciens combattants : Guy Kabombo Mwadimvita,<br \/>\n\u00c9conomie nationale : Daniel Mukoko Samba,<br \/>\nBudget : Adolphe Muzito,<br \/>\nFonction publique, Modernisation de l\u2019administration et Innovation : Jean-Pierre Lihau.<br \/>\n<strong>Ministres d\u2019\u00c9tat<\/strong><\/p>\n<p>Plan et Coordination de l\u2019aide au d\u00e9veloppement : Guylain Nyembo,<br \/>\nAffaires \u00e9trang\u00e8res et coop\u00e9ration internationale : Th\u00e9r\u00e8se Kayikwamba,<br \/>\nAgriculture et s\u00e9curit\u00e9 alimentaire : Muhindo Nzangi Butondo,<br \/>\nIndustrie : Aim\u00e9 Boji,<br \/>\nAffaires sociales et actions humanitaires : \u00c8ve Bazaiba,<br \/>\nJustice et Garde des sceaux : Guillaume Ngefa Atondoko Andali,<br \/>\nHydrocarbures : Acacia Bandubola,<br \/>\n\u00c9ducation nationale et nouvelle citoyennet\u00e9 : Ra\u00efssa Malu,<br \/>\nFormation professionnelle et m\u00e9tiers : Marc Ekila,<br \/>\nUrbanisme et Habitat : Alexis Gisaro,<br \/>\nD\u00e9veloppement rural : Gr\u00e9goire Mutshail Mutond,<br \/>\nRelations avec le Parlement : Guy Loando.<br \/>\n<strong>Ministres<\/strong><\/p>\n<p>Finances : Doudou Fwamba,<br \/>\nSant\u00e9 publique, hygi\u00e8ne et pr\u00e9vention : Samuel-Roger Kamba,<br \/>\nCommerce ext\u00e9rieur : Julien Paluku,<br \/>\nEnvironnement et d\u00e9veloppement durable : Marie Niang\u00e9 Ndambo,<br \/>\nInfrastructures et Travaux publics : John Banza Lunda,<br \/>\nEnseignement sup\u00e9rieur et universitaire, et Recherche scientifique : Marie-Th\u00e9r\u00e8se Sombo Ayane Safi,<br \/>\nEmploi et Travail : Ferdinand Massamba Wa Massamba,<br \/>\nPostes, T\u00e9l\u00e9communications, Nouvelles Technologies de l\u2019Information et de la Communication (PTNTIC) : Jos\u00e9 Panda Kabangu,<br \/>\n\u00c9conomie num\u00e9rique : Augustin Kibasa Maliba,<br \/>\nMines : Louis Kabamba Watum,<br \/>\nRessources hydrauliques et \u00c9lectricit\u00e9 : Aim\u00e9 Molendo Sakombi,<br \/>\nCommunication et M\u00e9dias, Porte-parole du gouvernement : Patrick Muyaya,<br \/>\nEntrepreneuriat et D\u00e9veloppement des PME : Justin Kalumba,<br \/>\nAm\u00e9nagement du territoire : Jean-Lucien Busa,<br \/>\nTourisme : Didier Manzenga,<br \/>\nP\u00eache et \u00c9levage : Jean-Pierre Tshimanga Buana,<br \/>\nCulture et Arts : Yolande Elebe,<br \/>\nDroits humains : Samuel Mbemba,<br \/>\nInt\u00e9gration r\u00e9gionale : Floribert Anzuluni,<br \/>\nAffaires fonci\u00e8res : On\u00e8ge Nsele Mpimpa,<br \/>\nSports et Loisirs : Didier Budimbu,<br \/>\nPortefeuille : Julie Mbuyi Shiku,<br \/>\nGenre, Famille et Enfant : Micheline Ombahe Kalama,<br \/>\nJeunesse et \u00c9veil patriotique : Gr\u00e2ce Emi Kutinho.<br \/>\n<strong>Ministres d\u00e9l\u00e9gu\u00e9s<\/strong><\/p>\n<p>Affaires \u00e9trang\u00e8res, Francophonie et Diaspora : Crispin Mbadu Panzu,<br \/>\nEnvironnement, Nouvelle \u00e9conomie durable et Climat : Arlette Bahati Tito,<br \/>\nUrbanisme, Politique de la ville : Angel Bangasa Yogo,<br \/>\nAffaires sociales, Personnes vivant avec handicap : Ir\u00e8ne Esambo,<br \/>\nD\u00e9fense, Anciens combattants : Eliezer Tambwe.<br \/>\n<strong>Vice-ministres<\/strong><\/p>\n<p>Budget : \u00c9lys\u00e9e Bokumwana,<br \/>\nInt\u00e9rieur : Eug\u00e9nie Tshela Kamba,<br \/>\nAffaires \u00e9trang\u00e8res : No\u00eblla Ayeganato,<br \/>\nFinances : Gracia Yamba Kazadi,<br \/>\n\u00c9ducation nationale : Th\u00e9odore Kazadi Muyahila,<br \/>\nAffaires coutumi\u00e8res : Mwami Ndeze Katurebe Jean-Baptiste.<br \/>\n&nbsp;<\/p>\n<p>&nbsp;<\/p>\n","protected":false},"excerpt":{"rendered":"<p>Le Pr\u00e9sident de la R\u00e9publique d\u00e9mocratique du Congo\u00a0 ( RDC) , F\u00e9lix Tshisekedi\u00a0 a remani\u00e9 son\u00a0 gouvernement dirig\u00e9 par la Premi\u00e8re ministre Judith Suminwa. Il a \u00e9t\u00e9 rendu public ce&hellip;<\/p>\n","protected":false},"author":6,"featured_media":12865,"comment_status":"open","ping_status":"open","sticky":false,"template":"","format":"standard","meta":{"content-type":"","om_disable_all_campaigns":false,"_monsterinsights_skip_tracking":false,"_monsterinsights_sitenote_active":false,"_monsterinsights_sitenote_note":"","_monsterinsights_sitenote_category":0,"_uf_show_specific_survey":0,"_uf_disable_surveys":false,"footnotes":""},"categories":[339],"tags":[],"class_list":["post-12864","post","type-post","status-publish","format-standard","has-post-thumbnail","hentry","category-afrique"],"aioseo_notices":[],"yoast_head":"<!-- This site is optimized with the Yoast SEO plugin v27.5 - https:\/\/yoast.com\/product\/yoast-seo-wordpress\/ -->\n<title>RDC : Voici la liste du nouveau gouvernement dirig\u00e9 par Judith Suminwa - Le Patriote<\/title>\n<meta name=\"robots\" content=\"index, follow, max-snippet:-1, max-image-preview:large, max-video-preview:-1\" \/>\n<link rel=\"canonical\" href=\"https:\/\/lepatriotebenin.com\/index.php\/2025\/08\/08\/rdc-voici-la-liste-du-nouveau-gouvernement-dirige-par-judith-suminwa\/\" \/>\n<meta property=\"og:locale\" content=\"fr_FR\" \/>\n<meta property=\"og:type\" content=\"article\" \/>\n<meta property=\"og:title\" content=\"RDC : Voici la liste du nouveau gouvernement dirig\u00e9 par Judith Suminwa - Le Patriote\" \/>\n<meta property=\"og:description\" content=\"Le Pr\u00e9sident de la R\u00e9publique d\u00e9mocratique du Congo\u00a0 ( RDC) , F\u00e9lix Tshisekedi\u00a0 a remani\u00e9 son\u00a0 gouvernement dirig\u00e9 par la Premi\u00e8re ministre Judith Suminwa. Il a \u00e9t\u00e9 rendu public ce&hellip;\" \/>\n<meta property=\"og:url\" content=\"https:\/\/lepatriotebenin.com\/index.php\/2025\/08\/08\/rdc-voici-la-liste-du-nouveau-gouvernement-dirige-par-judith-suminwa\/\" \/>\n<meta property=\"og:site_name\" content=\"Le Patriote\" \/>\n<meta property=\"article:published_time\" content=\"2025-08-08T06:05:16+00:00\" \/>\n<meta property=\"article:modified_time\" content=\"2025-08-08T06:08:20+00:00\" \/>\n<meta property=\"og:image\" content=\"https:\/\/lepatriotebenin.com\/wp-content\/uploads\/2025\/08\/f2lix-etienne.jpg\" \/>\n\t<meta property=\"og:image:width\" content=\"1024\" \/>\n\t<meta property=\"og:image:height\" content=\"576\" \/>\n\t<meta property=\"og:image:type\" content=\"image\/jpeg\" \/>\n<meta name=\"author\" content=\"Roland AFFANOU\" \/>\n<meta name=\"twitter:card\" content=\"summary_large_image\" \/>\n<meta name=\"twitter:label1\" content=\"\u00c9crit par\" \/>\n\t<meta name=\"twitter:data1\" content=\"Roland AFFANOU\" \/>\n\t<meta name=\"twitter:label2\" content=\"Dur\u00e9e de lecture estim\u00e9e\" \/>\n\t<meta name=\"twitter:data2\" content=\"3 minutes\" \/>\n<script type=\"application\/ld+json\" class=\"yoast-schema-graph\">{\"@context\":\"https:\\\/\\\/schema.org\",\"@graph\":[{\"@type\":\"Article\",\"@id\":\"https:\\\/\\\/lepatriotebenin.com\\\/index.php\\\/2025\\\/08\\\/08\\\/rdc-voici-la-liste-du-nouveau-gouvernement-dirige-par-judith-suminwa\\\/#article\",\"isPartOf\":{\"@id\":\"https:\\\/\\\/lepatriotebenin.com\\\/index.php\\\/2025\\\/08\\\/08\\\/rdc-voici-la-liste-du-nouveau-gouvernement-dirige-par-judith-suminwa\\\/\"},\"author\":{\"name\":\"Roland AFFANOU\",\"@id\":\"https:\\\/\\\/lepatriotebenin.com\\\/#\\\/schema\\\/person\\\/4a9b67216c97d04045e01405c534c91f\"},\"headline\":\"RDC : Voici la liste du nouveau gouvernement dirig\u00e9 par Judith Suminwa\",\"datePublished\":\"2025-08-08T06:05:16+00:00\",\"dateModified\":\"2025-08-08T06:08:20+00:00\",\"mainEntityOfPage\":{\"@id\":\"https:\\\/\\\/lepatriotebenin.com\\\/index.php\\\/2025\\\/08\\\/08\\\/rdc-voici-la-liste-du-nouveau-gouvernement-dirige-par-judith-suminwa\\\/\"},\"wordCount\":562,\"commentCount\":0,\"image\":{\"@id\":\"https:\\\/\\\/lepatriotebenin.com\\\/index.php\\\/2025\\\/08\\\/08\\\/rdc-voici-la-liste-du-nouveau-gouvernement-dirige-par-judith-suminwa\\\/#primaryimage\"},\"thumbnailUrl\":\"https:\\\/\\\/lepatriotebenin.com\\\/wp-content\\\/uploads\\\/2025\\\/08\\\/f2lix-etienne.jpg\",\"articleSection\":[\"Afrique\"],\"inLanguage\":\"fr-FR\",\"potentialAction\":[{\"@type\":\"CommentAction\",\"name\":\"Comment\",\"target\":[\"https:\\\/\\\/lepatriotebenin.com\\\/index.php\\\/2025\\\/08\\\/08\\\/rdc-voici-la-liste-du-nouveau-gouvernement-dirige-par-judith-suminwa\\\/#respond\"]}]},{\"@type\":\"WebPage\",\"@id\":\"https:\\\/\\\/lepatriotebenin.com\\\/index.php\\\/2025\\\/08\\\/08\\\/rdc-voici-la-liste-du-nouveau-gouvernement-dirige-par-judith-suminwa\\\/\",\"url\":\"https:\\\/\\\/lepatriotebenin.com\\\/index.php\\\/2025\\\/08\\\/08\\\/rdc-voici-la-liste-du-nouveau-gouvernement-dirige-par-judith-suminwa\\\/\",\"name\":\"RDC : Voici la liste du nouveau gouvernement dirig\u00e9 par Judith Suminwa - Le Patriote\",\"isPartOf\":{\"@id\":\"https:\\\/\\\/lepatriotebenin.com\\\/#website\"},\"primaryImageOfPage\":{\"@id\":\"https:\\\/\\\/lepatriotebenin.com\\\/index.php\\\/2025\\\/08\\\/08\\\/rdc-voici-la-liste-du-nouveau-gouvernement-dirige-par-judith-suminwa\\\/#primaryimage\"},\"image\":{\"@id\":\"https:\\\/\\\/lepatriotebenin.com\\\/index.php\\\/2025\\\/08\\\/08\\\/rdc-voici-la-liste-du-nouveau-gouvernement-dirige-par-judith-suminwa\\\/#primaryimage\"},\"thumbnailUrl\":\"https:\\\/\\\/lepatriotebenin.com\\\/wp-content\\\/uploads\\\/2025\\\/08\\\/f2lix-etienne.jpg\",\"datePublished\":\"2025-08-08T06:05:16+00:00\",\"dateModified\":\"2025-08-08T06:08:20+00:00\",\"author\":{\"@id\":\"https:\\\/\\\/lepatriotebenin.com\\\/#\\\/schema\\\/person\\\/4a9b67216c97d04045e01405c534c91f\"},\"breadcrumb\":{\"@id\":\"https:\\\/\\\/lepatriotebenin.com\\\/index.php\\\/2025\\\/08\\\/08\\\/rdc-voici-la-liste-du-nouveau-gouvernement-dirige-par-judith-suminwa\\\/#breadcrumb\"},\"inLanguage\":\"fr-FR\",\"potentialAction\":[{\"@type\":\"ReadAction\",\"target\":[\"https:\\\/\\\/lepatriotebenin.com\\\/index.php\\\/2025\\\/08\\\/08\\\/rdc-voici-la-liste-du-nouveau-gouvernement-dirige-par-judith-suminwa\\\/\"]}]},{\"@type\":\"ImageObject\",\"inLanguage\":\"fr-FR\",\"@id\":\"https:\\\/\\\/lepatriotebenin.com\\\/index.php\\\/2025\\\/08\\\/08\\\/rdc-voici-la-liste-du-nouveau-gouvernement-dirige-par-judith-suminwa\\\/#primaryimage\",\"url\":\"https:\\\/\\\/lepatriotebenin.com\\\/wp-content\\\/uploads\\\/2025\\\/08\\\/f2lix-etienne.jpg\",\"contentUrl\":\"https:\\\/\\\/lepatriotebenin.com\\\/wp-content\\\/uploads\\\/2025\\\/08\\\/f2lix-etienne.jpg\",\"width\":1024,\"height\":576},{\"@type\":\"BreadcrumbList\",\"@id\":\"https:\\\/\\\/lepatriotebenin.com\\\/index.php\\\/2025\\\/08\\\/08\\\/rdc-voici-la-liste-du-nouveau-gouvernement-dirige-par-judith-suminwa\\\/#breadcrumb\",\"itemListElement\":[{\"@type\":\"ListItem\",\"position\":1,\"name\":\"Accueil\",\"item\":\"https:\\\/\\\/lepatriotebenin.com\\\/\"},{\"@type\":\"ListItem\",\"position\":2,\"name\":\"RDC : Voici la liste du nouveau gouvernement dirig\u00e9 par Judith Suminwa\"}]},{\"@type\":\"WebSite\",\"@id\":\"https:\\\/\\\/lepatriotebenin.com\\\/#website\",\"url\":\"https:\\\/\\\/lepatriotebenin.com\\\/\",\"name\":\"Le Patriote\",\"description\":\"Le Patriote B\u00e9nin\",\"potentialAction\":[{\"@type\":\"SearchAction\",\"target\":{\"@type\":\"EntryPoint\",\"urlTemplate\":\"https:\\\/\\\/lepatriotebenin.com\\\/?s={search_term_string}\"},\"query-input\":{\"@type\":\"PropertyValueSpecification\",\"valueRequired\":true,\"valueName\":\"search_term_string\"}}],\"inLanguage\":\"fr-FR\"},{\"@type\":\"Person\",\"@id\":\"https:\\\/\\\/lepatriotebenin.com\\\/#\\\/schema\\\/person\\\/4a9b67216c97d04045e01405c534c91f\",\"name\":\"Roland AFFANOU\",\"image\":{\"@type\":\"ImageObject\",\"inLanguage\":\"fr-FR\",\"@id\":\"https:\\\/\\\/secure.gravatar.com\\\/avatar\\\/7209d3f6d2d47ea4d0c67e14d3effb61feb10ae540a4381280c66265de5bd643?s=96&d=mm&r=g\",\"url\":\"https:\\\/\\\/secure.gravatar.com\\\/avatar\\\/7209d3f6d2d47ea4d0c67e14d3effb61feb10ae540a4381280c66265de5bd643?s=96&d=mm&r=g\",\"contentUrl\":\"https:\\\/\\\/secure.gravatar.com\\\/avatar\\\/7209d3f6d2d47ea4d0c67e14d3effb61feb10ae540a4381280c66265de5bd643?s=96&d=mm&r=g\",\"caption\":\"Roland AFFANOU\"},\"url\":\"https:\\\/\\\/lepatriotebenin.com\"}]}<\/script>\n<!-- \/ Yoast SEO plugin. -->","yoast_head_json":{"title":"RDC : Voici la liste du nouveau gouvernement dirig\u00e9 par Judith Suminwa - Le Patriote","robots":{"index":"index","follow":"follow","max-snippet":"max-snippet:-1","max-image-preview":"max-image-preview:large","max-video-preview":"max-video-preview:-1"},"canonical":"https:\/\/lepatriotebenin.com\/index.php\/2025\/08\/08\/rdc-voici-la-liste-du-nouveau-gouvernement-dirige-par-judith-suminwa\/","og_locale":"fr_FR","og_type":"article","og_title":"RDC : Voici la liste du nouveau gouvernement dirig\u00e9 par Judith Suminwa - Le Patriote","og_description":"Le Pr\u00e9sident de la R\u00e9publique d\u00e9mocratique du Congo\u00a0 ( RDC) , F\u00e9lix Tshisekedi\u00a0 a remani\u00e9 son\u00a0 gouvernement dirig\u00e9 par la Premi\u00e8re ministre Judith Suminwa. Il a \u00e9t\u00e9 rendu public ce&hellip;","og_url":"https:\/\/lepatriotebenin.com\/index.php\/2025\/08\/08\/rdc-voici-la-liste-du-nouveau-gouvernement-dirige-par-judith-suminwa\/","og_site_name":"Le Patriote","article_published_time":"2025-08-08T06:05:16+00:00","article_modified_time":"2025-08-08T06:08:20+00:00","og_image":[{"width":1024,"height":576,"url":"https:\/\/lepatriotebenin.com\/wp-content\/uploads\/2025\/08\/f2lix-etienne.jpg","type":"image\/jpeg"}],"author":"Roland AFFANOU","twitter_card":"summary_large_image","twitter_misc":{"\u00c9crit par":"Roland AFFANOU","Dur\u00e9e de lecture estim\u00e9e":"3 minutes"},"schema":{"@context":"https:\/\/schema.org","@graph":[{"@type":"Article","@id":"https:\/\/lepatriotebenin.com\/index.php\/2025\/08\/08\/rdc-voici-la-liste-du-nouveau-gouvernement-dirige-par-judith-suminwa\/#article","isPartOf":{"@id":"https:\/\/lepatriotebenin.com\/index.php\/2025\/08\/08\/rdc-voici-la-liste-du-nouveau-gouvernement-dirige-par-judith-suminwa\/"},"author":{"name":"Roland AFFANOU","@id":"https:\/\/lepatriotebenin.com\/#\/schema\/person\/4a9b67216c97d04045e01405c534c91f"},"headline":"RDC : Voici la liste du nouveau gouvernement dirig\u00e9 par Judith Suminwa","datePublished":"2025-08-08T06:05:16+00:00","dateModified":"2025-08-08T06:08:20+00:00","mainEntityOfPage":{"@id":"https:\/\/lepatriotebenin.com\/index.php\/2025\/08\/08\/rdc-voici-la-liste-du-nouveau-gouvernement-dirige-par-judith-suminwa\/"},"wordCount":562,"commentCount":0,"image":{"@id":"https:\/\/lepatriotebenin.com\/index.php\/2025\/08\/08\/rdc-voici-la-liste-du-nouveau-gouvernement-dirige-par-judith-suminwa\/#primaryimage"},"thumbnailUrl":"https:\/\/lepatriotebenin.com\/wp-content\/uploads\/2025\/08\/f2lix-etienne.jpg","articleSection":["Afrique"],"inLanguage":"fr-FR","potentialAction":[{"@type":"CommentAction","name":"Comment","target":["https:\/\/lepatriotebenin.com\/index.php\/2025\/08\/08\/rdc-voici-la-liste-du-nouveau-gouvernement-dirige-par-judith-suminwa\/#respond"]}]},{"@type":"WebPage","@id":"https:\/\/lepatriotebenin.com\/index.php\/2025\/08\/08\/rdc-voici-la-liste-du-nouveau-gouvernement-dirige-par-judith-suminwa\/","url":"https:\/\/lepatriotebenin.com\/index.php\/2025\/08\/08\/rdc-voici-la-liste-du-nouveau-gouvernement-dirige-par-judith-suminwa\/","name":"RDC : Voici la liste du nouveau gouvernement dirig\u00e9 par Judith Suminwa - Le Patriote","isPartOf":{"@id":"https:\/\/lepatriotebenin.com\/#website"},"primaryImageOfPage":{"@id":"https:\/\/lepatriotebenin.com\/index.php\/2025\/08\/08\/rdc-voici-la-liste-du-nouveau-gouvernement-dirige-par-judith-suminwa\/#primaryimage"},"image":{"@id":"https:\/\/lepatriotebenin.com\/index.php\/2025\/08\/08\/rdc-voici-la-liste-du-nouveau-gouvernement-dirige-par-judith-suminwa\/#primaryimage"},"thumbnailUrl":"https:\/\/lepatriotebenin.com\/wp-content\/uploads\/2025\/08\/f2lix-etienne.jpg","datePublished":"2025-08-08T06:05:16+00:00","dateModified":"2025-08-08T06:08:20+00:00","author":{"@id":"https:\/\/lepatriotebenin.com\/#\/schema\/person\/4a9b67216c97d04045e01405c534c91f"},"breadcrumb":{"@id":"https:\/\/lepatriotebenin.com\/index.php\/2025\/08\/08\/rdc-voici-la-liste-du-nouveau-gouvernement-dirige-par-judith-suminwa\/#breadcrumb"},"inLanguage":"fr-FR","potentialAction":[{"@type":"ReadAction","target":["https:\/\/lepatriotebenin.com\/index.php\/2025\/08\/08\/rdc-voici-la-liste-du-nouveau-gouvernement-dirige-par-judith-suminwa\/"]}]},{"@type":"ImageObject","inLanguage":"fr-FR","@id":"https:\/\/lepatriotebenin.com\/index.php\/2025\/08\/08\/rdc-voici-la-liste-du-nouveau-gouvernement-dirige-par-judith-suminwa\/#primaryimage","url":"https:\/\/lepatriotebenin.com\/wp-content\/uploads\/2025\/08\/f2lix-etienne.jpg","contentUrl":"https:\/\/lepatriotebenin.com\/wp-content\/uploads\/2025\/08\/f2lix-etienne.jpg","width":1024,"height":576},{"@type":"BreadcrumbList","@id":"https:\/\/lepatriotebenin.com\/index.php\/2025\/08\/08\/rdc-voici-la-liste-du-nouveau-gouvernement-dirige-par-judith-suminwa\/#breadcrumb","itemListElement":[{"@type":"ListItem","position":1,"name":"Accueil","item":"https:\/\/lepatriotebenin.com\/"},{"@type":"ListItem","position":2,"name":"RDC : Voici la liste du nouveau gouvernement dirig\u00e9 par Judith Suminwa"}]},{"@type":"WebSite","@id":"https:\/\/lepatriotebenin.com\/#website","url":"https:\/\/lepatriotebenin.com\/","name":"Le Patriote","description":"Le Patriote B\u00e9nin","potentialAction":[{"@type":"SearchAction","target":{"@type":"EntryPoint","urlTemplate":"https:\/\/lepatriotebenin.com\/?s={search_term_string}"},"query-input":{"@type":"PropertyValueSpecification","valueRequired":true,"valueName":"search_term_string"}}],"inLanguage":"fr-FR"},{"@type":"Person","@id":"https:\/\/lepatriotebenin.com\/#\/schema\/person\/4a9b67216c97d04045e01405c534c91f","name":"Roland AFFANOU","image":{"@type":"ImageObject","inLanguage":"fr-FR","@id":"https:\/\/secure.gravatar.com\/avatar\/7209d3f6d2d47ea4d0c67e14d3effb61feb10ae540a4381280c66265de5bd643?s=96&d=mm&r=g","url":"https:\/\/secure.gravatar.com\/avatar\/7209d3f6d2d47ea4d0c67e14d3effb61feb10ae540a4381280c66265de5bd643?s=96&d=mm&r=g","contentUrl":"https:\/\/secure.gravatar.com\/avatar\/7209d3f6d2d47ea4d0c67e14d3effb61feb10ae540a4381280c66265de5bd643?s=96&d=mm&r=g","caption":"Roland AFFANOU"},"url":"https:\/\/lepatriotebenin.com"}]}},"_links":{"self":[{"href":"https:\/\/lepatriotebenin.com\/index.php\/wp-json\/wp\/v2\/posts\/12864","targetHints":{"allow":["GET"]}}],"collection":[{"href":"https:\/\/lepatriotebenin.com\/index.php\/wp-json\/wp\/v2\/posts"}],"about":[{"href":"https:\/\/lepatriotebenin.com\/index.php\/wp-json\/wp\/v2\/types\/post"}],"author":[{"embeddable":true,"href":"https:\/\/lepatriotebenin.com\/index.php\/wp-json\/wp\/v2\/users\/6"}],"replies":[{"embeddable":true,"href":"https:\/\/lepatriotebenin.com\/index.php\/wp-json\/wp\/v2\/comments?post=12864"}],"version-history":[{"count":3,"href":"https:\/\/lepatriotebenin.com\/index.php\/wp-json\/wp\/v2\/posts\/12864\/revisions"}],"predecessor-version":[{"id":12868,"href":"https:\/\/lepatriotebenin.com\/index.php\/wp-json\/wp\/v2\/posts\/12864\/revisions\/12868"}],"wp:featuredmedia":[{"embeddable":true,"href":"https:\/\/lepatriotebenin.com\/index.php\/wp-json\/wp\/v2\/media\/12865"}],"wp:attachment":[{"href":"https:\/\/lepatriotebenin.com\/index.php\/wp-json\/wp\/v2\/media?parent=12864"}],"wp:term":[{"taxonomy":"category","embeddable":true,"href":"https:\/\/lepatriotebenin.com\/index.php\/wp-json\/wp\/v2\/categories?post=12864"},{"taxonomy":"post_tag","embeddable":true,"href":"https:\/\/lepatriotebenin.com\/index.php\/wp-json\/wp\/v2\/tags?post=12864"}],"curies":[{"name":"wp","href":"https:\/\/api.w.org\/{rel}","templated":true}]}}