{"id":12551,"date":"2025-07-29T16:42:02","date_gmt":"2025-07-29T14:42:02","guid":{"rendered":"https:\/\/lepatriotebenin.com\/?p=12551"},"modified":"2025-07-29T16:42:02","modified_gmt":"2025-07-29T14:42:02","slug":"presidentielle-en-cote-divoire-alassane-ouattara-annonce-sa-candidature","status":"publish","type":"post","link":"https:\/\/lepatriotebenin.com\/index.php\/2025\/07\/29\/presidentielle-en-cote-divoire-alassane-ouattara-annonce-sa-candidature\/","title":{"rendered":"Pr\u00e9sidentielle en C\u00f4te d\u2019Ivoire: Alassane Ouattara annonce sa candidature"},"content":{"rendered":"<p>Alassane Ouattara, pr\u00e9sident de la C\u00f4te d\u2019Ivoire depuis 2011, a annonc\u00e9 ce 29 juillet 2025 dans une allocution film\u00e9e qu\u2019il serait candidat \u00e0 sa propre succession dans trois mois : \u00ab\u00a0<em>Apr\u00e8s m\u00fbre r\u00e9flexion et en toute conscience, je vous annonce aujourd\u2019hui que j\u2019ai d\u00e9cid\u00e9 d\u2019\u00eatre candidat \u00e0 l\u2019\u00e9lection pr\u00e9sidentielle du 25 octobre 2025.\u00a0<\/em>\u00bb<\/p>\n<p>\u00c0 83 ans, le chef de l\u2019\u00c9tat sortant justifie sa d\u00e9cision par la n\u00e9cessit\u00e9 de \u00ab pr\u00e9server la paix, la s\u00e9curit\u00e9 et la prosp\u00e9rit\u00e9 \u00bb du pays. \u00ab Je suis candidat, parce que je veux que notre ch\u00e8re C\u00f4te d\u2019Ivoire continue de demeurer un pays prosp\u00e8re, en paix et en s\u00e9curit\u00e9 \u00bb, a-t-il d\u00e9clar\u00e9 dans une allocution empreinte de gravit\u00e9, sans effets de manche mais avec une volont\u00e9 manifeste de clore le d\u00e9bat sur ses intentions.<\/p>\n<p>Dans une d\u00e9claration diffus\u00e9e sur les r\u00e9seaux sociaux, le pr\u00e9sident ivoirien a annonc\u00e9 qu&rsquo;il briguerait un quatri\u00e8me mandat lors de l&rsquo;\u00e9lection pr\u00e9sidentielle qui se tiendra dans le pays en octobre 2025. \u00ab\u00a0Apr\u00e8s m\u00fbre r\u00e9flexion et en toute conscience, je vous annonce aujourd&rsquo;hui que j&rsquo;ai d\u00e9cid\u00e9 d&rsquo;\u00eatre candidat \u00e0 l&rsquo;\u00e9lection pr\u00e9sidentielle du 25 octobre\u00a0\u00bb, a annonc\u00e9 le pr\u00e9sident sortant, ajoutant que la constitution du pays l&rsquo; \u00ab\u00a0autorise \u00e0 faire un autre mandat\u00a0\u00bb et sa\u00a0 \u00ab\u00a0sant\u00e9 le permet\u00a0\u00bb.<\/p>\n<p>Alassane Ouattara fera figure de grand favori pour le scrutin, en l&rsquo;absence des principaux leaders d&rsquo;opposition, exclus de l&rsquo;\u00e9lection par des d\u00e9cisions de justice. Ses partisans le martelaient depuis des mois\u00a0: il est leur candidat \u00ab\u00a0naturel\u00a0\u00bb et \u00e0 bient\u00f4t 84 ans &#8211; il les aura le 1er janvier -, il reste le leader incontest\u00e9 de la majorit\u00e9. L&rsquo;opposition, elle, l&rsquo;accuse de \u00ab\u00a0d\u00e9rives autoritaires\u00a0\u00bb et de choisir ses adversaires. R\u00e9\u00e9lu en 2015 avec 83\u00a0% et en 2020 avec plus de 94\u00a0%, apr\u00e8s une r\u00e9vision contest\u00e9e de la Constitution, Alassane Ouattara se dirige vers un nouveau score fleuve en l&rsquo;absence des principaux opposants.<\/p>\n<p>&nbsp;<\/p>\n<p>&nbsp;<\/p>\n","protected":false},"excerpt":{"rendered":"<p>Alassane Ouattara, pr\u00e9sident de la C\u00f4te d\u2019Ivoire depuis 2011, a annonc\u00e9 ce 29 juillet 2025 dans une allocution film\u00e9e qu\u2019il serait candidat \u00e0 sa propre succession dans trois mois :&hellip;<\/p>\n","protected":false},"author":6,"featured_media":12552,"comment_status":"open","ping_status":"open","sticky":false,"template":"","format":"standard","meta":{"content-type":"","om_disable_all_campaigns":false,"_monsterinsights_skip_tracking":false,"_monsterinsights_sitenote_active":false,"_monsterinsights_sitenote_note":"","_monsterinsights_sitenote_category":0,"_uf_show_specific_survey":0,"_uf_disable_surveys":false,"footnotes":""},"categories":[339],"tags":[],"class_list":["post-12551","post","type-post","status-publish","format-standard","has-post-thumbnail","hentry","category-afrique"],"aioseo_notices":[],"yoast_head":"<!-- This site is optimized with the Yoast SEO plugin v27.5 - https:\/\/yoast.com\/product\/yoast-seo-wordpress\/ -->\n<title>Pr\u00e9sidentielle en C\u00f4te d\u2019Ivoire: Alassane Ouattara annonce sa candidature - Le Patriote<\/title>\n<meta name=\"robots\" content=\"index, follow, max-snippet:-1, max-image-preview:large, max-video-preview:-1\" \/>\n<link rel=\"canonical\" href=\"https:\/\/lepatriotebenin.com\/index.php\/2025\/07\/29\/presidentielle-en-cote-divoire-alassane-ouattara-annonce-sa-candidature\/\" \/>\n<meta property=\"og:locale\" content=\"fr_FR\" \/>\n<meta property=\"og:type\" content=\"article\" \/>\n<meta property=\"og:title\" content=\"Pr\u00e9sidentielle en C\u00f4te d\u2019Ivoire: Alassane Ouattara annonce sa candidature - Le Patriote\" \/>\n<meta property=\"og:description\" content=\"Alassane Ouattara, pr\u00e9sident de la C\u00f4te d\u2019Ivoire depuis 2011, a annonc\u00e9 ce 29 juillet 2025 dans une allocution film\u00e9e qu\u2019il serait candidat \u00e0 sa propre succession dans trois mois :&hellip;\" \/>\n<meta property=\"og:url\" content=\"https:\/\/lepatriotebenin.com\/index.php\/2025\/07\/29\/presidentielle-en-cote-divoire-alassane-ouattara-annonce-sa-candidature\/\" \/>\n<meta property=\"og:site_name\" content=\"Le Patriote\" \/>\n<meta property=\"article:published_time\" content=\"2025-07-29T14:42:02+00:00\" \/>\n<meta property=\"og:image\" content=\"https:\/\/lepatriotebenin.com\/wp-content\/uploads\/2025\/07\/outtara.jpg\" \/>\n\t<meta property=\"og:image:width\" content=\"1024\" \/>\n\t<meta property=\"og:image:height\" content=\"576\" \/>\n\t<meta property=\"og:image:type\" content=\"image\/jpeg\" \/>\n<meta name=\"author\" content=\"Roland AFFANOU\" \/>\n<meta name=\"twitter:card\" content=\"summary_large_image\" \/>\n<meta name=\"twitter:label1\" content=\"\u00c9crit par\" \/>\n\t<meta name=\"twitter:data1\" content=\"Roland AFFANOU\" \/>\n\t<meta name=\"twitter:label2\" content=\"Dur\u00e9e de lecture estim\u00e9e\" \/>\n\t<meta name=\"twitter:data2\" content=\"2 minutes\" \/>\n<script type=\"application\/ld+json\" class=\"yoast-schema-graph\">{\"@context\":\"https:\\\/\\\/schema.org\",\"@graph\":[{\"@type\":\"Article\",\"@id\":\"https:\\\/\\\/lepatriotebenin.com\\\/index.php\\\/2025\\\/07\\\/29\\\/presidentielle-en-cote-divoire-alassane-ouattara-annonce-sa-candidature\\\/#article\",\"isPartOf\":{\"@id\":\"https:\\\/\\\/lepatriotebenin.com\\\/index.php\\\/2025\\\/07\\\/29\\\/presidentielle-en-cote-divoire-alassane-ouattara-annonce-sa-candidature\\\/\"},\"author\":{\"name\":\"Roland AFFANOU\",\"@id\":\"https:\\\/\\\/lepatriotebenin.com\\\/#\\\/schema\\\/person\\\/4a9b67216c97d04045e01405c534c91f\"},\"headline\":\"Pr\u00e9sidentielle en C\u00f4te d\u2019Ivoire: Alassane Ouattara annonce sa candidature\",\"datePublished\":\"2025-07-29T14:42:02+00:00\",\"mainEntityOfPage\":{\"@id\":\"https:\\\/\\\/lepatriotebenin.com\\\/index.php\\\/2025\\\/07\\\/29\\\/presidentielle-en-cote-divoire-alassane-ouattara-annonce-sa-candidature\\\/\"},\"wordCount\":354,\"commentCount\":0,\"image\":{\"@id\":\"https:\\\/\\\/lepatriotebenin.com\\\/index.php\\\/2025\\\/07\\\/29\\\/presidentielle-en-cote-divoire-alassane-ouattara-annonce-sa-candidature\\\/#primaryimage\"},\"thumbnailUrl\":\"https:\\\/\\\/lepatriotebenin.com\\\/wp-content\\\/uploads\\\/2025\\\/07\\\/outtara.jpg\",\"articleSection\":[\"Afrique\"],\"inLanguage\":\"fr-FR\",\"potentialAction\":[{\"@type\":\"CommentAction\",\"name\":\"Comment\",\"target\":[\"https:\\\/\\\/lepatriotebenin.com\\\/index.php\\\/2025\\\/07\\\/29\\\/presidentielle-en-cote-divoire-alassane-ouattara-annonce-sa-candidature\\\/#respond\"]}]},{\"@type\":\"WebPage\",\"@id\":\"https:\\\/\\\/lepatriotebenin.com\\\/index.php\\\/2025\\\/07\\\/29\\\/presidentielle-en-cote-divoire-alassane-ouattara-annonce-sa-candidature\\\/\",\"url\":\"https:\\\/\\\/lepatriotebenin.com\\\/index.php\\\/2025\\\/07\\\/29\\\/presidentielle-en-cote-divoire-alassane-ouattara-annonce-sa-candidature\\\/\",\"name\":\"Pr\u00e9sidentielle en C\u00f4te d\u2019Ivoire: Alassane Ouattara annonce sa candidature - Le Patriote\",\"isPartOf\":{\"@id\":\"https:\\\/\\\/lepatriotebenin.com\\\/#website\"},\"primaryImageOfPage\":{\"@id\":\"https:\\\/\\\/lepatriotebenin.com\\\/index.php\\\/2025\\\/07\\\/29\\\/presidentielle-en-cote-divoire-alassane-ouattara-annonce-sa-candidature\\\/#primaryimage\"},\"image\":{\"@id\":\"https:\\\/\\\/lepatriotebenin.com\\\/index.php\\\/2025\\\/07\\\/29\\\/presidentielle-en-cote-divoire-alassane-ouattara-annonce-sa-candidature\\\/#primaryimage\"},\"thumbnailUrl\":\"https:\\\/\\\/lepatriotebenin.com\\\/wp-content\\\/uploads\\\/2025\\\/07\\\/outtara.jpg\",\"datePublished\":\"2025-07-29T14:42:02+00:00\",\"author\":{\"@id\":\"https:\\\/\\\/lepatriotebenin.com\\\/#\\\/schema\\\/person\\\/4a9b67216c97d04045e01405c534c91f\"},\"breadcrumb\":{\"@id\":\"https:\\\/\\\/lepatriotebenin.com\\\/index.php\\\/2025\\\/07\\\/29\\\/presidentielle-en-cote-divoire-alassane-ouattara-annonce-sa-candidature\\\/#breadcrumb\"},\"inLanguage\":\"fr-FR\",\"potentialAction\":[{\"@type\":\"ReadAction\",\"target\":[\"https:\\\/\\\/lepatriotebenin.com\\\/index.php\\\/2025\\\/07\\\/29\\\/presidentielle-en-cote-divoire-alassane-ouattara-annonce-sa-candidature\\\/\"]}]},{\"@type\":\"ImageObject\",\"inLanguage\":\"fr-FR\",\"@id\":\"https:\\\/\\\/lepatriotebenin.com\\\/index.php\\\/2025\\\/07\\\/29\\\/presidentielle-en-cote-divoire-alassane-ouattara-annonce-sa-candidature\\\/#primaryimage\",\"url\":\"https:\\\/\\\/lepatriotebenin.com\\\/wp-content\\\/uploads\\\/2025\\\/07\\\/outtara.jpg\",\"contentUrl\":\"https:\\\/\\\/lepatriotebenin.com\\\/wp-content\\\/uploads\\\/2025\\\/07\\\/outtara.jpg\",\"width\":1024,\"height\":576},{\"@type\":\"BreadcrumbList\",\"@id\":\"https:\\\/\\\/lepatriotebenin.com\\\/index.php\\\/2025\\\/07\\\/29\\\/presidentielle-en-cote-divoire-alassane-ouattara-annonce-sa-candidature\\\/#breadcrumb\",\"itemListElement\":[{\"@type\":\"ListItem\",\"position\":1,\"name\":\"Accueil\",\"item\":\"https:\\\/\\\/lepatriotebenin.com\\\/\"},{\"@type\":\"ListItem\",\"position\":2,\"name\":\"Pr\u00e9sidentielle en C\u00f4te d\u2019Ivoire: Alassane Ouattara annonce sa candidature\"}]},{\"@type\":\"WebSite\",\"@id\":\"https:\\\/\\\/lepatriotebenin.com\\\/#website\",\"url\":\"https:\\\/\\\/lepatriotebenin.com\\\/\",\"name\":\"Le Patriote\",\"description\":\"Le Patriote B\u00e9nin\",\"potentialAction\":[{\"@type\":\"SearchAction\",\"target\":{\"@type\":\"EntryPoint\",\"urlTemplate\":\"https:\\\/\\\/lepatriotebenin.com\\\/?s={search_term_string}\"},\"query-input\":{\"@type\":\"PropertyValueSpecification\",\"valueRequired\":true,\"valueName\":\"search_term_string\"}}],\"inLanguage\":\"fr-FR\"},{\"@type\":\"Person\",\"@id\":\"https:\\\/\\\/lepatriotebenin.com\\\/#\\\/schema\\\/person\\\/4a9b67216c97d04045e01405c534c91f\",\"name\":\"Roland AFFANOU\",\"image\":{\"@type\":\"ImageObject\",\"inLanguage\":\"fr-FR\",\"@id\":\"https:\\\/\\\/secure.gravatar.com\\\/avatar\\\/7209d3f6d2d47ea4d0c67e14d3effb61feb10ae540a4381280c66265de5bd643?s=96&d=mm&r=g\",\"url\":\"https:\\\/\\\/secure.gravatar.com\\\/avatar\\\/7209d3f6d2d47ea4d0c67e14d3effb61feb10ae540a4381280c66265de5bd643?s=96&d=mm&r=g\",\"contentUrl\":\"https:\\\/\\\/secure.gravatar.com\\\/avatar\\\/7209d3f6d2d47ea4d0c67e14d3effb61feb10ae540a4381280c66265de5bd643?s=96&d=mm&r=g\",\"caption\":\"Roland AFFANOU\"},\"url\":\"https:\\\/\\\/lepatriotebenin.com\"}]}<\/script>\n<!-- \/ Yoast SEO plugin. -->","yoast_head_json":{"title":"Pr\u00e9sidentielle en C\u00f4te d\u2019Ivoire: Alassane Ouattara annonce sa candidature - Le Patriote","robots":{"index":"index","follow":"follow","max-snippet":"max-snippet:-1","max-image-preview":"max-image-preview:large","max-video-preview":"max-video-preview:-1"},"canonical":"https:\/\/lepatriotebenin.com\/index.php\/2025\/07\/29\/presidentielle-en-cote-divoire-alassane-ouattara-annonce-sa-candidature\/","og_locale":"fr_FR","og_type":"article","og_title":"Pr\u00e9sidentielle en C\u00f4te d\u2019Ivoire: Alassane Ouattara annonce sa candidature - Le Patriote","og_description":"Alassane Ouattara, pr\u00e9sident de la C\u00f4te d\u2019Ivoire depuis 2011, a annonc\u00e9 ce 29 juillet 2025 dans une allocution film\u00e9e qu\u2019il serait candidat \u00e0 sa propre succession dans trois mois :&hellip;","og_url":"https:\/\/lepatriotebenin.com\/index.php\/2025\/07\/29\/presidentielle-en-cote-divoire-alassane-ouattara-annonce-sa-candidature\/","og_site_name":"Le Patriote","article_published_time":"2025-07-29T14:42:02+00:00","og_image":[{"width":1024,"height":576,"url":"https:\/\/lepatriotebenin.com\/wp-content\/uploads\/2025\/07\/outtara.jpg","type":"image\/jpeg"}],"author":"Roland AFFANOU","twitter_card":"summary_large_image","twitter_misc":{"\u00c9crit par":"Roland AFFANOU","Dur\u00e9e de lecture estim\u00e9e":"2 minutes"},"schema":{"@context":"https:\/\/schema.org","@graph":[{"@type":"Article","@id":"https:\/\/lepatriotebenin.com\/index.php\/2025\/07\/29\/presidentielle-en-cote-divoire-alassane-ouattara-annonce-sa-candidature\/#article","isPartOf":{"@id":"https:\/\/lepatriotebenin.com\/index.php\/2025\/07\/29\/presidentielle-en-cote-divoire-alassane-ouattara-annonce-sa-candidature\/"},"author":{"name":"Roland AFFANOU","@id":"https:\/\/lepatriotebenin.com\/#\/schema\/person\/4a9b67216c97d04045e01405c534c91f"},"headline":"Pr\u00e9sidentielle en C\u00f4te d\u2019Ivoire: Alassane Ouattara annonce sa candidature","datePublished":"2025-07-29T14:42:02+00:00","mainEntityOfPage":{"@id":"https:\/\/lepatriotebenin.com\/index.php\/2025\/07\/29\/presidentielle-en-cote-divoire-alassane-ouattara-annonce-sa-candidature\/"},"wordCount":354,"commentCount":0,"image":{"@id":"https:\/\/lepatriotebenin.com\/index.php\/2025\/07\/29\/presidentielle-en-cote-divoire-alassane-ouattara-annonce-sa-candidature\/#primaryimage"},"thumbnailUrl":"https:\/\/lepatriotebenin.com\/wp-content\/uploads\/2025\/07\/outtara.jpg","articleSection":["Afrique"],"inLanguage":"fr-FR","potentialAction":[{"@type":"CommentAction","name":"Comment","target":["https:\/\/lepatriotebenin.com\/index.php\/2025\/07\/29\/presidentielle-en-cote-divoire-alassane-ouattara-annonce-sa-candidature\/#respond"]}]},{"@type":"WebPage","@id":"https:\/\/lepatriotebenin.com\/index.php\/2025\/07\/29\/presidentielle-en-cote-divoire-alassane-ouattara-annonce-sa-candidature\/","url":"https:\/\/lepatriotebenin.com\/index.php\/2025\/07\/29\/presidentielle-en-cote-divoire-alassane-ouattara-annonce-sa-candidature\/","name":"Pr\u00e9sidentielle en C\u00f4te d\u2019Ivoire: Alassane Ouattara annonce sa candidature - Le Patriote","isPartOf":{"@id":"https:\/\/lepatriotebenin.com\/#website"},"primaryImageOfPage":{"@id":"https:\/\/lepatriotebenin.com\/index.php\/2025\/07\/29\/presidentielle-en-cote-divoire-alassane-ouattara-annonce-sa-candidature\/#primaryimage"},"image":{"@id":"https:\/\/lepatriotebenin.com\/index.php\/2025\/07\/29\/presidentielle-en-cote-divoire-alassane-ouattara-annonce-sa-candidature\/#primaryimage"},"thumbnailUrl":"https:\/\/lepatriotebenin.com\/wp-content\/uploads\/2025\/07\/outtara.jpg","datePublished":"2025-07-29T14:42:02+00:00","author":{"@id":"https:\/\/lepatriotebenin.com\/#\/schema\/person\/4a9b67216c97d04045e01405c534c91f"},"breadcrumb":{"@id":"https:\/\/lepatriotebenin.com\/index.php\/2025\/07\/29\/presidentielle-en-cote-divoire-alassane-ouattara-annonce-sa-candidature\/#breadcrumb"},"inLanguage":"fr-FR","potentialAction":[{"@type":"ReadAction","target":["https:\/\/lepatriotebenin.com\/index.php\/2025\/07\/29\/presidentielle-en-cote-divoire-alassane-ouattara-annonce-sa-candidature\/"]}]},{"@type":"ImageObject","inLanguage":"fr-FR","@id":"https:\/\/lepatriotebenin.com\/index.php\/2025\/07\/29\/presidentielle-en-cote-divoire-alassane-ouattara-annonce-sa-candidature\/#primaryimage","url":"https:\/\/lepatriotebenin.com\/wp-content\/uploads\/2025\/07\/outtara.jpg","contentUrl":"https:\/\/lepatriotebenin.com\/wp-content\/uploads\/2025\/07\/outtara.jpg","width":1024,"height":576},{"@type":"BreadcrumbList","@id":"https:\/\/lepatriotebenin.com\/index.php\/2025\/07\/29\/presidentielle-en-cote-divoire-alassane-ouattara-annonce-sa-candidature\/#breadcrumb","itemListElement":[{"@type":"ListItem","position":1,"name":"Accueil","item":"https:\/\/lepatriotebenin.com\/"},{"@type":"ListItem","position":2,"name":"Pr\u00e9sidentielle en C\u00f4te d\u2019Ivoire: Alassane Ouattara annonce sa candidature"}]},{"@type":"WebSite","@id":"https:\/\/lepatriotebenin.com\/#website","url":"https:\/\/lepatriotebenin.com\/","name":"Le Patriote","description":"Le Patriote B\u00e9nin","potentialAction":[{"@type":"SearchAction","target":{"@type":"EntryPoint","urlTemplate":"https:\/\/lepatriotebenin.com\/?s={search_term_string}"},"query-input":{"@type":"PropertyValueSpecification","valueRequired":true,"valueName":"search_term_string"}}],"inLanguage":"fr-FR"},{"@type":"Person","@id":"https:\/\/lepatriotebenin.com\/#\/schema\/person\/4a9b67216c97d04045e01405c534c91f","name":"Roland AFFANOU","image":{"@type":"ImageObject","inLanguage":"fr-FR","@id":"https:\/\/secure.gravatar.com\/avatar\/7209d3f6d2d47ea4d0c67e14d3effb61feb10ae540a4381280c66265de5bd643?s=96&d=mm&r=g","url":"https:\/\/secure.gravatar.com\/avatar\/7209d3f6d2d47ea4d0c67e14d3effb61feb10ae540a4381280c66265de5bd643?s=96&d=mm&r=g","contentUrl":"https:\/\/secure.gravatar.com\/avatar\/7209d3f6d2d47ea4d0c67e14d3effb61feb10ae540a4381280c66265de5bd643?s=96&d=mm&r=g","caption":"Roland AFFANOU"},"url":"https:\/\/lepatriotebenin.com"}]}},"_links":{"self":[{"href":"https:\/\/lepatriotebenin.com\/index.php\/wp-json\/wp\/v2\/posts\/12551","targetHints":{"allow":["GET"]}}],"collection":[{"href":"https:\/\/lepatriotebenin.com\/index.php\/wp-json\/wp\/v2\/posts"}],"about":[{"href":"https:\/\/lepatriotebenin.com\/index.php\/wp-json\/wp\/v2\/types\/post"}],"author":[{"embeddable":true,"href":"https:\/\/lepatriotebenin.com\/index.php\/wp-json\/wp\/v2\/users\/6"}],"replies":[{"embeddable":true,"href":"https:\/\/lepatriotebenin.com\/index.php\/wp-json\/wp\/v2\/comments?post=12551"}],"version-history":[{"count":2,"href":"https:\/\/lepatriotebenin.com\/index.php\/wp-json\/wp\/v2\/posts\/12551\/revisions"}],"predecessor-version":[{"id":12554,"href":"https:\/\/lepatriotebenin.com\/index.php\/wp-json\/wp\/v2\/posts\/12551\/revisions\/12554"}],"wp:featuredmedia":[{"embeddable":true,"href":"https:\/\/lepatriotebenin.com\/index.php\/wp-json\/wp\/v2\/media\/12552"}],"wp:attachment":[{"href":"https:\/\/lepatriotebenin.com\/index.php\/wp-json\/wp\/v2\/media?parent=12551"}],"wp:term":[{"taxonomy":"category","embeddable":true,"href":"https:\/\/lepatriotebenin.com\/index.php\/wp-json\/wp\/v2\/categories?post=12551"},{"taxonomy":"post_tag","embeddable":true,"href":"https:\/\/lepatriotebenin.com\/index.php\/wp-json\/wp\/v2\/tags?post=12551"}],"curies":[{"name":"wp","href":"https:\/\/api.w.org\/{rel}","templated":true}]}}