{"id":12517,"date":"2025-07-28T02:27:55","date_gmt":"2025-07-28T00:27:55","guid":{"rendered":"https:\/\/lepatriotebenin.com\/?p=12517"},"modified":"2025-07-28T02:27:55","modified_gmt":"2025-07-28T00:27:55","slug":"4-ans-apres-son-deces-une-messe-de-souvenirs-en-memoire-de-rosine-vieyra-soglo-a-paris","status":"publish","type":"post","link":"https:\/\/lepatriotebenin.com\/index.php\/2025\/07\/28\/4-ans-apres-son-deces-une-messe-de-souvenirs-en-memoire-de-rosine-vieyra-soglo-a-paris\/","title":{"rendered":"4 ans apr\u00e8s son d\u00e9c\u00e8s : Une messe de souvenirs en m\u00e9moire de Rosine Vieyra Soglo \u00e0 Paris"},"content":{"rendered":"<p><em><strong>\u00c0 l&rsquo;occasion de l&rsquo;an 4 de son d\u00e9c\u00e8s, une messe de souvenirs en la m\u00e9moire de l&rsquo;ancienne premi\u00e8re Dame Rosine Soglo a \u00e9t\u00e9 dite le vendredi 26 juillet 2025 \u00e0 \u00a0l&rsquo;Eglise Notre Dame catholique l&rsquo;assomption situ\u00e9e dans le 16\u00e8me arrondissement de Paris en France. C\u2019\u00e9tait en pr\u00e9sence de son \u00e9poux, le pr\u00e9sident Nic\u00e9phore Dieudonn\u00e9, de Lehady son fils, des membres de sa famille, des proches et de quelques amis. Ceux-ci se sont souvenus d\u2019elle.<\/strong><\/em><\/p>\n<p>Rosine Vieyra SOGLO, \u00e9pouse de l&rsquo;ancien pr\u00e9sident de la R\u00e9publique et ancienne D\u00e9put\u00e9e, \u00a0a \u00e9t\u00e9 rappel\u00e9e \u00e0 Dieu le 25 Juillet 2021 apr\u00e8s une vie politique bien remplie. Militante et pr\u00e9sidente fondatrice de la Renaissance du b\u00e9nin, Rosine Vieyra SOGLO a fait irruption sur la sc\u00e8ne politique \u00a0b\u00e9ninoise apr\u00e8s la conf\u00e9rence des Forces vives de la nation qui a port\u00e9 son \u00e9poux Nic\u00e9phore Dieudonn\u00e9 SOGLO au poste de Premier ministre avant que ce dernier ne soit \u00e9lu brillamment pr\u00e9sident de la R\u00e9publique en 1991. Dame de conviction et d&rsquo;engagement, elle a \u00e9t\u00e9 de tous les combats depuis 1991, jusqu&rsquo;\u00e0 sa mort en 2021. \u00c9lue plusieurs fois D\u00e9put\u00e9e, Madame Soglo a marqu\u00e9 par sa pr\u00e9sence et par la qualit\u00e9 de son travail les diff\u00e9rents l\u00e9gislatifs\u00a0 auxquels elle a eu \u00e0 participer.<\/p>\n<p>La journ\u00e9e de ce Vendredi correspondait \u00e0 St Jacques. L&rsquo;officiant a tenu, \u00e0 cet effet, \u00e0 rappeler dans son hom\u00e9lie la notion du service tel que J\u00e9sus l&rsquo;a rappel\u00e9 \u00e0 ses disciples. Pour le pr\u00eatre c\u00e9l\u00e9brant, J\u00e9sus dans sa br\u00e8ve mission terrestre a toujours mis l&rsquo;accent sur ce que doit \u00eatre la vie d&rsquo;un \u00eatre humain sur la terre. Cette vie, dit-il, \u00a0doit \u00eatre une vie de service et de pardon. J\u00e9sus est un serviteur et un homme de pardon et pour l&rsquo;homme de dieu, la vie de la pr\u00e9sidente Rosine a \u00e9t\u00e9 une vie de service, surtout en lien avec son r\u00f4le de femme, de m\u00e8re, d \u00e9pouse, de premi\u00e8re dame et d&rsquo;acteur politique. Il a par ailleurs demand\u00e9 \u00e0 l&rsquo;assistance de se souvenir d&rsquo;elle comme \u00e9tant quelqu&rsquo;un qui a accompli une vie bien remplie durant son s\u00e9jour terrestre.<\/p>\n<p>Mentionnons qu&rsquo;avant cette messe le pr\u00e9sident SOGLO a tenu \u00e0 rappeler le combat de son \u00e9pouse \u00e0 ses c\u00f4t\u00e9s toute sa vie avant de remercier toutes les personnes qui se sont jointes \u00e0 la famille pour cette messe souvenir.<\/p>\n<p>&nbsp;<\/p>\n<p>&nbsp;<\/p>\n","protected":false},"excerpt":{"rendered":"<p>\u00c0 l&rsquo;occasion de l&rsquo;an 4 de son d\u00e9c\u00e8s, une messe de souvenirs en la m\u00e9moire de l&rsquo;ancienne premi\u00e8re Dame Rosine Soglo a \u00e9t\u00e9 dite le vendredi 26 juillet 2025 \u00e0&hellip;<\/p>\n","protected":false},"author":6,"featured_media":12518,"comment_status":"open","ping_status":"open","sticky":false,"template":"","format":"standard","meta":{"content-type":"","om_disable_all_campaigns":false,"_monsterinsights_skip_tracking":false,"_monsterinsights_sitenote_active":false,"_monsterinsights_sitenote_note":"","_monsterinsights_sitenote_category":0,"_uf_show_specific_survey":0,"_uf_disable_surveys":false,"footnotes":""},"categories":[20],"tags":[],"class_list":["post-12517","post","type-post","status-publish","format-standard","has-post-thumbnail","hentry","category-societe"],"aioseo_notices":[],"yoast_head":"<!-- This site is optimized with the Yoast SEO plugin v27.5 - https:\/\/yoast.com\/product\/yoast-seo-wordpress\/ -->\n<title>4 ans apr\u00e8s son d\u00e9c\u00e8s : Une messe de souvenirs en m\u00e9moire de Rosine Vieyra Soglo \u00e0 Paris - Le Patriote<\/title>\n<meta name=\"robots\" content=\"index, follow, max-snippet:-1, max-image-preview:large, max-video-preview:-1\" \/>\n<link rel=\"canonical\" href=\"https:\/\/lepatriotebenin.com\/index.php\/2025\/07\/28\/4-ans-apres-son-deces-une-messe-de-souvenirs-en-memoire-de-rosine-vieyra-soglo-a-paris\/\" \/>\n<meta property=\"og:locale\" content=\"fr_FR\" \/>\n<meta property=\"og:type\" content=\"article\" \/>\n<meta property=\"og:title\" content=\"4 ans apr\u00e8s son d\u00e9c\u00e8s : Une messe de souvenirs en m\u00e9moire de Rosine Vieyra Soglo \u00e0 Paris - Le Patriote\" \/>\n<meta property=\"og:description\" content=\"\u00c0 l&rsquo;occasion de l&rsquo;an 4 de son d\u00e9c\u00e8s, une messe de souvenirs en la m\u00e9moire de l&rsquo;ancienne premi\u00e8re Dame Rosine Soglo a \u00e9t\u00e9 dite le vendredi 26 juillet 2025 \u00e0&hellip;\" \/>\n<meta property=\"og:url\" content=\"https:\/\/lepatriotebenin.com\/index.php\/2025\/07\/28\/4-ans-apres-son-deces-une-messe-de-souvenirs-en-memoire-de-rosine-vieyra-soglo-a-paris\/\" \/>\n<meta property=\"og:site_name\" content=\"Le Patriote\" \/>\n<meta property=\"article:published_time\" content=\"2025-07-28T00:27:55+00:00\" \/>\n<meta property=\"og:image\" content=\"https:\/\/lepatriotebenin.com\/wp-content\/uploads\/2025\/07\/rosine.jpg\" \/>\n\t<meta property=\"og:image:width\" content=\"1024\" \/>\n\t<meta property=\"og:image:height\" content=\"576\" \/>\n\t<meta property=\"og:image:type\" content=\"image\/jpeg\" \/>\n<meta name=\"author\" content=\"Roland AFFANOU\" \/>\n<meta name=\"twitter:card\" content=\"summary_large_image\" \/>\n<meta name=\"twitter:label1\" content=\"\u00c9crit par\" \/>\n\t<meta name=\"twitter:data1\" content=\"Roland AFFANOU\" \/>\n\t<meta name=\"twitter:label2\" content=\"Dur\u00e9e de lecture estim\u00e9e\" \/>\n\t<meta name=\"twitter:data2\" content=\"3 minutes\" \/>\n<script type=\"application\/ld+json\" class=\"yoast-schema-graph\">{\"@context\":\"https:\\\/\\\/schema.org\",\"@graph\":[{\"@type\":\"Article\",\"@id\":\"https:\\\/\\\/lepatriotebenin.com\\\/index.php\\\/2025\\\/07\\\/28\\\/4-ans-apres-son-deces-une-messe-de-souvenirs-en-memoire-de-rosine-vieyra-soglo-a-paris\\\/#article\",\"isPartOf\":{\"@id\":\"https:\\\/\\\/lepatriotebenin.com\\\/index.php\\\/2025\\\/07\\\/28\\\/4-ans-apres-son-deces-une-messe-de-souvenirs-en-memoire-de-rosine-vieyra-soglo-a-paris\\\/\"},\"author\":{\"name\":\"Roland AFFANOU\",\"@id\":\"https:\\\/\\\/lepatriotebenin.com\\\/#\\\/schema\\\/person\\\/4a9b67216c97d04045e01405c534c91f\"},\"headline\":\"4 ans apr\u00e8s son d\u00e9c\u00e8s : Une messe de souvenirs en m\u00e9moire de Rosine Vieyra Soglo \u00e0 Paris\",\"datePublished\":\"2025-07-28T00:27:55+00:00\",\"mainEntityOfPage\":{\"@id\":\"https:\\\/\\\/lepatriotebenin.com\\\/index.php\\\/2025\\\/07\\\/28\\\/4-ans-apres-son-deces-une-messe-de-souvenirs-en-memoire-de-rosine-vieyra-soglo-a-paris\\\/\"},\"wordCount\":448,\"commentCount\":0,\"image\":{\"@id\":\"https:\\\/\\\/lepatriotebenin.com\\\/index.php\\\/2025\\\/07\\\/28\\\/4-ans-apres-son-deces-une-messe-de-souvenirs-en-memoire-de-rosine-vieyra-soglo-a-paris\\\/#primaryimage\"},\"thumbnailUrl\":\"https:\\\/\\\/lepatriotebenin.com\\\/wp-content\\\/uploads\\\/2025\\\/07\\\/rosine.jpg\",\"articleSection\":[\"Soci\u00e9t\u00e9\"],\"inLanguage\":\"fr-FR\",\"potentialAction\":[{\"@type\":\"CommentAction\",\"name\":\"Comment\",\"target\":[\"https:\\\/\\\/lepatriotebenin.com\\\/index.php\\\/2025\\\/07\\\/28\\\/4-ans-apres-son-deces-une-messe-de-souvenirs-en-memoire-de-rosine-vieyra-soglo-a-paris\\\/#respond\"]}]},{\"@type\":\"WebPage\",\"@id\":\"https:\\\/\\\/lepatriotebenin.com\\\/index.php\\\/2025\\\/07\\\/28\\\/4-ans-apres-son-deces-une-messe-de-souvenirs-en-memoire-de-rosine-vieyra-soglo-a-paris\\\/\",\"url\":\"https:\\\/\\\/lepatriotebenin.com\\\/index.php\\\/2025\\\/07\\\/28\\\/4-ans-apres-son-deces-une-messe-de-souvenirs-en-memoire-de-rosine-vieyra-soglo-a-paris\\\/\",\"name\":\"4 ans apr\u00e8s son d\u00e9c\u00e8s : Une messe de souvenirs en m\u00e9moire de Rosine Vieyra Soglo \u00e0 Paris - Le Patriote\",\"isPartOf\":{\"@id\":\"https:\\\/\\\/lepatriotebenin.com\\\/#website\"},\"primaryImageOfPage\":{\"@id\":\"https:\\\/\\\/lepatriotebenin.com\\\/index.php\\\/2025\\\/07\\\/28\\\/4-ans-apres-son-deces-une-messe-de-souvenirs-en-memoire-de-rosine-vieyra-soglo-a-paris\\\/#primaryimage\"},\"image\":{\"@id\":\"https:\\\/\\\/lepatriotebenin.com\\\/index.php\\\/2025\\\/07\\\/28\\\/4-ans-apres-son-deces-une-messe-de-souvenirs-en-memoire-de-rosine-vieyra-soglo-a-paris\\\/#primaryimage\"},\"thumbnailUrl\":\"https:\\\/\\\/lepatriotebenin.com\\\/wp-content\\\/uploads\\\/2025\\\/07\\\/rosine.jpg\",\"datePublished\":\"2025-07-28T00:27:55+00:00\",\"author\":{\"@id\":\"https:\\\/\\\/lepatriotebenin.com\\\/#\\\/schema\\\/person\\\/4a9b67216c97d04045e01405c534c91f\"},\"breadcrumb\":{\"@id\":\"https:\\\/\\\/lepatriotebenin.com\\\/index.php\\\/2025\\\/07\\\/28\\\/4-ans-apres-son-deces-une-messe-de-souvenirs-en-memoire-de-rosine-vieyra-soglo-a-paris\\\/#breadcrumb\"},\"inLanguage\":\"fr-FR\",\"potentialAction\":[{\"@type\":\"ReadAction\",\"target\":[\"https:\\\/\\\/lepatriotebenin.com\\\/index.php\\\/2025\\\/07\\\/28\\\/4-ans-apres-son-deces-une-messe-de-souvenirs-en-memoire-de-rosine-vieyra-soglo-a-paris\\\/\"]}]},{\"@type\":\"ImageObject\",\"inLanguage\":\"fr-FR\",\"@id\":\"https:\\\/\\\/lepatriotebenin.com\\\/index.php\\\/2025\\\/07\\\/28\\\/4-ans-apres-son-deces-une-messe-de-souvenirs-en-memoire-de-rosine-vieyra-soglo-a-paris\\\/#primaryimage\",\"url\":\"https:\\\/\\\/lepatriotebenin.com\\\/wp-content\\\/uploads\\\/2025\\\/07\\\/rosine.jpg\",\"contentUrl\":\"https:\\\/\\\/lepatriotebenin.com\\\/wp-content\\\/uploads\\\/2025\\\/07\\\/rosine.jpg\",\"width\":1024,\"height\":576},{\"@type\":\"BreadcrumbList\",\"@id\":\"https:\\\/\\\/lepatriotebenin.com\\\/index.php\\\/2025\\\/07\\\/28\\\/4-ans-apres-son-deces-une-messe-de-souvenirs-en-memoire-de-rosine-vieyra-soglo-a-paris\\\/#breadcrumb\",\"itemListElement\":[{\"@type\":\"ListItem\",\"position\":1,\"name\":\"Accueil\",\"item\":\"https:\\\/\\\/lepatriotebenin.com\\\/\"},{\"@type\":\"ListItem\",\"position\":2,\"name\":\"4 ans apr\u00e8s son d\u00e9c\u00e8s : Une messe de souvenirs en m\u00e9moire de Rosine Vieyra Soglo \u00e0 Paris\"}]},{\"@type\":\"WebSite\",\"@id\":\"https:\\\/\\\/lepatriotebenin.com\\\/#website\",\"url\":\"https:\\\/\\\/lepatriotebenin.com\\\/\",\"name\":\"Le Patriote\",\"description\":\"Le Patriote B\u00e9nin\",\"potentialAction\":[{\"@type\":\"SearchAction\",\"target\":{\"@type\":\"EntryPoint\",\"urlTemplate\":\"https:\\\/\\\/lepatriotebenin.com\\\/?s={search_term_string}\"},\"query-input\":{\"@type\":\"PropertyValueSpecification\",\"valueRequired\":true,\"valueName\":\"search_term_string\"}}],\"inLanguage\":\"fr-FR\"},{\"@type\":\"Person\",\"@id\":\"https:\\\/\\\/lepatriotebenin.com\\\/#\\\/schema\\\/person\\\/4a9b67216c97d04045e01405c534c91f\",\"name\":\"Roland AFFANOU\",\"image\":{\"@type\":\"ImageObject\",\"inLanguage\":\"fr-FR\",\"@id\":\"https:\\\/\\\/secure.gravatar.com\\\/avatar\\\/7209d3f6d2d47ea4d0c67e14d3effb61feb10ae540a4381280c66265de5bd643?s=96&d=mm&r=g\",\"url\":\"https:\\\/\\\/secure.gravatar.com\\\/avatar\\\/7209d3f6d2d47ea4d0c67e14d3effb61feb10ae540a4381280c66265de5bd643?s=96&d=mm&r=g\",\"contentUrl\":\"https:\\\/\\\/secure.gravatar.com\\\/avatar\\\/7209d3f6d2d47ea4d0c67e14d3effb61feb10ae540a4381280c66265de5bd643?s=96&d=mm&r=g\",\"caption\":\"Roland AFFANOU\"},\"url\":\"https:\\\/\\\/lepatriotebenin.com\"}]}<\/script>\n<!-- \/ Yoast SEO plugin. -->","yoast_head_json":{"title":"4 ans apr\u00e8s son d\u00e9c\u00e8s : Une messe de souvenirs en m\u00e9moire de Rosine Vieyra Soglo \u00e0 Paris - Le Patriote","robots":{"index":"index","follow":"follow","max-snippet":"max-snippet:-1","max-image-preview":"max-image-preview:large","max-video-preview":"max-video-preview:-1"},"canonical":"https:\/\/lepatriotebenin.com\/index.php\/2025\/07\/28\/4-ans-apres-son-deces-une-messe-de-souvenirs-en-memoire-de-rosine-vieyra-soglo-a-paris\/","og_locale":"fr_FR","og_type":"article","og_title":"4 ans apr\u00e8s son d\u00e9c\u00e8s : Une messe de souvenirs en m\u00e9moire de Rosine Vieyra Soglo \u00e0 Paris - Le Patriote","og_description":"\u00c0 l&rsquo;occasion de l&rsquo;an 4 de son d\u00e9c\u00e8s, une messe de souvenirs en la m\u00e9moire de l&rsquo;ancienne premi\u00e8re Dame Rosine Soglo a \u00e9t\u00e9 dite le vendredi 26 juillet 2025 \u00e0&hellip;","og_url":"https:\/\/lepatriotebenin.com\/index.php\/2025\/07\/28\/4-ans-apres-son-deces-une-messe-de-souvenirs-en-memoire-de-rosine-vieyra-soglo-a-paris\/","og_site_name":"Le Patriote","article_published_time":"2025-07-28T00:27:55+00:00","og_image":[{"width":1024,"height":576,"url":"https:\/\/lepatriotebenin.com\/wp-content\/uploads\/2025\/07\/rosine.jpg","type":"image\/jpeg"}],"author":"Roland AFFANOU","twitter_card":"summary_large_image","twitter_misc":{"\u00c9crit par":"Roland AFFANOU","Dur\u00e9e de lecture estim\u00e9e":"3 minutes"},"schema":{"@context":"https:\/\/schema.org","@graph":[{"@type":"Article","@id":"https:\/\/lepatriotebenin.com\/index.php\/2025\/07\/28\/4-ans-apres-son-deces-une-messe-de-souvenirs-en-memoire-de-rosine-vieyra-soglo-a-paris\/#article","isPartOf":{"@id":"https:\/\/lepatriotebenin.com\/index.php\/2025\/07\/28\/4-ans-apres-son-deces-une-messe-de-souvenirs-en-memoire-de-rosine-vieyra-soglo-a-paris\/"},"author":{"name":"Roland AFFANOU","@id":"https:\/\/lepatriotebenin.com\/#\/schema\/person\/4a9b67216c97d04045e01405c534c91f"},"headline":"4 ans apr\u00e8s son d\u00e9c\u00e8s : Une messe de souvenirs en m\u00e9moire de Rosine Vieyra Soglo \u00e0 Paris","datePublished":"2025-07-28T00:27:55+00:00","mainEntityOfPage":{"@id":"https:\/\/lepatriotebenin.com\/index.php\/2025\/07\/28\/4-ans-apres-son-deces-une-messe-de-souvenirs-en-memoire-de-rosine-vieyra-soglo-a-paris\/"},"wordCount":448,"commentCount":0,"image":{"@id":"https:\/\/lepatriotebenin.com\/index.php\/2025\/07\/28\/4-ans-apres-son-deces-une-messe-de-souvenirs-en-memoire-de-rosine-vieyra-soglo-a-paris\/#primaryimage"},"thumbnailUrl":"https:\/\/lepatriotebenin.com\/wp-content\/uploads\/2025\/07\/rosine.jpg","articleSection":["Soci\u00e9t\u00e9"],"inLanguage":"fr-FR","potentialAction":[{"@type":"CommentAction","name":"Comment","target":["https:\/\/lepatriotebenin.com\/index.php\/2025\/07\/28\/4-ans-apres-son-deces-une-messe-de-souvenirs-en-memoire-de-rosine-vieyra-soglo-a-paris\/#respond"]}]},{"@type":"WebPage","@id":"https:\/\/lepatriotebenin.com\/index.php\/2025\/07\/28\/4-ans-apres-son-deces-une-messe-de-souvenirs-en-memoire-de-rosine-vieyra-soglo-a-paris\/","url":"https:\/\/lepatriotebenin.com\/index.php\/2025\/07\/28\/4-ans-apres-son-deces-une-messe-de-souvenirs-en-memoire-de-rosine-vieyra-soglo-a-paris\/","name":"4 ans apr\u00e8s son d\u00e9c\u00e8s : Une messe de souvenirs en m\u00e9moire de Rosine Vieyra Soglo \u00e0 Paris - Le Patriote","isPartOf":{"@id":"https:\/\/lepatriotebenin.com\/#website"},"primaryImageOfPage":{"@id":"https:\/\/lepatriotebenin.com\/index.php\/2025\/07\/28\/4-ans-apres-son-deces-une-messe-de-souvenirs-en-memoire-de-rosine-vieyra-soglo-a-paris\/#primaryimage"},"image":{"@id":"https:\/\/lepatriotebenin.com\/index.php\/2025\/07\/28\/4-ans-apres-son-deces-une-messe-de-souvenirs-en-memoire-de-rosine-vieyra-soglo-a-paris\/#primaryimage"},"thumbnailUrl":"https:\/\/lepatriotebenin.com\/wp-content\/uploads\/2025\/07\/rosine.jpg","datePublished":"2025-07-28T00:27:55+00:00","author":{"@id":"https:\/\/lepatriotebenin.com\/#\/schema\/person\/4a9b67216c97d04045e01405c534c91f"},"breadcrumb":{"@id":"https:\/\/lepatriotebenin.com\/index.php\/2025\/07\/28\/4-ans-apres-son-deces-une-messe-de-souvenirs-en-memoire-de-rosine-vieyra-soglo-a-paris\/#breadcrumb"},"inLanguage":"fr-FR","potentialAction":[{"@type":"ReadAction","target":["https:\/\/lepatriotebenin.com\/index.php\/2025\/07\/28\/4-ans-apres-son-deces-une-messe-de-souvenirs-en-memoire-de-rosine-vieyra-soglo-a-paris\/"]}]},{"@type":"ImageObject","inLanguage":"fr-FR","@id":"https:\/\/lepatriotebenin.com\/index.php\/2025\/07\/28\/4-ans-apres-son-deces-une-messe-de-souvenirs-en-memoire-de-rosine-vieyra-soglo-a-paris\/#primaryimage","url":"https:\/\/lepatriotebenin.com\/wp-content\/uploads\/2025\/07\/rosine.jpg","contentUrl":"https:\/\/lepatriotebenin.com\/wp-content\/uploads\/2025\/07\/rosine.jpg","width":1024,"height":576},{"@type":"BreadcrumbList","@id":"https:\/\/lepatriotebenin.com\/index.php\/2025\/07\/28\/4-ans-apres-son-deces-une-messe-de-souvenirs-en-memoire-de-rosine-vieyra-soglo-a-paris\/#breadcrumb","itemListElement":[{"@type":"ListItem","position":1,"name":"Accueil","item":"https:\/\/lepatriotebenin.com\/"},{"@type":"ListItem","position":2,"name":"4 ans apr\u00e8s son d\u00e9c\u00e8s : Une messe de souvenirs en m\u00e9moire de Rosine Vieyra Soglo \u00e0 Paris"}]},{"@type":"WebSite","@id":"https:\/\/lepatriotebenin.com\/#website","url":"https:\/\/lepatriotebenin.com\/","name":"Le Patriote","description":"Le Patriote B\u00e9nin","potentialAction":[{"@type":"SearchAction","target":{"@type":"EntryPoint","urlTemplate":"https:\/\/lepatriotebenin.com\/?s={search_term_string}"},"query-input":{"@type":"PropertyValueSpecification","valueRequired":true,"valueName":"search_term_string"}}],"inLanguage":"fr-FR"},{"@type":"Person","@id":"https:\/\/lepatriotebenin.com\/#\/schema\/person\/4a9b67216c97d04045e01405c534c91f","name":"Roland AFFANOU","image":{"@type":"ImageObject","inLanguage":"fr-FR","@id":"https:\/\/secure.gravatar.com\/avatar\/7209d3f6d2d47ea4d0c67e14d3effb61feb10ae540a4381280c66265de5bd643?s=96&d=mm&r=g","url":"https:\/\/secure.gravatar.com\/avatar\/7209d3f6d2d47ea4d0c67e14d3effb61feb10ae540a4381280c66265de5bd643?s=96&d=mm&r=g","contentUrl":"https:\/\/secure.gravatar.com\/avatar\/7209d3f6d2d47ea4d0c67e14d3effb61feb10ae540a4381280c66265de5bd643?s=96&d=mm&r=g","caption":"Roland AFFANOU"},"url":"https:\/\/lepatriotebenin.com"}]}},"_links":{"self":[{"href":"https:\/\/lepatriotebenin.com\/index.php\/wp-json\/wp\/v2\/posts\/12517","targetHints":{"allow":["GET"]}}],"collection":[{"href":"https:\/\/lepatriotebenin.com\/index.php\/wp-json\/wp\/v2\/posts"}],"about":[{"href":"https:\/\/lepatriotebenin.com\/index.php\/wp-json\/wp\/v2\/types\/post"}],"author":[{"embeddable":true,"href":"https:\/\/lepatriotebenin.com\/index.php\/wp-json\/wp\/v2\/users\/6"}],"replies":[{"embeddable":true,"href":"https:\/\/lepatriotebenin.com\/index.php\/wp-json\/wp\/v2\/comments?post=12517"}],"version-history":[{"count":1,"href":"https:\/\/lepatriotebenin.com\/index.php\/wp-json\/wp\/v2\/posts\/12517\/revisions"}],"predecessor-version":[{"id":12519,"href":"https:\/\/lepatriotebenin.com\/index.php\/wp-json\/wp\/v2\/posts\/12517\/revisions\/12519"}],"wp:featuredmedia":[{"embeddable":true,"href":"https:\/\/lepatriotebenin.com\/index.php\/wp-json\/wp\/v2\/media\/12518"}],"wp:attachment":[{"href":"https:\/\/lepatriotebenin.com\/index.php\/wp-json\/wp\/v2\/media?parent=12517"}],"wp:term":[{"taxonomy":"category","embeddable":true,"href":"https:\/\/lepatriotebenin.com\/index.php\/wp-json\/wp\/v2\/categories?post=12517"},{"taxonomy":"post_tag","embeddable":true,"href":"https:\/\/lepatriotebenin.com\/index.php\/wp-json\/wp\/v2\/tags?post=12517"}],"curies":[{"name":"wp","href":"https:\/\/api.w.org\/{rel}","templated":true}]}}