{"id":12376,"date":"2025-07-25T01:52:13","date_gmt":"2025-07-24T23:52:13","guid":{"rendered":"https:\/\/lepatriotebenin.com\/?p=12376"},"modified":"2025-07-25T01:52:13","modified_gmt":"2025-07-24T23:52:13","slug":"residence-de-creation-contemporaine-a-roots-cafe-de-ste-rita-des-artistes-africains-sinterrogent-par-rapport-au-futur-des-femmes-commercantes","status":"publish","type":"post","link":"https:\/\/lepatriotebenin.com\/index.php\/2025\/07\/25\/residence-de-creation-contemporaine-a-roots-cafe-de-ste-rita-des-artistes-africains-sinterrogent-par-rapport-au-futur-des-femmes-commercantes\/","title":{"rendered":"R\u00e9sidence de cr\u00e9ation contemporaine \u00e0 Roots caf\u00e9 de Ste Rita : Des artistes africains s\u2019interrogent par rapport au futur des femmes commer\u00e7antes"},"content":{"rendered":"<p>Depuis le samedi 19 Juillet dernier, des artistes contemporains, issus du B\u00e9nin, du Nigeria, du Togo et de la\u00a0 C\u00f4te d&rsquo;Ivoire, ont investi les locaux de l\u2019espace de cocr\u00e9ation \u2018\u2019Roots caf\u00e9\u2019\u2019 de Ste Rita, en vue de mat\u00e9rialiser le programme NU Futures 2005, \u00e0 travers une r\u00e9sidence de cr\u00e9ation contemporaine. Une descente sur le site, ce jeudi 24 Juillet 2025, a permis de constater, d\u2019une part, \u00a0\u00a0la bonne ambition cr\u00e9ative qui r\u00e8gne entre les artistes, et d\u2019autre part, de mieux cerner les enjeux de cette noble initiative.<\/p>\n<p>\u00ab\u00a0Des \u00e9changes tr\u00e8s constructifs autour de la cr\u00e9ation contemporaine entre artistes. Des sc\u00e8nes de petites anecdotes, pour se d\u00e9couvrir de mieux en mieux entre artistes. Des sculptures issues des objets de r\u00e9cup\u00e9ration tels que\u00a0 Bidons d\u2019huile et des boites de conserve prennent forme peu \u00e0 peu. Des sculptures r\u00e9alis\u00e9es \u00e0 partir de la terre b\u00e9n\u00e9ficient gracieusement les rayons du soleil \u00bb.\u00a0 Telle est l\u2019ambiance cr\u00e9ative qui anime les travaux de cette r\u00e9sidence de cr\u00e9ation\u00a0 dans l\u2019apr\u00e8s- midi du jeudi 24 Juillet 2025. Mobilisant les cr\u00e9ateurs, \u00e0 savoir : Camus Zoumenou (Fashion designer), Verkys (Peintre et sculpteur), ArtiF (Illustratrice), Didier Donvid\u00e9 (Peintre et sculpteur), Bekinwari (Plasticienne), Gnambod\u00e9 Saliou (Peintre, sculpteur, r\u00e9cup\u00e9rateur, d\u00e9signer), Francky Loulou Amoa (Peintre et sculpteur) et enfin Wiw\u00e9 (Plasticienne), cette r\u00e9sidence de cr\u00e9ation, selon M. Kolawol\u00e9 Aihonnou, l\u2019un des membres\u00a0 collectif Nu a pour principal objectif d&rsquo;aborder le sujet des femmes commer\u00e7antes,\u00a0 qui est d&rsquo;une part invisible, dans notre syst\u00e8me \u00e9conomique. \u00ab\u00a0 Honorer ces dames-l\u00e0 \u00e0 travers cette r\u00e9sidence, c\u2019est \u00a0surtout sensibiliser sur leur r\u00f4le dans notre \u00e9conomie\u00a0 et explorer aussi, les imaginer, puisque le futur de cette r\u00e9sidence,\u00a0 c&rsquo;est une interrogation par rapport au futur des femmes commer\u00e7antes \u00bb, a-t-il d\u00e9taill\u00e9. Mettre en avant ces femmes commer\u00e7antes-l\u00e0\u00a0 et r\u00e9fl\u00e9chir par rapport \u00e0 ce que le futur, \u00e0 en croire M. Kolawol\u00e9 Aihonnou,\u00a0\u00a0 sera de cr\u00e9er un dialogue entre les artistes et la soci\u00e9t\u00e9 g\u00e9n\u00e9ralement. Coacher par un coll\u00e8ge de curateurs, ces artistes recevront, durant la r\u00e9sidence,\u00a0\u00a0 des invit\u00e9s qui viendront \u00a0d\u00e9couvrir en profondeur leurs parcours respectifs. \u00ab\u00a0Nous allons pouvoir leur poser des questions sur leur histoire, leur technique,\u00a0 les mat\u00e9riaux qu&rsquo;ils utilisent, leur discipline, leur approche. Vraiment tout ce qu&rsquo;on veut savoir sur eux, on pourra leur demander directement\u00a0 et on pourra communier avec eux en m\u00eame temps\u00a0\u00bb a expliqu\u00e9 M. Kolawol\u00e9 Aihonnou. Au terme de la r\u00e9sidence une exposition sera faite en guise de restitution. La c\u00e9r\u00e9monie du vernissage de cette exposition est pour le 1er Ao\u00fbt prochain.<\/p>\n<p><strong>DEDEGNONHOU Rod\u00e9ric<\/strong><\/p>\n<p>&nbsp;<\/p>\n","protected":false},"excerpt":{"rendered":"<p>Depuis le samedi 19 Juillet dernier, des artistes contemporains, issus du B\u00e9nin, du Nigeria, du Togo et de la\u00a0 C\u00f4te d&rsquo;Ivoire, ont investi les locaux de l\u2019espace de cocr\u00e9ation \u2018\u2019Roots&hellip;<\/p>\n","protected":false},"author":6,"featured_media":12377,"comment_status":"open","ping_status":"open","sticky":false,"template":"","format":"standard","meta":{"content-type":"","om_disable_all_campaigns":false,"_monsterinsights_skip_tracking":false,"_monsterinsights_sitenote_active":false,"_monsterinsights_sitenote_note":"","_monsterinsights_sitenote_category":0,"_uf_show_specific_survey":0,"_uf_disable_surveys":false,"footnotes":""},"categories":[29],"tags":[],"class_list":["post-12376","post","type-post","status-publish","format-standard","has-post-thumbnail","hentry","category-culture"],"aioseo_notices":[],"yoast_head":"<!-- This site is optimized with the Yoast SEO plugin v27.5 - https:\/\/yoast.com\/product\/yoast-seo-wordpress\/ -->\n<title>R\u00e9sidence de cr\u00e9ation contemporaine \u00e0 Roots caf\u00e9 de Ste Rita : Des artistes africains s\u2019interrogent par rapport au futur des femmes commer\u00e7antes - Le Patriote<\/title>\n<meta name=\"robots\" content=\"index, follow, max-snippet:-1, max-image-preview:large, max-video-preview:-1\" \/>\n<link rel=\"canonical\" href=\"https:\/\/lepatriotebenin.com\/index.php\/2025\/07\/25\/residence-de-creation-contemporaine-a-roots-cafe-de-ste-rita-des-artistes-africains-sinterrogent-par-rapport-au-futur-des-femmes-commercantes\/\" \/>\n<meta property=\"og:locale\" content=\"fr_FR\" \/>\n<meta property=\"og:type\" content=\"article\" \/>\n<meta property=\"og:title\" content=\"R\u00e9sidence de cr\u00e9ation contemporaine \u00e0 Roots caf\u00e9 de Ste Rita : Des artistes africains s\u2019interrogent par rapport au futur des femmes commer\u00e7antes - Le Patriote\" \/>\n<meta property=\"og:description\" content=\"Depuis le samedi 19 Juillet dernier, des artistes contemporains, issus du B\u00e9nin, du Nigeria, du Togo et de la\u00a0 C\u00f4te d&rsquo;Ivoire, ont investi les locaux de l\u2019espace de cocr\u00e9ation \u2018\u2019Roots&hellip;\" \/>\n<meta property=\"og:url\" content=\"https:\/\/lepatriotebenin.com\/index.php\/2025\/07\/25\/residence-de-creation-contemporaine-a-roots-cafe-de-ste-rita-des-artistes-africains-sinterrogent-par-rapport-au-futur-des-femmes-commercantes\/\" \/>\n<meta property=\"og:site_name\" content=\"Le Patriote\" \/>\n<meta property=\"article:published_time\" content=\"2025-07-24T23:52:13+00:00\" \/>\n<meta property=\"og:image\" content=\"https:\/\/lepatriotebenin.com\/wp-content\/uploads\/2025\/07\/residence.jpg\" \/>\n\t<meta property=\"og:image:width\" content=\"620\" \/>\n\t<meta property=\"og:image:height\" content=\"459\" \/>\n\t<meta property=\"og:image:type\" content=\"image\/jpeg\" \/>\n<meta name=\"author\" content=\"Roland AFFANOU\" \/>\n<meta name=\"twitter:card\" content=\"summary_large_image\" \/>\n<meta name=\"twitter:label1\" content=\"\u00c9crit par\" \/>\n\t<meta name=\"twitter:data1\" content=\"Roland AFFANOU\" \/>\n\t<meta name=\"twitter:label2\" content=\"Dur\u00e9e de lecture estim\u00e9e\" \/>\n\t<meta name=\"twitter:data2\" content=\"3 minutes\" \/>\n<script type=\"application\/ld+json\" class=\"yoast-schema-graph\">{\"@context\":\"https:\\\/\\\/schema.org\",\"@graph\":[{\"@type\":\"Article\",\"@id\":\"https:\\\/\\\/lepatriotebenin.com\\\/index.php\\\/2025\\\/07\\\/25\\\/residence-de-creation-contemporaine-a-roots-cafe-de-ste-rita-des-artistes-africains-sinterrogent-par-rapport-au-futur-des-femmes-commercantes\\\/#article\",\"isPartOf\":{\"@id\":\"https:\\\/\\\/lepatriotebenin.com\\\/index.php\\\/2025\\\/07\\\/25\\\/residence-de-creation-contemporaine-a-roots-cafe-de-ste-rita-des-artistes-africains-sinterrogent-par-rapport-au-futur-des-femmes-commercantes\\\/\"},\"author\":{\"name\":\"Roland AFFANOU\",\"@id\":\"https:\\\/\\\/lepatriotebenin.com\\\/#\\\/schema\\\/person\\\/4a9b67216c97d04045e01405c534c91f\"},\"headline\":\"R\u00e9sidence de cr\u00e9ation contemporaine \u00e0 Roots caf\u00e9 de Ste Rita : Des artistes africains s\u2019interrogent par rapport au futur des femmes commer\u00e7antes\",\"datePublished\":\"2025-07-24T23:52:13+00:00\",\"mainEntityOfPage\":{\"@id\":\"https:\\\/\\\/lepatriotebenin.com\\\/index.php\\\/2025\\\/07\\\/25\\\/residence-de-creation-contemporaine-a-roots-cafe-de-ste-rita-des-artistes-africains-sinterrogent-par-rapport-au-futur-des-femmes-commercantes\\\/\"},\"wordCount\":486,\"commentCount\":0,\"image\":{\"@id\":\"https:\\\/\\\/lepatriotebenin.com\\\/index.php\\\/2025\\\/07\\\/25\\\/residence-de-creation-contemporaine-a-roots-cafe-de-ste-rita-des-artistes-africains-sinterrogent-par-rapport-au-futur-des-femmes-commercantes\\\/#primaryimage\"},\"thumbnailUrl\":\"https:\\\/\\\/lepatriotebenin.com\\\/wp-content\\\/uploads\\\/2025\\\/07\\\/residence.jpg\",\"articleSection\":[\"Culture\"],\"inLanguage\":\"fr-FR\",\"potentialAction\":[{\"@type\":\"CommentAction\",\"name\":\"Comment\",\"target\":[\"https:\\\/\\\/lepatriotebenin.com\\\/index.php\\\/2025\\\/07\\\/25\\\/residence-de-creation-contemporaine-a-roots-cafe-de-ste-rita-des-artistes-africains-sinterrogent-par-rapport-au-futur-des-femmes-commercantes\\\/#respond\"]}]},{\"@type\":\"WebPage\",\"@id\":\"https:\\\/\\\/lepatriotebenin.com\\\/index.php\\\/2025\\\/07\\\/25\\\/residence-de-creation-contemporaine-a-roots-cafe-de-ste-rita-des-artistes-africains-sinterrogent-par-rapport-au-futur-des-femmes-commercantes\\\/\",\"url\":\"https:\\\/\\\/lepatriotebenin.com\\\/index.php\\\/2025\\\/07\\\/25\\\/residence-de-creation-contemporaine-a-roots-cafe-de-ste-rita-des-artistes-africains-sinterrogent-par-rapport-au-futur-des-femmes-commercantes\\\/\",\"name\":\"R\u00e9sidence de cr\u00e9ation contemporaine \u00e0 Roots caf\u00e9 de Ste Rita : Des artistes africains s\u2019interrogent par rapport au futur des femmes commer\u00e7antes - Le Patriote\",\"isPartOf\":{\"@id\":\"https:\\\/\\\/lepatriotebenin.com\\\/#website\"},\"primaryImageOfPage\":{\"@id\":\"https:\\\/\\\/lepatriotebenin.com\\\/index.php\\\/2025\\\/07\\\/25\\\/residence-de-creation-contemporaine-a-roots-cafe-de-ste-rita-des-artistes-africains-sinterrogent-par-rapport-au-futur-des-femmes-commercantes\\\/#primaryimage\"},\"image\":{\"@id\":\"https:\\\/\\\/lepatriotebenin.com\\\/index.php\\\/2025\\\/07\\\/25\\\/residence-de-creation-contemporaine-a-roots-cafe-de-ste-rita-des-artistes-africains-sinterrogent-par-rapport-au-futur-des-femmes-commercantes\\\/#primaryimage\"},\"thumbnailUrl\":\"https:\\\/\\\/lepatriotebenin.com\\\/wp-content\\\/uploads\\\/2025\\\/07\\\/residence.jpg\",\"datePublished\":\"2025-07-24T23:52:13+00:00\",\"author\":{\"@id\":\"https:\\\/\\\/lepatriotebenin.com\\\/#\\\/schema\\\/person\\\/4a9b67216c97d04045e01405c534c91f\"},\"breadcrumb\":{\"@id\":\"https:\\\/\\\/lepatriotebenin.com\\\/index.php\\\/2025\\\/07\\\/25\\\/residence-de-creation-contemporaine-a-roots-cafe-de-ste-rita-des-artistes-africains-sinterrogent-par-rapport-au-futur-des-femmes-commercantes\\\/#breadcrumb\"},\"inLanguage\":\"fr-FR\",\"potentialAction\":[{\"@type\":\"ReadAction\",\"target\":[\"https:\\\/\\\/lepatriotebenin.com\\\/index.php\\\/2025\\\/07\\\/25\\\/residence-de-creation-contemporaine-a-roots-cafe-de-ste-rita-des-artistes-africains-sinterrogent-par-rapport-au-futur-des-femmes-commercantes\\\/\"]}]},{\"@type\":\"ImageObject\",\"inLanguage\":\"fr-FR\",\"@id\":\"https:\\\/\\\/lepatriotebenin.com\\\/index.php\\\/2025\\\/07\\\/25\\\/residence-de-creation-contemporaine-a-roots-cafe-de-ste-rita-des-artistes-africains-sinterrogent-par-rapport-au-futur-des-femmes-commercantes\\\/#primaryimage\",\"url\":\"https:\\\/\\\/lepatriotebenin.com\\\/wp-content\\\/uploads\\\/2025\\\/07\\\/residence.jpg\",\"contentUrl\":\"https:\\\/\\\/lepatriotebenin.com\\\/wp-content\\\/uploads\\\/2025\\\/07\\\/residence.jpg\",\"width\":620,\"height\":459},{\"@type\":\"BreadcrumbList\",\"@id\":\"https:\\\/\\\/lepatriotebenin.com\\\/index.php\\\/2025\\\/07\\\/25\\\/residence-de-creation-contemporaine-a-roots-cafe-de-ste-rita-des-artistes-africains-sinterrogent-par-rapport-au-futur-des-femmes-commercantes\\\/#breadcrumb\",\"itemListElement\":[{\"@type\":\"ListItem\",\"position\":1,\"name\":\"Accueil\",\"item\":\"https:\\\/\\\/lepatriotebenin.com\\\/\"},{\"@type\":\"ListItem\",\"position\":2,\"name\":\"R\u00e9sidence de cr\u00e9ation contemporaine \u00e0 Roots caf\u00e9 de Ste Rita : Des artistes africains s\u2019interrogent par rapport au futur des femmes commer\u00e7antes\"}]},{\"@type\":\"WebSite\",\"@id\":\"https:\\\/\\\/lepatriotebenin.com\\\/#website\",\"url\":\"https:\\\/\\\/lepatriotebenin.com\\\/\",\"name\":\"Le Patriote\",\"description\":\"Le Patriote B\u00e9nin\",\"potentialAction\":[{\"@type\":\"SearchAction\",\"target\":{\"@type\":\"EntryPoint\",\"urlTemplate\":\"https:\\\/\\\/lepatriotebenin.com\\\/?s={search_term_string}\"},\"query-input\":{\"@type\":\"PropertyValueSpecification\",\"valueRequired\":true,\"valueName\":\"search_term_string\"}}],\"inLanguage\":\"fr-FR\"},{\"@type\":\"Person\",\"@id\":\"https:\\\/\\\/lepatriotebenin.com\\\/#\\\/schema\\\/person\\\/4a9b67216c97d04045e01405c534c91f\",\"name\":\"Roland AFFANOU\",\"image\":{\"@type\":\"ImageObject\",\"inLanguage\":\"fr-FR\",\"@id\":\"https:\\\/\\\/secure.gravatar.com\\\/avatar\\\/7209d3f6d2d47ea4d0c67e14d3effb61feb10ae540a4381280c66265de5bd643?s=96&d=mm&r=g\",\"url\":\"https:\\\/\\\/secure.gravatar.com\\\/avatar\\\/7209d3f6d2d47ea4d0c67e14d3effb61feb10ae540a4381280c66265de5bd643?s=96&d=mm&r=g\",\"contentUrl\":\"https:\\\/\\\/secure.gravatar.com\\\/avatar\\\/7209d3f6d2d47ea4d0c67e14d3effb61feb10ae540a4381280c66265de5bd643?s=96&d=mm&r=g\",\"caption\":\"Roland AFFANOU\"},\"url\":\"https:\\\/\\\/lepatriotebenin.com\"}]}<\/script>\n<!-- \/ Yoast SEO plugin. -->","yoast_head_json":{"title":"R\u00e9sidence de cr\u00e9ation contemporaine \u00e0 Roots caf\u00e9 de Ste Rita : Des artistes africains s\u2019interrogent par rapport au futur des femmes commer\u00e7antes - Le Patriote","robots":{"index":"index","follow":"follow","max-snippet":"max-snippet:-1","max-image-preview":"max-image-preview:large","max-video-preview":"max-video-preview:-1"},"canonical":"https:\/\/lepatriotebenin.com\/index.php\/2025\/07\/25\/residence-de-creation-contemporaine-a-roots-cafe-de-ste-rita-des-artistes-africains-sinterrogent-par-rapport-au-futur-des-femmes-commercantes\/","og_locale":"fr_FR","og_type":"article","og_title":"R\u00e9sidence de cr\u00e9ation contemporaine \u00e0 Roots caf\u00e9 de Ste Rita : Des artistes africains s\u2019interrogent par rapport au futur des femmes commer\u00e7antes - Le Patriote","og_description":"Depuis le samedi 19 Juillet dernier, des artistes contemporains, issus du B\u00e9nin, du Nigeria, du Togo et de la\u00a0 C\u00f4te d&rsquo;Ivoire, ont investi les locaux de l\u2019espace de cocr\u00e9ation \u2018\u2019Roots&hellip;","og_url":"https:\/\/lepatriotebenin.com\/index.php\/2025\/07\/25\/residence-de-creation-contemporaine-a-roots-cafe-de-ste-rita-des-artistes-africains-sinterrogent-par-rapport-au-futur-des-femmes-commercantes\/","og_site_name":"Le Patriote","article_published_time":"2025-07-24T23:52:13+00:00","og_image":[{"width":620,"height":459,"url":"https:\/\/lepatriotebenin.com\/wp-content\/uploads\/2025\/07\/residence.jpg","type":"image\/jpeg"}],"author":"Roland AFFANOU","twitter_card":"summary_large_image","twitter_misc":{"\u00c9crit par":"Roland AFFANOU","Dur\u00e9e de lecture estim\u00e9e":"3 minutes"},"schema":{"@context":"https:\/\/schema.org","@graph":[{"@type":"Article","@id":"https:\/\/lepatriotebenin.com\/index.php\/2025\/07\/25\/residence-de-creation-contemporaine-a-roots-cafe-de-ste-rita-des-artistes-africains-sinterrogent-par-rapport-au-futur-des-femmes-commercantes\/#article","isPartOf":{"@id":"https:\/\/lepatriotebenin.com\/index.php\/2025\/07\/25\/residence-de-creation-contemporaine-a-roots-cafe-de-ste-rita-des-artistes-africains-sinterrogent-par-rapport-au-futur-des-femmes-commercantes\/"},"author":{"name":"Roland AFFANOU","@id":"https:\/\/lepatriotebenin.com\/#\/schema\/person\/4a9b67216c97d04045e01405c534c91f"},"headline":"R\u00e9sidence de cr\u00e9ation contemporaine \u00e0 Roots caf\u00e9 de Ste Rita : Des artistes africains s\u2019interrogent par rapport au futur des femmes commer\u00e7antes","datePublished":"2025-07-24T23:52:13+00:00","mainEntityOfPage":{"@id":"https:\/\/lepatriotebenin.com\/index.php\/2025\/07\/25\/residence-de-creation-contemporaine-a-roots-cafe-de-ste-rita-des-artistes-africains-sinterrogent-par-rapport-au-futur-des-femmes-commercantes\/"},"wordCount":486,"commentCount":0,"image":{"@id":"https:\/\/lepatriotebenin.com\/index.php\/2025\/07\/25\/residence-de-creation-contemporaine-a-roots-cafe-de-ste-rita-des-artistes-africains-sinterrogent-par-rapport-au-futur-des-femmes-commercantes\/#primaryimage"},"thumbnailUrl":"https:\/\/lepatriotebenin.com\/wp-content\/uploads\/2025\/07\/residence.jpg","articleSection":["Culture"],"inLanguage":"fr-FR","potentialAction":[{"@type":"CommentAction","name":"Comment","target":["https:\/\/lepatriotebenin.com\/index.php\/2025\/07\/25\/residence-de-creation-contemporaine-a-roots-cafe-de-ste-rita-des-artistes-africains-sinterrogent-par-rapport-au-futur-des-femmes-commercantes\/#respond"]}]},{"@type":"WebPage","@id":"https:\/\/lepatriotebenin.com\/index.php\/2025\/07\/25\/residence-de-creation-contemporaine-a-roots-cafe-de-ste-rita-des-artistes-africains-sinterrogent-par-rapport-au-futur-des-femmes-commercantes\/","url":"https:\/\/lepatriotebenin.com\/index.php\/2025\/07\/25\/residence-de-creation-contemporaine-a-roots-cafe-de-ste-rita-des-artistes-africains-sinterrogent-par-rapport-au-futur-des-femmes-commercantes\/","name":"R\u00e9sidence de cr\u00e9ation contemporaine \u00e0 Roots caf\u00e9 de Ste Rita : Des artistes africains s\u2019interrogent par rapport au futur des femmes commer\u00e7antes - Le Patriote","isPartOf":{"@id":"https:\/\/lepatriotebenin.com\/#website"},"primaryImageOfPage":{"@id":"https:\/\/lepatriotebenin.com\/index.php\/2025\/07\/25\/residence-de-creation-contemporaine-a-roots-cafe-de-ste-rita-des-artistes-africains-sinterrogent-par-rapport-au-futur-des-femmes-commercantes\/#primaryimage"},"image":{"@id":"https:\/\/lepatriotebenin.com\/index.php\/2025\/07\/25\/residence-de-creation-contemporaine-a-roots-cafe-de-ste-rita-des-artistes-africains-sinterrogent-par-rapport-au-futur-des-femmes-commercantes\/#primaryimage"},"thumbnailUrl":"https:\/\/lepatriotebenin.com\/wp-content\/uploads\/2025\/07\/residence.jpg","datePublished":"2025-07-24T23:52:13+00:00","author":{"@id":"https:\/\/lepatriotebenin.com\/#\/schema\/person\/4a9b67216c97d04045e01405c534c91f"},"breadcrumb":{"@id":"https:\/\/lepatriotebenin.com\/index.php\/2025\/07\/25\/residence-de-creation-contemporaine-a-roots-cafe-de-ste-rita-des-artistes-africains-sinterrogent-par-rapport-au-futur-des-femmes-commercantes\/#breadcrumb"},"inLanguage":"fr-FR","potentialAction":[{"@type":"ReadAction","target":["https:\/\/lepatriotebenin.com\/index.php\/2025\/07\/25\/residence-de-creation-contemporaine-a-roots-cafe-de-ste-rita-des-artistes-africains-sinterrogent-par-rapport-au-futur-des-femmes-commercantes\/"]}]},{"@type":"ImageObject","inLanguage":"fr-FR","@id":"https:\/\/lepatriotebenin.com\/index.php\/2025\/07\/25\/residence-de-creation-contemporaine-a-roots-cafe-de-ste-rita-des-artistes-africains-sinterrogent-par-rapport-au-futur-des-femmes-commercantes\/#primaryimage","url":"https:\/\/lepatriotebenin.com\/wp-content\/uploads\/2025\/07\/residence.jpg","contentUrl":"https:\/\/lepatriotebenin.com\/wp-content\/uploads\/2025\/07\/residence.jpg","width":620,"height":459},{"@type":"BreadcrumbList","@id":"https:\/\/lepatriotebenin.com\/index.php\/2025\/07\/25\/residence-de-creation-contemporaine-a-roots-cafe-de-ste-rita-des-artistes-africains-sinterrogent-par-rapport-au-futur-des-femmes-commercantes\/#breadcrumb","itemListElement":[{"@type":"ListItem","position":1,"name":"Accueil","item":"https:\/\/lepatriotebenin.com\/"},{"@type":"ListItem","position":2,"name":"R\u00e9sidence de cr\u00e9ation contemporaine \u00e0 Roots caf\u00e9 de Ste Rita : Des artistes africains s\u2019interrogent par rapport au futur des femmes commer\u00e7antes"}]},{"@type":"WebSite","@id":"https:\/\/lepatriotebenin.com\/#website","url":"https:\/\/lepatriotebenin.com\/","name":"Le Patriote","description":"Le Patriote B\u00e9nin","potentialAction":[{"@type":"SearchAction","target":{"@type":"EntryPoint","urlTemplate":"https:\/\/lepatriotebenin.com\/?s={search_term_string}"},"query-input":{"@type":"PropertyValueSpecification","valueRequired":true,"valueName":"search_term_string"}}],"inLanguage":"fr-FR"},{"@type":"Person","@id":"https:\/\/lepatriotebenin.com\/#\/schema\/person\/4a9b67216c97d04045e01405c534c91f","name":"Roland AFFANOU","image":{"@type":"ImageObject","inLanguage":"fr-FR","@id":"https:\/\/secure.gravatar.com\/avatar\/7209d3f6d2d47ea4d0c67e14d3effb61feb10ae540a4381280c66265de5bd643?s=96&d=mm&r=g","url":"https:\/\/secure.gravatar.com\/avatar\/7209d3f6d2d47ea4d0c67e14d3effb61feb10ae540a4381280c66265de5bd643?s=96&d=mm&r=g","contentUrl":"https:\/\/secure.gravatar.com\/avatar\/7209d3f6d2d47ea4d0c67e14d3effb61feb10ae540a4381280c66265de5bd643?s=96&d=mm&r=g","caption":"Roland AFFANOU"},"url":"https:\/\/lepatriotebenin.com"}]}},"_links":{"self":[{"href":"https:\/\/lepatriotebenin.com\/index.php\/wp-json\/wp\/v2\/posts\/12376","targetHints":{"allow":["GET"]}}],"collection":[{"href":"https:\/\/lepatriotebenin.com\/index.php\/wp-json\/wp\/v2\/posts"}],"about":[{"href":"https:\/\/lepatriotebenin.com\/index.php\/wp-json\/wp\/v2\/types\/post"}],"author":[{"embeddable":true,"href":"https:\/\/lepatriotebenin.com\/index.php\/wp-json\/wp\/v2\/users\/6"}],"replies":[{"embeddable":true,"href":"https:\/\/lepatriotebenin.com\/index.php\/wp-json\/wp\/v2\/comments?post=12376"}],"version-history":[{"count":1,"href":"https:\/\/lepatriotebenin.com\/index.php\/wp-json\/wp\/v2\/posts\/12376\/revisions"}],"predecessor-version":[{"id":12378,"href":"https:\/\/lepatriotebenin.com\/index.php\/wp-json\/wp\/v2\/posts\/12376\/revisions\/12378"}],"wp:featuredmedia":[{"embeddable":true,"href":"https:\/\/lepatriotebenin.com\/index.php\/wp-json\/wp\/v2\/media\/12377"}],"wp:attachment":[{"href":"https:\/\/lepatriotebenin.com\/index.php\/wp-json\/wp\/v2\/media?parent=12376"}],"wp:term":[{"taxonomy":"category","embeddable":true,"href":"https:\/\/lepatriotebenin.com\/index.php\/wp-json\/wp\/v2\/categories?post=12376"},{"taxonomy":"post_tag","embeddable":true,"href":"https:\/\/lepatriotebenin.com\/index.php\/wp-json\/wp\/v2\/tags?post=12376"}],"curies":[{"name":"wp","href":"https:\/\/api.w.org\/{rel}","templated":true}]}}