{"id":12317,"date":"2025-07-23T13:39:11","date_gmt":"2025-07-23T11:39:11","guid":{"rendered":"https:\/\/lepatriotebenin.com\/?p=12317"},"modified":"2025-07-23T13:39:11","modified_gmt":"2025-07-23T11:39:11","slug":"benin-spike-lee-nomme-ambassadeur-thematique-charge-de-la-diaspora-afro-descendante-aux-etats-unis","status":"publish","type":"post","link":"https:\/\/lepatriotebenin.com\/index.php\/2025\/07\/23\/benin-spike-lee-nomme-ambassadeur-thematique-charge-de-la-diaspora-afro-descendante-aux-etats-unis\/","title":{"rendered":"B\u00e9nin: Spike Lee nomm\u00e9 Ambassadeur th\u00e9matique charg\u00e9 de la diaspora Afro-Descendante aux \u00c9tats-Unis"},"content":{"rendered":"<p>Les membres du gouvernement \u00e9taient r\u00e9unis ce <strong>mercredi 23 juillet 2025<\/strong> en conseil des ministres\u00a0 sous la pr\u00e9sidence de son excellence, le pr\u00e9sident <strong>Patrice Talon.\u00a0<\/strong> Au cours de ce conseil des\u00a0 ministres, le Chef de l\u2019Etat\u00a0 b\u00e9ninois a proc\u00e9d\u00e9 \u00e0 une nouvelle nomination au minist\u00e8re des Affaires \u00e9trang\u00e8res. Il s\u2019agit du c\u00e9l\u00e8bre cin\u00e9aste am\u00e9ricain<strong> Spike Lee<\/strong>, nomm\u00e9 Ambassadeur th\u00e9matique charg\u00e9 de la diaspora afro-descendante aux \u00c9tats-Unis d&rsquo;Am\u00e9rique. Cette nomination marque une reconnaissance significative de son engagement de longue date envers les questions afro-am\u00e9ricaines et sa capacit\u00e9 \u00e0 mobiliser l&rsquo;opinion publique gr\u00e2ce \u00e0 son \u0153uvre artistique.<\/p>\n<p>Il\u00a0 faut pr\u00e9ciser que le nouvel ambassadeur th\u00e9matique charg\u00e9 de la diaspora afro-descendante aux \u00c9tats-Unis est n\u00e9 \u00e0 <strong>Atlanta,<\/strong> en <strong>G\u00e9orgie<\/strong>,\u00a0 aux Etats-Unis en <strong>1957<\/strong> et a grandi dans un environnement artistique et intellectuel. Il est le fils de<strong> Jacqueline Carroll,<\/strong> professeure d&rsquo;arts et de litt\u00e9rature, et de <strong>Bill Lee,<\/strong> musicien et compositeur. Shelton Jackson\u00a0\u00bbSpike\u00a0\u00bb Lee a\u00a0 \u00e9t\u00e9\u00a0 \u00e9lev\u00e9 \u00e0 <strong>Fort Greene, Brooklyn<\/strong> o\u00f9\u00a0 il a \u00e9t\u00e9 surnomm\u00e9 \u00ab\u00a0Spike\u00a0\u00bb par sa m\u00e8re, un surnom qui l&rsquo;accompagnera tout au long de sa carri\u00e8re.<\/p>\n","protected":false},"excerpt":{"rendered":"<p>Les membres du gouvernement \u00e9taient r\u00e9unis ce mercredi 23 juillet 2025 en conseil des ministres\u00a0 sous la pr\u00e9sidence de son excellence, le pr\u00e9sident Patrice Talon.\u00a0 Au cours de ce conseil&hellip;<\/p>\n","protected":false},"author":6,"featured_media":12318,"comment_status":"open","ping_status":"open","sticky":false,"template":"","format":"standard","meta":{"content-type":"","om_disable_all_campaigns":false,"_monsterinsights_skip_tracking":false,"_monsterinsights_sitenote_active":false,"_monsterinsights_sitenote_note":"","_monsterinsights_sitenote_category":0,"_uf_show_specific_survey":0,"_uf_disable_surveys":false,"footnotes":""},"categories":[26],"tags":[],"class_list":["post-12317","post","type-post","status-publish","format-standard","has-post-thumbnail","hentry","category-politique"],"aioseo_notices":[],"yoast_head":"<!-- This site is optimized with the Yoast SEO plugin v27.5 - https:\/\/yoast.com\/product\/yoast-seo-wordpress\/ -->\n<title>B\u00e9nin: Spike Lee nomm\u00e9 Ambassadeur th\u00e9matique charg\u00e9 de la diaspora Afro-Descendante aux \u00c9tats-Unis - Le Patriote<\/title>\n<meta name=\"robots\" content=\"index, follow, max-snippet:-1, max-image-preview:large, max-video-preview:-1\" \/>\n<link rel=\"canonical\" href=\"https:\/\/lepatriotebenin.com\/index.php\/2025\/07\/23\/benin-spike-lee-nomme-ambassadeur-thematique-charge-de-la-diaspora-afro-descendante-aux-etats-unis\/\" \/>\n<meta property=\"og:locale\" content=\"fr_FR\" \/>\n<meta property=\"og:type\" content=\"article\" \/>\n<meta property=\"og:title\" content=\"B\u00e9nin: Spike Lee nomm\u00e9 Ambassadeur th\u00e9matique charg\u00e9 de la diaspora Afro-Descendante aux \u00c9tats-Unis - Le Patriote\" \/>\n<meta property=\"og:description\" content=\"Les membres du gouvernement \u00e9taient r\u00e9unis ce mercredi 23 juillet 2025 en conseil des ministres\u00a0 sous la pr\u00e9sidence de son excellence, le pr\u00e9sident Patrice Talon.\u00a0 Au cours de ce conseil&hellip;\" \/>\n<meta property=\"og:url\" content=\"https:\/\/lepatriotebenin.com\/index.php\/2025\/07\/23\/benin-spike-lee-nomme-ambassadeur-thematique-charge-de-la-diaspora-afro-descendante-aux-etats-unis\/\" \/>\n<meta property=\"og:site_name\" content=\"Le Patriote\" \/>\n<meta property=\"article:published_time\" content=\"2025-07-23T11:39:11+00:00\" \/>\n<meta property=\"og:image\" content=\"https:\/\/lepatriotebenin.com\/wp-content\/uploads\/2025\/07\/lee.jpg\" \/>\n\t<meta property=\"og:image:width\" content=\"1140\" \/>\n\t<meta property=\"og:image:height\" content=\"1520\" \/>\n\t<meta property=\"og:image:type\" content=\"image\/jpeg\" \/>\n<meta name=\"author\" content=\"Roland AFFANOU\" \/>\n<meta name=\"twitter:card\" content=\"summary_large_image\" \/>\n<meta name=\"twitter:label1\" content=\"\u00c9crit par\" \/>\n\t<meta name=\"twitter:data1\" content=\"Roland AFFANOU\" \/>\n\t<meta name=\"twitter:label2\" content=\"Dur\u00e9e de lecture estim\u00e9e\" \/>\n\t<meta name=\"twitter:data2\" content=\"2 minutes\" \/>\n<script type=\"application\/ld+json\" class=\"yoast-schema-graph\">{\"@context\":\"https:\\\/\\\/schema.org\",\"@graph\":[{\"@type\":\"Article\",\"@id\":\"https:\\\/\\\/lepatriotebenin.com\\\/index.php\\\/2025\\\/07\\\/23\\\/benin-spike-lee-nomme-ambassadeur-thematique-charge-de-la-diaspora-afro-descendante-aux-etats-unis\\\/#article\",\"isPartOf\":{\"@id\":\"https:\\\/\\\/lepatriotebenin.com\\\/index.php\\\/2025\\\/07\\\/23\\\/benin-spike-lee-nomme-ambassadeur-thematique-charge-de-la-diaspora-afro-descendante-aux-etats-unis\\\/\"},\"author\":{\"name\":\"Roland AFFANOU\",\"@id\":\"https:\\\/\\\/lepatriotebenin.com\\\/#\\\/schema\\\/person\\\/4a9b67216c97d04045e01405c534c91f\"},\"headline\":\"B\u00e9nin: Spike Lee nomm\u00e9 Ambassadeur th\u00e9matique charg\u00e9 de la diaspora Afro-Descendante aux \u00c9tats-Unis\",\"datePublished\":\"2025-07-23T11:39:11+00:00\",\"mainEntityOfPage\":{\"@id\":\"https:\\\/\\\/lepatriotebenin.com\\\/index.php\\\/2025\\\/07\\\/23\\\/benin-spike-lee-nomme-ambassadeur-thematique-charge-de-la-diaspora-afro-descendante-aux-etats-unis\\\/\"},\"wordCount\":212,\"commentCount\":0,\"image\":{\"@id\":\"https:\\\/\\\/lepatriotebenin.com\\\/index.php\\\/2025\\\/07\\\/23\\\/benin-spike-lee-nomme-ambassadeur-thematique-charge-de-la-diaspora-afro-descendante-aux-etats-unis\\\/#primaryimage\"},\"thumbnailUrl\":\"https:\\\/\\\/lepatriotebenin.com\\\/wp-content\\\/uploads\\\/2025\\\/07\\\/lee.jpg\",\"articleSection\":[\"Politique\"],\"inLanguage\":\"fr-FR\",\"potentialAction\":[{\"@type\":\"CommentAction\",\"name\":\"Comment\",\"target\":[\"https:\\\/\\\/lepatriotebenin.com\\\/index.php\\\/2025\\\/07\\\/23\\\/benin-spike-lee-nomme-ambassadeur-thematique-charge-de-la-diaspora-afro-descendante-aux-etats-unis\\\/#respond\"]}]},{\"@type\":\"WebPage\",\"@id\":\"https:\\\/\\\/lepatriotebenin.com\\\/index.php\\\/2025\\\/07\\\/23\\\/benin-spike-lee-nomme-ambassadeur-thematique-charge-de-la-diaspora-afro-descendante-aux-etats-unis\\\/\",\"url\":\"https:\\\/\\\/lepatriotebenin.com\\\/index.php\\\/2025\\\/07\\\/23\\\/benin-spike-lee-nomme-ambassadeur-thematique-charge-de-la-diaspora-afro-descendante-aux-etats-unis\\\/\",\"name\":\"B\u00e9nin: Spike Lee nomm\u00e9 Ambassadeur th\u00e9matique charg\u00e9 de la diaspora Afro-Descendante aux \u00c9tats-Unis - Le Patriote\",\"isPartOf\":{\"@id\":\"https:\\\/\\\/lepatriotebenin.com\\\/#website\"},\"primaryImageOfPage\":{\"@id\":\"https:\\\/\\\/lepatriotebenin.com\\\/index.php\\\/2025\\\/07\\\/23\\\/benin-spike-lee-nomme-ambassadeur-thematique-charge-de-la-diaspora-afro-descendante-aux-etats-unis\\\/#primaryimage\"},\"image\":{\"@id\":\"https:\\\/\\\/lepatriotebenin.com\\\/index.php\\\/2025\\\/07\\\/23\\\/benin-spike-lee-nomme-ambassadeur-thematique-charge-de-la-diaspora-afro-descendante-aux-etats-unis\\\/#primaryimage\"},\"thumbnailUrl\":\"https:\\\/\\\/lepatriotebenin.com\\\/wp-content\\\/uploads\\\/2025\\\/07\\\/lee.jpg\",\"datePublished\":\"2025-07-23T11:39:11+00:00\",\"author\":{\"@id\":\"https:\\\/\\\/lepatriotebenin.com\\\/#\\\/schema\\\/person\\\/4a9b67216c97d04045e01405c534c91f\"},\"breadcrumb\":{\"@id\":\"https:\\\/\\\/lepatriotebenin.com\\\/index.php\\\/2025\\\/07\\\/23\\\/benin-spike-lee-nomme-ambassadeur-thematique-charge-de-la-diaspora-afro-descendante-aux-etats-unis\\\/#breadcrumb\"},\"inLanguage\":\"fr-FR\",\"potentialAction\":[{\"@type\":\"ReadAction\",\"target\":[\"https:\\\/\\\/lepatriotebenin.com\\\/index.php\\\/2025\\\/07\\\/23\\\/benin-spike-lee-nomme-ambassadeur-thematique-charge-de-la-diaspora-afro-descendante-aux-etats-unis\\\/\"]}]},{\"@type\":\"ImageObject\",\"inLanguage\":\"fr-FR\",\"@id\":\"https:\\\/\\\/lepatriotebenin.com\\\/index.php\\\/2025\\\/07\\\/23\\\/benin-spike-lee-nomme-ambassadeur-thematique-charge-de-la-diaspora-afro-descendante-aux-etats-unis\\\/#primaryimage\",\"url\":\"https:\\\/\\\/lepatriotebenin.com\\\/wp-content\\\/uploads\\\/2025\\\/07\\\/lee.jpg\",\"contentUrl\":\"https:\\\/\\\/lepatriotebenin.com\\\/wp-content\\\/uploads\\\/2025\\\/07\\\/lee.jpg\",\"width\":1140,\"height\":1520},{\"@type\":\"BreadcrumbList\",\"@id\":\"https:\\\/\\\/lepatriotebenin.com\\\/index.php\\\/2025\\\/07\\\/23\\\/benin-spike-lee-nomme-ambassadeur-thematique-charge-de-la-diaspora-afro-descendante-aux-etats-unis\\\/#breadcrumb\",\"itemListElement\":[{\"@type\":\"ListItem\",\"position\":1,\"name\":\"Accueil\",\"item\":\"https:\\\/\\\/lepatriotebenin.com\\\/\"},{\"@type\":\"ListItem\",\"position\":2,\"name\":\"B\u00e9nin: Spike Lee nomm\u00e9 Ambassadeur th\u00e9matique charg\u00e9 de la diaspora Afro-Descendante aux \u00c9tats-Unis\"}]},{\"@type\":\"WebSite\",\"@id\":\"https:\\\/\\\/lepatriotebenin.com\\\/#website\",\"url\":\"https:\\\/\\\/lepatriotebenin.com\\\/\",\"name\":\"Le Patriote\",\"description\":\"Le Patriote B\u00e9nin\",\"potentialAction\":[{\"@type\":\"SearchAction\",\"target\":{\"@type\":\"EntryPoint\",\"urlTemplate\":\"https:\\\/\\\/lepatriotebenin.com\\\/?s={search_term_string}\"},\"query-input\":{\"@type\":\"PropertyValueSpecification\",\"valueRequired\":true,\"valueName\":\"search_term_string\"}}],\"inLanguage\":\"fr-FR\"},{\"@type\":\"Person\",\"@id\":\"https:\\\/\\\/lepatriotebenin.com\\\/#\\\/schema\\\/person\\\/4a9b67216c97d04045e01405c534c91f\",\"name\":\"Roland AFFANOU\",\"image\":{\"@type\":\"ImageObject\",\"inLanguage\":\"fr-FR\",\"@id\":\"https:\\\/\\\/secure.gravatar.com\\\/avatar\\\/7209d3f6d2d47ea4d0c67e14d3effb61feb10ae540a4381280c66265de5bd643?s=96&d=mm&r=g\",\"url\":\"https:\\\/\\\/secure.gravatar.com\\\/avatar\\\/7209d3f6d2d47ea4d0c67e14d3effb61feb10ae540a4381280c66265de5bd643?s=96&d=mm&r=g\",\"contentUrl\":\"https:\\\/\\\/secure.gravatar.com\\\/avatar\\\/7209d3f6d2d47ea4d0c67e14d3effb61feb10ae540a4381280c66265de5bd643?s=96&d=mm&r=g\",\"caption\":\"Roland AFFANOU\"},\"url\":\"https:\\\/\\\/lepatriotebenin.com\"}]}<\/script>\n<!-- \/ Yoast SEO plugin. -->","yoast_head_json":{"title":"B\u00e9nin: Spike Lee nomm\u00e9 Ambassadeur th\u00e9matique charg\u00e9 de la diaspora Afro-Descendante aux \u00c9tats-Unis - Le Patriote","robots":{"index":"index","follow":"follow","max-snippet":"max-snippet:-1","max-image-preview":"max-image-preview:large","max-video-preview":"max-video-preview:-1"},"canonical":"https:\/\/lepatriotebenin.com\/index.php\/2025\/07\/23\/benin-spike-lee-nomme-ambassadeur-thematique-charge-de-la-diaspora-afro-descendante-aux-etats-unis\/","og_locale":"fr_FR","og_type":"article","og_title":"B\u00e9nin: Spike Lee nomm\u00e9 Ambassadeur th\u00e9matique charg\u00e9 de la diaspora Afro-Descendante aux \u00c9tats-Unis - Le Patriote","og_description":"Les membres du gouvernement \u00e9taient r\u00e9unis ce mercredi 23 juillet 2025 en conseil des ministres\u00a0 sous la pr\u00e9sidence de son excellence, le pr\u00e9sident Patrice Talon.\u00a0 Au cours de ce conseil&hellip;","og_url":"https:\/\/lepatriotebenin.com\/index.php\/2025\/07\/23\/benin-spike-lee-nomme-ambassadeur-thematique-charge-de-la-diaspora-afro-descendante-aux-etats-unis\/","og_site_name":"Le Patriote","article_published_time":"2025-07-23T11:39:11+00:00","og_image":[{"width":1140,"height":1520,"url":"https:\/\/lepatriotebenin.com\/wp-content\/uploads\/2025\/07\/lee.jpg","type":"image\/jpeg"}],"author":"Roland AFFANOU","twitter_card":"summary_large_image","twitter_misc":{"\u00c9crit par":"Roland AFFANOU","Dur\u00e9e de lecture estim\u00e9e":"2 minutes"},"schema":{"@context":"https:\/\/schema.org","@graph":[{"@type":"Article","@id":"https:\/\/lepatriotebenin.com\/index.php\/2025\/07\/23\/benin-spike-lee-nomme-ambassadeur-thematique-charge-de-la-diaspora-afro-descendante-aux-etats-unis\/#article","isPartOf":{"@id":"https:\/\/lepatriotebenin.com\/index.php\/2025\/07\/23\/benin-spike-lee-nomme-ambassadeur-thematique-charge-de-la-diaspora-afro-descendante-aux-etats-unis\/"},"author":{"name":"Roland AFFANOU","@id":"https:\/\/lepatriotebenin.com\/#\/schema\/person\/4a9b67216c97d04045e01405c534c91f"},"headline":"B\u00e9nin: Spike Lee nomm\u00e9 Ambassadeur th\u00e9matique charg\u00e9 de la diaspora Afro-Descendante aux \u00c9tats-Unis","datePublished":"2025-07-23T11:39:11+00:00","mainEntityOfPage":{"@id":"https:\/\/lepatriotebenin.com\/index.php\/2025\/07\/23\/benin-spike-lee-nomme-ambassadeur-thematique-charge-de-la-diaspora-afro-descendante-aux-etats-unis\/"},"wordCount":212,"commentCount":0,"image":{"@id":"https:\/\/lepatriotebenin.com\/index.php\/2025\/07\/23\/benin-spike-lee-nomme-ambassadeur-thematique-charge-de-la-diaspora-afro-descendante-aux-etats-unis\/#primaryimage"},"thumbnailUrl":"https:\/\/lepatriotebenin.com\/wp-content\/uploads\/2025\/07\/lee.jpg","articleSection":["Politique"],"inLanguage":"fr-FR","potentialAction":[{"@type":"CommentAction","name":"Comment","target":["https:\/\/lepatriotebenin.com\/index.php\/2025\/07\/23\/benin-spike-lee-nomme-ambassadeur-thematique-charge-de-la-diaspora-afro-descendante-aux-etats-unis\/#respond"]}]},{"@type":"WebPage","@id":"https:\/\/lepatriotebenin.com\/index.php\/2025\/07\/23\/benin-spike-lee-nomme-ambassadeur-thematique-charge-de-la-diaspora-afro-descendante-aux-etats-unis\/","url":"https:\/\/lepatriotebenin.com\/index.php\/2025\/07\/23\/benin-spike-lee-nomme-ambassadeur-thematique-charge-de-la-diaspora-afro-descendante-aux-etats-unis\/","name":"B\u00e9nin: Spike Lee nomm\u00e9 Ambassadeur th\u00e9matique charg\u00e9 de la diaspora Afro-Descendante aux \u00c9tats-Unis - Le Patriote","isPartOf":{"@id":"https:\/\/lepatriotebenin.com\/#website"},"primaryImageOfPage":{"@id":"https:\/\/lepatriotebenin.com\/index.php\/2025\/07\/23\/benin-spike-lee-nomme-ambassadeur-thematique-charge-de-la-diaspora-afro-descendante-aux-etats-unis\/#primaryimage"},"image":{"@id":"https:\/\/lepatriotebenin.com\/index.php\/2025\/07\/23\/benin-spike-lee-nomme-ambassadeur-thematique-charge-de-la-diaspora-afro-descendante-aux-etats-unis\/#primaryimage"},"thumbnailUrl":"https:\/\/lepatriotebenin.com\/wp-content\/uploads\/2025\/07\/lee.jpg","datePublished":"2025-07-23T11:39:11+00:00","author":{"@id":"https:\/\/lepatriotebenin.com\/#\/schema\/person\/4a9b67216c97d04045e01405c534c91f"},"breadcrumb":{"@id":"https:\/\/lepatriotebenin.com\/index.php\/2025\/07\/23\/benin-spike-lee-nomme-ambassadeur-thematique-charge-de-la-diaspora-afro-descendante-aux-etats-unis\/#breadcrumb"},"inLanguage":"fr-FR","potentialAction":[{"@type":"ReadAction","target":["https:\/\/lepatriotebenin.com\/index.php\/2025\/07\/23\/benin-spike-lee-nomme-ambassadeur-thematique-charge-de-la-diaspora-afro-descendante-aux-etats-unis\/"]}]},{"@type":"ImageObject","inLanguage":"fr-FR","@id":"https:\/\/lepatriotebenin.com\/index.php\/2025\/07\/23\/benin-spike-lee-nomme-ambassadeur-thematique-charge-de-la-diaspora-afro-descendante-aux-etats-unis\/#primaryimage","url":"https:\/\/lepatriotebenin.com\/wp-content\/uploads\/2025\/07\/lee.jpg","contentUrl":"https:\/\/lepatriotebenin.com\/wp-content\/uploads\/2025\/07\/lee.jpg","width":1140,"height":1520},{"@type":"BreadcrumbList","@id":"https:\/\/lepatriotebenin.com\/index.php\/2025\/07\/23\/benin-spike-lee-nomme-ambassadeur-thematique-charge-de-la-diaspora-afro-descendante-aux-etats-unis\/#breadcrumb","itemListElement":[{"@type":"ListItem","position":1,"name":"Accueil","item":"https:\/\/lepatriotebenin.com\/"},{"@type":"ListItem","position":2,"name":"B\u00e9nin: Spike Lee nomm\u00e9 Ambassadeur th\u00e9matique charg\u00e9 de la diaspora Afro-Descendante aux \u00c9tats-Unis"}]},{"@type":"WebSite","@id":"https:\/\/lepatriotebenin.com\/#website","url":"https:\/\/lepatriotebenin.com\/","name":"Le Patriote","description":"Le Patriote B\u00e9nin","potentialAction":[{"@type":"SearchAction","target":{"@type":"EntryPoint","urlTemplate":"https:\/\/lepatriotebenin.com\/?s={search_term_string}"},"query-input":{"@type":"PropertyValueSpecification","valueRequired":true,"valueName":"search_term_string"}}],"inLanguage":"fr-FR"},{"@type":"Person","@id":"https:\/\/lepatriotebenin.com\/#\/schema\/person\/4a9b67216c97d04045e01405c534c91f","name":"Roland AFFANOU","image":{"@type":"ImageObject","inLanguage":"fr-FR","@id":"https:\/\/secure.gravatar.com\/avatar\/7209d3f6d2d47ea4d0c67e14d3effb61feb10ae540a4381280c66265de5bd643?s=96&d=mm&r=g","url":"https:\/\/secure.gravatar.com\/avatar\/7209d3f6d2d47ea4d0c67e14d3effb61feb10ae540a4381280c66265de5bd643?s=96&d=mm&r=g","contentUrl":"https:\/\/secure.gravatar.com\/avatar\/7209d3f6d2d47ea4d0c67e14d3effb61feb10ae540a4381280c66265de5bd643?s=96&d=mm&r=g","caption":"Roland AFFANOU"},"url":"https:\/\/lepatriotebenin.com"}]}},"_links":{"self":[{"href":"https:\/\/lepatriotebenin.com\/index.php\/wp-json\/wp\/v2\/posts\/12317","targetHints":{"allow":["GET"]}}],"collection":[{"href":"https:\/\/lepatriotebenin.com\/index.php\/wp-json\/wp\/v2\/posts"}],"about":[{"href":"https:\/\/lepatriotebenin.com\/index.php\/wp-json\/wp\/v2\/types\/post"}],"author":[{"embeddable":true,"href":"https:\/\/lepatriotebenin.com\/index.php\/wp-json\/wp\/v2\/users\/6"}],"replies":[{"embeddable":true,"href":"https:\/\/lepatriotebenin.com\/index.php\/wp-json\/wp\/v2\/comments?post=12317"}],"version-history":[{"count":1,"href":"https:\/\/lepatriotebenin.com\/index.php\/wp-json\/wp\/v2\/posts\/12317\/revisions"}],"predecessor-version":[{"id":12319,"href":"https:\/\/lepatriotebenin.com\/index.php\/wp-json\/wp\/v2\/posts\/12317\/revisions\/12319"}],"wp:featuredmedia":[{"embeddable":true,"href":"https:\/\/lepatriotebenin.com\/index.php\/wp-json\/wp\/v2\/media\/12318"}],"wp:attachment":[{"href":"https:\/\/lepatriotebenin.com\/index.php\/wp-json\/wp\/v2\/media?parent=12317"}],"wp:term":[{"taxonomy":"category","embeddable":true,"href":"https:\/\/lepatriotebenin.com\/index.php\/wp-json\/wp\/v2\/categories?post=12317"},{"taxonomy":"post_tag","embeddable":true,"href":"https:\/\/lepatriotebenin.com\/index.php\/wp-json\/wp\/v2\/tags?post=12317"}],"curies":[{"name":"wp","href":"https:\/\/api.w.org\/{rel}","templated":true}]}}