{"id":12314,"date":"2025-07-23T12:25:25","date_gmt":"2025-07-23T10:25:25","guid":{"rendered":"https:\/\/lepatriotebenin.com\/?p=12314"},"modified":"2025-07-23T12:25:25","modified_gmt":"2025-07-23T10:25:25","slug":"donald-trump-retire-a-nouveau-les-etats-unis-de-lunesco-reaction-de-la-directrice-generale-audrey-azoulay","status":"publish","type":"post","link":"https:\/\/lepatriotebenin.com\/index.php\/2025\/07\/23\/donald-trump-retire-a-nouveau-les-etats-unis-de-lunesco-reaction-de-la-directrice-generale-audrey-azoulay\/","title":{"rendered":"Donald Trump retire \u00e0 nouveau les \u00c9tats-Unis de l&rsquo;Unesco, r\u00e9action de la Directrice g\u00e9n\u00e9rale Audrey Azoulay"},"content":{"rendered":"<p>Le pr\u00e9sident Donald Trump a d\u00e9cid\u00e9 de retirer les \u00c9tats-Unis de l&rsquo;Organisation des Nations Unies pour <em><strong>l&rsquo;\u00e9ducation, la science et la culture (Unesco), deux ans seulement apr\u00e8s l&rsquo;avoir r\u00e9int\u00e9gr\u00e9e.. Les \u00c9tats-Unis sous Trump se retireront de l&rsquo;organisation culturelle de l&rsquo;ONU dans le contexte de sa politique pro-palestinienne, pro-chinoise et pro-DEI. La base de cette d\u00e9marche a \u00e9t\u00e9 pos\u00e9e d\u00e8s le d\u00e9but de son mandat lorsque, en f\u00e9vrier,2025 \u00a0le pr\u00e9sident Trump a sign\u00e9 un d\u00e9cret pr\u00e9sidentiel permettant un retrait rapide des Am\u00e9ricains de l&rsquo;organisation. Le pr\u00e9sident am\u00e9ricain a invoqu\u00e9 des penchants \u00ab\u00a0anti-am\u00e9ricains\u00a0\u00bb et \u00ab\u00a0anti-isra\u00e9liens\u00a0\u00bb ainsi qu&rsquo;un agenda \u00ab\u00a0woke\u00a0\u00bb de l&rsquo;agence onusienne. Isra\u00ebl s&rsquo;est f\u00e9licit\u00e9 de ce retrait.<\/strong><\/em><\/p>\n<p>La porte-parole du d\u00e9partement d&rsquo;\u00c9tat, Tammy Bruce, a motiv\u00e9 ce retrait par ce que Washington consid\u00e8re comme la volont\u00e9 de l&rsquo;Unesco de \u00ab\u00a0faire avancer des causes sociales et culturelles qui s\u00e8ment la discorde\u00a0\u00bb. Elle a ajout\u00e9 que la d\u00e9cision d&rsquo;admettre l'\u00a0\u00bb\u00c9tat de Palestine\u00a0\u00bb\u00a0en tant qu&rsquo;\u00c9tat membre est \u00ab\u00a0hautement probl\u00e9matique, contraire \u00e0 la politique des \u00c9tats-Unis et a contribu\u00e9 \u00e0 la prolif\u00e9ration de la rh\u00e9torique anti-isra\u00e9lienne au sein de l&rsquo;organisation\u00a0\u00bb. C&rsquo;est la troisi\u00e8me fois que les \u00c9tats-Unis se retirent de l&rsquo;Unesco, dont le si\u00e8ge est \u00e0 Paris, et la deuxi\u00e8me fois sous l&rsquo;\u00e8re Trump. La premi\u00e8re date de la fin 2018. Cinq ans plus tard, l&rsquo;administration Biden a pr\u00e9sent\u00e9 une nouvelle demande et a r\u00e9int\u00e9gr\u00e9 l&rsquo;agence. Ce nouveau retrait prendra effet \u00e0 la fin du mois de d\u00e9cembre 2026.<\/p>\n<p>La directrice de l&rsquo;UNESCO, la Fran\u00e7aise Audrey Azoulay, a dit\u00a0regretter profond\u00e9ment\u00a0cette d\u00e9cision, qui sera effective fin\u00a02026, m\u00eame si elle \u00e9tait\u00a0attendue. L&rsquo;UNESCO\u00a0s&rsquo;y \u00e9tait\u00a0pr\u00e9par\u00e9e\u00a0et est relativement\u00a0prot\u00e9g\u00e9e sur le plan budg\u00e9taire, a-t-elle estim\u00e9, soulignant que la contribution am\u00e9ricaine de 75\u00a0millions de dollars annuels ne repr\u00e9sente que 8\u00a0% du budget total de l&rsquo;organisation. Pour Washington,\u00a0la poursuite de la participation des \u00c9tats-Unis \u00e0 l&rsquo;UNESCO\u00a0n&rsquo;est pas dans l&rsquo;int\u00e9r\u00eat national, a d\u00e9clar\u00e9 dans un communiqu\u00e9 la porte-parole du d\u00e9partement d&rsquo;\u00c9tat, Tammy Bruce. Elle a \u00e9galement jug\u00e9 que la d\u00e9cision de l&rsquo;UNESCO\u00a0d&rsquo;int\u00e9grer\u00a0l&rsquo; \u00c9tat de Palestine\u00a0en\u00a02011\u00a0est hautement probl\u00e9matique, contraire \u00e0 la politique des \u00c9tats-Unis, et a contribu\u00e9 \u00e0 la prolif\u00e9ration de discours hostiles \u00e0 Isra\u00ebl au sein de l&rsquo;organisation.<\/p>\n<p>&nbsp;<\/p>\n<p>L&rsquo;\u00c9tat h\u00e9breu \u00a0par sa part \u00ab\u00a0remercie les \u00c9tats-Unis pour leur soutien moral et leur leadership, en particulier dans l&rsquo;ar\u00e8ne multilat\u00e9rale, qui est en proie \u00e0 la discrimination anti-isra\u00e9lienne\u00a0\u00bb, a \u00e9crit sur X le \u00a0chef de diplomatie isra\u00e9lienne Gideon Sa&rsquo;ar. Isra\u00ebl a retir\u00e9 son financement \u00e0 l&rsquo;Unesco en 2011 et a quitt\u00e9 l&rsquo;organisation en 2019. Apr\u00e8s l&rsquo;annonce de Washington, Emmanuel Macron a assur\u00e9 l&rsquo;Unesco de son\u00a0\u00ab\u00a0soutien ind\u00e9fectible\u00a0\u00bb.<\/p>\n<p>&nbsp;<\/p>\n<p><strong>D\u00e9claration de la Directrice G\u00e9n\u00e9rale de l\u2019UNESCO apr\u00e8s le retrait des Etats-Unis \u00a0<\/strong><\/p>\n<p><strong>UNESCO<\/strong><\/p>\n<p><strong>22 juillet 2025<\/strong><\/p>\n<p><strong>Paris, le 22 juillet 2025.<\/strong><\/p>\n<p>Je regrette profond\u00e9ment la d\u00e9cision prise par le Pr\u00e9sident Donald Trump de retirer \u00e0 nouveau les \u00c9tats-Unis de la communaut\u00e9 des membres de l\u2019UNESCO\u00a0\u2013 d\u00e9cision qui prendra effet fin d\u00e9cembre 2026.<\/p>\n<p>Cette d\u00e9cision est contraire aux principes fondamentaux du multilat\u00e9ralisme, ce dont nos nombreux partenaires aux Etats-Unis \u2013 sites candidats \u00e0 une inscription au Patrimoine mondial, au statut de ville cr\u00e9ative, chaires universitaires \u2013 pourraient \u00eatre les premiers \u00e0 p\u00e2tir.<\/p>\n<p>Si regrettable qu\u2019elle soit, cette annonce \u00e9tait attendue et l\u2019UNESCO s\u2019y est pr\u00e9par\u00e9e.<\/p>\n<p>Au cours des derni\u00e8res ann\u00e9es, nous avons engag\u00e9 d\u2019importantes r\u00e9formes structurelles et diversifi\u00e9 nos sources de financement. Par les efforts conduits par l\u2019Organisation depuis 2018, la baisse tendancielle de la contribution am\u00e9ricaine a \u00e9t\u00e9 compens\u00e9e, pour ne plus repr\u00e9senter que 8% du budget total de l\u2019Organisation, contre parfois 40% dans certaines entit\u00e9s des Nations Unies, dans un budget lui-m\u00eame en hausse. Aujourd\u2019hui, l\u2019Organisation est mieux prot\u00e9g\u00e9e sur le plan budg\u00e9taire, gr\u00e2ce au concours constant d\u2019un grand nombre d\u2019Etats et de contributeurs priv\u00e9s. Ces contributions volontaires ont ainsi doubl\u00e9 depuis 2018.<\/p>\n<p>A cette heure, l\u2019Organisation n\u2019envisage aucun licenciement.<\/p>\n<p>Malgr\u00e9 la premi\u00e8re annonce de d\u00e9part du Pr\u00e9sident Donald Trump en 2017, l\u2019UNESCO a redoubl\u00e9 d\u2019efforts pour se d\u00e9ployer partout o\u00f9 ses missions pouvaient apporter une contribution \u00e0 la paix et fait la preuve de la centralit\u00e9 de son mandat.<\/p>\n<p>L\u2019Organisation a r\u00e9ussi la plus grande op\u00e9ration de son histoire avec la r\u00e9habilitation de la vieille ville de Mossoul \u00e0 partir de 2018 ; elle a adopt\u00e9 le premier et unique instrument normatif mondial sur l\u2019\u00e9thique de l\u2019intelligence artificielle ; elle a d\u00e9velopp\u00e9 des programmes majeurs pour soutenir la culture et l\u2019\u00e9ducation dans les conflits, que ce soit en Ukraine, au Liban ou au Y\u00e9men. Elle a aussi d\u00e9multipli\u00e9 son action pour la biodiversit\u00e9 et le patrimoine naturel, ou bien encore l\u2019\u00e9ducation des filles.<\/p>\n<p>Les raisons invoqu\u00e9es par les \u00c9tats-Unis sont les m\u00eames qu\u2019il y a 7 ans, alors m\u00eame que la situation a profond\u00e9ment chang\u00e9, que les tensions politiques ont recul\u00e9 et que l\u2019UNESCO repr\u00e9sente aujourd\u2019hui un rare lieu de consensus pour un multilat\u00e9ralisme concret et dans l\u2019action.<\/p>\n<p>Ces arguments contredisent aussi la r\u00e9alit\u00e9 des efforts men\u00e9s par l\u2019UNESCO, notamment pour l\u2019enseignement de la Shoah et la lutte contre l\u2019antis\u00e9mitisme.<\/p>\n<p>L\u2019UNESCO est l\u2019unique responsable sur ces enjeux au sein du syst\u00e8me des Nations Unies, et son travail a \u00e9t\u00e9 unanimement salu\u00e9 par les grandes organisations sp\u00e9cialis\u00e9es, telles que le Mus\u00e9e m\u00e9morial de l\u2019Holocauste \u00e0 Washington DC, le Congr\u00e8s juif mondial et sa section am\u00e9ricaine ou l\u2019American Jewish Committee (AJC). L\u2019UNESCO a ainsi accompagn\u00e9 85 pays dans la mise en place d\u2019outils et de formations des professeurs pour l\u2019enseignement de la Shoah et des g\u00e9nocides, et la lutte contre le n\u00e9gationnisme et les discours de haine.<\/p>\n<p>L\u2019UNESCO continuera de mener ces missions, malgr\u00e9 des ressources qui seront in\u00e9vitablement r\u00e9duites.<\/p>\n<p>L\u2019UNESCO a vocation \u00e0 accueillir toutes les nations du monde et les Etats-Unis y sont et resteront les bienvenus.<\/p>\n<p>Nous continuerons \u00e0 travailler main dans la main avec tous nos partenaires am\u00e9ricains du secteur priv\u00e9, acad\u00e9mique et associatif et poursuivrons notre dialogue politique avec l\u2019administration am\u00e9ricaine et le Congr\u00e8s.<\/p>\n<p>&nbsp;<\/p>\n<p>&nbsp;<\/p>\n<p>&nbsp;<\/p>\n<p>&nbsp;<\/p>\n<p>&nbsp;<\/p>\n","protected":false},"excerpt":{"rendered":"<p>Le pr\u00e9sident Donald Trump a d\u00e9cid\u00e9 de retirer les \u00c9tats-Unis de l&rsquo;Organisation des Nations Unies pour l&rsquo;\u00e9ducation, la science et la culture (Unesco), deux ans seulement apr\u00e8s l&rsquo;avoir r\u00e9int\u00e9gr\u00e9e.. Les&hellip;<\/p>\n","protected":false},"author":6,"featured_media":12315,"comment_status":"open","ping_status":"open","sticky":false,"template":"","format":"standard","meta":{"content-type":"","om_disable_all_campaigns":false,"_monsterinsights_skip_tracking":false,"_monsterinsights_sitenote_active":false,"_monsterinsights_sitenote_note":"","_monsterinsights_sitenote_category":0,"_uf_show_specific_survey":0,"_uf_disable_surveys":false,"footnotes":""},"categories":[20],"tags":[],"class_list":["post-12314","post","type-post","status-publish","format-standard","has-post-thumbnail","hentry","category-societe"],"aioseo_notices":[],"yoast_head":"<!-- This site is optimized with the Yoast SEO plugin v27.5 - https:\/\/yoast.com\/product\/yoast-seo-wordpress\/ -->\n<title>Donald Trump retire \u00e0 nouveau les \u00c9tats-Unis de l&#039;Unesco, r\u00e9action de la Directrice g\u00e9n\u00e9rale Audrey Azoulay - Le Patriote<\/title>\n<meta name=\"robots\" content=\"index, follow, max-snippet:-1, max-image-preview:large, max-video-preview:-1\" \/>\n<link rel=\"canonical\" href=\"https:\/\/lepatriotebenin.com\/index.php\/2025\/07\/23\/donald-trump-retire-a-nouveau-les-etats-unis-de-lunesco-reaction-de-la-directrice-generale-audrey-azoulay\/\" \/>\n<meta property=\"og:locale\" content=\"fr_FR\" \/>\n<meta property=\"og:type\" content=\"article\" \/>\n<meta property=\"og:title\" content=\"Donald Trump retire \u00e0 nouveau les \u00c9tats-Unis de l&#039;Unesco, r\u00e9action de la Directrice g\u00e9n\u00e9rale Audrey Azoulay - Le Patriote\" \/>\n<meta property=\"og:description\" content=\"Le pr\u00e9sident Donald Trump a d\u00e9cid\u00e9 de retirer les \u00c9tats-Unis de l&rsquo;Organisation des Nations Unies pour l&rsquo;\u00e9ducation, la science et la culture (Unesco), deux ans seulement apr\u00e8s l&rsquo;avoir r\u00e9int\u00e9gr\u00e9e.. Les&hellip;\" \/>\n<meta property=\"og:url\" content=\"https:\/\/lepatriotebenin.com\/index.php\/2025\/07\/23\/donald-trump-retire-a-nouveau-les-etats-unis-de-lunesco-reaction-de-la-directrice-generale-audrey-azoulay\/\" \/>\n<meta property=\"og:site_name\" content=\"Le Patriote\" \/>\n<meta property=\"article:published_time\" content=\"2025-07-23T10:25:25+00:00\" \/>\n<meta property=\"og:image\" content=\"https:\/\/lepatriotebenin.com\/wp-content\/uploads\/2025\/07\/unesco.jpg\" \/>\n\t<meta property=\"og:image:width\" content=\"1536\" \/>\n\t<meta property=\"og:image:height\" content=\"864\" \/>\n\t<meta property=\"og:image:type\" content=\"image\/jpeg\" \/>\n<meta name=\"author\" content=\"Roland AFFANOU\" \/>\n<meta name=\"twitter:card\" content=\"summary_large_image\" \/>\n<meta name=\"twitter:label1\" content=\"\u00c9crit par\" \/>\n\t<meta name=\"twitter:data1\" content=\"Roland AFFANOU\" \/>\n\t<meta name=\"twitter:label2\" content=\"Dur\u00e9e de lecture estim\u00e9e\" \/>\n\t<meta name=\"twitter:data2\" content=\"6 minutes\" \/>\n<script type=\"application\/ld+json\" class=\"yoast-schema-graph\">{\"@context\":\"https:\\\/\\\/schema.org\",\"@graph\":[{\"@type\":\"Article\",\"@id\":\"https:\\\/\\\/lepatriotebenin.com\\\/index.php\\\/2025\\\/07\\\/23\\\/donald-trump-retire-a-nouveau-les-etats-unis-de-lunesco-reaction-de-la-directrice-generale-audrey-azoulay\\\/#article\",\"isPartOf\":{\"@id\":\"https:\\\/\\\/lepatriotebenin.com\\\/index.php\\\/2025\\\/07\\\/23\\\/donald-trump-retire-a-nouveau-les-etats-unis-de-lunesco-reaction-de-la-directrice-generale-audrey-azoulay\\\/\"},\"author\":{\"name\":\"Roland AFFANOU\",\"@id\":\"https:\\\/\\\/lepatriotebenin.com\\\/#\\\/schema\\\/person\\\/4a9b67216c97d04045e01405c534c91f\"},\"headline\":\"Donald Trump retire \u00e0 nouveau les \u00c9tats-Unis de l&rsquo;Unesco, r\u00e9action de la Directrice g\u00e9n\u00e9rale Audrey Azoulay\",\"datePublished\":\"2025-07-23T10:25:25+00:00\",\"mainEntityOfPage\":{\"@id\":\"https:\\\/\\\/lepatriotebenin.com\\\/index.php\\\/2025\\\/07\\\/23\\\/donald-trump-retire-a-nouveau-les-etats-unis-de-lunesco-reaction-de-la-directrice-generale-audrey-azoulay\\\/\"},\"wordCount\":1153,\"commentCount\":0,\"image\":{\"@id\":\"https:\\\/\\\/lepatriotebenin.com\\\/index.php\\\/2025\\\/07\\\/23\\\/donald-trump-retire-a-nouveau-les-etats-unis-de-lunesco-reaction-de-la-directrice-generale-audrey-azoulay\\\/#primaryimage\"},\"thumbnailUrl\":\"https:\\\/\\\/lepatriotebenin.com\\\/wp-content\\\/uploads\\\/2025\\\/07\\\/unesco.jpg\",\"articleSection\":[\"Soci\u00e9t\u00e9\"],\"inLanguage\":\"fr-FR\",\"potentialAction\":[{\"@type\":\"CommentAction\",\"name\":\"Comment\",\"target\":[\"https:\\\/\\\/lepatriotebenin.com\\\/index.php\\\/2025\\\/07\\\/23\\\/donald-trump-retire-a-nouveau-les-etats-unis-de-lunesco-reaction-de-la-directrice-generale-audrey-azoulay\\\/#respond\"]}]},{\"@type\":\"WebPage\",\"@id\":\"https:\\\/\\\/lepatriotebenin.com\\\/index.php\\\/2025\\\/07\\\/23\\\/donald-trump-retire-a-nouveau-les-etats-unis-de-lunesco-reaction-de-la-directrice-generale-audrey-azoulay\\\/\",\"url\":\"https:\\\/\\\/lepatriotebenin.com\\\/index.php\\\/2025\\\/07\\\/23\\\/donald-trump-retire-a-nouveau-les-etats-unis-de-lunesco-reaction-de-la-directrice-generale-audrey-azoulay\\\/\",\"name\":\"Donald Trump retire \u00e0 nouveau les \u00c9tats-Unis de l'Unesco, r\u00e9action de la Directrice g\u00e9n\u00e9rale Audrey Azoulay - Le Patriote\",\"isPartOf\":{\"@id\":\"https:\\\/\\\/lepatriotebenin.com\\\/#website\"},\"primaryImageOfPage\":{\"@id\":\"https:\\\/\\\/lepatriotebenin.com\\\/index.php\\\/2025\\\/07\\\/23\\\/donald-trump-retire-a-nouveau-les-etats-unis-de-lunesco-reaction-de-la-directrice-generale-audrey-azoulay\\\/#primaryimage\"},\"image\":{\"@id\":\"https:\\\/\\\/lepatriotebenin.com\\\/index.php\\\/2025\\\/07\\\/23\\\/donald-trump-retire-a-nouveau-les-etats-unis-de-lunesco-reaction-de-la-directrice-generale-audrey-azoulay\\\/#primaryimage\"},\"thumbnailUrl\":\"https:\\\/\\\/lepatriotebenin.com\\\/wp-content\\\/uploads\\\/2025\\\/07\\\/unesco.jpg\",\"datePublished\":\"2025-07-23T10:25:25+00:00\",\"author\":{\"@id\":\"https:\\\/\\\/lepatriotebenin.com\\\/#\\\/schema\\\/person\\\/4a9b67216c97d04045e01405c534c91f\"},\"breadcrumb\":{\"@id\":\"https:\\\/\\\/lepatriotebenin.com\\\/index.php\\\/2025\\\/07\\\/23\\\/donald-trump-retire-a-nouveau-les-etats-unis-de-lunesco-reaction-de-la-directrice-generale-audrey-azoulay\\\/#breadcrumb\"},\"inLanguage\":\"fr-FR\",\"potentialAction\":[{\"@type\":\"ReadAction\",\"target\":[\"https:\\\/\\\/lepatriotebenin.com\\\/index.php\\\/2025\\\/07\\\/23\\\/donald-trump-retire-a-nouveau-les-etats-unis-de-lunesco-reaction-de-la-directrice-generale-audrey-azoulay\\\/\"]}]},{\"@type\":\"ImageObject\",\"inLanguage\":\"fr-FR\",\"@id\":\"https:\\\/\\\/lepatriotebenin.com\\\/index.php\\\/2025\\\/07\\\/23\\\/donald-trump-retire-a-nouveau-les-etats-unis-de-lunesco-reaction-de-la-directrice-generale-audrey-azoulay\\\/#primaryimage\",\"url\":\"https:\\\/\\\/lepatriotebenin.com\\\/wp-content\\\/uploads\\\/2025\\\/07\\\/unesco.jpg\",\"contentUrl\":\"https:\\\/\\\/lepatriotebenin.com\\\/wp-content\\\/uploads\\\/2025\\\/07\\\/unesco.jpg\",\"width\":1536,\"height\":864},{\"@type\":\"BreadcrumbList\",\"@id\":\"https:\\\/\\\/lepatriotebenin.com\\\/index.php\\\/2025\\\/07\\\/23\\\/donald-trump-retire-a-nouveau-les-etats-unis-de-lunesco-reaction-de-la-directrice-generale-audrey-azoulay\\\/#breadcrumb\",\"itemListElement\":[{\"@type\":\"ListItem\",\"position\":1,\"name\":\"Accueil\",\"item\":\"https:\\\/\\\/lepatriotebenin.com\\\/\"},{\"@type\":\"ListItem\",\"position\":2,\"name\":\"Donald Trump retire \u00e0 nouveau les \u00c9tats-Unis de l&rsquo;Unesco, r\u00e9action de la Directrice g\u00e9n\u00e9rale Audrey Azoulay\"}]},{\"@type\":\"WebSite\",\"@id\":\"https:\\\/\\\/lepatriotebenin.com\\\/#website\",\"url\":\"https:\\\/\\\/lepatriotebenin.com\\\/\",\"name\":\"Le Patriote\",\"description\":\"Le Patriote B\u00e9nin\",\"potentialAction\":[{\"@type\":\"SearchAction\",\"target\":{\"@type\":\"EntryPoint\",\"urlTemplate\":\"https:\\\/\\\/lepatriotebenin.com\\\/?s={search_term_string}\"},\"query-input\":{\"@type\":\"PropertyValueSpecification\",\"valueRequired\":true,\"valueName\":\"search_term_string\"}}],\"inLanguage\":\"fr-FR\"},{\"@type\":\"Person\",\"@id\":\"https:\\\/\\\/lepatriotebenin.com\\\/#\\\/schema\\\/person\\\/4a9b67216c97d04045e01405c534c91f\",\"name\":\"Roland AFFANOU\",\"image\":{\"@type\":\"ImageObject\",\"inLanguage\":\"fr-FR\",\"@id\":\"https:\\\/\\\/secure.gravatar.com\\\/avatar\\\/7209d3f6d2d47ea4d0c67e14d3effb61feb10ae540a4381280c66265de5bd643?s=96&d=mm&r=g\",\"url\":\"https:\\\/\\\/secure.gravatar.com\\\/avatar\\\/7209d3f6d2d47ea4d0c67e14d3effb61feb10ae540a4381280c66265de5bd643?s=96&d=mm&r=g\",\"contentUrl\":\"https:\\\/\\\/secure.gravatar.com\\\/avatar\\\/7209d3f6d2d47ea4d0c67e14d3effb61feb10ae540a4381280c66265de5bd643?s=96&d=mm&r=g\",\"caption\":\"Roland AFFANOU\"},\"url\":\"https:\\\/\\\/lepatriotebenin.com\"}]}<\/script>\n<!-- \/ Yoast SEO plugin. -->","yoast_head_json":{"title":"Donald Trump retire \u00e0 nouveau les \u00c9tats-Unis de l'Unesco, r\u00e9action de la Directrice g\u00e9n\u00e9rale Audrey Azoulay - Le Patriote","robots":{"index":"index","follow":"follow","max-snippet":"max-snippet:-1","max-image-preview":"max-image-preview:large","max-video-preview":"max-video-preview:-1"},"canonical":"https:\/\/lepatriotebenin.com\/index.php\/2025\/07\/23\/donald-trump-retire-a-nouveau-les-etats-unis-de-lunesco-reaction-de-la-directrice-generale-audrey-azoulay\/","og_locale":"fr_FR","og_type":"article","og_title":"Donald Trump retire \u00e0 nouveau les \u00c9tats-Unis de l'Unesco, r\u00e9action de la Directrice g\u00e9n\u00e9rale Audrey Azoulay - Le Patriote","og_description":"Le pr\u00e9sident Donald Trump a d\u00e9cid\u00e9 de retirer les \u00c9tats-Unis de l&rsquo;Organisation des Nations Unies pour l&rsquo;\u00e9ducation, la science et la culture (Unesco), deux ans seulement apr\u00e8s l&rsquo;avoir r\u00e9int\u00e9gr\u00e9e.. Les&hellip;","og_url":"https:\/\/lepatriotebenin.com\/index.php\/2025\/07\/23\/donald-trump-retire-a-nouveau-les-etats-unis-de-lunesco-reaction-de-la-directrice-generale-audrey-azoulay\/","og_site_name":"Le Patriote","article_published_time":"2025-07-23T10:25:25+00:00","og_image":[{"width":1536,"height":864,"url":"https:\/\/lepatriotebenin.com\/wp-content\/uploads\/2025\/07\/unesco.jpg","type":"image\/jpeg"}],"author":"Roland AFFANOU","twitter_card":"summary_large_image","twitter_misc":{"\u00c9crit par":"Roland AFFANOU","Dur\u00e9e de lecture estim\u00e9e":"6 minutes"},"schema":{"@context":"https:\/\/schema.org","@graph":[{"@type":"Article","@id":"https:\/\/lepatriotebenin.com\/index.php\/2025\/07\/23\/donald-trump-retire-a-nouveau-les-etats-unis-de-lunesco-reaction-de-la-directrice-generale-audrey-azoulay\/#article","isPartOf":{"@id":"https:\/\/lepatriotebenin.com\/index.php\/2025\/07\/23\/donald-trump-retire-a-nouveau-les-etats-unis-de-lunesco-reaction-de-la-directrice-generale-audrey-azoulay\/"},"author":{"name":"Roland AFFANOU","@id":"https:\/\/lepatriotebenin.com\/#\/schema\/person\/4a9b67216c97d04045e01405c534c91f"},"headline":"Donald Trump retire \u00e0 nouveau les \u00c9tats-Unis de l&rsquo;Unesco, r\u00e9action de la Directrice g\u00e9n\u00e9rale Audrey Azoulay","datePublished":"2025-07-23T10:25:25+00:00","mainEntityOfPage":{"@id":"https:\/\/lepatriotebenin.com\/index.php\/2025\/07\/23\/donald-trump-retire-a-nouveau-les-etats-unis-de-lunesco-reaction-de-la-directrice-generale-audrey-azoulay\/"},"wordCount":1153,"commentCount":0,"image":{"@id":"https:\/\/lepatriotebenin.com\/index.php\/2025\/07\/23\/donald-trump-retire-a-nouveau-les-etats-unis-de-lunesco-reaction-de-la-directrice-generale-audrey-azoulay\/#primaryimage"},"thumbnailUrl":"https:\/\/lepatriotebenin.com\/wp-content\/uploads\/2025\/07\/unesco.jpg","articleSection":["Soci\u00e9t\u00e9"],"inLanguage":"fr-FR","potentialAction":[{"@type":"CommentAction","name":"Comment","target":["https:\/\/lepatriotebenin.com\/index.php\/2025\/07\/23\/donald-trump-retire-a-nouveau-les-etats-unis-de-lunesco-reaction-de-la-directrice-generale-audrey-azoulay\/#respond"]}]},{"@type":"WebPage","@id":"https:\/\/lepatriotebenin.com\/index.php\/2025\/07\/23\/donald-trump-retire-a-nouveau-les-etats-unis-de-lunesco-reaction-de-la-directrice-generale-audrey-azoulay\/","url":"https:\/\/lepatriotebenin.com\/index.php\/2025\/07\/23\/donald-trump-retire-a-nouveau-les-etats-unis-de-lunesco-reaction-de-la-directrice-generale-audrey-azoulay\/","name":"Donald Trump retire \u00e0 nouveau les \u00c9tats-Unis de l'Unesco, r\u00e9action de la Directrice g\u00e9n\u00e9rale Audrey Azoulay - Le Patriote","isPartOf":{"@id":"https:\/\/lepatriotebenin.com\/#website"},"primaryImageOfPage":{"@id":"https:\/\/lepatriotebenin.com\/index.php\/2025\/07\/23\/donald-trump-retire-a-nouveau-les-etats-unis-de-lunesco-reaction-de-la-directrice-generale-audrey-azoulay\/#primaryimage"},"image":{"@id":"https:\/\/lepatriotebenin.com\/index.php\/2025\/07\/23\/donald-trump-retire-a-nouveau-les-etats-unis-de-lunesco-reaction-de-la-directrice-generale-audrey-azoulay\/#primaryimage"},"thumbnailUrl":"https:\/\/lepatriotebenin.com\/wp-content\/uploads\/2025\/07\/unesco.jpg","datePublished":"2025-07-23T10:25:25+00:00","author":{"@id":"https:\/\/lepatriotebenin.com\/#\/schema\/person\/4a9b67216c97d04045e01405c534c91f"},"breadcrumb":{"@id":"https:\/\/lepatriotebenin.com\/index.php\/2025\/07\/23\/donald-trump-retire-a-nouveau-les-etats-unis-de-lunesco-reaction-de-la-directrice-generale-audrey-azoulay\/#breadcrumb"},"inLanguage":"fr-FR","potentialAction":[{"@type":"ReadAction","target":["https:\/\/lepatriotebenin.com\/index.php\/2025\/07\/23\/donald-trump-retire-a-nouveau-les-etats-unis-de-lunesco-reaction-de-la-directrice-generale-audrey-azoulay\/"]}]},{"@type":"ImageObject","inLanguage":"fr-FR","@id":"https:\/\/lepatriotebenin.com\/index.php\/2025\/07\/23\/donald-trump-retire-a-nouveau-les-etats-unis-de-lunesco-reaction-de-la-directrice-generale-audrey-azoulay\/#primaryimage","url":"https:\/\/lepatriotebenin.com\/wp-content\/uploads\/2025\/07\/unesco.jpg","contentUrl":"https:\/\/lepatriotebenin.com\/wp-content\/uploads\/2025\/07\/unesco.jpg","width":1536,"height":864},{"@type":"BreadcrumbList","@id":"https:\/\/lepatriotebenin.com\/index.php\/2025\/07\/23\/donald-trump-retire-a-nouveau-les-etats-unis-de-lunesco-reaction-de-la-directrice-generale-audrey-azoulay\/#breadcrumb","itemListElement":[{"@type":"ListItem","position":1,"name":"Accueil","item":"https:\/\/lepatriotebenin.com\/"},{"@type":"ListItem","position":2,"name":"Donald Trump retire \u00e0 nouveau les \u00c9tats-Unis de l&rsquo;Unesco, r\u00e9action de la Directrice g\u00e9n\u00e9rale Audrey Azoulay"}]},{"@type":"WebSite","@id":"https:\/\/lepatriotebenin.com\/#website","url":"https:\/\/lepatriotebenin.com\/","name":"Le Patriote","description":"Le Patriote B\u00e9nin","potentialAction":[{"@type":"SearchAction","target":{"@type":"EntryPoint","urlTemplate":"https:\/\/lepatriotebenin.com\/?s={search_term_string}"},"query-input":{"@type":"PropertyValueSpecification","valueRequired":true,"valueName":"search_term_string"}}],"inLanguage":"fr-FR"},{"@type":"Person","@id":"https:\/\/lepatriotebenin.com\/#\/schema\/person\/4a9b67216c97d04045e01405c534c91f","name":"Roland AFFANOU","image":{"@type":"ImageObject","inLanguage":"fr-FR","@id":"https:\/\/secure.gravatar.com\/avatar\/7209d3f6d2d47ea4d0c67e14d3effb61feb10ae540a4381280c66265de5bd643?s=96&d=mm&r=g","url":"https:\/\/secure.gravatar.com\/avatar\/7209d3f6d2d47ea4d0c67e14d3effb61feb10ae540a4381280c66265de5bd643?s=96&d=mm&r=g","contentUrl":"https:\/\/secure.gravatar.com\/avatar\/7209d3f6d2d47ea4d0c67e14d3effb61feb10ae540a4381280c66265de5bd643?s=96&d=mm&r=g","caption":"Roland AFFANOU"},"url":"https:\/\/lepatriotebenin.com"}]}},"_links":{"self":[{"href":"https:\/\/lepatriotebenin.com\/index.php\/wp-json\/wp\/v2\/posts\/12314","targetHints":{"allow":["GET"]}}],"collection":[{"href":"https:\/\/lepatriotebenin.com\/index.php\/wp-json\/wp\/v2\/posts"}],"about":[{"href":"https:\/\/lepatriotebenin.com\/index.php\/wp-json\/wp\/v2\/types\/post"}],"author":[{"embeddable":true,"href":"https:\/\/lepatriotebenin.com\/index.php\/wp-json\/wp\/v2\/users\/6"}],"replies":[{"embeddable":true,"href":"https:\/\/lepatriotebenin.com\/index.php\/wp-json\/wp\/v2\/comments?post=12314"}],"version-history":[{"count":1,"href":"https:\/\/lepatriotebenin.com\/index.php\/wp-json\/wp\/v2\/posts\/12314\/revisions"}],"predecessor-version":[{"id":12316,"href":"https:\/\/lepatriotebenin.com\/index.php\/wp-json\/wp\/v2\/posts\/12314\/revisions\/12316"}],"wp:featuredmedia":[{"embeddable":true,"href":"https:\/\/lepatriotebenin.com\/index.php\/wp-json\/wp\/v2\/media\/12315"}],"wp:attachment":[{"href":"https:\/\/lepatriotebenin.com\/index.php\/wp-json\/wp\/v2\/media?parent=12314"}],"wp:term":[{"taxonomy":"category","embeddable":true,"href":"https:\/\/lepatriotebenin.com\/index.php\/wp-json\/wp\/v2\/categories?post=12314"},{"taxonomy":"post_tag","embeddable":true,"href":"https:\/\/lepatriotebenin.com\/index.php\/wp-json\/wp\/v2\/tags?post=12314"}],"curies":[{"name":"wp","href":"https:\/\/api.w.org\/{rel}","templated":true}]}}