{"id":12311,"date":"2025-07-23T03:02:11","date_gmt":"2025-07-23T01:02:11","guid":{"rendered":"https:\/\/lepatriotebenin.com\/?p=12311"},"modified":"2025-07-23T03:02:11","modified_gmt":"2025-07-23T01:02:11","slug":"climat-de-peur-au-benin-le-cadre-de-concertation-de-lopposition-lance-un-appel-a-talon","status":"publish","type":"post","link":"https:\/\/lepatriotebenin.com\/index.php\/2025\/07\/23\/climat-de-peur-au-benin-le-cadre-de-concertation-de-lopposition-lance-un-appel-a-talon\/","title":{"rendered":"Climat de peur au B\u00e9nin : Le cadre de concertation de l\u2019opposition lance un appel \u00e0 Talon"},"content":{"rendered":"<p><em><strong>A quelques jours de la comm\u00e9moration du 65\u00e8me anniversaire \u00e0 l\u2019accession\u00a0 du B\u00e9nin \u00e0 l\u2019ind\u00e9pendance et quelques mois des prochaines \u00e9lections g\u00e9n\u00e9rales, le cadre de concertation des forces politiques de l\u2019opposition se sent inquiet. A travers une conf\u00e9rence de presse donn\u00e9e hier mardi 22 juillet 2025 au si\u00e8ge du parti Les D\u00e9mocrates, il appelle le chef de l\u2019Etat \u00e0 mettre tout en \u0153uvre pour d\u00e9crisper l\u2019atmosph\u00e8re sociopolitique au B\u00e9nin.<\/strong><\/em><\/p>\n<p>Est-ce le dernier appel \u00e0 la raison\u00a0? Saisissant l\u2019opportunit\u00e9 de la comm\u00e9moration de l\u2019accession du B\u00e9nin \u00e0 la souverainet\u00e9 internationale, l\u2019opposition b\u00e9ninoise joue la carte de l\u2019apaisement. Elle se dit pr\u00e9occup\u00e9e par l\u2019ambiance sociopolitique caract\u00e9ris\u00e9e par la peur bleue et une anxi\u00e9t\u00e9 g\u00e9n\u00e9ralis\u00e9e \u00e0 travers tout le pays. Contexte oblige, beaucoup de B\u00e9ninois sont encore terrifi\u00e9s apr\u00e8s\u00a0 le rapt international organis\u00e9 conjointement avec la C\u00f4te d\u2019Ivoire qui a permis d\u2019enlever le journaliste Comlan Hugues Sossoukp\u00e8 \u00e0 Abidjan pour le conduire manu militari au B\u00e9nin. Cette comm\u00e9moration\u00a0 \u00e9tant la derni\u00e8re du\u00a0 Chef de l\u2019Etat, le cadre de concertation, par la voix de son porte-parole, Antoine Gu\u00e9dou, a lanc\u00e9 un vibrant appel au Pr\u00e9sident Patrice Talon. Selon cette organisation, cette comm\u00e9moration devrait \u00a0\u00eatre l\u2019occasion d\u2019un \u00ab\u00a0v\u00e9ritable rassemblement des filles et fils du B\u00e9nin autour d\u2019un id\u00e9al commun f\u00e9d\u00e9rateur et provoquer une r\u00e9conciliation de la nation avec elle-m\u00eame\u00a0\u00bb. C\u2019est pourquoi,\u00a0face aux inqui\u00e9tudes grandissantes, le Cadre de concertation lance \u00abun appel pressant au Pr\u00e9sident Patrice Talon afin qu\u2019il s\u2019engage r\u00e9solument \u00e0 faire les gestes utiles\u00a0: lib\u00e9ration des d\u00e9tenus politiques, retour des exil\u00e9s politiques, dialogue politique et dans la mesure du possible, assise nationale\u00a0\u00bb. Ceci, selon le cadre de concertation des forces politiques de l\u2019opposition, \u00ab\u00a0pour \u00eatre en phase avec la volont\u00e9 du peuple aux fins de donner un \u00e9clat particulier et susciter une adh\u00e9sion populaire\u00a0\u00bb.<\/p>\n<p><strong>Les inqui\u00e9tudes\u00a0 du cadre de concertation<\/strong><\/p>\n<p>Dans sa d\u00e9claration, le cadre de concertation des forces politiques de l\u2019opposition a accus\u00e9 le pouvoir en place\u00a0 d\u2019entretenir un climat de peur \u00e0 l\u2019approche du scrutin\u00a0 pr\u00e9sidentiel de 2026 .Il a d\u00e9nonc\u00e9 les restrictions des libert\u00e9s, les arrestations arbitraires et exils politiques. \u00ab\u00a0Nous sommes face \u00e0 une paup\u00e9risation exponentielle des populations de nos villes et campagnes, caus\u00e9e\u00a0\u00a0 par une mauvaise gouvernance\u00a0 et un siphonage des ressources publiques\u00a0\u00bb, a d\u00e9clar\u00e9\u00a0 le porte-parole du cadre de concertation des forces politiques de l\u2019opposition pointant du doigt. \u00ab\u00a0 les atteintes graves aux libert\u00e9s fondamentales\u00a0\u00bb et \u00ab\u00a0l\u2019\u00e9touffement de toute voix dissonante\u00a0\u00bb. Le porte-porale de ce cadre de concertation a, dans sa d\u00e9claration, \u00e9voqu\u00e9\u00a0 plusieurs cas r\u00e9cents de \u00abkidnappings politiques\u00a0\u00bb, citant notamment \u00a0Julien Kand\u00e9 Kansou enlev\u00e9 \u00e0 son domicile, Steeve AMOUSSOU enlev\u00e9 au TOGO et Comlan Hugues Sossoukp\u00e8 interpell\u00e9 \u00a0en C\u00f4te d\u2019Ivoire.\u00a0 L\u2019opposition d\u00e9nonce\u00a0 \u00e9galement une \u00abr\u00e9pression violente\u00a0\u00bb,\u00a0 et visant les syndicats, les militants, en violations\u00a0 des lois de la R\u00e9publique et des conventions internationales.\u00a0\u00a0 Le rapport d\u2019Amnesty\u00a0 international publi\u00e9\u00a0 en avril 2025\u00a0 est venu\u00a0 renforcer les\u00a0 craintes de l\u2019opposition\u00a0 entre\u00a0 autres\u00a0 des d\u00e9tentions arbitraires\u00a0 et\u00a0 une\u00a0 restriction accrue\u00a0 de l\u2019espace civique au B\u00e9nin.\u00a0 \u00ab\u00a0 A chaque consultation \u00e9lectorale, nous assistons\u00a0 \u00e0 des vagues d\u2019emprisonnement\u00a0 et d\u2019exils, vidant le pays de ses forces vives\u00a0\u00bb, a insist\u00e9 le cadre de concertation.<\/p>\n<p>Antoine Gu\u00e9dou\u00a0 a par ailleurs appel\u00e9 \u00ab\u00a0le peuple \u00e0 se pr\u00e9parer pour\u00a0marquer \u00a0le\u00a0 pouvoir de\u00a0 la rupture \u00ab\u00a0\u00e0 la culote en se d\u00e9pla\u00e7ant massivement vers les urnes et en se d\u00e9ployant rigoureusement pour une surveillance de masse\u00a0\u00bb.<\/p>\n<p>&nbsp;<\/p>\n","protected":false},"excerpt":{"rendered":"<p>A quelques jours de la comm\u00e9moration du 65\u00e8me anniversaire \u00e0 l\u2019accession\u00a0 du B\u00e9nin \u00e0 l\u2019ind\u00e9pendance et quelques mois des prochaines \u00e9lections g\u00e9n\u00e9rales, le cadre de concertation des forces politiques de&hellip;<\/p>\n","protected":false},"author":6,"featured_media":12312,"comment_status":"open","ping_status":"open","sticky":false,"template":"","format":"standard","meta":{"content-type":"","om_disable_all_campaigns":false,"_monsterinsights_skip_tracking":false,"_monsterinsights_sitenote_active":false,"_monsterinsights_sitenote_note":"","_monsterinsights_sitenote_category":0,"_uf_show_specific_survey":0,"_uf_disable_surveys":false,"footnotes":""},"categories":[26],"tags":[],"class_list":["post-12311","post","type-post","status-publish","format-standard","has-post-thumbnail","hentry","category-politique"],"aioseo_notices":[],"yoast_head":"<!-- This site is optimized with the Yoast SEO plugin v27.5 - https:\/\/yoast.com\/product\/yoast-seo-wordpress\/ -->\n<title>Climat de peur au B\u00e9nin : Le cadre de concertation de l\u2019opposition lance un appel \u00e0 Talon - Le Patriote<\/title>\n<meta name=\"robots\" content=\"index, follow, max-snippet:-1, max-image-preview:large, max-video-preview:-1\" \/>\n<link rel=\"canonical\" href=\"https:\/\/lepatriotebenin.com\/index.php\/2025\/07\/23\/climat-de-peur-au-benin-le-cadre-de-concertation-de-lopposition-lance-un-appel-a-talon\/\" \/>\n<meta property=\"og:locale\" content=\"fr_FR\" \/>\n<meta property=\"og:type\" content=\"article\" \/>\n<meta property=\"og:title\" content=\"Climat de peur au B\u00e9nin : Le cadre de concertation de l\u2019opposition lance un appel \u00e0 Talon - Le Patriote\" \/>\n<meta property=\"og:description\" content=\"A quelques jours de la comm\u00e9moration du 65\u00e8me anniversaire \u00e0 l\u2019accession\u00a0 du B\u00e9nin \u00e0 l\u2019ind\u00e9pendance et quelques mois des prochaines \u00e9lections g\u00e9n\u00e9rales, le cadre de concertation des forces politiques de&hellip;\" \/>\n<meta property=\"og:url\" content=\"https:\/\/lepatriotebenin.com\/index.php\/2025\/07\/23\/climat-de-peur-au-benin-le-cadre-de-concertation-de-lopposition-lance-un-appel-a-talon\/\" \/>\n<meta property=\"og:site_name\" content=\"Le Patriote\" \/>\n<meta property=\"article:published_time\" content=\"2025-07-23T01:02:11+00:00\" \/>\n<meta property=\"og:image\" content=\"https:\/\/lepatriotebenin.com\/wp-content\/uploads\/2025\/07\/cadre.jpg\" \/>\n\t<meta property=\"og:image:width\" content=\"2560\" \/>\n\t<meta property=\"og:image:height\" content=\"1120\" \/>\n\t<meta property=\"og:image:type\" content=\"image\/jpeg\" \/>\n<meta name=\"author\" content=\"Roland AFFANOU\" \/>\n<meta name=\"twitter:card\" content=\"summary_large_image\" \/>\n<meta name=\"twitter:label1\" content=\"\u00c9crit par\" \/>\n\t<meta name=\"twitter:data1\" content=\"Roland AFFANOU\" \/>\n\t<meta name=\"twitter:label2\" content=\"Dur\u00e9e de lecture estim\u00e9e\" \/>\n\t<meta name=\"twitter:data2\" content=\"4 minutes\" \/>\n<script type=\"application\/ld+json\" class=\"yoast-schema-graph\">{\"@context\":\"https:\\\/\\\/schema.org\",\"@graph\":[{\"@type\":\"Article\",\"@id\":\"https:\\\/\\\/lepatriotebenin.com\\\/index.php\\\/2025\\\/07\\\/23\\\/climat-de-peur-au-benin-le-cadre-de-concertation-de-lopposition-lance-un-appel-a-talon\\\/#article\",\"isPartOf\":{\"@id\":\"https:\\\/\\\/lepatriotebenin.com\\\/index.php\\\/2025\\\/07\\\/23\\\/climat-de-peur-au-benin-le-cadre-de-concertation-de-lopposition-lance-un-appel-a-talon\\\/\"},\"author\":{\"name\":\"Roland AFFANOU\",\"@id\":\"https:\\\/\\\/lepatriotebenin.com\\\/#\\\/schema\\\/person\\\/4a9b67216c97d04045e01405c534c91f\"},\"headline\":\"Climat de peur au B\u00e9nin : Le cadre de concertation de l\u2019opposition lance un appel \u00e0 Talon\",\"datePublished\":\"2025-07-23T01:02:11+00:00\",\"mainEntityOfPage\":{\"@id\":\"https:\\\/\\\/lepatriotebenin.com\\\/index.php\\\/2025\\\/07\\\/23\\\/climat-de-peur-au-benin-le-cadre-de-concertation-de-lopposition-lance-un-appel-a-talon\\\/\"},\"wordCount\":649,\"commentCount\":0,\"image\":{\"@id\":\"https:\\\/\\\/lepatriotebenin.com\\\/index.php\\\/2025\\\/07\\\/23\\\/climat-de-peur-au-benin-le-cadre-de-concertation-de-lopposition-lance-un-appel-a-talon\\\/#primaryimage\"},\"thumbnailUrl\":\"https:\\\/\\\/lepatriotebenin.com\\\/wp-content\\\/uploads\\\/2025\\\/07\\\/cadre.jpg\",\"articleSection\":[\"Politique\"],\"inLanguage\":\"fr-FR\",\"potentialAction\":[{\"@type\":\"CommentAction\",\"name\":\"Comment\",\"target\":[\"https:\\\/\\\/lepatriotebenin.com\\\/index.php\\\/2025\\\/07\\\/23\\\/climat-de-peur-au-benin-le-cadre-de-concertation-de-lopposition-lance-un-appel-a-talon\\\/#respond\"]}]},{\"@type\":\"WebPage\",\"@id\":\"https:\\\/\\\/lepatriotebenin.com\\\/index.php\\\/2025\\\/07\\\/23\\\/climat-de-peur-au-benin-le-cadre-de-concertation-de-lopposition-lance-un-appel-a-talon\\\/\",\"url\":\"https:\\\/\\\/lepatriotebenin.com\\\/index.php\\\/2025\\\/07\\\/23\\\/climat-de-peur-au-benin-le-cadre-de-concertation-de-lopposition-lance-un-appel-a-talon\\\/\",\"name\":\"Climat de peur au B\u00e9nin : Le cadre de concertation de l\u2019opposition lance un appel \u00e0 Talon - Le Patriote\",\"isPartOf\":{\"@id\":\"https:\\\/\\\/lepatriotebenin.com\\\/#website\"},\"primaryImageOfPage\":{\"@id\":\"https:\\\/\\\/lepatriotebenin.com\\\/index.php\\\/2025\\\/07\\\/23\\\/climat-de-peur-au-benin-le-cadre-de-concertation-de-lopposition-lance-un-appel-a-talon\\\/#primaryimage\"},\"image\":{\"@id\":\"https:\\\/\\\/lepatriotebenin.com\\\/index.php\\\/2025\\\/07\\\/23\\\/climat-de-peur-au-benin-le-cadre-de-concertation-de-lopposition-lance-un-appel-a-talon\\\/#primaryimage\"},\"thumbnailUrl\":\"https:\\\/\\\/lepatriotebenin.com\\\/wp-content\\\/uploads\\\/2025\\\/07\\\/cadre.jpg\",\"datePublished\":\"2025-07-23T01:02:11+00:00\",\"author\":{\"@id\":\"https:\\\/\\\/lepatriotebenin.com\\\/#\\\/schema\\\/person\\\/4a9b67216c97d04045e01405c534c91f\"},\"breadcrumb\":{\"@id\":\"https:\\\/\\\/lepatriotebenin.com\\\/index.php\\\/2025\\\/07\\\/23\\\/climat-de-peur-au-benin-le-cadre-de-concertation-de-lopposition-lance-un-appel-a-talon\\\/#breadcrumb\"},\"inLanguage\":\"fr-FR\",\"potentialAction\":[{\"@type\":\"ReadAction\",\"target\":[\"https:\\\/\\\/lepatriotebenin.com\\\/index.php\\\/2025\\\/07\\\/23\\\/climat-de-peur-au-benin-le-cadre-de-concertation-de-lopposition-lance-un-appel-a-talon\\\/\"]}]},{\"@type\":\"ImageObject\",\"inLanguage\":\"fr-FR\",\"@id\":\"https:\\\/\\\/lepatriotebenin.com\\\/index.php\\\/2025\\\/07\\\/23\\\/climat-de-peur-au-benin-le-cadre-de-concertation-de-lopposition-lance-un-appel-a-talon\\\/#primaryimage\",\"url\":\"https:\\\/\\\/lepatriotebenin.com\\\/wp-content\\\/uploads\\\/2025\\\/07\\\/cadre.jpg\",\"contentUrl\":\"https:\\\/\\\/lepatriotebenin.com\\\/wp-content\\\/uploads\\\/2025\\\/07\\\/cadre.jpg\",\"width\":2560,\"height\":1120},{\"@type\":\"BreadcrumbList\",\"@id\":\"https:\\\/\\\/lepatriotebenin.com\\\/index.php\\\/2025\\\/07\\\/23\\\/climat-de-peur-au-benin-le-cadre-de-concertation-de-lopposition-lance-un-appel-a-talon\\\/#breadcrumb\",\"itemListElement\":[{\"@type\":\"ListItem\",\"position\":1,\"name\":\"Accueil\",\"item\":\"https:\\\/\\\/lepatriotebenin.com\\\/\"},{\"@type\":\"ListItem\",\"position\":2,\"name\":\"Climat de peur au B\u00e9nin : Le cadre de concertation de l\u2019opposition lance un appel \u00e0 Talon\"}]},{\"@type\":\"WebSite\",\"@id\":\"https:\\\/\\\/lepatriotebenin.com\\\/#website\",\"url\":\"https:\\\/\\\/lepatriotebenin.com\\\/\",\"name\":\"Le Patriote\",\"description\":\"Le Patriote B\u00e9nin\",\"potentialAction\":[{\"@type\":\"SearchAction\",\"target\":{\"@type\":\"EntryPoint\",\"urlTemplate\":\"https:\\\/\\\/lepatriotebenin.com\\\/?s={search_term_string}\"},\"query-input\":{\"@type\":\"PropertyValueSpecification\",\"valueRequired\":true,\"valueName\":\"search_term_string\"}}],\"inLanguage\":\"fr-FR\"},{\"@type\":\"Person\",\"@id\":\"https:\\\/\\\/lepatriotebenin.com\\\/#\\\/schema\\\/person\\\/4a9b67216c97d04045e01405c534c91f\",\"name\":\"Roland AFFANOU\",\"image\":{\"@type\":\"ImageObject\",\"inLanguage\":\"fr-FR\",\"@id\":\"https:\\\/\\\/secure.gravatar.com\\\/avatar\\\/7209d3f6d2d47ea4d0c67e14d3effb61feb10ae540a4381280c66265de5bd643?s=96&d=mm&r=g\",\"url\":\"https:\\\/\\\/secure.gravatar.com\\\/avatar\\\/7209d3f6d2d47ea4d0c67e14d3effb61feb10ae540a4381280c66265de5bd643?s=96&d=mm&r=g\",\"contentUrl\":\"https:\\\/\\\/secure.gravatar.com\\\/avatar\\\/7209d3f6d2d47ea4d0c67e14d3effb61feb10ae540a4381280c66265de5bd643?s=96&d=mm&r=g\",\"caption\":\"Roland AFFANOU\"},\"url\":\"https:\\\/\\\/lepatriotebenin.com\"}]}<\/script>\n<!-- \/ Yoast SEO plugin. -->","yoast_head_json":{"title":"Climat de peur au B\u00e9nin : Le cadre de concertation de l\u2019opposition lance un appel \u00e0 Talon - Le Patriote","robots":{"index":"index","follow":"follow","max-snippet":"max-snippet:-1","max-image-preview":"max-image-preview:large","max-video-preview":"max-video-preview:-1"},"canonical":"https:\/\/lepatriotebenin.com\/index.php\/2025\/07\/23\/climat-de-peur-au-benin-le-cadre-de-concertation-de-lopposition-lance-un-appel-a-talon\/","og_locale":"fr_FR","og_type":"article","og_title":"Climat de peur au B\u00e9nin : Le cadre de concertation de l\u2019opposition lance un appel \u00e0 Talon - Le Patriote","og_description":"A quelques jours de la comm\u00e9moration du 65\u00e8me anniversaire \u00e0 l\u2019accession\u00a0 du B\u00e9nin \u00e0 l\u2019ind\u00e9pendance et quelques mois des prochaines \u00e9lections g\u00e9n\u00e9rales, le cadre de concertation des forces politiques de&hellip;","og_url":"https:\/\/lepatriotebenin.com\/index.php\/2025\/07\/23\/climat-de-peur-au-benin-le-cadre-de-concertation-de-lopposition-lance-un-appel-a-talon\/","og_site_name":"Le Patriote","article_published_time":"2025-07-23T01:02:11+00:00","og_image":[{"width":2560,"height":1120,"url":"https:\/\/lepatriotebenin.com\/wp-content\/uploads\/2025\/07\/cadre.jpg","type":"image\/jpeg"}],"author":"Roland AFFANOU","twitter_card":"summary_large_image","twitter_misc":{"\u00c9crit par":"Roland AFFANOU","Dur\u00e9e de lecture estim\u00e9e":"4 minutes"},"schema":{"@context":"https:\/\/schema.org","@graph":[{"@type":"Article","@id":"https:\/\/lepatriotebenin.com\/index.php\/2025\/07\/23\/climat-de-peur-au-benin-le-cadre-de-concertation-de-lopposition-lance-un-appel-a-talon\/#article","isPartOf":{"@id":"https:\/\/lepatriotebenin.com\/index.php\/2025\/07\/23\/climat-de-peur-au-benin-le-cadre-de-concertation-de-lopposition-lance-un-appel-a-talon\/"},"author":{"name":"Roland AFFANOU","@id":"https:\/\/lepatriotebenin.com\/#\/schema\/person\/4a9b67216c97d04045e01405c534c91f"},"headline":"Climat de peur au B\u00e9nin : Le cadre de concertation de l\u2019opposition lance un appel \u00e0 Talon","datePublished":"2025-07-23T01:02:11+00:00","mainEntityOfPage":{"@id":"https:\/\/lepatriotebenin.com\/index.php\/2025\/07\/23\/climat-de-peur-au-benin-le-cadre-de-concertation-de-lopposition-lance-un-appel-a-talon\/"},"wordCount":649,"commentCount":0,"image":{"@id":"https:\/\/lepatriotebenin.com\/index.php\/2025\/07\/23\/climat-de-peur-au-benin-le-cadre-de-concertation-de-lopposition-lance-un-appel-a-talon\/#primaryimage"},"thumbnailUrl":"https:\/\/lepatriotebenin.com\/wp-content\/uploads\/2025\/07\/cadre.jpg","articleSection":["Politique"],"inLanguage":"fr-FR","potentialAction":[{"@type":"CommentAction","name":"Comment","target":["https:\/\/lepatriotebenin.com\/index.php\/2025\/07\/23\/climat-de-peur-au-benin-le-cadre-de-concertation-de-lopposition-lance-un-appel-a-talon\/#respond"]}]},{"@type":"WebPage","@id":"https:\/\/lepatriotebenin.com\/index.php\/2025\/07\/23\/climat-de-peur-au-benin-le-cadre-de-concertation-de-lopposition-lance-un-appel-a-talon\/","url":"https:\/\/lepatriotebenin.com\/index.php\/2025\/07\/23\/climat-de-peur-au-benin-le-cadre-de-concertation-de-lopposition-lance-un-appel-a-talon\/","name":"Climat de peur au B\u00e9nin : Le cadre de concertation de l\u2019opposition lance un appel \u00e0 Talon - Le Patriote","isPartOf":{"@id":"https:\/\/lepatriotebenin.com\/#website"},"primaryImageOfPage":{"@id":"https:\/\/lepatriotebenin.com\/index.php\/2025\/07\/23\/climat-de-peur-au-benin-le-cadre-de-concertation-de-lopposition-lance-un-appel-a-talon\/#primaryimage"},"image":{"@id":"https:\/\/lepatriotebenin.com\/index.php\/2025\/07\/23\/climat-de-peur-au-benin-le-cadre-de-concertation-de-lopposition-lance-un-appel-a-talon\/#primaryimage"},"thumbnailUrl":"https:\/\/lepatriotebenin.com\/wp-content\/uploads\/2025\/07\/cadre.jpg","datePublished":"2025-07-23T01:02:11+00:00","author":{"@id":"https:\/\/lepatriotebenin.com\/#\/schema\/person\/4a9b67216c97d04045e01405c534c91f"},"breadcrumb":{"@id":"https:\/\/lepatriotebenin.com\/index.php\/2025\/07\/23\/climat-de-peur-au-benin-le-cadre-de-concertation-de-lopposition-lance-un-appel-a-talon\/#breadcrumb"},"inLanguage":"fr-FR","potentialAction":[{"@type":"ReadAction","target":["https:\/\/lepatriotebenin.com\/index.php\/2025\/07\/23\/climat-de-peur-au-benin-le-cadre-de-concertation-de-lopposition-lance-un-appel-a-talon\/"]}]},{"@type":"ImageObject","inLanguage":"fr-FR","@id":"https:\/\/lepatriotebenin.com\/index.php\/2025\/07\/23\/climat-de-peur-au-benin-le-cadre-de-concertation-de-lopposition-lance-un-appel-a-talon\/#primaryimage","url":"https:\/\/lepatriotebenin.com\/wp-content\/uploads\/2025\/07\/cadre.jpg","contentUrl":"https:\/\/lepatriotebenin.com\/wp-content\/uploads\/2025\/07\/cadre.jpg","width":2560,"height":1120},{"@type":"BreadcrumbList","@id":"https:\/\/lepatriotebenin.com\/index.php\/2025\/07\/23\/climat-de-peur-au-benin-le-cadre-de-concertation-de-lopposition-lance-un-appel-a-talon\/#breadcrumb","itemListElement":[{"@type":"ListItem","position":1,"name":"Accueil","item":"https:\/\/lepatriotebenin.com\/"},{"@type":"ListItem","position":2,"name":"Climat de peur au B\u00e9nin : Le cadre de concertation de l\u2019opposition lance un appel \u00e0 Talon"}]},{"@type":"WebSite","@id":"https:\/\/lepatriotebenin.com\/#website","url":"https:\/\/lepatriotebenin.com\/","name":"Le Patriote","description":"Le Patriote B\u00e9nin","potentialAction":[{"@type":"SearchAction","target":{"@type":"EntryPoint","urlTemplate":"https:\/\/lepatriotebenin.com\/?s={search_term_string}"},"query-input":{"@type":"PropertyValueSpecification","valueRequired":true,"valueName":"search_term_string"}}],"inLanguage":"fr-FR"},{"@type":"Person","@id":"https:\/\/lepatriotebenin.com\/#\/schema\/person\/4a9b67216c97d04045e01405c534c91f","name":"Roland AFFANOU","image":{"@type":"ImageObject","inLanguage":"fr-FR","@id":"https:\/\/secure.gravatar.com\/avatar\/7209d3f6d2d47ea4d0c67e14d3effb61feb10ae540a4381280c66265de5bd643?s=96&d=mm&r=g","url":"https:\/\/secure.gravatar.com\/avatar\/7209d3f6d2d47ea4d0c67e14d3effb61feb10ae540a4381280c66265de5bd643?s=96&d=mm&r=g","contentUrl":"https:\/\/secure.gravatar.com\/avatar\/7209d3f6d2d47ea4d0c67e14d3effb61feb10ae540a4381280c66265de5bd643?s=96&d=mm&r=g","caption":"Roland AFFANOU"},"url":"https:\/\/lepatriotebenin.com"}]}},"_links":{"self":[{"href":"https:\/\/lepatriotebenin.com\/index.php\/wp-json\/wp\/v2\/posts\/12311","targetHints":{"allow":["GET"]}}],"collection":[{"href":"https:\/\/lepatriotebenin.com\/index.php\/wp-json\/wp\/v2\/posts"}],"about":[{"href":"https:\/\/lepatriotebenin.com\/index.php\/wp-json\/wp\/v2\/types\/post"}],"author":[{"embeddable":true,"href":"https:\/\/lepatriotebenin.com\/index.php\/wp-json\/wp\/v2\/users\/6"}],"replies":[{"embeddable":true,"href":"https:\/\/lepatriotebenin.com\/index.php\/wp-json\/wp\/v2\/comments?post=12311"}],"version-history":[{"count":1,"href":"https:\/\/lepatriotebenin.com\/index.php\/wp-json\/wp\/v2\/posts\/12311\/revisions"}],"predecessor-version":[{"id":12313,"href":"https:\/\/lepatriotebenin.com\/index.php\/wp-json\/wp\/v2\/posts\/12311\/revisions\/12313"}],"wp:featuredmedia":[{"embeddable":true,"href":"https:\/\/lepatriotebenin.com\/index.php\/wp-json\/wp\/v2\/media\/12312"}],"wp:attachment":[{"href":"https:\/\/lepatriotebenin.com\/index.php\/wp-json\/wp\/v2\/media?parent=12311"}],"wp:term":[{"taxonomy":"category","embeddable":true,"href":"https:\/\/lepatriotebenin.com\/index.php\/wp-json\/wp\/v2\/categories?post=12311"},{"taxonomy":"post_tag","embeddable":true,"href":"https:\/\/lepatriotebenin.com\/index.php\/wp-json\/wp\/v2\/tags?post=12311"}],"curies":[{"name":"wp","href":"https:\/\/api.w.org\/{rel}","templated":true}]}}