{"id":12305,"date":"2025-07-23T02:49:06","date_gmt":"2025-07-23T00:49:06","guid":{"rendered":"https:\/\/lepatriotebenin.com\/?p=12305"},"modified":"2025-07-23T02:49:06","modified_gmt":"2025-07-23T00:49:06","slug":"le-codb-invite-les-beninois-a-des-manifestations-pacifiques-ce-jour","status":"publish","type":"post","link":"https:\/\/lepatriotebenin.com\/index.php\/2025\/07\/23\/le-codb-invite-les-beninois-a-des-manifestations-pacifiques-ce-jour\/","title":{"rendered":"Le CODB invite les B\u00e9ninois \u00e0 des manifestations pacifiques ce jour"},"content":{"rendered":"<p>Dans une\u00a0 d\u00e9claration rendue publique le <strong>18 juillet\u00a0 2025<\/strong> et sign\u00e9e de M<strong>e Aboubakar Baparap\u00e9\u00a0 et\u00a0\u00a0 Laurent M\u00e8tongnon<\/strong>, l\u2019Organisation Pour la D\u00e9fense des Droits de l\u2019Homme et des Peuples (ODHP), le Front Patriotique (FP), la Conf\u00e9d\u00e9ration Syndicale des Travailleurs du B\u00e9nin (CSTB), le Mouvement des Femmes pour la Libert\u00e9 et le Progr\u00e8s (MFLPP) et le Collectif des Organisations de la Jeunesse Patriotique, D\u00e9mocratique et Panafricaniste (CoJPP) r\u00e9unis au sein du Collectif des Organisations D\u00e9mocratiques du B\u00e9nin(CODB) \u00a0appelle\u00a0\u00ab \u00e0 une mobilisation g\u00e9n\u00e9rale \u00e0 travers tout le pays le mercredi 23 juillet 2025 \u00e0 partir de 12h00 jusqu\u2019\u00e0 15h00 \u00e0 travers des Manifestations Publiques Pacifiques (MPP)\u00a0\u00bb.<\/p>\n<p>Ce\u00a0 collectif a\u00a0 relev\u00e9 qu\u2019 \u00abil s\u2019observe depuis quelques temps des actes de kidnapping de citoyens en violation des normes internationales, des libert\u00e9s \u00e9l\u00e9mentaires et de garantie de protections physique et morale\u00a0\u00bb. Il a cit\u00e9 par exemple le cas\u00a0 d\u2019enl\u00e8vement, entre autres,\u00a0 de Hugues Comlan Sossoukp\u00e8 en exil au Togo depuis 2019, Steeve Amoussou, Julien Kand\u00e9 Kansou, Ali Ishola Zulkifl et\u00a0 Chadrac Watow\u00e9d\u00e9 Houngnibo. Pour\u00a0 le CODB, \u00a0\u00abplus aucun citoyen, qu\u2019il r\u00e9side \u00e0 l\u2019int\u00e9rieur ou \u00e0 l\u2019ext\u00e9rieur du pays, n\u2019est d\u00e9sormais en s\u00e9curit\u00e9\u00a0\u00bb. \u00a0Il n\u2019a pas manqu\u00e9 de f\u00e9liciter \u00ab\u00a0 toutes les organisations et voix protestataires qui de partout ont \u00e9lev\u00e9 de vives protestations et condamn\u00e9 l\u2019enl\u00e8vement du journaliste Hugues Comlan Sossoukp\u00e8 et inviter \u00ab\u00a0 \u00e0 poursuivre les protestations partout et \u00e0 exiger la lib\u00e9ration imm\u00e9diate de Hugues Comlan SOSSOUKPE et de tous les d\u00e9tenus politiques qui peuplent actuellement les prisons du pays\u00a0\u00bb.<\/p>\n<p>Pour le\u00a0 Secr\u00e9taire g\u00e9n\u00e9ral de la CSTB, Kassa Mampo, \u00ab\u00a0partout o\u00f9 chacun se retrouve, il doit manifester contre les kidnappings et les arrestations politiques et exiger la lib\u00e9ration de Sossoukp\u00e8, tous les d\u00e9tenus politiques et le retour des exil\u00e9s politiques\u00a0\u00bb.<\/p>\n","protected":false},"excerpt":{"rendered":"<p>Dans une\u00a0 d\u00e9claration rendue publique le 18 juillet\u00a0 2025 et sign\u00e9e de Me Aboubakar Baparap\u00e9\u00a0 et\u00a0\u00a0 Laurent M\u00e8tongnon, l\u2019Organisation Pour la D\u00e9fense des Droits de l\u2019Homme et des Peuples (ODHP),&hellip;<\/p>\n","protected":false},"author":6,"featured_media":12306,"comment_status":"open","ping_status":"open","sticky":false,"template":"","format":"standard","meta":{"content-type":"","om_disable_all_campaigns":false,"_monsterinsights_skip_tracking":false,"_monsterinsights_sitenote_active":false,"_monsterinsights_sitenote_note":"","_monsterinsights_sitenote_category":0,"_uf_show_specific_survey":0,"_uf_disable_surveys":false,"footnotes":""},"categories":[20],"tags":[],"class_list":["post-12305","post","type-post","status-publish","format-standard","has-post-thumbnail","hentry","category-societe"],"aioseo_notices":[],"yoast_head":"<!-- This site is optimized with the Yoast SEO plugin v27.5 - https:\/\/yoast.com\/product\/yoast-seo-wordpress\/ -->\n<title>Le CODB invite les B\u00e9ninois \u00e0 des manifestations pacifiques ce jour - Le Patriote<\/title>\n<meta name=\"robots\" content=\"index, follow, max-snippet:-1, max-image-preview:large, max-video-preview:-1\" \/>\n<link rel=\"canonical\" href=\"https:\/\/lepatriotebenin.com\/index.php\/2025\/07\/23\/le-codb-invite-les-beninois-a-des-manifestations-pacifiques-ce-jour\/\" \/>\n<meta property=\"og:locale\" content=\"fr_FR\" \/>\n<meta property=\"og:type\" content=\"article\" \/>\n<meta property=\"og:title\" content=\"Le CODB invite les B\u00e9ninois \u00e0 des manifestations pacifiques ce jour - Le Patriote\" \/>\n<meta property=\"og:description\" content=\"Dans une\u00a0 d\u00e9claration rendue publique le 18 juillet\u00a0 2025 et sign\u00e9e de Me Aboubakar Baparap\u00e9\u00a0 et\u00a0\u00a0 Laurent M\u00e8tongnon, l\u2019Organisation Pour la D\u00e9fense des Droits de l\u2019Homme et des Peuples (ODHP),&hellip;\" \/>\n<meta property=\"og:url\" content=\"https:\/\/lepatriotebenin.com\/index.php\/2025\/07\/23\/le-codb-invite-les-beninois-a-des-manifestations-pacifiques-ce-jour\/\" \/>\n<meta property=\"og:site_name\" content=\"Le Patriote\" \/>\n<meta property=\"article:published_time\" content=\"2025-07-23T00:49:06+00:00\" \/>\n<meta property=\"og:image\" content=\"https:\/\/lepatriotebenin.com\/wp-content\/uploads\/2025\/07\/kassa-mampo.webp\" \/>\n\t<meta property=\"og:image:width\" content=\"800\" \/>\n\t<meta property=\"og:image:height\" content=\"455\" \/>\n\t<meta property=\"og:image:type\" content=\"image\/webp\" \/>\n<meta name=\"author\" content=\"Roland AFFANOU\" \/>\n<meta name=\"twitter:card\" content=\"summary_large_image\" \/>\n<meta name=\"twitter:label1\" content=\"\u00c9crit par\" \/>\n\t<meta name=\"twitter:data1\" content=\"Roland AFFANOU\" \/>\n\t<meta name=\"twitter:label2\" content=\"Dur\u00e9e de lecture estim\u00e9e\" \/>\n\t<meta name=\"twitter:data2\" content=\"2 minutes\" \/>\n<script type=\"application\/ld+json\" class=\"yoast-schema-graph\">{\"@context\":\"https:\\\/\\\/schema.org\",\"@graph\":[{\"@type\":\"Article\",\"@id\":\"https:\\\/\\\/lepatriotebenin.com\\\/index.php\\\/2025\\\/07\\\/23\\\/le-codb-invite-les-beninois-a-des-manifestations-pacifiques-ce-jour\\\/#article\",\"isPartOf\":{\"@id\":\"https:\\\/\\\/lepatriotebenin.com\\\/index.php\\\/2025\\\/07\\\/23\\\/le-codb-invite-les-beninois-a-des-manifestations-pacifiques-ce-jour\\\/\"},\"author\":{\"name\":\"Roland AFFANOU\",\"@id\":\"https:\\\/\\\/lepatriotebenin.com\\\/#\\\/schema\\\/person\\\/4a9b67216c97d04045e01405c534c91f\"},\"headline\":\"Le CODB invite les B\u00e9ninois \u00e0 des manifestations pacifiques ce jour\",\"datePublished\":\"2025-07-23T00:49:06+00:00\",\"mainEntityOfPage\":{\"@id\":\"https:\\\/\\\/lepatriotebenin.com\\\/index.php\\\/2025\\\/07\\\/23\\\/le-codb-invite-les-beninois-a-des-manifestations-pacifiques-ce-jour\\\/\"},\"wordCount\":328,\"commentCount\":0,\"image\":{\"@id\":\"https:\\\/\\\/lepatriotebenin.com\\\/index.php\\\/2025\\\/07\\\/23\\\/le-codb-invite-les-beninois-a-des-manifestations-pacifiques-ce-jour\\\/#primaryimage\"},\"thumbnailUrl\":\"https:\\\/\\\/lepatriotebenin.com\\\/wp-content\\\/uploads\\\/2025\\\/07\\\/kassa-mampo.webp\",\"articleSection\":[\"Soci\u00e9t\u00e9\"],\"inLanguage\":\"fr-FR\",\"potentialAction\":[{\"@type\":\"CommentAction\",\"name\":\"Comment\",\"target\":[\"https:\\\/\\\/lepatriotebenin.com\\\/index.php\\\/2025\\\/07\\\/23\\\/le-codb-invite-les-beninois-a-des-manifestations-pacifiques-ce-jour\\\/#respond\"]}]},{\"@type\":\"WebPage\",\"@id\":\"https:\\\/\\\/lepatriotebenin.com\\\/index.php\\\/2025\\\/07\\\/23\\\/le-codb-invite-les-beninois-a-des-manifestations-pacifiques-ce-jour\\\/\",\"url\":\"https:\\\/\\\/lepatriotebenin.com\\\/index.php\\\/2025\\\/07\\\/23\\\/le-codb-invite-les-beninois-a-des-manifestations-pacifiques-ce-jour\\\/\",\"name\":\"Le CODB invite les B\u00e9ninois \u00e0 des manifestations pacifiques ce jour - Le Patriote\",\"isPartOf\":{\"@id\":\"https:\\\/\\\/lepatriotebenin.com\\\/#website\"},\"primaryImageOfPage\":{\"@id\":\"https:\\\/\\\/lepatriotebenin.com\\\/index.php\\\/2025\\\/07\\\/23\\\/le-codb-invite-les-beninois-a-des-manifestations-pacifiques-ce-jour\\\/#primaryimage\"},\"image\":{\"@id\":\"https:\\\/\\\/lepatriotebenin.com\\\/index.php\\\/2025\\\/07\\\/23\\\/le-codb-invite-les-beninois-a-des-manifestations-pacifiques-ce-jour\\\/#primaryimage\"},\"thumbnailUrl\":\"https:\\\/\\\/lepatriotebenin.com\\\/wp-content\\\/uploads\\\/2025\\\/07\\\/kassa-mampo.webp\",\"datePublished\":\"2025-07-23T00:49:06+00:00\",\"author\":{\"@id\":\"https:\\\/\\\/lepatriotebenin.com\\\/#\\\/schema\\\/person\\\/4a9b67216c97d04045e01405c534c91f\"},\"breadcrumb\":{\"@id\":\"https:\\\/\\\/lepatriotebenin.com\\\/index.php\\\/2025\\\/07\\\/23\\\/le-codb-invite-les-beninois-a-des-manifestations-pacifiques-ce-jour\\\/#breadcrumb\"},\"inLanguage\":\"fr-FR\",\"potentialAction\":[{\"@type\":\"ReadAction\",\"target\":[\"https:\\\/\\\/lepatriotebenin.com\\\/index.php\\\/2025\\\/07\\\/23\\\/le-codb-invite-les-beninois-a-des-manifestations-pacifiques-ce-jour\\\/\"]}]},{\"@type\":\"ImageObject\",\"inLanguage\":\"fr-FR\",\"@id\":\"https:\\\/\\\/lepatriotebenin.com\\\/index.php\\\/2025\\\/07\\\/23\\\/le-codb-invite-les-beninois-a-des-manifestations-pacifiques-ce-jour\\\/#primaryimage\",\"url\":\"https:\\\/\\\/lepatriotebenin.com\\\/wp-content\\\/uploads\\\/2025\\\/07\\\/kassa-mampo.webp\",\"contentUrl\":\"https:\\\/\\\/lepatriotebenin.com\\\/wp-content\\\/uploads\\\/2025\\\/07\\\/kassa-mampo.webp\",\"width\":800,\"height\":455},{\"@type\":\"BreadcrumbList\",\"@id\":\"https:\\\/\\\/lepatriotebenin.com\\\/index.php\\\/2025\\\/07\\\/23\\\/le-codb-invite-les-beninois-a-des-manifestations-pacifiques-ce-jour\\\/#breadcrumb\",\"itemListElement\":[{\"@type\":\"ListItem\",\"position\":1,\"name\":\"Accueil\",\"item\":\"https:\\\/\\\/lepatriotebenin.com\\\/\"},{\"@type\":\"ListItem\",\"position\":2,\"name\":\"Le CODB invite les B\u00e9ninois \u00e0 des manifestations pacifiques ce jour\"}]},{\"@type\":\"WebSite\",\"@id\":\"https:\\\/\\\/lepatriotebenin.com\\\/#website\",\"url\":\"https:\\\/\\\/lepatriotebenin.com\\\/\",\"name\":\"Le Patriote\",\"description\":\"Le Patriote B\u00e9nin\",\"potentialAction\":[{\"@type\":\"SearchAction\",\"target\":{\"@type\":\"EntryPoint\",\"urlTemplate\":\"https:\\\/\\\/lepatriotebenin.com\\\/?s={search_term_string}\"},\"query-input\":{\"@type\":\"PropertyValueSpecification\",\"valueRequired\":true,\"valueName\":\"search_term_string\"}}],\"inLanguage\":\"fr-FR\"},{\"@type\":\"Person\",\"@id\":\"https:\\\/\\\/lepatriotebenin.com\\\/#\\\/schema\\\/person\\\/4a9b67216c97d04045e01405c534c91f\",\"name\":\"Roland AFFANOU\",\"image\":{\"@type\":\"ImageObject\",\"inLanguage\":\"fr-FR\",\"@id\":\"https:\\\/\\\/secure.gravatar.com\\\/avatar\\\/7209d3f6d2d47ea4d0c67e14d3effb61feb10ae540a4381280c66265de5bd643?s=96&d=mm&r=g\",\"url\":\"https:\\\/\\\/secure.gravatar.com\\\/avatar\\\/7209d3f6d2d47ea4d0c67e14d3effb61feb10ae540a4381280c66265de5bd643?s=96&d=mm&r=g\",\"contentUrl\":\"https:\\\/\\\/secure.gravatar.com\\\/avatar\\\/7209d3f6d2d47ea4d0c67e14d3effb61feb10ae540a4381280c66265de5bd643?s=96&d=mm&r=g\",\"caption\":\"Roland AFFANOU\"},\"url\":\"https:\\\/\\\/lepatriotebenin.com\"}]}<\/script>\n<!-- \/ Yoast SEO plugin. -->","yoast_head_json":{"title":"Le CODB invite les B\u00e9ninois \u00e0 des manifestations pacifiques ce jour - Le Patriote","robots":{"index":"index","follow":"follow","max-snippet":"max-snippet:-1","max-image-preview":"max-image-preview:large","max-video-preview":"max-video-preview:-1"},"canonical":"https:\/\/lepatriotebenin.com\/index.php\/2025\/07\/23\/le-codb-invite-les-beninois-a-des-manifestations-pacifiques-ce-jour\/","og_locale":"fr_FR","og_type":"article","og_title":"Le CODB invite les B\u00e9ninois \u00e0 des manifestations pacifiques ce jour - Le Patriote","og_description":"Dans une\u00a0 d\u00e9claration rendue publique le 18 juillet\u00a0 2025 et sign\u00e9e de Me Aboubakar Baparap\u00e9\u00a0 et\u00a0\u00a0 Laurent M\u00e8tongnon, l\u2019Organisation Pour la D\u00e9fense des Droits de l\u2019Homme et des Peuples (ODHP),&hellip;","og_url":"https:\/\/lepatriotebenin.com\/index.php\/2025\/07\/23\/le-codb-invite-les-beninois-a-des-manifestations-pacifiques-ce-jour\/","og_site_name":"Le Patriote","article_published_time":"2025-07-23T00:49:06+00:00","og_image":[{"width":800,"height":455,"url":"https:\/\/lepatriotebenin.com\/wp-content\/uploads\/2025\/07\/kassa-mampo.webp","type":"image\/webp"}],"author":"Roland AFFANOU","twitter_card":"summary_large_image","twitter_misc":{"\u00c9crit par":"Roland AFFANOU","Dur\u00e9e de lecture estim\u00e9e":"2 minutes"},"schema":{"@context":"https:\/\/schema.org","@graph":[{"@type":"Article","@id":"https:\/\/lepatriotebenin.com\/index.php\/2025\/07\/23\/le-codb-invite-les-beninois-a-des-manifestations-pacifiques-ce-jour\/#article","isPartOf":{"@id":"https:\/\/lepatriotebenin.com\/index.php\/2025\/07\/23\/le-codb-invite-les-beninois-a-des-manifestations-pacifiques-ce-jour\/"},"author":{"name":"Roland AFFANOU","@id":"https:\/\/lepatriotebenin.com\/#\/schema\/person\/4a9b67216c97d04045e01405c534c91f"},"headline":"Le CODB invite les B\u00e9ninois \u00e0 des manifestations pacifiques ce jour","datePublished":"2025-07-23T00:49:06+00:00","mainEntityOfPage":{"@id":"https:\/\/lepatriotebenin.com\/index.php\/2025\/07\/23\/le-codb-invite-les-beninois-a-des-manifestations-pacifiques-ce-jour\/"},"wordCount":328,"commentCount":0,"image":{"@id":"https:\/\/lepatriotebenin.com\/index.php\/2025\/07\/23\/le-codb-invite-les-beninois-a-des-manifestations-pacifiques-ce-jour\/#primaryimage"},"thumbnailUrl":"https:\/\/lepatriotebenin.com\/wp-content\/uploads\/2025\/07\/kassa-mampo.webp","articleSection":["Soci\u00e9t\u00e9"],"inLanguage":"fr-FR","potentialAction":[{"@type":"CommentAction","name":"Comment","target":["https:\/\/lepatriotebenin.com\/index.php\/2025\/07\/23\/le-codb-invite-les-beninois-a-des-manifestations-pacifiques-ce-jour\/#respond"]}]},{"@type":"WebPage","@id":"https:\/\/lepatriotebenin.com\/index.php\/2025\/07\/23\/le-codb-invite-les-beninois-a-des-manifestations-pacifiques-ce-jour\/","url":"https:\/\/lepatriotebenin.com\/index.php\/2025\/07\/23\/le-codb-invite-les-beninois-a-des-manifestations-pacifiques-ce-jour\/","name":"Le CODB invite les B\u00e9ninois \u00e0 des manifestations pacifiques ce jour - Le Patriote","isPartOf":{"@id":"https:\/\/lepatriotebenin.com\/#website"},"primaryImageOfPage":{"@id":"https:\/\/lepatriotebenin.com\/index.php\/2025\/07\/23\/le-codb-invite-les-beninois-a-des-manifestations-pacifiques-ce-jour\/#primaryimage"},"image":{"@id":"https:\/\/lepatriotebenin.com\/index.php\/2025\/07\/23\/le-codb-invite-les-beninois-a-des-manifestations-pacifiques-ce-jour\/#primaryimage"},"thumbnailUrl":"https:\/\/lepatriotebenin.com\/wp-content\/uploads\/2025\/07\/kassa-mampo.webp","datePublished":"2025-07-23T00:49:06+00:00","author":{"@id":"https:\/\/lepatriotebenin.com\/#\/schema\/person\/4a9b67216c97d04045e01405c534c91f"},"breadcrumb":{"@id":"https:\/\/lepatriotebenin.com\/index.php\/2025\/07\/23\/le-codb-invite-les-beninois-a-des-manifestations-pacifiques-ce-jour\/#breadcrumb"},"inLanguage":"fr-FR","potentialAction":[{"@type":"ReadAction","target":["https:\/\/lepatriotebenin.com\/index.php\/2025\/07\/23\/le-codb-invite-les-beninois-a-des-manifestations-pacifiques-ce-jour\/"]}]},{"@type":"ImageObject","inLanguage":"fr-FR","@id":"https:\/\/lepatriotebenin.com\/index.php\/2025\/07\/23\/le-codb-invite-les-beninois-a-des-manifestations-pacifiques-ce-jour\/#primaryimage","url":"https:\/\/lepatriotebenin.com\/wp-content\/uploads\/2025\/07\/kassa-mampo.webp","contentUrl":"https:\/\/lepatriotebenin.com\/wp-content\/uploads\/2025\/07\/kassa-mampo.webp","width":800,"height":455},{"@type":"BreadcrumbList","@id":"https:\/\/lepatriotebenin.com\/index.php\/2025\/07\/23\/le-codb-invite-les-beninois-a-des-manifestations-pacifiques-ce-jour\/#breadcrumb","itemListElement":[{"@type":"ListItem","position":1,"name":"Accueil","item":"https:\/\/lepatriotebenin.com\/"},{"@type":"ListItem","position":2,"name":"Le CODB invite les B\u00e9ninois \u00e0 des manifestations pacifiques ce jour"}]},{"@type":"WebSite","@id":"https:\/\/lepatriotebenin.com\/#website","url":"https:\/\/lepatriotebenin.com\/","name":"Le Patriote","description":"Le Patriote B\u00e9nin","potentialAction":[{"@type":"SearchAction","target":{"@type":"EntryPoint","urlTemplate":"https:\/\/lepatriotebenin.com\/?s={search_term_string}"},"query-input":{"@type":"PropertyValueSpecification","valueRequired":true,"valueName":"search_term_string"}}],"inLanguage":"fr-FR"},{"@type":"Person","@id":"https:\/\/lepatriotebenin.com\/#\/schema\/person\/4a9b67216c97d04045e01405c534c91f","name":"Roland AFFANOU","image":{"@type":"ImageObject","inLanguage":"fr-FR","@id":"https:\/\/secure.gravatar.com\/avatar\/7209d3f6d2d47ea4d0c67e14d3effb61feb10ae540a4381280c66265de5bd643?s=96&d=mm&r=g","url":"https:\/\/secure.gravatar.com\/avatar\/7209d3f6d2d47ea4d0c67e14d3effb61feb10ae540a4381280c66265de5bd643?s=96&d=mm&r=g","contentUrl":"https:\/\/secure.gravatar.com\/avatar\/7209d3f6d2d47ea4d0c67e14d3effb61feb10ae540a4381280c66265de5bd643?s=96&d=mm&r=g","caption":"Roland AFFANOU"},"url":"https:\/\/lepatriotebenin.com"}]}},"_links":{"self":[{"href":"https:\/\/lepatriotebenin.com\/index.php\/wp-json\/wp\/v2\/posts\/12305","targetHints":{"allow":["GET"]}}],"collection":[{"href":"https:\/\/lepatriotebenin.com\/index.php\/wp-json\/wp\/v2\/posts"}],"about":[{"href":"https:\/\/lepatriotebenin.com\/index.php\/wp-json\/wp\/v2\/types\/post"}],"author":[{"embeddable":true,"href":"https:\/\/lepatriotebenin.com\/index.php\/wp-json\/wp\/v2\/users\/6"}],"replies":[{"embeddable":true,"href":"https:\/\/lepatriotebenin.com\/index.php\/wp-json\/wp\/v2\/comments?post=12305"}],"version-history":[{"count":1,"href":"https:\/\/lepatriotebenin.com\/index.php\/wp-json\/wp\/v2\/posts\/12305\/revisions"}],"predecessor-version":[{"id":12307,"href":"https:\/\/lepatriotebenin.com\/index.php\/wp-json\/wp\/v2\/posts\/12305\/revisions\/12307"}],"wp:featuredmedia":[{"embeddable":true,"href":"https:\/\/lepatriotebenin.com\/index.php\/wp-json\/wp\/v2\/media\/12306"}],"wp:attachment":[{"href":"https:\/\/lepatriotebenin.com\/index.php\/wp-json\/wp\/v2\/media?parent=12305"}],"wp:term":[{"taxonomy":"category","embeddable":true,"href":"https:\/\/lepatriotebenin.com\/index.php\/wp-json\/wp\/v2\/categories?post=12305"},{"taxonomy":"post_tag","embeddable":true,"href":"https:\/\/lepatriotebenin.com\/index.php\/wp-json\/wp\/v2\/tags?post=12305"}],"curies":[{"name":"wp","href":"https:\/\/api.w.org\/{rel}","templated":true}]}}