{"id":12302,"date":"2025-07-23T02:40:41","date_gmt":"2025-07-23T00:40:41","guid":{"rendered":"https:\/\/lepatriotebenin.com\/?p=12302"},"modified":"2025-07-23T02:40:41","modified_gmt":"2025-07-23T00:40:41","slug":"entretien-avec-le-chanteur-tchadien-ngueta-allah-asko-alfred-ce-concert-va-au-dela-de-lartiste","status":"publish","type":"post","link":"https:\/\/lepatriotebenin.com\/index.php\/2025\/07\/23\/entretien-avec-le-chanteur-tchadien-ngueta-allah-asko-alfred-ce-concert-va-au-dela-de-lartiste\/","title":{"rendered":"Entretien avec le.chanteur.tchadien Ngueta Allah-Asko Alfred : \u00abCe concert va au-del\u00e0 de l&rsquo;artiste\u00bb"},"content":{"rendered":"<p><em><strong>A l\u2019\u00e9tat civil Ngueita Allah-Asko Alfred, l\u2019artiste chanteur Tchadien N2A Teguil se pr\u00e9pare activement, depuis un an, pour organiser un grand concert le 10 septembre 2025 dans la mythique salle du New Morning \u00e0 Paris. Artiste tr\u00e8s engag\u00e9 pour la d\u00e9fense du peuple, N2A Teguil, \u00a0au regard de son parcours musical, s\u2019est \u2019impos\u00e9 comme l\u2019une des voix\u00a0 les plus prometteuses de la nouvelle sc\u00e8ne tchadienne. En pr\u00e9lude \u00e0 cet \u00e9v\u00e8nement majeur, qui sans nul doute marquera un tournent d\u00e9cisif de sa carri\u00e8re, N2A Teguil fait un tour d\u2019horizon sur ce projet de concert, son featuring avec Tiken Jah Fakoly \u00a0et enfin le statut d\u2019artiste au Tchad. Interview.<\/strong><\/em><\/p>\n<p><strong>Avez-vous des projets qui vous tiennent \u00e0 c\u0153ur pour le Tchad ?<\/strong><\/p>\n<p>\u00ab\u00a0 Le projet le plus crucial pour moi en ce moment, c&rsquo;est le New Morning. C\u2019est une premi\u00e8re pour moi et pour mes fans. C&rsquo;est pour \u00e7a que je convie toute la communaut\u00e9 tchadienne de r\u00e9pondre\u00a0 pr\u00e9sent le 10 septembre prochain pour qu&rsquo;on prouve vraiment que nous aussi, on peut.\u00a0 Nous aussi, on peut valoriser ce qui nous appartient. \u00c7a va \u00eatre\u00a0 la c\u00e9l\u00e9bration d&rsquo;une identit\u00e9 celle qui\u00a0 va vendre notre musique\u00a0 \u00e0 l&rsquo;international et nous ouvrir des grandes salles pour la musique tchadienne.\u00bb<\/p>\n<p><strong>Pourquoi avez-vous choisi de faire votre concert dans la salle parisienne du New Morning ?<\/strong><\/p>\n<p>\u00ab\u00a0 Je\u00a0 dirais qu&rsquo;au-del\u00e0 d&rsquo;un concert, moi je pense que c&rsquo;est la c\u00e9l\u00e9bration de l&rsquo;identit\u00e9.\u00a0 C\u2019est \u00e9galement la valorisation d&rsquo;une culture .Ce concert a pris une connotation nationale.\u00a0 Parce que le th\u00e8me du concert, c&rsquo;est\u00a0 bien \u2018\u2019Un peuple, une voix, une culture\u2019\u2019. Le concert\u00a0 va au-del\u00e0 de ma petite personne de l&rsquo;artiste N2A. On essaie au fait d&rsquo;ouvrir la porte sur la sc\u00e8ne internationale pour les artistes tchadiens, pour la culture tchadienne. Raison pour laquelle, moi j&rsquo;ai aussi dit quelque part que tout tchadien doit s&rsquo;impliquer.\u00a0 Parce que c&rsquo;est aussi une mani\u00e8re de r\u00e9pondre pr\u00e9sent \u00e0 nos devoirs patriotiques et\u00a0 de dire que oui, nous aussi, on peut donner une autre image \u00e0 travers l&rsquo;art.\u00a0 Et j&rsquo;ai toujours dit, l\u00e0 o\u00f9 tous les moyens ont \u00e9chou\u00e9, l&rsquo;art r\u00e9ussit toujours. L\u00e0 o\u00f9 les politiques n&rsquo;ont pas r\u00e9ussi, l&rsquo;art r\u00e9ussit toujours. Ce grand rendez-vous, c&rsquo;est une grosse ouverture pour les artistes tchadiens et qu&rsquo;ensemble nous allons en fait se serrer les coudes et nous allons ensemble c\u00e9l\u00e9brer notre identit\u00e9, notre culture dans cette grande salle de New Morning \u00e0 Paris le 10 septembre prochain.\u00a0 Ensemble, nous pouvons porter ce combat et gagner ce d\u00e9fi car c\u2019est la premi\u00e8re fois que j&rsquo;ai pu arriver sur cette sc\u00e8ne internationale.\u00a0 C&rsquo;est notre drapeau bleu- jaune- rouge qui va au New Morning pour se faire repr\u00e9senter valablement \u00e0 travers sa culture, sa richesse et sa diversit\u00e9 culturelle.\u00a0\u00bb<\/p>\n<p><strong>Apr\u00e8s la sortie de ton single avec\u00a0 Tiken Jah Fakoly comment le grand public et les autorit\u00e9s ont r\u00e9agi au Tchad dans la mesure\u00a0 o\u00f9 tu as souvent eu des soucis avec ton engagement ton franc-parler ?\u00a0<\/strong><\/p>\n<p>\u00ab\u00a0 Le\u00a0 titre \u2018\u2019\u00a0C\u2019est dangereux\u2019\u2019. Il s\u2019agit d\u2019une\u00a0 reprise\u00a0 gr\u00e2ce \u00e0 la l\u00e9gende Tiken Jah Fakoly. Il faut avouer que \u00e7a a \u00e9t\u00e9 une b\u00e9n\u00e9diction, toute une \u00e9cole de vie ayant aussi boost\u00e9 ma carri\u00e8re et qui continue encore de faire son bonhomme de chemin. Le titre a \u00e9t\u00e9 vraiment accueilli par le mouvement tchadien et vous savez, que c&rsquo;est un titre qui parle de beaucoup de choses. Ce titre \u00e9voque nos r\u00e9alit\u00e9s et\u00a0 interpelle \u00e9galement nos dirigeants. Donc, vous voyez, nous qui essayons encore de dire haut ce que les gens ne pensent bas. Il y a toujours des barri\u00e8res, mais on se dit que c&rsquo;est des choses qu&rsquo;on sait d\u00e9j\u00e0. Nous titillons nos\u00a0 dirigeants par nos textes qu\u2019ils puissent faire usage et essayer d&rsquo;am\u00e9liorer leur fa\u00e7on de faire qui pourraient contribuer au bien-\u00eatre de nos populations. C&rsquo;est \u00e7a notre mission, le morceau a \u00e9t\u00e9 bien accueilli par les amoureux de la musique qui conscientisent et contribuent aux changements de mentalit\u00e9, \u00e0 une prise de conscience g\u00e9n\u00e9rale. Je\u00a0 profite \u00e9galement pour dire merci \u00e0 mon koro et l\u00e9gende Tiken Jah Fakoly. Le\u00a0 message est pass\u00e9, parce que je fais partie de ceux-l\u00e0 o\u00f9 j&rsquo;essaie de placer ma musique l\u00e0 o\u00f9 les oreilles doivent \u00eatre tendues et \u00e9cout\u00e9es pour que ce message puisse arriver \u00e0 destination. L\u00e0, la chanson a \u00e9t\u00e9 un succ\u00e8s \u00e9norme m\u00eame si \u00e7a s&rsquo;\u00e9coute comme de la drogue dans les salons. Merci encore\u00a0 \u00e0 Tiken Jah Fakoly qui a voulu vraiment donner un coup de pouce \u00e0 ce titre mais aussi tenir la main des jeunes fr\u00e8res qui vont prendre la rel\u00e8ve.\u00a0\u00bb<\/p>\n<p><strong>Est-ce qu\u2019on peut vivre de son art en tant qu\u2019artiste tchadien ?\u00a0\u00a0<\/strong><\/p>\n<p>\u00ab\u00a0Faire le m\u00e9tier d&rsquo;artiste en Afrique n&rsquo;est pas facile.\u00a0 Je pense qu\u2019\u00eatre artiste au Tchad d\u00e9j\u00e0 est un engagement. Donc les difficult\u00e9s doivent \u00eatre d\u00e9j\u00e0 quelque chose que l&rsquo;esprit doit \u00eatre pr\u00e9par\u00e9 pour les affronter. Le plus important, c&rsquo;est la d\u00e9termination car vivre de son art n&rsquo;est pas une chose facile au Tchad. Je dirais\u00a0 qu&rsquo;on est en\u00a0 chantier, doucement, avec le temps, avec l&rsquo;\u00e9nergie, avec la d\u00e9termination on arrivera \u00e0 nous faire comprendre.\u00a0 Nos autorit\u00e9s et tous ceux qui aiment la musique doivent comprendre l&rsquo;importance de ce que nous faisons. D\u00e8s lors qu&rsquo;ils vont comprendre l&rsquo;utilit\u00e9 de ce que nous faisons, je pense que tout peut aller normalement et comme il se doit. Donc maintenant, on est en train de travailler pour pouvoir montrer l&rsquo;importance de ce que nous faisons comme art. Et apr\u00e8s, se positionner pour que les gens puissent vraiment donner de la valeur \u00e0 ce que nous faisons. D\u00e8s que le public tchadien, le mouvement tchadien, la population tchadienne va s&rsquo;accorder et se dire que oui, ce qui vient de chez nous doit \u00eatre valoris\u00e9, je crois qu&rsquo;on va briser toutes les barri\u00e8res et on va se placer l\u00e0 o\u00f9 les autres ont d\u00e9j\u00e0 eu la chance de se placer sur l\u2019\u00e9chiquier continental.\u00bb<\/p>\n<p><strong>Quels conseils donneriez-vous aux jeunes fr\u00e8res et s\u0153urs qui ont d\u00e9cid\u00e9\u00a0 de suivre vos pas dans la musique?<\/strong><\/p>\n<p>\u00ab\u00a0Pour les plus jeunes qui viennent de commencer, moi je pense que s&rsquo;engager dans la musique, dans l&rsquo;art, c&rsquo;est d\u00e9j\u00e0 un engagement. Donc il y a des prix \u00e0 payer, il y a le courage, la pers\u00e9v\u00e9rance, la d\u00e9termination qui accompagne. Rien ne s&rsquo;obtient facilement, c&rsquo;est par le travail, par la pers\u00e9v\u00e9rance et la d\u00e9termination que tu arrives quand on a foi, c&rsquo;est d\u00e9j\u00e0 gagn\u00e9 d&rsquo;avance. Donc aux plus jeunes, soyez patients et travaillez fort pour vivre son r\u00eave et sa passion.\u00a0\u00bb<\/p>\n<p><strong>Propos recueillis par\u00a0 Mory Tour\u00e9<\/strong><\/p>\n","protected":false},"excerpt":{"rendered":"<p>A l\u2019\u00e9tat civil Ngueita Allah-Asko Alfred, l\u2019artiste chanteur Tchadien N2A Teguil se pr\u00e9pare activement, depuis un an, pour organiser un grand concert le 10 septembre 2025 dans la mythique salle&hellip;<\/p>\n","protected":false},"author":5,"featured_media":12303,"comment_status":"open","ping_status":"open","sticky":false,"template":"","format":"standard","meta":{"content-type":"","om_disable_all_campaigns":false,"_monsterinsights_skip_tracking":false,"_monsterinsights_sitenote_active":false,"_monsterinsights_sitenote_note":"","_monsterinsights_sitenote_category":0,"_uf_show_specific_survey":0,"_uf_disable_surveys":false,"footnotes":""},"categories":[29],"tags":[],"class_list":["post-12302","post","type-post","status-publish","format-standard","has-post-thumbnail","hentry","category-culture"],"aioseo_notices":[],"yoast_head":"<!-- This site is optimized with the Yoast SEO plugin v27.5 - https:\/\/yoast.com\/product\/yoast-seo-wordpress\/ -->\n<title>Entretien avec le.chanteur.tchadien Ngueta Allah-Asko Alfred : \u00abCe concert va au-del\u00e0 de l&#039;artiste\u00bb - Le Patriote<\/title>\n<meta name=\"robots\" content=\"index, follow, max-snippet:-1, max-image-preview:large, max-video-preview:-1\" \/>\n<link rel=\"canonical\" href=\"https:\/\/lepatriotebenin.com\/index.php\/2025\/07\/23\/entretien-avec-le-chanteur-tchadien-ngueta-allah-asko-alfred-ce-concert-va-au-dela-de-lartiste\/\" \/>\n<meta property=\"og:locale\" content=\"fr_FR\" \/>\n<meta property=\"og:type\" content=\"article\" \/>\n<meta property=\"og:title\" content=\"Entretien avec le.chanteur.tchadien Ngueta Allah-Asko Alfred : \u00abCe concert va au-del\u00e0 de l&#039;artiste\u00bb - Le Patriote\" \/>\n<meta property=\"og:description\" content=\"A l\u2019\u00e9tat civil Ngueita Allah-Asko Alfred, l\u2019artiste chanteur Tchadien N2A Teguil se pr\u00e9pare activement, depuis un an, pour organiser un grand concert le 10 septembre 2025 dans la mythique salle&hellip;\" \/>\n<meta property=\"og:url\" content=\"https:\/\/lepatriotebenin.com\/index.php\/2025\/07\/23\/entretien-avec-le-chanteur-tchadien-ngueta-allah-asko-alfred-ce-concert-va-au-dela-de-lartiste\/\" \/>\n<meta property=\"og:site_name\" content=\"Le Patriote\" \/>\n<meta property=\"article:published_time\" content=\"2025-07-23T00:40:41+00:00\" \/>\n<meta property=\"og:image\" content=\"https:\/\/lepatriotebenin.com\/wp-content\/uploads\/2025\/07\/whatsapp-image-2025-07-22-a-18-01-14-22216b89.jpg\" \/>\n\t<meta property=\"og:image:width\" content=\"1280\" \/>\n\t<meta property=\"og:image:height\" content=\"853\" \/>\n\t<meta property=\"og:image:type\" content=\"image\/jpeg\" \/>\n<meta name=\"author\" content=\"Redaction\" \/>\n<meta name=\"twitter:card\" content=\"summary_large_image\" \/>\n<meta name=\"twitter:label1\" content=\"\u00c9crit par\" \/>\n\t<meta name=\"twitter:data1\" content=\"Redaction\" \/>\n\t<meta name=\"twitter:label2\" content=\"Dur\u00e9e de lecture estim\u00e9e\" \/>\n\t<meta name=\"twitter:data2\" content=\"6 minutes\" \/>\n<script type=\"application\/ld+json\" class=\"yoast-schema-graph\">{\"@context\":\"https:\\\/\\\/schema.org\",\"@graph\":[{\"@type\":\"Article\",\"@id\":\"https:\\\/\\\/lepatriotebenin.com\\\/index.php\\\/2025\\\/07\\\/23\\\/entretien-avec-le-chanteur-tchadien-ngueta-allah-asko-alfred-ce-concert-va-au-dela-de-lartiste\\\/#article\",\"isPartOf\":{\"@id\":\"https:\\\/\\\/lepatriotebenin.com\\\/index.php\\\/2025\\\/07\\\/23\\\/entretien-avec-le-chanteur-tchadien-ngueta-allah-asko-alfred-ce-concert-va-au-dela-de-lartiste\\\/\"},\"author\":{\"name\":\"Redaction\",\"@id\":\"https:\\\/\\\/lepatriotebenin.com\\\/#\\\/schema\\\/person\\\/2e7709b9c9cc313e452d1136af61690f\"},\"headline\":\"Entretien avec le.chanteur.tchadien Ngueta Allah-Asko Alfred : \u00abCe concert va au-del\u00e0 de l&rsquo;artiste\u00bb\",\"datePublished\":\"2025-07-23T00:40:41+00:00\",\"mainEntityOfPage\":{\"@id\":\"https:\\\/\\\/lepatriotebenin.com\\\/index.php\\\/2025\\\/07\\\/23\\\/entretien-avec-le-chanteur-tchadien-ngueta-allah-asko-alfred-ce-concert-va-au-dela-de-lartiste\\\/\"},\"wordCount\":1214,\"commentCount\":0,\"image\":{\"@id\":\"https:\\\/\\\/lepatriotebenin.com\\\/index.php\\\/2025\\\/07\\\/23\\\/entretien-avec-le-chanteur-tchadien-ngueta-allah-asko-alfred-ce-concert-va-au-dela-de-lartiste\\\/#primaryimage\"},\"thumbnailUrl\":\"https:\\\/\\\/lepatriotebenin.com\\\/wp-content\\\/uploads\\\/2025\\\/07\\\/whatsapp-image-2025-07-22-a-18-01-14-22216b89.jpg\",\"articleSection\":[\"Culture\"],\"inLanguage\":\"fr-FR\",\"potentialAction\":[{\"@type\":\"CommentAction\",\"name\":\"Comment\",\"target\":[\"https:\\\/\\\/lepatriotebenin.com\\\/index.php\\\/2025\\\/07\\\/23\\\/entretien-avec-le-chanteur-tchadien-ngueta-allah-asko-alfred-ce-concert-va-au-dela-de-lartiste\\\/#respond\"]}]},{\"@type\":\"WebPage\",\"@id\":\"https:\\\/\\\/lepatriotebenin.com\\\/index.php\\\/2025\\\/07\\\/23\\\/entretien-avec-le-chanteur-tchadien-ngueta-allah-asko-alfred-ce-concert-va-au-dela-de-lartiste\\\/\",\"url\":\"https:\\\/\\\/lepatriotebenin.com\\\/index.php\\\/2025\\\/07\\\/23\\\/entretien-avec-le-chanteur-tchadien-ngueta-allah-asko-alfred-ce-concert-va-au-dela-de-lartiste\\\/\",\"name\":\"Entretien avec le.chanteur.tchadien Ngueta Allah-Asko Alfred : \u00abCe concert va au-del\u00e0 de l'artiste\u00bb - Le Patriote\",\"isPartOf\":{\"@id\":\"https:\\\/\\\/lepatriotebenin.com\\\/#website\"},\"primaryImageOfPage\":{\"@id\":\"https:\\\/\\\/lepatriotebenin.com\\\/index.php\\\/2025\\\/07\\\/23\\\/entretien-avec-le-chanteur-tchadien-ngueta-allah-asko-alfred-ce-concert-va-au-dela-de-lartiste\\\/#primaryimage\"},\"image\":{\"@id\":\"https:\\\/\\\/lepatriotebenin.com\\\/index.php\\\/2025\\\/07\\\/23\\\/entretien-avec-le-chanteur-tchadien-ngueta-allah-asko-alfred-ce-concert-va-au-dela-de-lartiste\\\/#primaryimage\"},\"thumbnailUrl\":\"https:\\\/\\\/lepatriotebenin.com\\\/wp-content\\\/uploads\\\/2025\\\/07\\\/whatsapp-image-2025-07-22-a-18-01-14-22216b89.jpg\",\"datePublished\":\"2025-07-23T00:40:41+00:00\",\"author\":{\"@id\":\"https:\\\/\\\/lepatriotebenin.com\\\/#\\\/schema\\\/person\\\/2e7709b9c9cc313e452d1136af61690f\"},\"breadcrumb\":{\"@id\":\"https:\\\/\\\/lepatriotebenin.com\\\/index.php\\\/2025\\\/07\\\/23\\\/entretien-avec-le-chanteur-tchadien-ngueta-allah-asko-alfred-ce-concert-va-au-dela-de-lartiste\\\/#breadcrumb\"},\"inLanguage\":\"fr-FR\",\"potentialAction\":[{\"@type\":\"ReadAction\",\"target\":[\"https:\\\/\\\/lepatriotebenin.com\\\/index.php\\\/2025\\\/07\\\/23\\\/entretien-avec-le-chanteur-tchadien-ngueta-allah-asko-alfred-ce-concert-va-au-dela-de-lartiste\\\/\"]}]},{\"@type\":\"ImageObject\",\"inLanguage\":\"fr-FR\",\"@id\":\"https:\\\/\\\/lepatriotebenin.com\\\/index.php\\\/2025\\\/07\\\/23\\\/entretien-avec-le-chanteur-tchadien-ngueta-allah-asko-alfred-ce-concert-va-au-dela-de-lartiste\\\/#primaryimage\",\"url\":\"https:\\\/\\\/lepatriotebenin.com\\\/wp-content\\\/uploads\\\/2025\\\/07\\\/whatsapp-image-2025-07-22-a-18-01-14-22216b89.jpg\",\"contentUrl\":\"https:\\\/\\\/lepatriotebenin.com\\\/wp-content\\\/uploads\\\/2025\\\/07\\\/whatsapp-image-2025-07-22-a-18-01-14-22216b89.jpg\",\"width\":1280,\"height\":853},{\"@type\":\"BreadcrumbList\",\"@id\":\"https:\\\/\\\/lepatriotebenin.com\\\/index.php\\\/2025\\\/07\\\/23\\\/entretien-avec-le-chanteur-tchadien-ngueta-allah-asko-alfred-ce-concert-va-au-dela-de-lartiste\\\/#breadcrumb\",\"itemListElement\":[{\"@type\":\"ListItem\",\"position\":1,\"name\":\"Accueil\",\"item\":\"https:\\\/\\\/lepatriotebenin.com\\\/\"},{\"@type\":\"ListItem\",\"position\":2,\"name\":\"Entretien avec le.chanteur.tchadien Ngueta Allah-Asko Alfred : \u00abCe concert va au-del\u00e0 de l&rsquo;artiste\u00bb\"}]},{\"@type\":\"WebSite\",\"@id\":\"https:\\\/\\\/lepatriotebenin.com\\\/#website\",\"url\":\"https:\\\/\\\/lepatriotebenin.com\\\/\",\"name\":\"Le Patriote\",\"description\":\"Le Patriote B\u00e9nin\",\"potentialAction\":[{\"@type\":\"SearchAction\",\"target\":{\"@type\":\"EntryPoint\",\"urlTemplate\":\"https:\\\/\\\/lepatriotebenin.com\\\/?s={search_term_string}\"},\"query-input\":{\"@type\":\"PropertyValueSpecification\",\"valueRequired\":true,\"valueName\":\"search_term_string\"}}],\"inLanguage\":\"fr-FR\"},{\"@type\":\"Person\",\"@id\":\"https:\\\/\\\/lepatriotebenin.com\\\/#\\\/schema\\\/person\\\/2e7709b9c9cc313e452d1136af61690f\",\"name\":\"Redaction\",\"image\":{\"@type\":\"ImageObject\",\"inLanguage\":\"fr-FR\",\"@id\":\"https:\\\/\\\/secure.gravatar.com\\\/avatar\\\/c4c509357859ea2ca2cbb6d8812898a73e4ef1ef9934c2e591d7e32face734d1?s=96&d=mm&r=g\",\"url\":\"https:\\\/\\\/secure.gravatar.com\\\/avatar\\\/c4c509357859ea2ca2cbb6d8812898a73e4ef1ef9934c2e591d7e32face734d1?s=96&d=mm&r=g\",\"contentUrl\":\"https:\\\/\\\/secure.gravatar.com\\\/avatar\\\/c4c509357859ea2ca2cbb6d8812898a73e4ef1ef9934c2e591d7e32face734d1?s=96&d=mm&r=g\",\"caption\":\"Redaction\"},\"url\":\"https:\\\/\\\/lepatriotebenin.com\"}]}<\/script>\n<!-- \/ Yoast SEO plugin. -->","yoast_head_json":{"title":"Entretien avec le.chanteur.tchadien Ngueta Allah-Asko Alfred : \u00abCe concert va au-del\u00e0 de l'artiste\u00bb - Le Patriote","robots":{"index":"index","follow":"follow","max-snippet":"max-snippet:-1","max-image-preview":"max-image-preview:large","max-video-preview":"max-video-preview:-1"},"canonical":"https:\/\/lepatriotebenin.com\/index.php\/2025\/07\/23\/entretien-avec-le-chanteur-tchadien-ngueta-allah-asko-alfred-ce-concert-va-au-dela-de-lartiste\/","og_locale":"fr_FR","og_type":"article","og_title":"Entretien avec le.chanteur.tchadien Ngueta Allah-Asko Alfred : \u00abCe concert va au-del\u00e0 de l'artiste\u00bb - Le Patriote","og_description":"A l\u2019\u00e9tat civil Ngueita Allah-Asko Alfred, l\u2019artiste chanteur Tchadien N2A Teguil se pr\u00e9pare activement, depuis un an, pour organiser un grand concert le 10 septembre 2025 dans la mythique salle&hellip;","og_url":"https:\/\/lepatriotebenin.com\/index.php\/2025\/07\/23\/entretien-avec-le-chanteur-tchadien-ngueta-allah-asko-alfred-ce-concert-va-au-dela-de-lartiste\/","og_site_name":"Le Patriote","article_published_time":"2025-07-23T00:40:41+00:00","og_image":[{"width":1280,"height":853,"url":"https:\/\/lepatriotebenin.com\/wp-content\/uploads\/2025\/07\/whatsapp-image-2025-07-22-a-18-01-14-22216b89.jpg","type":"image\/jpeg"}],"author":"Redaction","twitter_card":"summary_large_image","twitter_misc":{"\u00c9crit par":"Redaction","Dur\u00e9e de lecture estim\u00e9e":"6 minutes"},"schema":{"@context":"https:\/\/schema.org","@graph":[{"@type":"Article","@id":"https:\/\/lepatriotebenin.com\/index.php\/2025\/07\/23\/entretien-avec-le-chanteur-tchadien-ngueta-allah-asko-alfred-ce-concert-va-au-dela-de-lartiste\/#article","isPartOf":{"@id":"https:\/\/lepatriotebenin.com\/index.php\/2025\/07\/23\/entretien-avec-le-chanteur-tchadien-ngueta-allah-asko-alfred-ce-concert-va-au-dela-de-lartiste\/"},"author":{"name":"Redaction","@id":"https:\/\/lepatriotebenin.com\/#\/schema\/person\/2e7709b9c9cc313e452d1136af61690f"},"headline":"Entretien avec le.chanteur.tchadien Ngueta Allah-Asko Alfred : \u00abCe concert va au-del\u00e0 de l&rsquo;artiste\u00bb","datePublished":"2025-07-23T00:40:41+00:00","mainEntityOfPage":{"@id":"https:\/\/lepatriotebenin.com\/index.php\/2025\/07\/23\/entretien-avec-le-chanteur-tchadien-ngueta-allah-asko-alfred-ce-concert-va-au-dela-de-lartiste\/"},"wordCount":1214,"commentCount":0,"image":{"@id":"https:\/\/lepatriotebenin.com\/index.php\/2025\/07\/23\/entretien-avec-le-chanteur-tchadien-ngueta-allah-asko-alfred-ce-concert-va-au-dela-de-lartiste\/#primaryimage"},"thumbnailUrl":"https:\/\/lepatriotebenin.com\/wp-content\/uploads\/2025\/07\/whatsapp-image-2025-07-22-a-18-01-14-22216b89.jpg","articleSection":["Culture"],"inLanguage":"fr-FR","potentialAction":[{"@type":"CommentAction","name":"Comment","target":["https:\/\/lepatriotebenin.com\/index.php\/2025\/07\/23\/entretien-avec-le-chanteur-tchadien-ngueta-allah-asko-alfred-ce-concert-va-au-dela-de-lartiste\/#respond"]}]},{"@type":"WebPage","@id":"https:\/\/lepatriotebenin.com\/index.php\/2025\/07\/23\/entretien-avec-le-chanteur-tchadien-ngueta-allah-asko-alfred-ce-concert-va-au-dela-de-lartiste\/","url":"https:\/\/lepatriotebenin.com\/index.php\/2025\/07\/23\/entretien-avec-le-chanteur-tchadien-ngueta-allah-asko-alfred-ce-concert-va-au-dela-de-lartiste\/","name":"Entretien avec le.chanteur.tchadien Ngueta Allah-Asko Alfred : \u00abCe concert va au-del\u00e0 de l'artiste\u00bb - Le Patriote","isPartOf":{"@id":"https:\/\/lepatriotebenin.com\/#website"},"primaryImageOfPage":{"@id":"https:\/\/lepatriotebenin.com\/index.php\/2025\/07\/23\/entretien-avec-le-chanteur-tchadien-ngueta-allah-asko-alfred-ce-concert-va-au-dela-de-lartiste\/#primaryimage"},"image":{"@id":"https:\/\/lepatriotebenin.com\/index.php\/2025\/07\/23\/entretien-avec-le-chanteur-tchadien-ngueta-allah-asko-alfred-ce-concert-va-au-dela-de-lartiste\/#primaryimage"},"thumbnailUrl":"https:\/\/lepatriotebenin.com\/wp-content\/uploads\/2025\/07\/whatsapp-image-2025-07-22-a-18-01-14-22216b89.jpg","datePublished":"2025-07-23T00:40:41+00:00","author":{"@id":"https:\/\/lepatriotebenin.com\/#\/schema\/person\/2e7709b9c9cc313e452d1136af61690f"},"breadcrumb":{"@id":"https:\/\/lepatriotebenin.com\/index.php\/2025\/07\/23\/entretien-avec-le-chanteur-tchadien-ngueta-allah-asko-alfred-ce-concert-va-au-dela-de-lartiste\/#breadcrumb"},"inLanguage":"fr-FR","potentialAction":[{"@type":"ReadAction","target":["https:\/\/lepatriotebenin.com\/index.php\/2025\/07\/23\/entretien-avec-le-chanteur-tchadien-ngueta-allah-asko-alfred-ce-concert-va-au-dela-de-lartiste\/"]}]},{"@type":"ImageObject","inLanguage":"fr-FR","@id":"https:\/\/lepatriotebenin.com\/index.php\/2025\/07\/23\/entretien-avec-le-chanteur-tchadien-ngueta-allah-asko-alfred-ce-concert-va-au-dela-de-lartiste\/#primaryimage","url":"https:\/\/lepatriotebenin.com\/wp-content\/uploads\/2025\/07\/whatsapp-image-2025-07-22-a-18-01-14-22216b89.jpg","contentUrl":"https:\/\/lepatriotebenin.com\/wp-content\/uploads\/2025\/07\/whatsapp-image-2025-07-22-a-18-01-14-22216b89.jpg","width":1280,"height":853},{"@type":"BreadcrumbList","@id":"https:\/\/lepatriotebenin.com\/index.php\/2025\/07\/23\/entretien-avec-le-chanteur-tchadien-ngueta-allah-asko-alfred-ce-concert-va-au-dela-de-lartiste\/#breadcrumb","itemListElement":[{"@type":"ListItem","position":1,"name":"Accueil","item":"https:\/\/lepatriotebenin.com\/"},{"@type":"ListItem","position":2,"name":"Entretien avec le.chanteur.tchadien Ngueta Allah-Asko Alfred : \u00abCe concert va au-del\u00e0 de l&rsquo;artiste\u00bb"}]},{"@type":"WebSite","@id":"https:\/\/lepatriotebenin.com\/#website","url":"https:\/\/lepatriotebenin.com\/","name":"Le Patriote","description":"Le Patriote B\u00e9nin","potentialAction":[{"@type":"SearchAction","target":{"@type":"EntryPoint","urlTemplate":"https:\/\/lepatriotebenin.com\/?s={search_term_string}"},"query-input":{"@type":"PropertyValueSpecification","valueRequired":true,"valueName":"search_term_string"}}],"inLanguage":"fr-FR"},{"@type":"Person","@id":"https:\/\/lepatriotebenin.com\/#\/schema\/person\/2e7709b9c9cc313e452d1136af61690f","name":"Redaction","image":{"@type":"ImageObject","inLanguage":"fr-FR","@id":"https:\/\/secure.gravatar.com\/avatar\/c4c509357859ea2ca2cbb6d8812898a73e4ef1ef9934c2e591d7e32face734d1?s=96&d=mm&r=g","url":"https:\/\/secure.gravatar.com\/avatar\/c4c509357859ea2ca2cbb6d8812898a73e4ef1ef9934c2e591d7e32face734d1?s=96&d=mm&r=g","contentUrl":"https:\/\/secure.gravatar.com\/avatar\/c4c509357859ea2ca2cbb6d8812898a73e4ef1ef9934c2e591d7e32face734d1?s=96&d=mm&r=g","caption":"Redaction"},"url":"https:\/\/lepatriotebenin.com"}]}},"_links":{"self":[{"href":"https:\/\/lepatriotebenin.com\/index.php\/wp-json\/wp\/v2\/posts\/12302","targetHints":{"allow":["GET"]}}],"collection":[{"href":"https:\/\/lepatriotebenin.com\/index.php\/wp-json\/wp\/v2\/posts"}],"about":[{"href":"https:\/\/lepatriotebenin.com\/index.php\/wp-json\/wp\/v2\/types\/post"}],"author":[{"embeddable":true,"href":"https:\/\/lepatriotebenin.com\/index.php\/wp-json\/wp\/v2\/users\/5"}],"replies":[{"embeddable":true,"href":"https:\/\/lepatriotebenin.com\/index.php\/wp-json\/wp\/v2\/comments?post=12302"}],"version-history":[{"count":1,"href":"https:\/\/lepatriotebenin.com\/index.php\/wp-json\/wp\/v2\/posts\/12302\/revisions"}],"predecessor-version":[{"id":12304,"href":"https:\/\/lepatriotebenin.com\/index.php\/wp-json\/wp\/v2\/posts\/12302\/revisions\/12304"}],"wp:featuredmedia":[{"embeddable":true,"href":"https:\/\/lepatriotebenin.com\/index.php\/wp-json\/wp\/v2\/media\/12303"}],"wp:attachment":[{"href":"https:\/\/lepatriotebenin.com\/index.php\/wp-json\/wp\/v2\/media?parent=12302"}],"wp:term":[{"taxonomy":"category","embeddable":true,"href":"https:\/\/lepatriotebenin.com\/index.php\/wp-json\/wp\/v2\/categories?post=12302"},{"taxonomy":"post_tag","embeddable":true,"href":"https:\/\/lepatriotebenin.com\/index.php\/wp-json\/wp\/v2\/tags?post=12302"}],"curies":[{"name":"wp","href":"https:\/\/api.w.org\/{rel}","templated":true}]}}