{"id":12293,"date":"2025-07-23T02:16:04","date_gmt":"2025-07-23T00:16:04","guid":{"rendered":"https:\/\/lepatriotebenin.com\/?p=12293"},"modified":"2025-07-23T02:16:04","modified_gmt":"2025-07-23T00:16:04","slug":"liberte-dexpression-au-benin-renaud-agbodjo-denonce-un-recul-democratique-sous-couvert-de-regulation","status":"publish","type":"post","link":"https:\/\/lepatriotebenin.com\/index.php\/2025\/07\/23\/liberte-dexpression-au-benin-renaud-agbodjo-denonce-un-recul-democratique-sous-couvert-de-regulation\/","title":{"rendered":"Libert\u00e9 d&rsquo;expression au B\u00e9nin : Renaud Agbodjo d\u00e9nonce un recul d\u00e9mocratique sous couvert de r\u00e9gulation"},"content":{"rendered":"<p>&nbsp;<\/p>\n<p><strong>Invit\u00e9 sur le plateau de l\u2019\u00e9mission Dimanche C\u2019Politique diffus\u00e9e sur E-T\u00e9l\u00e9, Renaud Agbodjo, un analyste averti du paysage juridique et m\u00e9diatique b\u00e9ninois n\u2019a pas m\u00e2ch\u00e9 ses mots. Dans une prise de parole sans d\u00e9tour, il a vivement critiqu\u00e9 certaines d\u00e9rives observ\u00e9es depuis l\u2019entr\u00e9e en vigueur du Code du num\u00e9rique au B\u00e9nin. Pour lui, le B\u00e9nin a fortement r\u00e9gress\u00e9 en mati\u00e8re de libert\u00e9 de presse.<\/strong><\/p>\n<p>\u00ab\u00a0L&rsquo;expression libre sur les r\u00e9seaux sociaux a \u00e9t\u00e9 restreinte. Ce qui est un recul, une atteinte \u00e0 la libert\u00e9 d&rsquo;expression \u00ab\u00a0. Telle est la substance des dires de Renaud Agbodjo qui \u00e9tait l&rsquo;invit\u00e9 de l&rsquo;\u00e9mission Dimanche C&rsquo;politique sur E-t\u00e9l\u00e9.<\/p>\n<p>En effet, il estime que \u00ab\u00a0le vote du Code du num\u00e9rique, qui r\u00e9prime l\u2019infraction de harc\u00e8lement par voie \u00e9lectronique, constitue un recul, notamment en mati\u00e8re de libert\u00e9 d\u2019expression.\u00a0\u00bb C&rsquo;est dans cette logique qu&rsquo;il rappelle que bien avant cette l\u00e9gislation, le Code de la communication permettait d\u00e9j\u00e0 de r\u00e9primer des d\u00e9lits tels que la diffamation, tout en pr\u00e9servant les libert\u00e9s fondamentales. \u00ab\u00a0C\u2019est ce cadre juridique \u00e9quilibr\u00e9 qui avait permis au B\u00e9nin de figurer parmi les bons \u00e9l\u00e8ves en mati\u00e8re de libert\u00e9 de la presse\u00a0\u00bb, a-t-il soulign\u00e9.<\/p>\n<p>Par ailleurs, il a affirm\u00e9 \u00eatre en faveur d\u2019un encadrement l\u00e9gal des contenus num\u00e9riques. \u00ab\u00a0Oui \u00e0 la r\u00e9gulation, mais non \u00e0 la restriction\u00a0\u00bb, fait-il savoir. Il d\u00e9plore en revanche que la notion de r\u00e9gulation soit aujourd\u2019hui instrumentalis\u00e9e pour restreindre des voix dissidentes, notamment sur les r\u00e9seaux sociaux. \u00ab\u00a0La plupart des activistes poursuivis devant la CRIET, qu\u2019ils soient arr\u00eat\u00e9s au B\u00e9nin ou \u00e0 l\u2019\u00e9tranger, n\u2019ont jamais \u00e9t\u00e9 convoqu\u00e9s. Ils sont directement interpell\u00e9s, en violation du Code de proc\u00e9dure p\u00e9nale\u00a0\u00bb, a-t-il d\u00e9nonc\u00e9, rappelant que ce dernier pose clairement que \u00ab\u00a0la libert\u00e9 est le principe, et la d\u00e9tention l\u2019exception.\u00a0\u00bb<\/p>\n<p>Un propos fort qui relance le d\u00e9bat sur les limites entre s\u00e9curit\u00e9 juridique et garanties d\u00e9mocratiques, dans un contexte o\u00f9 le B\u00e9nin a, depuis 2016, perdu plusieurs places dans le classement de Reporters sans fronti\u00e8res.<\/p>\n<p>&nbsp;<\/p>\n<p>Gildas AHOGNI<\/p>\n","protected":false},"excerpt":{"rendered":"<p>&nbsp; Invit\u00e9 sur le plateau de l\u2019\u00e9mission Dimanche C\u2019Politique diffus\u00e9e sur E-T\u00e9l\u00e9, Renaud Agbodjo, un analyste averti du paysage juridique et m\u00e9diatique b\u00e9ninois n\u2019a pas m\u00e2ch\u00e9 ses mots. Dans une&hellip;<\/p>\n","protected":false},"author":5,"featured_media":12294,"comment_status":"open","ping_status":"open","sticky":false,"template":"","format":"standard","meta":{"content-type":"","om_disable_all_campaigns":false,"_monsterinsights_skip_tracking":false,"_monsterinsights_sitenote_active":false,"_monsterinsights_sitenote_note":"","_monsterinsights_sitenote_category":0,"_uf_show_specific_survey":0,"_uf_disable_surveys":false,"footnotes":""},"categories":[20],"tags":[],"class_list":["post-12293","post","type-post","status-publish","format-standard","has-post-thumbnail","hentry","category-societe"],"aioseo_notices":[],"yoast_head":"<!-- This site is optimized with the Yoast SEO plugin v27.5 - https:\/\/yoast.com\/product\/yoast-seo-wordpress\/ -->\n<title>Libert\u00e9 d&#039;expression au B\u00e9nin : Renaud Agbodjo d\u00e9nonce un recul d\u00e9mocratique sous couvert de r\u00e9gulation - Le Patriote<\/title>\n<meta name=\"robots\" content=\"index, follow, max-snippet:-1, max-image-preview:large, max-video-preview:-1\" \/>\n<link rel=\"canonical\" href=\"https:\/\/lepatriotebenin.com\/index.php\/2025\/07\/23\/liberte-dexpression-au-benin-renaud-agbodjo-denonce-un-recul-democratique-sous-couvert-de-regulation\/\" \/>\n<meta property=\"og:locale\" content=\"fr_FR\" \/>\n<meta property=\"og:type\" content=\"article\" \/>\n<meta property=\"og:title\" content=\"Libert\u00e9 d&#039;expression au B\u00e9nin : Renaud Agbodjo d\u00e9nonce un recul d\u00e9mocratique sous couvert de r\u00e9gulation - Le Patriote\" \/>\n<meta property=\"og:description\" content=\"&nbsp; Invit\u00e9 sur le plateau de l\u2019\u00e9mission Dimanche C\u2019Politique diffus\u00e9e sur E-T\u00e9l\u00e9, Renaud Agbodjo, un analyste averti du paysage juridique et m\u00e9diatique b\u00e9ninois n\u2019a pas m\u00e2ch\u00e9 ses mots. Dans une&hellip;\" \/>\n<meta property=\"og:url\" content=\"https:\/\/lepatriotebenin.com\/index.php\/2025\/07\/23\/liberte-dexpression-au-benin-renaud-agbodjo-denonce-un-recul-democratique-sous-couvert-de-regulation\/\" \/>\n<meta property=\"og:site_name\" content=\"Le Patriote\" \/>\n<meta property=\"article:published_time\" content=\"2025-07-23T00:16:04+00:00\" \/>\n<meta property=\"og:image\" content=\"https:\/\/lepatriotebenin.com\/wp-content\/uploads\/2025\/07\/me-renaud-agbodjo.jpg\" \/>\n\t<meta property=\"og:image:width\" content=\"1200\" \/>\n\t<meta property=\"og:image:height\" content=\"675\" \/>\n\t<meta property=\"og:image:type\" content=\"image\/jpeg\" \/>\n<meta name=\"author\" content=\"Redaction\" \/>\n<meta name=\"twitter:card\" content=\"summary_large_image\" \/>\n<meta name=\"twitter:label1\" content=\"\u00c9crit par\" \/>\n\t<meta name=\"twitter:data1\" content=\"Redaction\" \/>\n\t<meta name=\"twitter:label2\" content=\"Dur\u00e9e de lecture estim\u00e9e\" \/>\n\t<meta name=\"twitter:data2\" content=\"2 minutes\" \/>\n<script type=\"application\/ld+json\" class=\"yoast-schema-graph\">{\"@context\":\"https:\\\/\\\/schema.org\",\"@graph\":[{\"@type\":\"Article\",\"@id\":\"https:\\\/\\\/lepatriotebenin.com\\\/index.php\\\/2025\\\/07\\\/23\\\/liberte-dexpression-au-benin-renaud-agbodjo-denonce-un-recul-democratique-sous-couvert-de-regulation\\\/#article\",\"isPartOf\":{\"@id\":\"https:\\\/\\\/lepatriotebenin.com\\\/index.php\\\/2025\\\/07\\\/23\\\/liberte-dexpression-au-benin-renaud-agbodjo-denonce-un-recul-democratique-sous-couvert-de-regulation\\\/\"},\"author\":{\"name\":\"Redaction\",\"@id\":\"https:\\\/\\\/lepatriotebenin.com\\\/#\\\/schema\\\/person\\\/2e7709b9c9cc313e452d1136af61690f\"},\"headline\":\"Libert\u00e9 d&rsquo;expression au B\u00e9nin : Renaud Agbodjo d\u00e9nonce un recul d\u00e9mocratique sous couvert de r\u00e9gulation\",\"datePublished\":\"2025-07-23T00:16:04+00:00\",\"mainEntityOfPage\":{\"@id\":\"https:\\\/\\\/lepatriotebenin.com\\\/index.php\\\/2025\\\/07\\\/23\\\/liberte-dexpression-au-benin-renaud-agbodjo-denonce-un-recul-democratique-sous-couvert-de-regulation\\\/\"},\"wordCount\":406,\"commentCount\":0,\"image\":{\"@id\":\"https:\\\/\\\/lepatriotebenin.com\\\/index.php\\\/2025\\\/07\\\/23\\\/liberte-dexpression-au-benin-renaud-agbodjo-denonce-un-recul-democratique-sous-couvert-de-regulation\\\/#primaryimage\"},\"thumbnailUrl\":\"https:\\\/\\\/lepatriotebenin.com\\\/wp-content\\\/uploads\\\/2025\\\/07\\\/me-renaud-agbodjo.jpg\",\"articleSection\":[\"Soci\u00e9t\u00e9\"],\"inLanguage\":\"fr-FR\",\"potentialAction\":[{\"@type\":\"CommentAction\",\"name\":\"Comment\",\"target\":[\"https:\\\/\\\/lepatriotebenin.com\\\/index.php\\\/2025\\\/07\\\/23\\\/liberte-dexpression-au-benin-renaud-agbodjo-denonce-un-recul-democratique-sous-couvert-de-regulation\\\/#respond\"]}]},{\"@type\":\"WebPage\",\"@id\":\"https:\\\/\\\/lepatriotebenin.com\\\/index.php\\\/2025\\\/07\\\/23\\\/liberte-dexpression-au-benin-renaud-agbodjo-denonce-un-recul-democratique-sous-couvert-de-regulation\\\/\",\"url\":\"https:\\\/\\\/lepatriotebenin.com\\\/index.php\\\/2025\\\/07\\\/23\\\/liberte-dexpression-au-benin-renaud-agbodjo-denonce-un-recul-democratique-sous-couvert-de-regulation\\\/\",\"name\":\"Libert\u00e9 d'expression au B\u00e9nin : Renaud Agbodjo d\u00e9nonce un recul d\u00e9mocratique sous couvert de r\u00e9gulation - Le Patriote\",\"isPartOf\":{\"@id\":\"https:\\\/\\\/lepatriotebenin.com\\\/#website\"},\"primaryImageOfPage\":{\"@id\":\"https:\\\/\\\/lepatriotebenin.com\\\/index.php\\\/2025\\\/07\\\/23\\\/liberte-dexpression-au-benin-renaud-agbodjo-denonce-un-recul-democratique-sous-couvert-de-regulation\\\/#primaryimage\"},\"image\":{\"@id\":\"https:\\\/\\\/lepatriotebenin.com\\\/index.php\\\/2025\\\/07\\\/23\\\/liberte-dexpression-au-benin-renaud-agbodjo-denonce-un-recul-democratique-sous-couvert-de-regulation\\\/#primaryimage\"},\"thumbnailUrl\":\"https:\\\/\\\/lepatriotebenin.com\\\/wp-content\\\/uploads\\\/2025\\\/07\\\/me-renaud-agbodjo.jpg\",\"datePublished\":\"2025-07-23T00:16:04+00:00\",\"author\":{\"@id\":\"https:\\\/\\\/lepatriotebenin.com\\\/#\\\/schema\\\/person\\\/2e7709b9c9cc313e452d1136af61690f\"},\"breadcrumb\":{\"@id\":\"https:\\\/\\\/lepatriotebenin.com\\\/index.php\\\/2025\\\/07\\\/23\\\/liberte-dexpression-au-benin-renaud-agbodjo-denonce-un-recul-democratique-sous-couvert-de-regulation\\\/#breadcrumb\"},\"inLanguage\":\"fr-FR\",\"potentialAction\":[{\"@type\":\"ReadAction\",\"target\":[\"https:\\\/\\\/lepatriotebenin.com\\\/index.php\\\/2025\\\/07\\\/23\\\/liberte-dexpression-au-benin-renaud-agbodjo-denonce-un-recul-democratique-sous-couvert-de-regulation\\\/\"]}]},{\"@type\":\"ImageObject\",\"inLanguage\":\"fr-FR\",\"@id\":\"https:\\\/\\\/lepatriotebenin.com\\\/index.php\\\/2025\\\/07\\\/23\\\/liberte-dexpression-au-benin-renaud-agbodjo-denonce-un-recul-democratique-sous-couvert-de-regulation\\\/#primaryimage\",\"url\":\"https:\\\/\\\/lepatriotebenin.com\\\/wp-content\\\/uploads\\\/2025\\\/07\\\/me-renaud-agbodjo.jpg\",\"contentUrl\":\"https:\\\/\\\/lepatriotebenin.com\\\/wp-content\\\/uploads\\\/2025\\\/07\\\/me-renaud-agbodjo.jpg\",\"width\":1200,\"height\":675},{\"@type\":\"BreadcrumbList\",\"@id\":\"https:\\\/\\\/lepatriotebenin.com\\\/index.php\\\/2025\\\/07\\\/23\\\/liberte-dexpression-au-benin-renaud-agbodjo-denonce-un-recul-democratique-sous-couvert-de-regulation\\\/#breadcrumb\",\"itemListElement\":[{\"@type\":\"ListItem\",\"position\":1,\"name\":\"Accueil\",\"item\":\"https:\\\/\\\/lepatriotebenin.com\\\/\"},{\"@type\":\"ListItem\",\"position\":2,\"name\":\"Libert\u00e9 d&rsquo;expression au B\u00e9nin : Renaud Agbodjo d\u00e9nonce un recul d\u00e9mocratique sous couvert de r\u00e9gulation\"}]},{\"@type\":\"WebSite\",\"@id\":\"https:\\\/\\\/lepatriotebenin.com\\\/#website\",\"url\":\"https:\\\/\\\/lepatriotebenin.com\\\/\",\"name\":\"Le Patriote\",\"description\":\"Le Patriote B\u00e9nin\",\"potentialAction\":[{\"@type\":\"SearchAction\",\"target\":{\"@type\":\"EntryPoint\",\"urlTemplate\":\"https:\\\/\\\/lepatriotebenin.com\\\/?s={search_term_string}\"},\"query-input\":{\"@type\":\"PropertyValueSpecification\",\"valueRequired\":true,\"valueName\":\"search_term_string\"}}],\"inLanguage\":\"fr-FR\"},{\"@type\":\"Person\",\"@id\":\"https:\\\/\\\/lepatriotebenin.com\\\/#\\\/schema\\\/person\\\/2e7709b9c9cc313e452d1136af61690f\",\"name\":\"Redaction\",\"image\":{\"@type\":\"ImageObject\",\"inLanguage\":\"fr-FR\",\"@id\":\"https:\\\/\\\/secure.gravatar.com\\\/avatar\\\/c4c509357859ea2ca2cbb6d8812898a73e4ef1ef9934c2e591d7e32face734d1?s=96&d=mm&r=g\",\"url\":\"https:\\\/\\\/secure.gravatar.com\\\/avatar\\\/c4c509357859ea2ca2cbb6d8812898a73e4ef1ef9934c2e591d7e32face734d1?s=96&d=mm&r=g\",\"contentUrl\":\"https:\\\/\\\/secure.gravatar.com\\\/avatar\\\/c4c509357859ea2ca2cbb6d8812898a73e4ef1ef9934c2e591d7e32face734d1?s=96&d=mm&r=g\",\"caption\":\"Redaction\"},\"url\":\"https:\\\/\\\/lepatriotebenin.com\"}]}<\/script>\n<!-- \/ Yoast SEO plugin. -->","yoast_head_json":{"title":"Libert\u00e9 d'expression au B\u00e9nin : Renaud Agbodjo d\u00e9nonce un recul d\u00e9mocratique sous couvert de r\u00e9gulation - Le Patriote","robots":{"index":"index","follow":"follow","max-snippet":"max-snippet:-1","max-image-preview":"max-image-preview:large","max-video-preview":"max-video-preview:-1"},"canonical":"https:\/\/lepatriotebenin.com\/index.php\/2025\/07\/23\/liberte-dexpression-au-benin-renaud-agbodjo-denonce-un-recul-democratique-sous-couvert-de-regulation\/","og_locale":"fr_FR","og_type":"article","og_title":"Libert\u00e9 d'expression au B\u00e9nin : Renaud Agbodjo d\u00e9nonce un recul d\u00e9mocratique sous couvert de r\u00e9gulation - Le Patriote","og_description":"&nbsp; Invit\u00e9 sur le plateau de l\u2019\u00e9mission Dimanche C\u2019Politique diffus\u00e9e sur E-T\u00e9l\u00e9, Renaud Agbodjo, un analyste averti du paysage juridique et m\u00e9diatique b\u00e9ninois n\u2019a pas m\u00e2ch\u00e9 ses mots. Dans une&hellip;","og_url":"https:\/\/lepatriotebenin.com\/index.php\/2025\/07\/23\/liberte-dexpression-au-benin-renaud-agbodjo-denonce-un-recul-democratique-sous-couvert-de-regulation\/","og_site_name":"Le Patriote","article_published_time":"2025-07-23T00:16:04+00:00","og_image":[{"width":1200,"height":675,"url":"https:\/\/lepatriotebenin.com\/wp-content\/uploads\/2025\/07\/me-renaud-agbodjo.jpg","type":"image\/jpeg"}],"author":"Redaction","twitter_card":"summary_large_image","twitter_misc":{"\u00c9crit par":"Redaction","Dur\u00e9e de lecture estim\u00e9e":"2 minutes"},"schema":{"@context":"https:\/\/schema.org","@graph":[{"@type":"Article","@id":"https:\/\/lepatriotebenin.com\/index.php\/2025\/07\/23\/liberte-dexpression-au-benin-renaud-agbodjo-denonce-un-recul-democratique-sous-couvert-de-regulation\/#article","isPartOf":{"@id":"https:\/\/lepatriotebenin.com\/index.php\/2025\/07\/23\/liberte-dexpression-au-benin-renaud-agbodjo-denonce-un-recul-democratique-sous-couvert-de-regulation\/"},"author":{"name":"Redaction","@id":"https:\/\/lepatriotebenin.com\/#\/schema\/person\/2e7709b9c9cc313e452d1136af61690f"},"headline":"Libert\u00e9 d&rsquo;expression au B\u00e9nin : Renaud Agbodjo d\u00e9nonce un recul d\u00e9mocratique sous couvert de r\u00e9gulation","datePublished":"2025-07-23T00:16:04+00:00","mainEntityOfPage":{"@id":"https:\/\/lepatriotebenin.com\/index.php\/2025\/07\/23\/liberte-dexpression-au-benin-renaud-agbodjo-denonce-un-recul-democratique-sous-couvert-de-regulation\/"},"wordCount":406,"commentCount":0,"image":{"@id":"https:\/\/lepatriotebenin.com\/index.php\/2025\/07\/23\/liberte-dexpression-au-benin-renaud-agbodjo-denonce-un-recul-democratique-sous-couvert-de-regulation\/#primaryimage"},"thumbnailUrl":"https:\/\/lepatriotebenin.com\/wp-content\/uploads\/2025\/07\/me-renaud-agbodjo.jpg","articleSection":["Soci\u00e9t\u00e9"],"inLanguage":"fr-FR","potentialAction":[{"@type":"CommentAction","name":"Comment","target":["https:\/\/lepatriotebenin.com\/index.php\/2025\/07\/23\/liberte-dexpression-au-benin-renaud-agbodjo-denonce-un-recul-democratique-sous-couvert-de-regulation\/#respond"]}]},{"@type":"WebPage","@id":"https:\/\/lepatriotebenin.com\/index.php\/2025\/07\/23\/liberte-dexpression-au-benin-renaud-agbodjo-denonce-un-recul-democratique-sous-couvert-de-regulation\/","url":"https:\/\/lepatriotebenin.com\/index.php\/2025\/07\/23\/liberte-dexpression-au-benin-renaud-agbodjo-denonce-un-recul-democratique-sous-couvert-de-regulation\/","name":"Libert\u00e9 d'expression au B\u00e9nin : Renaud Agbodjo d\u00e9nonce un recul d\u00e9mocratique sous couvert de r\u00e9gulation - Le Patriote","isPartOf":{"@id":"https:\/\/lepatriotebenin.com\/#website"},"primaryImageOfPage":{"@id":"https:\/\/lepatriotebenin.com\/index.php\/2025\/07\/23\/liberte-dexpression-au-benin-renaud-agbodjo-denonce-un-recul-democratique-sous-couvert-de-regulation\/#primaryimage"},"image":{"@id":"https:\/\/lepatriotebenin.com\/index.php\/2025\/07\/23\/liberte-dexpression-au-benin-renaud-agbodjo-denonce-un-recul-democratique-sous-couvert-de-regulation\/#primaryimage"},"thumbnailUrl":"https:\/\/lepatriotebenin.com\/wp-content\/uploads\/2025\/07\/me-renaud-agbodjo.jpg","datePublished":"2025-07-23T00:16:04+00:00","author":{"@id":"https:\/\/lepatriotebenin.com\/#\/schema\/person\/2e7709b9c9cc313e452d1136af61690f"},"breadcrumb":{"@id":"https:\/\/lepatriotebenin.com\/index.php\/2025\/07\/23\/liberte-dexpression-au-benin-renaud-agbodjo-denonce-un-recul-democratique-sous-couvert-de-regulation\/#breadcrumb"},"inLanguage":"fr-FR","potentialAction":[{"@type":"ReadAction","target":["https:\/\/lepatriotebenin.com\/index.php\/2025\/07\/23\/liberte-dexpression-au-benin-renaud-agbodjo-denonce-un-recul-democratique-sous-couvert-de-regulation\/"]}]},{"@type":"ImageObject","inLanguage":"fr-FR","@id":"https:\/\/lepatriotebenin.com\/index.php\/2025\/07\/23\/liberte-dexpression-au-benin-renaud-agbodjo-denonce-un-recul-democratique-sous-couvert-de-regulation\/#primaryimage","url":"https:\/\/lepatriotebenin.com\/wp-content\/uploads\/2025\/07\/me-renaud-agbodjo.jpg","contentUrl":"https:\/\/lepatriotebenin.com\/wp-content\/uploads\/2025\/07\/me-renaud-agbodjo.jpg","width":1200,"height":675},{"@type":"BreadcrumbList","@id":"https:\/\/lepatriotebenin.com\/index.php\/2025\/07\/23\/liberte-dexpression-au-benin-renaud-agbodjo-denonce-un-recul-democratique-sous-couvert-de-regulation\/#breadcrumb","itemListElement":[{"@type":"ListItem","position":1,"name":"Accueil","item":"https:\/\/lepatriotebenin.com\/"},{"@type":"ListItem","position":2,"name":"Libert\u00e9 d&rsquo;expression au B\u00e9nin : Renaud Agbodjo d\u00e9nonce un recul d\u00e9mocratique sous couvert de r\u00e9gulation"}]},{"@type":"WebSite","@id":"https:\/\/lepatriotebenin.com\/#website","url":"https:\/\/lepatriotebenin.com\/","name":"Le Patriote","description":"Le Patriote B\u00e9nin","potentialAction":[{"@type":"SearchAction","target":{"@type":"EntryPoint","urlTemplate":"https:\/\/lepatriotebenin.com\/?s={search_term_string}"},"query-input":{"@type":"PropertyValueSpecification","valueRequired":true,"valueName":"search_term_string"}}],"inLanguage":"fr-FR"},{"@type":"Person","@id":"https:\/\/lepatriotebenin.com\/#\/schema\/person\/2e7709b9c9cc313e452d1136af61690f","name":"Redaction","image":{"@type":"ImageObject","inLanguage":"fr-FR","@id":"https:\/\/secure.gravatar.com\/avatar\/c4c509357859ea2ca2cbb6d8812898a73e4ef1ef9934c2e591d7e32face734d1?s=96&d=mm&r=g","url":"https:\/\/secure.gravatar.com\/avatar\/c4c509357859ea2ca2cbb6d8812898a73e4ef1ef9934c2e591d7e32face734d1?s=96&d=mm&r=g","contentUrl":"https:\/\/secure.gravatar.com\/avatar\/c4c509357859ea2ca2cbb6d8812898a73e4ef1ef9934c2e591d7e32face734d1?s=96&d=mm&r=g","caption":"Redaction"},"url":"https:\/\/lepatriotebenin.com"}]}},"_links":{"self":[{"href":"https:\/\/lepatriotebenin.com\/index.php\/wp-json\/wp\/v2\/posts\/12293","targetHints":{"allow":["GET"]}}],"collection":[{"href":"https:\/\/lepatriotebenin.com\/index.php\/wp-json\/wp\/v2\/posts"}],"about":[{"href":"https:\/\/lepatriotebenin.com\/index.php\/wp-json\/wp\/v2\/types\/post"}],"author":[{"embeddable":true,"href":"https:\/\/lepatriotebenin.com\/index.php\/wp-json\/wp\/v2\/users\/5"}],"replies":[{"embeddable":true,"href":"https:\/\/lepatriotebenin.com\/index.php\/wp-json\/wp\/v2\/comments?post=12293"}],"version-history":[{"count":1,"href":"https:\/\/lepatriotebenin.com\/index.php\/wp-json\/wp\/v2\/posts\/12293\/revisions"}],"predecessor-version":[{"id":12295,"href":"https:\/\/lepatriotebenin.com\/index.php\/wp-json\/wp\/v2\/posts\/12293\/revisions\/12295"}],"wp:featuredmedia":[{"embeddable":true,"href":"https:\/\/lepatriotebenin.com\/index.php\/wp-json\/wp\/v2\/media\/12294"}],"wp:attachment":[{"href":"https:\/\/lepatriotebenin.com\/index.php\/wp-json\/wp\/v2\/media?parent=12293"}],"wp:term":[{"taxonomy":"category","embeddable":true,"href":"https:\/\/lepatriotebenin.com\/index.php\/wp-json\/wp\/v2\/categories?post=12293"},{"taxonomy":"post_tag","embeddable":true,"href":"https:\/\/lepatriotebenin.com\/index.php\/wp-json\/wp\/v2\/tags?post=12293"}],"curies":[{"name":"wp","href":"https:\/\/api.w.org\/{rel}","templated":true}]}}