{"id":12289,"date":"2025-07-23T02:08:48","date_gmt":"2025-07-23T00:08:48","guid":{"rendered":"https:\/\/lepatriotebenin.com\/?p=12289"},"modified":"2025-07-23T02:08:48","modified_gmt":"2025-07-23T00:08:48","slug":"benin-le-gouvernement-suspend-la-delivrance-des-certificats-de-nationalite-par-les-tribunaux","status":"publish","type":"post","link":"https:\/\/lepatriotebenin.com\/index.php\/2025\/07\/23\/benin-le-gouvernement-suspend-la-delivrance-des-certificats-de-nationalite-par-les-tribunaux\/","title":{"rendered":"B\u00e9nin : Le gouvernement suspend la d\u00e9livrance des certificats de nationalit\u00e9 par les tribunaux"},"content":{"rendered":"<p>Dans une note de service N<strong>\u00b01058\/MJL\/DC\/SGM\u00a0\/SA\u00a0<\/strong> en date du<strong> 21 juillet 2025<\/strong> et sign\u00e9e du Directeur de cabinet du minist\u00e8re de la Justice et de la L\u00e9gislation, Adamou Moussa, le gouvernement suspend la d\u00e9livrance des certificats de nationalit\u00e9 par les tribunaux. Ceci en application, selon la note, \u00ab des dispositions de la loi N\u00b02022-32 du 20 d\u00e9cembre 2022 portant code de nationalit\u00e9\u00a0 et de la loi N\u00b02024-31\u00a0 du 02 septembre 2024 relative \u00e0 la\u00a0 reconnaissance de la\u00a0 nationalit\u00e9\u00a0 aux afro-descendants, il est cr\u00e9\u00e9 une Autorit\u00e9\u00a0 en charge de la d\u00e9livrance\u00a0 des actes relatifs\u00a0 \u00e0 la nationalit\u00e9 ( ADAN) et plac\u00e9e sous\u00a0 l\u2019autorit\u00e9 du ministre\u00a0 charg\u00e9\u00a0 de la justice\u00a0\u00bb \u00a0.Lire ci-dessous l\u2019 int\u00e9gralit\u00e9 de cette note<\/p>\n<p><img fetchpriority=\"high\" decoding=\"async\" class=\"alignnone size-medium wp-image-12291\" src=\"https:\/\/lepatriotebenin.com\/wp-content\/uploads\/2025\/07\/1058-21-07-2025-suspension-de-la-delivrance-des-certificats-de-nationalite-sgm-sbe-page-0001-213x300.jpg\" alt=\"\" width=\"213\" height=\"300\" srcset=\"https:\/\/lepatriotebenin.com\/wp-content\/uploads\/2025\/07\/1058-21-07-2025-suspension-de-la-delivrance-des-certificats-de-nationalite-sgm-sbe-page-0001-213x300.jpg 213w, https:\/\/lepatriotebenin.com\/wp-content\/uploads\/2025\/07\/1058-21-07-2025-suspension-de-la-delivrance-des-certificats-de-nationalite-sgm-sbe-page-0001-726x1024.jpg 726w, https:\/\/lepatriotebenin.com\/wp-content\/uploads\/2025\/07\/1058-21-07-2025-suspension-de-la-delivrance-des-certificats-de-nationalite-sgm-sbe-page-0001-768x1084.jpg 768w, https:\/\/lepatriotebenin.com\/wp-content\/uploads\/2025\/07\/1058-21-07-2025-suspension-de-la-delivrance-des-certificats-de-nationalite-sgm-sbe-page-0001-1088x1536.jpg 1088w, https:\/\/lepatriotebenin.com\/wp-content\/uploads\/2025\/07\/1058-21-07-2025-suspension-de-la-delivrance-des-certificats-de-nationalite-sgm-sbe-page-0001-1170x1651.jpg 1170w, https:\/\/lepatriotebenin.com\/wp-content\/uploads\/2025\/07\/1058-21-07-2025-suspension-de-la-delivrance-des-certificats-de-nationalite-sgm-sbe-page-0001-585x826.jpg 585w, https:\/\/lepatriotebenin.com\/wp-content\/uploads\/2025\/07\/1058-21-07-2025-suspension-de-la-delivrance-des-certificats-de-nationalite-sgm-sbe-page-0001.jpg 1240w\" sizes=\"(max-width: 213px) 100vw, 213px\" \/><\/p>\n","protected":false},"excerpt":{"rendered":"<p>Dans une note de service N\u00b01058\/MJL\/DC\/SGM\u00a0\/SA\u00a0 en date du 21 juillet 2025 et sign\u00e9e du Directeur de cabinet du minist\u00e8re de la Justice et de la L\u00e9gislation, Adamou Moussa, le&hellip;<\/p>\n","protected":false},"author":6,"featured_media":12290,"comment_status":"open","ping_status":"open","sticky":false,"template":"","format":"standard","meta":{"content-type":"","om_disable_all_campaigns":false,"_monsterinsights_skip_tracking":false,"_monsterinsights_sitenote_active":false,"_monsterinsights_sitenote_note":"","_monsterinsights_sitenote_category":0,"_uf_show_specific_survey":0,"_uf_disable_surveys":false,"footnotes":""},"categories":[26],"tags":[],"class_list":["post-12289","post","type-post","status-publish","format-standard","has-post-thumbnail","hentry","category-politique"],"aioseo_notices":[],"yoast_head":"<!-- This site is optimized with the Yoast SEO plugin v27.5 - https:\/\/yoast.com\/product\/yoast-seo-wordpress\/ -->\n<title>B\u00e9nin : Le gouvernement suspend la d\u00e9livrance des certificats de nationalit\u00e9 par les tribunaux - Le Patriote<\/title>\n<meta name=\"robots\" content=\"index, follow, max-snippet:-1, max-image-preview:large, max-video-preview:-1\" \/>\n<link rel=\"canonical\" href=\"https:\/\/lepatriotebenin.com\/index.php\/2025\/07\/23\/benin-le-gouvernement-suspend-la-delivrance-des-certificats-de-nationalite-par-les-tribunaux\/\" \/>\n<meta property=\"og:locale\" content=\"fr_FR\" \/>\n<meta property=\"og:type\" content=\"article\" \/>\n<meta property=\"og:title\" content=\"B\u00e9nin : Le gouvernement suspend la d\u00e9livrance des certificats de nationalit\u00e9 par les tribunaux - Le Patriote\" \/>\n<meta property=\"og:description\" content=\"Dans une note de service N\u00b01058\/MJL\/DC\/SGM\u00a0\/SA\u00a0 en date du 21 juillet 2025 et sign\u00e9e du Directeur de cabinet du minist\u00e8re de la Justice et de la L\u00e9gislation, Adamou Moussa, le&hellip;\" \/>\n<meta property=\"og:url\" content=\"https:\/\/lepatriotebenin.com\/index.php\/2025\/07\/23\/benin-le-gouvernement-suspend-la-delivrance-des-certificats-de-nationalite-par-les-tribunaux\/\" \/>\n<meta property=\"og:site_name\" content=\"Le Patriote\" \/>\n<meta property=\"article:published_time\" content=\"2025-07-23T00:08:48+00:00\" \/>\n<meta property=\"og:image\" content=\"https:\/\/lepatriotebenin.com\/wp-content\/uploads\/2025\/07\/justice.jpg\" \/>\n\t<meta property=\"og:image:width\" content=\"600\" \/>\n\t<meta property=\"og:image:height\" content=\"423\" \/>\n\t<meta property=\"og:image:type\" content=\"image\/jpeg\" \/>\n<meta name=\"author\" content=\"Roland AFFANOU\" \/>\n<meta name=\"twitter:card\" content=\"summary_large_image\" \/>\n<meta name=\"twitter:label1\" content=\"\u00c9crit par\" \/>\n\t<meta name=\"twitter:data1\" content=\"Roland AFFANOU\" \/>\n\t<meta name=\"twitter:label2\" content=\"Dur\u00e9e de lecture estim\u00e9e\" \/>\n\t<meta name=\"twitter:data2\" content=\"1 minute\" \/>\n<script type=\"application\/ld+json\" class=\"yoast-schema-graph\">{\"@context\":\"https:\\\/\\\/schema.org\",\"@graph\":[{\"@type\":\"Article\",\"@id\":\"https:\\\/\\\/lepatriotebenin.com\\\/index.php\\\/2025\\\/07\\\/23\\\/benin-le-gouvernement-suspend-la-delivrance-des-certificats-de-nationalite-par-les-tribunaux\\\/#article\",\"isPartOf\":{\"@id\":\"https:\\\/\\\/lepatriotebenin.com\\\/index.php\\\/2025\\\/07\\\/23\\\/benin-le-gouvernement-suspend-la-delivrance-des-certificats-de-nationalite-par-les-tribunaux\\\/\"},\"author\":{\"name\":\"Roland AFFANOU\",\"@id\":\"https:\\\/\\\/lepatriotebenin.com\\\/#\\\/schema\\\/person\\\/4a9b67216c97d04045e01405c534c91f\"},\"headline\":\"B\u00e9nin : Le gouvernement suspend la d\u00e9livrance des certificats de nationalit\u00e9 par les tribunaux\",\"datePublished\":\"2025-07-23T00:08:48+00:00\",\"mainEntityOfPage\":{\"@id\":\"https:\\\/\\\/lepatriotebenin.com\\\/index.php\\\/2025\\\/07\\\/23\\\/benin-le-gouvernement-suspend-la-delivrance-des-certificats-de-nationalite-par-les-tribunaux\\\/\"},\"wordCount\":135,\"commentCount\":0,\"image\":{\"@id\":\"https:\\\/\\\/lepatriotebenin.com\\\/index.php\\\/2025\\\/07\\\/23\\\/benin-le-gouvernement-suspend-la-delivrance-des-certificats-de-nationalite-par-les-tribunaux\\\/#primaryimage\"},\"thumbnailUrl\":\"https:\\\/\\\/lepatriotebenin.com\\\/wp-content\\\/uploads\\\/2025\\\/07\\\/justice.jpg\",\"articleSection\":[\"Politique\"],\"inLanguage\":\"fr-FR\",\"potentialAction\":[{\"@type\":\"CommentAction\",\"name\":\"Comment\",\"target\":[\"https:\\\/\\\/lepatriotebenin.com\\\/index.php\\\/2025\\\/07\\\/23\\\/benin-le-gouvernement-suspend-la-delivrance-des-certificats-de-nationalite-par-les-tribunaux\\\/#respond\"]}]},{\"@type\":\"WebPage\",\"@id\":\"https:\\\/\\\/lepatriotebenin.com\\\/index.php\\\/2025\\\/07\\\/23\\\/benin-le-gouvernement-suspend-la-delivrance-des-certificats-de-nationalite-par-les-tribunaux\\\/\",\"url\":\"https:\\\/\\\/lepatriotebenin.com\\\/index.php\\\/2025\\\/07\\\/23\\\/benin-le-gouvernement-suspend-la-delivrance-des-certificats-de-nationalite-par-les-tribunaux\\\/\",\"name\":\"B\u00e9nin : Le gouvernement suspend la d\u00e9livrance des certificats de nationalit\u00e9 par les tribunaux - Le Patriote\",\"isPartOf\":{\"@id\":\"https:\\\/\\\/lepatriotebenin.com\\\/#website\"},\"primaryImageOfPage\":{\"@id\":\"https:\\\/\\\/lepatriotebenin.com\\\/index.php\\\/2025\\\/07\\\/23\\\/benin-le-gouvernement-suspend-la-delivrance-des-certificats-de-nationalite-par-les-tribunaux\\\/#primaryimage\"},\"image\":{\"@id\":\"https:\\\/\\\/lepatriotebenin.com\\\/index.php\\\/2025\\\/07\\\/23\\\/benin-le-gouvernement-suspend-la-delivrance-des-certificats-de-nationalite-par-les-tribunaux\\\/#primaryimage\"},\"thumbnailUrl\":\"https:\\\/\\\/lepatriotebenin.com\\\/wp-content\\\/uploads\\\/2025\\\/07\\\/justice.jpg\",\"datePublished\":\"2025-07-23T00:08:48+00:00\",\"author\":{\"@id\":\"https:\\\/\\\/lepatriotebenin.com\\\/#\\\/schema\\\/person\\\/4a9b67216c97d04045e01405c534c91f\"},\"breadcrumb\":{\"@id\":\"https:\\\/\\\/lepatriotebenin.com\\\/index.php\\\/2025\\\/07\\\/23\\\/benin-le-gouvernement-suspend-la-delivrance-des-certificats-de-nationalite-par-les-tribunaux\\\/#breadcrumb\"},\"inLanguage\":\"fr-FR\",\"potentialAction\":[{\"@type\":\"ReadAction\",\"target\":[\"https:\\\/\\\/lepatriotebenin.com\\\/index.php\\\/2025\\\/07\\\/23\\\/benin-le-gouvernement-suspend-la-delivrance-des-certificats-de-nationalite-par-les-tribunaux\\\/\"]}]},{\"@type\":\"ImageObject\",\"inLanguage\":\"fr-FR\",\"@id\":\"https:\\\/\\\/lepatriotebenin.com\\\/index.php\\\/2025\\\/07\\\/23\\\/benin-le-gouvernement-suspend-la-delivrance-des-certificats-de-nationalite-par-les-tribunaux\\\/#primaryimage\",\"url\":\"https:\\\/\\\/lepatriotebenin.com\\\/wp-content\\\/uploads\\\/2025\\\/07\\\/justice.jpg\",\"contentUrl\":\"https:\\\/\\\/lepatriotebenin.com\\\/wp-content\\\/uploads\\\/2025\\\/07\\\/justice.jpg\",\"width\":600,\"height\":423},{\"@type\":\"BreadcrumbList\",\"@id\":\"https:\\\/\\\/lepatriotebenin.com\\\/index.php\\\/2025\\\/07\\\/23\\\/benin-le-gouvernement-suspend-la-delivrance-des-certificats-de-nationalite-par-les-tribunaux\\\/#breadcrumb\",\"itemListElement\":[{\"@type\":\"ListItem\",\"position\":1,\"name\":\"Accueil\",\"item\":\"https:\\\/\\\/lepatriotebenin.com\\\/\"},{\"@type\":\"ListItem\",\"position\":2,\"name\":\"B\u00e9nin : Le gouvernement suspend la d\u00e9livrance des certificats de nationalit\u00e9 par les tribunaux\"}]},{\"@type\":\"WebSite\",\"@id\":\"https:\\\/\\\/lepatriotebenin.com\\\/#website\",\"url\":\"https:\\\/\\\/lepatriotebenin.com\\\/\",\"name\":\"Le Patriote\",\"description\":\"Le Patriote B\u00e9nin\",\"potentialAction\":[{\"@type\":\"SearchAction\",\"target\":{\"@type\":\"EntryPoint\",\"urlTemplate\":\"https:\\\/\\\/lepatriotebenin.com\\\/?s={search_term_string}\"},\"query-input\":{\"@type\":\"PropertyValueSpecification\",\"valueRequired\":true,\"valueName\":\"search_term_string\"}}],\"inLanguage\":\"fr-FR\"},{\"@type\":\"Person\",\"@id\":\"https:\\\/\\\/lepatriotebenin.com\\\/#\\\/schema\\\/person\\\/4a9b67216c97d04045e01405c534c91f\",\"name\":\"Roland AFFANOU\",\"image\":{\"@type\":\"ImageObject\",\"inLanguage\":\"fr-FR\",\"@id\":\"https:\\\/\\\/secure.gravatar.com\\\/avatar\\\/7209d3f6d2d47ea4d0c67e14d3effb61feb10ae540a4381280c66265de5bd643?s=96&d=mm&r=g\",\"url\":\"https:\\\/\\\/secure.gravatar.com\\\/avatar\\\/7209d3f6d2d47ea4d0c67e14d3effb61feb10ae540a4381280c66265de5bd643?s=96&d=mm&r=g\",\"contentUrl\":\"https:\\\/\\\/secure.gravatar.com\\\/avatar\\\/7209d3f6d2d47ea4d0c67e14d3effb61feb10ae540a4381280c66265de5bd643?s=96&d=mm&r=g\",\"caption\":\"Roland AFFANOU\"},\"url\":\"https:\\\/\\\/lepatriotebenin.com\"}]}<\/script>\n<!-- \/ Yoast SEO plugin. -->","yoast_head_json":{"title":"B\u00e9nin : Le gouvernement suspend la d\u00e9livrance des certificats de nationalit\u00e9 par les tribunaux - Le Patriote","robots":{"index":"index","follow":"follow","max-snippet":"max-snippet:-1","max-image-preview":"max-image-preview:large","max-video-preview":"max-video-preview:-1"},"canonical":"https:\/\/lepatriotebenin.com\/index.php\/2025\/07\/23\/benin-le-gouvernement-suspend-la-delivrance-des-certificats-de-nationalite-par-les-tribunaux\/","og_locale":"fr_FR","og_type":"article","og_title":"B\u00e9nin : Le gouvernement suspend la d\u00e9livrance des certificats de nationalit\u00e9 par les tribunaux - Le Patriote","og_description":"Dans une note de service N\u00b01058\/MJL\/DC\/SGM\u00a0\/SA\u00a0 en date du 21 juillet 2025 et sign\u00e9e du Directeur de cabinet du minist\u00e8re de la Justice et de la L\u00e9gislation, Adamou Moussa, le&hellip;","og_url":"https:\/\/lepatriotebenin.com\/index.php\/2025\/07\/23\/benin-le-gouvernement-suspend-la-delivrance-des-certificats-de-nationalite-par-les-tribunaux\/","og_site_name":"Le Patriote","article_published_time":"2025-07-23T00:08:48+00:00","og_image":[{"width":600,"height":423,"url":"https:\/\/lepatriotebenin.com\/wp-content\/uploads\/2025\/07\/justice.jpg","type":"image\/jpeg"}],"author":"Roland AFFANOU","twitter_card":"summary_large_image","twitter_misc":{"\u00c9crit par":"Roland AFFANOU","Dur\u00e9e de lecture estim\u00e9e":"1 minute"},"schema":{"@context":"https:\/\/schema.org","@graph":[{"@type":"Article","@id":"https:\/\/lepatriotebenin.com\/index.php\/2025\/07\/23\/benin-le-gouvernement-suspend-la-delivrance-des-certificats-de-nationalite-par-les-tribunaux\/#article","isPartOf":{"@id":"https:\/\/lepatriotebenin.com\/index.php\/2025\/07\/23\/benin-le-gouvernement-suspend-la-delivrance-des-certificats-de-nationalite-par-les-tribunaux\/"},"author":{"name":"Roland AFFANOU","@id":"https:\/\/lepatriotebenin.com\/#\/schema\/person\/4a9b67216c97d04045e01405c534c91f"},"headline":"B\u00e9nin : Le gouvernement suspend la d\u00e9livrance des certificats de nationalit\u00e9 par les tribunaux","datePublished":"2025-07-23T00:08:48+00:00","mainEntityOfPage":{"@id":"https:\/\/lepatriotebenin.com\/index.php\/2025\/07\/23\/benin-le-gouvernement-suspend-la-delivrance-des-certificats-de-nationalite-par-les-tribunaux\/"},"wordCount":135,"commentCount":0,"image":{"@id":"https:\/\/lepatriotebenin.com\/index.php\/2025\/07\/23\/benin-le-gouvernement-suspend-la-delivrance-des-certificats-de-nationalite-par-les-tribunaux\/#primaryimage"},"thumbnailUrl":"https:\/\/lepatriotebenin.com\/wp-content\/uploads\/2025\/07\/justice.jpg","articleSection":["Politique"],"inLanguage":"fr-FR","potentialAction":[{"@type":"CommentAction","name":"Comment","target":["https:\/\/lepatriotebenin.com\/index.php\/2025\/07\/23\/benin-le-gouvernement-suspend-la-delivrance-des-certificats-de-nationalite-par-les-tribunaux\/#respond"]}]},{"@type":"WebPage","@id":"https:\/\/lepatriotebenin.com\/index.php\/2025\/07\/23\/benin-le-gouvernement-suspend-la-delivrance-des-certificats-de-nationalite-par-les-tribunaux\/","url":"https:\/\/lepatriotebenin.com\/index.php\/2025\/07\/23\/benin-le-gouvernement-suspend-la-delivrance-des-certificats-de-nationalite-par-les-tribunaux\/","name":"B\u00e9nin : Le gouvernement suspend la d\u00e9livrance des certificats de nationalit\u00e9 par les tribunaux - Le Patriote","isPartOf":{"@id":"https:\/\/lepatriotebenin.com\/#website"},"primaryImageOfPage":{"@id":"https:\/\/lepatriotebenin.com\/index.php\/2025\/07\/23\/benin-le-gouvernement-suspend-la-delivrance-des-certificats-de-nationalite-par-les-tribunaux\/#primaryimage"},"image":{"@id":"https:\/\/lepatriotebenin.com\/index.php\/2025\/07\/23\/benin-le-gouvernement-suspend-la-delivrance-des-certificats-de-nationalite-par-les-tribunaux\/#primaryimage"},"thumbnailUrl":"https:\/\/lepatriotebenin.com\/wp-content\/uploads\/2025\/07\/justice.jpg","datePublished":"2025-07-23T00:08:48+00:00","author":{"@id":"https:\/\/lepatriotebenin.com\/#\/schema\/person\/4a9b67216c97d04045e01405c534c91f"},"breadcrumb":{"@id":"https:\/\/lepatriotebenin.com\/index.php\/2025\/07\/23\/benin-le-gouvernement-suspend-la-delivrance-des-certificats-de-nationalite-par-les-tribunaux\/#breadcrumb"},"inLanguage":"fr-FR","potentialAction":[{"@type":"ReadAction","target":["https:\/\/lepatriotebenin.com\/index.php\/2025\/07\/23\/benin-le-gouvernement-suspend-la-delivrance-des-certificats-de-nationalite-par-les-tribunaux\/"]}]},{"@type":"ImageObject","inLanguage":"fr-FR","@id":"https:\/\/lepatriotebenin.com\/index.php\/2025\/07\/23\/benin-le-gouvernement-suspend-la-delivrance-des-certificats-de-nationalite-par-les-tribunaux\/#primaryimage","url":"https:\/\/lepatriotebenin.com\/wp-content\/uploads\/2025\/07\/justice.jpg","contentUrl":"https:\/\/lepatriotebenin.com\/wp-content\/uploads\/2025\/07\/justice.jpg","width":600,"height":423},{"@type":"BreadcrumbList","@id":"https:\/\/lepatriotebenin.com\/index.php\/2025\/07\/23\/benin-le-gouvernement-suspend-la-delivrance-des-certificats-de-nationalite-par-les-tribunaux\/#breadcrumb","itemListElement":[{"@type":"ListItem","position":1,"name":"Accueil","item":"https:\/\/lepatriotebenin.com\/"},{"@type":"ListItem","position":2,"name":"B\u00e9nin : Le gouvernement suspend la d\u00e9livrance des certificats de nationalit\u00e9 par les tribunaux"}]},{"@type":"WebSite","@id":"https:\/\/lepatriotebenin.com\/#website","url":"https:\/\/lepatriotebenin.com\/","name":"Le Patriote","description":"Le Patriote B\u00e9nin","potentialAction":[{"@type":"SearchAction","target":{"@type":"EntryPoint","urlTemplate":"https:\/\/lepatriotebenin.com\/?s={search_term_string}"},"query-input":{"@type":"PropertyValueSpecification","valueRequired":true,"valueName":"search_term_string"}}],"inLanguage":"fr-FR"},{"@type":"Person","@id":"https:\/\/lepatriotebenin.com\/#\/schema\/person\/4a9b67216c97d04045e01405c534c91f","name":"Roland AFFANOU","image":{"@type":"ImageObject","inLanguage":"fr-FR","@id":"https:\/\/secure.gravatar.com\/avatar\/7209d3f6d2d47ea4d0c67e14d3effb61feb10ae540a4381280c66265de5bd643?s=96&d=mm&r=g","url":"https:\/\/secure.gravatar.com\/avatar\/7209d3f6d2d47ea4d0c67e14d3effb61feb10ae540a4381280c66265de5bd643?s=96&d=mm&r=g","contentUrl":"https:\/\/secure.gravatar.com\/avatar\/7209d3f6d2d47ea4d0c67e14d3effb61feb10ae540a4381280c66265de5bd643?s=96&d=mm&r=g","caption":"Roland AFFANOU"},"url":"https:\/\/lepatriotebenin.com"}]}},"_links":{"self":[{"href":"https:\/\/lepatriotebenin.com\/index.php\/wp-json\/wp\/v2\/posts\/12289","targetHints":{"allow":["GET"]}}],"collection":[{"href":"https:\/\/lepatriotebenin.com\/index.php\/wp-json\/wp\/v2\/posts"}],"about":[{"href":"https:\/\/lepatriotebenin.com\/index.php\/wp-json\/wp\/v2\/types\/post"}],"author":[{"embeddable":true,"href":"https:\/\/lepatriotebenin.com\/index.php\/wp-json\/wp\/v2\/users\/6"}],"replies":[{"embeddable":true,"href":"https:\/\/lepatriotebenin.com\/index.php\/wp-json\/wp\/v2\/comments?post=12289"}],"version-history":[{"count":1,"href":"https:\/\/lepatriotebenin.com\/index.php\/wp-json\/wp\/v2\/posts\/12289\/revisions"}],"predecessor-version":[{"id":12292,"href":"https:\/\/lepatriotebenin.com\/index.php\/wp-json\/wp\/v2\/posts\/12289\/revisions\/12292"}],"wp:featuredmedia":[{"embeddable":true,"href":"https:\/\/lepatriotebenin.com\/index.php\/wp-json\/wp\/v2\/media\/12290"}],"wp:attachment":[{"href":"https:\/\/lepatriotebenin.com\/index.php\/wp-json\/wp\/v2\/media?parent=12289"}],"wp:term":[{"taxonomy":"category","embeddable":true,"href":"https:\/\/lepatriotebenin.com\/index.php\/wp-json\/wp\/v2\/categories?post=12289"},{"taxonomy":"post_tag","embeddable":true,"href":"https:\/\/lepatriotebenin.com\/index.php\/wp-json\/wp\/v2\/tags?post=12289"}],"curies":[{"name":"wp","href":"https:\/\/api.w.org\/{rel}","templated":true}]}}