{"id":12279,"date":"2025-07-22T10:45:29","date_gmt":"2025-07-22T08:45:29","guid":{"rendered":"https:\/\/lepatriotebenin.com\/?p=12279"},"modified":"2025-07-22T10:45:29","modified_gmt":"2025-07-22T08:45:29","slug":"mercato-bryan-mbeumo-signe-a-manchester-united-pour-un-transfert-historique","status":"publish","type":"post","link":"https:\/\/lepatriotebenin.com\/index.php\/2025\/07\/22\/mercato-bryan-mbeumo-signe-a-manchester-united-pour-un-transfert-historique\/","title":{"rendered":"Mercato : Bryan Mbeumo signe \u00e0 Manchester United pour un transfert historique"},"content":{"rendered":"<p>Annonc\u00e9 depuis plusieurs jours,\u00a0le transfert de <strong>Bryan Mbeumo<\/strong> \u00e0 Manchester United est d\u00e9sormais officiel. L&rsquo;attaquant international camerounais Bryan Mbeumo, 25 ans, s&rsquo;engage avec les Red Devils jusqu\u2019en 2030 avec une saison suppl\u00e9mentaire en option. Le footballeur a \u00e9t\u00e9 officiellement recrut\u00e9 par Manchester United en provenance de Brentford, <strong>lundi 21 juillet 2025. <\/strong><\/p>\n<p>Selon la presse anglaise, le club mancunien a d\u00e9bours\u00e9 81 millions d&rsquo;euros bonus compris pour s&rsquo;attacher ses services, ce qui fait de Mbeumo le footballeur africain le plus cher de l&rsquo;histoire. \u00a0Il est \u00e9galement le 6<sup>\u00e8me<\/sup> plus gros transfert de l\u2019histoire des Mancuniens. L&rsquo;ancien Troyen est la troisi\u00e8me recrue estivale des Red Devils apr\u00e8s Matheus Cunha et Diego Leon. Il faut pr\u00e9ciser que \u00a0Manchester United\u00a0 a pay\u00e9 75 millions d&rsquo;euros + 6 millions d&rsquo;euros de bonus pour l&rsquo;ancien joueur de Troyes.<\/p>\n<p>Avec un transfert pour un montant total de 81 millions d&rsquo;euros, Bryan Mbeumo, qui porte aussi les couleurs de la s\u00e9lection nationale du Cameroun, devient ainsi le footballeur africain le plus cher de l&rsquo;histoire. Il devance de peu le montant d\u00e9bours\u00e9 en<strong> 2019<\/strong> par Arsenal pour s&rsquo;attacher les services de Nicolas P\u00e9p\u00e9, l&rsquo;attaquant ivoirien avait quitt\u00e9 Lille pour <strong>80 millions d&rsquo;euros<\/strong>. Apr\u00e8s une saison \u00e0 20 buts et 8 passes d\u00e9cisives en Premier League, l\u2019heure est donc au changement de statut pour l\u2019international camerounais. A 25 ans, il sortait de six saisons pleines avec Brentford.<\/p>\n<p><em>\u00ab\u00a0D\u00e8s que j&rsquo;ai su que je pouvais rejoindre Manchester United, j&rsquo;ai saisi l&rsquo;opportunit\u00e9 de signer pour le club de mes r\u00eaves, l&rsquo;\u00e9quipe dont je portais le maillot quand j&rsquo;\u00e9tais jeune. Tout le monde m&rsquo;a parl\u00e9 de l&rsquo;environnement qui se cr\u00e9e ici et des projets prometteurs pour l&rsquo;avenir. C&rsquo;est un club immense, avec un stade incroyable et des supporters formidables, nous sommes tous d\u00e9termin\u00e9s \u00e0 nous battre pour les plus grands troph\u00e9es\u00a0\u00bb<\/em>, se r\u00e9jouit l&rsquo;attaquant dans un communiqu\u00e9 publi\u00e9 par le club.<\/p>\n<p>&nbsp;<\/p>\n","protected":false},"excerpt":{"rendered":"<p>Annonc\u00e9 depuis plusieurs jours,\u00a0le transfert de Bryan Mbeumo \u00e0 Manchester United est d\u00e9sormais officiel. L&rsquo;attaquant international camerounais Bryan Mbeumo, 25 ans, s&rsquo;engage avec les Red Devils jusqu\u2019en 2030 avec une&hellip;<\/p>\n","protected":false},"author":6,"featured_media":12280,"comment_status":"open","ping_status":"open","sticky":false,"template":"","format":"standard","meta":{"content-type":"","om_disable_all_campaigns":false,"_monsterinsights_skip_tracking":false,"_monsterinsights_sitenote_active":false,"_monsterinsights_sitenote_note":"","_monsterinsights_sitenote_category":0,"_uf_show_specific_survey":0,"_uf_disable_surveys":false,"footnotes":""},"categories":[8],"tags":[],"class_list":["post-12279","post","type-post","status-publish","format-standard","has-post-thumbnail","hentry","category-sport"],"aioseo_notices":[],"yoast_head":"<!-- This site is optimized with the Yoast SEO plugin v27.5 - https:\/\/yoast.com\/product\/yoast-seo-wordpress\/ -->\n<title>Mercato : Bryan Mbeumo signe \u00e0 Manchester United pour un transfert historique - Le Patriote<\/title>\n<meta name=\"robots\" content=\"index, follow, max-snippet:-1, max-image-preview:large, max-video-preview:-1\" \/>\n<link rel=\"canonical\" href=\"https:\/\/lepatriotebenin.com\/index.php\/2025\/07\/22\/mercato-bryan-mbeumo-signe-a-manchester-united-pour-un-transfert-historique\/\" \/>\n<meta property=\"og:locale\" content=\"fr_FR\" \/>\n<meta property=\"og:type\" content=\"article\" \/>\n<meta property=\"og:title\" content=\"Mercato : Bryan Mbeumo signe \u00e0 Manchester United pour un transfert historique - Le Patriote\" \/>\n<meta property=\"og:description\" content=\"Annonc\u00e9 depuis plusieurs jours,\u00a0le transfert de Bryan Mbeumo \u00e0 Manchester United est d\u00e9sormais officiel. L&rsquo;attaquant international camerounais Bryan Mbeumo, 25 ans, s&rsquo;engage avec les Red Devils jusqu\u2019en 2030 avec une&hellip;\" \/>\n<meta property=\"og:url\" content=\"https:\/\/lepatriotebenin.com\/index.php\/2025\/07\/22\/mercato-bryan-mbeumo-signe-a-manchester-united-pour-un-transfert-historique\/\" \/>\n<meta property=\"og:site_name\" content=\"Le Patriote\" \/>\n<meta property=\"article:published_time\" content=\"2025-07-22T08:45:29+00:00\" \/>\n<meta property=\"og:image\" content=\"https:\/\/lepatriotebenin.com\/wp-content\/uploads\/2025\/07\/bryan.jpg\" \/>\n\t<meta property=\"og:image:width\" content=\"1024\" \/>\n\t<meta property=\"og:image:height\" content=\"576\" \/>\n\t<meta property=\"og:image:type\" content=\"image\/jpeg\" \/>\n<meta name=\"author\" content=\"Roland AFFANOU\" \/>\n<meta name=\"twitter:card\" content=\"summary_large_image\" \/>\n<meta name=\"twitter:label1\" content=\"\u00c9crit par\" \/>\n\t<meta name=\"twitter:data1\" content=\"Roland AFFANOU\" \/>\n\t<meta name=\"twitter:label2\" content=\"Dur\u00e9e de lecture estim\u00e9e\" \/>\n\t<meta name=\"twitter:data2\" content=\"2 minutes\" \/>\n<script type=\"application\/ld+json\" class=\"yoast-schema-graph\">{\"@context\":\"https:\\\/\\\/schema.org\",\"@graph\":[{\"@type\":\"Article\",\"@id\":\"https:\\\/\\\/lepatriotebenin.com\\\/index.php\\\/2025\\\/07\\\/22\\\/mercato-bryan-mbeumo-signe-a-manchester-united-pour-un-transfert-historique\\\/#article\",\"isPartOf\":{\"@id\":\"https:\\\/\\\/lepatriotebenin.com\\\/index.php\\\/2025\\\/07\\\/22\\\/mercato-bryan-mbeumo-signe-a-manchester-united-pour-un-transfert-historique\\\/\"},\"author\":{\"name\":\"Roland AFFANOU\",\"@id\":\"https:\\\/\\\/lepatriotebenin.com\\\/#\\\/schema\\\/person\\\/4a9b67216c97d04045e01405c534c91f\"},\"headline\":\"Mercato : Bryan Mbeumo signe \u00e0 Manchester United pour un transfert historique\",\"datePublished\":\"2025-07-22T08:45:29+00:00\",\"mainEntityOfPage\":{\"@id\":\"https:\\\/\\\/lepatriotebenin.com\\\/index.php\\\/2025\\\/07\\\/22\\\/mercato-bryan-mbeumo-signe-a-manchester-united-pour-un-transfert-historique\\\/\"},\"wordCount\":349,\"commentCount\":0,\"image\":{\"@id\":\"https:\\\/\\\/lepatriotebenin.com\\\/index.php\\\/2025\\\/07\\\/22\\\/mercato-bryan-mbeumo-signe-a-manchester-united-pour-un-transfert-historique\\\/#primaryimage\"},\"thumbnailUrl\":\"https:\\\/\\\/lepatriotebenin.com\\\/wp-content\\\/uploads\\\/2025\\\/07\\\/bryan.jpg\",\"articleSection\":[\"Sport\"],\"inLanguage\":\"fr-FR\",\"potentialAction\":[{\"@type\":\"CommentAction\",\"name\":\"Comment\",\"target\":[\"https:\\\/\\\/lepatriotebenin.com\\\/index.php\\\/2025\\\/07\\\/22\\\/mercato-bryan-mbeumo-signe-a-manchester-united-pour-un-transfert-historique\\\/#respond\"]}]},{\"@type\":\"WebPage\",\"@id\":\"https:\\\/\\\/lepatriotebenin.com\\\/index.php\\\/2025\\\/07\\\/22\\\/mercato-bryan-mbeumo-signe-a-manchester-united-pour-un-transfert-historique\\\/\",\"url\":\"https:\\\/\\\/lepatriotebenin.com\\\/index.php\\\/2025\\\/07\\\/22\\\/mercato-bryan-mbeumo-signe-a-manchester-united-pour-un-transfert-historique\\\/\",\"name\":\"Mercato : Bryan Mbeumo signe \u00e0 Manchester United pour un transfert historique - Le Patriote\",\"isPartOf\":{\"@id\":\"https:\\\/\\\/lepatriotebenin.com\\\/#website\"},\"primaryImageOfPage\":{\"@id\":\"https:\\\/\\\/lepatriotebenin.com\\\/index.php\\\/2025\\\/07\\\/22\\\/mercato-bryan-mbeumo-signe-a-manchester-united-pour-un-transfert-historique\\\/#primaryimage\"},\"image\":{\"@id\":\"https:\\\/\\\/lepatriotebenin.com\\\/index.php\\\/2025\\\/07\\\/22\\\/mercato-bryan-mbeumo-signe-a-manchester-united-pour-un-transfert-historique\\\/#primaryimage\"},\"thumbnailUrl\":\"https:\\\/\\\/lepatriotebenin.com\\\/wp-content\\\/uploads\\\/2025\\\/07\\\/bryan.jpg\",\"datePublished\":\"2025-07-22T08:45:29+00:00\",\"author\":{\"@id\":\"https:\\\/\\\/lepatriotebenin.com\\\/#\\\/schema\\\/person\\\/4a9b67216c97d04045e01405c534c91f\"},\"breadcrumb\":{\"@id\":\"https:\\\/\\\/lepatriotebenin.com\\\/index.php\\\/2025\\\/07\\\/22\\\/mercato-bryan-mbeumo-signe-a-manchester-united-pour-un-transfert-historique\\\/#breadcrumb\"},\"inLanguage\":\"fr-FR\",\"potentialAction\":[{\"@type\":\"ReadAction\",\"target\":[\"https:\\\/\\\/lepatriotebenin.com\\\/index.php\\\/2025\\\/07\\\/22\\\/mercato-bryan-mbeumo-signe-a-manchester-united-pour-un-transfert-historique\\\/\"]}]},{\"@type\":\"ImageObject\",\"inLanguage\":\"fr-FR\",\"@id\":\"https:\\\/\\\/lepatriotebenin.com\\\/index.php\\\/2025\\\/07\\\/22\\\/mercato-bryan-mbeumo-signe-a-manchester-united-pour-un-transfert-historique\\\/#primaryimage\",\"url\":\"https:\\\/\\\/lepatriotebenin.com\\\/wp-content\\\/uploads\\\/2025\\\/07\\\/bryan.jpg\",\"contentUrl\":\"https:\\\/\\\/lepatriotebenin.com\\\/wp-content\\\/uploads\\\/2025\\\/07\\\/bryan.jpg\",\"width\":1024,\"height\":576},{\"@type\":\"BreadcrumbList\",\"@id\":\"https:\\\/\\\/lepatriotebenin.com\\\/index.php\\\/2025\\\/07\\\/22\\\/mercato-bryan-mbeumo-signe-a-manchester-united-pour-un-transfert-historique\\\/#breadcrumb\",\"itemListElement\":[{\"@type\":\"ListItem\",\"position\":1,\"name\":\"Accueil\",\"item\":\"https:\\\/\\\/lepatriotebenin.com\\\/\"},{\"@type\":\"ListItem\",\"position\":2,\"name\":\"Mercato : Bryan Mbeumo signe \u00e0 Manchester United pour un transfert historique\"}]},{\"@type\":\"WebSite\",\"@id\":\"https:\\\/\\\/lepatriotebenin.com\\\/#website\",\"url\":\"https:\\\/\\\/lepatriotebenin.com\\\/\",\"name\":\"Le Patriote\",\"description\":\"Le Patriote B\u00e9nin\",\"potentialAction\":[{\"@type\":\"SearchAction\",\"target\":{\"@type\":\"EntryPoint\",\"urlTemplate\":\"https:\\\/\\\/lepatriotebenin.com\\\/?s={search_term_string}\"},\"query-input\":{\"@type\":\"PropertyValueSpecification\",\"valueRequired\":true,\"valueName\":\"search_term_string\"}}],\"inLanguage\":\"fr-FR\"},{\"@type\":\"Person\",\"@id\":\"https:\\\/\\\/lepatriotebenin.com\\\/#\\\/schema\\\/person\\\/4a9b67216c97d04045e01405c534c91f\",\"name\":\"Roland AFFANOU\",\"image\":{\"@type\":\"ImageObject\",\"inLanguage\":\"fr-FR\",\"@id\":\"https:\\\/\\\/secure.gravatar.com\\\/avatar\\\/7209d3f6d2d47ea4d0c67e14d3effb61feb10ae540a4381280c66265de5bd643?s=96&d=mm&r=g\",\"url\":\"https:\\\/\\\/secure.gravatar.com\\\/avatar\\\/7209d3f6d2d47ea4d0c67e14d3effb61feb10ae540a4381280c66265de5bd643?s=96&d=mm&r=g\",\"contentUrl\":\"https:\\\/\\\/secure.gravatar.com\\\/avatar\\\/7209d3f6d2d47ea4d0c67e14d3effb61feb10ae540a4381280c66265de5bd643?s=96&d=mm&r=g\",\"caption\":\"Roland AFFANOU\"},\"url\":\"https:\\\/\\\/lepatriotebenin.com\"}]}<\/script>\n<!-- \/ Yoast SEO plugin. -->","yoast_head_json":{"title":"Mercato : Bryan Mbeumo signe \u00e0 Manchester United pour un transfert historique - Le Patriote","robots":{"index":"index","follow":"follow","max-snippet":"max-snippet:-1","max-image-preview":"max-image-preview:large","max-video-preview":"max-video-preview:-1"},"canonical":"https:\/\/lepatriotebenin.com\/index.php\/2025\/07\/22\/mercato-bryan-mbeumo-signe-a-manchester-united-pour-un-transfert-historique\/","og_locale":"fr_FR","og_type":"article","og_title":"Mercato : Bryan Mbeumo signe \u00e0 Manchester United pour un transfert historique - Le Patriote","og_description":"Annonc\u00e9 depuis plusieurs jours,\u00a0le transfert de Bryan Mbeumo \u00e0 Manchester United est d\u00e9sormais officiel. L&rsquo;attaquant international camerounais Bryan Mbeumo, 25 ans, s&rsquo;engage avec les Red Devils jusqu\u2019en 2030 avec une&hellip;","og_url":"https:\/\/lepatriotebenin.com\/index.php\/2025\/07\/22\/mercato-bryan-mbeumo-signe-a-manchester-united-pour-un-transfert-historique\/","og_site_name":"Le Patriote","article_published_time":"2025-07-22T08:45:29+00:00","og_image":[{"width":1024,"height":576,"url":"https:\/\/lepatriotebenin.com\/wp-content\/uploads\/2025\/07\/bryan.jpg","type":"image\/jpeg"}],"author":"Roland AFFANOU","twitter_card":"summary_large_image","twitter_misc":{"\u00c9crit par":"Roland AFFANOU","Dur\u00e9e de lecture estim\u00e9e":"2 minutes"},"schema":{"@context":"https:\/\/schema.org","@graph":[{"@type":"Article","@id":"https:\/\/lepatriotebenin.com\/index.php\/2025\/07\/22\/mercato-bryan-mbeumo-signe-a-manchester-united-pour-un-transfert-historique\/#article","isPartOf":{"@id":"https:\/\/lepatriotebenin.com\/index.php\/2025\/07\/22\/mercato-bryan-mbeumo-signe-a-manchester-united-pour-un-transfert-historique\/"},"author":{"name":"Roland AFFANOU","@id":"https:\/\/lepatriotebenin.com\/#\/schema\/person\/4a9b67216c97d04045e01405c534c91f"},"headline":"Mercato : Bryan Mbeumo signe \u00e0 Manchester United pour un transfert historique","datePublished":"2025-07-22T08:45:29+00:00","mainEntityOfPage":{"@id":"https:\/\/lepatriotebenin.com\/index.php\/2025\/07\/22\/mercato-bryan-mbeumo-signe-a-manchester-united-pour-un-transfert-historique\/"},"wordCount":349,"commentCount":0,"image":{"@id":"https:\/\/lepatriotebenin.com\/index.php\/2025\/07\/22\/mercato-bryan-mbeumo-signe-a-manchester-united-pour-un-transfert-historique\/#primaryimage"},"thumbnailUrl":"https:\/\/lepatriotebenin.com\/wp-content\/uploads\/2025\/07\/bryan.jpg","articleSection":["Sport"],"inLanguage":"fr-FR","potentialAction":[{"@type":"CommentAction","name":"Comment","target":["https:\/\/lepatriotebenin.com\/index.php\/2025\/07\/22\/mercato-bryan-mbeumo-signe-a-manchester-united-pour-un-transfert-historique\/#respond"]}]},{"@type":"WebPage","@id":"https:\/\/lepatriotebenin.com\/index.php\/2025\/07\/22\/mercato-bryan-mbeumo-signe-a-manchester-united-pour-un-transfert-historique\/","url":"https:\/\/lepatriotebenin.com\/index.php\/2025\/07\/22\/mercato-bryan-mbeumo-signe-a-manchester-united-pour-un-transfert-historique\/","name":"Mercato : Bryan Mbeumo signe \u00e0 Manchester United pour un transfert historique - Le Patriote","isPartOf":{"@id":"https:\/\/lepatriotebenin.com\/#website"},"primaryImageOfPage":{"@id":"https:\/\/lepatriotebenin.com\/index.php\/2025\/07\/22\/mercato-bryan-mbeumo-signe-a-manchester-united-pour-un-transfert-historique\/#primaryimage"},"image":{"@id":"https:\/\/lepatriotebenin.com\/index.php\/2025\/07\/22\/mercato-bryan-mbeumo-signe-a-manchester-united-pour-un-transfert-historique\/#primaryimage"},"thumbnailUrl":"https:\/\/lepatriotebenin.com\/wp-content\/uploads\/2025\/07\/bryan.jpg","datePublished":"2025-07-22T08:45:29+00:00","author":{"@id":"https:\/\/lepatriotebenin.com\/#\/schema\/person\/4a9b67216c97d04045e01405c534c91f"},"breadcrumb":{"@id":"https:\/\/lepatriotebenin.com\/index.php\/2025\/07\/22\/mercato-bryan-mbeumo-signe-a-manchester-united-pour-un-transfert-historique\/#breadcrumb"},"inLanguage":"fr-FR","potentialAction":[{"@type":"ReadAction","target":["https:\/\/lepatriotebenin.com\/index.php\/2025\/07\/22\/mercato-bryan-mbeumo-signe-a-manchester-united-pour-un-transfert-historique\/"]}]},{"@type":"ImageObject","inLanguage":"fr-FR","@id":"https:\/\/lepatriotebenin.com\/index.php\/2025\/07\/22\/mercato-bryan-mbeumo-signe-a-manchester-united-pour-un-transfert-historique\/#primaryimage","url":"https:\/\/lepatriotebenin.com\/wp-content\/uploads\/2025\/07\/bryan.jpg","contentUrl":"https:\/\/lepatriotebenin.com\/wp-content\/uploads\/2025\/07\/bryan.jpg","width":1024,"height":576},{"@type":"BreadcrumbList","@id":"https:\/\/lepatriotebenin.com\/index.php\/2025\/07\/22\/mercato-bryan-mbeumo-signe-a-manchester-united-pour-un-transfert-historique\/#breadcrumb","itemListElement":[{"@type":"ListItem","position":1,"name":"Accueil","item":"https:\/\/lepatriotebenin.com\/"},{"@type":"ListItem","position":2,"name":"Mercato : Bryan Mbeumo signe \u00e0 Manchester United pour un transfert historique"}]},{"@type":"WebSite","@id":"https:\/\/lepatriotebenin.com\/#website","url":"https:\/\/lepatriotebenin.com\/","name":"Le Patriote","description":"Le Patriote B\u00e9nin","potentialAction":[{"@type":"SearchAction","target":{"@type":"EntryPoint","urlTemplate":"https:\/\/lepatriotebenin.com\/?s={search_term_string}"},"query-input":{"@type":"PropertyValueSpecification","valueRequired":true,"valueName":"search_term_string"}}],"inLanguage":"fr-FR"},{"@type":"Person","@id":"https:\/\/lepatriotebenin.com\/#\/schema\/person\/4a9b67216c97d04045e01405c534c91f","name":"Roland AFFANOU","image":{"@type":"ImageObject","inLanguage":"fr-FR","@id":"https:\/\/secure.gravatar.com\/avatar\/7209d3f6d2d47ea4d0c67e14d3effb61feb10ae540a4381280c66265de5bd643?s=96&d=mm&r=g","url":"https:\/\/secure.gravatar.com\/avatar\/7209d3f6d2d47ea4d0c67e14d3effb61feb10ae540a4381280c66265de5bd643?s=96&d=mm&r=g","contentUrl":"https:\/\/secure.gravatar.com\/avatar\/7209d3f6d2d47ea4d0c67e14d3effb61feb10ae540a4381280c66265de5bd643?s=96&d=mm&r=g","caption":"Roland AFFANOU"},"url":"https:\/\/lepatriotebenin.com"}]}},"_links":{"self":[{"href":"https:\/\/lepatriotebenin.com\/index.php\/wp-json\/wp\/v2\/posts\/12279","targetHints":{"allow":["GET"]}}],"collection":[{"href":"https:\/\/lepatriotebenin.com\/index.php\/wp-json\/wp\/v2\/posts"}],"about":[{"href":"https:\/\/lepatriotebenin.com\/index.php\/wp-json\/wp\/v2\/types\/post"}],"author":[{"embeddable":true,"href":"https:\/\/lepatriotebenin.com\/index.php\/wp-json\/wp\/v2\/users\/6"}],"replies":[{"embeddable":true,"href":"https:\/\/lepatriotebenin.com\/index.php\/wp-json\/wp\/v2\/comments?post=12279"}],"version-history":[{"count":1,"href":"https:\/\/lepatriotebenin.com\/index.php\/wp-json\/wp\/v2\/posts\/12279\/revisions"}],"predecessor-version":[{"id":12281,"href":"https:\/\/lepatriotebenin.com\/index.php\/wp-json\/wp\/v2\/posts\/12279\/revisions\/12281"}],"wp:featuredmedia":[{"embeddable":true,"href":"https:\/\/lepatriotebenin.com\/index.php\/wp-json\/wp\/v2\/media\/12280"}],"wp:attachment":[{"href":"https:\/\/lepatriotebenin.com\/index.php\/wp-json\/wp\/v2\/media?parent=12279"}],"wp:term":[{"taxonomy":"category","embeddable":true,"href":"https:\/\/lepatriotebenin.com\/index.php\/wp-json\/wp\/v2\/categories?post=12279"},{"taxonomy":"post_tag","embeddable":true,"href":"https:\/\/lepatriotebenin.com\/index.php\/wp-json\/wp\/v2\/tags?post=12279"}],"curies":[{"name":"wp","href":"https:\/\/api.w.org\/{rel}","templated":true}]}}