{"id":12266,"date":"2025-07-21T22:36:43","date_gmt":"2025-07-21T20:36:43","guid":{"rendered":"https:\/\/lepatriotebenin.com\/?p=12266"},"modified":"2025-07-21T23:20:46","modified_gmt":"2025-07-21T21:20:46","slug":"affaire-hugues-s-sossoukpe-etienne-etchinho-contredit-wilfried-l-houngbedji","status":"publish","type":"post","link":"https:\/\/lepatriotebenin.com\/index.php\/2025\/07\/21\/affaire-hugues-s-sossoukpe-etienne-etchinho-contredit-wilfried-l-houngbedji\/","title":{"rendered":"Affaire Hugues C. Sossoukp\u00e8: Etienne Etchinho contredit Wilfried L. Houngb\u00e9dji"},"content":{"rendered":"<p>Les propos tenus par le porte-parole et Secr\u00e9taire g\u00e9n\u00e9ral adjoint du gouvernement, <strong>Wilfried L\u00e9andre Houngb\u00e9dji,<\/strong> ce <strong>dimanche 20 juillet 2025<\/strong> sur la chaine de la t\u00e9l\u00e9vision priv\u00e9e de Canal 3 B\u00e9nin au sujet de \u00a0l\u2019enl\u00e8vement et de la d\u00e9tention du journaliste r\u00e9fugi\u00e9 <strong>Hugues Comlan Sossoukp\u00e8,<\/strong> a suscit\u00e9 une r\u00e9action de la part de l\u2019Enseignant \u00e0 la retraite Etienne Etchinho. Dans un texte rendu public, ce <strong>lundi 20 juillet 2025,<\/strong> il a apport\u00e9 des clarifications\u00a0 \u00e0 certaines d\u00e9clarations du porte-parole du gouvernement.\u00a0 Pour lui, \u00ab<em>\u00a0les d\u00e9clarations du porte-parole du gouvernement b\u00e9ninois, loin d\u2019apaiser les inqui\u00e9tudes, r\u00e9v\u00e8lent une volont\u00e9 de l\u00e9gitimer l\u2019injustifiable\u00a0<\/em>\u00bb.\u00a0 Il a pr\u00e9cis\u00e9\u00a0 qu\u2019<em> \u00ab il s\u2019agit d\u2019un pr\u00e9c\u00e9dent alarmant pour tous les journalistes, activistes et exil\u00e9s politiques en Afrique\u00a0\u00bb.<\/em> Il\u00a0 a par\u00a0 ailleurs soulign\u00e9 que\u00a0 cette r\u00e9ponse vise \u00e0 r\u00e9tablir la v\u00e9rit\u00e9, rappeler le cadre l\u00e9gal et d\u00e9noncer les violations graves commises dans cette affaire. Lire\u00a0 sa r\u00e9ponse respectivement \u00a0au porte \u2013parole du gouvernement et\u00a0 \u00e0 Kmal Radji<\/p>\n<p><img fetchpriority=\"high\" decoding=\"async\" class=\"alignnone size-medium wp-image-12267\" src=\"https:\/\/lepatriotebenin.com\/wp-content\/uploads\/2025\/07\/reponse-aux-declarations-du-porte-parole-du-gouvernement-sur-laffaire-sossoukpe-page-0001-212x300.jpg\" alt=\"\" width=\"212\" height=\"300\" srcset=\"https:\/\/lepatriotebenin.com\/wp-content\/uploads\/2025\/07\/reponse-aux-declarations-du-porte-parole-du-gouvernement-sur-laffaire-sossoukpe-page-0001-212x300.jpg 212w, https:\/\/lepatriotebenin.com\/wp-content\/uploads\/2025\/07\/reponse-aux-declarations-du-porte-parole-du-gouvernement-sur-laffaire-sossoukpe-page-0001-724x1024.jpg 724w, https:\/\/lepatriotebenin.com\/wp-content\/uploads\/2025\/07\/reponse-aux-declarations-du-porte-parole-du-gouvernement-sur-laffaire-sossoukpe-page-0001-768x1086.jpg 768w, https:\/\/lepatriotebenin.com\/wp-content\/uploads\/2025\/07\/reponse-aux-declarations-du-porte-parole-du-gouvernement-sur-laffaire-sossoukpe-page-0001-1086x1536.jpg 1086w, https:\/\/lepatriotebenin.com\/wp-content\/uploads\/2025\/07\/reponse-aux-declarations-du-porte-parole-du-gouvernement-sur-laffaire-sossoukpe-page-0001-1170x1655.jpg 1170w, https:\/\/lepatriotebenin.com\/wp-content\/uploads\/2025\/07\/reponse-aux-declarations-du-porte-parole-du-gouvernement-sur-laffaire-sossoukpe-page-0001-585x827.jpg 585w, https:\/\/lepatriotebenin.com\/wp-content\/uploads\/2025\/07\/reponse-aux-declarations-du-porte-parole-du-gouvernement-sur-laffaire-sossoukpe-page-0001.jpg 1241w\" sizes=\"(max-width: 212px) 100vw, 212px\" \/><img decoding=\"async\" class=\"alignnone size-medium wp-image-12268\" src=\"https:\/\/lepatriotebenin.com\/wp-content\/uploads\/2025\/07\/reponse-aux-declarations-du-porte-parole-du-gouvernement-sur-laffaire-sossoukpe-page-0002-212x300.jpg\" alt=\"\" width=\"212\" height=\"300\" srcset=\"https:\/\/lepatriotebenin.com\/wp-content\/uploads\/2025\/07\/reponse-aux-declarations-du-porte-parole-du-gouvernement-sur-laffaire-sossoukpe-page-0002-212x300.jpg 212w, https:\/\/lepatriotebenin.com\/wp-content\/uploads\/2025\/07\/reponse-aux-declarations-du-porte-parole-du-gouvernement-sur-laffaire-sossoukpe-page-0002-724x1024.jpg 724w, https:\/\/lepatriotebenin.com\/wp-content\/uploads\/2025\/07\/reponse-aux-declarations-du-porte-parole-du-gouvernement-sur-laffaire-sossoukpe-page-0002-768x1086.jpg 768w, https:\/\/lepatriotebenin.com\/wp-content\/uploads\/2025\/07\/reponse-aux-declarations-du-porte-parole-du-gouvernement-sur-laffaire-sossoukpe-page-0002-1086x1536.jpg 1086w, https:\/\/lepatriotebenin.com\/wp-content\/uploads\/2025\/07\/reponse-aux-declarations-du-porte-parole-du-gouvernement-sur-laffaire-sossoukpe-page-0002-1170x1655.jpg 1170w, https:\/\/lepatriotebenin.com\/wp-content\/uploads\/2025\/07\/reponse-aux-declarations-du-porte-parole-du-gouvernement-sur-laffaire-sossoukpe-page-0002-585x827.jpg 585w, https:\/\/lepatriotebenin.com\/wp-content\/uploads\/2025\/07\/reponse-aux-declarations-du-porte-parole-du-gouvernement-sur-laffaire-sossoukpe-page-0002.jpg 1241w\" sizes=\"(max-width: 212px) 100vw, 212px\" \/><img decoding=\"async\" class=\"alignnone size-medium wp-image-12269\" src=\"https:\/\/lepatriotebenin.com\/wp-content\/uploads\/2025\/07\/reponse-aux-declarations-du-porte-parole-du-gouvernement-sur-laffaire-sossoukpe-page-0003-212x300.jpg\" alt=\"\" width=\"212\" height=\"300\" srcset=\"https:\/\/lepatriotebenin.com\/wp-content\/uploads\/2025\/07\/reponse-aux-declarations-du-porte-parole-du-gouvernement-sur-laffaire-sossoukpe-page-0003-212x300.jpg 212w, https:\/\/lepatriotebenin.com\/wp-content\/uploads\/2025\/07\/reponse-aux-declarations-du-porte-parole-du-gouvernement-sur-laffaire-sossoukpe-page-0003-724x1024.jpg 724w, https:\/\/lepatriotebenin.com\/wp-content\/uploads\/2025\/07\/reponse-aux-declarations-du-porte-parole-du-gouvernement-sur-laffaire-sossoukpe-page-0003-768x1086.jpg 768w, https:\/\/lepatriotebenin.com\/wp-content\/uploads\/2025\/07\/reponse-aux-declarations-du-porte-parole-du-gouvernement-sur-laffaire-sossoukpe-page-0003-1086x1536.jpg 1086w, https:\/\/lepatriotebenin.com\/wp-content\/uploads\/2025\/07\/reponse-aux-declarations-du-porte-parole-du-gouvernement-sur-laffaire-sossoukpe-page-0003-1170x1655.jpg 1170w, https:\/\/lepatriotebenin.com\/wp-content\/uploads\/2025\/07\/reponse-aux-declarations-du-porte-parole-du-gouvernement-sur-laffaire-sossoukpe-page-0003-585x827.jpg 585w, https:\/\/lepatriotebenin.com\/wp-content\/uploads\/2025\/07\/reponse-aux-declarations-du-porte-parole-du-gouvernement-sur-laffaire-sossoukpe-page-0003.jpg 1241w\" sizes=\"(max-width: 212px) 100vw, 212px\" \/><\/p>\n<p><img loading=\"lazy\" decoding=\"async\" class=\"alignnone size-medium wp-image-12270\" src=\"https:\/\/lepatriotebenin.com\/wp-content\/uploads\/2025\/07\/reponse-a-la-publication-de-kmal-radji-facebook-sur-hugues-sossoukpe-page-0001-212x300.jpg\" alt=\"\" width=\"212\" height=\"300\" srcset=\"https:\/\/lepatriotebenin.com\/wp-content\/uploads\/2025\/07\/reponse-a-la-publication-de-kmal-radji-facebook-sur-hugues-sossoukpe-page-0001-212x300.jpg 212w, https:\/\/lepatriotebenin.com\/wp-content\/uploads\/2025\/07\/reponse-a-la-publication-de-kmal-radji-facebook-sur-hugues-sossoukpe-page-0001-724x1024.jpg 724w, https:\/\/lepatriotebenin.com\/wp-content\/uploads\/2025\/07\/reponse-a-la-publication-de-kmal-radji-facebook-sur-hugues-sossoukpe-page-0001-768x1086.jpg 768w, https:\/\/lepatriotebenin.com\/wp-content\/uploads\/2025\/07\/reponse-a-la-publication-de-kmal-radji-facebook-sur-hugues-sossoukpe-page-0001-1086x1536.jpg 1086w, https:\/\/lepatriotebenin.com\/wp-content\/uploads\/2025\/07\/reponse-a-la-publication-de-kmal-radji-facebook-sur-hugues-sossoukpe-page-0001-1170x1655.jpg 1170w, https:\/\/lepatriotebenin.com\/wp-content\/uploads\/2025\/07\/reponse-a-la-publication-de-kmal-radji-facebook-sur-hugues-sossoukpe-page-0001-585x827.jpg 585w, https:\/\/lepatriotebenin.com\/wp-content\/uploads\/2025\/07\/reponse-a-la-publication-de-kmal-radji-facebook-sur-hugues-sossoukpe-page-0001.jpg 1241w\" sizes=\"(max-width: 212px) 100vw, 212px\" \/><img loading=\"lazy\" decoding=\"async\" class=\"alignnone size-medium wp-image-12271\" src=\"https:\/\/lepatriotebenin.com\/wp-content\/uploads\/2025\/07\/reponse-a-la-publication-de-kmal-radji-facebook-sur-hugues-sossoukpe-page-0002-212x300.jpg\" alt=\"\" width=\"212\" height=\"300\" srcset=\"https:\/\/lepatriotebenin.com\/wp-content\/uploads\/2025\/07\/reponse-a-la-publication-de-kmal-radji-facebook-sur-hugues-sossoukpe-page-0002-212x300.jpg 212w, https:\/\/lepatriotebenin.com\/wp-content\/uploads\/2025\/07\/reponse-a-la-publication-de-kmal-radji-facebook-sur-hugues-sossoukpe-page-0002-724x1024.jpg 724w, https:\/\/lepatriotebenin.com\/wp-content\/uploads\/2025\/07\/reponse-a-la-publication-de-kmal-radji-facebook-sur-hugues-sossoukpe-page-0002-768x1086.jpg 768w, https:\/\/lepatriotebenin.com\/wp-content\/uploads\/2025\/07\/reponse-a-la-publication-de-kmal-radji-facebook-sur-hugues-sossoukpe-page-0002-1086x1536.jpg 1086w, https:\/\/lepatriotebenin.com\/wp-content\/uploads\/2025\/07\/reponse-a-la-publication-de-kmal-radji-facebook-sur-hugues-sossoukpe-page-0002-1170x1655.jpg 1170w, https:\/\/lepatriotebenin.com\/wp-content\/uploads\/2025\/07\/reponse-a-la-publication-de-kmal-radji-facebook-sur-hugues-sossoukpe-page-0002-585x827.jpg 585w, https:\/\/lepatriotebenin.com\/wp-content\/uploads\/2025\/07\/reponse-a-la-publication-de-kmal-radji-facebook-sur-hugues-sossoukpe-page-0002.jpg 1241w\" sizes=\"(max-width: 212px) 100vw, 212px\" \/><\/p>\n<p>&nbsp;<\/p>\n","protected":false},"excerpt":{"rendered":"<p>Les propos tenus par le porte-parole et Secr\u00e9taire g\u00e9n\u00e9ral adjoint du gouvernement, Wilfried L\u00e9andre Houngb\u00e9dji, ce dimanche 20 juillet 2025 sur la chaine de la t\u00e9l\u00e9vision priv\u00e9e de Canal 3&hellip;<\/p>\n","protected":false},"author":6,"featured_media":12034,"comment_status":"open","ping_status":"open","sticky":false,"template":"","format":"standard","meta":{"content-type":"","om_disable_all_campaigns":false,"_monsterinsights_skip_tracking":false,"_monsterinsights_sitenote_active":false,"_monsterinsights_sitenote_note":"","_monsterinsights_sitenote_category":0,"_uf_show_specific_survey":0,"_uf_disable_surveys":false,"footnotes":""},"categories":[20],"tags":[],"class_list":["post-12266","post","type-post","status-publish","format-standard","has-post-thumbnail","hentry","category-societe"],"aioseo_notices":[],"yoast_head":"<!-- This site is optimized with the Yoast SEO plugin v27.5 - https:\/\/yoast.com\/product\/yoast-seo-wordpress\/ -->\n<title>Affaire Hugues C. Sossoukp\u00e8: Etienne Etchinho contredit Wilfried L. Houngb\u00e9dji - Le Patriote<\/title>\n<meta name=\"robots\" content=\"index, follow, max-snippet:-1, max-image-preview:large, max-video-preview:-1\" \/>\n<link rel=\"canonical\" href=\"https:\/\/lepatriotebenin.com\/index.php\/2025\/07\/21\/affaire-hugues-s-sossoukpe-etienne-etchinho-contredit-wilfried-l-houngbedji\/\" \/>\n<meta property=\"og:locale\" content=\"fr_FR\" \/>\n<meta property=\"og:type\" content=\"article\" \/>\n<meta property=\"og:title\" content=\"Affaire Hugues C. Sossoukp\u00e8: Etienne Etchinho contredit Wilfried L. Houngb\u00e9dji - Le Patriote\" \/>\n<meta property=\"og:description\" content=\"Les propos tenus par le porte-parole et Secr\u00e9taire g\u00e9n\u00e9ral adjoint du gouvernement, Wilfried L\u00e9andre Houngb\u00e9dji, ce dimanche 20 juillet 2025 sur la chaine de la t\u00e9l\u00e9vision priv\u00e9e de Canal 3&hellip;\" \/>\n<meta property=\"og:url\" content=\"https:\/\/lepatriotebenin.com\/index.php\/2025\/07\/21\/affaire-hugues-s-sossoukpe-etienne-etchinho-contredit-wilfried-l-houngbedji\/\" \/>\n<meta property=\"og:site_name\" content=\"Le Patriote\" \/>\n<meta property=\"article:published_time\" content=\"2025-07-21T20:36:43+00:00\" \/>\n<meta property=\"article:modified_time\" content=\"2025-07-21T21:20:46+00:00\" \/>\n<meta property=\"og:image\" content=\"https:\/\/lepatriotebenin.com\/wp-content\/uploads\/2025\/07\/hugues-benin.png\" \/>\n\t<meta property=\"og:image:width\" content=\"1440\" \/>\n\t<meta property=\"og:image:height\" content=\"534\" \/>\n\t<meta property=\"og:image:type\" content=\"image\/png\" \/>\n<meta name=\"author\" content=\"Roland AFFANOU\" \/>\n<meta name=\"twitter:card\" content=\"summary_large_image\" \/>\n<meta name=\"twitter:label1\" content=\"\u00c9crit par\" \/>\n\t<meta name=\"twitter:data1\" content=\"Roland AFFANOU\" \/>\n\t<meta name=\"twitter:label2\" content=\"Dur\u00e9e de lecture estim\u00e9e\" \/>\n\t<meta name=\"twitter:data2\" content=\"3 minutes\" \/>\n<script type=\"application\/ld+json\" class=\"yoast-schema-graph\">{\"@context\":\"https:\\\/\\\/schema.org\",\"@graph\":[{\"@type\":\"Article\",\"@id\":\"https:\\\/\\\/lepatriotebenin.com\\\/index.php\\\/2025\\\/07\\\/21\\\/affaire-hugues-s-sossoukpe-etienne-etchinho-contredit-wilfried-l-houngbedji\\\/#article\",\"isPartOf\":{\"@id\":\"https:\\\/\\\/lepatriotebenin.com\\\/index.php\\\/2025\\\/07\\\/21\\\/affaire-hugues-s-sossoukpe-etienne-etchinho-contredit-wilfried-l-houngbedji\\\/\"},\"author\":{\"name\":\"Roland AFFANOU\",\"@id\":\"https:\\\/\\\/lepatriotebenin.com\\\/#\\\/schema\\\/person\\\/4a9b67216c97d04045e01405c534c91f\"},\"headline\":\"Affaire Hugues C. Sossoukp\u00e8: Etienne Etchinho contredit Wilfried L. Houngb\u00e9dji\",\"datePublished\":\"2025-07-21T20:36:43+00:00\",\"dateModified\":\"2025-07-21T21:20:46+00:00\",\"mainEntityOfPage\":{\"@id\":\"https:\\\/\\\/lepatriotebenin.com\\\/index.php\\\/2025\\\/07\\\/21\\\/affaire-hugues-s-sossoukpe-etienne-etchinho-contredit-wilfried-l-houngbedji\\\/\"},\"wordCount\":197,\"commentCount\":0,\"image\":{\"@id\":\"https:\\\/\\\/lepatriotebenin.com\\\/index.php\\\/2025\\\/07\\\/21\\\/affaire-hugues-s-sossoukpe-etienne-etchinho-contredit-wilfried-l-houngbedji\\\/#primaryimage\"},\"thumbnailUrl\":\"https:\\\/\\\/lepatriotebenin.com\\\/wp-content\\\/uploads\\\/2025\\\/07\\\/hugues-benin.png\",\"articleSection\":[\"Soci\u00e9t\u00e9\"],\"inLanguage\":\"fr-FR\",\"potentialAction\":[{\"@type\":\"CommentAction\",\"name\":\"Comment\",\"target\":[\"https:\\\/\\\/lepatriotebenin.com\\\/index.php\\\/2025\\\/07\\\/21\\\/affaire-hugues-s-sossoukpe-etienne-etchinho-contredit-wilfried-l-houngbedji\\\/#respond\"]}]},{\"@type\":\"WebPage\",\"@id\":\"https:\\\/\\\/lepatriotebenin.com\\\/index.php\\\/2025\\\/07\\\/21\\\/affaire-hugues-s-sossoukpe-etienne-etchinho-contredit-wilfried-l-houngbedji\\\/\",\"url\":\"https:\\\/\\\/lepatriotebenin.com\\\/index.php\\\/2025\\\/07\\\/21\\\/affaire-hugues-s-sossoukpe-etienne-etchinho-contredit-wilfried-l-houngbedji\\\/\",\"name\":\"Affaire Hugues C. Sossoukp\u00e8: Etienne Etchinho contredit Wilfried L. Houngb\u00e9dji - Le Patriote\",\"isPartOf\":{\"@id\":\"https:\\\/\\\/lepatriotebenin.com\\\/#website\"},\"primaryImageOfPage\":{\"@id\":\"https:\\\/\\\/lepatriotebenin.com\\\/index.php\\\/2025\\\/07\\\/21\\\/affaire-hugues-s-sossoukpe-etienne-etchinho-contredit-wilfried-l-houngbedji\\\/#primaryimage\"},\"image\":{\"@id\":\"https:\\\/\\\/lepatriotebenin.com\\\/index.php\\\/2025\\\/07\\\/21\\\/affaire-hugues-s-sossoukpe-etienne-etchinho-contredit-wilfried-l-houngbedji\\\/#primaryimage\"},\"thumbnailUrl\":\"https:\\\/\\\/lepatriotebenin.com\\\/wp-content\\\/uploads\\\/2025\\\/07\\\/hugues-benin.png\",\"datePublished\":\"2025-07-21T20:36:43+00:00\",\"dateModified\":\"2025-07-21T21:20:46+00:00\",\"author\":{\"@id\":\"https:\\\/\\\/lepatriotebenin.com\\\/#\\\/schema\\\/person\\\/4a9b67216c97d04045e01405c534c91f\"},\"breadcrumb\":{\"@id\":\"https:\\\/\\\/lepatriotebenin.com\\\/index.php\\\/2025\\\/07\\\/21\\\/affaire-hugues-s-sossoukpe-etienne-etchinho-contredit-wilfried-l-houngbedji\\\/#breadcrumb\"},\"inLanguage\":\"fr-FR\",\"potentialAction\":[{\"@type\":\"ReadAction\",\"target\":[\"https:\\\/\\\/lepatriotebenin.com\\\/index.php\\\/2025\\\/07\\\/21\\\/affaire-hugues-s-sossoukpe-etienne-etchinho-contredit-wilfried-l-houngbedji\\\/\"]}]},{\"@type\":\"ImageObject\",\"inLanguage\":\"fr-FR\",\"@id\":\"https:\\\/\\\/lepatriotebenin.com\\\/index.php\\\/2025\\\/07\\\/21\\\/affaire-hugues-s-sossoukpe-etienne-etchinho-contredit-wilfried-l-houngbedji\\\/#primaryimage\",\"url\":\"https:\\\/\\\/lepatriotebenin.com\\\/wp-content\\\/uploads\\\/2025\\\/07\\\/hugues-benin.png\",\"contentUrl\":\"https:\\\/\\\/lepatriotebenin.com\\\/wp-content\\\/uploads\\\/2025\\\/07\\\/hugues-benin.png\",\"width\":1440,\"height\":534},{\"@type\":\"BreadcrumbList\",\"@id\":\"https:\\\/\\\/lepatriotebenin.com\\\/index.php\\\/2025\\\/07\\\/21\\\/affaire-hugues-s-sossoukpe-etienne-etchinho-contredit-wilfried-l-houngbedji\\\/#breadcrumb\",\"itemListElement\":[{\"@type\":\"ListItem\",\"position\":1,\"name\":\"Accueil\",\"item\":\"https:\\\/\\\/lepatriotebenin.com\\\/\"},{\"@type\":\"ListItem\",\"position\":2,\"name\":\"Affaire Hugues C. Sossoukp\u00e8: Etienne Etchinho contredit Wilfried L. Houngb\u00e9dji\"}]},{\"@type\":\"WebSite\",\"@id\":\"https:\\\/\\\/lepatriotebenin.com\\\/#website\",\"url\":\"https:\\\/\\\/lepatriotebenin.com\\\/\",\"name\":\"Le Patriote\",\"description\":\"Le Patriote B\u00e9nin\",\"potentialAction\":[{\"@type\":\"SearchAction\",\"target\":{\"@type\":\"EntryPoint\",\"urlTemplate\":\"https:\\\/\\\/lepatriotebenin.com\\\/?s={search_term_string}\"},\"query-input\":{\"@type\":\"PropertyValueSpecification\",\"valueRequired\":true,\"valueName\":\"search_term_string\"}}],\"inLanguage\":\"fr-FR\"},{\"@type\":\"Person\",\"@id\":\"https:\\\/\\\/lepatriotebenin.com\\\/#\\\/schema\\\/person\\\/4a9b67216c97d04045e01405c534c91f\",\"name\":\"Roland AFFANOU\",\"image\":{\"@type\":\"ImageObject\",\"inLanguage\":\"fr-FR\",\"@id\":\"https:\\\/\\\/secure.gravatar.com\\\/avatar\\\/7209d3f6d2d47ea4d0c67e14d3effb61feb10ae540a4381280c66265de5bd643?s=96&d=mm&r=g\",\"url\":\"https:\\\/\\\/secure.gravatar.com\\\/avatar\\\/7209d3f6d2d47ea4d0c67e14d3effb61feb10ae540a4381280c66265de5bd643?s=96&d=mm&r=g\",\"contentUrl\":\"https:\\\/\\\/secure.gravatar.com\\\/avatar\\\/7209d3f6d2d47ea4d0c67e14d3effb61feb10ae540a4381280c66265de5bd643?s=96&d=mm&r=g\",\"caption\":\"Roland AFFANOU\"},\"url\":\"https:\\\/\\\/lepatriotebenin.com\"}]}<\/script>\n<!-- \/ Yoast SEO plugin. -->","yoast_head_json":{"title":"Affaire Hugues C. Sossoukp\u00e8: Etienne Etchinho contredit Wilfried L. Houngb\u00e9dji - Le Patriote","robots":{"index":"index","follow":"follow","max-snippet":"max-snippet:-1","max-image-preview":"max-image-preview:large","max-video-preview":"max-video-preview:-1"},"canonical":"https:\/\/lepatriotebenin.com\/index.php\/2025\/07\/21\/affaire-hugues-s-sossoukpe-etienne-etchinho-contredit-wilfried-l-houngbedji\/","og_locale":"fr_FR","og_type":"article","og_title":"Affaire Hugues C. Sossoukp\u00e8: Etienne Etchinho contredit Wilfried L. Houngb\u00e9dji - Le Patriote","og_description":"Les propos tenus par le porte-parole et Secr\u00e9taire g\u00e9n\u00e9ral adjoint du gouvernement, Wilfried L\u00e9andre Houngb\u00e9dji, ce dimanche 20 juillet 2025 sur la chaine de la t\u00e9l\u00e9vision priv\u00e9e de Canal 3&hellip;","og_url":"https:\/\/lepatriotebenin.com\/index.php\/2025\/07\/21\/affaire-hugues-s-sossoukpe-etienne-etchinho-contredit-wilfried-l-houngbedji\/","og_site_name":"Le Patriote","article_published_time":"2025-07-21T20:36:43+00:00","article_modified_time":"2025-07-21T21:20:46+00:00","og_image":[{"width":1440,"height":534,"url":"https:\/\/lepatriotebenin.com\/wp-content\/uploads\/2025\/07\/hugues-benin.png","type":"image\/png"}],"author":"Roland AFFANOU","twitter_card":"summary_large_image","twitter_misc":{"\u00c9crit par":"Roland AFFANOU","Dur\u00e9e de lecture estim\u00e9e":"3 minutes"},"schema":{"@context":"https:\/\/schema.org","@graph":[{"@type":"Article","@id":"https:\/\/lepatriotebenin.com\/index.php\/2025\/07\/21\/affaire-hugues-s-sossoukpe-etienne-etchinho-contredit-wilfried-l-houngbedji\/#article","isPartOf":{"@id":"https:\/\/lepatriotebenin.com\/index.php\/2025\/07\/21\/affaire-hugues-s-sossoukpe-etienne-etchinho-contredit-wilfried-l-houngbedji\/"},"author":{"name":"Roland AFFANOU","@id":"https:\/\/lepatriotebenin.com\/#\/schema\/person\/4a9b67216c97d04045e01405c534c91f"},"headline":"Affaire Hugues C. Sossoukp\u00e8: Etienne Etchinho contredit Wilfried L. Houngb\u00e9dji","datePublished":"2025-07-21T20:36:43+00:00","dateModified":"2025-07-21T21:20:46+00:00","mainEntityOfPage":{"@id":"https:\/\/lepatriotebenin.com\/index.php\/2025\/07\/21\/affaire-hugues-s-sossoukpe-etienne-etchinho-contredit-wilfried-l-houngbedji\/"},"wordCount":197,"commentCount":0,"image":{"@id":"https:\/\/lepatriotebenin.com\/index.php\/2025\/07\/21\/affaire-hugues-s-sossoukpe-etienne-etchinho-contredit-wilfried-l-houngbedji\/#primaryimage"},"thumbnailUrl":"https:\/\/lepatriotebenin.com\/wp-content\/uploads\/2025\/07\/hugues-benin.png","articleSection":["Soci\u00e9t\u00e9"],"inLanguage":"fr-FR","potentialAction":[{"@type":"CommentAction","name":"Comment","target":["https:\/\/lepatriotebenin.com\/index.php\/2025\/07\/21\/affaire-hugues-s-sossoukpe-etienne-etchinho-contredit-wilfried-l-houngbedji\/#respond"]}]},{"@type":"WebPage","@id":"https:\/\/lepatriotebenin.com\/index.php\/2025\/07\/21\/affaire-hugues-s-sossoukpe-etienne-etchinho-contredit-wilfried-l-houngbedji\/","url":"https:\/\/lepatriotebenin.com\/index.php\/2025\/07\/21\/affaire-hugues-s-sossoukpe-etienne-etchinho-contredit-wilfried-l-houngbedji\/","name":"Affaire Hugues C. Sossoukp\u00e8: Etienne Etchinho contredit Wilfried L. Houngb\u00e9dji - Le Patriote","isPartOf":{"@id":"https:\/\/lepatriotebenin.com\/#website"},"primaryImageOfPage":{"@id":"https:\/\/lepatriotebenin.com\/index.php\/2025\/07\/21\/affaire-hugues-s-sossoukpe-etienne-etchinho-contredit-wilfried-l-houngbedji\/#primaryimage"},"image":{"@id":"https:\/\/lepatriotebenin.com\/index.php\/2025\/07\/21\/affaire-hugues-s-sossoukpe-etienne-etchinho-contredit-wilfried-l-houngbedji\/#primaryimage"},"thumbnailUrl":"https:\/\/lepatriotebenin.com\/wp-content\/uploads\/2025\/07\/hugues-benin.png","datePublished":"2025-07-21T20:36:43+00:00","dateModified":"2025-07-21T21:20:46+00:00","author":{"@id":"https:\/\/lepatriotebenin.com\/#\/schema\/person\/4a9b67216c97d04045e01405c534c91f"},"breadcrumb":{"@id":"https:\/\/lepatriotebenin.com\/index.php\/2025\/07\/21\/affaire-hugues-s-sossoukpe-etienne-etchinho-contredit-wilfried-l-houngbedji\/#breadcrumb"},"inLanguage":"fr-FR","potentialAction":[{"@type":"ReadAction","target":["https:\/\/lepatriotebenin.com\/index.php\/2025\/07\/21\/affaire-hugues-s-sossoukpe-etienne-etchinho-contredit-wilfried-l-houngbedji\/"]}]},{"@type":"ImageObject","inLanguage":"fr-FR","@id":"https:\/\/lepatriotebenin.com\/index.php\/2025\/07\/21\/affaire-hugues-s-sossoukpe-etienne-etchinho-contredit-wilfried-l-houngbedji\/#primaryimage","url":"https:\/\/lepatriotebenin.com\/wp-content\/uploads\/2025\/07\/hugues-benin.png","contentUrl":"https:\/\/lepatriotebenin.com\/wp-content\/uploads\/2025\/07\/hugues-benin.png","width":1440,"height":534},{"@type":"BreadcrumbList","@id":"https:\/\/lepatriotebenin.com\/index.php\/2025\/07\/21\/affaire-hugues-s-sossoukpe-etienne-etchinho-contredit-wilfried-l-houngbedji\/#breadcrumb","itemListElement":[{"@type":"ListItem","position":1,"name":"Accueil","item":"https:\/\/lepatriotebenin.com\/"},{"@type":"ListItem","position":2,"name":"Affaire Hugues C. Sossoukp\u00e8: Etienne Etchinho contredit Wilfried L. Houngb\u00e9dji"}]},{"@type":"WebSite","@id":"https:\/\/lepatriotebenin.com\/#website","url":"https:\/\/lepatriotebenin.com\/","name":"Le Patriote","description":"Le Patriote B\u00e9nin","potentialAction":[{"@type":"SearchAction","target":{"@type":"EntryPoint","urlTemplate":"https:\/\/lepatriotebenin.com\/?s={search_term_string}"},"query-input":{"@type":"PropertyValueSpecification","valueRequired":true,"valueName":"search_term_string"}}],"inLanguage":"fr-FR"},{"@type":"Person","@id":"https:\/\/lepatriotebenin.com\/#\/schema\/person\/4a9b67216c97d04045e01405c534c91f","name":"Roland AFFANOU","image":{"@type":"ImageObject","inLanguage":"fr-FR","@id":"https:\/\/secure.gravatar.com\/avatar\/7209d3f6d2d47ea4d0c67e14d3effb61feb10ae540a4381280c66265de5bd643?s=96&d=mm&r=g","url":"https:\/\/secure.gravatar.com\/avatar\/7209d3f6d2d47ea4d0c67e14d3effb61feb10ae540a4381280c66265de5bd643?s=96&d=mm&r=g","contentUrl":"https:\/\/secure.gravatar.com\/avatar\/7209d3f6d2d47ea4d0c67e14d3effb61feb10ae540a4381280c66265de5bd643?s=96&d=mm&r=g","caption":"Roland AFFANOU"},"url":"https:\/\/lepatriotebenin.com"}]}},"_links":{"self":[{"href":"https:\/\/lepatriotebenin.com\/index.php\/wp-json\/wp\/v2\/posts\/12266","targetHints":{"allow":["GET"]}}],"collection":[{"href":"https:\/\/lepatriotebenin.com\/index.php\/wp-json\/wp\/v2\/posts"}],"about":[{"href":"https:\/\/lepatriotebenin.com\/index.php\/wp-json\/wp\/v2\/types\/post"}],"author":[{"embeddable":true,"href":"https:\/\/lepatriotebenin.com\/index.php\/wp-json\/wp\/v2\/users\/6"}],"replies":[{"embeddable":true,"href":"https:\/\/lepatriotebenin.com\/index.php\/wp-json\/wp\/v2\/comments?post=12266"}],"version-history":[{"count":4,"href":"https:\/\/lepatriotebenin.com\/index.php\/wp-json\/wp\/v2\/posts\/12266\/revisions"}],"predecessor-version":[{"id":12275,"href":"https:\/\/lepatriotebenin.com\/index.php\/wp-json\/wp\/v2\/posts\/12266\/revisions\/12275"}],"wp:featuredmedia":[{"embeddable":true,"href":"https:\/\/lepatriotebenin.com\/index.php\/wp-json\/wp\/v2\/media\/12034"}],"wp:attachment":[{"href":"https:\/\/lepatriotebenin.com\/index.php\/wp-json\/wp\/v2\/media?parent=12266"}],"wp:term":[{"taxonomy":"category","embeddable":true,"href":"https:\/\/lepatriotebenin.com\/index.php\/wp-json\/wp\/v2\/categories?post=12266"},{"taxonomy":"post_tag","embeddable":true,"href":"https:\/\/lepatriotebenin.com\/index.php\/wp-json\/wp\/v2\/tags?post=12266"}],"curies":[{"name":"wp","href":"https:\/\/api.w.org\/{rel}","templated":true}]}}