{"id":12262,"date":"2025-07-21T20:14:48","date_gmt":"2025-07-21T18:14:48","guid":{"rendered":"https:\/\/lepatriotebenin.com\/?p=12262"},"modified":"2025-07-21T20:24:49","modified_gmt":"2025-07-21T18:24:49","slug":"benin-trois-personnes-interpellees-pour-profanation-de-tombes-et-pratiques-oc-cultes-a-copargo","status":"publish","type":"post","link":"https:\/\/lepatriotebenin.com\/index.php\/2025\/07\/21\/benin-trois-personnes-interpellees-pour-profanation-de-tombes-et-pratiques-oc-cultes-a-copargo\/","title":{"rendered":"B\u00e9nin : Trois personnes interpell\u00e9es pour profanation de tombes et pratiques occultes \u00e0 Copargo"},"content":{"rendered":"<p>Dans une enqu\u00eate men\u00e9e du <strong>mercredi 16 au\u00a0 samedi 19 juillet 2025<\/strong> par le commissariat de l\u2019arrondissement de<strong> Pab\u00e9gou<\/strong> dans la commune de <strong>Copargo,<\/strong> trois individus soup\u00e7onn\u00e9s de profanation de tombes, pratiques de charlatanisme et\u00a0 association de malfaiteurs \u00a0ont \u00e9t\u00e9 interpell\u00e9s. \u00a0\u00a0\u00a0L\u2019affaire a \u00e9clat\u00e9 lorsqu\u2019un homme s\u2019est pr\u00e9sent\u00e9\u00a0 lui-m\u00eame au commissariat pour avouer avoir d\u00e9terr\u00e9 \u00a0le cr\u00e2ne de\u00a0 son propre grand fr\u00e8re \u00e0 Yaoura dans l\u2019arrondissement de Copargo. Selon ses propos,\u00a0 l\u2019acte macabre aurait \u00e9t\u00e9 motiv\u00e9\u00a0 par un rituel cens\u00e9 favoriser une bonne production d\u2019ignames. Le cr\u00e2ne devrait servir \u00a0d\u2019ingr\u00e9dient principal \u00e0 un gris-gris pr\u00e9par\u00e9 par un charlatan.<\/p>\n<p>Apr\u00e8s avoir consomm\u00e9 pendant trois jours cons\u00e9cutifs\u00a0 une poudre noire contenant un fragment du \u00a0cr\u00e2ne, le d\u00e9nonciateur dit avoir \u00a0constat\u00e9 quelques semaines plus tard par \u00eatre hant\u00e9 toutes les nuits\u00a0 par des esprits mal\u00e9fiques qui l\u2019emp\u00eachent de ne plus pouvoir dormir. \u00a0\u00a0Face au silence et \u00e0 l\u2019impuissance\u00a0 du charlatan, il a pris la d\u00e9cision de\u00a0 d\u00e9noncer les\u00a0 faits \u00e0 la police ainsi que ses complices. \u00a0Gr\u00e2ce \u00e0 sa d\u00e9nonciation, \u00a0les policiers ont arr\u00eat\u00e9 ledit charlatan.<\/p>\n<p>Une perquisition au domicile de ce dernier a permis aux enqu\u00eateurs de mettre la main sur le reste\u00a0 du cr\u00e2ne humain, ainsi qu\u2019un arsenal\u00a0 d\u2019objets suspects\u00a0: 4,90 kg de chanvre indien, une dizaine de boulettes de drogue, un pistolet \u00a0artisanal, plusieurs \u00a0talismans, un morceau d\u2019os, un morceau de la peau de ca\u00efman, et une \u00e9pine de porc-\u00e9pic. Ces d\u00e9couvertes viennent alourdir les charges retenues contre les trois individus\u00a0; tous plac\u00e9s en garde \u00e0 vue. L\u2019enqu\u00eate suit son cours\u00a0 pour d\u00e9terminer l\u2019\u00e9tendue des responsabilit\u00e9s et d\u00e9manteler si possible le r\u00e9seau.<\/p>\n","protected":false},"excerpt":{"rendered":"<p>Dans une enqu\u00eate men\u00e9e du mercredi 16 au\u00a0 samedi 19 juillet 2025 par le commissariat de l\u2019arrondissement de Pab\u00e9gou dans la commune de Copargo, trois individus soup\u00e7onn\u00e9s de profanation de&hellip;<\/p>\n","protected":false},"author":6,"featured_media":10555,"comment_status":"open","ping_status":"open","sticky":false,"template":"","format":"standard","meta":{"content-type":"","om_disable_all_campaigns":false,"_monsterinsights_skip_tracking":false,"_monsterinsights_sitenote_active":false,"_monsterinsights_sitenote_note":"","_monsterinsights_sitenote_category":0,"_uf_show_specific_survey":0,"_uf_disable_surveys":false,"footnotes":""},"categories":[20],"tags":[],"class_list":["post-12262","post","type-post","status-publish","format-standard","has-post-thumbnail","hentry","category-societe"],"aioseo_notices":[],"yoast_head":"<!-- This site is optimized with the Yoast SEO plugin v27.5 - https:\/\/yoast.com\/product\/yoast-seo-wordpress\/ -->\n<title>B\u00e9nin : Trois personnes interpell\u00e9es pour profanation de tombes et pratiques occultes \u00e0 Copargo - Le Patriote<\/title>\n<meta name=\"robots\" content=\"index, follow, max-snippet:-1, max-image-preview:large, max-video-preview:-1\" \/>\n<link rel=\"canonical\" href=\"https:\/\/lepatriotebenin.com\/index.php\/2025\/07\/21\/benin-trois-personnes-interpellees-pour-profanation-de-tombes-et-pratiques-oc-cultes-a-copargo\/\" \/>\n<meta property=\"og:locale\" content=\"fr_FR\" \/>\n<meta property=\"og:type\" content=\"article\" \/>\n<meta property=\"og:title\" content=\"B\u00e9nin : Trois personnes interpell\u00e9es pour profanation de tombes et pratiques occultes \u00e0 Copargo - Le Patriote\" \/>\n<meta property=\"og:description\" content=\"Dans une enqu\u00eate men\u00e9e du mercredi 16 au\u00a0 samedi 19 juillet 2025 par le commissariat de l\u2019arrondissement de Pab\u00e9gou dans la commune de Copargo, trois individus soup\u00e7onn\u00e9s de profanation de&hellip;\" \/>\n<meta property=\"og:url\" content=\"https:\/\/lepatriotebenin.com\/index.php\/2025\/07\/21\/benin-trois-personnes-interpellees-pour-profanation-de-tombes-et-pratiques-oc-cultes-a-copargo\/\" \/>\n<meta property=\"og:site_name\" content=\"Le Patriote\" \/>\n<meta property=\"article:published_time\" content=\"2025-07-21T18:14:48+00:00\" \/>\n<meta property=\"article:modified_time\" content=\"2025-07-21T18:24:49+00:00\" \/>\n<meta property=\"og:image\" content=\"https:\/\/lepatriotebenin.com\/wp-content\/uploads\/2025\/05\/police.jpeg\" \/>\n\t<meta property=\"og:image:width\" content=\"275\" \/>\n\t<meta property=\"og:image:height\" content=\"184\" \/>\n\t<meta property=\"og:image:type\" content=\"image\/jpeg\" \/>\n<meta name=\"author\" content=\"Roland AFFANOU\" \/>\n<meta name=\"twitter:card\" content=\"summary_large_image\" \/>\n<meta name=\"twitter:label1\" content=\"\u00c9crit par\" \/>\n\t<meta name=\"twitter:data1\" content=\"Roland AFFANOU\" \/>\n\t<meta name=\"twitter:label2\" content=\"Dur\u00e9e de lecture estim\u00e9e\" \/>\n\t<meta name=\"twitter:data2\" content=\"2 minutes\" \/>\n<script type=\"application\/ld+json\" class=\"yoast-schema-graph\">{\"@context\":\"https:\\\/\\\/schema.org\",\"@graph\":[{\"@type\":\"Article\",\"@id\":\"https:\\\/\\\/lepatriotebenin.com\\\/index.php\\\/2025\\\/07\\\/21\\\/benin-trois-personnes-interpellees-pour-profanation-de-tombes-et-pratiques-oc-cultes-a-copargo\\\/#article\",\"isPartOf\":{\"@id\":\"https:\\\/\\\/lepatriotebenin.com\\\/index.php\\\/2025\\\/07\\\/21\\\/benin-trois-personnes-interpellees-pour-profanation-de-tombes-et-pratiques-oc-cultes-a-copargo\\\/\"},\"author\":{\"name\":\"Roland AFFANOU\",\"@id\":\"https:\\\/\\\/lepatriotebenin.com\\\/#\\\/schema\\\/person\\\/4a9b67216c97d04045e01405c534c91f\"},\"headline\":\"B\u00e9nin : Trois personnes interpell\u00e9es pour profanation de tombes et pratiques occultes \u00e0 Copargo\",\"datePublished\":\"2025-07-21T18:14:48+00:00\",\"dateModified\":\"2025-07-21T18:24:49+00:00\",\"mainEntityOfPage\":{\"@id\":\"https:\\\/\\\/lepatriotebenin.com\\\/index.php\\\/2025\\\/07\\\/21\\\/benin-trois-personnes-interpellees-pour-profanation-de-tombes-et-pratiques-oc-cultes-a-copargo\\\/\"},\"wordCount\":317,\"commentCount\":0,\"image\":{\"@id\":\"https:\\\/\\\/lepatriotebenin.com\\\/index.php\\\/2025\\\/07\\\/21\\\/benin-trois-personnes-interpellees-pour-profanation-de-tombes-et-pratiques-oc-cultes-a-copargo\\\/#primaryimage\"},\"thumbnailUrl\":\"https:\\\/\\\/lepatriotebenin.com\\\/wp-content\\\/uploads\\\/2025\\\/05\\\/police.jpeg\",\"articleSection\":[\"Soci\u00e9t\u00e9\"],\"inLanguage\":\"fr-FR\",\"potentialAction\":[{\"@type\":\"CommentAction\",\"name\":\"Comment\",\"target\":[\"https:\\\/\\\/lepatriotebenin.com\\\/index.php\\\/2025\\\/07\\\/21\\\/benin-trois-personnes-interpellees-pour-profanation-de-tombes-et-pratiques-oc-cultes-a-copargo\\\/#respond\"]}]},{\"@type\":\"WebPage\",\"@id\":\"https:\\\/\\\/lepatriotebenin.com\\\/index.php\\\/2025\\\/07\\\/21\\\/benin-trois-personnes-interpellees-pour-profanation-de-tombes-et-pratiques-oc-cultes-a-copargo\\\/\",\"url\":\"https:\\\/\\\/lepatriotebenin.com\\\/index.php\\\/2025\\\/07\\\/21\\\/benin-trois-personnes-interpellees-pour-profanation-de-tombes-et-pratiques-oc-cultes-a-copargo\\\/\",\"name\":\"B\u00e9nin : Trois personnes interpell\u00e9es pour profanation de tombes et pratiques occultes \u00e0 Copargo - Le Patriote\",\"isPartOf\":{\"@id\":\"https:\\\/\\\/lepatriotebenin.com\\\/#website\"},\"primaryImageOfPage\":{\"@id\":\"https:\\\/\\\/lepatriotebenin.com\\\/index.php\\\/2025\\\/07\\\/21\\\/benin-trois-personnes-interpellees-pour-profanation-de-tombes-et-pratiques-oc-cultes-a-copargo\\\/#primaryimage\"},\"image\":{\"@id\":\"https:\\\/\\\/lepatriotebenin.com\\\/index.php\\\/2025\\\/07\\\/21\\\/benin-trois-personnes-interpellees-pour-profanation-de-tombes-et-pratiques-oc-cultes-a-copargo\\\/#primaryimage\"},\"thumbnailUrl\":\"https:\\\/\\\/lepatriotebenin.com\\\/wp-content\\\/uploads\\\/2025\\\/05\\\/police.jpeg\",\"datePublished\":\"2025-07-21T18:14:48+00:00\",\"dateModified\":\"2025-07-21T18:24:49+00:00\",\"author\":{\"@id\":\"https:\\\/\\\/lepatriotebenin.com\\\/#\\\/schema\\\/person\\\/4a9b67216c97d04045e01405c534c91f\"},\"breadcrumb\":{\"@id\":\"https:\\\/\\\/lepatriotebenin.com\\\/index.php\\\/2025\\\/07\\\/21\\\/benin-trois-personnes-interpellees-pour-profanation-de-tombes-et-pratiques-oc-cultes-a-copargo\\\/#breadcrumb\"},\"inLanguage\":\"fr-FR\",\"potentialAction\":[{\"@type\":\"ReadAction\",\"target\":[\"https:\\\/\\\/lepatriotebenin.com\\\/index.php\\\/2025\\\/07\\\/21\\\/benin-trois-personnes-interpellees-pour-profanation-de-tombes-et-pratiques-oc-cultes-a-copargo\\\/\"]}]},{\"@type\":\"ImageObject\",\"inLanguage\":\"fr-FR\",\"@id\":\"https:\\\/\\\/lepatriotebenin.com\\\/index.php\\\/2025\\\/07\\\/21\\\/benin-trois-personnes-interpellees-pour-profanation-de-tombes-et-pratiques-oc-cultes-a-copargo\\\/#primaryimage\",\"url\":\"https:\\\/\\\/lepatriotebenin.com\\\/wp-content\\\/uploads\\\/2025\\\/05\\\/police.jpeg\",\"contentUrl\":\"https:\\\/\\\/lepatriotebenin.com\\\/wp-content\\\/uploads\\\/2025\\\/05\\\/police.jpeg\",\"width\":275,\"height\":184},{\"@type\":\"BreadcrumbList\",\"@id\":\"https:\\\/\\\/lepatriotebenin.com\\\/index.php\\\/2025\\\/07\\\/21\\\/benin-trois-personnes-interpellees-pour-profanation-de-tombes-et-pratiques-oc-cultes-a-copargo\\\/#breadcrumb\",\"itemListElement\":[{\"@type\":\"ListItem\",\"position\":1,\"name\":\"Accueil\",\"item\":\"https:\\\/\\\/lepatriotebenin.com\\\/\"},{\"@type\":\"ListItem\",\"position\":2,\"name\":\"B\u00e9nin : Trois personnes interpell\u00e9es pour profanation de tombes et pratiques occultes \u00e0 Copargo\"}]},{\"@type\":\"WebSite\",\"@id\":\"https:\\\/\\\/lepatriotebenin.com\\\/#website\",\"url\":\"https:\\\/\\\/lepatriotebenin.com\\\/\",\"name\":\"Le Patriote\",\"description\":\"Le Patriote B\u00e9nin\",\"potentialAction\":[{\"@type\":\"SearchAction\",\"target\":{\"@type\":\"EntryPoint\",\"urlTemplate\":\"https:\\\/\\\/lepatriotebenin.com\\\/?s={search_term_string}\"},\"query-input\":{\"@type\":\"PropertyValueSpecification\",\"valueRequired\":true,\"valueName\":\"search_term_string\"}}],\"inLanguage\":\"fr-FR\"},{\"@type\":\"Person\",\"@id\":\"https:\\\/\\\/lepatriotebenin.com\\\/#\\\/schema\\\/person\\\/4a9b67216c97d04045e01405c534c91f\",\"name\":\"Roland AFFANOU\",\"image\":{\"@type\":\"ImageObject\",\"inLanguage\":\"fr-FR\",\"@id\":\"https:\\\/\\\/secure.gravatar.com\\\/avatar\\\/7209d3f6d2d47ea4d0c67e14d3effb61feb10ae540a4381280c66265de5bd643?s=96&d=mm&r=g\",\"url\":\"https:\\\/\\\/secure.gravatar.com\\\/avatar\\\/7209d3f6d2d47ea4d0c67e14d3effb61feb10ae540a4381280c66265de5bd643?s=96&d=mm&r=g\",\"contentUrl\":\"https:\\\/\\\/secure.gravatar.com\\\/avatar\\\/7209d3f6d2d47ea4d0c67e14d3effb61feb10ae540a4381280c66265de5bd643?s=96&d=mm&r=g\",\"caption\":\"Roland AFFANOU\"},\"url\":\"https:\\\/\\\/lepatriotebenin.com\"}]}<\/script>\n<!-- \/ Yoast SEO plugin. -->","yoast_head_json":{"title":"B\u00e9nin : Trois personnes interpell\u00e9es pour profanation de tombes et pratiques occultes \u00e0 Copargo - Le Patriote","robots":{"index":"index","follow":"follow","max-snippet":"max-snippet:-1","max-image-preview":"max-image-preview:large","max-video-preview":"max-video-preview:-1"},"canonical":"https:\/\/lepatriotebenin.com\/index.php\/2025\/07\/21\/benin-trois-personnes-interpellees-pour-profanation-de-tombes-et-pratiques-oc-cultes-a-copargo\/","og_locale":"fr_FR","og_type":"article","og_title":"B\u00e9nin : Trois personnes interpell\u00e9es pour profanation de tombes et pratiques occultes \u00e0 Copargo - Le Patriote","og_description":"Dans une enqu\u00eate men\u00e9e du mercredi 16 au\u00a0 samedi 19 juillet 2025 par le commissariat de l\u2019arrondissement de Pab\u00e9gou dans la commune de Copargo, trois individus soup\u00e7onn\u00e9s de profanation de&hellip;","og_url":"https:\/\/lepatriotebenin.com\/index.php\/2025\/07\/21\/benin-trois-personnes-interpellees-pour-profanation-de-tombes-et-pratiques-oc-cultes-a-copargo\/","og_site_name":"Le Patriote","article_published_time":"2025-07-21T18:14:48+00:00","article_modified_time":"2025-07-21T18:24:49+00:00","og_image":[{"width":275,"height":184,"url":"https:\/\/lepatriotebenin.com\/wp-content\/uploads\/2025\/05\/police.jpeg","type":"image\/jpeg"}],"author":"Roland AFFANOU","twitter_card":"summary_large_image","twitter_misc":{"\u00c9crit par":"Roland AFFANOU","Dur\u00e9e de lecture estim\u00e9e":"2 minutes"},"schema":{"@context":"https:\/\/schema.org","@graph":[{"@type":"Article","@id":"https:\/\/lepatriotebenin.com\/index.php\/2025\/07\/21\/benin-trois-personnes-interpellees-pour-profanation-de-tombes-et-pratiques-oc-cultes-a-copargo\/#article","isPartOf":{"@id":"https:\/\/lepatriotebenin.com\/index.php\/2025\/07\/21\/benin-trois-personnes-interpellees-pour-profanation-de-tombes-et-pratiques-oc-cultes-a-copargo\/"},"author":{"name":"Roland AFFANOU","@id":"https:\/\/lepatriotebenin.com\/#\/schema\/person\/4a9b67216c97d04045e01405c534c91f"},"headline":"B\u00e9nin : Trois personnes interpell\u00e9es pour profanation de tombes et pratiques occultes \u00e0 Copargo","datePublished":"2025-07-21T18:14:48+00:00","dateModified":"2025-07-21T18:24:49+00:00","mainEntityOfPage":{"@id":"https:\/\/lepatriotebenin.com\/index.php\/2025\/07\/21\/benin-trois-personnes-interpellees-pour-profanation-de-tombes-et-pratiques-oc-cultes-a-copargo\/"},"wordCount":317,"commentCount":0,"image":{"@id":"https:\/\/lepatriotebenin.com\/index.php\/2025\/07\/21\/benin-trois-personnes-interpellees-pour-profanation-de-tombes-et-pratiques-oc-cultes-a-copargo\/#primaryimage"},"thumbnailUrl":"https:\/\/lepatriotebenin.com\/wp-content\/uploads\/2025\/05\/police.jpeg","articleSection":["Soci\u00e9t\u00e9"],"inLanguage":"fr-FR","potentialAction":[{"@type":"CommentAction","name":"Comment","target":["https:\/\/lepatriotebenin.com\/index.php\/2025\/07\/21\/benin-trois-personnes-interpellees-pour-profanation-de-tombes-et-pratiques-oc-cultes-a-copargo\/#respond"]}]},{"@type":"WebPage","@id":"https:\/\/lepatriotebenin.com\/index.php\/2025\/07\/21\/benin-trois-personnes-interpellees-pour-profanation-de-tombes-et-pratiques-oc-cultes-a-copargo\/","url":"https:\/\/lepatriotebenin.com\/index.php\/2025\/07\/21\/benin-trois-personnes-interpellees-pour-profanation-de-tombes-et-pratiques-oc-cultes-a-copargo\/","name":"B\u00e9nin : Trois personnes interpell\u00e9es pour profanation de tombes et pratiques occultes \u00e0 Copargo - Le Patriote","isPartOf":{"@id":"https:\/\/lepatriotebenin.com\/#website"},"primaryImageOfPage":{"@id":"https:\/\/lepatriotebenin.com\/index.php\/2025\/07\/21\/benin-trois-personnes-interpellees-pour-profanation-de-tombes-et-pratiques-oc-cultes-a-copargo\/#primaryimage"},"image":{"@id":"https:\/\/lepatriotebenin.com\/index.php\/2025\/07\/21\/benin-trois-personnes-interpellees-pour-profanation-de-tombes-et-pratiques-oc-cultes-a-copargo\/#primaryimage"},"thumbnailUrl":"https:\/\/lepatriotebenin.com\/wp-content\/uploads\/2025\/05\/police.jpeg","datePublished":"2025-07-21T18:14:48+00:00","dateModified":"2025-07-21T18:24:49+00:00","author":{"@id":"https:\/\/lepatriotebenin.com\/#\/schema\/person\/4a9b67216c97d04045e01405c534c91f"},"breadcrumb":{"@id":"https:\/\/lepatriotebenin.com\/index.php\/2025\/07\/21\/benin-trois-personnes-interpellees-pour-profanation-de-tombes-et-pratiques-oc-cultes-a-copargo\/#breadcrumb"},"inLanguage":"fr-FR","potentialAction":[{"@type":"ReadAction","target":["https:\/\/lepatriotebenin.com\/index.php\/2025\/07\/21\/benin-trois-personnes-interpellees-pour-profanation-de-tombes-et-pratiques-oc-cultes-a-copargo\/"]}]},{"@type":"ImageObject","inLanguage":"fr-FR","@id":"https:\/\/lepatriotebenin.com\/index.php\/2025\/07\/21\/benin-trois-personnes-interpellees-pour-profanation-de-tombes-et-pratiques-oc-cultes-a-copargo\/#primaryimage","url":"https:\/\/lepatriotebenin.com\/wp-content\/uploads\/2025\/05\/police.jpeg","contentUrl":"https:\/\/lepatriotebenin.com\/wp-content\/uploads\/2025\/05\/police.jpeg","width":275,"height":184},{"@type":"BreadcrumbList","@id":"https:\/\/lepatriotebenin.com\/index.php\/2025\/07\/21\/benin-trois-personnes-interpellees-pour-profanation-de-tombes-et-pratiques-oc-cultes-a-copargo\/#breadcrumb","itemListElement":[{"@type":"ListItem","position":1,"name":"Accueil","item":"https:\/\/lepatriotebenin.com\/"},{"@type":"ListItem","position":2,"name":"B\u00e9nin : Trois personnes interpell\u00e9es pour profanation de tombes et pratiques occultes \u00e0 Copargo"}]},{"@type":"WebSite","@id":"https:\/\/lepatriotebenin.com\/#website","url":"https:\/\/lepatriotebenin.com\/","name":"Le Patriote","description":"Le Patriote B\u00e9nin","potentialAction":[{"@type":"SearchAction","target":{"@type":"EntryPoint","urlTemplate":"https:\/\/lepatriotebenin.com\/?s={search_term_string}"},"query-input":{"@type":"PropertyValueSpecification","valueRequired":true,"valueName":"search_term_string"}}],"inLanguage":"fr-FR"},{"@type":"Person","@id":"https:\/\/lepatriotebenin.com\/#\/schema\/person\/4a9b67216c97d04045e01405c534c91f","name":"Roland AFFANOU","image":{"@type":"ImageObject","inLanguage":"fr-FR","@id":"https:\/\/secure.gravatar.com\/avatar\/7209d3f6d2d47ea4d0c67e14d3effb61feb10ae540a4381280c66265de5bd643?s=96&d=mm&r=g","url":"https:\/\/secure.gravatar.com\/avatar\/7209d3f6d2d47ea4d0c67e14d3effb61feb10ae540a4381280c66265de5bd643?s=96&d=mm&r=g","contentUrl":"https:\/\/secure.gravatar.com\/avatar\/7209d3f6d2d47ea4d0c67e14d3effb61feb10ae540a4381280c66265de5bd643?s=96&d=mm&r=g","caption":"Roland AFFANOU"},"url":"https:\/\/lepatriotebenin.com"}]}},"_links":{"self":[{"href":"https:\/\/lepatriotebenin.com\/index.php\/wp-json\/wp\/v2\/posts\/12262","targetHints":{"allow":["GET"]}}],"collection":[{"href":"https:\/\/lepatriotebenin.com\/index.php\/wp-json\/wp\/v2\/posts"}],"about":[{"href":"https:\/\/lepatriotebenin.com\/index.php\/wp-json\/wp\/v2\/types\/post"}],"author":[{"embeddable":true,"href":"https:\/\/lepatriotebenin.com\/index.php\/wp-json\/wp\/v2\/users\/6"}],"replies":[{"embeddable":true,"href":"https:\/\/lepatriotebenin.com\/index.php\/wp-json\/wp\/v2\/comments?post=12262"}],"version-history":[{"count":2,"href":"https:\/\/lepatriotebenin.com\/index.php\/wp-json\/wp\/v2\/posts\/12262\/revisions"}],"predecessor-version":[{"id":12265,"href":"https:\/\/lepatriotebenin.com\/index.php\/wp-json\/wp\/v2\/posts\/12262\/revisions\/12265"}],"wp:featuredmedia":[{"embeddable":true,"href":"https:\/\/lepatriotebenin.com\/index.php\/wp-json\/wp\/v2\/media\/10555"}],"wp:attachment":[{"href":"https:\/\/lepatriotebenin.com\/index.php\/wp-json\/wp\/v2\/media?parent=12262"}],"wp:term":[{"taxonomy":"category","embeddable":true,"href":"https:\/\/lepatriotebenin.com\/index.php\/wp-json\/wp\/v2\/categories?post=12262"},{"taxonomy":"post_tag","embeddable":true,"href":"https:\/\/lepatriotebenin.com\/index.php\/wp-json\/wp\/v2\/tags?post=12262"}],"curies":[{"name":"wp","href":"https:\/\/api.w.org\/{rel}","templated":true}]}}