{"id":12239,"date":"2025-07-21T17:24:59","date_gmt":"2025-07-21T15:24:59","guid":{"rendered":"https:\/\/lepatriotebenin.com\/?p=12239"},"modified":"2025-07-21T17:24:59","modified_gmt":"2025-07-21T15:24:59","slug":"elections-municipales-de-2026-au-benin-voici-la-repartition-des-sieges-par-circonscription-electorale","status":"publish","type":"post","link":"https:\/\/lepatriotebenin.com\/index.php\/2025\/07\/21\/elections-municipales-de-2026-au-benin-voici-la-repartition-des-sieges-par-circonscription-electorale\/","title":{"rendered":"Elections municipales de 2026 au B\u00e9nin : voici la r\u00e9partition des si\u00e8ges par circonscription \u00e9lectorale"},"content":{"rendered":"<p>Le B\u00e9nin va organiser le dimanche 11 janvier 2026 les \u00e9lections coupl\u00e9es l\u00e9gislatives et municipales. A travers N\u00b0011\/CENA\/PT\/RAP\u00a0\/DGE\/SP\u00a0 du 15 juillet 2025, la \u00a0Commission \u00e9lectorale nationale autonome (CENA) a fix\u00e9 le nombre d\u2019\u00e9lus locaux attribu\u00e9 \u00e0 chaque circonscription lors des \u00e9lections municipales et communales de janvier 2026. Cette d\u00e9cision de la CENA a \u00e9t\u00e9 prise conform\u00e9ment \u00e0 l\u2019article 183 du Code \u00e9lectoral. Ainsi, chacune des 77 communes conna\u00eet le nombre de si\u00e8ges \u00e0 pourvoir lors du scrutin. Selon la d\u00e9cision, ce nombre de si\u00e8ges est d\u00e9termin\u00e9 en fonction, entre autres, des donn\u00e9es d\u00e9mographiques et de l\u2019\u00e9volution administrative du territoire national. Lire ci-dessous l\u2019int\u00e9gralit\u00e9 de la d\u00e9cision<\/p>\n<p><img fetchpriority=\"high\" decoding=\"async\" class=\"alignnone size-medium wp-image-12241\" src=\"https:\/\/lepatriotebenin.com\/wp-content\/uploads\/2025\/07\/whatsapp-image-2025-07-21-a-13-37-30-e6e05eb0-210x300.jpg\" alt=\"\" width=\"210\" height=\"300\" srcset=\"https:\/\/lepatriotebenin.com\/wp-content\/uploads\/2025\/07\/whatsapp-image-2025-07-21-a-13-37-30-e6e05eb0-210x300.jpg 210w, https:\/\/lepatriotebenin.com\/wp-content\/uploads\/2025\/07\/whatsapp-image-2025-07-21-a-13-37-30-e6e05eb0-718x1024.jpg 718w, https:\/\/lepatriotebenin.com\/wp-content\/uploads\/2025\/07\/whatsapp-image-2025-07-21-a-13-37-30-e6e05eb0-768x1095.jpg 768w, https:\/\/lepatriotebenin.com\/wp-content\/uploads\/2025\/07\/whatsapp-image-2025-07-21-a-13-37-30-e6e05eb0-585x834.jpg 585w, https:\/\/lepatriotebenin.com\/wp-content\/uploads\/2025\/07\/whatsapp-image-2025-07-21-a-13-37-30-e6e05eb0.jpg 898w\" sizes=\"(max-width: 210px) 100vw, 210px\" \/><img decoding=\"async\" class=\"alignnone size-medium wp-image-12242\" src=\"https:\/\/lepatriotebenin.com\/wp-content\/uploads\/2025\/07\/a1-210x300.jpg\" alt=\"\" width=\"210\" height=\"300\" srcset=\"https:\/\/lepatriotebenin.com\/wp-content\/uploads\/2025\/07\/a1-210x300.jpg 210w, https:\/\/lepatriotebenin.com\/wp-content\/uploads\/2025\/07\/a1-718x1024.jpg 718w, https:\/\/lepatriotebenin.com\/wp-content\/uploads\/2025\/07\/a1-768x1095.jpg 768w, https:\/\/lepatriotebenin.com\/wp-content\/uploads\/2025\/07\/a1-585x834.jpg 585w, https:\/\/lepatriotebenin.com\/wp-content\/uploads\/2025\/07\/a1.jpg 898w\" sizes=\"(max-width: 210px) 100vw, 210px\" \/><img decoding=\"async\" class=\"alignnone size-medium wp-image-12243\" src=\"https:\/\/lepatriotebenin.com\/wp-content\/uploads\/2025\/07\/a-1-210x300.jpg\" alt=\"\" width=\"210\" height=\"300\" srcset=\"https:\/\/lepatriotebenin.com\/wp-content\/uploads\/2025\/07\/a-1-210x300.jpg 210w, https:\/\/lepatriotebenin.com\/wp-content\/uploads\/2025\/07\/a-1-717x1024.jpg 717w, https:\/\/lepatriotebenin.com\/wp-content\/uploads\/2025\/07\/a-1-768x1097.jpg 768w, https:\/\/lepatriotebenin.com\/wp-content\/uploads\/2025\/07\/a-1-585x836.jpg 585w, https:\/\/lepatriotebenin.com\/wp-content\/uploads\/2025\/07\/a-1.jpg 896w\" sizes=\"(max-width: 210px) 100vw, 210px\" \/><img loading=\"lazy\" decoding=\"async\" class=\"alignnone size-medium wp-image-12244\" src=\"https:\/\/lepatriotebenin.com\/wp-content\/uploads\/2025\/07\/a2-211x300.jpg\" alt=\"\" width=\"211\" height=\"300\" srcset=\"https:\/\/lepatriotebenin.com\/wp-content\/uploads\/2025\/07\/a2-211x300.jpg 211w, https:\/\/lepatriotebenin.com\/wp-content\/uploads\/2025\/07\/a2-720x1024.jpg 720w, https:\/\/lepatriotebenin.com\/wp-content\/uploads\/2025\/07\/a2-768x1092.jpg 768w, https:\/\/lepatriotebenin.com\/wp-content\/uploads\/2025\/07\/a2-585x832.jpg 585w, https:\/\/lepatriotebenin.com\/wp-content\/uploads\/2025\/07\/a2.jpg 900w\" sizes=\"(max-width: 211px) 100vw, 211px\" \/><img loading=\"lazy\" decoding=\"async\" class=\"alignnone size-medium wp-image-12245\" src=\"https:\/\/lepatriotebenin.com\/wp-content\/uploads\/2025\/07\/a3-211x300.jpg\" alt=\"\" width=\"211\" height=\"300\" srcset=\"https:\/\/lepatriotebenin.com\/wp-content\/uploads\/2025\/07\/a3-211x300.jpg 211w, https:\/\/lepatriotebenin.com\/wp-content\/uploads\/2025\/07\/a3-722x1024.jpg 722w, https:\/\/lepatriotebenin.com\/wp-content\/uploads\/2025\/07\/a3-768x1090.jpg 768w, https:\/\/lepatriotebenin.com\/wp-content\/uploads\/2025\/07\/a3-585x830.jpg 585w, https:\/\/lepatriotebenin.com\/wp-content\/uploads\/2025\/07\/a3.jpg 902w\" sizes=\"(max-width: 211px) 100vw, 211px\" \/><img loading=\"lazy\" decoding=\"async\" class=\"alignnone size-medium wp-image-12246\" src=\"https:\/\/lepatriotebenin.com\/wp-content\/uploads\/2025\/07\/a4-210x300.jpg\" alt=\"\" width=\"210\" height=\"300\" srcset=\"https:\/\/lepatriotebenin.com\/wp-content\/uploads\/2025\/07\/a4-210x300.jpg 210w, https:\/\/lepatriotebenin.com\/wp-content\/uploads\/2025\/07\/a4-717x1024.jpg 717w, https:\/\/lepatriotebenin.com\/wp-content\/uploads\/2025\/07\/a4-768x1097.jpg 768w, https:\/\/lepatriotebenin.com\/wp-content\/uploads\/2025\/07\/a4-585x836.jpg 585w, https:\/\/lepatriotebenin.com\/wp-content\/uploads\/2025\/07\/a4.jpg 896w\" sizes=\"(max-width: 210px) 100vw, 210px\" \/><img loading=\"lazy\" decoding=\"async\" class=\"alignnone size-medium wp-image-12247\" src=\"https:\/\/lepatriotebenin.com\/wp-content\/uploads\/2025\/07\/b-210x300.jpg\" alt=\"\" width=\"210\" height=\"300\" srcset=\"https:\/\/lepatriotebenin.com\/wp-content\/uploads\/2025\/07\/b-210x300.jpg 210w, https:\/\/lepatriotebenin.com\/wp-content\/uploads\/2025\/07\/b-715x1024.jpg 715w, https:\/\/lepatriotebenin.com\/wp-content\/uploads\/2025\/07\/b-768x1100.jpg 768w, https:\/\/lepatriotebenin.com\/wp-content\/uploads\/2025\/07\/b-585x838.jpg 585w, https:\/\/lepatriotebenin.com\/wp-content\/uploads\/2025\/07\/b.jpg 894w\" sizes=\"(max-width: 210px) 100vw, 210px\" \/><img loading=\"lazy\" decoding=\"async\" class=\"alignnone size-medium wp-image-12248\" src=\"https:\/\/lepatriotebenin.com\/wp-content\/uploads\/2025\/07\/b1-210x300.jpg\" alt=\"\" width=\"210\" height=\"300\" srcset=\"https:\/\/lepatriotebenin.com\/wp-content\/uploads\/2025\/07\/b1-210x300.jpg 210w, https:\/\/lepatriotebenin.com\/wp-content\/uploads\/2025\/07\/b1-717x1024.jpg 717w, https:\/\/lepatriotebenin.com\/wp-content\/uploads\/2025\/07\/b1-768x1097.jpg 768w, https:\/\/lepatriotebenin.com\/wp-content\/uploads\/2025\/07\/b1-585x836.jpg 585w, https:\/\/lepatriotebenin.com\/wp-content\/uploads\/2025\/07\/b1.jpg 896w\" sizes=\"(max-width: 210px) 100vw, 210px\" \/><img loading=\"lazy\" decoding=\"async\" class=\"alignnone size-medium wp-image-12249\" src=\"https:\/\/lepatriotebenin.com\/wp-content\/uploads\/2025\/07\/c-210x300.jpg\" alt=\"\" width=\"210\" height=\"300\" srcset=\"https:\/\/lepatriotebenin.com\/wp-content\/uploads\/2025\/07\/c-210x300.jpg 210w, https:\/\/lepatriotebenin.com\/wp-content\/uploads\/2025\/07\/c-718x1024.jpg 718w, https:\/\/lepatriotebenin.com\/wp-content\/uploads\/2025\/07\/c-768x1095.jpg 768w, https:\/\/lepatriotebenin.com\/wp-content\/uploads\/2025\/07\/c-585x834.jpg 585w, https:\/\/lepatriotebenin.com\/wp-content\/uploads\/2025\/07\/c.jpg 898w\" sizes=\"(max-width: 210px) 100vw, 210px\" \/><img loading=\"lazy\" decoding=\"async\" class=\"alignnone size-medium wp-image-12250\" src=\"https:\/\/lepatriotebenin.com\/wp-content\/uploads\/2025\/07\/c1-210x300.jpg\" alt=\"\" width=\"210\" height=\"300\" srcset=\"https:\/\/lepatriotebenin.com\/wp-content\/uploads\/2025\/07\/c1-210x300.jpg 210w, https:\/\/lepatriotebenin.com\/wp-content\/uploads\/2025\/07\/c1-718x1024.jpg 718w, https:\/\/lepatriotebenin.com\/wp-content\/uploads\/2025\/07\/c1-768x1095.jpg 768w, https:\/\/lepatriotebenin.com\/wp-content\/uploads\/2025\/07\/c1-585x834.jpg 585w, https:\/\/lepatriotebenin.com\/wp-content\/uploads\/2025\/07\/c1.jpg 898w\" sizes=\"(max-width: 210px) 100vw, 210px\" \/><img loading=\"lazy\" decoding=\"async\" class=\"alignnone size-medium wp-image-12251\" src=\"https:\/\/lepatriotebenin.com\/wp-content\/uploads\/2025\/07\/cd-210x300.jpg\" alt=\"\" width=\"210\" height=\"300\" srcset=\"https:\/\/lepatriotebenin.com\/wp-content\/uploads\/2025\/07\/cd-210x300.jpg 210w, https:\/\/lepatriotebenin.com\/wp-content\/uploads\/2025\/07\/cd-717x1024.jpg 717w, https:\/\/lepatriotebenin.com\/wp-content\/uploads\/2025\/07\/cd-768x1097.jpg 768w, https:\/\/lepatriotebenin.com\/wp-content\/uploads\/2025\/07\/cd-585x836.jpg 585w, https:\/\/lepatriotebenin.com\/wp-content\/uploads\/2025\/07\/cd.jpg 896w\" sizes=\"(max-width: 210px) 100vw, 210px\" \/><img loading=\"lazy\" decoding=\"async\" class=\"alignnone size-medium wp-image-12252\" src=\"https:\/\/lepatriotebenin.com\/wp-content\/uploads\/2025\/07\/dlm-210x300.jpg\" alt=\"\" width=\"210\" height=\"300\" srcset=\"https:\/\/lepatriotebenin.com\/wp-content\/uploads\/2025\/07\/dlm-210x300.jpg 210w, https:\/\/lepatriotebenin.com\/wp-content\/uploads\/2025\/07\/dlm-718x1024.jpg 718w, https:\/\/lepatriotebenin.com\/wp-content\/uploads\/2025\/07\/dlm-768x1095.jpg 768w, https:\/\/lepatriotebenin.com\/wp-content\/uploads\/2025\/07\/dlm-585x834.jpg 585w, https:\/\/lepatriotebenin.com\/wp-content\/uploads\/2025\/07\/dlm.jpg 898w\" sizes=\"(max-width: 210px) 100vw, 210px\" \/><img loading=\"lazy\" decoding=\"async\" class=\"alignnone size-medium wp-image-12253\" src=\"https:\/\/lepatriotebenin.com\/wp-content\/uploads\/2025\/07\/m-210x300.jpg\" alt=\"\" width=\"210\" height=\"300\" srcset=\"https:\/\/lepatriotebenin.com\/wp-content\/uploads\/2025\/07\/m-210x300.jpg 210w, https:\/\/lepatriotebenin.com\/wp-content\/uploads\/2025\/07\/m-718x1024.jpg 718w, https:\/\/lepatriotebenin.com\/wp-content\/uploads\/2025\/07\/m-768x1095.jpg 768w, https:\/\/lepatriotebenin.com\/wp-content\/uploads\/2025\/07\/m-585x834.jpg 585w, https:\/\/lepatriotebenin.com\/wp-content\/uploads\/2025\/07\/m.jpg 898w\" sizes=\"(max-width: 210px) 100vw, 210px\" \/><img loading=\"lazy\" decoding=\"async\" class=\"alignnone size-medium wp-image-12255\" src=\"https:\/\/lepatriotebenin.com\/wp-content\/uploads\/2025\/07\/m-1-210x300.jpg\" alt=\"\" width=\"210\" height=\"300\" srcset=\"https:\/\/lepatriotebenin.com\/wp-content\/uploads\/2025\/07\/m-1-210x300.jpg 210w, https:\/\/lepatriotebenin.com\/wp-content\/uploads\/2025\/07\/m-1-718x1024.jpg 718w, https:\/\/lepatriotebenin.com\/wp-content\/uploads\/2025\/07\/m-1-768x1095.jpg 768w, https:\/\/lepatriotebenin.com\/wp-content\/uploads\/2025\/07\/m-1-585x834.jpg 585w, https:\/\/lepatriotebenin.com\/wp-content\/uploads\/2025\/07\/m-1.jpg 898w\" sizes=\"(max-width: 210px) 100vw, 210px\" \/><img loading=\"lazy\" decoding=\"async\" class=\"alignnone size-medium wp-image-12256\" src=\"https:\/\/lepatriotebenin.com\/wp-content\/uploads\/2025\/07\/o-1-210x300.jpg\" alt=\"\" width=\"210\" height=\"300\" srcset=\"https:\/\/lepatriotebenin.com\/wp-content\/uploads\/2025\/07\/o-1-210x300.jpg 210w, https:\/\/lepatriotebenin.com\/wp-content\/uploads\/2025\/07\/o-1-717x1024.jpg 717w, https:\/\/lepatriotebenin.com\/wp-content\/uploads\/2025\/07\/o-1-768x1097.jpg 768w, https:\/\/lepatriotebenin.com\/wp-content\/uploads\/2025\/07\/o-1-585x836.jpg 585w, https:\/\/lepatriotebenin.com\/wp-content\/uploads\/2025\/07\/o-1.jpg 896w\" sizes=\"(max-width: 210px) 100vw, 210px\" \/><img loading=\"lazy\" decoding=\"async\" class=\"alignnone size-medium wp-image-12257\" src=\"https:\/\/lepatriotebenin.com\/wp-content\/uploads\/2025\/07\/p-210x300.jpg\" alt=\"\" width=\"210\" height=\"300\" srcset=\"https:\/\/lepatriotebenin.com\/wp-content\/uploads\/2025\/07\/p-210x300.jpg 210w, https:\/\/lepatriotebenin.com\/wp-content\/uploads\/2025\/07\/p-717x1024.jpg 717w, https:\/\/lepatriotebenin.com\/wp-content\/uploads\/2025\/07\/p-768x1097.jpg 768w, https:\/\/lepatriotebenin.com\/wp-content\/uploads\/2025\/07\/p-585x836.jpg 585w, https:\/\/lepatriotebenin.com\/wp-content\/uploads\/2025\/07\/p.jpg 896w\" sizes=\"(max-width: 210px) 100vw, 210px\" \/><img loading=\"lazy\" decoding=\"async\" class=\"alignnone size-medium wp-image-12258\" src=\"https:\/\/lepatriotebenin.com\/wp-content\/uploads\/2025\/07\/z-210x300.jpg\" alt=\"\" width=\"210\" height=\"300\" srcset=\"https:\/\/lepatriotebenin.com\/wp-content\/uploads\/2025\/07\/z-210x300.jpg 210w, https:\/\/lepatriotebenin.com\/wp-content\/uploads\/2025\/07\/z-717x1024.jpg 717w, https:\/\/lepatriotebenin.com\/wp-content\/uploads\/2025\/07\/z-768x1097.jpg 768w, https:\/\/lepatriotebenin.com\/wp-content\/uploads\/2025\/07\/z-585x836.jpg 585w, https:\/\/lepatriotebenin.com\/wp-content\/uploads\/2025\/07\/z.jpg 896w\" sizes=\"(max-width: 210px) 100vw, 210px\" \/><img loading=\"lazy\" decoding=\"async\" class=\"alignnone size-medium wp-image-12259\" src=\"https:\/\/lepatriotebenin.com\/wp-content\/uploads\/2025\/07\/z1-212x300.jpg\" alt=\"\" width=\"212\" height=\"300\" srcset=\"https:\/\/lepatriotebenin.com\/wp-content\/uploads\/2025\/07\/z1-212x300.jpg 212w, https:\/\/lepatriotebenin.com\/wp-content\/uploads\/2025\/07\/z1-725x1024.jpg 725w, https:\/\/lepatriotebenin.com\/wp-content\/uploads\/2025\/07\/z1-768x1085.jpg 768w, https:\/\/lepatriotebenin.com\/wp-content\/uploads\/2025\/07\/z1-585x826.jpg 585w, https:\/\/lepatriotebenin.com\/wp-content\/uploads\/2025\/07\/z1.jpg 906w\" sizes=\"(max-width: 212px) 100vw, 212px\" \/><img loading=\"lazy\" decoding=\"async\" class=\"alignnone size-medium wp-image-12260\" src=\"https:\/\/lepatriotebenin.com\/wp-content\/uploads\/2025\/07\/z2-210x300.jpg\" alt=\"\" width=\"210\" height=\"300\" srcset=\"https:\/\/lepatriotebenin.com\/wp-content\/uploads\/2025\/07\/z2-210x300.jpg 210w, https:\/\/lepatriotebenin.com\/wp-content\/uploads\/2025\/07\/z2-718x1024.jpg 718w, https:\/\/lepatriotebenin.com\/wp-content\/uploads\/2025\/07\/z2-768x1095.jpg 768w, https:\/\/lepatriotebenin.com\/wp-content\/uploads\/2025\/07\/z2-585x834.jpg 585w, https:\/\/lepatriotebenin.com\/wp-content\/uploads\/2025\/07\/z2.jpg 898w\" sizes=\"(max-width: 210px) 100vw, 210px\" \/><\/p>\n","protected":false},"excerpt":{"rendered":"<p>Le B\u00e9nin va organiser le dimanche 11 janvier 2026 les \u00e9lections coupl\u00e9es l\u00e9gislatives et municipales. A travers N\u00b0011\/CENA\/PT\/RAP\u00a0\/DGE\/SP\u00a0 du 15 juillet 2025, la \u00a0Commission \u00e9lectorale nationale autonome (CENA) a fix\u00e9&hellip;<\/p>\n","protected":false},"author":6,"featured_media":12240,"comment_status":"open","ping_status":"open","sticky":false,"template":"","format":"standard","meta":{"content-type":"","om_disable_all_campaigns":false,"_monsterinsights_skip_tracking":false,"_monsterinsights_sitenote_active":false,"_monsterinsights_sitenote_note":"","_monsterinsights_sitenote_category":0,"_uf_show_specific_survey":0,"_uf_disable_surveys":false,"footnotes":""},"categories":[26],"tags":[],"class_list":["post-12239","post","type-post","status-publish","format-standard","has-post-thumbnail","hentry","category-politique"],"aioseo_notices":[],"yoast_head":"<!-- This site is optimized with the Yoast SEO plugin v27.5 - https:\/\/yoast.com\/product\/yoast-seo-wordpress\/ -->\n<title>Elections municipales de 2026 au B\u00e9nin : voici la r\u00e9partition des si\u00e8ges par circonscription \u00e9lectorale - Le Patriote<\/title>\n<meta name=\"robots\" content=\"index, follow, max-snippet:-1, max-image-preview:large, max-video-preview:-1\" \/>\n<link rel=\"canonical\" href=\"https:\/\/lepatriotebenin.com\/index.php\/2025\/07\/21\/elections-municipales-de-2026-au-benin-voici-la-repartition-des-sieges-par-circonscription-electorale\/\" \/>\n<meta property=\"og:locale\" content=\"fr_FR\" \/>\n<meta property=\"og:type\" content=\"article\" \/>\n<meta property=\"og:title\" content=\"Elections municipales de 2026 au B\u00e9nin : voici la r\u00e9partition des si\u00e8ges par circonscription \u00e9lectorale - Le Patriote\" \/>\n<meta property=\"og:description\" content=\"Le B\u00e9nin va organiser le dimanche 11 janvier 2026 les \u00e9lections coupl\u00e9es l\u00e9gislatives et municipales. A travers N\u00b0011\/CENA\/PT\/RAP\u00a0\/DGE\/SP\u00a0 du 15 juillet 2025, la \u00a0Commission \u00e9lectorale nationale autonome (CENA) a fix\u00e9&hellip;\" \/>\n<meta property=\"og:url\" content=\"https:\/\/lepatriotebenin.com\/index.php\/2025\/07\/21\/elections-municipales-de-2026-au-benin-voici-la-repartition-des-sieges-par-circonscription-electorale\/\" \/>\n<meta property=\"og:site_name\" content=\"Le Patriote\" \/>\n<meta property=\"article:published_time\" content=\"2025-07-21T15:24:59+00:00\" \/>\n<meta property=\"og:image\" content=\"https:\/\/lepatriotebenin.com\/wp-content\/uploads\/2025\/07\/cena.jpg\" \/>\n\t<meta property=\"og:image:width\" content=\"780\" \/>\n\t<meta property=\"og:image:height\" content=\"560\" \/>\n\t<meta property=\"og:image:type\" content=\"image\/jpeg\" \/>\n<meta name=\"author\" content=\"Roland AFFANOU\" \/>\n<meta name=\"twitter:card\" content=\"summary_large_image\" \/>\n<meta name=\"twitter:label1\" content=\"\u00c9crit par\" \/>\n\t<meta name=\"twitter:data1\" content=\"Roland AFFANOU\" \/>\n\t<meta name=\"twitter:label2\" content=\"Dur\u00e9e de lecture estim\u00e9e\" \/>\n\t<meta name=\"twitter:data2\" content=\"5 minutes\" \/>\n<script type=\"application\/ld+json\" class=\"yoast-schema-graph\">{\"@context\":\"https:\\\/\\\/schema.org\",\"@graph\":[{\"@type\":\"Article\",\"@id\":\"https:\\\/\\\/lepatriotebenin.com\\\/index.php\\\/2025\\\/07\\\/21\\\/elections-municipales-de-2026-au-benin-voici-la-repartition-des-sieges-par-circonscription-electorale\\\/#article\",\"isPartOf\":{\"@id\":\"https:\\\/\\\/lepatriotebenin.com\\\/index.php\\\/2025\\\/07\\\/21\\\/elections-municipales-de-2026-au-benin-voici-la-repartition-des-sieges-par-circonscription-electorale\\\/\"},\"author\":{\"name\":\"Roland AFFANOU\",\"@id\":\"https:\\\/\\\/lepatriotebenin.com\\\/#\\\/schema\\\/person\\\/4a9b67216c97d04045e01405c534c91f\"},\"headline\":\"Elections municipales de 2026 au B\u00e9nin : voici la r\u00e9partition des si\u00e8ges par circonscription \u00e9lectorale\",\"datePublished\":\"2025-07-21T15:24:59+00:00\",\"mainEntityOfPage\":{\"@id\":\"https:\\\/\\\/lepatriotebenin.com\\\/index.php\\\/2025\\\/07\\\/21\\\/elections-municipales-de-2026-au-benin-voici-la-repartition-des-sieges-par-circonscription-electorale\\\/\"},\"wordCount\":135,\"commentCount\":0,\"image\":{\"@id\":\"https:\\\/\\\/lepatriotebenin.com\\\/index.php\\\/2025\\\/07\\\/21\\\/elections-municipales-de-2026-au-benin-voici-la-repartition-des-sieges-par-circonscription-electorale\\\/#primaryimage\"},\"thumbnailUrl\":\"https:\\\/\\\/lepatriotebenin.com\\\/wp-content\\\/uploads\\\/2025\\\/07\\\/cena.jpg\",\"articleSection\":[\"Politique\"],\"inLanguage\":\"fr-FR\",\"potentialAction\":[{\"@type\":\"CommentAction\",\"name\":\"Comment\",\"target\":[\"https:\\\/\\\/lepatriotebenin.com\\\/index.php\\\/2025\\\/07\\\/21\\\/elections-municipales-de-2026-au-benin-voici-la-repartition-des-sieges-par-circonscription-electorale\\\/#respond\"]}]},{\"@type\":\"WebPage\",\"@id\":\"https:\\\/\\\/lepatriotebenin.com\\\/index.php\\\/2025\\\/07\\\/21\\\/elections-municipales-de-2026-au-benin-voici-la-repartition-des-sieges-par-circonscription-electorale\\\/\",\"url\":\"https:\\\/\\\/lepatriotebenin.com\\\/index.php\\\/2025\\\/07\\\/21\\\/elections-municipales-de-2026-au-benin-voici-la-repartition-des-sieges-par-circonscription-electorale\\\/\",\"name\":\"Elections municipales de 2026 au B\u00e9nin : voici la r\u00e9partition des si\u00e8ges par circonscription \u00e9lectorale - Le Patriote\",\"isPartOf\":{\"@id\":\"https:\\\/\\\/lepatriotebenin.com\\\/#website\"},\"primaryImageOfPage\":{\"@id\":\"https:\\\/\\\/lepatriotebenin.com\\\/index.php\\\/2025\\\/07\\\/21\\\/elections-municipales-de-2026-au-benin-voici-la-repartition-des-sieges-par-circonscription-electorale\\\/#primaryimage\"},\"image\":{\"@id\":\"https:\\\/\\\/lepatriotebenin.com\\\/index.php\\\/2025\\\/07\\\/21\\\/elections-municipales-de-2026-au-benin-voici-la-repartition-des-sieges-par-circonscription-electorale\\\/#primaryimage\"},\"thumbnailUrl\":\"https:\\\/\\\/lepatriotebenin.com\\\/wp-content\\\/uploads\\\/2025\\\/07\\\/cena.jpg\",\"datePublished\":\"2025-07-21T15:24:59+00:00\",\"author\":{\"@id\":\"https:\\\/\\\/lepatriotebenin.com\\\/#\\\/schema\\\/person\\\/4a9b67216c97d04045e01405c534c91f\"},\"breadcrumb\":{\"@id\":\"https:\\\/\\\/lepatriotebenin.com\\\/index.php\\\/2025\\\/07\\\/21\\\/elections-municipales-de-2026-au-benin-voici-la-repartition-des-sieges-par-circonscription-electorale\\\/#breadcrumb\"},\"inLanguage\":\"fr-FR\",\"potentialAction\":[{\"@type\":\"ReadAction\",\"target\":[\"https:\\\/\\\/lepatriotebenin.com\\\/index.php\\\/2025\\\/07\\\/21\\\/elections-municipales-de-2026-au-benin-voici-la-repartition-des-sieges-par-circonscription-electorale\\\/\"]}]},{\"@type\":\"ImageObject\",\"inLanguage\":\"fr-FR\",\"@id\":\"https:\\\/\\\/lepatriotebenin.com\\\/index.php\\\/2025\\\/07\\\/21\\\/elections-municipales-de-2026-au-benin-voici-la-repartition-des-sieges-par-circonscription-electorale\\\/#primaryimage\",\"url\":\"https:\\\/\\\/lepatriotebenin.com\\\/wp-content\\\/uploads\\\/2025\\\/07\\\/cena.jpg\",\"contentUrl\":\"https:\\\/\\\/lepatriotebenin.com\\\/wp-content\\\/uploads\\\/2025\\\/07\\\/cena.jpg\",\"width\":780,\"height\":560},{\"@type\":\"BreadcrumbList\",\"@id\":\"https:\\\/\\\/lepatriotebenin.com\\\/index.php\\\/2025\\\/07\\\/21\\\/elections-municipales-de-2026-au-benin-voici-la-repartition-des-sieges-par-circonscription-electorale\\\/#breadcrumb\",\"itemListElement\":[{\"@type\":\"ListItem\",\"position\":1,\"name\":\"Accueil\",\"item\":\"https:\\\/\\\/lepatriotebenin.com\\\/\"},{\"@type\":\"ListItem\",\"position\":2,\"name\":\"Elections municipales de 2026 au B\u00e9nin : voici la r\u00e9partition des si\u00e8ges par circonscription \u00e9lectorale\"}]},{\"@type\":\"WebSite\",\"@id\":\"https:\\\/\\\/lepatriotebenin.com\\\/#website\",\"url\":\"https:\\\/\\\/lepatriotebenin.com\\\/\",\"name\":\"Le Patriote\",\"description\":\"Le Patriote B\u00e9nin\",\"potentialAction\":[{\"@type\":\"SearchAction\",\"target\":{\"@type\":\"EntryPoint\",\"urlTemplate\":\"https:\\\/\\\/lepatriotebenin.com\\\/?s={search_term_string}\"},\"query-input\":{\"@type\":\"PropertyValueSpecification\",\"valueRequired\":true,\"valueName\":\"search_term_string\"}}],\"inLanguage\":\"fr-FR\"},{\"@type\":\"Person\",\"@id\":\"https:\\\/\\\/lepatriotebenin.com\\\/#\\\/schema\\\/person\\\/4a9b67216c97d04045e01405c534c91f\",\"name\":\"Roland AFFANOU\",\"image\":{\"@type\":\"ImageObject\",\"inLanguage\":\"fr-FR\",\"@id\":\"https:\\\/\\\/secure.gravatar.com\\\/avatar\\\/7209d3f6d2d47ea4d0c67e14d3effb61feb10ae540a4381280c66265de5bd643?s=96&d=mm&r=g\",\"url\":\"https:\\\/\\\/secure.gravatar.com\\\/avatar\\\/7209d3f6d2d47ea4d0c67e14d3effb61feb10ae540a4381280c66265de5bd643?s=96&d=mm&r=g\",\"contentUrl\":\"https:\\\/\\\/secure.gravatar.com\\\/avatar\\\/7209d3f6d2d47ea4d0c67e14d3effb61feb10ae540a4381280c66265de5bd643?s=96&d=mm&r=g\",\"caption\":\"Roland AFFANOU\"},\"url\":\"https:\\\/\\\/lepatriotebenin.com\"}]}<\/script>\n<!-- \/ Yoast SEO plugin. -->","yoast_head_json":{"title":"Elections municipales de 2026 au B\u00e9nin : voici la r\u00e9partition des si\u00e8ges par circonscription \u00e9lectorale - Le Patriote","robots":{"index":"index","follow":"follow","max-snippet":"max-snippet:-1","max-image-preview":"max-image-preview:large","max-video-preview":"max-video-preview:-1"},"canonical":"https:\/\/lepatriotebenin.com\/index.php\/2025\/07\/21\/elections-municipales-de-2026-au-benin-voici-la-repartition-des-sieges-par-circonscription-electorale\/","og_locale":"fr_FR","og_type":"article","og_title":"Elections municipales de 2026 au B\u00e9nin : voici la r\u00e9partition des si\u00e8ges par circonscription \u00e9lectorale - Le Patriote","og_description":"Le B\u00e9nin va organiser le dimanche 11 janvier 2026 les \u00e9lections coupl\u00e9es l\u00e9gislatives et municipales. A travers N\u00b0011\/CENA\/PT\/RAP\u00a0\/DGE\/SP\u00a0 du 15 juillet 2025, la \u00a0Commission \u00e9lectorale nationale autonome (CENA) a fix\u00e9&hellip;","og_url":"https:\/\/lepatriotebenin.com\/index.php\/2025\/07\/21\/elections-municipales-de-2026-au-benin-voici-la-repartition-des-sieges-par-circonscription-electorale\/","og_site_name":"Le Patriote","article_published_time":"2025-07-21T15:24:59+00:00","og_image":[{"width":780,"height":560,"url":"https:\/\/lepatriotebenin.com\/wp-content\/uploads\/2025\/07\/cena.jpg","type":"image\/jpeg"}],"author":"Roland AFFANOU","twitter_card":"summary_large_image","twitter_misc":{"\u00c9crit par":"Roland AFFANOU","Dur\u00e9e de lecture estim\u00e9e":"5 minutes"},"schema":{"@context":"https:\/\/schema.org","@graph":[{"@type":"Article","@id":"https:\/\/lepatriotebenin.com\/index.php\/2025\/07\/21\/elections-municipales-de-2026-au-benin-voici-la-repartition-des-sieges-par-circonscription-electorale\/#article","isPartOf":{"@id":"https:\/\/lepatriotebenin.com\/index.php\/2025\/07\/21\/elections-municipales-de-2026-au-benin-voici-la-repartition-des-sieges-par-circonscription-electorale\/"},"author":{"name":"Roland AFFANOU","@id":"https:\/\/lepatriotebenin.com\/#\/schema\/person\/4a9b67216c97d04045e01405c534c91f"},"headline":"Elections municipales de 2026 au B\u00e9nin : voici la r\u00e9partition des si\u00e8ges par circonscription \u00e9lectorale","datePublished":"2025-07-21T15:24:59+00:00","mainEntityOfPage":{"@id":"https:\/\/lepatriotebenin.com\/index.php\/2025\/07\/21\/elections-municipales-de-2026-au-benin-voici-la-repartition-des-sieges-par-circonscription-electorale\/"},"wordCount":135,"commentCount":0,"image":{"@id":"https:\/\/lepatriotebenin.com\/index.php\/2025\/07\/21\/elections-municipales-de-2026-au-benin-voici-la-repartition-des-sieges-par-circonscription-electorale\/#primaryimage"},"thumbnailUrl":"https:\/\/lepatriotebenin.com\/wp-content\/uploads\/2025\/07\/cena.jpg","articleSection":["Politique"],"inLanguage":"fr-FR","potentialAction":[{"@type":"CommentAction","name":"Comment","target":["https:\/\/lepatriotebenin.com\/index.php\/2025\/07\/21\/elections-municipales-de-2026-au-benin-voici-la-repartition-des-sieges-par-circonscription-electorale\/#respond"]}]},{"@type":"WebPage","@id":"https:\/\/lepatriotebenin.com\/index.php\/2025\/07\/21\/elections-municipales-de-2026-au-benin-voici-la-repartition-des-sieges-par-circonscription-electorale\/","url":"https:\/\/lepatriotebenin.com\/index.php\/2025\/07\/21\/elections-municipales-de-2026-au-benin-voici-la-repartition-des-sieges-par-circonscription-electorale\/","name":"Elections municipales de 2026 au B\u00e9nin : voici la r\u00e9partition des si\u00e8ges par circonscription \u00e9lectorale - Le Patriote","isPartOf":{"@id":"https:\/\/lepatriotebenin.com\/#website"},"primaryImageOfPage":{"@id":"https:\/\/lepatriotebenin.com\/index.php\/2025\/07\/21\/elections-municipales-de-2026-au-benin-voici-la-repartition-des-sieges-par-circonscription-electorale\/#primaryimage"},"image":{"@id":"https:\/\/lepatriotebenin.com\/index.php\/2025\/07\/21\/elections-municipales-de-2026-au-benin-voici-la-repartition-des-sieges-par-circonscription-electorale\/#primaryimage"},"thumbnailUrl":"https:\/\/lepatriotebenin.com\/wp-content\/uploads\/2025\/07\/cena.jpg","datePublished":"2025-07-21T15:24:59+00:00","author":{"@id":"https:\/\/lepatriotebenin.com\/#\/schema\/person\/4a9b67216c97d04045e01405c534c91f"},"breadcrumb":{"@id":"https:\/\/lepatriotebenin.com\/index.php\/2025\/07\/21\/elections-municipales-de-2026-au-benin-voici-la-repartition-des-sieges-par-circonscription-electorale\/#breadcrumb"},"inLanguage":"fr-FR","potentialAction":[{"@type":"ReadAction","target":["https:\/\/lepatriotebenin.com\/index.php\/2025\/07\/21\/elections-municipales-de-2026-au-benin-voici-la-repartition-des-sieges-par-circonscription-electorale\/"]}]},{"@type":"ImageObject","inLanguage":"fr-FR","@id":"https:\/\/lepatriotebenin.com\/index.php\/2025\/07\/21\/elections-municipales-de-2026-au-benin-voici-la-repartition-des-sieges-par-circonscription-electorale\/#primaryimage","url":"https:\/\/lepatriotebenin.com\/wp-content\/uploads\/2025\/07\/cena.jpg","contentUrl":"https:\/\/lepatriotebenin.com\/wp-content\/uploads\/2025\/07\/cena.jpg","width":780,"height":560},{"@type":"BreadcrumbList","@id":"https:\/\/lepatriotebenin.com\/index.php\/2025\/07\/21\/elections-municipales-de-2026-au-benin-voici-la-repartition-des-sieges-par-circonscription-electorale\/#breadcrumb","itemListElement":[{"@type":"ListItem","position":1,"name":"Accueil","item":"https:\/\/lepatriotebenin.com\/"},{"@type":"ListItem","position":2,"name":"Elections municipales de 2026 au B\u00e9nin : voici la r\u00e9partition des si\u00e8ges par circonscription \u00e9lectorale"}]},{"@type":"WebSite","@id":"https:\/\/lepatriotebenin.com\/#website","url":"https:\/\/lepatriotebenin.com\/","name":"Le Patriote","description":"Le Patriote B\u00e9nin","potentialAction":[{"@type":"SearchAction","target":{"@type":"EntryPoint","urlTemplate":"https:\/\/lepatriotebenin.com\/?s={search_term_string}"},"query-input":{"@type":"PropertyValueSpecification","valueRequired":true,"valueName":"search_term_string"}}],"inLanguage":"fr-FR"},{"@type":"Person","@id":"https:\/\/lepatriotebenin.com\/#\/schema\/person\/4a9b67216c97d04045e01405c534c91f","name":"Roland AFFANOU","image":{"@type":"ImageObject","inLanguage":"fr-FR","@id":"https:\/\/secure.gravatar.com\/avatar\/7209d3f6d2d47ea4d0c67e14d3effb61feb10ae540a4381280c66265de5bd643?s=96&d=mm&r=g","url":"https:\/\/secure.gravatar.com\/avatar\/7209d3f6d2d47ea4d0c67e14d3effb61feb10ae540a4381280c66265de5bd643?s=96&d=mm&r=g","contentUrl":"https:\/\/secure.gravatar.com\/avatar\/7209d3f6d2d47ea4d0c67e14d3effb61feb10ae540a4381280c66265de5bd643?s=96&d=mm&r=g","caption":"Roland AFFANOU"},"url":"https:\/\/lepatriotebenin.com"}]}},"_links":{"self":[{"href":"https:\/\/lepatriotebenin.com\/index.php\/wp-json\/wp\/v2\/posts\/12239","targetHints":{"allow":["GET"]}}],"collection":[{"href":"https:\/\/lepatriotebenin.com\/index.php\/wp-json\/wp\/v2\/posts"}],"about":[{"href":"https:\/\/lepatriotebenin.com\/index.php\/wp-json\/wp\/v2\/types\/post"}],"author":[{"embeddable":true,"href":"https:\/\/lepatriotebenin.com\/index.php\/wp-json\/wp\/v2\/users\/6"}],"replies":[{"embeddable":true,"href":"https:\/\/lepatriotebenin.com\/index.php\/wp-json\/wp\/v2\/comments?post=12239"}],"version-history":[{"count":1,"href":"https:\/\/lepatriotebenin.com\/index.php\/wp-json\/wp\/v2\/posts\/12239\/revisions"}],"predecessor-version":[{"id":12261,"href":"https:\/\/lepatriotebenin.com\/index.php\/wp-json\/wp\/v2\/posts\/12239\/revisions\/12261"}],"wp:featuredmedia":[{"embeddable":true,"href":"https:\/\/lepatriotebenin.com\/index.php\/wp-json\/wp\/v2\/media\/12240"}],"wp:attachment":[{"href":"https:\/\/lepatriotebenin.com\/index.php\/wp-json\/wp\/v2\/media?parent=12239"}],"wp:term":[{"taxonomy":"category","embeddable":true,"href":"https:\/\/lepatriotebenin.com\/index.php\/wp-json\/wp\/v2\/categories?post=12239"},{"taxonomy":"post_tag","embeddable":true,"href":"https:\/\/lepatriotebenin.com\/index.php\/wp-json\/wp\/v2\/tags?post=12239"}],"curies":[{"name":"wp","href":"https:\/\/api.w.org\/{rel}","templated":true}]}}