{"id":12236,"date":"2025-07-21T13:38:32","date_gmt":"2025-07-21T11:38:32","guid":{"rendered":"https:\/\/lepatriotebenin.com\/?p=12236"},"modified":"2025-07-21T13:38:32","modified_gmt":"2025-07-21T11:38:32","slug":"arrestation-de-hugues-sossoukpe-a-abidjan-les-clarifications-de-wilfried-leandre-houngbedji","status":"publish","type":"post","link":"https:\/\/lepatriotebenin.com\/index.php\/2025\/07\/21\/arrestation-de-hugues-sossoukpe-a-abidjan-les-clarifications-de-wilfried-leandre-houngbedji\/","title":{"rendered":"Arrestation de Hugues Sossoukp\u00e8 \u00e0 Abidjan : Les clarifications de Wilfried L\u00e9andre Houngb\u00e9dji"},"content":{"rendered":"<p><strong><em>\u00a0Le porte-parole et\u00a0 Secr\u00e9taire g\u00e9n\u00e9ral adjoint du gouvernement, Wilfried L\u00e9andre Houngb\u00e9dji a r\u00e9agi \u00e0 l\u2019arrestation du journaliste Comlan Hugues Sossoukp\u00e8. Selon lui, l\u2019activiste n\u2019est pas exempt de tout reproche.<\/em><\/strong><\/p>\n<p>Face aux critiques et interrogations soulev\u00e9es par l\u2019interpellation puis l\u2019extradition du journaliste\u00a0<strong>Hugues Comlan Sossoukp\u00e8<\/strong>\u00a0depuis la C\u00f4te d\u2019Ivoire, le gouvernement b\u00e9ninois apporte sa version des faits. Intervenant ce <strong>dimanche 20 juillet 2025<\/strong> \u00a0sur la cha\u00eene \u00a0de la t\u00e9l\u00e9vision priv\u00e9e <strong>Canal 3 B\u00e9nin, <\/strong>le porte-parole\u00a0 du gouvernement\u00a0 a \u00a0formellement rejet\u00e9 toute id\u00e9e d\u2019enl\u00e8vement ou d\u2019op\u00e9ration ill\u00e9gale. \u00ab\u00a0<em>Vous ne pouvez pas dire que \u00e7a a \u00e9t\u00e9 fait en dehors de toutes connaissances des autorit\u00e9s ivoiriennes\u00a0<\/em>\u00bb, a-t-il affirm\u00e9, en r\u00e9ponse aux accusations de m\u00e9thode \u00ab\u00a0<em>de gangsters\u00a0<\/em>\u00bb relay\u00e9es sur les r\u00e9seaux sociaux et dans une partie de l\u2019opinion. Selon lui, l\u2019arrestation s\u2019est d\u00e9roul\u00e9e dans le strict respect des r\u00e8gles de coop\u00e9ration entre \u00c9tats. \u00ab\u00a0<em>Il y a eu de la coop\u00e9ration entre deux pays dans les r\u00e8gles de l\u2019art pour que l\u2019int\u00e9ress\u00e9 soit interpell\u00e9\u00a0<\/em>\u00bb, a-t-il insist\u00e9.<\/p>\n<p>Alors que beaucoup s\u2019interrogeaient sur le plaignant dans le dossier, Wilfried L\u00e9andre Houngb\u00e9dji\u00a0 a \u00e9t\u00e9 on ne peut plus \u00a0clair\u00a0: <em>\u00ab\u00a0Premi\u00e8rement avant qu\u2019il ne prenne le large, c\u2019est un particulier, un chef d\u2019entreprise qui avait port\u00e9 plainte contre lui pour des \u00e9crits n\u00e9gatifs\u00a0 \u00e0 l\u2019encontre de sa structure<\/em>. \u00a0C\u2019est d\u2019abord \u00e7a. Nous avons eu affaire \u00e0 un activiste qui de tout temps \u00e0 affirmer, \u00e9crire, diffuser des choses, je n\u2019appelle pas \u00e7a informations, qui bien souvent, ont \u00e9t\u00e9 contredites, d\u00e9menties, montrant \u00e0 l\u2019opinion que cet activiste n\u2019\u00e9tait pas dans la v\u00e9rit\u00e9. Mais cela n\u2019a jamais \u00e9mouss\u00e9 son ardeur \u00e0 continuer dans ce sens. Et personne n\u2019y a \u00e9chapp\u00e9. Aussi bien les autorit\u00e9s publiques que des particuliers et pire, le pays lui-m\u00eame sans parler de nos forces arm\u00e9es b\u00e9ninoises\u00a0\u00bb.<\/p>\n<p>Et il a indiqu\u00e9\u00a0: \u00ab\u00a0<em>Ceux qui n\u2019ont rien \u00e0 se reprocher, ne se cachent pas. Ils ne fuient pas pour faire leur travail. Quand bien m\u00eame ils sont critiques et Dieu sait que dans notre pays, il y a des citoyens, des journalistes critiques qu\u2019on lit sur les r\u00e9seaux sociaux tous les jours mais qui ne font pas dans le mensonge, dans la calomnie, dans les outrances comme celui dont nous parlons ici aujourd\u2019hui<\/em>\u00a0\u00bb.\u00a0 Il \u00a0a par ailleurs affirm\u00e9 que contrairement \u00e0 ce qui se dit, Hugues Comlan Sossoukp\u00e8 r\u00e9sidait d\u00e9j\u00e0 en C\u00f4te d\u2019Ivoire. Il n\u2019a donc pas \u00e9t\u00e9 app\u00e2t\u00e9 par les autorit\u00e9s ivoiriennes.<\/p>\n<p>Selon lui, le web activiste n\u2019a \u00e9t\u00e9 arr\u00eat\u00e9 au premier abord\u00a0 parce que recherch\u00e9 par le pouvoir en place. \u00a0\u00a0\u00ab<em>\u00a0Au d\u00e9part, ce n\u2019\u00e9tait pas nous\u00a0.C\u2019est apr\u00e8s qu\u2019il s\u2019est mis \u00e0 \u00e9crire tout ce qu\u2019il voulait .Votre\u00a0 serviteur (Wilfried L\u00e9andre Houngb\u00e9dji) \u00a0en a subi les frais. Mais cela n\u2019est pas le plus important \u00a0Ce\u00a0 qui m\u2019int\u00e9resse le plus, c\u2019est ce qu\u2019on est capable de r\u00e9pandre sur son pays, sur nos forces arm\u00e9es b\u00e9ninoises, sachant par ailleurs\u00a0 que c\u2019est faux\u00a0 et qu\u2019on est dans la manipulation et dans l\u2019outrance\u00a0\u00bb, <\/em>a d\u00e9plor\u00e9 \u00a0le porte-parole du gouvernement. \u00a0Il s&rsquo;est exprim\u00e9 \u00e9galement sur la proc\u00e9dure ayant conduit Hugues Sossoukp\u00e8 devant la justice b\u00e9ninoise. Alors que des voix d\u00e9noncent un enl\u00e8vement du journaliste \u00e0 Abidjan, le porte-parole du gouvernement b\u00e9ninois a laiss\u00e9 entendre qu&rsquo;il s&rsquo;agit plut\u00f4t d&rsquo;interpellation. \u00ab Moi j\u2019ai lu qu\u2019il a \u00e9t\u00e9 interpell\u00e9 par des agents de police dans le pays o\u00f9 il r\u00e9sidait depuis un moment. Ce sont les agents de police qui sont all\u00e9s le chercher pour le ramener au B\u00e9nin \u00bb, a-t-il fait savoir.<\/p>\n<p><strong>Wilfried L\u00e9andre Houngb\u00e9dji<\/strong>\u00a0s\u2019est aussi prononc\u00e9 sur les accusations port\u00e9es \u00e0 l\u2019encontre du journaliste. Il a rappel\u00e9 que la libert\u00e9 d\u2019expression, bien qu\u2019encourag\u00e9e par le gouvernement, n\u2019exon\u00e8re pas de la responsabilit\u00e9 li\u00e9e aux propos tenus. \u00ab\u00a0<em>Chacun est t\u00e9moin des productions de notre compatriote sur les r\u00e9seaux sociaux. Certains \u00e9voqueront la libert\u00e9 d\u2019expression. Certes, le gouvernement est partisan de la libert\u00e9 d\u2019expression\u2026 mais nous savons aussi que la libert\u00e9 rime avec la responsabilit\u00e9\u00a0<\/em>\u00bb, a-t-il soulign\u00e9. Et d\u2019ajouter : \u00ab<em>\u00a0La libert\u00e9 d\u2019expression doit s\u2019analyser comme le droit de dire, de pr\u00e9tendre ou d\u2019affirmer ce que l\u2019on veut, tout en s\u2019accompagnant du devoir d\u2019assumer ou, \u00e0 tout le moins, de prouver ses all\u00e9gations.\u00a0<\/em>\u00bb<\/p>\n<p>&nbsp;<\/p>\n<p>Rappelons que le journaliste est plac\u00e9 sous mandat de d\u00e9p\u00f4t apr\u00e8s son arrestation \u00e0 Abidjan le 10 juillet 2025 et \u00a0son extradition \u00e0 Cotonou. Comlan Hugues Sossoukp\u00e8 doit r\u00e9pondre \u00e0 quatre chefs d&rsquo;accusations. Il est poursuivi \u00e0 la <strong>Cour de r\u00e9pression des infractions \u00e9conomiques et du terrorisme<\/strong><strong> (CRIET<\/strong>) pour les faits d&rsquo; \u00ab\u00a0<strong>incitation \u00e0 la rebellion, incitation \u00e0 la haine et \u00e0 la violence, harc\u00e8lement par le biais d&rsquo;une communication \u00e9lectronique et apologie du terrorisme\u00a0\u00bb<\/strong> . Le dossier de l&rsquo;activiste est renvoy\u00e9 en \u00a0instruction pour les investigations.<\/p>\n<p>&nbsp;<\/p>\n<p>&nbsp;<\/p>\n","protected":false},"excerpt":{"rendered":"<p>\u00a0Le porte-parole et\u00a0 Secr\u00e9taire g\u00e9n\u00e9ral adjoint du gouvernement, Wilfried L\u00e9andre Houngb\u00e9dji a r\u00e9agi \u00e0 l\u2019arrestation du journaliste Comlan Hugues Sossoukp\u00e8. Selon lui, l\u2019activiste n\u2019est pas exempt de tout reproche. Face&hellip;<\/p>\n","protected":false},"author":6,"featured_media":12237,"comment_status":"open","ping_status":"open","sticky":false,"template":"","format":"standard","meta":{"content-type":"","om_disable_all_campaigns":false,"_monsterinsights_skip_tracking":false,"_monsterinsights_sitenote_active":false,"_monsterinsights_sitenote_note":"","_monsterinsights_sitenote_category":0,"_uf_show_specific_survey":0,"_uf_disable_surveys":false,"footnotes":""},"categories":[26],"tags":[],"class_list":["post-12236","post","type-post","status-publish","format-standard","has-post-thumbnail","hentry","category-politique"],"aioseo_notices":[],"yoast_head":"<!-- This site is optimized with the Yoast SEO plugin v27.5 - https:\/\/yoast.com\/product\/yoast-seo-wordpress\/ -->\n<title>Arrestation de Hugues Sossoukp\u00e8 \u00e0 Abidjan : Les clarifications de Wilfried L\u00e9andre Houngb\u00e9dji - Le Patriote<\/title>\n<meta name=\"robots\" content=\"index, follow, max-snippet:-1, max-image-preview:large, max-video-preview:-1\" \/>\n<link rel=\"canonical\" href=\"https:\/\/lepatriotebenin.com\/index.php\/2025\/07\/21\/arrestation-de-hugues-sossoukpe-a-abidjan-les-clarifications-de-wilfried-leandre-houngbedji\/\" \/>\n<meta property=\"og:locale\" content=\"fr_FR\" \/>\n<meta property=\"og:type\" content=\"article\" \/>\n<meta property=\"og:title\" content=\"Arrestation de Hugues Sossoukp\u00e8 \u00e0 Abidjan : Les clarifications de Wilfried L\u00e9andre Houngb\u00e9dji - Le Patriote\" \/>\n<meta property=\"og:description\" content=\"\u00a0Le porte-parole et\u00a0 Secr\u00e9taire g\u00e9n\u00e9ral adjoint du gouvernement, Wilfried L\u00e9andre Houngb\u00e9dji a r\u00e9agi \u00e0 l\u2019arrestation du journaliste Comlan Hugues Sossoukp\u00e8. Selon lui, l\u2019activiste n\u2019est pas exempt de tout reproche. Face&hellip;\" \/>\n<meta property=\"og:url\" content=\"https:\/\/lepatriotebenin.com\/index.php\/2025\/07\/21\/arrestation-de-hugues-sossoukpe-a-abidjan-les-clarifications-de-wilfried-leandre-houngbedji\/\" \/>\n<meta property=\"og:site_name\" content=\"Le Patriote\" \/>\n<meta property=\"article:published_time\" content=\"2025-07-21T11:38:32+00:00\" \/>\n<meta property=\"og:image\" content=\"https:\/\/lepatriotebenin.com\/wp-content\/uploads\/2025\/07\/wilfried-leandre-houngbedji.webp\" \/>\n\t<meta property=\"og:image:width\" content=\"1200\" \/>\n\t<meta property=\"og:image:height\" content=\"675\" \/>\n\t<meta property=\"og:image:type\" content=\"image\/webp\" \/>\n<meta name=\"author\" content=\"Roland AFFANOU\" \/>\n<meta name=\"twitter:card\" content=\"summary_large_image\" \/>\n<meta name=\"twitter:label1\" content=\"\u00c9crit par\" \/>\n\t<meta name=\"twitter:data1\" content=\"Roland AFFANOU\" \/>\n\t<meta name=\"twitter:label2\" content=\"Dur\u00e9e de lecture estim\u00e9e\" \/>\n\t<meta name=\"twitter:data2\" content=\"5 minutes\" \/>\n<script type=\"application\/ld+json\" class=\"yoast-schema-graph\">{\"@context\":\"https:\\\/\\\/schema.org\",\"@graph\":[{\"@type\":\"Article\",\"@id\":\"https:\\\/\\\/lepatriotebenin.com\\\/index.php\\\/2025\\\/07\\\/21\\\/arrestation-de-hugues-sossoukpe-a-abidjan-les-clarifications-de-wilfried-leandre-houngbedji\\\/#article\",\"isPartOf\":{\"@id\":\"https:\\\/\\\/lepatriotebenin.com\\\/index.php\\\/2025\\\/07\\\/21\\\/arrestation-de-hugues-sossoukpe-a-abidjan-les-clarifications-de-wilfried-leandre-houngbedji\\\/\"},\"author\":{\"name\":\"Roland AFFANOU\",\"@id\":\"https:\\\/\\\/lepatriotebenin.com\\\/#\\\/schema\\\/person\\\/4a9b67216c97d04045e01405c534c91f\"},\"headline\":\"Arrestation de Hugues Sossoukp\u00e8 \u00e0 Abidjan : Les clarifications de Wilfried L\u00e9andre Houngb\u00e9dji\",\"datePublished\":\"2025-07-21T11:38:32+00:00\",\"mainEntityOfPage\":{\"@id\":\"https:\\\/\\\/lepatriotebenin.com\\\/index.php\\\/2025\\\/07\\\/21\\\/arrestation-de-hugues-sossoukpe-a-abidjan-les-clarifications-de-wilfried-leandre-houngbedji\\\/\"},\"wordCount\":900,\"commentCount\":0,\"image\":{\"@id\":\"https:\\\/\\\/lepatriotebenin.com\\\/index.php\\\/2025\\\/07\\\/21\\\/arrestation-de-hugues-sossoukpe-a-abidjan-les-clarifications-de-wilfried-leandre-houngbedji\\\/#primaryimage\"},\"thumbnailUrl\":\"https:\\\/\\\/lepatriotebenin.com\\\/wp-content\\\/uploads\\\/2025\\\/07\\\/wilfried-leandre-houngbedji.webp\",\"articleSection\":[\"Politique\"],\"inLanguage\":\"fr-FR\",\"potentialAction\":[{\"@type\":\"CommentAction\",\"name\":\"Comment\",\"target\":[\"https:\\\/\\\/lepatriotebenin.com\\\/index.php\\\/2025\\\/07\\\/21\\\/arrestation-de-hugues-sossoukpe-a-abidjan-les-clarifications-de-wilfried-leandre-houngbedji\\\/#respond\"]}]},{\"@type\":\"WebPage\",\"@id\":\"https:\\\/\\\/lepatriotebenin.com\\\/index.php\\\/2025\\\/07\\\/21\\\/arrestation-de-hugues-sossoukpe-a-abidjan-les-clarifications-de-wilfried-leandre-houngbedji\\\/\",\"url\":\"https:\\\/\\\/lepatriotebenin.com\\\/index.php\\\/2025\\\/07\\\/21\\\/arrestation-de-hugues-sossoukpe-a-abidjan-les-clarifications-de-wilfried-leandre-houngbedji\\\/\",\"name\":\"Arrestation de Hugues Sossoukp\u00e8 \u00e0 Abidjan : Les clarifications de Wilfried L\u00e9andre Houngb\u00e9dji - Le Patriote\",\"isPartOf\":{\"@id\":\"https:\\\/\\\/lepatriotebenin.com\\\/#website\"},\"primaryImageOfPage\":{\"@id\":\"https:\\\/\\\/lepatriotebenin.com\\\/index.php\\\/2025\\\/07\\\/21\\\/arrestation-de-hugues-sossoukpe-a-abidjan-les-clarifications-de-wilfried-leandre-houngbedji\\\/#primaryimage\"},\"image\":{\"@id\":\"https:\\\/\\\/lepatriotebenin.com\\\/index.php\\\/2025\\\/07\\\/21\\\/arrestation-de-hugues-sossoukpe-a-abidjan-les-clarifications-de-wilfried-leandre-houngbedji\\\/#primaryimage\"},\"thumbnailUrl\":\"https:\\\/\\\/lepatriotebenin.com\\\/wp-content\\\/uploads\\\/2025\\\/07\\\/wilfried-leandre-houngbedji.webp\",\"datePublished\":\"2025-07-21T11:38:32+00:00\",\"author\":{\"@id\":\"https:\\\/\\\/lepatriotebenin.com\\\/#\\\/schema\\\/person\\\/4a9b67216c97d04045e01405c534c91f\"},\"breadcrumb\":{\"@id\":\"https:\\\/\\\/lepatriotebenin.com\\\/index.php\\\/2025\\\/07\\\/21\\\/arrestation-de-hugues-sossoukpe-a-abidjan-les-clarifications-de-wilfried-leandre-houngbedji\\\/#breadcrumb\"},\"inLanguage\":\"fr-FR\",\"potentialAction\":[{\"@type\":\"ReadAction\",\"target\":[\"https:\\\/\\\/lepatriotebenin.com\\\/index.php\\\/2025\\\/07\\\/21\\\/arrestation-de-hugues-sossoukpe-a-abidjan-les-clarifications-de-wilfried-leandre-houngbedji\\\/\"]}]},{\"@type\":\"ImageObject\",\"inLanguage\":\"fr-FR\",\"@id\":\"https:\\\/\\\/lepatriotebenin.com\\\/index.php\\\/2025\\\/07\\\/21\\\/arrestation-de-hugues-sossoukpe-a-abidjan-les-clarifications-de-wilfried-leandre-houngbedji\\\/#primaryimage\",\"url\":\"https:\\\/\\\/lepatriotebenin.com\\\/wp-content\\\/uploads\\\/2025\\\/07\\\/wilfried-leandre-houngbedji.webp\",\"contentUrl\":\"https:\\\/\\\/lepatriotebenin.com\\\/wp-content\\\/uploads\\\/2025\\\/07\\\/wilfried-leandre-houngbedji.webp\",\"width\":1200,\"height\":675},{\"@type\":\"BreadcrumbList\",\"@id\":\"https:\\\/\\\/lepatriotebenin.com\\\/index.php\\\/2025\\\/07\\\/21\\\/arrestation-de-hugues-sossoukpe-a-abidjan-les-clarifications-de-wilfried-leandre-houngbedji\\\/#breadcrumb\",\"itemListElement\":[{\"@type\":\"ListItem\",\"position\":1,\"name\":\"Accueil\",\"item\":\"https:\\\/\\\/lepatriotebenin.com\\\/\"},{\"@type\":\"ListItem\",\"position\":2,\"name\":\"Arrestation de Hugues Sossoukp\u00e8 \u00e0 Abidjan : Les clarifications de Wilfried L\u00e9andre Houngb\u00e9dji\"}]},{\"@type\":\"WebSite\",\"@id\":\"https:\\\/\\\/lepatriotebenin.com\\\/#website\",\"url\":\"https:\\\/\\\/lepatriotebenin.com\\\/\",\"name\":\"Le Patriote\",\"description\":\"Le Patriote B\u00e9nin\",\"potentialAction\":[{\"@type\":\"SearchAction\",\"target\":{\"@type\":\"EntryPoint\",\"urlTemplate\":\"https:\\\/\\\/lepatriotebenin.com\\\/?s={search_term_string}\"},\"query-input\":{\"@type\":\"PropertyValueSpecification\",\"valueRequired\":true,\"valueName\":\"search_term_string\"}}],\"inLanguage\":\"fr-FR\"},{\"@type\":\"Person\",\"@id\":\"https:\\\/\\\/lepatriotebenin.com\\\/#\\\/schema\\\/person\\\/4a9b67216c97d04045e01405c534c91f\",\"name\":\"Roland AFFANOU\",\"image\":{\"@type\":\"ImageObject\",\"inLanguage\":\"fr-FR\",\"@id\":\"https:\\\/\\\/secure.gravatar.com\\\/avatar\\\/7209d3f6d2d47ea4d0c67e14d3effb61feb10ae540a4381280c66265de5bd643?s=96&d=mm&r=g\",\"url\":\"https:\\\/\\\/secure.gravatar.com\\\/avatar\\\/7209d3f6d2d47ea4d0c67e14d3effb61feb10ae540a4381280c66265de5bd643?s=96&d=mm&r=g\",\"contentUrl\":\"https:\\\/\\\/secure.gravatar.com\\\/avatar\\\/7209d3f6d2d47ea4d0c67e14d3effb61feb10ae540a4381280c66265de5bd643?s=96&d=mm&r=g\",\"caption\":\"Roland AFFANOU\"},\"url\":\"https:\\\/\\\/lepatriotebenin.com\"}]}<\/script>\n<!-- \/ Yoast SEO plugin. -->","yoast_head_json":{"title":"Arrestation de Hugues Sossoukp\u00e8 \u00e0 Abidjan : Les clarifications de Wilfried L\u00e9andre Houngb\u00e9dji - Le Patriote","robots":{"index":"index","follow":"follow","max-snippet":"max-snippet:-1","max-image-preview":"max-image-preview:large","max-video-preview":"max-video-preview:-1"},"canonical":"https:\/\/lepatriotebenin.com\/index.php\/2025\/07\/21\/arrestation-de-hugues-sossoukpe-a-abidjan-les-clarifications-de-wilfried-leandre-houngbedji\/","og_locale":"fr_FR","og_type":"article","og_title":"Arrestation de Hugues Sossoukp\u00e8 \u00e0 Abidjan : Les clarifications de Wilfried L\u00e9andre Houngb\u00e9dji - Le Patriote","og_description":"\u00a0Le porte-parole et\u00a0 Secr\u00e9taire g\u00e9n\u00e9ral adjoint du gouvernement, Wilfried L\u00e9andre Houngb\u00e9dji a r\u00e9agi \u00e0 l\u2019arrestation du journaliste Comlan Hugues Sossoukp\u00e8. Selon lui, l\u2019activiste n\u2019est pas exempt de tout reproche. Face&hellip;","og_url":"https:\/\/lepatriotebenin.com\/index.php\/2025\/07\/21\/arrestation-de-hugues-sossoukpe-a-abidjan-les-clarifications-de-wilfried-leandre-houngbedji\/","og_site_name":"Le Patriote","article_published_time":"2025-07-21T11:38:32+00:00","og_image":[{"width":1200,"height":675,"url":"https:\/\/lepatriotebenin.com\/wp-content\/uploads\/2025\/07\/wilfried-leandre-houngbedji.webp","type":"image\/webp"}],"author":"Roland AFFANOU","twitter_card":"summary_large_image","twitter_misc":{"\u00c9crit par":"Roland AFFANOU","Dur\u00e9e de lecture estim\u00e9e":"5 minutes"},"schema":{"@context":"https:\/\/schema.org","@graph":[{"@type":"Article","@id":"https:\/\/lepatriotebenin.com\/index.php\/2025\/07\/21\/arrestation-de-hugues-sossoukpe-a-abidjan-les-clarifications-de-wilfried-leandre-houngbedji\/#article","isPartOf":{"@id":"https:\/\/lepatriotebenin.com\/index.php\/2025\/07\/21\/arrestation-de-hugues-sossoukpe-a-abidjan-les-clarifications-de-wilfried-leandre-houngbedji\/"},"author":{"name":"Roland AFFANOU","@id":"https:\/\/lepatriotebenin.com\/#\/schema\/person\/4a9b67216c97d04045e01405c534c91f"},"headline":"Arrestation de Hugues Sossoukp\u00e8 \u00e0 Abidjan : Les clarifications de Wilfried L\u00e9andre Houngb\u00e9dji","datePublished":"2025-07-21T11:38:32+00:00","mainEntityOfPage":{"@id":"https:\/\/lepatriotebenin.com\/index.php\/2025\/07\/21\/arrestation-de-hugues-sossoukpe-a-abidjan-les-clarifications-de-wilfried-leandre-houngbedji\/"},"wordCount":900,"commentCount":0,"image":{"@id":"https:\/\/lepatriotebenin.com\/index.php\/2025\/07\/21\/arrestation-de-hugues-sossoukpe-a-abidjan-les-clarifications-de-wilfried-leandre-houngbedji\/#primaryimage"},"thumbnailUrl":"https:\/\/lepatriotebenin.com\/wp-content\/uploads\/2025\/07\/wilfried-leandre-houngbedji.webp","articleSection":["Politique"],"inLanguage":"fr-FR","potentialAction":[{"@type":"CommentAction","name":"Comment","target":["https:\/\/lepatriotebenin.com\/index.php\/2025\/07\/21\/arrestation-de-hugues-sossoukpe-a-abidjan-les-clarifications-de-wilfried-leandre-houngbedji\/#respond"]}]},{"@type":"WebPage","@id":"https:\/\/lepatriotebenin.com\/index.php\/2025\/07\/21\/arrestation-de-hugues-sossoukpe-a-abidjan-les-clarifications-de-wilfried-leandre-houngbedji\/","url":"https:\/\/lepatriotebenin.com\/index.php\/2025\/07\/21\/arrestation-de-hugues-sossoukpe-a-abidjan-les-clarifications-de-wilfried-leandre-houngbedji\/","name":"Arrestation de Hugues Sossoukp\u00e8 \u00e0 Abidjan : Les clarifications de Wilfried L\u00e9andre Houngb\u00e9dji - Le Patriote","isPartOf":{"@id":"https:\/\/lepatriotebenin.com\/#website"},"primaryImageOfPage":{"@id":"https:\/\/lepatriotebenin.com\/index.php\/2025\/07\/21\/arrestation-de-hugues-sossoukpe-a-abidjan-les-clarifications-de-wilfried-leandre-houngbedji\/#primaryimage"},"image":{"@id":"https:\/\/lepatriotebenin.com\/index.php\/2025\/07\/21\/arrestation-de-hugues-sossoukpe-a-abidjan-les-clarifications-de-wilfried-leandre-houngbedji\/#primaryimage"},"thumbnailUrl":"https:\/\/lepatriotebenin.com\/wp-content\/uploads\/2025\/07\/wilfried-leandre-houngbedji.webp","datePublished":"2025-07-21T11:38:32+00:00","author":{"@id":"https:\/\/lepatriotebenin.com\/#\/schema\/person\/4a9b67216c97d04045e01405c534c91f"},"breadcrumb":{"@id":"https:\/\/lepatriotebenin.com\/index.php\/2025\/07\/21\/arrestation-de-hugues-sossoukpe-a-abidjan-les-clarifications-de-wilfried-leandre-houngbedji\/#breadcrumb"},"inLanguage":"fr-FR","potentialAction":[{"@type":"ReadAction","target":["https:\/\/lepatriotebenin.com\/index.php\/2025\/07\/21\/arrestation-de-hugues-sossoukpe-a-abidjan-les-clarifications-de-wilfried-leandre-houngbedji\/"]}]},{"@type":"ImageObject","inLanguage":"fr-FR","@id":"https:\/\/lepatriotebenin.com\/index.php\/2025\/07\/21\/arrestation-de-hugues-sossoukpe-a-abidjan-les-clarifications-de-wilfried-leandre-houngbedji\/#primaryimage","url":"https:\/\/lepatriotebenin.com\/wp-content\/uploads\/2025\/07\/wilfried-leandre-houngbedji.webp","contentUrl":"https:\/\/lepatriotebenin.com\/wp-content\/uploads\/2025\/07\/wilfried-leandre-houngbedji.webp","width":1200,"height":675},{"@type":"BreadcrumbList","@id":"https:\/\/lepatriotebenin.com\/index.php\/2025\/07\/21\/arrestation-de-hugues-sossoukpe-a-abidjan-les-clarifications-de-wilfried-leandre-houngbedji\/#breadcrumb","itemListElement":[{"@type":"ListItem","position":1,"name":"Accueil","item":"https:\/\/lepatriotebenin.com\/"},{"@type":"ListItem","position":2,"name":"Arrestation de Hugues Sossoukp\u00e8 \u00e0 Abidjan : Les clarifications de Wilfried L\u00e9andre Houngb\u00e9dji"}]},{"@type":"WebSite","@id":"https:\/\/lepatriotebenin.com\/#website","url":"https:\/\/lepatriotebenin.com\/","name":"Le Patriote","description":"Le Patriote B\u00e9nin","potentialAction":[{"@type":"SearchAction","target":{"@type":"EntryPoint","urlTemplate":"https:\/\/lepatriotebenin.com\/?s={search_term_string}"},"query-input":{"@type":"PropertyValueSpecification","valueRequired":true,"valueName":"search_term_string"}}],"inLanguage":"fr-FR"},{"@type":"Person","@id":"https:\/\/lepatriotebenin.com\/#\/schema\/person\/4a9b67216c97d04045e01405c534c91f","name":"Roland AFFANOU","image":{"@type":"ImageObject","inLanguage":"fr-FR","@id":"https:\/\/secure.gravatar.com\/avatar\/7209d3f6d2d47ea4d0c67e14d3effb61feb10ae540a4381280c66265de5bd643?s=96&d=mm&r=g","url":"https:\/\/secure.gravatar.com\/avatar\/7209d3f6d2d47ea4d0c67e14d3effb61feb10ae540a4381280c66265de5bd643?s=96&d=mm&r=g","contentUrl":"https:\/\/secure.gravatar.com\/avatar\/7209d3f6d2d47ea4d0c67e14d3effb61feb10ae540a4381280c66265de5bd643?s=96&d=mm&r=g","caption":"Roland AFFANOU"},"url":"https:\/\/lepatriotebenin.com"}]}},"_links":{"self":[{"href":"https:\/\/lepatriotebenin.com\/index.php\/wp-json\/wp\/v2\/posts\/12236","targetHints":{"allow":["GET"]}}],"collection":[{"href":"https:\/\/lepatriotebenin.com\/index.php\/wp-json\/wp\/v2\/posts"}],"about":[{"href":"https:\/\/lepatriotebenin.com\/index.php\/wp-json\/wp\/v2\/types\/post"}],"author":[{"embeddable":true,"href":"https:\/\/lepatriotebenin.com\/index.php\/wp-json\/wp\/v2\/users\/6"}],"replies":[{"embeddable":true,"href":"https:\/\/lepatriotebenin.com\/index.php\/wp-json\/wp\/v2\/comments?post=12236"}],"version-history":[{"count":1,"href":"https:\/\/lepatriotebenin.com\/index.php\/wp-json\/wp\/v2\/posts\/12236\/revisions"}],"predecessor-version":[{"id":12238,"href":"https:\/\/lepatriotebenin.com\/index.php\/wp-json\/wp\/v2\/posts\/12236\/revisions\/12238"}],"wp:featuredmedia":[{"embeddable":true,"href":"https:\/\/lepatriotebenin.com\/index.php\/wp-json\/wp\/v2\/media\/12237"}],"wp:attachment":[{"href":"https:\/\/lepatriotebenin.com\/index.php\/wp-json\/wp\/v2\/media?parent=12236"}],"wp:term":[{"taxonomy":"category","embeddable":true,"href":"https:\/\/lepatriotebenin.com\/index.php\/wp-json\/wp\/v2\/categories?post=12236"},{"taxonomy":"post_tag","embeddable":true,"href":"https:\/\/lepatriotebenin.com\/index.php\/wp-json\/wp\/v2\/tags?post=12236"}],"curies":[{"name":"wp","href":"https:\/\/api.w.org\/{rel}","templated":true}]}}