{"id":12233,"date":"2025-07-21T12:06:32","date_gmt":"2025-07-21T10:06:32","guid":{"rendered":"https:\/\/lepatriotebenin.com\/?p=12233"},"modified":"2025-07-21T12:06:32","modified_gmt":"2025-07-21T10:06:32","slug":"bac-2025-nouveaux-bacheliers-et-recales-invites-a-retirer-leurs-releves-les-21-et-22-juillet","status":"publish","type":"post","link":"https:\/\/lepatriotebenin.com\/index.php\/2025\/07\/21\/bac-2025-nouveaux-bacheliers-et-recales-invites-a-retirer-leurs-releves-les-21-et-22-juillet\/","title":{"rendered":"Bac 2025  : Nouveaux bacheliers et recal\u00e9s invit\u00e9s \u00e0 retirer leurs relev\u00e9s les 21 et 22 juillet"},"content":{"rendered":"<p><strong>(Liste des centres retenus)<\/strong><\/p>\n<p><strong><em>Quelques jours apr\u00e8s la proclamation officielle des r\u00e9sultats du baccalaur\u00e9at session unique de juin 2025, les candidats, qu\u2019ils soient admis ou recal\u00e9s, sont invit\u00e9s \u00e0 proc\u00e9der au retrait de leurs relev\u00e9s de notes. La distribution se d\u00e9roulera sur deux jours, du lundi 21 au mardi 22 juillet, dans plusieurs centres r\u00e9partis sur l\u2019ensemble du territoire national.<\/em><\/strong><\/p>\n<p>La course aux documents officiels du Bac 2025 est lanc\u00e9e. Les nouveaux bacheliers ainsi que les candidats non admis sont attendus pour retirer leurs relev\u00e9s de notes, du lundi 21 au mardi 22 juillet 2025, d\u00e8s 08 heures dans les centres d\u00e9sign\u00e9s \u00e0 cet effet.<\/p>\n<p>Les concern\u00e9s devront imp\u00e9rativement se munir de leur carte d\u2019identit\u00e9, de leur convocation ainsi que de leur num\u00e9ro de jury pour acc\u00e9der aux guichets de retrait. La pr\u00e9sentation de ces pi\u00e8ces reste obligatoire pour toute d\u00e9livrance du document.<\/p>\n<p>Les centres retenus pour cette op\u00e9ration sont les suivants :<\/p>\n<p>CEG 1 Natitingou<\/p>\n<p>Lyc\u00e9e Mathieu Bouk\u00e9<\/p>\n<p>CEG 1 Lokossa<\/p>\n<p>Lyc\u00e9e Technique de Bohicon<\/p>\n<p>Lyc\u00e9e B\u00e9hanzin<\/p>\n<p>CEG Gb\u00e9gamey<\/p>\n<p>Lyc\u00e9e Technique Coulibaly<\/p>\n<p>CEG 1 Abomey-Calavi<\/p>\n<p>CEG Nokou\u00e9<\/p>\n<p>Les autorit\u00e9s scolaires recommandent aux candidats de respecter les consignes et de se pr\u00e9senter dans les d\u00e9lais impartis afin de faciliter le bon d\u00e9roulement de l\u2019op\u00e9ration.<\/p>\n<p>&nbsp;<\/p>\n<p>Gildas AHOGNI<\/p>\n","protected":false},"excerpt":{"rendered":"<p>(Liste des centres retenus) Quelques jours apr\u00e8s la proclamation officielle des r\u00e9sultats du baccalaur\u00e9at session unique de juin 2025, les candidats, qu\u2019ils soient admis ou recal\u00e9s, sont invit\u00e9s \u00e0 proc\u00e9der&hellip;<\/p>\n","protected":false},"author":5,"featured_media":12192,"comment_status":"open","ping_status":"open","sticky":false,"template":"","format":"standard","meta":{"content-type":"","om_disable_all_campaigns":false,"_monsterinsights_skip_tracking":false,"_monsterinsights_sitenote_active":false,"_monsterinsights_sitenote_note":"","_monsterinsights_sitenote_category":0,"_uf_show_specific_survey":0,"_uf_disable_surveys":false,"footnotes":""},"categories":[20],"tags":[],"class_list":["post-12233","post","type-post","status-publish","format-standard","has-post-thumbnail","hentry","category-societe"],"aioseo_notices":[],"yoast_head":"<!-- This site is optimized with the Yoast SEO plugin v27.5 - https:\/\/yoast.com\/product\/yoast-seo-wordpress\/ -->\n<title>Bac 2025 : Nouveaux bacheliers et recal\u00e9s invit\u00e9s \u00e0 retirer leurs relev\u00e9s les 21 et 22 juillet - Le Patriote<\/title>\n<meta name=\"robots\" content=\"index, follow, max-snippet:-1, max-image-preview:large, max-video-preview:-1\" \/>\n<link rel=\"canonical\" href=\"https:\/\/lepatriotebenin.com\/index.php\/2025\/07\/21\/bac-2025-nouveaux-bacheliers-et-recales-invites-a-retirer-leurs-releves-les-21-et-22-juillet\/\" \/>\n<meta property=\"og:locale\" content=\"fr_FR\" \/>\n<meta property=\"og:type\" content=\"article\" \/>\n<meta property=\"og:title\" content=\"Bac 2025 : Nouveaux bacheliers et recal\u00e9s invit\u00e9s \u00e0 retirer leurs relev\u00e9s les 21 et 22 juillet - Le Patriote\" \/>\n<meta property=\"og:description\" content=\"(Liste des centres retenus) Quelques jours apr\u00e8s la proclamation officielle des r\u00e9sultats du baccalaur\u00e9at session unique de juin 2025, les candidats, qu\u2019ils soient admis ou recal\u00e9s, sont invit\u00e9s \u00e0 proc\u00e9der&hellip;\" \/>\n<meta property=\"og:url\" content=\"https:\/\/lepatriotebenin.com\/index.php\/2025\/07\/21\/bac-2025-nouveaux-bacheliers-et-recales-invites-a-retirer-leurs-releves-les-21-et-22-juillet\/\" \/>\n<meta property=\"og:site_name\" content=\"Le Patriote\" \/>\n<meta property=\"article:published_time\" content=\"2025-07-21T10:06:32+00:00\" \/>\n<meta property=\"og:image\" content=\"https:\/\/lepatriotebenin.com\/wp-content\/uploads\/2025\/07\/da-silva.jpeg\" \/>\n\t<meta property=\"og:image:width\" content=\"1270\" \/>\n\t<meta property=\"og:image:height\" content=\"1280\" \/>\n\t<meta property=\"og:image:type\" content=\"image\/jpeg\" \/>\n<meta name=\"author\" content=\"Redaction\" \/>\n<meta name=\"twitter:card\" content=\"summary_large_image\" \/>\n<meta name=\"twitter:label1\" content=\"\u00c9crit par\" \/>\n\t<meta name=\"twitter:data1\" content=\"Redaction\" \/>\n\t<meta name=\"twitter:label2\" content=\"Dur\u00e9e de lecture estim\u00e9e\" \/>\n\t<meta name=\"twitter:data2\" content=\"2 minutes\" \/>\n<script type=\"application\/ld+json\" class=\"yoast-schema-graph\">{\"@context\":\"https:\\\/\\\/schema.org\",\"@graph\":[{\"@type\":\"Article\",\"@id\":\"https:\\\/\\\/lepatriotebenin.com\\\/index.php\\\/2025\\\/07\\\/21\\\/bac-2025-nouveaux-bacheliers-et-recales-invites-a-retirer-leurs-releves-les-21-et-22-juillet\\\/#article\",\"isPartOf\":{\"@id\":\"https:\\\/\\\/lepatriotebenin.com\\\/index.php\\\/2025\\\/07\\\/21\\\/bac-2025-nouveaux-bacheliers-et-recales-invites-a-retirer-leurs-releves-les-21-et-22-juillet\\\/\"},\"author\":{\"name\":\"Redaction\",\"@id\":\"https:\\\/\\\/lepatriotebenin.com\\\/#\\\/schema\\\/person\\\/2e7709b9c9cc313e452d1136af61690f\"},\"headline\":\"Bac 2025 : Nouveaux bacheliers et recal\u00e9s invit\u00e9s \u00e0 retirer leurs relev\u00e9s les 21 et 22 juillet\",\"datePublished\":\"2025-07-21T10:06:32+00:00\",\"mainEntityOfPage\":{\"@id\":\"https:\\\/\\\/lepatriotebenin.com\\\/index.php\\\/2025\\\/07\\\/21\\\/bac-2025-nouveaux-bacheliers-et-recales-invites-a-retirer-leurs-releves-les-21-et-22-juillet\\\/\"},\"wordCount\":245,\"commentCount\":0,\"image\":{\"@id\":\"https:\\\/\\\/lepatriotebenin.com\\\/index.php\\\/2025\\\/07\\\/21\\\/bac-2025-nouveaux-bacheliers-et-recales-invites-a-retirer-leurs-releves-les-21-et-22-juillet\\\/#primaryimage\"},\"thumbnailUrl\":\"https:\\\/\\\/lepatriotebenin.com\\\/wp-content\\\/uploads\\\/2025\\\/07\\\/da-silva.jpeg\",\"articleSection\":[\"Soci\u00e9t\u00e9\"],\"inLanguage\":\"fr-FR\",\"potentialAction\":[{\"@type\":\"CommentAction\",\"name\":\"Comment\",\"target\":[\"https:\\\/\\\/lepatriotebenin.com\\\/index.php\\\/2025\\\/07\\\/21\\\/bac-2025-nouveaux-bacheliers-et-recales-invites-a-retirer-leurs-releves-les-21-et-22-juillet\\\/#respond\"]}]},{\"@type\":\"WebPage\",\"@id\":\"https:\\\/\\\/lepatriotebenin.com\\\/index.php\\\/2025\\\/07\\\/21\\\/bac-2025-nouveaux-bacheliers-et-recales-invites-a-retirer-leurs-releves-les-21-et-22-juillet\\\/\",\"url\":\"https:\\\/\\\/lepatriotebenin.com\\\/index.php\\\/2025\\\/07\\\/21\\\/bac-2025-nouveaux-bacheliers-et-recales-invites-a-retirer-leurs-releves-les-21-et-22-juillet\\\/\",\"name\":\"Bac 2025 : Nouveaux bacheliers et recal\u00e9s invit\u00e9s \u00e0 retirer leurs relev\u00e9s les 21 et 22 juillet - Le Patriote\",\"isPartOf\":{\"@id\":\"https:\\\/\\\/lepatriotebenin.com\\\/#website\"},\"primaryImageOfPage\":{\"@id\":\"https:\\\/\\\/lepatriotebenin.com\\\/index.php\\\/2025\\\/07\\\/21\\\/bac-2025-nouveaux-bacheliers-et-recales-invites-a-retirer-leurs-releves-les-21-et-22-juillet\\\/#primaryimage\"},\"image\":{\"@id\":\"https:\\\/\\\/lepatriotebenin.com\\\/index.php\\\/2025\\\/07\\\/21\\\/bac-2025-nouveaux-bacheliers-et-recales-invites-a-retirer-leurs-releves-les-21-et-22-juillet\\\/#primaryimage\"},\"thumbnailUrl\":\"https:\\\/\\\/lepatriotebenin.com\\\/wp-content\\\/uploads\\\/2025\\\/07\\\/da-silva.jpeg\",\"datePublished\":\"2025-07-21T10:06:32+00:00\",\"author\":{\"@id\":\"https:\\\/\\\/lepatriotebenin.com\\\/#\\\/schema\\\/person\\\/2e7709b9c9cc313e452d1136af61690f\"},\"breadcrumb\":{\"@id\":\"https:\\\/\\\/lepatriotebenin.com\\\/index.php\\\/2025\\\/07\\\/21\\\/bac-2025-nouveaux-bacheliers-et-recales-invites-a-retirer-leurs-releves-les-21-et-22-juillet\\\/#breadcrumb\"},\"inLanguage\":\"fr-FR\",\"potentialAction\":[{\"@type\":\"ReadAction\",\"target\":[\"https:\\\/\\\/lepatriotebenin.com\\\/index.php\\\/2025\\\/07\\\/21\\\/bac-2025-nouveaux-bacheliers-et-recales-invites-a-retirer-leurs-releves-les-21-et-22-juillet\\\/\"]}]},{\"@type\":\"ImageObject\",\"inLanguage\":\"fr-FR\",\"@id\":\"https:\\\/\\\/lepatriotebenin.com\\\/index.php\\\/2025\\\/07\\\/21\\\/bac-2025-nouveaux-bacheliers-et-recales-invites-a-retirer-leurs-releves-les-21-et-22-juillet\\\/#primaryimage\",\"url\":\"https:\\\/\\\/lepatriotebenin.com\\\/wp-content\\\/uploads\\\/2025\\\/07\\\/da-silva.jpeg\",\"contentUrl\":\"https:\\\/\\\/lepatriotebenin.com\\\/wp-content\\\/uploads\\\/2025\\\/07\\\/da-silva.jpeg\",\"width\":1270,\"height\":1280},{\"@type\":\"BreadcrumbList\",\"@id\":\"https:\\\/\\\/lepatriotebenin.com\\\/index.php\\\/2025\\\/07\\\/21\\\/bac-2025-nouveaux-bacheliers-et-recales-invites-a-retirer-leurs-releves-les-21-et-22-juillet\\\/#breadcrumb\",\"itemListElement\":[{\"@type\":\"ListItem\",\"position\":1,\"name\":\"Accueil\",\"item\":\"https:\\\/\\\/lepatriotebenin.com\\\/\"},{\"@type\":\"ListItem\",\"position\":2,\"name\":\"Bac 2025 : Nouveaux bacheliers et recal\u00e9s invit\u00e9s \u00e0 retirer leurs relev\u00e9s les 21 et 22 juillet\"}]},{\"@type\":\"WebSite\",\"@id\":\"https:\\\/\\\/lepatriotebenin.com\\\/#website\",\"url\":\"https:\\\/\\\/lepatriotebenin.com\\\/\",\"name\":\"Le Patriote\",\"description\":\"Le Patriote B\u00e9nin\",\"potentialAction\":[{\"@type\":\"SearchAction\",\"target\":{\"@type\":\"EntryPoint\",\"urlTemplate\":\"https:\\\/\\\/lepatriotebenin.com\\\/?s={search_term_string}\"},\"query-input\":{\"@type\":\"PropertyValueSpecification\",\"valueRequired\":true,\"valueName\":\"search_term_string\"}}],\"inLanguage\":\"fr-FR\"},{\"@type\":\"Person\",\"@id\":\"https:\\\/\\\/lepatriotebenin.com\\\/#\\\/schema\\\/person\\\/2e7709b9c9cc313e452d1136af61690f\",\"name\":\"Redaction\",\"image\":{\"@type\":\"ImageObject\",\"inLanguage\":\"fr-FR\",\"@id\":\"https:\\\/\\\/secure.gravatar.com\\\/avatar\\\/c4c509357859ea2ca2cbb6d8812898a73e4ef1ef9934c2e591d7e32face734d1?s=96&d=mm&r=g\",\"url\":\"https:\\\/\\\/secure.gravatar.com\\\/avatar\\\/c4c509357859ea2ca2cbb6d8812898a73e4ef1ef9934c2e591d7e32face734d1?s=96&d=mm&r=g\",\"contentUrl\":\"https:\\\/\\\/secure.gravatar.com\\\/avatar\\\/c4c509357859ea2ca2cbb6d8812898a73e4ef1ef9934c2e591d7e32face734d1?s=96&d=mm&r=g\",\"caption\":\"Redaction\"},\"url\":\"https:\\\/\\\/lepatriotebenin.com\"}]}<\/script>\n<!-- \/ Yoast SEO plugin. -->","yoast_head_json":{"title":"Bac 2025 : Nouveaux bacheliers et recal\u00e9s invit\u00e9s \u00e0 retirer leurs relev\u00e9s les 21 et 22 juillet - Le Patriote","robots":{"index":"index","follow":"follow","max-snippet":"max-snippet:-1","max-image-preview":"max-image-preview:large","max-video-preview":"max-video-preview:-1"},"canonical":"https:\/\/lepatriotebenin.com\/index.php\/2025\/07\/21\/bac-2025-nouveaux-bacheliers-et-recales-invites-a-retirer-leurs-releves-les-21-et-22-juillet\/","og_locale":"fr_FR","og_type":"article","og_title":"Bac 2025 : Nouveaux bacheliers et recal\u00e9s invit\u00e9s \u00e0 retirer leurs relev\u00e9s les 21 et 22 juillet - Le Patriote","og_description":"(Liste des centres retenus) Quelques jours apr\u00e8s la proclamation officielle des r\u00e9sultats du baccalaur\u00e9at session unique de juin 2025, les candidats, qu\u2019ils soient admis ou recal\u00e9s, sont invit\u00e9s \u00e0 proc\u00e9der&hellip;","og_url":"https:\/\/lepatriotebenin.com\/index.php\/2025\/07\/21\/bac-2025-nouveaux-bacheliers-et-recales-invites-a-retirer-leurs-releves-les-21-et-22-juillet\/","og_site_name":"Le Patriote","article_published_time":"2025-07-21T10:06:32+00:00","og_image":[{"width":1270,"height":1280,"url":"https:\/\/lepatriotebenin.com\/wp-content\/uploads\/2025\/07\/da-silva.jpeg","type":"image\/jpeg"}],"author":"Redaction","twitter_card":"summary_large_image","twitter_misc":{"\u00c9crit par":"Redaction","Dur\u00e9e de lecture estim\u00e9e":"2 minutes"},"schema":{"@context":"https:\/\/schema.org","@graph":[{"@type":"Article","@id":"https:\/\/lepatriotebenin.com\/index.php\/2025\/07\/21\/bac-2025-nouveaux-bacheliers-et-recales-invites-a-retirer-leurs-releves-les-21-et-22-juillet\/#article","isPartOf":{"@id":"https:\/\/lepatriotebenin.com\/index.php\/2025\/07\/21\/bac-2025-nouveaux-bacheliers-et-recales-invites-a-retirer-leurs-releves-les-21-et-22-juillet\/"},"author":{"name":"Redaction","@id":"https:\/\/lepatriotebenin.com\/#\/schema\/person\/2e7709b9c9cc313e452d1136af61690f"},"headline":"Bac 2025 : Nouveaux bacheliers et recal\u00e9s invit\u00e9s \u00e0 retirer leurs relev\u00e9s les 21 et 22 juillet","datePublished":"2025-07-21T10:06:32+00:00","mainEntityOfPage":{"@id":"https:\/\/lepatriotebenin.com\/index.php\/2025\/07\/21\/bac-2025-nouveaux-bacheliers-et-recales-invites-a-retirer-leurs-releves-les-21-et-22-juillet\/"},"wordCount":245,"commentCount":0,"image":{"@id":"https:\/\/lepatriotebenin.com\/index.php\/2025\/07\/21\/bac-2025-nouveaux-bacheliers-et-recales-invites-a-retirer-leurs-releves-les-21-et-22-juillet\/#primaryimage"},"thumbnailUrl":"https:\/\/lepatriotebenin.com\/wp-content\/uploads\/2025\/07\/da-silva.jpeg","articleSection":["Soci\u00e9t\u00e9"],"inLanguage":"fr-FR","potentialAction":[{"@type":"CommentAction","name":"Comment","target":["https:\/\/lepatriotebenin.com\/index.php\/2025\/07\/21\/bac-2025-nouveaux-bacheliers-et-recales-invites-a-retirer-leurs-releves-les-21-et-22-juillet\/#respond"]}]},{"@type":"WebPage","@id":"https:\/\/lepatriotebenin.com\/index.php\/2025\/07\/21\/bac-2025-nouveaux-bacheliers-et-recales-invites-a-retirer-leurs-releves-les-21-et-22-juillet\/","url":"https:\/\/lepatriotebenin.com\/index.php\/2025\/07\/21\/bac-2025-nouveaux-bacheliers-et-recales-invites-a-retirer-leurs-releves-les-21-et-22-juillet\/","name":"Bac 2025 : Nouveaux bacheliers et recal\u00e9s invit\u00e9s \u00e0 retirer leurs relev\u00e9s les 21 et 22 juillet - Le Patriote","isPartOf":{"@id":"https:\/\/lepatriotebenin.com\/#website"},"primaryImageOfPage":{"@id":"https:\/\/lepatriotebenin.com\/index.php\/2025\/07\/21\/bac-2025-nouveaux-bacheliers-et-recales-invites-a-retirer-leurs-releves-les-21-et-22-juillet\/#primaryimage"},"image":{"@id":"https:\/\/lepatriotebenin.com\/index.php\/2025\/07\/21\/bac-2025-nouveaux-bacheliers-et-recales-invites-a-retirer-leurs-releves-les-21-et-22-juillet\/#primaryimage"},"thumbnailUrl":"https:\/\/lepatriotebenin.com\/wp-content\/uploads\/2025\/07\/da-silva.jpeg","datePublished":"2025-07-21T10:06:32+00:00","author":{"@id":"https:\/\/lepatriotebenin.com\/#\/schema\/person\/2e7709b9c9cc313e452d1136af61690f"},"breadcrumb":{"@id":"https:\/\/lepatriotebenin.com\/index.php\/2025\/07\/21\/bac-2025-nouveaux-bacheliers-et-recales-invites-a-retirer-leurs-releves-les-21-et-22-juillet\/#breadcrumb"},"inLanguage":"fr-FR","potentialAction":[{"@type":"ReadAction","target":["https:\/\/lepatriotebenin.com\/index.php\/2025\/07\/21\/bac-2025-nouveaux-bacheliers-et-recales-invites-a-retirer-leurs-releves-les-21-et-22-juillet\/"]}]},{"@type":"ImageObject","inLanguage":"fr-FR","@id":"https:\/\/lepatriotebenin.com\/index.php\/2025\/07\/21\/bac-2025-nouveaux-bacheliers-et-recales-invites-a-retirer-leurs-releves-les-21-et-22-juillet\/#primaryimage","url":"https:\/\/lepatriotebenin.com\/wp-content\/uploads\/2025\/07\/da-silva.jpeg","contentUrl":"https:\/\/lepatriotebenin.com\/wp-content\/uploads\/2025\/07\/da-silva.jpeg","width":1270,"height":1280},{"@type":"BreadcrumbList","@id":"https:\/\/lepatriotebenin.com\/index.php\/2025\/07\/21\/bac-2025-nouveaux-bacheliers-et-recales-invites-a-retirer-leurs-releves-les-21-et-22-juillet\/#breadcrumb","itemListElement":[{"@type":"ListItem","position":1,"name":"Accueil","item":"https:\/\/lepatriotebenin.com\/"},{"@type":"ListItem","position":2,"name":"Bac 2025 : Nouveaux bacheliers et recal\u00e9s invit\u00e9s \u00e0 retirer leurs relev\u00e9s les 21 et 22 juillet"}]},{"@type":"WebSite","@id":"https:\/\/lepatriotebenin.com\/#website","url":"https:\/\/lepatriotebenin.com\/","name":"Le Patriote","description":"Le Patriote B\u00e9nin","potentialAction":[{"@type":"SearchAction","target":{"@type":"EntryPoint","urlTemplate":"https:\/\/lepatriotebenin.com\/?s={search_term_string}"},"query-input":{"@type":"PropertyValueSpecification","valueRequired":true,"valueName":"search_term_string"}}],"inLanguage":"fr-FR"},{"@type":"Person","@id":"https:\/\/lepatriotebenin.com\/#\/schema\/person\/2e7709b9c9cc313e452d1136af61690f","name":"Redaction","image":{"@type":"ImageObject","inLanguage":"fr-FR","@id":"https:\/\/secure.gravatar.com\/avatar\/c4c509357859ea2ca2cbb6d8812898a73e4ef1ef9934c2e591d7e32face734d1?s=96&d=mm&r=g","url":"https:\/\/secure.gravatar.com\/avatar\/c4c509357859ea2ca2cbb6d8812898a73e4ef1ef9934c2e591d7e32face734d1?s=96&d=mm&r=g","contentUrl":"https:\/\/secure.gravatar.com\/avatar\/c4c509357859ea2ca2cbb6d8812898a73e4ef1ef9934c2e591d7e32face734d1?s=96&d=mm&r=g","caption":"Redaction"},"url":"https:\/\/lepatriotebenin.com"}]}},"_links":{"self":[{"href":"https:\/\/lepatriotebenin.com\/index.php\/wp-json\/wp\/v2\/posts\/12233","targetHints":{"allow":["GET"]}}],"collection":[{"href":"https:\/\/lepatriotebenin.com\/index.php\/wp-json\/wp\/v2\/posts"}],"about":[{"href":"https:\/\/lepatriotebenin.com\/index.php\/wp-json\/wp\/v2\/types\/post"}],"author":[{"embeddable":true,"href":"https:\/\/lepatriotebenin.com\/index.php\/wp-json\/wp\/v2\/users\/5"}],"replies":[{"embeddable":true,"href":"https:\/\/lepatriotebenin.com\/index.php\/wp-json\/wp\/v2\/comments?post=12233"}],"version-history":[{"count":1,"href":"https:\/\/lepatriotebenin.com\/index.php\/wp-json\/wp\/v2\/posts\/12233\/revisions"}],"predecessor-version":[{"id":12234,"href":"https:\/\/lepatriotebenin.com\/index.php\/wp-json\/wp\/v2\/posts\/12233\/revisions\/12234"}],"wp:featuredmedia":[{"embeddable":true,"href":"https:\/\/lepatriotebenin.com\/index.php\/wp-json\/wp\/v2\/media\/12192"}],"wp:attachment":[{"href":"https:\/\/lepatriotebenin.com\/index.php\/wp-json\/wp\/v2\/media?parent=12233"}],"wp:term":[{"taxonomy":"category","embeddable":true,"href":"https:\/\/lepatriotebenin.com\/index.php\/wp-json\/wp\/v2\/categories?post=12233"},{"taxonomy":"post_tag","embeddable":true,"href":"https:\/\/lepatriotebenin.com\/index.php\/wp-json\/wp\/v2\/tags?post=12233"}],"curies":[{"name":"wp","href":"https:\/\/api.w.org\/{rel}","templated":true}]}}