{"id":11919,"date":"2025-07-12T08:53:12","date_gmt":"2025-07-12T06:53:12","guid":{"rendered":"https:\/\/lepatriotebenin.com\/?p=11919"},"modified":"2025-07-12T08:53:12","modified_gmt":"2025-07-12T06:53:12","slug":"interpellation-de-hugues-comlan-sosspoukpe-le-roaddh-appelle-letat-ivoirien-a-proteger-le-journaliste","status":"publish","type":"post","link":"https:\/\/lepatriotebenin.com\/index.php\/2025\/07\/12\/interpellation-de-hugues-comlan-sosspoukpe-le-roaddh-appelle-letat-ivoirien-a-proteger-le-journaliste\/","title":{"rendered":"Interpellation de Hugues Comlan Sosspoukp\u00e8 : Le ROADDH appelle l\u2019Etat ivoirien \u00e0 prot\u00e9ger  le journaliste"},"content":{"rendered":"<p>Le\u00a0 journaliste et activiste\u00a0 b\u00e9ninois <strong>Hugues Comlan Sosspoukp\u00e8\u00a0<\/strong> a \u00e9t\u00e9 interpell\u00e9 dans la<strong> nuit du 10 au 11 Juillet 2025 \u00a0\u00a0<\/strong>\u00e0 <strong>Abidjan<\/strong> en <strong>C\u00f4te d\u2019Ivoire.<\/strong> Dans un communiqu\u00e9 rendu public <strong>ce vendredi 11 juillet 2025 <\/strong>\u00e0\u00a0 <strong>Lom\u00e9<\/strong> au <strong>Togo,<\/strong> le R\u00e9seau Ouest Africain des D\u00e9fenseurs des Droits Humains (ROADDH) a demand\u00e9 \u00ab \u00e0 l\u2019Etat de C\u00f4te d\u2019Ivoire de respecter la convention de Gen\u00e8ve de 1951 en prot\u00e9geant le journaliste et refugi\u00e9 Comlan Hugues Sossoukp\u00e8\u00a0\u00bb .Le r\u00e9seau a pr\u00e9cis\u00e9 que le journaliste et activiste b\u00e9ninois <strong>jouit \u00ab\u00a0du statut de r\u00e9fugi\u00e9 au Togo depuis 2019\u00a0\u00bb<\/strong> .Il a soulign\u00e9 \u00a0que ce dernier \u00ab\u00a0\u00e9tait en d\u00e9placement sur Abidjan, o\u00f9 il r\u00e9pondait \u00e0 une invitation du Minist\u00e8re de la Transition Num\u00e9rique et de la Digitalisation de la R\u00e9publique de C\u00f4te d\u2019Ivoire, afin de prendre part \u00e0 la premi\u00e8re Edition de l\u2019Ivoire Tech Forum, du 09 au 11 Juillet 2025\u00a0\u00bb. C\u2019est pour cela que \u00ab<em>le ROADDH\u00a0appelle l\u2019Etat de C\u00f4te d\u2019Ivoire, pays dont la Capitale est d\u00e9di\u00e9e aux d\u00e9fenseurs des droits humains \u00e0 apporter sa protection \u00e0 Hugues Comlan SOSSOUKPE conform\u00e9ment \u00e0 la Convention des Nations Unies de 1951 relative aux r\u00e9fugi\u00e9s en son Article 33 intitul\u00e9e<\/em>\u00a0\u00bb\u00a0. Lire \u00a0l\u2019int\u00e9gralit\u00e9 de ce\u00a0 communiqu\u00e9<\/p>\n<p><strong>Communiqu\u00e9 de presse<\/strong><\/p>\n<p>Lom\u00e9, le 11 Juillet 2025 : Le R\u00e9seau Ouest Africain des D\u00e9fenseurs des Droits Humains (ROADDH) demande \u00e0 l\u2019Etat de C\u00f4te d\u2019Ivoire de respecter la convention de Gen\u00e8ve de 1951 en prot\u00e9geant le journaliste et refugi\u00e9 Comlan Hugues SOSSOUKPE.<\/p>\n<p>Le ROADDH a appris avec stupeur l\u2019enl\u00e8vement \u00e0 Abidjan dans la nuit du 10 au 11 Juillet 2025 du journaliste Hugues Comlan SOSOUKPE.<\/p>\n<p>B\u00e9ninois de nationalit\u00e9, Hugues Comlan SOSSOUKPE est un jeune journaliste engag\u00e9 et d\u00e9fenseur des droits humains, connu pour ses critiques vis -\u00e0 -vis des autorit\u00e9s de son pays.<\/p>\n<p>&nbsp;<\/p>\n<p>Jouissant du statut de r\u00e9fugi\u00e9 au Togo depuis 2019, il \u00e9tait en d\u00e9placement sur Abidjan, o\u00f9 il r\u00e9pondait \u00e0 une invitation du Minist\u00e8re de la Transition Num\u00e9rique et de la Digitalisation de la R\u00e9publique de C\u00f4te d\u2019Ivoire, afin de prendre part \u00e0 la premi\u00e8re Edition de l\u2019Ivoire Tech Forum, du 09 au 11 Juillet 2025.<\/p>\n<p>&nbsp;<\/p>\n<p>Le journaliste est rest\u00e9 en contact avec ses proches et les tenant inform\u00e9s de son arriv\u00e9e \u00e0 Abidjan et continuant de publier des articles sur les r\u00e9seaux sociaux.<\/p>\n<p>&nbsp;<\/p>\n<p>Alors que depuis l\u2019apr\u00e8s-midi du 10 juillet 2025, le journaliste est rest\u00e9 injoignable par ses proches, son t\u00e9l\u00e9phone inaccessible, des journaux b\u00e9ninois ont publi\u00e9 ce 11 Juillet 2025 au matin, des informations faisant \u00e9tat de ce qu\u2019il aurait \u00e9t\u00e9 extrad\u00e9 vers le B\u00e9nin.<\/p>\n<p>&nbsp;<\/p>\n<p>Le ROADDH, apr\u00e8s plusieurs investigations aux c\u00f4t\u00e9s de ses partenaires, a eu l\u2019information selon laquelle Hugues Comlan SOSSOUKPE est toujours \u00e0 Abidjan.<\/p>\n<p>&nbsp;<\/p>\n<p>L\u2019enl\u00e8vement de Monsieur SOSSOUKPE rappelle \u00e9trangement celui du cyberactiviste et chroniqueur AMOUSSOU Steve, citoyen b\u00e9ninois, un autre r\u00e9fugi\u00e9, enlev\u00e9 \u00e0 Adidogom\u00e9 \u00e0 Lom\u00e9 (Togo) dans des conditions inacceptables le 12 Ao\u00fbt 2024 alors que la victime \u00e9tait devant son domicile dans la nuit. Ce dernier, malgr\u00e9 les conditions de son enl\u00e8vement et de son transport sur le territoire du B\u00e9nin a \u00e9cop\u00e9 d\u2019une condamnation de deux ans de prison et d\u2019un million CFA d\u2019amende pour \u00ab Injures avec motivation politique \u00bb et \u00abinitiation et diffusion de fausses nouvelles \u00bb.<\/p>\n<p>&nbsp;<\/p>\n<p>Le ROADDH appelle l\u2019Etat de C\u00f4te d\u2019Ivoire, pays dont la Capitale est d\u00e9di\u00e9e aux d\u00e9fenseurs des droits humains \u00e0 apporter sa protection \u00e0 Hugues Comlan SOSSOUKPE conform\u00e9ment \u00e0 la Convention des Nations Unies de 1951 relative aux r\u00e9fugi\u00e9s en son Article 33 intitul\u00e9e\u00a0\u00bb.<\/p>\n<p><strong>D\u00e9fense d\u2019expulsion et de refoulement \u00bb dispose :<\/strong><\/p>\n<p>&nbsp;<\/p>\n<p><strong>\u00ab 1. Aucun des Etats Contractants n\u2019expulsera ou ne refoulera, de quelque mani\u00e8re que ce soit, un r\u00e9fugi\u00e9 sur les fronti\u00e8res des territoires o\u00f9 sa vie ou sa libert\u00e9 serait menac\u00e9e en raison de sa race, de sa religion, de sa nationalit\u00e9, de son appartenance \u00e0 un certain groupe social ou de ses opinions politiques<\/strong><\/p>\n<ol start=\"2\">\n<li><strong> Le b\u00e9n\u00e9fice de la pr\u00e9sente disposition ne pourra toutefois \u00eatre invoqu\u00e9 par un r\u00e9fugi\u00e9 qu\u2019il y aura des raisons s\u00e9rieuses de consid\u00e9rer comme un danger pour la s\u00e9curit\u00e9 du pays o\u00f9 il se trouve ou qui, ayant \u00e9t\u00e9 l\u2019objet d\u2019une condamnation d\u00e9finitive pour un crime ou d\u00e9lit particuli\u00e8rement grave, constitue une\u00a0?menace pour la communaut\u00e9 dudit pays. \u00bb<\/strong><\/li>\n<\/ol>\n<p>Le ROADDH appelle l\u2019Etat du B\u00e9nin, a l\u2019occasion, d\u2019imm\u00e9diatement remettre en libert\u00e9 AMOUSSOU Steve alias Fr\u00e8re Hounvi et tout autre prisonnier d\u2019opinion encore d\u00e9tenu.<\/p>\n<p>&nbsp;<\/p>\n<p><strong>RESEAU OUEST AFRICAIN DES<\/strong><\/p>\n<p><strong>DEFENSEURS DES DROITS HUMAINS<\/strong><\/p>\n<p><strong>SECRETARIAT REGIONAL<\/strong><\/p>\n<p><strong>14BP 152, LOME-TOGO<\/strong><\/p>\n<p><strong>\u00a0<\/strong><\/p>\n<p><strong>Email : roaddh@gmail.com<\/strong><\/p>\n","protected":false},"excerpt":{"rendered":"<p>Le\u00a0 journaliste et activiste\u00a0 b\u00e9ninois Hugues Comlan Sosspoukp\u00e8\u00a0 a \u00e9t\u00e9 interpell\u00e9 dans la nuit du 10 au 11 Juillet 2025 \u00a0\u00a0\u00e0 Abidjan en C\u00f4te d\u2019Ivoire. Dans un communiqu\u00e9 rendu public&hellip;<\/p>\n","protected":false},"author":6,"featured_media":11920,"comment_status":"open","ping_status":"open","sticky":false,"template":"","format":"standard","meta":{"content-type":"","om_disable_all_campaigns":false,"_monsterinsights_skip_tracking":false,"_monsterinsights_sitenote_active":false,"_monsterinsights_sitenote_note":"","_monsterinsights_sitenote_category":0,"_uf_show_specific_survey":0,"_uf_disable_surveys":false,"footnotes":""},"categories":[20],"tags":[],"class_list":["post-11919","post","type-post","status-publish","format-standard","has-post-thumbnail","hentry","category-societe"],"aioseo_notices":[],"yoast_head":"<!-- This site is optimized with the Yoast SEO plugin v27.5 - https:\/\/yoast.com\/product\/yoast-seo-wordpress\/ -->\n<title>Interpellation de Hugues Comlan Sosspoukp\u00e8 : Le ROADDH appelle l\u2019Etat ivoirien \u00e0 prot\u00e9ger le journaliste - Le Patriote<\/title>\n<meta name=\"robots\" content=\"index, follow, max-snippet:-1, max-image-preview:large, max-video-preview:-1\" \/>\n<link rel=\"canonical\" href=\"https:\/\/lepatriotebenin.com\/index.php\/2025\/07\/12\/interpellation-de-hugues-comlan-sosspoukpe-le-roaddh-appelle-letat-ivoirien-a-proteger-le-journaliste\/\" \/>\n<meta property=\"og:locale\" content=\"fr_FR\" \/>\n<meta property=\"og:type\" content=\"article\" \/>\n<meta property=\"og:title\" content=\"Interpellation de Hugues Comlan Sosspoukp\u00e8 : Le ROADDH appelle l\u2019Etat ivoirien \u00e0 prot\u00e9ger le journaliste - Le Patriote\" \/>\n<meta property=\"og:description\" content=\"Le\u00a0 journaliste et activiste\u00a0 b\u00e9ninois Hugues Comlan Sosspoukp\u00e8\u00a0 a \u00e9t\u00e9 interpell\u00e9 dans la nuit du 10 au 11 Juillet 2025 \u00a0\u00a0\u00e0 Abidjan en C\u00f4te d\u2019Ivoire. Dans un communiqu\u00e9 rendu public&hellip;\" \/>\n<meta property=\"og:url\" content=\"https:\/\/lepatriotebenin.com\/index.php\/2025\/07\/12\/interpellation-de-hugues-comlan-sosspoukpe-le-roaddh-appelle-letat-ivoirien-a-proteger-le-journaliste\/\" \/>\n<meta property=\"og:site_name\" content=\"Le Patriote\" \/>\n<meta property=\"article:published_time\" content=\"2025-07-12T06:53:12+00:00\" \/>\n<meta property=\"og:image\" content=\"https:\/\/lepatriotebenin.com\/wp-content\/uploads\/2025\/07\/sossoukpe.webp\" \/>\n\t<meta property=\"og:image:width\" content=\"1200\" \/>\n\t<meta property=\"og:image:height\" content=\"675\" \/>\n\t<meta property=\"og:image:type\" content=\"image\/webp\" \/>\n<meta name=\"author\" content=\"Roland AFFANOU\" \/>\n<meta name=\"twitter:card\" content=\"summary_large_image\" \/>\n<meta name=\"twitter:label1\" content=\"\u00c9crit par\" \/>\n\t<meta name=\"twitter:data1\" content=\"Roland AFFANOU\" \/>\n\t<meta name=\"twitter:label2\" content=\"Dur\u00e9e de lecture estim\u00e9e\" \/>\n\t<meta name=\"twitter:data2\" content=\"4 minutes\" \/>\n<script type=\"application\/ld+json\" class=\"yoast-schema-graph\">{\"@context\":\"https:\\\/\\\/schema.org\",\"@graph\":[{\"@type\":\"Article\",\"@id\":\"https:\\\/\\\/lepatriotebenin.com\\\/index.php\\\/2025\\\/07\\\/12\\\/interpellation-de-hugues-comlan-sosspoukpe-le-roaddh-appelle-letat-ivoirien-a-proteger-le-journaliste\\\/#article\",\"isPartOf\":{\"@id\":\"https:\\\/\\\/lepatriotebenin.com\\\/index.php\\\/2025\\\/07\\\/12\\\/interpellation-de-hugues-comlan-sosspoukpe-le-roaddh-appelle-letat-ivoirien-a-proteger-le-journaliste\\\/\"},\"author\":{\"name\":\"Roland AFFANOU\",\"@id\":\"https:\\\/\\\/lepatriotebenin.com\\\/#\\\/schema\\\/person\\\/4a9b67216c97d04045e01405c534c91f\"},\"headline\":\"Interpellation de Hugues Comlan Sosspoukp\u00e8 : Le ROADDH appelle l\u2019Etat ivoirien \u00e0 prot\u00e9ger le journaliste\",\"datePublished\":\"2025-07-12T06:53:12+00:00\",\"mainEntityOfPage\":{\"@id\":\"https:\\\/\\\/lepatriotebenin.com\\\/index.php\\\/2025\\\/07\\\/12\\\/interpellation-de-hugues-comlan-sosspoukpe-le-roaddh-appelle-letat-ivoirien-a-proteger-le-journaliste\\\/\"},\"wordCount\":813,\"commentCount\":0,\"image\":{\"@id\":\"https:\\\/\\\/lepatriotebenin.com\\\/index.php\\\/2025\\\/07\\\/12\\\/interpellation-de-hugues-comlan-sosspoukpe-le-roaddh-appelle-letat-ivoirien-a-proteger-le-journaliste\\\/#primaryimage\"},\"thumbnailUrl\":\"https:\\\/\\\/lepatriotebenin.com\\\/wp-content\\\/uploads\\\/2025\\\/07\\\/sossoukpe.webp\",\"articleSection\":[\"Soci\u00e9t\u00e9\"],\"inLanguage\":\"fr-FR\",\"potentialAction\":[{\"@type\":\"CommentAction\",\"name\":\"Comment\",\"target\":[\"https:\\\/\\\/lepatriotebenin.com\\\/index.php\\\/2025\\\/07\\\/12\\\/interpellation-de-hugues-comlan-sosspoukpe-le-roaddh-appelle-letat-ivoirien-a-proteger-le-journaliste\\\/#respond\"]}]},{\"@type\":\"WebPage\",\"@id\":\"https:\\\/\\\/lepatriotebenin.com\\\/index.php\\\/2025\\\/07\\\/12\\\/interpellation-de-hugues-comlan-sosspoukpe-le-roaddh-appelle-letat-ivoirien-a-proteger-le-journaliste\\\/\",\"url\":\"https:\\\/\\\/lepatriotebenin.com\\\/index.php\\\/2025\\\/07\\\/12\\\/interpellation-de-hugues-comlan-sosspoukpe-le-roaddh-appelle-letat-ivoirien-a-proteger-le-journaliste\\\/\",\"name\":\"Interpellation de Hugues Comlan Sosspoukp\u00e8 : Le ROADDH appelle l\u2019Etat ivoirien \u00e0 prot\u00e9ger le journaliste - Le Patriote\",\"isPartOf\":{\"@id\":\"https:\\\/\\\/lepatriotebenin.com\\\/#website\"},\"primaryImageOfPage\":{\"@id\":\"https:\\\/\\\/lepatriotebenin.com\\\/index.php\\\/2025\\\/07\\\/12\\\/interpellation-de-hugues-comlan-sosspoukpe-le-roaddh-appelle-letat-ivoirien-a-proteger-le-journaliste\\\/#primaryimage\"},\"image\":{\"@id\":\"https:\\\/\\\/lepatriotebenin.com\\\/index.php\\\/2025\\\/07\\\/12\\\/interpellation-de-hugues-comlan-sosspoukpe-le-roaddh-appelle-letat-ivoirien-a-proteger-le-journaliste\\\/#primaryimage\"},\"thumbnailUrl\":\"https:\\\/\\\/lepatriotebenin.com\\\/wp-content\\\/uploads\\\/2025\\\/07\\\/sossoukpe.webp\",\"datePublished\":\"2025-07-12T06:53:12+00:00\",\"author\":{\"@id\":\"https:\\\/\\\/lepatriotebenin.com\\\/#\\\/schema\\\/person\\\/4a9b67216c97d04045e01405c534c91f\"},\"breadcrumb\":{\"@id\":\"https:\\\/\\\/lepatriotebenin.com\\\/index.php\\\/2025\\\/07\\\/12\\\/interpellation-de-hugues-comlan-sosspoukpe-le-roaddh-appelle-letat-ivoirien-a-proteger-le-journaliste\\\/#breadcrumb\"},\"inLanguage\":\"fr-FR\",\"potentialAction\":[{\"@type\":\"ReadAction\",\"target\":[\"https:\\\/\\\/lepatriotebenin.com\\\/index.php\\\/2025\\\/07\\\/12\\\/interpellation-de-hugues-comlan-sosspoukpe-le-roaddh-appelle-letat-ivoirien-a-proteger-le-journaliste\\\/\"]}]},{\"@type\":\"ImageObject\",\"inLanguage\":\"fr-FR\",\"@id\":\"https:\\\/\\\/lepatriotebenin.com\\\/index.php\\\/2025\\\/07\\\/12\\\/interpellation-de-hugues-comlan-sosspoukpe-le-roaddh-appelle-letat-ivoirien-a-proteger-le-journaliste\\\/#primaryimage\",\"url\":\"https:\\\/\\\/lepatriotebenin.com\\\/wp-content\\\/uploads\\\/2025\\\/07\\\/sossoukpe.webp\",\"contentUrl\":\"https:\\\/\\\/lepatriotebenin.com\\\/wp-content\\\/uploads\\\/2025\\\/07\\\/sossoukpe.webp\",\"width\":1200,\"height\":675},{\"@type\":\"BreadcrumbList\",\"@id\":\"https:\\\/\\\/lepatriotebenin.com\\\/index.php\\\/2025\\\/07\\\/12\\\/interpellation-de-hugues-comlan-sosspoukpe-le-roaddh-appelle-letat-ivoirien-a-proteger-le-journaliste\\\/#breadcrumb\",\"itemListElement\":[{\"@type\":\"ListItem\",\"position\":1,\"name\":\"Accueil\",\"item\":\"https:\\\/\\\/lepatriotebenin.com\\\/\"},{\"@type\":\"ListItem\",\"position\":2,\"name\":\"Interpellation de Hugues Comlan Sosspoukp\u00e8 : Le ROADDH appelle l\u2019Etat ivoirien \u00e0 prot\u00e9ger le journaliste\"}]},{\"@type\":\"WebSite\",\"@id\":\"https:\\\/\\\/lepatriotebenin.com\\\/#website\",\"url\":\"https:\\\/\\\/lepatriotebenin.com\\\/\",\"name\":\"Le Patriote\",\"description\":\"Le Patriote B\u00e9nin\",\"potentialAction\":[{\"@type\":\"SearchAction\",\"target\":{\"@type\":\"EntryPoint\",\"urlTemplate\":\"https:\\\/\\\/lepatriotebenin.com\\\/?s={search_term_string}\"},\"query-input\":{\"@type\":\"PropertyValueSpecification\",\"valueRequired\":true,\"valueName\":\"search_term_string\"}}],\"inLanguage\":\"fr-FR\"},{\"@type\":\"Person\",\"@id\":\"https:\\\/\\\/lepatriotebenin.com\\\/#\\\/schema\\\/person\\\/4a9b67216c97d04045e01405c534c91f\",\"name\":\"Roland AFFANOU\",\"image\":{\"@type\":\"ImageObject\",\"inLanguage\":\"fr-FR\",\"@id\":\"https:\\\/\\\/secure.gravatar.com\\\/avatar\\\/7209d3f6d2d47ea4d0c67e14d3effb61feb10ae540a4381280c66265de5bd643?s=96&d=mm&r=g\",\"url\":\"https:\\\/\\\/secure.gravatar.com\\\/avatar\\\/7209d3f6d2d47ea4d0c67e14d3effb61feb10ae540a4381280c66265de5bd643?s=96&d=mm&r=g\",\"contentUrl\":\"https:\\\/\\\/secure.gravatar.com\\\/avatar\\\/7209d3f6d2d47ea4d0c67e14d3effb61feb10ae540a4381280c66265de5bd643?s=96&d=mm&r=g\",\"caption\":\"Roland AFFANOU\"},\"url\":\"https:\\\/\\\/lepatriotebenin.com\"}]}<\/script>\n<!-- \/ Yoast SEO plugin. -->","yoast_head_json":{"title":"Interpellation de Hugues Comlan Sosspoukp\u00e8 : Le ROADDH appelle l\u2019Etat ivoirien \u00e0 prot\u00e9ger le journaliste - Le Patriote","robots":{"index":"index","follow":"follow","max-snippet":"max-snippet:-1","max-image-preview":"max-image-preview:large","max-video-preview":"max-video-preview:-1"},"canonical":"https:\/\/lepatriotebenin.com\/index.php\/2025\/07\/12\/interpellation-de-hugues-comlan-sosspoukpe-le-roaddh-appelle-letat-ivoirien-a-proteger-le-journaliste\/","og_locale":"fr_FR","og_type":"article","og_title":"Interpellation de Hugues Comlan Sosspoukp\u00e8 : Le ROADDH appelle l\u2019Etat ivoirien \u00e0 prot\u00e9ger le journaliste - Le Patriote","og_description":"Le\u00a0 journaliste et activiste\u00a0 b\u00e9ninois Hugues Comlan Sosspoukp\u00e8\u00a0 a \u00e9t\u00e9 interpell\u00e9 dans la nuit du 10 au 11 Juillet 2025 \u00a0\u00a0\u00e0 Abidjan en C\u00f4te d\u2019Ivoire. Dans un communiqu\u00e9 rendu public&hellip;","og_url":"https:\/\/lepatriotebenin.com\/index.php\/2025\/07\/12\/interpellation-de-hugues-comlan-sosspoukpe-le-roaddh-appelle-letat-ivoirien-a-proteger-le-journaliste\/","og_site_name":"Le Patriote","article_published_time":"2025-07-12T06:53:12+00:00","og_image":[{"width":1200,"height":675,"url":"https:\/\/lepatriotebenin.com\/wp-content\/uploads\/2025\/07\/sossoukpe.webp","type":"image\/webp"}],"author":"Roland AFFANOU","twitter_card":"summary_large_image","twitter_misc":{"\u00c9crit par":"Roland AFFANOU","Dur\u00e9e de lecture estim\u00e9e":"4 minutes"},"schema":{"@context":"https:\/\/schema.org","@graph":[{"@type":"Article","@id":"https:\/\/lepatriotebenin.com\/index.php\/2025\/07\/12\/interpellation-de-hugues-comlan-sosspoukpe-le-roaddh-appelle-letat-ivoirien-a-proteger-le-journaliste\/#article","isPartOf":{"@id":"https:\/\/lepatriotebenin.com\/index.php\/2025\/07\/12\/interpellation-de-hugues-comlan-sosspoukpe-le-roaddh-appelle-letat-ivoirien-a-proteger-le-journaliste\/"},"author":{"name":"Roland AFFANOU","@id":"https:\/\/lepatriotebenin.com\/#\/schema\/person\/4a9b67216c97d04045e01405c534c91f"},"headline":"Interpellation de Hugues Comlan Sosspoukp\u00e8 : Le ROADDH appelle l\u2019Etat ivoirien \u00e0 prot\u00e9ger le journaliste","datePublished":"2025-07-12T06:53:12+00:00","mainEntityOfPage":{"@id":"https:\/\/lepatriotebenin.com\/index.php\/2025\/07\/12\/interpellation-de-hugues-comlan-sosspoukpe-le-roaddh-appelle-letat-ivoirien-a-proteger-le-journaliste\/"},"wordCount":813,"commentCount":0,"image":{"@id":"https:\/\/lepatriotebenin.com\/index.php\/2025\/07\/12\/interpellation-de-hugues-comlan-sosspoukpe-le-roaddh-appelle-letat-ivoirien-a-proteger-le-journaliste\/#primaryimage"},"thumbnailUrl":"https:\/\/lepatriotebenin.com\/wp-content\/uploads\/2025\/07\/sossoukpe.webp","articleSection":["Soci\u00e9t\u00e9"],"inLanguage":"fr-FR","potentialAction":[{"@type":"CommentAction","name":"Comment","target":["https:\/\/lepatriotebenin.com\/index.php\/2025\/07\/12\/interpellation-de-hugues-comlan-sosspoukpe-le-roaddh-appelle-letat-ivoirien-a-proteger-le-journaliste\/#respond"]}]},{"@type":"WebPage","@id":"https:\/\/lepatriotebenin.com\/index.php\/2025\/07\/12\/interpellation-de-hugues-comlan-sosspoukpe-le-roaddh-appelle-letat-ivoirien-a-proteger-le-journaliste\/","url":"https:\/\/lepatriotebenin.com\/index.php\/2025\/07\/12\/interpellation-de-hugues-comlan-sosspoukpe-le-roaddh-appelle-letat-ivoirien-a-proteger-le-journaliste\/","name":"Interpellation de Hugues Comlan Sosspoukp\u00e8 : Le ROADDH appelle l\u2019Etat ivoirien \u00e0 prot\u00e9ger le journaliste - Le Patriote","isPartOf":{"@id":"https:\/\/lepatriotebenin.com\/#website"},"primaryImageOfPage":{"@id":"https:\/\/lepatriotebenin.com\/index.php\/2025\/07\/12\/interpellation-de-hugues-comlan-sosspoukpe-le-roaddh-appelle-letat-ivoirien-a-proteger-le-journaliste\/#primaryimage"},"image":{"@id":"https:\/\/lepatriotebenin.com\/index.php\/2025\/07\/12\/interpellation-de-hugues-comlan-sosspoukpe-le-roaddh-appelle-letat-ivoirien-a-proteger-le-journaliste\/#primaryimage"},"thumbnailUrl":"https:\/\/lepatriotebenin.com\/wp-content\/uploads\/2025\/07\/sossoukpe.webp","datePublished":"2025-07-12T06:53:12+00:00","author":{"@id":"https:\/\/lepatriotebenin.com\/#\/schema\/person\/4a9b67216c97d04045e01405c534c91f"},"breadcrumb":{"@id":"https:\/\/lepatriotebenin.com\/index.php\/2025\/07\/12\/interpellation-de-hugues-comlan-sosspoukpe-le-roaddh-appelle-letat-ivoirien-a-proteger-le-journaliste\/#breadcrumb"},"inLanguage":"fr-FR","potentialAction":[{"@type":"ReadAction","target":["https:\/\/lepatriotebenin.com\/index.php\/2025\/07\/12\/interpellation-de-hugues-comlan-sosspoukpe-le-roaddh-appelle-letat-ivoirien-a-proteger-le-journaliste\/"]}]},{"@type":"ImageObject","inLanguage":"fr-FR","@id":"https:\/\/lepatriotebenin.com\/index.php\/2025\/07\/12\/interpellation-de-hugues-comlan-sosspoukpe-le-roaddh-appelle-letat-ivoirien-a-proteger-le-journaliste\/#primaryimage","url":"https:\/\/lepatriotebenin.com\/wp-content\/uploads\/2025\/07\/sossoukpe.webp","contentUrl":"https:\/\/lepatriotebenin.com\/wp-content\/uploads\/2025\/07\/sossoukpe.webp","width":1200,"height":675},{"@type":"BreadcrumbList","@id":"https:\/\/lepatriotebenin.com\/index.php\/2025\/07\/12\/interpellation-de-hugues-comlan-sosspoukpe-le-roaddh-appelle-letat-ivoirien-a-proteger-le-journaliste\/#breadcrumb","itemListElement":[{"@type":"ListItem","position":1,"name":"Accueil","item":"https:\/\/lepatriotebenin.com\/"},{"@type":"ListItem","position":2,"name":"Interpellation de Hugues Comlan Sosspoukp\u00e8 : Le ROADDH appelle l\u2019Etat ivoirien \u00e0 prot\u00e9ger le journaliste"}]},{"@type":"WebSite","@id":"https:\/\/lepatriotebenin.com\/#website","url":"https:\/\/lepatriotebenin.com\/","name":"Le Patriote","description":"Le Patriote B\u00e9nin","potentialAction":[{"@type":"SearchAction","target":{"@type":"EntryPoint","urlTemplate":"https:\/\/lepatriotebenin.com\/?s={search_term_string}"},"query-input":{"@type":"PropertyValueSpecification","valueRequired":true,"valueName":"search_term_string"}}],"inLanguage":"fr-FR"},{"@type":"Person","@id":"https:\/\/lepatriotebenin.com\/#\/schema\/person\/4a9b67216c97d04045e01405c534c91f","name":"Roland AFFANOU","image":{"@type":"ImageObject","inLanguage":"fr-FR","@id":"https:\/\/secure.gravatar.com\/avatar\/7209d3f6d2d47ea4d0c67e14d3effb61feb10ae540a4381280c66265de5bd643?s=96&d=mm&r=g","url":"https:\/\/secure.gravatar.com\/avatar\/7209d3f6d2d47ea4d0c67e14d3effb61feb10ae540a4381280c66265de5bd643?s=96&d=mm&r=g","contentUrl":"https:\/\/secure.gravatar.com\/avatar\/7209d3f6d2d47ea4d0c67e14d3effb61feb10ae540a4381280c66265de5bd643?s=96&d=mm&r=g","caption":"Roland AFFANOU"},"url":"https:\/\/lepatriotebenin.com"}]}},"_links":{"self":[{"href":"https:\/\/lepatriotebenin.com\/index.php\/wp-json\/wp\/v2\/posts\/11919","targetHints":{"allow":["GET"]}}],"collection":[{"href":"https:\/\/lepatriotebenin.com\/index.php\/wp-json\/wp\/v2\/posts"}],"about":[{"href":"https:\/\/lepatriotebenin.com\/index.php\/wp-json\/wp\/v2\/types\/post"}],"author":[{"embeddable":true,"href":"https:\/\/lepatriotebenin.com\/index.php\/wp-json\/wp\/v2\/users\/6"}],"replies":[{"embeddable":true,"href":"https:\/\/lepatriotebenin.com\/index.php\/wp-json\/wp\/v2\/comments?post=11919"}],"version-history":[{"count":1,"href":"https:\/\/lepatriotebenin.com\/index.php\/wp-json\/wp\/v2\/posts\/11919\/revisions"}],"predecessor-version":[{"id":11921,"href":"https:\/\/lepatriotebenin.com\/index.php\/wp-json\/wp\/v2\/posts\/11919\/revisions\/11921"}],"wp:featuredmedia":[{"embeddable":true,"href":"https:\/\/lepatriotebenin.com\/index.php\/wp-json\/wp\/v2\/media\/11920"}],"wp:attachment":[{"href":"https:\/\/lepatriotebenin.com\/index.php\/wp-json\/wp\/v2\/media?parent=11919"}],"wp:term":[{"taxonomy":"category","embeddable":true,"href":"https:\/\/lepatriotebenin.com\/index.php\/wp-json\/wp\/v2\/categories?post=11919"},{"taxonomy":"post_tag","embeddable":true,"href":"https:\/\/lepatriotebenin.com\/index.php\/wp-json\/wp\/v2\/tags?post=11919"}],"curies":[{"name":"wp","href":"https:\/\/api.w.org\/{rel}","templated":true}]}}