{"id":11916,"date":"2025-07-12T08:49:50","date_gmt":"2025-07-12T06:49:50","guid":{"rendered":"https:\/\/lepatriotebenin.com\/?p=11916"},"modified":"2025-07-12T08:49:50","modified_gmt":"2025-07-12T06:49:50","slug":"criet-hugues-comlan-sossoukpe-place-en-detention-provisoire-dans-lattente-de-son-proces","status":"publish","type":"post","link":"https:\/\/lepatriotebenin.com\/index.php\/2025\/07\/12\/criet-hugues-comlan-sossoukpe-place-en-detention-provisoire-dans-lattente-de-son-proces\/","title":{"rendered":"CRIET : Hugues Comlan Sossoukp\u00e8 plac\u00e9 en d\u00e9tention provisoire dans l\u2019attente de son proc\u00e8s"},"content":{"rendered":"<p>Interpell\u00e9 \u00e0<strong> Abidjan<\/strong> et extrad\u00e9 vers le B\u00e9nin, <strong>Hugues Comlan Sossoukp\u00e8<\/strong> a \u00e9t\u00e9 imm\u00e9diatement pr\u00e9sent\u00e9, dans la nuit du<strong> vendredi 11 juillet,<\/strong> devant la commission d\u2019instruction de la Cour de r\u00e9pression des infractions \u00e9conomiques et du terrorisme (CRIET).<\/p>\n<p>Il fait l\u2019objet de lourdes inculpations, notamment pour incitation \u00e0 la r\u00e9bellion, \u00e0 la haine et \u00e0 la violence, harc\u00e8lement par voie \u00e9lectronique et apologie du terrorisme. Une source judiciaire indique toutefois que la requalification de certains chefs d\u2019accusation pourrait \u00eatre envisag\u00e9e au cours de la proc\u00e9dure.<\/p>\n<p>Avant son incarc\u00e9ration, le mis en cause a \u00e9t\u00e9 successivement pr\u00e9sent\u00e9 aux services de police, au Procureur sp\u00e9cial, au juge d\u2019instruction, puis au juge des libert\u00e9s et de la d\u00e9tention, qui a ordonn\u00e9 son placement en d\u00e9tention provisoire.<\/p>\n<p>&nbsp;<\/p>\n<p><strong>K\u00e9rin A.<\/strong><\/p>\n","protected":false},"excerpt":{"rendered":"<p>Interpell\u00e9 \u00e0 Abidjan et extrad\u00e9 vers le B\u00e9nin, Hugues Comlan Sossoukp\u00e8 a \u00e9t\u00e9 imm\u00e9diatement pr\u00e9sent\u00e9, dans la nuit du vendredi 11 juillet, devant la commission d\u2019instruction de la Cour de&hellip;<\/p>\n","protected":false},"author":5,"featured_media":11917,"comment_status":"open","ping_status":"open","sticky":false,"template":"","format":"standard","meta":{"content-type":"","om_disable_all_campaigns":false,"_monsterinsights_skip_tracking":false,"_monsterinsights_sitenote_active":false,"_monsterinsights_sitenote_note":"","_monsterinsights_sitenote_category":0,"_uf_show_specific_survey":0,"_uf_disable_surveys":false,"footnotes":""},"categories":[20],"tags":[],"class_list":["post-11916","post","type-post","status-publish","format-standard","has-post-thumbnail","hentry","category-societe"],"aioseo_notices":[],"yoast_head":"<!-- This site is optimized with the Yoast SEO plugin v27.5 - https:\/\/yoast.com\/product\/yoast-seo-wordpress\/ -->\n<title>CRIET : Hugues Comlan Sossoukp\u00e8 plac\u00e9 en d\u00e9tention provisoire dans l\u2019attente de son proc\u00e8s - Le Patriote<\/title>\n<meta name=\"robots\" content=\"index, follow, max-snippet:-1, max-image-preview:large, max-video-preview:-1\" \/>\n<link rel=\"canonical\" href=\"https:\/\/lepatriotebenin.com\/index.php\/2025\/07\/12\/criet-hugues-comlan-sossoukpe-place-en-detention-provisoire-dans-lattente-de-son-proces\/\" \/>\n<meta property=\"og:locale\" content=\"fr_FR\" \/>\n<meta property=\"og:type\" content=\"article\" \/>\n<meta property=\"og:title\" content=\"CRIET : Hugues Comlan Sossoukp\u00e8 plac\u00e9 en d\u00e9tention provisoire dans l\u2019attente de son proc\u00e8s - Le Patriote\" \/>\n<meta property=\"og:description\" content=\"Interpell\u00e9 \u00e0 Abidjan et extrad\u00e9 vers le B\u00e9nin, Hugues Comlan Sossoukp\u00e8 a \u00e9t\u00e9 imm\u00e9diatement pr\u00e9sent\u00e9, dans la nuit du vendredi 11 juillet, devant la commission d\u2019instruction de la Cour de&hellip;\" \/>\n<meta property=\"og:url\" content=\"https:\/\/lepatriotebenin.com\/index.php\/2025\/07\/12\/criet-hugues-comlan-sossoukpe-place-en-detention-provisoire-dans-lattente-de-son-proces\/\" \/>\n<meta property=\"og:site_name\" content=\"Le Patriote\" \/>\n<meta property=\"article:published_time\" content=\"2025-07-12T06:49:50+00:00\" \/>\n<meta property=\"og:image\" content=\"https:\/\/lepatriotebenin.com\/wp-content\/uploads\/2025\/07\/comlan-hugues-sossoukpe-e1752245276499.webp\" \/>\n\t<meta property=\"og:image:width\" content=\"720\" \/>\n\t<meta property=\"og:image:height\" content=\"508\" \/>\n\t<meta property=\"og:image:type\" content=\"image\/webp\" \/>\n<meta name=\"author\" content=\"Redaction\" \/>\n<meta name=\"twitter:card\" content=\"summary_large_image\" \/>\n<meta name=\"twitter:label1\" content=\"\u00c9crit par\" \/>\n\t<meta name=\"twitter:data1\" content=\"Redaction\" \/>\n\t<meta name=\"twitter:label2\" content=\"Dur\u00e9e de lecture estim\u00e9e\" \/>\n\t<meta name=\"twitter:data2\" content=\"1 minute\" \/>\n<script type=\"application\/ld+json\" class=\"yoast-schema-graph\">{\"@context\":\"https:\\\/\\\/schema.org\",\"@graph\":[{\"@type\":\"Article\",\"@id\":\"https:\\\/\\\/lepatriotebenin.com\\\/index.php\\\/2025\\\/07\\\/12\\\/criet-hugues-comlan-sossoukpe-place-en-detention-provisoire-dans-lattente-de-son-proces\\\/#article\",\"isPartOf\":{\"@id\":\"https:\\\/\\\/lepatriotebenin.com\\\/index.php\\\/2025\\\/07\\\/12\\\/criet-hugues-comlan-sossoukpe-place-en-detention-provisoire-dans-lattente-de-son-proces\\\/\"},\"author\":{\"name\":\"Redaction\",\"@id\":\"https:\\\/\\\/lepatriotebenin.com\\\/#\\\/schema\\\/person\\\/2e7709b9c9cc313e452d1136af61690f\"},\"headline\":\"CRIET : Hugues Comlan Sossoukp\u00e8 plac\u00e9 en d\u00e9tention provisoire dans l\u2019attente de son proc\u00e8s\",\"datePublished\":\"2025-07-12T06:49:50+00:00\",\"mainEntityOfPage\":{\"@id\":\"https:\\\/\\\/lepatriotebenin.com\\\/index.php\\\/2025\\\/07\\\/12\\\/criet-hugues-comlan-sossoukpe-place-en-detention-provisoire-dans-lattente-de-son-proces\\\/\"},\"wordCount\":156,\"commentCount\":0,\"image\":{\"@id\":\"https:\\\/\\\/lepatriotebenin.com\\\/index.php\\\/2025\\\/07\\\/12\\\/criet-hugues-comlan-sossoukpe-place-en-detention-provisoire-dans-lattente-de-son-proces\\\/#primaryimage\"},\"thumbnailUrl\":\"https:\\\/\\\/lepatriotebenin.com\\\/wp-content\\\/uploads\\\/2025\\\/07\\\/comlan-hugues-sossoukpe-e1752245276499.webp\",\"articleSection\":[\"Soci\u00e9t\u00e9\"],\"inLanguage\":\"fr-FR\",\"potentialAction\":[{\"@type\":\"CommentAction\",\"name\":\"Comment\",\"target\":[\"https:\\\/\\\/lepatriotebenin.com\\\/index.php\\\/2025\\\/07\\\/12\\\/criet-hugues-comlan-sossoukpe-place-en-detention-provisoire-dans-lattente-de-son-proces\\\/#respond\"]}]},{\"@type\":\"WebPage\",\"@id\":\"https:\\\/\\\/lepatriotebenin.com\\\/index.php\\\/2025\\\/07\\\/12\\\/criet-hugues-comlan-sossoukpe-place-en-detention-provisoire-dans-lattente-de-son-proces\\\/\",\"url\":\"https:\\\/\\\/lepatriotebenin.com\\\/index.php\\\/2025\\\/07\\\/12\\\/criet-hugues-comlan-sossoukpe-place-en-detention-provisoire-dans-lattente-de-son-proces\\\/\",\"name\":\"CRIET : Hugues Comlan Sossoukp\u00e8 plac\u00e9 en d\u00e9tention provisoire dans l\u2019attente de son proc\u00e8s - Le Patriote\",\"isPartOf\":{\"@id\":\"https:\\\/\\\/lepatriotebenin.com\\\/#website\"},\"primaryImageOfPage\":{\"@id\":\"https:\\\/\\\/lepatriotebenin.com\\\/index.php\\\/2025\\\/07\\\/12\\\/criet-hugues-comlan-sossoukpe-place-en-detention-provisoire-dans-lattente-de-son-proces\\\/#primaryimage\"},\"image\":{\"@id\":\"https:\\\/\\\/lepatriotebenin.com\\\/index.php\\\/2025\\\/07\\\/12\\\/criet-hugues-comlan-sossoukpe-place-en-detention-provisoire-dans-lattente-de-son-proces\\\/#primaryimage\"},\"thumbnailUrl\":\"https:\\\/\\\/lepatriotebenin.com\\\/wp-content\\\/uploads\\\/2025\\\/07\\\/comlan-hugues-sossoukpe-e1752245276499.webp\",\"datePublished\":\"2025-07-12T06:49:50+00:00\",\"author\":{\"@id\":\"https:\\\/\\\/lepatriotebenin.com\\\/#\\\/schema\\\/person\\\/2e7709b9c9cc313e452d1136af61690f\"},\"breadcrumb\":{\"@id\":\"https:\\\/\\\/lepatriotebenin.com\\\/index.php\\\/2025\\\/07\\\/12\\\/criet-hugues-comlan-sossoukpe-place-en-detention-provisoire-dans-lattente-de-son-proces\\\/#breadcrumb\"},\"inLanguage\":\"fr-FR\",\"potentialAction\":[{\"@type\":\"ReadAction\",\"target\":[\"https:\\\/\\\/lepatriotebenin.com\\\/index.php\\\/2025\\\/07\\\/12\\\/criet-hugues-comlan-sossoukpe-place-en-detention-provisoire-dans-lattente-de-son-proces\\\/\"]}]},{\"@type\":\"ImageObject\",\"inLanguage\":\"fr-FR\",\"@id\":\"https:\\\/\\\/lepatriotebenin.com\\\/index.php\\\/2025\\\/07\\\/12\\\/criet-hugues-comlan-sossoukpe-place-en-detention-provisoire-dans-lattente-de-son-proces\\\/#primaryimage\",\"url\":\"https:\\\/\\\/lepatriotebenin.com\\\/wp-content\\\/uploads\\\/2025\\\/07\\\/comlan-hugues-sossoukpe-e1752245276499.webp\",\"contentUrl\":\"https:\\\/\\\/lepatriotebenin.com\\\/wp-content\\\/uploads\\\/2025\\\/07\\\/comlan-hugues-sossoukpe-e1752245276499.webp\",\"width\":720,\"height\":508},{\"@type\":\"BreadcrumbList\",\"@id\":\"https:\\\/\\\/lepatriotebenin.com\\\/index.php\\\/2025\\\/07\\\/12\\\/criet-hugues-comlan-sossoukpe-place-en-detention-provisoire-dans-lattente-de-son-proces\\\/#breadcrumb\",\"itemListElement\":[{\"@type\":\"ListItem\",\"position\":1,\"name\":\"Accueil\",\"item\":\"https:\\\/\\\/lepatriotebenin.com\\\/\"},{\"@type\":\"ListItem\",\"position\":2,\"name\":\"CRIET : Hugues Comlan Sossoukp\u00e8 plac\u00e9 en d\u00e9tention provisoire dans l\u2019attente de son proc\u00e8s\"}]},{\"@type\":\"WebSite\",\"@id\":\"https:\\\/\\\/lepatriotebenin.com\\\/#website\",\"url\":\"https:\\\/\\\/lepatriotebenin.com\\\/\",\"name\":\"Le Patriote\",\"description\":\"Le Patriote B\u00e9nin\",\"potentialAction\":[{\"@type\":\"SearchAction\",\"target\":{\"@type\":\"EntryPoint\",\"urlTemplate\":\"https:\\\/\\\/lepatriotebenin.com\\\/?s={search_term_string}\"},\"query-input\":{\"@type\":\"PropertyValueSpecification\",\"valueRequired\":true,\"valueName\":\"search_term_string\"}}],\"inLanguage\":\"fr-FR\"},{\"@type\":\"Person\",\"@id\":\"https:\\\/\\\/lepatriotebenin.com\\\/#\\\/schema\\\/person\\\/2e7709b9c9cc313e452d1136af61690f\",\"name\":\"Redaction\",\"image\":{\"@type\":\"ImageObject\",\"inLanguage\":\"fr-FR\",\"@id\":\"https:\\\/\\\/secure.gravatar.com\\\/avatar\\\/c4c509357859ea2ca2cbb6d8812898a73e4ef1ef9934c2e591d7e32face734d1?s=96&d=mm&r=g\",\"url\":\"https:\\\/\\\/secure.gravatar.com\\\/avatar\\\/c4c509357859ea2ca2cbb6d8812898a73e4ef1ef9934c2e591d7e32face734d1?s=96&d=mm&r=g\",\"contentUrl\":\"https:\\\/\\\/secure.gravatar.com\\\/avatar\\\/c4c509357859ea2ca2cbb6d8812898a73e4ef1ef9934c2e591d7e32face734d1?s=96&d=mm&r=g\",\"caption\":\"Redaction\"},\"url\":\"https:\\\/\\\/lepatriotebenin.com\"}]}<\/script>\n<!-- \/ Yoast SEO plugin. -->","yoast_head_json":{"title":"CRIET : Hugues Comlan Sossoukp\u00e8 plac\u00e9 en d\u00e9tention provisoire dans l\u2019attente de son proc\u00e8s - Le Patriote","robots":{"index":"index","follow":"follow","max-snippet":"max-snippet:-1","max-image-preview":"max-image-preview:large","max-video-preview":"max-video-preview:-1"},"canonical":"https:\/\/lepatriotebenin.com\/index.php\/2025\/07\/12\/criet-hugues-comlan-sossoukpe-place-en-detention-provisoire-dans-lattente-de-son-proces\/","og_locale":"fr_FR","og_type":"article","og_title":"CRIET : Hugues Comlan Sossoukp\u00e8 plac\u00e9 en d\u00e9tention provisoire dans l\u2019attente de son proc\u00e8s - Le Patriote","og_description":"Interpell\u00e9 \u00e0 Abidjan et extrad\u00e9 vers le B\u00e9nin, Hugues Comlan Sossoukp\u00e8 a \u00e9t\u00e9 imm\u00e9diatement pr\u00e9sent\u00e9, dans la nuit du vendredi 11 juillet, devant la commission d\u2019instruction de la Cour de&hellip;","og_url":"https:\/\/lepatriotebenin.com\/index.php\/2025\/07\/12\/criet-hugues-comlan-sossoukpe-place-en-detention-provisoire-dans-lattente-de-son-proces\/","og_site_name":"Le Patriote","article_published_time":"2025-07-12T06:49:50+00:00","og_image":[{"width":720,"height":508,"url":"https:\/\/lepatriotebenin.com\/wp-content\/uploads\/2025\/07\/comlan-hugues-sossoukpe-e1752245276499.webp","type":"image\/webp"}],"author":"Redaction","twitter_card":"summary_large_image","twitter_misc":{"\u00c9crit par":"Redaction","Dur\u00e9e de lecture estim\u00e9e":"1 minute"},"schema":{"@context":"https:\/\/schema.org","@graph":[{"@type":"Article","@id":"https:\/\/lepatriotebenin.com\/index.php\/2025\/07\/12\/criet-hugues-comlan-sossoukpe-place-en-detention-provisoire-dans-lattente-de-son-proces\/#article","isPartOf":{"@id":"https:\/\/lepatriotebenin.com\/index.php\/2025\/07\/12\/criet-hugues-comlan-sossoukpe-place-en-detention-provisoire-dans-lattente-de-son-proces\/"},"author":{"name":"Redaction","@id":"https:\/\/lepatriotebenin.com\/#\/schema\/person\/2e7709b9c9cc313e452d1136af61690f"},"headline":"CRIET : Hugues Comlan Sossoukp\u00e8 plac\u00e9 en d\u00e9tention provisoire dans l\u2019attente de son proc\u00e8s","datePublished":"2025-07-12T06:49:50+00:00","mainEntityOfPage":{"@id":"https:\/\/lepatriotebenin.com\/index.php\/2025\/07\/12\/criet-hugues-comlan-sossoukpe-place-en-detention-provisoire-dans-lattente-de-son-proces\/"},"wordCount":156,"commentCount":0,"image":{"@id":"https:\/\/lepatriotebenin.com\/index.php\/2025\/07\/12\/criet-hugues-comlan-sossoukpe-place-en-detention-provisoire-dans-lattente-de-son-proces\/#primaryimage"},"thumbnailUrl":"https:\/\/lepatriotebenin.com\/wp-content\/uploads\/2025\/07\/comlan-hugues-sossoukpe-e1752245276499.webp","articleSection":["Soci\u00e9t\u00e9"],"inLanguage":"fr-FR","potentialAction":[{"@type":"CommentAction","name":"Comment","target":["https:\/\/lepatriotebenin.com\/index.php\/2025\/07\/12\/criet-hugues-comlan-sossoukpe-place-en-detention-provisoire-dans-lattente-de-son-proces\/#respond"]}]},{"@type":"WebPage","@id":"https:\/\/lepatriotebenin.com\/index.php\/2025\/07\/12\/criet-hugues-comlan-sossoukpe-place-en-detention-provisoire-dans-lattente-de-son-proces\/","url":"https:\/\/lepatriotebenin.com\/index.php\/2025\/07\/12\/criet-hugues-comlan-sossoukpe-place-en-detention-provisoire-dans-lattente-de-son-proces\/","name":"CRIET : Hugues Comlan Sossoukp\u00e8 plac\u00e9 en d\u00e9tention provisoire dans l\u2019attente de son proc\u00e8s - Le Patriote","isPartOf":{"@id":"https:\/\/lepatriotebenin.com\/#website"},"primaryImageOfPage":{"@id":"https:\/\/lepatriotebenin.com\/index.php\/2025\/07\/12\/criet-hugues-comlan-sossoukpe-place-en-detention-provisoire-dans-lattente-de-son-proces\/#primaryimage"},"image":{"@id":"https:\/\/lepatriotebenin.com\/index.php\/2025\/07\/12\/criet-hugues-comlan-sossoukpe-place-en-detention-provisoire-dans-lattente-de-son-proces\/#primaryimage"},"thumbnailUrl":"https:\/\/lepatriotebenin.com\/wp-content\/uploads\/2025\/07\/comlan-hugues-sossoukpe-e1752245276499.webp","datePublished":"2025-07-12T06:49:50+00:00","author":{"@id":"https:\/\/lepatriotebenin.com\/#\/schema\/person\/2e7709b9c9cc313e452d1136af61690f"},"breadcrumb":{"@id":"https:\/\/lepatriotebenin.com\/index.php\/2025\/07\/12\/criet-hugues-comlan-sossoukpe-place-en-detention-provisoire-dans-lattente-de-son-proces\/#breadcrumb"},"inLanguage":"fr-FR","potentialAction":[{"@type":"ReadAction","target":["https:\/\/lepatriotebenin.com\/index.php\/2025\/07\/12\/criet-hugues-comlan-sossoukpe-place-en-detention-provisoire-dans-lattente-de-son-proces\/"]}]},{"@type":"ImageObject","inLanguage":"fr-FR","@id":"https:\/\/lepatriotebenin.com\/index.php\/2025\/07\/12\/criet-hugues-comlan-sossoukpe-place-en-detention-provisoire-dans-lattente-de-son-proces\/#primaryimage","url":"https:\/\/lepatriotebenin.com\/wp-content\/uploads\/2025\/07\/comlan-hugues-sossoukpe-e1752245276499.webp","contentUrl":"https:\/\/lepatriotebenin.com\/wp-content\/uploads\/2025\/07\/comlan-hugues-sossoukpe-e1752245276499.webp","width":720,"height":508},{"@type":"BreadcrumbList","@id":"https:\/\/lepatriotebenin.com\/index.php\/2025\/07\/12\/criet-hugues-comlan-sossoukpe-place-en-detention-provisoire-dans-lattente-de-son-proces\/#breadcrumb","itemListElement":[{"@type":"ListItem","position":1,"name":"Accueil","item":"https:\/\/lepatriotebenin.com\/"},{"@type":"ListItem","position":2,"name":"CRIET : Hugues Comlan Sossoukp\u00e8 plac\u00e9 en d\u00e9tention provisoire dans l\u2019attente de son proc\u00e8s"}]},{"@type":"WebSite","@id":"https:\/\/lepatriotebenin.com\/#website","url":"https:\/\/lepatriotebenin.com\/","name":"Le Patriote","description":"Le Patriote B\u00e9nin","potentialAction":[{"@type":"SearchAction","target":{"@type":"EntryPoint","urlTemplate":"https:\/\/lepatriotebenin.com\/?s={search_term_string}"},"query-input":{"@type":"PropertyValueSpecification","valueRequired":true,"valueName":"search_term_string"}}],"inLanguage":"fr-FR"},{"@type":"Person","@id":"https:\/\/lepatriotebenin.com\/#\/schema\/person\/2e7709b9c9cc313e452d1136af61690f","name":"Redaction","image":{"@type":"ImageObject","inLanguage":"fr-FR","@id":"https:\/\/secure.gravatar.com\/avatar\/c4c509357859ea2ca2cbb6d8812898a73e4ef1ef9934c2e591d7e32face734d1?s=96&d=mm&r=g","url":"https:\/\/secure.gravatar.com\/avatar\/c4c509357859ea2ca2cbb6d8812898a73e4ef1ef9934c2e591d7e32face734d1?s=96&d=mm&r=g","contentUrl":"https:\/\/secure.gravatar.com\/avatar\/c4c509357859ea2ca2cbb6d8812898a73e4ef1ef9934c2e591d7e32face734d1?s=96&d=mm&r=g","caption":"Redaction"},"url":"https:\/\/lepatriotebenin.com"}]}},"_links":{"self":[{"href":"https:\/\/lepatriotebenin.com\/index.php\/wp-json\/wp\/v2\/posts\/11916","targetHints":{"allow":["GET"]}}],"collection":[{"href":"https:\/\/lepatriotebenin.com\/index.php\/wp-json\/wp\/v2\/posts"}],"about":[{"href":"https:\/\/lepatriotebenin.com\/index.php\/wp-json\/wp\/v2\/types\/post"}],"author":[{"embeddable":true,"href":"https:\/\/lepatriotebenin.com\/index.php\/wp-json\/wp\/v2\/users\/5"}],"replies":[{"embeddable":true,"href":"https:\/\/lepatriotebenin.com\/index.php\/wp-json\/wp\/v2\/comments?post=11916"}],"version-history":[{"count":1,"href":"https:\/\/lepatriotebenin.com\/index.php\/wp-json\/wp\/v2\/posts\/11916\/revisions"}],"predecessor-version":[{"id":11918,"href":"https:\/\/lepatriotebenin.com\/index.php\/wp-json\/wp\/v2\/posts\/11916\/revisions\/11918"}],"wp:featuredmedia":[{"embeddable":true,"href":"https:\/\/lepatriotebenin.com\/index.php\/wp-json\/wp\/v2\/media\/11917"}],"wp:attachment":[{"href":"https:\/\/lepatriotebenin.com\/index.php\/wp-json\/wp\/v2\/media?parent=11916"}],"wp:term":[{"taxonomy":"category","embeddable":true,"href":"https:\/\/lepatriotebenin.com\/index.php\/wp-json\/wp\/v2\/categories?post=11916"},{"taxonomy":"post_tag","embeddable":true,"href":"https:\/\/lepatriotebenin.com\/index.php\/wp-json\/wp\/v2\/tags?post=11916"}],"curies":[{"name":"wp","href":"https:\/\/api.w.org\/{rel}","templated":true}]}}