{"id":11909,"date":"2025-07-11T15:36:08","date_gmt":"2025-07-11T13:36:08","guid":{"rendered":"https:\/\/lepatriotebenin.com\/?p=11909"},"modified":"2025-07-11T15:36:08","modified_gmt":"2025-07-11T13:36:08","slug":"interpelle-en-cote-divoire-et-extrade-au-benin-hugues-comlan-sossoukpe-devant-la-criet","status":"publish","type":"post","link":"https:\/\/lepatriotebenin.com\/index.php\/2025\/07\/11\/interpelle-en-cote-divoire-et-extrade-au-benin-hugues-comlan-sossoukpe-devant-la-criet\/","title":{"rendered":"Interpell\u00e9 en C\u00f4te d\u2019Ivoire et extrad\u00e9 au B\u00e9nin : Hugues Comlan Sossoukp\u00e8  devant la CRIET"},"content":{"rendered":"<p>Le journaliste et activiste b\u00e9ninois, <strong>Hugues Comlan Sossoukp\u00e8<\/strong>\u00a0 a \u00e9t\u00e9 interpell\u00e9 le <strong>jeudi 10 juillet 202<\/strong>5 en <strong>C\u00f4te \u00a0d\u2019Ivoire<\/strong> et extrad\u00e9 au<strong> B\u00e9nin.<\/strong>\u00a0 Selon\u00a0 certaines sources, un mandat d\u2019arr\u00eat international aurait \u00e9t\u00e9 \u00e9mis par la justice b\u00e9ninoise contre le promoteur du journal Olofofo. Il est devant la Cour de R\u00e9pression des Infractions Economiques et du terrorisme (CRIET) ce <strong>vendredi 11 juillet 2025.<\/strong> Il est pr\u00e9sent\u00e9 d\u2019abord \u00e0\u00a0 la Commission de l\u2019instruction avant de passer devant le juge des libert\u00e9s et de la d\u00e9tention. Selon Le Matinal,\u00a0 il est imput\u00e9 \u00e0 l\u2019activiste b\u00e9ninois international, bas\u00e9 \u00e0 Lom\u00e9 au Togo, des faits d\u2019accusation comme des\u00a0 faits d\u2019incitation \u00e0 la r\u00e9bellion, \u00e0 la haine et\u00a0 \u00e0 la violence, de harc\u00e8lement par voie \u00e9lectronique\u00a0 et d\u2019apologie du terrorisme.<\/p>\n<p>Il faut pr\u00e9ciser que Hugues Comlan Sossoukp\u00e8 a re\u00e7u une invitation, en date du 3 juillet 2025, du minist\u00e8re de la transition num\u00e9rique et de la digitalisation de \u00a0C\u00f4te d\u2019Ivoire pour prendre part du<strong> 9 au 11 juillet 2025,<\/strong> au <strong>Sofitel H\u00f4tel Ivoire-Abidjan<\/strong> \u00e0 la premi\u00e8re \u00e9dition de<strong> l\u2019Ivoire Tech Forum.<\/strong> Cette\u00a0 premi\u00e8re \u00e9dition de\u00a0 l\u2019Ivoire Tech Forum est plac\u00e9e sous le th\u00e8me\u00a0:<strong> \u00ab\u00a0Le num\u00e9rique au service de tous\u00a0: Comment les technologies transforment notre quotidien\u00a0?\u00a0\u00bb<\/strong>.\u00a0 Cette invitation pr\u00e9cise que \u00a0Hugues Comlan Sossoukp\u00e8 a \u00e9t\u00e9 invit\u00e9 \u00aben qualit\u00e9 de journaliste reconnu de la sous-r\u00e9gion, repr\u00e9sentant Olofofo Info, afin d\u2019assurer une couverture m\u00e9diatique de qualit\u00e9 et de \u00a0contribuer \u00e0 la visibilit\u00e9 des \u00a0initiatives\u00a0 port\u00e9es dans le cadre de ce forum \u00bb. Pr\u00e9sent \u00e0 Abidjan depuis lundi, le journaliste et activiste b\u00e9ninois, est devenu injoignable par ses proches depuis l\u2019apr\u00e8s-midi du jeudi 10 juillet 2025.<\/p>\n","protected":false},"excerpt":{"rendered":"<p>Le journaliste et activiste b\u00e9ninois, Hugues Comlan Sossoukp\u00e8\u00a0 a \u00e9t\u00e9 interpell\u00e9 le jeudi 10 juillet 2025 en C\u00f4te \u00a0d\u2019Ivoire et extrad\u00e9 au B\u00e9nin.\u00a0 Selon\u00a0 certaines sources, un mandat d\u2019arr\u00eat international&hellip;<\/p>\n","protected":false},"author":6,"featured_media":11910,"comment_status":"open","ping_status":"open","sticky":false,"template":"","format":"standard","meta":{"content-type":"","om_disable_all_campaigns":false,"_monsterinsights_skip_tracking":false,"_monsterinsights_sitenote_active":false,"_monsterinsights_sitenote_note":"","_monsterinsights_sitenote_category":0,"_uf_show_specific_survey":0,"_uf_disable_surveys":false,"footnotes":""},"categories":[20],"tags":[],"class_list":["post-11909","post","type-post","status-publish","format-standard","has-post-thumbnail","hentry","category-societe"],"aioseo_notices":[],"yoast_head":"<!-- This site is optimized with the Yoast SEO plugin v27.5 - https:\/\/yoast.com\/product\/yoast-seo-wordpress\/ -->\n<title>Interpell\u00e9 en C\u00f4te d\u2019Ivoire et extrad\u00e9 au B\u00e9nin : Hugues Comlan Sossoukp\u00e8 devant la CRIET - Le Patriote<\/title>\n<meta name=\"robots\" content=\"index, follow, max-snippet:-1, max-image-preview:large, max-video-preview:-1\" \/>\n<link rel=\"canonical\" href=\"https:\/\/lepatriotebenin.com\/index.php\/2025\/07\/11\/interpelle-en-cote-divoire-et-extrade-au-benin-hugues-comlan-sossoukpe-devant-la-criet\/\" \/>\n<meta property=\"og:locale\" content=\"fr_FR\" \/>\n<meta property=\"og:type\" content=\"article\" \/>\n<meta property=\"og:title\" content=\"Interpell\u00e9 en C\u00f4te d\u2019Ivoire et extrad\u00e9 au B\u00e9nin : Hugues Comlan Sossoukp\u00e8 devant la CRIET - Le Patriote\" \/>\n<meta property=\"og:description\" content=\"Le journaliste et activiste b\u00e9ninois, Hugues Comlan Sossoukp\u00e8\u00a0 a \u00e9t\u00e9 interpell\u00e9 le jeudi 10 juillet 2025 en C\u00f4te \u00a0d\u2019Ivoire et extrad\u00e9 au B\u00e9nin.\u00a0 Selon\u00a0 certaines sources, un mandat d\u2019arr\u00eat international&hellip;\" \/>\n<meta property=\"og:url\" content=\"https:\/\/lepatriotebenin.com\/index.php\/2025\/07\/11\/interpelle-en-cote-divoire-et-extrade-au-benin-hugues-comlan-sossoukpe-devant-la-criet\/\" \/>\n<meta property=\"og:site_name\" content=\"Le Patriote\" \/>\n<meta property=\"article:published_time\" content=\"2025-07-11T13:36:08+00:00\" \/>\n<meta property=\"og:image\" content=\"https:\/\/lepatriotebenin.com\/wp-content\/uploads\/2025\/07\/spussoukpe.jpeg\" \/>\n\t<meta property=\"og:image:width\" content=\"450\" \/>\n\t<meta property=\"og:image:height\" content=\"450\" \/>\n\t<meta property=\"og:image:type\" content=\"image\/jpeg\" \/>\n<meta name=\"author\" content=\"Roland AFFANOU\" \/>\n<meta name=\"twitter:card\" content=\"summary_large_image\" \/>\n<meta name=\"twitter:label1\" content=\"\u00c9crit par\" \/>\n\t<meta name=\"twitter:data1\" content=\"Roland AFFANOU\" \/>\n\t<meta name=\"twitter:label2\" content=\"Dur\u00e9e de lecture estim\u00e9e\" \/>\n\t<meta name=\"twitter:data2\" content=\"2 minutes\" \/>\n<script type=\"application\/ld+json\" class=\"yoast-schema-graph\">{\"@context\":\"https:\\\/\\\/schema.org\",\"@graph\":[{\"@type\":\"Article\",\"@id\":\"https:\\\/\\\/lepatriotebenin.com\\\/index.php\\\/2025\\\/07\\\/11\\\/interpelle-en-cote-divoire-et-extrade-au-benin-hugues-comlan-sossoukpe-devant-la-criet\\\/#article\",\"isPartOf\":{\"@id\":\"https:\\\/\\\/lepatriotebenin.com\\\/index.php\\\/2025\\\/07\\\/11\\\/interpelle-en-cote-divoire-et-extrade-au-benin-hugues-comlan-sossoukpe-devant-la-criet\\\/\"},\"author\":{\"name\":\"Roland AFFANOU\",\"@id\":\"https:\\\/\\\/lepatriotebenin.com\\\/#\\\/schema\\\/person\\\/4a9b67216c97d04045e01405c534c91f\"},\"headline\":\"Interpell\u00e9 en C\u00f4te d\u2019Ivoire et extrad\u00e9 au B\u00e9nin : Hugues Comlan Sossoukp\u00e8 devant la CRIET\",\"datePublished\":\"2025-07-11T13:36:08+00:00\",\"mainEntityOfPage\":{\"@id\":\"https:\\\/\\\/lepatriotebenin.com\\\/index.php\\\/2025\\\/07\\\/11\\\/interpelle-en-cote-divoire-et-extrade-au-benin-hugues-comlan-sossoukpe-devant-la-criet\\\/\"},\"wordCount\":306,\"commentCount\":0,\"image\":{\"@id\":\"https:\\\/\\\/lepatriotebenin.com\\\/index.php\\\/2025\\\/07\\\/11\\\/interpelle-en-cote-divoire-et-extrade-au-benin-hugues-comlan-sossoukpe-devant-la-criet\\\/#primaryimage\"},\"thumbnailUrl\":\"https:\\\/\\\/lepatriotebenin.com\\\/wp-content\\\/uploads\\\/2025\\\/07\\\/spussoukpe.jpeg\",\"articleSection\":[\"Soci\u00e9t\u00e9\"],\"inLanguage\":\"fr-FR\",\"potentialAction\":[{\"@type\":\"CommentAction\",\"name\":\"Comment\",\"target\":[\"https:\\\/\\\/lepatriotebenin.com\\\/index.php\\\/2025\\\/07\\\/11\\\/interpelle-en-cote-divoire-et-extrade-au-benin-hugues-comlan-sossoukpe-devant-la-criet\\\/#respond\"]}]},{\"@type\":\"WebPage\",\"@id\":\"https:\\\/\\\/lepatriotebenin.com\\\/index.php\\\/2025\\\/07\\\/11\\\/interpelle-en-cote-divoire-et-extrade-au-benin-hugues-comlan-sossoukpe-devant-la-criet\\\/\",\"url\":\"https:\\\/\\\/lepatriotebenin.com\\\/index.php\\\/2025\\\/07\\\/11\\\/interpelle-en-cote-divoire-et-extrade-au-benin-hugues-comlan-sossoukpe-devant-la-criet\\\/\",\"name\":\"Interpell\u00e9 en C\u00f4te d\u2019Ivoire et extrad\u00e9 au B\u00e9nin : Hugues Comlan Sossoukp\u00e8 devant la CRIET - Le Patriote\",\"isPartOf\":{\"@id\":\"https:\\\/\\\/lepatriotebenin.com\\\/#website\"},\"primaryImageOfPage\":{\"@id\":\"https:\\\/\\\/lepatriotebenin.com\\\/index.php\\\/2025\\\/07\\\/11\\\/interpelle-en-cote-divoire-et-extrade-au-benin-hugues-comlan-sossoukpe-devant-la-criet\\\/#primaryimage\"},\"image\":{\"@id\":\"https:\\\/\\\/lepatriotebenin.com\\\/index.php\\\/2025\\\/07\\\/11\\\/interpelle-en-cote-divoire-et-extrade-au-benin-hugues-comlan-sossoukpe-devant-la-criet\\\/#primaryimage\"},\"thumbnailUrl\":\"https:\\\/\\\/lepatriotebenin.com\\\/wp-content\\\/uploads\\\/2025\\\/07\\\/spussoukpe.jpeg\",\"datePublished\":\"2025-07-11T13:36:08+00:00\",\"author\":{\"@id\":\"https:\\\/\\\/lepatriotebenin.com\\\/#\\\/schema\\\/person\\\/4a9b67216c97d04045e01405c534c91f\"},\"breadcrumb\":{\"@id\":\"https:\\\/\\\/lepatriotebenin.com\\\/index.php\\\/2025\\\/07\\\/11\\\/interpelle-en-cote-divoire-et-extrade-au-benin-hugues-comlan-sossoukpe-devant-la-criet\\\/#breadcrumb\"},\"inLanguage\":\"fr-FR\",\"potentialAction\":[{\"@type\":\"ReadAction\",\"target\":[\"https:\\\/\\\/lepatriotebenin.com\\\/index.php\\\/2025\\\/07\\\/11\\\/interpelle-en-cote-divoire-et-extrade-au-benin-hugues-comlan-sossoukpe-devant-la-criet\\\/\"]}]},{\"@type\":\"ImageObject\",\"inLanguage\":\"fr-FR\",\"@id\":\"https:\\\/\\\/lepatriotebenin.com\\\/index.php\\\/2025\\\/07\\\/11\\\/interpelle-en-cote-divoire-et-extrade-au-benin-hugues-comlan-sossoukpe-devant-la-criet\\\/#primaryimage\",\"url\":\"https:\\\/\\\/lepatriotebenin.com\\\/wp-content\\\/uploads\\\/2025\\\/07\\\/spussoukpe.jpeg\",\"contentUrl\":\"https:\\\/\\\/lepatriotebenin.com\\\/wp-content\\\/uploads\\\/2025\\\/07\\\/spussoukpe.jpeg\",\"width\":450,\"height\":450},{\"@type\":\"BreadcrumbList\",\"@id\":\"https:\\\/\\\/lepatriotebenin.com\\\/index.php\\\/2025\\\/07\\\/11\\\/interpelle-en-cote-divoire-et-extrade-au-benin-hugues-comlan-sossoukpe-devant-la-criet\\\/#breadcrumb\",\"itemListElement\":[{\"@type\":\"ListItem\",\"position\":1,\"name\":\"Accueil\",\"item\":\"https:\\\/\\\/lepatriotebenin.com\\\/\"},{\"@type\":\"ListItem\",\"position\":2,\"name\":\"Interpell\u00e9 en C\u00f4te d\u2019Ivoire et extrad\u00e9 au B\u00e9nin : Hugues Comlan Sossoukp\u00e8 devant la CRIET\"}]},{\"@type\":\"WebSite\",\"@id\":\"https:\\\/\\\/lepatriotebenin.com\\\/#website\",\"url\":\"https:\\\/\\\/lepatriotebenin.com\\\/\",\"name\":\"Le Patriote\",\"description\":\"Le Patriote B\u00e9nin\",\"potentialAction\":[{\"@type\":\"SearchAction\",\"target\":{\"@type\":\"EntryPoint\",\"urlTemplate\":\"https:\\\/\\\/lepatriotebenin.com\\\/?s={search_term_string}\"},\"query-input\":{\"@type\":\"PropertyValueSpecification\",\"valueRequired\":true,\"valueName\":\"search_term_string\"}}],\"inLanguage\":\"fr-FR\"},{\"@type\":\"Person\",\"@id\":\"https:\\\/\\\/lepatriotebenin.com\\\/#\\\/schema\\\/person\\\/4a9b67216c97d04045e01405c534c91f\",\"name\":\"Roland AFFANOU\",\"image\":{\"@type\":\"ImageObject\",\"inLanguage\":\"fr-FR\",\"@id\":\"https:\\\/\\\/secure.gravatar.com\\\/avatar\\\/7209d3f6d2d47ea4d0c67e14d3effb61feb10ae540a4381280c66265de5bd643?s=96&d=mm&r=g\",\"url\":\"https:\\\/\\\/secure.gravatar.com\\\/avatar\\\/7209d3f6d2d47ea4d0c67e14d3effb61feb10ae540a4381280c66265de5bd643?s=96&d=mm&r=g\",\"contentUrl\":\"https:\\\/\\\/secure.gravatar.com\\\/avatar\\\/7209d3f6d2d47ea4d0c67e14d3effb61feb10ae540a4381280c66265de5bd643?s=96&d=mm&r=g\",\"caption\":\"Roland AFFANOU\"},\"url\":\"https:\\\/\\\/lepatriotebenin.com\"}]}<\/script>\n<!-- \/ Yoast SEO plugin. -->","yoast_head_json":{"title":"Interpell\u00e9 en C\u00f4te d\u2019Ivoire et extrad\u00e9 au B\u00e9nin : Hugues Comlan Sossoukp\u00e8 devant la CRIET - Le Patriote","robots":{"index":"index","follow":"follow","max-snippet":"max-snippet:-1","max-image-preview":"max-image-preview:large","max-video-preview":"max-video-preview:-1"},"canonical":"https:\/\/lepatriotebenin.com\/index.php\/2025\/07\/11\/interpelle-en-cote-divoire-et-extrade-au-benin-hugues-comlan-sossoukpe-devant-la-criet\/","og_locale":"fr_FR","og_type":"article","og_title":"Interpell\u00e9 en C\u00f4te d\u2019Ivoire et extrad\u00e9 au B\u00e9nin : Hugues Comlan Sossoukp\u00e8 devant la CRIET - Le Patriote","og_description":"Le journaliste et activiste b\u00e9ninois, Hugues Comlan Sossoukp\u00e8\u00a0 a \u00e9t\u00e9 interpell\u00e9 le jeudi 10 juillet 2025 en C\u00f4te \u00a0d\u2019Ivoire et extrad\u00e9 au B\u00e9nin.\u00a0 Selon\u00a0 certaines sources, un mandat d\u2019arr\u00eat international&hellip;","og_url":"https:\/\/lepatriotebenin.com\/index.php\/2025\/07\/11\/interpelle-en-cote-divoire-et-extrade-au-benin-hugues-comlan-sossoukpe-devant-la-criet\/","og_site_name":"Le Patriote","article_published_time":"2025-07-11T13:36:08+00:00","og_image":[{"width":450,"height":450,"url":"https:\/\/lepatriotebenin.com\/wp-content\/uploads\/2025\/07\/spussoukpe.jpeg","type":"image\/jpeg"}],"author":"Roland AFFANOU","twitter_card":"summary_large_image","twitter_misc":{"\u00c9crit par":"Roland AFFANOU","Dur\u00e9e de lecture estim\u00e9e":"2 minutes"},"schema":{"@context":"https:\/\/schema.org","@graph":[{"@type":"Article","@id":"https:\/\/lepatriotebenin.com\/index.php\/2025\/07\/11\/interpelle-en-cote-divoire-et-extrade-au-benin-hugues-comlan-sossoukpe-devant-la-criet\/#article","isPartOf":{"@id":"https:\/\/lepatriotebenin.com\/index.php\/2025\/07\/11\/interpelle-en-cote-divoire-et-extrade-au-benin-hugues-comlan-sossoukpe-devant-la-criet\/"},"author":{"name":"Roland AFFANOU","@id":"https:\/\/lepatriotebenin.com\/#\/schema\/person\/4a9b67216c97d04045e01405c534c91f"},"headline":"Interpell\u00e9 en C\u00f4te d\u2019Ivoire et extrad\u00e9 au B\u00e9nin : Hugues Comlan Sossoukp\u00e8 devant la CRIET","datePublished":"2025-07-11T13:36:08+00:00","mainEntityOfPage":{"@id":"https:\/\/lepatriotebenin.com\/index.php\/2025\/07\/11\/interpelle-en-cote-divoire-et-extrade-au-benin-hugues-comlan-sossoukpe-devant-la-criet\/"},"wordCount":306,"commentCount":0,"image":{"@id":"https:\/\/lepatriotebenin.com\/index.php\/2025\/07\/11\/interpelle-en-cote-divoire-et-extrade-au-benin-hugues-comlan-sossoukpe-devant-la-criet\/#primaryimage"},"thumbnailUrl":"https:\/\/lepatriotebenin.com\/wp-content\/uploads\/2025\/07\/spussoukpe.jpeg","articleSection":["Soci\u00e9t\u00e9"],"inLanguage":"fr-FR","potentialAction":[{"@type":"CommentAction","name":"Comment","target":["https:\/\/lepatriotebenin.com\/index.php\/2025\/07\/11\/interpelle-en-cote-divoire-et-extrade-au-benin-hugues-comlan-sossoukpe-devant-la-criet\/#respond"]}]},{"@type":"WebPage","@id":"https:\/\/lepatriotebenin.com\/index.php\/2025\/07\/11\/interpelle-en-cote-divoire-et-extrade-au-benin-hugues-comlan-sossoukpe-devant-la-criet\/","url":"https:\/\/lepatriotebenin.com\/index.php\/2025\/07\/11\/interpelle-en-cote-divoire-et-extrade-au-benin-hugues-comlan-sossoukpe-devant-la-criet\/","name":"Interpell\u00e9 en C\u00f4te d\u2019Ivoire et extrad\u00e9 au B\u00e9nin : Hugues Comlan Sossoukp\u00e8 devant la CRIET - Le Patriote","isPartOf":{"@id":"https:\/\/lepatriotebenin.com\/#website"},"primaryImageOfPage":{"@id":"https:\/\/lepatriotebenin.com\/index.php\/2025\/07\/11\/interpelle-en-cote-divoire-et-extrade-au-benin-hugues-comlan-sossoukpe-devant-la-criet\/#primaryimage"},"image":{"@id":"https:\/\/lepatriotebenin.com\/index.php\/2025\/07\/11\/interpelle-en-cote-divoire-et-extrade-au-benin-hugues-comlan-sossoukpe-devant-la-criet\/#primaryimage"},"thumbnailUrl":"https:\/\/lepatriotebenin.com\/wp-content\/uploads\/2025\/07\/spussoukpe.jpeg","datePublished":"2025-07-11T13:36:08+00:00","author":{"@id":"https:\/\/lepatriotebenin.com\/#\/schema\/person\/4a9b67216c97d04045e01405c534c91f"},"breadcrumb":{"@id":"https:\/\/lepatriotebenin.com\/index.php\/2025\/07\/11\/interpelle-en-cote-divoire-et-extrade-au-benin-hugues-comlan-sossoukpe-devant-la-criet\/#breadcrumb"},"inLanguage":"fr-FR","potentialAction":[{"@type":"ReadAction","target":["https:\/\/lepatriotebenin.com\/index.php\/2025\/07\/11\/interpelle-en-cote-divoire-et-extrade-au-benin-hugues-comlan-sossoukpe-devant-la-criet\/"]}]},{"@type":"ImageObject","inLanguage":"fr-FR","@id":"https:\/\/lepatriotebenin.com\/index.php\/2025\/07\/11\/interpelle-en-cote-divoire-et-extrade-au-benin-hugues-comlan-sossoukpe-devant-la-criet\/#primaryimage","url":"https:\/\/lepatriotebenin.com\/wp-content\/uploads\/2025\/07\/spussoukpe.jpeg","contentUrl":"https:\/\/lepatriotebenin.com\/wp-content\/uploads\/2025\/07\/spussoukpe.jpeg","width":450,"height":450},{"@type":"BreadcrumbList","@id":"https:\/\/lepatriotebenin.com\/index.php\/2025\/07\/11\/interpelle-en-cote-divoire-et-extrade-au-benin-hugues-comlan-sossoukpe-devant-la-criet\/#breadcrumb","itemListElement":[{"@type":"ListItem","position":1,"name":"Accueil","item":"https:\/\/lepatriotebenin.com\/"},{"@type":"ListItem","position":2,"name":"Interpell\u00e9 en C\u00f4te d\u2019Ivoire et extrad\u00e9 au B\u00e9nin : Hugues Comlan Sossoukp\u00e8 devant la CRIET"}]},{"@type":"WebSite","@id":"https:\/\/lepatriotebenin.com\/#website","url":"https:\/\/lepatriotebenin.com\/","name":"Le Patriote","description":"Le Patriote B\u00e9nin","potentialAction":[{"@type":"SearchAction","target":{"@type":"EntryPoint","urlTemplate":"https:\/\/lepatriotebenin.com\/?s={search_term_string}"},"query-input":{"@type":"PropertyValueSpecification","valueRequired":true,"valueName":"search_term_string"}}],"inLanguage":"fr-FR"},{"@type":"Person","@id":"https:\/\/lepatriotebenin.com\/#\/schema\/person\/4a9b67216c97d04045e01405c534c91f","name":"Roland AFFANOU","image":{"@type":"ImageObject","inLanguage":"fr-FR","@id":"https:\/\/secure.gravatar.com\/avatar\/7209d3f6d2d47ea4d0c67e14d3effb61feb10ae540a4381280c66265de5bd643?s=96&d=mm&r=g","url":"https:\/\/secure.gravatar.com\/avatar\/7209d3f6d2d47ea4d0c67e14d3effb61feb10ae540a4381280c66265de5bd643?s=96&d=mm&r=g","contentUrl":"https:\/\/secure.gravatar.com\/avatar\/7209d3f6d2d47ea4d0c67e14d3effb61feb10ae540a4381280c66265de5bd643?s=96&d=mm&r=g","caption":"Roland AFFANOU"},"url":"https:\/\/lepatriotebenin.com"}]}},"_links":{"self":[{"href":"https:\/\/lepatriotebenin.com\/index.php\/wp-json\/wp\/v2\/posts\/11909","targetHints":{"allow":["GET"]}}],"collection":[{"href":"https:\/\/lepatriotebenin.com\/index.php\/wp-json\/wp\/v2\/posts"}],"about":[{"href":"https:\/\/lepatriotebenin.com\/index.php\/wp-json\/wp\/v2\/types\/post"}],"author":[{"embeddable":true,"href":"https:\/\/lepatriotebenin.com\/index.php\/wp-json\/wp\/v2\/users\/6"}],"replies":[{"embeddable":true,"href":"https:\/\/lepatriotebenin.com\/index.php\/wp-json\/wp\/v2\/comments?post=11909"}],"version-history":[{"count":1,"href":"https:\/\/lepatriotebenin.com\/index.php\/wp-json\/wp\/v2\/posts\/11909\/revisions"}],"predecessor-version":[{"id":11911,"href":"https:\/\/lepatriotebenin.com\/index.php\/wp-json\/wp\/v2\/posts\/11909\/revisions\/11911"}],"wp:featuredmedia":[{"embeddable":true,"href":"https:\/\/lepatriotebenin.com\/index.php\/wp-json\/wp\/v2\/media\/11910"}],"wp:attachment":[{"href":"https:\/\/lepatriotebenin.com\/index.php\/wp-json\/wp\/v2\/media?parent=11909"}],"wp:term":[{"taxonomy":"category","embeddable":true,"href":"https:\/\/lepatriotebenin.com\/index.php\/wp-json\/wp\/v2\/categories?post=11909"},{"taxonomy":"post_tag","embeddable":true,"href":"https:\/\/lepatriotebenin.com\/index.php\/wp-json\/wp\/v2\/tags?post=11909"}],"curies":[{"name":"wp","href":"https:\/\/api.w.org\/{rel}","templated":true}]}}