{"id":11905,"date":"2025-07-11T08:56:21","date_gmt":"2025-07-11T06:56:21","guid":{"rendered":"https:\/\/lepatriotebenin.com\/?p=11905"},"modified":"2025-07-11T08:56:21","modified_gmt":"2025-07-11T06:56:21","slug":"criet-au-benin-le-ministere-public-requis-3-ans-de-prison-ferme-contre-deux-individus-pour-extorsion-de-fonds","status":"publish","type":"post","link":"https:\/\/lepatriotebenin.com\/index.php\/2025\/07\/11\/criet-au-benin-le-ministere-public-requis-3-ans-de-prison-ferme-contre-deux-individus-pour-extorsion-de-fonds\/","title":{"rendered":"CRIET au B\u00e9nin : Le minist\u00e8re public requis 3 ans de prison ferme contre deux individus  pour extorsion de fonds"},"content":{"rendered":"<p>Un enfant a \u00e9t\u00e9 enlev\u00e9 \u00e0 Godomey Togoundo, dans le d\u00e9partement de l\u2019Atlantique par deux individus. Les\u00a0 pr\u00e9venus ont\u00a0 comparu ce jeudi 10 juillet 2025 devant de la Cour de R\u00e9pression des Infractions Economiques et du Terrorisme (CRIET) .Ils sont poursuivis pour extorsion de fonds. Le minist\u00e8re public a requis contre eux 3 ans de prison ferme et\u00a0 1 million de FCFA d\u2019amende.<\/p>\n<p>Selon Bip radio, les faits remontent au 29 d\u00e9cembre 2024. Deux individus ont r\u00e9ussi \u00e0 Kidnapper un\u00a0\u00a0 enfant \u00e0 l\u2019insu de ses g\u00e9niteurs. Une semaine apr\u00e8s la disparition, ils ont contact\u00e9 les parents pour \u00a0leur r\u00e9clamer de ran\u00e7on. Ils ont d\u2019abord exig\u00e9 une somme de 50000 FCFA que la famille leur a remis puis ils ont continu\u00e9 \u00e0 demander de l\u2019argent.<\/p>\n<p>Face \u00e0 l\u2019insistance des ravisseurs, les parents ont inform\u00e9 la police. Une \u00a0enqu\u00eate a \u00e9t\u00e9 ouverte \u00e0 cet effet. Les deux mis en cause ont \u00e9t\u00e9 appr\u00e9hend\u00e9s \u00e0 Lokossa, dans le d\u00e9partement du Mono \u00a0avec l\u2019enfant .Au total, les pr\u00e9venus ont r\u00e9ussi \u00e0\u00a0 soutir\u00e9 plus de 100.000 FCFA aux parents de l\u2019enfant. Le minist\u00e8re public a requis contre eux 3 ans ferme \u00a0et 1 million d\u2019amende. \u00a0La famille a d\u00e9clar\u00e9 ne pas vouloir de r\u00e9paration. Le d\u00e9lib\u00e9r\u00e9 est attendu le 16 octobre prochain.<\/p>\n","protected":false},"excerpt":{"rendered":"<p>Un enfant a \u00e9t\u00e9 enlev\u00e9 \u00e0 Godomey Togoundo, dans le d\u00e9partement de l\u2019Atlantique par deux individus. Les\u00a0 pr\u00e9venus ont\u00a0 comparu ce jeudi 10 juillet 2025 devant de la Cour de&hellip;<\/p>\n","protected":false},"author":6,"featured_media":11906,"comment_status":"open","ping_status":"open","sticky":false,"template":"","format":"standard","meta":{"content-type":"","om_disable_all_campaigns":false,"_monsterinsights_skip_tracking":false,"_monsterinsights_sitenote_active":false,"_monsterinsights_sitenote_note":"","_monsterinsights_sitenote_category":0,"_uf_show_specific_survey":0,"_uf_disable_surveys":false,"footnotes":""},"categories":[20],"tags":[],"class_list":["post-11905","post","type-post","status-publish","format-standard","has-post-thumbnail","hentry","category-societe"],"aioseo_notices":[],"yoast_head":"<!-- This site is optimized with the Yoast SEO plugin v27.5 - https:\/\/yoast.com\/product\/yoast-seo-wordpress\/ -->\n<title>CRIET au B\u00e9nin : Le minist\u00e8re public requis 3 ans de prison ferme contre deux individus pour extorsion de fonds - Le Patriote<\/title>\n<meta name=\"robots\" content=\"index, follow, max-snippet:-1, max-image-preview:large, max-video-preview:-1\" \/>\n<link rel=\"canonical\" href=\"https:\/\/lepatriotebenin.com\/index.php\/2025\/07\/11\/criet-au-benin-le-ministere-public-requis-3-ans-de-prison-ferme-contre-deux-individus-pour-extorsion-de-fonds\/\" \/>\n<meta property=\"og:locale\" content=\"fr_FR\" \/>\n<meta property=\"og:type\" content=\"article\" \/>\n<meta property=\"og:title\" content=\"CRIET au B\u00e9nin : Le minist\u00e8re public requis 3 ans de prison ferme contre deux individus pour extorsion de fonds - Le Patriote\" \/>\n<meta property=\"og:description\" content=\"Un enfant a \u00e9t\u00e9 enlev\u00e9 \u00e0 Godomey Togoundo, dans le d\u00e9partement de l\u2019Atlantique par deux individus. Les\u00a0 pr\u00e9venus ont\u00a0 comparu ce jeudi 10 juillet 2025 devant de la Cour de&hellip;\" \/>\n<meta property=\"og:url\" content=\"https:\/\/lepatriotebenin.com\/index.php\/2025\/07\/11\/criet-au-benin-le-ministere-public-requis-3-ans-de-prison-ferme-contre-deux-individus-pour-extorsion-de-fonds\/\" \/>\n<meta property=\"og:site_name\" content=\"Le Patriote\" \/>\n<meta property=\"article:published_time\" content=\"2025-07-11T06:56:21+00:00\" \/>\n<meta property=\"og:image\" content=\"https:\/\/lepatriotebenin.com\/wp-content\/uploads\/2025\/07\/siege-criet.jpeg\" \/>\n\t<meta property=\"og:image:width\" content=\"1520\" \/>\n\t<meta property=\"og:image:height\" content=\"984\" \/>\n\t<meta property=\"og:image:type\" content=\"image\/jpeg\" \/>\n<meta name=\"author\" content=\"Roland AFFANOU\" \/>\n<meta name=\"twitter:card\" content=\"summary_large_image\" \/>\n<meta name=\"twitter:label1\" content=\"\u00c9crit par\" \/>\n\t<meta name=\"twitter:data1\" content=\"Roland AFFANOU\" \/>\n\t<meta name=\"twitter:label2\" content=\"Dur\u00e9e de lecture estim\u00e9e\" \/>\n\t<meta name=\"twitter:data2\" content=\"2 minutes\" \/>\n<script type=\"application\/ld+json\" class=\"yoast-schema-graph\">{\"@context\":\"https:\\\/\\\/schema.org\",\"@graph\":[{\"@type\":\"Article\",\"@id\":\"https:\\\/\\\/lepatriotebenin.com\\\/index.php\\\/2025\\\/07\\\/11\\\/criet-au-benin-le-ministere-public-requis-3-ans-de-prison-ferme-contre-deux-individus-pour-extorsion-de-fonds\\\/#article\",\"isPartOf\":{\"@id\":\"https:\\\/\\\/lepatriotebenin.com\\\/index.php\\\/2025\\\/07\\\/11\\\/criet-au-benin-le-ministere-public-requis-3-ans-de-prison-ferme-contre-deux-individus-pour-extorsion-de-fonds\\\/\"},\"author\":{\"name\":\"Roland AFFANOU\",\"@id\":\"https:\\\/\\\/lepatriotebenin.com\\\/#\\\/schema\\\/person\\\/4a9b67216c97d04045e01405c534c91f\"},\"headline\":\"CRIET au B\u00e9nin : Le minist\u00e8re public requis 3 ans de prison ferme contre deux individus pour extorsion de fonds\",\"datePublished\":\"2025-07-11T06:56:21+00:00\",\"mainEntityOfPage\":{\"@id\":\"https:\\\/\\\/lepatriotebenin.com\\\/index.php\\\/2025\\\/07\\\/11\\\/criet-au-benin-le-ministere-public-requis-3-ans-de-prison-ferme-contre-deux-individus-pour-extorsion-de-fonds\\\/\"},\"wordCount\":238,\"commentCount\":0,\"image\":{\"@id\":\"https:\\\/\\\/lepatriotebenin.com\\\/index.php\\\/2025\\\/07\\\/11\\\/criet-au-benin-le-ministere-public-requis-3-ans-de-prison-ferme-contre-deux-individus-pour-extorsion-de-fonds\\\/#primaryimage\"},\"thumbnailUrl\":\"https:\\\/\\\/lepatriotebenin.com\\\/wp-content\\\/uploads\\\/2025\\\/07\\\/siege-criet.jpeg\",\"articleSection\":[\"Soci\u00e9t\u00e9\"],\"inLanguage\":\"fr-FR\",\"potentialAction\":[{\"@type\":\"CommentAction\",\"name\":\"Comment\",\"target\":[\"https:\\\/\\\/lepatriotebenin.com\\\/index.php\\\/2025\\\/07\\\/11\\\/criet-au-benin-le-ministere-public-requis-3-ans-de-prison-ferme-contre-deux-individus-pour-extorsion-de-fonds\\\/#respond\"]}]},{\"@type\":\"WebPage\",\"@id\":\"https:\\\/\\\/lepatriotebenin.com\\\/index.php\\\/2025\\\/07\\\/11\\\/criet-au-benin-le-ministere-public-requis-3-ans-de-prison-ferme-contre-deux-individus-pour-extorsion-de-fonds\\\/\",\"url\":\"https:\\\/\\\/lepatriotebenin.com\\\/index.php\\\/2025\\\/07\\\/11\\\/criet-au-benin-le-ministere-public-requis-3-ans-de-prison-ferme-contre-deux-individus-pour-extorsion-de-fonds\\\/\",\"name\":\"CRIET au B\u00e9nin : Le minist\u00e8re public requis 3 ans de prison ferme contre deux individus pour extorsion de fonds - Le Patriote\",\"isPartOf\":{\"@id\":\"https:\\\/\\\/lepatriotebenin.com\\\/#website\"},\"primaryImageOfPage\":{\"@id\":\"https:\\\/\\\/lepatriotebenin.com\\\/index.php\\\/2025\\\/07\\\/11\\\/criet-au-benin-le-ministere-public-requis-3-ans-de-prison-ferme-contre-deux-individus-pour-extorsion-de-fonds\\\/#primaryimage\"},\"image\":{\"@id\":\"https:\\\/\\\/lepatriotebenin.com\\\/index.php\\\/2025\\\/07\\\/11\\\/criet-au-benin-le-ministere-public-requis-3-ans-de-prison-ferme-contre-deux-individus-pour-extorsion-de-fonds\\\/#primaryimage\"},\"thumbnailUrl\":\"https:\\\/\\\/lepatriotebenin.com\\\/wp-content\\\/uploads\\\/2025\\\/07\\\/siege-criet.jpeg\",\"datePublished\":\"2025-07-11T06:56:21+00:00\",\"author\":{\"@id\":\"https:\\\/\\\/lepatriotebenin.com\\\/#\\\/schema\\\/person\\\/4a9b67216c97d04045e01405c534c91f\"},\"breadcrumb\":{\"@id\":\"https:\\\/\\\/lepatriotebenin.com\\\/index.php\\\/2025\\\/07\\\/11\\\/criet-au-benin-le-ministere-public-requis-3-ans-de-prison-ferme-contre-deux-individus-pour-extorsion-de-fonds\\\/#breadcrumb\"},\"inLanguage\":\"fr-FR\",\"potentialAction\":[{\"@type\":\"ReadAction\",\"target\":[\"https:\\\/\\\/lepatriotebenin.com\\\/index.php\\\/2025\\\/07\\\/11\\\/criet-au-benin-le-ministere-public-requis-3-ans-de-prison-ferme-contre-deux-individus-pour-extorsion-de-fonds\\\/\"]}]},{\"@type\":\"ImageObject\",\"inLanguage\":\"fr-FR\",\"@id\":\"https:\\\/\\\/lepatriotebenin.com\\\/index.php\\\/2025\\\/07\\\/11\\\/criet-au-benin-le-ministere-public-requis-3-ans-de-prison-ferme-contre-deux-individus-pour-extorsion-de-fonds\\\/#primaryimage\",\"url\":\"https:\\\/\\\/lepatriotebenin.com\\\/wp-content\\\/uploads\\\/2025\\\/07\\\/siege-criet.jpeg\",\"contentUrl\":\"https:\\\/\\\/lepatriotebenin.com\\\/wp-content\\\/uploads\\\/2025\\\/07\\\/siege-criet.jpeg\",\"width\":1520,\"height\":984},{\"@type\":\"BreadcrumbList\",\"@id\":\"https:\\\/\\\/lepatriotebenin.com\\\/index.php\\\/2025\\\/07\\\/11\\\/criet-au-benin-le-ministere-public-requis-3-ans-de-prison-ferme-contre-deux-individus-pour-extorsion-de-fonds\\\/#breadcrumb\",\"itemListElement\":[{\"@type\":\"ListItem\",\"position\":1,\"name\":\"Accueil\",\"item\":\"https:\\\/\\\/lepatriotebenin.com\\\/\"},{\"@type\":\"ListItem\",\"position\":2,\"name\":\"CRIET au B\u00e9nin : Le minist\u00e8re public requis 3 ans de prison ferme contre deux individus pour extorsion de fonds\"}]},{\"@type\":\"WebSite\",\"@id\":\"https:\\\/\\\/lepatriotebenin.com\\\/#website\",\"url\":\"https:\\\/\\\/lepatriotebenin.com\\\/\",\"name\":\"Le Patriote\",\"description\":\"Le Patriote B\u00e9nin\",\"potentialAction\":[{\"@type\":\"SearchAction\",\"target\":{\"@type\":\"EntryPoint\",\"urlTemplate\":\"https:\\\/\\\/lepatriotebenin.com\\\/?s={search_term_string}\"},\"query-input\":{\"@type\":\"PropertyValueSpecification\",\"valueRequired\":true,\"valueName\":\"search_term_string\"}}],\"inLanguage\":\"fr-FR\"},{\"@type\":\"Person\",\"@id\":\"https:\\\/\\\/lepatriotebenin.com\\\/#\\\/schema\\\/person\\\/4a9b67216c97d04045e01405c534c91f\",\"name\":\"Roland AFFANOU\",\"image\":{\"@type\":\"ImageObject\",\"inLanguage\":\"fr-FR\",\"@id\":\"https:\\\/\\\/secure.gravatar.com\\\/avatar\\\/7209d3f6d2d47ea4d0c67e14d3effb61feb10ae540a4381280c66265de5bd643?s=96&d=mm&r=g\",\"url\":\"https:\\\/\\\/secure.gravatar.com\\\/avatar\\\/7209d3f6d2d47ea4d0c67e14d3effb61feb10ae540a4381280c66265de5bd643?s=96&d=mm&r=g\",\"contentUrl\":\"https:\\\/\\\/secure.gravatar.com\\\/avatar\\\/7209d3f6d2d47ea4d0c67e14d3effb61feb10ae540a4381280c66265de5bd643?s=96&d=mm&r=g\",\"caption\":\"Roland AFFANOU\"},\"url\":\"https:\\\/\\\/lepatriotebenin.com\"}]}<\/script>\n<!-- \/ Yoast SEO plugin. -->","yoast_head_json":{"title":"CRIET au B\u00e9nin : Le minist\u00e8re public requis 3 ans de prison ferme contre deux individus pour extorsion de fonds - Le Patriote","robots":{"index":"index","follow":"follow","max-snippet":"max-snippet:-1","max-image-preview":"max-image-preview:large","max-video-preview":"max-video-preview:-1"},"canonical":"https:\/\/lepatriotebenin.com\/index.php\/2025\/07\/11\/criet-au-benin-le-ministere-public-requis-3-ans-de-prison-ferme-contre-deux-individus-pour-extorsion-de-fonds\/","og_locale":"fr_FR","og_type":"article","og_title":"CRIET au B\u00e9nin : Le minist\u00e8re public requis 3 ans de prison ferme contre deux individus pour extorsion de fonds - Le Patriote","og_description":"Un enfant a \u00e9t\u00e9 enlev\u00e9 \u00e0 Godomey Togoundo, dans le d\u00e9partement de l\u2019Atlantique par deux individus. Les\u00a0 pr\u00e9venus ont\u00a0 comparu ce jeudi 10 juillet 2025 devant de la Cour de&hellip;","og_url":"https:\/\/lepatriotebenin.com\/index.php\/2025\/07\/11\/criet-au-benin-le-ministere-public-requis-3-ans-de-prison-ferme-contre-deux-individus-pour-extorsion-de-fonds\/","og_site_name":"Le Patriote","article_published_time":"2025-07-11T06:56:21+00:00","og_image":[{"width":1520,"height":984,"url":"https:\/\/lepatriotebenin.com\/wp-content\/uploads\/2025\/07\/siege-criet.jpeg","type":"image\/jpeg"}],"author":"Roland AFFANOU","twitter_card":"summary_large_image","twitter_misc":{"\u00c9crit par":"Roland AFFANOU","Dur\u00e9e de lecture estim\u00e9e":"2 minutes"},"schema":{"@context":"https:\/\/schema.org","@graph":[{"@type":"Article","@id":"https:\/\/lepatriotebenin.com\/index.php\/2025\/07\/11\/criet-au-benin-le-ministere-public-requis-3-ans-de-prison-ferme-contre-deux-individus-pour-extorsion-de-fonds\/#article","isPartOf":{"@id":"https:\/\/lepatriotebenin.com\/index.php\/2025\/07\/11\/criet-au-benin-le-ministere-public-requis-3-ans-de-prison-ferme-contre-deux-individus-pour-extorsion-de-fonds\/"},"author":{"name":"Roland AFFANOU","@id":"https:\/\/lepatriotebenin.com\/#\/schema\/person\/4a9b67216c97d04045e01405c534c91f"},"headline":"CRIET au B\u00e9nin : Le minist\u00e8re public requis 3 ans de prison ferme contre deux individus pour extorsion de fonds","datePublished":"2025-07-11T06:56:21+00:00","mainEntityOfPage":{"@id":"https:\/\/lepatriotebenin.com\/index.php\/2025\/07\/11\/criet-au-benin-le-ministere-public-requis-3-ans-de-prison-ferme-contre-deux-individus-pour-extorsion-de-fonds\/"},"wordCount":238,"commentCount":0,"image":{"@id":"https:\/\/lepatriotebenin.com\/index.php\/2025\/07\/11\/criet-au-benin-le-ministere-public-requis-3-ans-de-prison-ferme-contre-deux-individus-pour-extorsion-de-fonds\/#primaryimage"},"thumbnailUrl":"https:\/\/lepatriotebenin.com\/wp-content\/uploads\/2025\/07\/siege-criet.jpeg","articleSection":["Soci\u00e9t\u00e9"],"inLanguage":"fr-FR","potentialAction":[{"@type":"CommentAction","name":"Comment","target":["https:\/\/lepatriotebenin.com\/index.php\/2025\/07\/11\/criet-au-benin-le-ministere-public-requis-3-ans-de-prison-ferme-contre-deux-individus-pour-extorsion-de-fonds\/#respond"]}]},{"@type":"WebPage","@id":"https:\/\/lepatriotebenin.com\/index.php\/2025\/07\/11\/criet-au-benin-le-ministere-public-requis-3-ans-de-prison-ferme-contre-deux-individus-pour-extorsion-de-fonds\/","url":"https:\/\/lepatriotebenin.com\/index.php\/2025\/07\/11\/criet-au-benin-le-ministere-public-requis-3-ans-de-prison-ferme-contre-deux-individus-pour-extorsion-de-fonds\/","name":"CRIET au B\u00e9nin : Le minist\u00e8re public requis 3 ans de prison ferme contre deux individus pour extorsion de fonds - Le Patriote","isPartOf":{"@id":"https:\/\/lepatriotebenin.com\/#website"},"primaryImageOfPage":{"@id":"https:\/\/lepatriotebenin.com\/index.php\/2025\/07\/11\/criet-au-benin-le-ministere-public-requis-3-ans-de-prison-ferme-contre-deux-individus-pour-extorsion-de-fonds\/#primaryimage"},"image":{"@id":"https:\/\/lepatriotebenin.com\/index.php\/2025\/07\/11\/criet-au-benin-le-ministere-public-requis-3-ans-de-prison-ferme-contre-deux-individus-pour-extorsion-de-fonds\/#primaryimage"},"thumbnailUrl":"https:\/\/lepatriotebenin.com\/wp-content\/uploads\/2025\/07\/siege-criet.jpeg","datePublished":"2025-07-11T06:56:21+00:00","author":{"@id":"https:\/\/lepatriotebenin.com\/#\/schema\/person\/4a9b67216c97d04045e01405c534c91f"},"breadcrumb":{"@id":"https:\/\/lepatriotebenin.com\/index.php\/2025\/07\/11\/criet-au-benin-le-ministere-public-requis-3-ans-de-prison-ferme-contre-deux-individus-pour-extorsion-de-fonds\/#breadcrumb"},"inLanguage":"fr-FR","potentialAction":[{"@type":"ReadAction","target":["https:\/\/lepatriotebenin.com\/index.php\/2025\/07\/11\/criet-au-benin-le-ministere-public-requis-3-ans-de-prison-ferme-contre-deux-individus-pour-extorsion-de-fonds\/"]}]},{"@type":"ImageObject","inLanguage":"fr-FR","@id":"https:\/\/lepatriotebenin.com\/index.php\/2025\/07\/11\/criet-au-benin-le-ministere-public-requis-3-ans-de-prison-ferme-contre-deux-individus-pour-extorsion-de-fonds\/#primaryimage","url":"https:\/\/lepatriotebenin.com\/wp-content\/uploads\/2025\/07\/siege-criet.jpeg","contentUrl":"https:\/\/lepatriotebenin.com\/wp-content\/uploads\/2025\/07\/siege-criet.jpeg","width":1520,"height":984},{"@type":"BreadcrumbList","@id":"https:\/\/lepatriotebenin.com\/index.php\/2025\/07\/11\/criet-au-benin-le-ministere-public-requis-3-ans-de-prison-ferme-contre-deux-individus-pour-extorsion-de-fonds\/#breadcrumb","itemListElement":[{"@type":"ListItem","position":1,"name":"Accueil","item":"https:\/\/lepatriotebenin.com\/"},{"@type":"ListItem","position":2,"name":"CRIET au B\u00e9nin : Le minist\u00e8re public requis 3 ans de prison ferme contre deux individus pour extorsion de fonds"}]},{"@type":"WebSite","@id":"https:\/\/lepatriotebenin.com\/#website","url":"https:\/\/lepatriotebenin.com\/","name":"Le Patriote","description":"Le Patriote B\u00e9nin","potentialAction":[{"@type":"SearchAction","target":{"@type":"EntryPoint","urlTemplate":"https:\/\/lepatriotebenin.com\/?s={search_term_string}"},"query-input":{"@type":"PropertyValueSpecification","valueRequired":true,"valueName":"search_term_string"}}],"inLanguage":"fr-FR"},{"@type":"Person","@id":"https:\/\/lepatriotebenin.com\/#\/schema\/person\/4a9b67216c97d04045e01405c534c91f","name":"Roland AFFANOU","image":{"@type":"ImageObject","inLanguage":"fr-FR","@id":"https:\/\/secure.gravatar.com\/avatar\/7209d3f6d2d47ea4d0c67e14d3effb61feb10ae540a4381280c66265de5bd643?s=96&d=mm&r=g","url":"https:\/\/secure.gravatar.com\/avatar\/7209d3f6d2d47ea4d0c67e14d3effb61feb10ae540a4381280c66265de5bd643?s=96&d=mm&r=g","contentUrl":"https:\/\/secure.gravatar.com\/avatar\/7209d3f6d2d47ea4d0c67e14d3effb61feb10ae540a4381280c66265de5bd643?s=96&d=mm&r=g","caption":"Roland AFFANOU"},"url":"https:\/\/lepatriotebenin.com"}]}},"_links":{"self":[{"href":"https:\/\/lepatriotebenin.com\/index.php\/wp-json\/wp\/v2\/posts\/11905","targetHints":{"allow":["GET"]}}],"collection":[{"href":"https:\/\/lepatriotebenin.com\/index.php\/wp-json\/wp\/v2\/posts"}],"about":[{"href":"https:\/\/lepatriotebenin.com\/index.php\/wp-json\/wp\/v2\/types\/post"}],"author":[{"embeddable":true,"href":"https:\/\/lepatriotebenin.com\/index.php\/wp-json\/wp\/v2\/users\/6"}],"replies":[{"embeddable":true,"href":"https:\/\/lepatriotebenin.com\/index.php\/wp-json\/wp\/v2\/comments?post=11905"}],"version-history":[{"count":1,"href":"https:\/\/lepatriotebenin.com\/index.php\/wp-json\/wp\/v2\/posts\/11905\/revisions"}],"predecessor-version":[{"id":11907,"href":"https:\/\/lepatriotebenin.com\/index.php\/wp-json\/wp\/v2\/posts\/11905\/revisions\/11907"}],"wp:featuredmedia":[{"embeddable":true,"href":"https:\/\/lepatriotebenin.com\/index.php\/wp-json\/wp\/v2\/media\/11906"}],"wp:attachment":[{"href":"https:\/\/lepatriotebenin.com\/index.php\/wp-json\/wp\/v2\/media?parent=11905"}],"wp:term":[{"taxonomy":"category","embeddable":true,"href":"https:\/\/lepatriotebenin.com\/index.php\/wp-json\/wp\/v2\/categories?post=11905"},{"taxonomy":"post_tag","embeddable":true,"href":"https:\/\/lepatriotebenin.com\/index.php\/wp-json\/wp\/v2\/tags?post=11905"}],"curies":[{"name":"wp","href":"https:\/\/api.w.org\/{rel}","templated":true}]}}