{"id":11880,"date":"2025-07-10T01:12:02","date_gmt":"2025-07-09T23:12:02","guid":{"rendered":"https:\/\/lepatriotebenin.com\/?p=11880"},"modified":"2025-07-10T01:12:02","modified_gmt":"2025-07-09T23:12:02","slug":"bac-2025-au-benin-ces-resultats-sont-exceptionnels-cest-inedit-selon-alphonse-da-silva","status":"publish","type":"post","link":"https:\/\/lepatriotebenin.com\/index.php\/2025\/07\/10\/bac-2025-au-benin-ces-resultats-sont-exceptionnels-cest-inedit-selon-alphonse-da-silva\/","title":{"rendered":"BAC 2025 au B\u00e9nin : \u00ab ces r\u00e9sultats sont exceptionnels, c\u2019est in\u00e9dit \u00bb, selon Alphonse da Silva"},"content":{"rendered":"<p>73,02%\u00a0: Tel \u00a0est\u00a0 le taux d\u2019admissibilit\u00e9 sur kle plan national. Avant de proclamer officiellement les r\u00e9sultats du BAC 2025, session\u00a0 unique de juin 2025 ce <strong>mercredi 09 juillet 2025,<\/strong> le Directeur de l\u2019Office du\u00a0 Baccalaur\u00e9at (DOB), <strong>Alphonse da Silva<\/strong> a, dans une br\u00e8ve allocation, d\u00e9clar\u00e9 que \u00a0\u00a0ces r\u00e9sultats sont \u00abexceptionnels et in\u00e9dits\u00bb. \u00a0Pour lui,\u00a0\u00ab<em>le<\/em><em> m\u00e9rite revient \u00e0 tous les acteurs et particuli\u00e8rement au Chef de l\u2019\u00c9tat<\/em>\u00a0\u00bb. Il a par ailleurs indiqu\u00e9 que <em>\u00ab ces r\u00e9sultats sont les fruits des r\u00e9formes op\u00e9r\u00e9es dans le syst\u00e8me \u00e9ducatif\u00bb. Selon les propos du DOB, <\/em>les\u00a0 enseignants, apprenants, parents et structures de contr\u00f4le, responsables \u00e0 tous les niveaux ont \u00e9t\u00e9 mis \u00e0 contribution.<\/p>\n<p>. \u00abNous pouvons en \u00eatre fiers pour notre pays au vu de ce qui se passe dans l\u2019environnement. Le chef de l\u2019Etat nous montre que lorsqu\u2019on est pers\u00e9v\u00e9rant et rigoureux dans le travail, on peut r\u00e9aliser de grandes choses. Je suis personnellement \u00e9mu pour ces r\u00e9sultats.je savais que les r\u00e9sultats seront bon\u00a0\u00bb, a laiss\u00e9 entendre\u00a0 Alphonse da Silva.<\/p>\n<p><strong>\u00a0<\/strong><\/p>\n<p><strong>D\u00e9claration du directeur de l\u2019Office du BAC\u00a0<\/strong><\/p>\n<p>Chers amis de la Presse<\/p>\n<p>Aujourd\u2019hui, c\u2019est un grand jour. Tout le pays est en attente des r\u00e9sultats du Baccalaur\u00e9at. La joie visitera plusieurs familles.<\/p>\n<p>Cette ann\u00e9e, sur les 78 537 candidats pr\u00e9sents, nous avons 57 349 admis, soit un taux de r\u00e9ussite de 73,02 %<\/p>\n<ul>\n<li>Ces r\u00e9sultats sont exceptionnels, c\u2019est in\u00e9dit. Le m\u00e9rite revient \u00e0 tous les acteurs et particuli\u00e8rement au Chef de l\u2019\u00c9tat.<\/li>\n<li>Le syst\u00e8me \u00e9ducatif a \u00e9t\u00e9 m\u00e9tamorphos\u00e9 par les r\u00e9formes op\u00e9r\u00e9es dans le secteur.<\/li>\n<li>Tous les acteurs, enseignants, apprenants, parents, structures de contr\u00f4le, responsables \u00e0 tous les niveaux, ont \u00e9t\u00e9 mis au travail.<\/li>\n<li>Nous pouvons \u00eatre fier de notre pays.<\/li>\n<li>Le Chef de l\u2019\u00c9tat nous montre que lorsqu\u2019on est pers\u00e9v\u00e9rant et rigoureux dans le travail, on peut r\u00e9aliser de grandes choses.<\/li>\n<li>Je suis personnellement \u00e9mu.<\/li>\n<\/ul>\n<p>&nbsp;<\/p>\n","protected":false},"excerpt":{"rendered":"<p>73,02%\u00a0: Tel \u00a0est\u00a0 le taux d\u2019admissibilit\u00e9 sur kle plan national. Avant de proclamer officiellement les r\u00e9sultats du BAC 2025, session\u00a0 unique de juin 2025 ce mercredi 09 juillet 2025, le&hellip;<\/p>\n","protected":false},"author":6,"featured_media":11881,"comment_status":"open","ping_status":"open","sticky":false,"template":"","format":"standard","meta":{"content-type":"","om_disable_all_campaigns":false,"_monsterinsights_skip_tracking":false,"_monsterinsights_sitenote_active":false,"_monsterinsights_sitenote_note":"","_monsterinsights_sitenote_category":0,"_uf_show_specific_survey":0,"_uf_disable_surveys":false,"footnotes":""},"categories":[20],"tags":[],"class_list":["post-11880","post","type-post","status-publish","format-standard","has-post-thumbnail","hentry","category-societe"],"aioseo_notices":[],"yoast_head":"<!-- This site is optimized with the Yoast SEO plugin v27.5 - https:\/\/yoast.com\/product\/yoast-seo-wordpress\/ -->\n<title>BAC 2025 au B\u00e9nin : \u00ab ces r\u00e9sultats sont exceptionnels, c\u2019est in\u00e9dit \u00bb, selon Alphonse da Silva - Le Patriote<\/title>\n<meta name=\"robots\" content=\"index, follow, max-snippet:-1, max-image-preview:large, max-video-preview:-1\" \/>\n<link rel=\"canonical\" href=\"https:\/\/lepatriotebenin.com\/index.php\/2025\/07\/10\/bac-2025-au-benin-ces-resultats-sont-exceptionnels-cest-inedit-selon-alphonse-da-silva\/\" \/>\n<meta property=\"og:locale\" content=\"fr_FR\" \/>\n<meta property=\"og:type\" content=\"article\" \/>\n<meta property=\"og:title\" content=\"BAC 2025 au B\u00e9nin : \u00ab ces r\u00e9sultats sont exceptionnels, c\u2019est in\u00e9dit \u00bb, selon Alphonse da Silva - Le Patriote\" \/>\n<meta property=\"og:description\" content=\"73,02%\u00a0: Tel \u00a0est\u00a0 le taux d\u2019admissibilit\u00e9 sur kle plan national. Avant de proclamer officiellement les r\u00e9sultats du BAC 2025, session\u00a0 unique de juin 2025 ce mercredi 09 juillet 2025, le&hellip;\" \/>\n<meta property=\"og:url\" content=\"https:\/\/lepatriotebenin.com\/index.php\/2025\/07\/10\/bac-2025-au-benin-ces-resultats-sont-exceptionnels-cest-inedit-selon-alphonse-da-silva\/\" \/>\n<meta property=\"og:site_name\" content=\"Le Patriote\" \/>\n<meta property=\"article:published_time\" content=\"2025-07-09T23:12:02+00:00\" \/>\n<meta property=\"og:image\" content=\"https:\/\/lepatriotebenin.com\/wp-content\/uploads\/2025\/07\/alphonse-da-silva.jpg\" \/>\n\t<meta property=\"og:image:width\" content=\"855\" \/>\n\t<meta property=\"og:image:height\" content=\"571\" \/>\n\t<meta property=\"og:image:type\" content=\"image\/jpeg\" \/>\n<meta name=\"author\" content=\"Roland AFFANOU\" \/>\n<meta name=\"twitter:card\" content=\"summary_large_image\" \/>\n<meta name=\"twitter:label1\" content=\"\u00c9crit par\" \/>\n\t<meta name=\"twitter:data1\" content=\"Roland AFFANOU\" \/>\n\t<meta name=\"twitter:label2\" content=\"Dur\u00e9e de lecture estim\u00e9e\" \/>\n\t<meta name=\"twitter:data2\" content=\"2 minutes\" \/>\n<script type=\"application\/ld+json\" class=\"yoast-schema-graph\">{\"@context\":\"https:\\\/\\\/schema.org\",\"@graph\":[{\"@type\":\"Article\",\"@id\":\"https:\\\/\\\/lepatriotebenin.com\\\/index.php\\\/2025\\\/07\\\/10\\\/bac-2025-au-benin-ces-resultats-sont-exceptionnels-cest-inedit-selon-alphonse-da-silva\\\/#article\",\"isPartOf\":{\"@id\":\"https:\\\/\\\/lepatriotebenin.com\\\/index.php\\\/2025\\\/07\\\/10\\\/bac-2025-au-benin-ces-resultats-sont-exceptionnels-cest-inedit-selon-alphonse-da-silva\\\/\"},\"author\":{\"name\":\"Roland AFFANOU\",\"@id\":\"https:\\\/\\\/lepatriotebenin.com\\\/#\\\/schema\\\/person\\\/4a9b67216c97d04045e01405c534c91f\"},\"headline\":\"BAC 2025 au B\u00e9nin : \u00ab ces r\u00e9sultats sont exceptionnels, c\u2019est in\u00e9dit \u00bb, selon Alphonse da Silva\",\"datePublished\":\"2025-07-09T23:12:02+00:00\",\"mainEntityOfPage\":{\"@id\":\"https:\\\/\\\/lepatriotebenin.com\\\/index.php\\\/2025\\\/07\\\/10\\\/bac-2025-au-benin-ces-resultats-sont-exceptionnels-cest-inedit-selon-alphonse-da-silva\\\/\"},\"wordCount\":355,\"commentCount\":0,\"image\":{\"@id\":\"https:\\\/\\\/lepatriotebenin.com\\\/index.php\\\/2025\\\/07\\\/10\\\/bac-2025-au-benin-ces-resultats-sont-exceptionnels-cest-inedit-selon-alphonse-da-silva\\\/#primaryimage\"},\"thumbnailUrl\":\"https:\\\/\\\/lepatriotebenin.com\\\/wp-content\\\/uploads\\\/2025\\\/07\\\/alphonse-da-silva.jpg\",\"articleSection\":[\"Soci\u00e9t\u00e9\"],\"inLanguage\":\"fr-FR\",\"potentialAction\":[{\"@type\":\"CommentAction\",\"name\":\"Comment\",\"target\":[\"https:\\\/\\\/lepatriotebenin.com\\\/index.php\\\/2025\\\/07\\\/10\\\/bac-2025-au-benin-ces-resultats-sont-exceptionnels-cest-inedit-selon-alphonse-da-silva\\\/#respond\"]}]},{\"@type\":\"WebPage\",\"@id\":\"https:\\\/\\\/lepatriotebenin.com\\\/index.php\\\/2025\\\/07\\\/10\\\/bac-2025-au-benin-ces-resultats-sont-exceptionnels-cest-inedit-selon-alphonse-da-silva\\\/\",\"url\":\"https:\\\/\\\/lepatriotebenin.com\\\/index.php\\\/2025\\\/07\\\/10\\\/bac-2025-au-benin-ces-resultats-sont-exceptionnels-cest-inedit-selon-alphonse-da-silva\\\/\",\"name\":\"BAC 2025 au B\u00e9nin : \u00ab ces r\u00e9sultats sont exceptionnels, c\u2019est in\u00e9dit \u00bb, selon Alphonse da Silva - Le Patriote\",\"isPartOf\":{\"@id\":\"https:\\\/\\\/lepatriotebenin.com\\\/#website\"},\"primaryImageOfPage\":{\"@id\":\"https:\\\/\\\/lepatriotebenin.com\\\/index.php\\\/2025\\\/07\\\/10\\\/bac-2025-au-benin-ces-resultats-sont-exceptionnels-cest-inedit-selon-alphonse-da-silva\\\/#primaryimage\"},\"image\":{\"@id\":\"https:\\\/\\\/lepatriotebenin.com\\\/index.php\\\/2025\\\/07\\\/10\\\/bac-2025-au-benin-ces-resultats-sont-exceptionnels-cest-inedit-selon-alphonse-da-silva\\\/#primaryimage\"},\"thumbnailUrl\":\"https:\\\/\\\/lepatriotebenin.com\\\/wp-content\\\/uploads\\\/2025\\\/07\\\/alphonse-da-silva.jpg\",\"datePublished\":\"2025-07-09T23:12:02+00:00\",\"author\":{\"@id\":\"https:\\\/\\\/lepatriotebenin.com\\\/#\\\/schema\\\/person\\\/4a9b67216c97d04045e01405c534c91f\"},\"breadcrumb\":{\"@id\":\"https:\\\/\\\/lepatriotebenin.com\\\/index.php\\\/2025\\\/07\\\/10\\\/bac-2025-au-benin-ces-resultats-sont-exceptionnels-cest-inedit-selon-alphonse-da-silva\\\/#breadcrumb\"},\"inLanguage\":\"fr-FR\",\"potentialAction\":[{\"@type\":\"ReadAction\",\"target\":[\"https:\\\/\\\/lepatriotebenin.com\\\/index.php\\\/2025\\\/07\\\/10\\\/bac-2025-au-benin-ces-resultats-sont-exceptionnels-cest-inedit-selon-alphonse-da-silva\\\/\"]}]},{\"@type\":\"ImageObject\",\"inLanguage\":\"fr-FR\",\"@id\":\"https:\\\/\\\/lepatriotebenin.com\\\/index.php\\\/2025\\\/07\\\/10\\\/bac-2025-au-benin-ces-resultats-sont-exceptionnels-cest-inedit-selon-alphonse-da-silva\\\/#primaryimage\",\"url\":\"https:\\\/\\\/lepatriotebenin.com\\\/wp-content\\\/uploads\\\/2025\\\/07\\\/alphonse-da-silva.jpg\",\"contentUrl\":\"https:\\\/\\\/lepatriotebenin.com\\\/wp-content\\\/uploads\\\/2025\\\/07\\\/alphonse-da-silva.jpg\",\"width\":855,\"height\":571},{\"@type\":\"BreadcrumbList\",\"@id\":\"https:\\\/\\\/lepatriotebenin.com\\\/index.php\\\/2025\\\/07\\\/10\\\/bac-2025-au-benin-ces-resultats-sont-exceptionnels-cest-inedit-selon-alphonse-da-silva\\\/#breadcrumb\",\"itemListElement\":[{\"@type\":\"ListItem\",\"position\":1,\"name\":\"Accueil\",\"item\":\"https:\\\/\\\/lepatriotebenin.com\\\/\"},{\"@type\":\"ListItem\",\"position\":2,\"name\":\"BAC 2025 au B\u00e9nin : \u00ab ces r\u00e9sultats sont exceptionnels, c\u2019est in\u00e9dit \u00bb, selon Alphonse da Silva\"}]},{\"@type\":\"WebSite\",\"@id\":\"https:\\\/\\\/lepatriotebenin.com\\\/#website\",\"url\":\"https:\\\/\\\/lepatriotebenin.com\\\/\",\"name\":\"Le Patriote\",\"description\":\"Le Patriote B\u00e9nin\",\"potentialAction\":[{\"@type\":\"SearchAction\",\"target\":{\"@type\":\"EntryPoint\",\"urlTemplate\":\"https:\\\/\\\/lepatriotebenin.com\\\/?s={search_term_string}\"},\"query-input\":{\"@type\":\"PropertyValueSpecification\",\"valueRequired\":true,\"valueName\":\"search_term_string\"}}],\"inLanguage\":\"fr-FR\"},{\"@type\":\"Person\",\"@id\":\"https:\\\/\\\/lepatriotebenin.com\\\/#\\\/schema\\\/person\\\/4a9b67216c97d04045e01405c534c91f\",\"name\":\"Roland AFFANOU\",\"image\":{\"@type\":\"ImageObject\",\"inLanguage\":\"fr-FR\",\"@id\":\"https:\\\/\\\/secure.gravatar.com\\\/avatar\\\/7209d3f6d2d47ea4d0c67e14d3effb61feb10ae540a4381280c66265de5bd643?s=96&d=mm&r=g\",\"url\":\"https:\\\/\\\/secure.gravatar.com\\\/avatar\\\/7209d3f6d2d47ea4d0c67e14d3effb61feb10ae540a4381280c66265de5bd643?s=96&d=mm&r=g\",\"contentUrl\":\"https:\\\/\\\/secure.gravatar.com\\\/avatar\\\/7209d3f6d2d47ea4d0c67e14d3effb61feb10ae540a4381280c66265de5bd643?s=96&d=mm&r=g\",\"caption\":\"Roland AFFANOU\"},\"url\":\"https:\\\/\\\/lepatriotebenin.com\"}]}<\/script>\n<!-- \/ Yoast SEO plugin. -->","yoast_head_json":{"title":"BAC 2025 au B\u00e9nin : \u00ab ces r\u00e9sultats sont exceptionnels, c\u2019est in\u00e9dit \u00bb, selon Alphonse da Silva - Le Patriote","robots":{"index":"index","follow":"follow","max-snippet":"max-snippet:-1","max-image-preview":"max-image-preview:large","max-video-preview":"max-video-preview:-1"},"canonical":"https:\/\/lepatriotebenin.com\/index.php\/2025\/07\/10\/bac-2025-au-benin-ces-resultats-sont-exceptionnels-cest-inedit-selon-alphonse-da-silva\/","og_locale":"fr_FR","og_type":"article","og_title":"BAC 2025 au B\u00e9nin : \u00ab ces r\u00e9sultats sont exceptionnels, c\u2019est in\u00e9dit \u00bb, selon Alphonse da Silva - Le Patriote","og_description":"73,02%\u00a0: Tel \u00a0est\u00a0 le taux d\u2019admissibilit\u00e9 sur kle plan national. Avant de proclamer officiellement les r\u00e9sultats du BAC 2025, session\u00a0 unique de juin 2025 ce mercredi 09 juillet 2025, le&hellip;","og_url":"https:\/\/lepatriotebenin.com\/index.php\/2025\/07\/10\/bac-2025-au-benin-ces-resultats-sont-exceptionnels-cest-inedit-selon-alphonse-da-silva\/","og_site_name":"Le Patriote","article_published_time":"2025-07-09T23:12:02+00:00","og_image":[{"width":855,"height":571,"url":"https:\/\/lepatriotebenin.com\/wp-content\/uploads\/2025\/07\/alphonse-da-silva.jpg","type":"image\/jpeg"}],"author":"Roland AFFANOU","twitter_card":"summary_large_image","twitter_misc":{"\u00c9crit par":"Roland AFFANOU","Dur\u00e9e de lecture estim\u00e9e":"2 minutes"},"schema":{"@context":"https:\/\/schema.org","@graph":[{"@type":"Article","@id":"https:\/\/lepatriotebenin.com\/index.php\/2025\/07\/10\/bac-2025-au-benin-ces-resultats-sont-exceptionnels-cest-inedit-selon-alphonse-da-silva\/#article","isPartOf":{"@id":"https:\/\/lepatriotebenin.com\/index.php\/2025\/07\/10\/bac-2025-au-benin-ces-resultats-sont-exceptionnels-cest-inedit-selon-alphonse-da-silva\/"},"author":{"name":"Roland AFFANOU","@id":"https:\/\/lepatriotebenin.com\/#\/schema\/person\/4a9b67216c97d04045e01405c534c91f"},"headline":"BAC 2025 au B\u00e9nin : \u00ab ces r\u00e9sultats sont exceptionnels, c\u2019est in\u00e9dit \u00bb, selon Alphonse da Silva","datePublished":"2025-07-09T23:12:02+00:00","mainEntityOfPage":{"@id":"https:\/\/lepatriotebenin.com\/index.php\/2025\/07\/10\/bac-2025-au-benin-ces-resultats-sont-exceptionnels-cest-inedit-selon-alphonse-da-silva\/"},"wordCount":355,"commentCount":0,"image":{"@id":"https:\/\/lepatriotebenin.com\/index.php\/2025\/07\/10\/bac-2025-au-benin-ces-resultats-sont-exceptionnels-cest-inedit-selon-alphonse-da-silva\/#primaryimage"},"thumbnailUrl":"https:\/\/lepatriotebenin.com\/wp-content\/uploads\/2025\/07\/alphonse-da-silva.jpg","articleSection":["Soci\u00e9t\u00e9"],"inLanguage":"fr-FR","potentialAction":[{"@type":"CommentAction","name":"Comment","target":["https:\/\/lepatriotebenin.com\/index.php\/2025\/07\/10\/bac-2025-au-benin-ces-resultats-sont-exceptionnels-cest-inedit-selon-alphonse-da-silva\/#respond"]}]},{"@type":"WebPage","@id":"https:\/\/lepatriotebenin.com\/index.php\/2025\/07\/10\/bac-2025-au-benin-ces-resultats-sont-exceptionnels-cest-inedit-selon-alphonse-da-silva\/","url":"https:\/\/lepatriotebenin.com\/index.php\/2025\/07\/10\/bac-2025-au-benin-ces-resultats-sont-exceptionnels-cest-inedit-selon-alphonse-da-silva\/","name":"BAC 2025 au B\u00e9nin : \u00ab ces r\u00e9sultats sont exceptionnels, c\u2019est in\u00e9dit \u00bb, selon Alphonse da Silva - Le Patriote","isPartOf":{"@id":"https:\/\/lepatriotebenin.com\/#website"},"primaryImageOfPage":{"@id":"https:\/\/lepatriotebenin.com\/index.php\/2025\/07\/10\/bac-2025-au-benin-ces-resultats-sont-exceptionnels-cest-inedit-selon-alphonse-da-silva\/#primaryimage"},"image":{"@id":"https:\/\/lepatriotebenin.com\/index.php\/2025\/07\/10\/bac-2025-au-benin-ces-resultats-sont-exceptionnels-cest-inedit-selon-alphonse-da-silva\/#primaryimage"},"thumbnailUrl":"https:\/\/lepatriotebenin.com\/wp-content\/uploads\/2025\/07\/alphonse-da-silva.jpg","datePublished":"2025-07-09T23:12:02+00:00","author":{"@id":"https:\/\/lepatriotebenin.com\/#\/schema\/person\/4a9b67216c97d04045e01405c534c91f"},"breadcrumb":{"@id":"https:\/\/lepatriotebenin.com\/index.php\/2025\/07\/10\/bac-2025-au-benin-ces-resultats-sont-exceptionnels-cest-inedit-selon-alphonse-da-silva\/#breadcrumb"},"inLanguage":"fr-FR","potentialAction":[{"@type":"ReadAction","target":["https:\/\/lepatriotebenin.com\/index.php\/2025\/07\/10\/bac-2025-au-benin-ces-resultats-sont-exceptionnels-cest-inedit-selon-alphonse-da-silva\/"]}]},{"@type":"ImageObject","inLanguage":"fr-FR","@id":"https:\/\/lepatriotebenin.com\/index.php\/2025\/07\/10\/bac-2025-au-benin-ces-resultats-sont-exceptionnels-cest-inedit-selon-alphonse-da-silva\/#primaryimage","url":"https:\/\/lepatriotebenin.com\/wp-content\/uploads\/2025\/07\/alphonse-da-silva.jpg","contentUrl":"https:\/\/lepatriotebenin.com\/wp-content\/uploads\/2025\/07\/alphonse-da-silva.jpg","width":855,"height":571},{"@type":"BreadcrumbList","@id":"https:\/\/lepatriotebenin.com\/index.php\/2025\/07\/10\/bac-2025-au-benin-ces-resultats-sont-exceptionnels-cest-inedit-selon-alphonse-da-silva\/#breadcrumb","itemListElement":[{"@type":"ListItem","position":1,"name":"Accueil","item":"https:\/\/lepatriotebenin.com\/"},{"@type":"ListItem","position":2,"name":"BAC 2025 au B\u00e9nin : \u00ab ces r\u00e9sultats sont exceptionnels, c\u2019est in\u00e9dit \u00bb, selon Alphonse da Silva"}]},{"@type":"WebSite","@id":"https:\/\/lepatriotebenin.com\/#website","url":"https:\/\/lepatriotebenin.com\/","name":"Le Patriote","description":"Le Patriote B\u00e9nin","potentialAction":[{"@type":"SearchAction","target":{"@type":"EntryPoint","urlTemplate":"https:\/\/lepatriotebenin.com\/?s={search_term_string}"},"query-input":{"@type":"PropertyValueSpecification","valueRequired":true,"valueName":"search_term_string"}}],"inLanguage":"fr-FR"},{"@type":"Person","@id":"https:\/\/lepatriotebenin.com\/#\/schema\/person\/4a9b67216c97d04045e01405c534c91f","name":"Roland AFFANOU","image":{"@type":"ImageObject","inLanguage":"fr-FR","@id":"https:\/\/secure.gravatar.com\/avatar\/7209d3f6d2d47ea4d0c67e14d3effb61feb10ae540a4381280c66265de5bd643?s=96&d=mm&r=g","url":"https:\/\/secure.gravatar.com\/avatar\/7209d3f6d2d47ea4d0c67e14d3effb61feb10ae540a4381280c66265de5bd643?s=96&d=mm&r=g","contentUrl":"https:\/\/secure.gravatar.com\/avatar\/7209d3f6d2d47ea4d0c67e14d3effb61feb10ae540a4381280c66265de5bd643?s=96&d=mm&r=g","caption":"Roland AFFANOU"},"url":"https:\/\/lepatriotebenin.com"}]}},"_links":{"self":[{"href":"https:\/\/lepatriotebenin.com\/index.php\/wp-json\/wp\/v2\/posts\/11880","targetHints":{"allow":["GET"]}}],"collection":[{"href":"https:\/\/lepatriotebenin.com\/index.php\/wp-json\/wp\/v2\/posts"}],"about":[{"href":"https:\/\/lepatriotebenin.com\/index.php\/wp-json\/wp\/v2\/types\/post"}],"author":[{"embeddable":true,"href":"https:\/\/lepatriotebenin.com\/index.php\/wp-json\/wp\/v2\/users\/6"}],"replies":[{"embeddable":true,"href":"https:\/\/lepatriotebenin.com\/index.php\/wp-json\/wp\/v2\/comments?post=11880"}],"version-history":[{"count":1,"href":"https:\/\/lepatriotebenin.com\/index.php\/wp-json\/wp\/v2\/posts\/11880\/revisions"}],"predecessor-version":[{"id":11882,"href":"https:\/\/lepatriotebenin.com\/index.php\/wp-json\/wp\/v2\/posts\/11880\/revisions\/11882"}],"wp:featuredmedia":[{"embeddable":true,"href":"https:\/\/lepatriotebenin.com\/index.php\/wp-json\/wp\/v2\/media\/11881"}],"wp:attachment":[{"href":"https:\/\/lepatriotebenin.com\/index.php\/wp-json\/wp\/v2\/media?parent=11880"}],"wp:term":[{"taxonomy":"category","embeddable":true,"href":"https:\/\/lepatriotebenin.com\/index.php\/wp-json\/wp\/v2\/categories?post=11880"},{"taxonomy":"post_tag","embeddable":true,"href":"https:\/\/lepatriotebenin.com\/index.php\/wp-json\/wp\/v2\/tags?post=11880"}],"curies":[{"name":"wp","href":"https:\/\/api.w.org\/{rel}","templated":true}]}}