{"id":11872,"date":"2025-07-09T23:47:36","date_gmt":"2025-07-09T21:47:36","guid":{"rendered":"https:\/\/lepatriotebenin.com\/?p=11872"},"modified":"2025-07-09T23:47:36","modified_gmt":"2025-07-09T21:47:36","slug":"france-le-siege-du-parti-de-marine-le-pen-perquisitionne-reaction-de-jordan-bardella","status":"publish","type":"post","link":"https:\/\/lepatriotebenin.com\/index.php\/2025\/07\/09\/france-le-siege-du-parti-de-marine-le-pen-perquisitionne-reaction-de-jordan-bardella\/","title":{"rendered":"France : Le si\u00e8ge du parti de Marine Le Pen perquisitionn\u00e9, r\u00e9action de  Jordan Bardella"},"content":{"rendered":"<p>Le ciel judiciaire du Rassemblement national (RN) s\u2019est assombri un peu plus, quatre mois apr\u00e8s la condamnation de Marine Le Pen et de nombreux cadres dans l\u2019affaire des assistants parlementaires europ\u00e9ens, et vingt-quatre heures apr\u00e8s l\u2019ouverture d\u2019une enqu\u00eate du parquet europ\u00e9en sur de possibles d\u00e9tournements financiers de son groupe \u00e0 Bruxelles. La justice s\u2019int\u00e9resse notamment \u00a0\u00e0 nouveau aux pr\u00eats accord\u00e9s par de riches militants au parti d\u2019extr\u00eame droite et \u00e0 ses candidats, dans le cadre d\u2019une information judiciaire ouverte pour des soup\u00e7ons de financement illicite des derni\u00e8res campagnes \u00e9lectorales. \u00a0Le parquet de Paris par courriel a confirm\u00e9 l\u2019information.<\/p>\n<p>T\u00f4t dans la matin\u00e9e de ce mercredi 09 juillet 2025 \u00e0 8h50, une vingtaine de policiers de la Brigade financi\u00e8re, arm\u00e9s et en gilets pare-balles, accompagn\u00e9s de deux juges d\u2019instruction ont\u00a0 perquisitionn\u00e9, le si\u00e8ge du Rassemblement National(RN) \u00a0y compris les bureaux de ses dirigeants. Tous les mails, documents et \u00e9l\u00e9ments de comptabilit\u00e9 du premier parti d\u2019opposition sont saisis, sans que, selon les responsables du parti RN, ils\u00a0 sachent \u00a0\u00e0 ce stade quels sont pr\u00e9cis\u00e9ment les griefs qui en sont le fondement. \u00a0\u00ab\u00a0Cette op\u00e9ration, spectaculaire et in\u00e9dite, s\u2019inscrit clairement dans une nouvelle op\u00e9ration de harc\u00e8lement\u00a0\u00bb a d\u00e9clar\u00e9 le pr\u00e9sident du RN, \u00a0Jordan Bardella avant de poursuivre\u00a0: \u00ab\u00a0Jamais un parti d\u2019opposition n\u2019a subi un tel acharnement sous la Ve R\u00e9publique\u00a0\u00bb. Pour lui, \u00ab\u00a0c\u2019est une atteinte grave au pluralisme et \u00e0 l\u2019alternance d\u00e9mocratique\u00a0\u00bb.<\/p>\n<p>Le\u00a0 pr\u00e9sident du Rassemblement National\u00a0 a\u00a0 soulign\u00e9 que \u00ab\u00a0les perquisitions, men\u00e9es dans des conditions hors norme, visent de pr\u00e9tendus \u201cpr\u00eateurs habituels\u201d. Une incrimination floue, sans d\u00e9finition claire, d\u00e9j\u00e0 instruite par la Commission des comptes de campagne.\u00a0 Soup\u00e7onner d\u2019\u201cexercice ill\u00e9gal de la profession de banquier\u201d nos militants \u2013 souvent \u00e2g\u00e9s, honn\u00eates, engag\u00e9s \u2013 qui pr\u00eatent au RN faute de banque pr\u00eate \u00e0 le faire, c\u2019est une farce. Ce d\u00e9ploiement de force n\u2019a qu\u2019un but : offrir un spectacle aux cha\u00eenes d\u2019info, fouiller les correspondances priv\u00e9es du premier parti d\u2019opposition, saisir tous nos documents internes. Rien \u00e0 voir avec la justice, tout \u00e0 voir avec la politique. Rien \u00e0 voir avec la justice, tout \u00e0 voir avec la politique.\u00a0\u00bb.<\/p>\n<p>Il faut pr\u00e9ciser que l&rsquo;enqu\u00eate visant le RN porte notamment sur le financement des campagnes de la pr\u00e9sidentielle de 2022, des l\u00e9gislatives de 2022 et des europ\u00e9ennes de 2024, pr\u00e9cise le parquet. L&rsquo;information judiciaire doit permettre de d\u00e9terminer si ces campagnes ont \u00e9t\u00e9 notamment financ\u00e9es gr\u00e2ce \u00e0 des pr\u00eats ill\u00e9gaux de particuliers b\u00e9n\u00e9ficiant au parti ou \u00e0 des candidats du Rassemblement national.<\/p>\n<p>&nbsp;<\/p>\n<p>&nbsp;<\/p>\n<p>&nbsp;<\/p>\n","protected":false},"excerpt":{"rendered":"<p>Le ciel judiciaire du Rassemblement national (RN) s\u2019est assombri un peu plus, quatre mois apr\u00e8s la condamnation de Marine Le Pen et de nombreux cadres dans l\u2019affaire des assistants parlementaires&hellip;<\/p>\n","protected":false},"author":6,"featured_media":11874,"comment_status":"open","ping_status":"open","sticky":false,"template":"","format":"standard","meta":{"content-type":"","om_disable_all_campaigns":false,"_monsterinsights_skip_tracking":false,"_monsterinsights_sitenote_active":false,"_monsterinsights_sitenote_note":"","_monsterinsights_sitenote_category":0,"_uf_show_specific_survey":0,"_uf_disable_surveys":false,"footnotes":""},"categories":[9],"tags":[],"class_list":["post-11872","post","type-post","status-publish","format-standard","has-post-thumbnail","hentry","category-uncategorized"],"aioseo_notices":[],"yoast_head":"<!-- This site is optimized with the Yoast SEO plugin v27.5 - https:\/\/yoast.com\/product\/yoast-seo-wordpress\/ -->\n<title>France : Le si\u00e8ge du parti de Marine Le Pen perquisitionn\u00e9, r\u00e9action de Jordan Bardella - Le Patriote<\/title>\n<meta name=\"robots\" content=\"index, follow, max-snippet:-1, max-image-preview:large, max-video-preview:-1\" \/>\n<link rel=\"canonical\" href=\"https:\/\/lepatriotebenin.com\/index.php\/2025\/07\/09\/france-le-siege-du-parti-de-marine-le-pen-perquisitionne-reaction-de-jordan-bardella\/\" \/>\n<meta property=\"og:locale\" content=\"fr_FR\" \/>\n<meta property=\"og:type\" content=\"article\" \/>\n<meta property=\"og:title\" content=\"France : Le si\u00e8ge du parti de Marine Le Pen perquisitionn\u00e9, r\u00e9action de Jordan Bardella - Le Patriote\" \/>\n<meta property=\"og:description\" content=\"Le ciel judiciaire du Rassemblement national (RN) s\u2019est assombri un peu plus, quatre mois apr\u00e8s la condamnation de Marine Le Pen et de nombreux cadres dans l\u2019affaire des assistants parlementaires&hellip;\" \/>\n<meta property=\"og:url\" content=\"https:\/\/lepatriotebenin.com\/index.php\/2025\/07\/09\/france-le-siege-du-parti-de-marine-le-pen-perquisitionne-reaction-de-jordan-bardella\/\" \/>\n<meta property=\"og:site_name\" content=\"Le Patriote\" \/>\n<meta property=\"article:published_time\" content=\"2025-07-09T21:47:36+00:00\" \/>\n<meta property=\"og:image\" content=\"https:\/\/lepatriotebenin.com\/wp-content\/uploads\/2025\/07\/rn.jpg\" \/>\n\t<meta property=\"og:image:width\" content=\"1280\" \/>\n\t<meta property=\"og:image:height\" content=\"720\" \/>\n\t<meta property=\"og:image:type\" content=\"image\/jpeg\" \/>\n<meta name=\"author\" content=\"Roland AFFANOU\" \/>\n<meta name=\"twitter:card\" content=\"summary_large_image\" \/>\n<meta name=\"twitter:label1\" content=\"\u00c9crit par\" \/>\n\t<meta name=\"twitter:data1\" content=\"Roland AFFANOU\" \/>\n\t<meta name=\"twitter:label2\" content=\"Dur\u00e9e de lecture estim\u00e9e\" \/>\n\t<meta name=\"twitter:data2\" content=\"3 minutes\" \/>\n<script type=\"application\/ld+json\" class=\"yoast-schema-graph\">{\"@context\":\"https:\\\/\\\/schema.org\",\"@graph\":[{\"@type\":\"Article\",\"@id\":\"https:\\\/\\\/lepatriotebenin.com\\\/index.php\\\/2025\\\/07\\\/09\\\/france-le-siege-du-parti-de-marine-le-pen-perquisitionne-reaction-de-jordan-bardella\\\/#article\",\"isPartOf\":{\"@id\":\"https:\\\/\\\/lepatriotebenin.com\\\/index.php\\\/2025\\\/07\\\/09\\\/france-le-siege-du-parti-de-marine-le-pen-perquisitionne-reaction-de-jordan-bardella\\\/\"},\"author\":{\"name\":\"Roland AFFANOU\",\"@id\":\"https:\\\/\\\/lepatriotebenin.com\\\/#\\\/schema\\\/person\\\/4a9b67216c97d04045e01405c534c91f\"},\"headline\":\"France : Le si\u00e8ge du parti de Marine Le Pen perquisitionn\u00e9, r\u00e9action de Jordan Bardella\",\"datePublished\":\"2025-07-09T21:47:36+00:00\",\"mainEntityOfPage\":{\"@id\":\"https:\\\/\\\/lepatriotebenin.com\\\/index.php\\\/2025\\\/07\\\/09\\\/france-le-siege-du-parti-de-marine-le-pen-perquisitionne-reaction-de-jordan-bardella\\\/\"},\"wordCount\":487,\"commentCount\":0,\"image\":{\"@id\":\"https:\\\/\\\/lepatriotebenin.com\\\/index.php\\\/2025\\\/07\\\/09\\\/france-le-siege-du-parti-de-marine-le-pen-perquisitionne-reaction-de-jordan-bardella\\\/#primaryimage\"},\"thumbnailUrl\":\"https:\\\/\\\/lepatriotebenin.com\\\/wp-content\\\/uploads\\\/2025\\\/07\\\/rn.jpg\",\"articleSection\":[\"Uncategorized\"],\"inLanguage\":\"fr-FR\",\"potentialAction\":[{\"@type\":\"CommentAction\",\"name\":\"Comment\",\"target\":[\"https:\\\/\\\/lepatriotebenin.com\\\/index.php\\\/2025\\\/07\\\/09\\\/france-le-siege-du-parti-de-marine-le-pen-perquisitionne-reaction-de-jordan-bardella\\\/#respond\"]}]},{\"@type\":\"WebPage\",\"@id\":\"https:\\\/\\\/lepatriotebenin.com\\\/index.php\\\/2025\\\/07\\\/09\\\/france-le-siege-du-parti-de-marine-le-pen-perquisitionne-reaction-de-jordan-bardella\\\/\",\"url\":\"https:\\\/\\\/lepatriotebenin.com\\\/index.php\\\/2025\\\/07\\\/09\\\/france-le-siege-du-parti-de-marine-le-pen-perquisitionne-reaction-de-jordan-bardella\\\/\",\"name\":\"France : Le si\u00e8ge du parti de Marine Le Pen perquisitionn\u00e9, r\u00e9action de Jordan Bardella - Le Patriote\",\"isPartOf\":{\"@id\":\"https:\\\/\\\/lepatriotebenin.com\\\/#website\"},\"primaryImageOfPage\":{\"@id\":\"https:\\\/\\\/lepatriotebenin.com\\\/index.php\\\/2025\\\/07\\\/09\\\/france-le-siege-du-parti-de-marine-le-pen-perquisitionne-reaction-de-jordan-bardella\\\/#primaryimage\"},\"image\":{\"@id\":\"https:\\\/\\\/lepatriotebenin.com\\\/index.php\\\/2025\\\/07\\\/09\\\/france-le-siege-du-parti-de-marine-le-pen-perquisitionne-reaction-de-jordan-bardella\\\/#primaryimage\"},\"thumbnailUrl\":\"https:\\\/\\\/lepatriotebenin.com\\\/wp-content\\\/uploads\\\/2025\\\/07\\\/rn.jpg\",\"datePublished\":\"2025-07-09T21:47:36+00:00\",\"author\":{\"@id\":\"https:\\\/\\\/lepatriotebenin.com\\\/#\\\/schema\\\/person\\\/4a9b67216c97d04045e01405c534c91f\"},\"breadcrumb\":{\"@id\":\"https:\\\/\\\/lepatriotebenin.com\\\/index.php\\\/2025\\\/07\\\/09\\\/france-le-siege-du-parti-de-marine-le-pen-perquisitionne-reaction-de-jordan-bardella\\\/#breadcrumb\"},\"inLanguage\":\"fr-FR\",\"potentialAction\":[{\"@type\":\"ReadAction\",\"target\":[\"https:\\\/\\\/lepatriotebenin.com\\\/index.php\\\/2025\\\/07\\\/09\\\/france-le-siege-du-parti-de-marine-le-pen-perquisitionne-reaction-de-jordan-bardella\\\/\"]}]},{\"@type\":\"ImageObject\",\"inLanguage\":\"fr-FR\",\"@id\":\"https:\\\/\\\/lepatriotebenin.com\\\/index.php\\\/2025\\\/07\\\/09\\\/france-le-siege-du-parti-de-marine-le-pen-perquisitionne-reaction-de-jordan-bardella\\\/#primaryimage\",\"url\":\"https:\\\/\\\/lepatriotebenin.com\\\/wp-content\\\/uploads\\\/2025\\\/07\\\/rn.jpg\",\"contentUrl\":\"https:\\\/\\\/lepatriotebenin.com\\\/wp-content\\\/uploads\\\/2025\\\/07\\\/rn.jpg\",\"width\":1280,\"height\":720},{\"@type\":\"BreadcrumbList\",\"@id\":\"https:\\\/\\\/lepatriotebenin.com\\\/index.php\\\/2025\\\/07\\\/09\\\/france-le-siege-du-parti-de-marine-le-pen-perquisitionne-reaction-de-jordan-bardella\\\/#breadcrumb\",\"itemListElement\":[{\"@type\":\"ListItem\",\"position\":1,\"name\":\"Accueil\",\"item\":\"https:\\\/\\\/lepatriotebenin.com\\\/\"},{\"@type\":\"ListItem\",\"position\":2,\"name\":\"France : Le si\u00e8ge du parti de Marine Le Pen perquisitionn\u00e9, r\u00e9action de Jordan Bardella\"}]},{\"@type\":\"WebSite\",\"@id\":\"https:\\\/\\\/lepatriotebenin.com\\\/#website\",\"url\":\"https:\\\/\\\/lepatriotebenin.com\\\/\",\"name\":\"Le Patriote\",\"description\":\"Le Patriote B\u00e9nin\",\"potentialAction\":[{\"@type\":\"SearchAction\",\"target\":{\"@type\":\"EntryPoint\",\"urlTemplate\":\"https:\\\/\\\/lepatriotebenin.com\\\/?s={search_term_string}\"},\"query-input\":{\"@type\":\"PropertyValueSpecification\",\"valueRequired\":true,\"valueName\":\"search_term_string\"}}],\"inLanguage\":\"fr-FR\"},{\"@type\":\"Person\",\"@id\":\"https:\\\/\\\/lepatriotebenin.com\\\/#\\\/schema\\\/person\\\/4a9b67216c97d04045e01405c534c91f\",\"name\":\"Roland AFFANOU\",\"image\":{\"@type\":\"ImageObject\",\"inLanguage\":\"fr-FR\",\"@id\":\"https:\\\/\\\/secure.gravatar.com\\\/avatar\\\/7209d3f6d2d47ea4d0c67e14d3effb61feb10ae540a4381280c66265de5bd643?s=96&d=mm&r=g\",\"url\":\"https:\\\/\\\/secure.gravatar.com\\\/avatar\\\/7209d3f6d2d47ea4d0c67e14d3effb61feb10ae540a4381280c66265de5bd643?s=96&d=mm&r=g\",\"contentUrl\":\"https:\\\/\\\/secure.gravatar.com\\\/avatar\\\/7209d3f6d2d47ea4d0c67e14d3effb61feb10ae540a4381280c66265de5bd643?s=96&d=mm&r=g\",\"caption\":\"Roland AFFANOU\"},\"url\":\"https:\\\/\\\/lepatriotebenin.com\"}]}<\/script>\n<!-- \/ Yoast SEO plugin. -->","yoast_head_json":{"title":"France : Le si\u00e8ge du parti de Marine Le Pen perquisitionn\u00e9, r\u00e9action de Jordan Bardella - Le Patriote","robots":{"index":"index","follow":"follow","max-snippet":"max-snippet:-1","max-image-preview":"max-image-preview:large","max-video-preview":"max-video-preview:-1"},"canonical":"https:\/\/lepatriotebenin.com\/index.php\/2025\/07\/09\/france-le-siege-du-parti-de-marine-le-pen-perquisitionne-reaction-de-jordan-bardella\/","og_locale":"fr_FR","og_type":"article","og_title":"France : Le si\u00e8ge du parti de Marine Le Pen perquisitionn\u00e9, r\u00e9action de Jordan Bardella - Le Patriote","og_description":"Le ciel judiciaire du Rassemblement national (RN) s\u2019est assombri un peu plus, quatre mois apr\u00e8s la condamnation de Marine Le Pen et de nombreux cadres dans l\u2019affaire des assistants parlementaires&hellip;","og_url":"https:\/\/lepatriotebenin.com\/index.php\/2025\/07\/09\/france-le-siege-du-parti-de-marine-le-pen-perquisitionne-reaction-de-jordan-bardella\/","og_site_name":"Le Patriote","article_published_time":"2025-07-09T21:47:36+00:00","og_image":[{"width":1280,"height":720,"url":"https:\/\/lepatriotebenin.com\/wp-content\/uploads\/2025\/07\/rn.jpg","type":"image\/jpeg"}],"author":"Roland AFFANOU","twitter_card":"summary_large_image","twitter_misc":{"\u00c9crit par":"Roland AFFANOU","Dur\u00e9e de lecture estim\u00e9e":"3 minutes"},"schema":{"@context":"https:\/\/schema.org","@graph":[{"@type":"Article","@id":"https:\/\/lepatriotebenin.com\/index.php\/2025\/07\/09\/france-le-siege-du-parti-de-marine-le-pen-perquisitionne-reaction-de-jordan-bardella\/#article","isPartOf":{"@id":"https:\/\/lepatriotebenin.com\/index.php\/2025\/07\/09\/france-le-siege-du-parti-de-marine-le-pen-perquisitionne-reaction-de-jordan-bardella\/"},"author":{"name":"Roland AFFANOU","@id":"https:\/\/lepatriotebenin.com\/#\/schema\/person\/4a9b67216c97d04045e01405c534c91f"},"headline":"France : Le si\u00e8ge du parti de Marine Le Pen perquisitionn\u00e9, r\u00e9action de Jordan Bardella","datePublished":"2025-07-09T21:47:36+00:00","mainEntityOfPage":{"@id":"https:\/\/lepatriotebenin.com\/index.php\/2025\/07\/09\/france-le-siege-du-parti-de-marine-le-pen-perquisitionne-reaction-de-jordan-bardella\/"},"wordCount":487,"commentCount":0,"image":{"@id":"https:\/\/lepatriotebenin.com\/index.php\/2025\/07\/09\/france-le-siege-du-parti-de-marine-le-pen-perquisitionne-reaction-de-jordan-bardella\/#primaryimage"},"thumbnailUrl":"https:\/\/lepatriotebenin.com\/wp-content\/uploads\/2025\/07\/rn.jpg","articleSection":["Uncategorized"],"inLanguage":"fr-FR","potentialAction":[{"@type":"CommentAction","name":"Comment","target":["https:\/\/lepatriotebenin.com\/index.php\/2025\/07\/09\/france-le-siege-du-parti-de-marine-le-pen-perquisitionne-reaction-de-jordan-bardella\/#respond"]}]},{"@type":"WebPage","@id":"https:\/\/lepatriotebenin.com\/index.php\/2025\/07\/09\/france-le-siege-du-parti-de-marine-le-pen-perquisitionne-reaction-de-jordan-bardella\/","url":"https:\/\/lepatriotebenin.com\/index.php\/2025\/07\/09\/france-le-siege-du-parti-de-marine-le-pen-perquisitionne-reaction-de-jordan-bardella\/","name":"France : Le si\u00e8ge du parti de Marine Le Pen perquisitionn\u00e9, r\u00e9action de Jordan Bardella - Le Patriote","isPartOf":{"@id":"https:\/\/lepatriotebenin.com\/#website"},"primaryImageOfPage":{"@id":"https:\/\/lepatriotebenin.com\/index.php\/2025\/07\/09\/france-le-siege-du-parti-de-marine-le-pen-perquisitionne-reaction-de-jordan-bardella\/#primaryimage"},"image":{"@id":"https:\/\/lepatriotebenin.com\/index.php\/2025\/07\/09\/france-le-siege-du-parti-de-marine-le-pen-perquisitionne-reaction-de-jordan-bardella\/#primaryimage"},"thumbnailUrl":"https:\/\/lepatriotebenin.com\/wp-content\/uploads\/2025\/07\/rn.jpg","datePublished":"2025-07-09T21:47:36+00:00","author":{"@id":"https:\/\/lepatriotebenin.com\/#\/schema\/person\/4a9b67216c97d04045e01405c534c91f"},"breadcrumb":{"@id":"https:\/\/lepatriotebenin.com\/index.php\/2025\/07\/09\/france-le-siege-du-parti-de-marine-le-pen-perquisitionne-reaction-de-jordan-bardella\/#breadcrumb"},"inLanguage":"fr-FR","potentialAction":[{"@type":"ReadAction","target":["https:\/\/lepatriotebenin.com\/index.php\/2025\/07\/09\/france-le-siege-du-parti-de-marine-le-pen-perquisitionne-reaction-de-jordan-bardella\/"]}]},{"@type":"ImageObject","inLanguage":"fr-FR","@id":"https:\/\/lepatriotebenin.com\/index.php\/2025\/07\/09\/france-le-siege-du-parti-de-marine-le-pen-perquisitionne-reaction-de-jordan-bardella\/#primaryimage","url":"https:\/\/lepatriotebenin.com\/wp-content\/uploads\/2025\/07\/rn.jpg","contentUrl":"https:\/\/lepatriotebenin.com\/wp-content\/uploads\/2025\/07\/rn.jpg","width":1280,"height":720},{"@type":"BreadcrumbList","@id":"https:\/\/lepatriotebenin.com\/index.php\/2025\/07\/09\/france-le-siege-du-parti-de-marine-le-pen-perquisitionne-reaction-de-jordan-bardella\/#breadcrumb","itemListElement":[{"@type":"ListItem","position":1,"name":"Accueil","item":"https:\/\/lepatriotebenin.com\/"},{"@type":"ListItem","position":2,"name":"France : Le si\u00e8ge du parti de Marine Le Pen perquisitionn\u00e9, r\u00e9action de Jordan Bardella"}]},{"@type":"WebSite","@id":"https:\/\/lepatriotebenin.com\/#website","url":"https:\/\/lepatriotebenin.com\/","name":"Le Patriote","description":"Le Patriote B\u00e9nin","potentialAction":[{"@type":"SearchAction","target":{"@type":"EntryPoint","urlTemplate":"https:\/\/lepatriotebenin.com\/?s={search_term_string}"},"query-input":{"@type":"PropertyValueSpecification","valueRequired":true,"valueName":"search_term_string"}}],"inLanguage":"fr-FR"},{"@type":"Person","@id":"https:\/\/lepatriotebenin.com\/#\/schema\/person\/4a9b67216c97d04045e01405c534c91f","name":"Roland AFFANOU","image":{"@type":"ImageObject","inLanguage":"fr-FR","@id":"https:\/\/secure.gravatar.com\/avatar\/7209d3f6d2d47ea4d0c67e14d3effb61feb10ae540a4381280c66265de5bd643?s=96&d=mm&r=g","url":"https:\/\/secure.gravatar.com\/avatar\/7209d3f6d2d47ea4d0c67e14d3effb61feb10ae540a4381280c66265de5bd643?s=96&d=mm&r=g","contentUrl":"https:\/\/secure.gravatar.com\/avatar\/7209d3f6d2d47ea4d0c67e14d3effb61feb10ae540a4381280c66265de5bd643?s=96&d=mm&r=g","caption":"Roland AFFANOU"},"url":"https:\/\/lepatriotebenin.com"}]}},"_links":{"self":[{"href":"https:\/\/lepatriotebenin.com\/index.php\/wp-json\/wp\/v2\/posts\/11872","targetHints":{"allow":["GET"]}}],"collection":[{"href":"https:\/\/lepatriotebenin.com\/index.php\/wp-json\/wp\/v2\/posts"}],"about":[{"href":"https:\/\/lepatriotebenin.com\/index.php\/wp-json\/wp\/v2\/types\/post"}],"author":[{"embeddable":true,"href":"https:\/\/lepatriotebenin.com\/index.php\/wp-json\/wp\/v2\/users\/6"}],"replies":[{"embeddable":true,"href":"https:\/\/lepatriotebenin.com\/index.php\/wp-json\/wp\/v2\/comments?post=11872"}],"version-history":[{"count":1,"href":"https:\/\/lepatriotebenin.com\/index.php\/wp-json\/wp\/v2\/posts\/11872\/revisions"}],"predecessor-version":[{"id":11875,"href":"https:\/\/lepatriotebenin.com\/index.php\/wp-json\/wp\/v2\/posts\/11872\/revisions\/11875"}],"wp:featuredmedia":[{"embeddable":true,"href":"https:\/\/lepatriotebenin.com\/index.php\/wp-json\/wp\/v2\/media\/11874"}],"wp:attachment":[{"href":"https:\/\/lepatriotebenin.com\/index.php\/wp-json\/wp\/v2\/media?parent=11872"}],"wp:term":[{"taxonomy":"category","embeddable":true,"href":"https:\/\/lepatriotebenin.com\/index.php\/wp-json\/wp\/v2\/categories?post=11872"},{"taxonomy":"post_tag","embeddable":true,"href":"https:\/\/lepatriotebenin.com\/index.php\/wp-json\/wp\/v2\/tags?post=11872"}],"curies":[{"name":"wp","href":"https:\/\/api.w.org\/{rel}","templated":true}]}}