{"id":11857,"date":"2025-07-09T21:32:59","date_gmt":"2025-07-09T19:32:59","guid":{"rendered":"https:\/\/lepatriotebenin.com\/?p=11857"},"modified":"2025-07-09T21:32:59","modified_gmt":"2025-07-09T19:32:59","slug":"bac-2025-7302-au-plan-national-voici-le-classement-par-departement","status":"publish","type":"post","link":"https:\/\/lepatriotebenin.com\/index.php\/2025\/07\/09\/bac-2025-7302-au-plan-national-voici-le-classement-par-departement\/","title":{"rendered":"BAC 2025 : 73,02% au plan national, voici le classement  par  d\u00e9partement"},"content":{"rendered":"<p>L\u2019office du Baccalaur\u00e9at a\u00a0 d\u00e9voil\u00e9 officiellement ce <strong>mercredi 09 juillet\u00a0 2025<\/strong>\u00a0 les r\u00e9sultats du Baccalaur\u00e9at, session unique de juin 2025. Au plan national, le taux d\u2019admissibilit\u00e9 sur le plan national est de <strong>73, 02%.<\/strong> En ce qui concerne le \u00a0taux de r\u00e9ussite par d\u00e9partement, le d\u00e9partement de l<strong>\u2019Atlantique \u00a0<\/strong>avec\u00a0 un\u00a0 taux de r\u00e9ussite <strong>de, 78, 13 %<\/strong> est le 1<sup>er<\/sup> d\u00e9partement du B\u00e9nin o\u00f9 il\u00a0 y a beaucoup d\u2019admis. \u00a0Le d\u00e9partement de <strong>l\u2019Alibori \u00a0<\/strong>avec un taux d\u2019admissibilit\u00e9 de 60<strong>,55%<\/strong> est le d\u00e9partement o\u00f9 il y a plus d\u2019\u00e9chec.<\/p>\n<p>&nbsp;<\/p>\n<p><strong>R\u00e9sultats\u00a0 par d\u00e9partement <\/strong><\/p>\n<p>\ud835\uddd4\ud835\uddf9\ud835\uddf6\ud835\uddef\ud835\uddfc\ud835\uddff\ud835\uddf6&#8230;&#8230;&#8230;&#8230;&#8230;.. \ud835\udff2\ud835\udfec, \ud835\udff1\ud835\udff1 %<\/p>\n<p>\ud835\uddd4\ud835\ude01\ud835\uddee\ud835\uddf0\ud835\uddfc\ud835\uddff\ud835\uddee\u00a0 &#8230;&#8230;&#8230;&#8230;.\ud835\udff2\ud835\udff1,\ud835\udff1\ud835\udff0 %<\/p>\n<p>\ud835\uddd4\ud835\ude01\ud835\uddf9\ud835\uddee\ud835\uddfb\ud835\ude01\ud835\uddf6\ud835\uddfe\ud835\ude02\ud835\uddf2&#8230;&#8230;&#8230;. \ud835\udff3\ud835\udff4,\ud835\udfed\ud835\udfef %<\/p>\n<p>\ud835\uddd5\ud835\uddfc\ud835\uddff\ud835\uddf4\ud835\uddfc\ud835\ude02&#8230;&#8230;&#8230;&#8230;&#8230; \ud835\udff3\ud835\udfec,\ud835\udff5\ud835\udff0 %<\/p>\n<p>\ud835\uddd6\ud835\uddfc\ud835\uddf9\ud835\uddf9\ud835\uddf6\ud835\uddfb\ud835\uddf2\ud835\ude00 &#8230;&#8230;&#8230;&#8230;.\ud835\udff3\ud835\udfec,\ud835\udfef\ud835\udfec%<\/p>\n<p>\ud835\uddd6\ud835\uddfc\ud835\ude02\ud835\uddf3\ud835\uddf3\ud835\uddfc &#8230;&#8230;&#8230;&#8230;&#8230;\ud835\udff3\ud835\udff3,\ud835\udff5\ud835\udff1%<\/p>\n<p>\ud835\uddd7\ud835\uddfc\ud835\uddfb\ud835\uddf4\ud835\uddee &#8230;&#8230;&#8230;&#8230;&#8230;.\ud835\udff2\ud835\udff1,\ud835\udff1\ud835\udff3%<\/p>\n<p>\ud835\udddf\ud835\uddf6\ud835\ude01\ud835\ude01\ud835\uddfc\ud835\uddff\ud835\uddee\ud835\uddf9 &#8230;&#8230;&#8230;&#8230;&#8230;\ud835\udff3\ud835\udfef,\ud835\udff0\ud835\udff3%<\/p>\n<p>\ud835\udde0\ud835\uddfc\ud835\uddfb\ud835\uddfc &#8230;&#8230;&#8230;&#8230;&#8230;..\ud835\udff3\ud835\udff2,\ud835\udfec\ud835\udfec%<\/p>\n<p>\ud835\udde2\ud835\ude02\ud835\uddf2\u0301\ud835\uddfa\ud835\uddf2\u0301 &#8230;&#8230;&#8230;&#8230;..\ud835\udff3\ud835\udfec,\ud835\udff3\ud835\udff2%<\/p>\n<p>\ud835\udde3\ud835\uddf9\ud835\uddee\ud835\ude01\ud835\uddf2\ud835\uddee\ud835\ude02&#8230;&#8230;&#8230;&#8230;. \ud835\udff3\ud835\udfec,\ud835\udff5\ud835\udfee%<\/p>\n<p>\ud835\udded\ud835\uddfc\ud835\ude02 &#8230;&#8230;&#8230;&#8230;&#8230;&#8230;.\ud835\udff3\ud835\udff1.\ud835\udfef\ud835\udff4%<\/p>\n","protected":false},"excerpt":{"rendered":"<p>L\u2019office du Baccalaur\u00e9at a\u00a0 d\u00e9voil\u00e9 officiellement ce mercredi 09 juillet\u00a0 2025\u00a0 les r\u00e9sultats du Baccalaur\u00e9at, session unique de juin 2025. Au plan national, le taux d\u2019admissibilit\u00e9 sur le plan national&hellip;<\/p>\n","protected":false},"author":6,"featured_media":11831,"comment_status":"open","ping_status":"open","sticky":false,"template":"","format":"standard","meta":{"content-type":"","om_disable_all_campaigns":false,"_monsterinsights_skip_tracking":false,"_monsterinsights_sitenote_active":false,"_monsterinsights_sitenote_note":"","_monsterinsights_sitenote_category":0,"_uf_show_specific_survey":0,"_uf_disable_surveys":false,"footnotes":""},"categories":[20],"tags":[],"class_list":["post-11857","post","type-post","status-publish","format-standard","has-post-thumbnail","hentry","category-societe"],"aioseo_notices":[],"yoast_head":"<!-- This site is optimized with the Yoast SEO plugin v27.5 - https:\/\/yoast.com\/product\/yoast-seo-wordpress\/ -->\n<title>BAC 2025 : 73,02% au plan national, voici le classement par d\u00e9partement - Le Patriote<\/title>\n<meta name=\"robots\" content=\"index, follow, max-snippet:-1, max-image-preview:large, max-video-preview:-1\" \/>\n<link rel=\"canonical\" href=\"https:\/\/lepatriotebenin.com\/index.php\/2025\/07\/09\/bac-2025-7302-au-plan-national-voici-le-classement-par-departement\/\" \/>\n<meta property=\"og:locale\" content=\"fr_FR\" \/>\n<meta property=\"og:type\" content=\"article\" \/>\n<meta property=\"og:title\" content=\"BAC 2025 : 73,02% au plan national, voici le classement par d\u00e9partement - Le Patriote\" \/>\n<meta property=\"og:description\" content=\"L\u2019office du Baccalaur\u00e9at a\u00a0 d\u00e9voil\u00e9 officiellement ce mercredi 09 juillet\u00a0 2025\u00a0 les r\u00e9sultats du Baccalaur\u00e9at, session unique de juin 2025. Au plan national, le taux d\u2019admissibilit\u00e9 sur le plan national&hellip;\" \/>\n<meta property=\"og:url\" content=\"https:\/\/lepatriotebenin.com\/index.php\/2025\/07\/09\/bac-2025-7302-au-plan-national-voici-le-classement-par-departement\/\" \/>\n<meta property=\"og:site_name\" content=\"Le Patriote\" \/>\n<meta property=\"article:published_time\" content=\"2025-07-09T19:32:59+00:00\" \/>\n<meta property=\"og:image\" content=\"https:\/\/lepatriotebenin.com\/wp-content\/uploads\/2025\/07\/office-du-bac-780x358-1.jpeg\" \/>\n\t<meta property=\"og:image:width\" content=\"780\" \/>\n\t<meta property=\"og:image:height\" content=\"358\" \/>\n\t<meta property=\"og:image:type\" content=\"image\/jpeg\" \/>\n<meta name=\"author\" content=\"Roland AFFANOU\" \/>\n<meta name=\"twitter:card\" content=\"summary_large_image\" \/>\n<meta name=\"twitter:label1\" content=\"\u00c9crit par\" \/>\n\t<meta name=\"twitter:data1\" content=\"Roland AFFANOU\" \/>\n\t<meta name=\"twitter:label2\" content=\"Dur\u00e9e de lecture estim\u00e9e\" \/>\n\t<meta name=\"twitter:data2\" content=\"1 minute\" \/>\n<script type=\"application\/ld+json\" class=\"yoast-schema-graph\">{\"@context\":\"https:\\\/\\\/schema.org\",\"@graph\":[{\"@type\":\"Article\",\"@id\":\"https:\\\/\\\/lepatriotebenin.com\\\/index.php\\\/2025\\\/07\\\/09\\\/bac-2025-7302-au-plan-national-voici-le-classement-par-departement\\\/#article\",\"isPartOf\":{\"@id\":\"https:\\\/\\\/lepatriotebenin.com\\\/index.php\\\/2025\\\/07\\\/09\\\/bac-2025-7302-au-plan-national-voici-le-classement-par-departement\\\/\"},\"author\":{\"name\":\"Roland AFFANOU\",\"@id\":\"https:\\\/\\\/lepatriotebenin.com\\\/#\\\/schema\\\/person\\\/4a9b67216c97d04045e01405c534c91f\"},\"headline\":\"BAC 2025 : 73,02% au plan national, voici le classement par d\u00e9partement\",\"datePublished\":\"2025-07-09T19:32:59+00:00\",\"mainEntityOfPage\":{\"@id\":\"https:\\\/\\\/lepatriotebenin.com\\\/index.php\\\/2025\\\/07\\\/09\\\/bac-2025-7302-au-plan-national-voici-le-classement-par-departement\\\/\"},\"wordCount\":114,\"commentCount\":0,\"image\":{\"@id\":\"https:\\\/\\\/lepatriotebenin.com\\\/index.php\\\/2025\\\/07\\\/09\\\/bac-2025-7302-au-plan-national-voici-le-classement-par-departement\\\/#primaryimage\"},\"thumbnailUrl\":\"https:\\\/\\\/lepatriotebenin.com\\\/wp-content\\\/uploads\\\/2025\\\/07\\\/office-du-bac-780x358-1.jpeg\",\"articleSection\":[\"Soci\u00e9t\u00e9\"],\"inLanguage\":\"fr-FR\",\"potentialAction\":[{\"@type\":\"CommentAction\",\"name\":\"Comment\",\"target\":[\"https:\\\/\\\/lepatriotebenin.com\\\/index.php\\\/2025\\\/07\\\/09\\\/bac-2025-7302-au-plan-national-voici-le-classement-par-departement\\\/#respond\"]}]},{\"@type\":\"WebPage\",\"@id\":\"https:\\\/\\\/lepatriotebenin.com\\\/index.php\\\/2025\\\/07\\\/09\\\/bac-2025-7302-au-plan-national-voici-le-classement-par-departement\\\/\",\"url\":\"https:\\\/\\\/lepatriotebenin.com\\\/index.php\\\/2025\\\/07\\\/09\\\/bac-2025-7302-au-plan-national-voici-le-classement-par-departement\\\/\",\"name\":\"BAC 2025 : 73,02% au plan national, voici le classement par d\u00e9partement - Le Patriote\",\"isPartOf\":{\"@id\":\"https:\\\/\\\/lepatriotebenin.com\\\/#website\"},\"primaryImageOfPage\":{\"@id\":\"https:\\\/\\\/lepatriotebenin.com\\\/index.php\\\/2025\\\/07\\\/09\\\/bac-2025-7302-au-plan-national-voici-le-classement-par-departement\\\/#primaryimage\"},\"image\":{\"@id\":\"https:\\\/\\\/lepatriotebenin.com\\\/index.php\\\/2025\\\/07\\\/09\\\/bac-2025-7302-au-plan-national-voici-le-classement-par-departement\\\/#primaryimage\"},\"thumbnailUrl\":\"https:\\\/\\\/lepatriotebenin.com\\\/wp-content\\\/uploads\\\/2025\\\/07\\\/office-du-bac-780x358-1.jpeg\",\"datePublished\":\"2025-07-09T19:32:59+00:00\",\"author\":{\"@id\":\"https:\\\/\\\/lepatriotebenin.com\\\/#\\\/schema\\\/person\\\/4a9b67216c97d04045e01405c534c91f\"},\"breadcrumb\":{\"@id\":\"https:\\\/\\\/lepatriotebenin.com\\\/index.php\\\/2025\\\/07\\\/09\\\/bac-2025-7302-au-plan-national-voici-le-classement-par-departement\\\/#breadcrumb\"},\"inLanguage\":\"fr-FR\",\"potentialAction\":[{\"@type\":\"ReadAction\",\"target\":[\"https:\\\/\\\/lepatriotebenin.com\\\/index.php\\\/2025\\\/07\\\/09\\\/bac-2025-7302-au-plan-national-voici-le-classement-par-departement\\\/\"]}]},{\"@type\":\"ImageObject\",\"inLanguage\":\"fr-FR\",\"@id\":\"https:\\\/\\\/lepatriotebenin.com\\\/index.php\\\/2025\\\/07\\\/09\\\/bac-2025-7302-au-plan-national-voici-le-classement-par-departement\\\/#primaryimage\",\"url\":\"https:\\\/\\\/lepatriotebenin.com\\\/wp-content\\\/uploads\\\/2025\\\/07\\\/office-du-bac-780x358-1.jpeg\",\"contentUrl\":\"https:\\\/\\\/lepatriotebenin.com\\\/wp-content\\\/uploads\\\/2025\\\/07\\\/office-du-bac-780x358-1.jpeg\",\"width\":780,\"height\":358},{\"@type\":\"BreadcrumbList\",\"@id\":\"https:\\\/\\\/lepatriotebenin.com\\\/index.php\\\/2025\\\/07\\\/09\\\/bac-2025-7302-au-plan-national-voici-le-classement-par-departement\\\/#breadcrumb\",\"itemListElement\":[{\"@type\":\"ListItem\",\"position\":1,\"name\":\"Accueil\",\"item\":\"https:\\\/\\\/lepatriotebenin.com\\\/\"},{\"@type\":\"ListItem\",\"position\":2,\"name\":\"BAC 2025 : 73,02% au plan national, voici le classement par d\u00e9partement\"}]},{\"@type\":\"WebSite\",\"@id\":\"https:\\\/\\\/lepatriotebenin.com\\\/#website\",\"url\":\"https:\\\/\\\/lepatriotebenin.com\\\/\",\"name\":\"Le Patriote\",\"description\":\"Le Patriote B\u00e9nin\",\"potentialAction\":[{\"@type\":\"SearchAction\",\"target\":{\"@type\":\"EntryPoint\",\"urlTemplate\":\"https:\\\/\\\/lepatriotebenin.com\\\/?s={search_term_string}\"},\"query-input\":{\"@type\":\"PropertyValueSpecification\",\"valueRequired\":true,\"valueName\":\"search_term_string\"}}],\"inLanguage\":\"fr-FR\"},{\"@type\":\"Person\",\"@id\":\"https:\\\/\\\/lepatriotebenin.com\\\/#\\\/schema\\\/person\\\/4a9b67216c97d04045e01405c534c91f\",\"name\":\"Roland AFFANOU\",\"image\":{\"@type\":\"ImageObject\",\"inLanguage\":\"fr-FR\",\"@id\":\"https:\\\/\\\/secure.gravatar.com\\\/avatar\\\/7209d3f6d2d47ea4d0c67e14d3effb61feb10ae540a4381280c66265de5bd643?s=96&d=mm&r=g\",\"url\":\"https:\\\/\\\/secure.gravatar.com\\\/avatar\\\/7209d3f6d2d47ea4d0c67e14d3effb61feb10ae540a4381280c66265de5bd643?s=96&d=mm&r=g\",\"contentUrl\":\"https:\\\/\\\/secure.gravatar.com\\\/avatar\\\/7209d3f6d2d47ea4d0c67e14d3effb61feb10ae540a4381280c66265de5bd643?s=96&d=mm&r=g\",\"caption\":\"Roland AFFANOU\"},\"url\":\"https:\\\/\\\/lepatriotebenin.com\"}]}<\/script>\n<!-- \/ Yoast SEO plugin. -->","yoast_head_json":{"title":"BAC 2025 : 73,02% au plan national, voici le classement par d\u00e9partement - Le Patriote","robots":{"index":"index","follow":"follow","max-snippet":"max-snippet:-1","max-image-preview":"max-image-preview:large","max-video-preview":"max-video-preview:-1"},"canonical":"https:\/\/lepatriotebenin.com\/index.php\/2025\/07\/09\/bac-2025-7302-au-plan-national-voici-le-classement-par-departement\/","og_locale":"fr_FR","og_type":"article","og_title":"BAC 2025 : 73,02% au plan national, voici le classement par d\u00e9partement - Le Patriote","og_description":"L\u2019office du Baccalaur\u00e9at a\u00a0 d\u00e9voil\u00e9 officiellement ce mercredi 09 juillet\u00a0 2025\u00a0 les r\u00e9sultats du Baccalaur\u00e9at, session unique de juin 2025. Au plan national, le taux d\u2019admissibilit\u00e9 sur le plan national&hellip;","og_url":"https:\/\/lepatriotebenin.com\/index.php\/2025\/07\/09\/bac-2025-7302-au-plan-national-voici-le-classement-par-departement\/","og_site_name":"Le Patriote","article_published_time":"2025-07-09T19:32:59+00:00","og_image":[{"width":780,"height":358,"url":"https:\/\/lepatriotebenin.com\/wp-content\/uploads\/2025\/07\/office-du-bac-780x358-1.jpeg","type":"image\/jpeg"}],"author":"Roland AFFANOU","twitter_card":"summary_large_image","twitter_misc":{"\u00c9crit par":"Roland AFFANOU","Dur\u00e9e de lecture estim\u00e9e":"1 minute"},"schema":{"@context":"https:\/\/schema.org","@graph":[{"@type":"Article","@id":"https:\/\/lepatriotebenin.com\/index.php\/2025\/07\/09\/bac-2025-7302-au-plan-national-voici-le-classement-par-departement\/#article","isPartOf":{"@id":"https:\/\/lepatriotebenin.com\/index.php\/2025\/07\/09\/bac-2025-7302-au-plan-national-voici-le-classement-par-departement\/"},"author":{"name":"Roland AFFANOU","@id":"https:\/\/lepatriotebenin.com\/#\/schema\/person\/4a9b67216c97d04045e01405c534c91f"},"headline":"BAC 2025 : 73,02% au plan national, voici le classement par d\u00e9partement","datePublished":"2025-07-09T19:32:59+00:00","mainEntityOfPage":{"@id":"https:\/\/lepatriotebenin.com\/index.php\/2025\/07\/09\/bac-2025-7302-au-plan-national-voici-le-classement-par-departement\/"},"wordCount":114,"commentCount":0,"image":{"@id":"https:\/\/lepatriotebenin.com\/index.php\/2025\/07\/09\/bac-2025-7302-au-plan-national-voici-le-classement-par-departement\/#primaryimage"},"thumbnailUrl":"https:\/\/lepatriotebenin.com\/wp-content\/uploads\/2025\/07\/office-du-bac-780x358-1.jpeg","articleSection":["Soci\u00e9t\u00e9"],"inLanguage":"fr-FR","potentialAction":[{"@type":"CommentAction","name":"Comment","target":["https:\/\/lepatriotebenin.com\/index.php\/2025\/07\/09\/bac-2025-7302-au-plan-national-voici-le-classement-par-departement\/#respond"]}]},{"@type":"WebPage","@id":"https:\/\/lepatriotebenin.com\/index.php\/2025\/07\/09\/bac-2025-7302-au-plan-national-voici-le-classement-par-departement\/","url":"https:\/\/lepatriotebenin.com\/index.php\/2025\/07\/09\/bac-2025-7302-au-plan-national-voici-le-classement-par-departement\/","name":"BAC 2025 : 73,02% au plan national, voici le classement par d\u00e9partement - Le Patriote","isPartOf":{"@id":"https:\/\/lepatriotebenin.com\/#website"},"primaryImageOfPage":{"@id":"https:\/\/lepatriotebenin.com\/index.php\/2025\/07\/09\/bac-2025-7302-au-plan-national-voici-le-classement-par-departement\/#primaryimage"},"image":{"@id":"https:\/\/lepatriotebenin.com\/index.php\/2025\/07\/09\/bac-2025-7302-au-plan-national-voici-le-classement-par-departement\/#primaryimage"},"thumbnailUrl":"https:\/\/lepatriotebenin.com\/wp-content\/uploads\/2025\/07\/office-du-bac-780x358-1.jpeg","datePublished":"2025-07-09T19:32:59+00:00","author":{"@id":"https:\/\/lepatriotebenin.com\/#\/schema\/person\/4a9b67216c97d04045e01405c534c91f"},"breadcrumb":{"@id":"https:\/\/lepatriotebenin.com\/index.php\/2025\/07\/09\/bac-2025-7302-au-plan-national-voici-le-classement-par-departement\/#breadcrumb"},"inLanguage":"fr-FR","potentialAction":[{"@type":"ReadAction","target":["https:\/\/lepatriotebenin.com\/index.php\/2025\/07\/09\/bac-2025-7302-au-plan-national-voici-le-classement-par-departement\/"]}]},{"@type":"ImageObject","inLanguage":"fr-FR","@id":"https:\/\/lepatriotebenin.com\/index.php\/2025\/07\/09\/bac-2025-7302-au-plan-national-voici-le-classement-par-departement\/#primaryimage","url":"https:\/\/lepatriotebenin.com\/wp-content\/uploads\/2025\/07\/office-du-bac-780x358-1.jpeg","contentUrl":"https:\/\/lepatriotebenin.com\/wp-content\/uploads\/2025\/07\/office-du-bac-780x358-1.jpeg","width":780,"height":358},{"@type":"BreadcrumbList","@id":"https:\/\/lepatriotebenin.com\/index.php\/2025\/07\/09\/bac-2025-7302-au-plan-national-voici-le-classement-par-departement\/#breadcrumb","itemListElement":[{"@type":"ListItem","position":1,"name":"Accueil","item":"https:\/\/lepatriotebenin.com\/"},{"@type":"ListItem","position":2,"name":"BAC 2025 : 73,02% au plan national, voici le classement par d\u00e9partement"}]},{"@type":"WebSite","@id":"https:\/\/lepatriotebenin.com\/#website","url":"https:\/\/lepatriotebenin.com\/","name":"Le Patriote","description":"Le Patriote B\u00e9nin","potentialAction":[{"@type":"SearchAction","target":{"@type":"EntryPoint","urlTemplate":"https:\/\/lepatriotebenin.com\/?s={search_term_string}"},"query-input":{"@type":"PropertyValueSpecification","valueRequired":true,"valueName":"search_term_string"}}],"inLanguage":"fr-FR"},{"@type":"Person","@id":"https:\/\/lepatriotebenin.com\/#\/schema\/person\/4a9b67216c97d04045e01405c534c91f","name":"Roland AFFANOU","image":{"@type":"ImageObject","inLanguage":"fr-FR","@id":"https:\/\/secure.gravatar.com\/avatar\/7209d3f6d2d47ea4d0c67e14d3effb61feb10ae540a4381280c66265de5bd643?s=96&d=mm&r=g","url":"https:\/\/secure.gravatar.com\/avatar\/7209d3f6d2d47ea4d0c67e14d3effb61feb10ae540a4381280c66265de5bd643?s=96&d=mm&r=g","contentUrl":"https:\/\/secure.gravatar.com\/avatar\/7209d3f6d2d47ea4d0c67e14d3effb61feb10ae540a4381280c66265de5bd643?s=96&d=mm&r=g","caption":"Roland AFFANOU"},"url":"https:\/\/lepatriotebenin.com"}]}},"_links":{"self":[{"href":"https:\/\/lepatriotebenin.com\/index.php\/wp-json\/wp\/v2\/posts\/11857","targetHints":{"allow":["GET"]}}],"collection":[{"href":"https:\/\/lepatriotebenin.com\/index.php\/wp-json\/wp\/v2\/posts"}],"about":[{"href":"https:\/\/lepatriotebenin.com\/index.php\/wp-json\/wp\/v2\/types\/post"}],"author":[{"embeddable":true,"href":"https:\/\/lepatriotebenin.com\/index.php\/wp-json\/wp\/v2\/users\/6"}],"replies":[{"embeddable":true,"href":"https:\/\/lepatriotebenin.com\/index.php\/wp-json\/wp\/v2\/comments?post=11857"}],"version-history":[{"count":1,"href":"https:\/\/lepatriotebenin.com\/index.php\/wp-json\/wp\/v2\/posts\/11857\/revisions"}],"predecessor-version":[{"id":11858,"href":"https:\/\/lepatriotebenin.com\/index.php\/wp-json\/wp\/v2\/posts\/11857\/revisions\/11858"}],"wp:featuredmedia":[{"embeddable":true,"href":"https:\/\/lepatriotebenin.com\/index.php\/wp-json\/wp\/v2\/media\/11831"}],"wp:attachment":[{"href":"https:\/\/lepatriotebenin.com\/index.php\/wp-json\/wp\/v2\/media?parent=11857"}],"wp:term":[{"taxonomy":"category","embeddable":true,"href":"https:\/\/lepatriotebenin.com\/index.php\/wp-json\/wp\/v2\/categories?post=11857"},{"taxonomy":"post_tag","embeddable":true,"href":"https:\/\/lepatriotebenin.com\/index.php\/wp-json\/wp\/v2\/tags?post=11857"}],"curies":[{"name":"wp","href":"https:\/\/api.w.org\/{rel}","templated":true}]}}