{"id":11847,"date":"2025-07-09T20:13:47","date_gmt":"2025-07-09T18:13:47","guid":{"rendered":"https:\/\/lepatriotebenin.com\/?p=11847"},"modified":"2025-07-09T21:28:07","modified_gmt":"2025-07-09T19:28:07","slug":"bac-2025-voici-le-taux-dadmissibilite-au-plan-national","status":"publish","type":"post","link":"https:\/\/lepatriotebenin.com\/index.php\/2025\/07\/09\/bac-2025-voici-le-taux-dadmissibilite-au-plan-national\/","title":{"rendered":"Bac 2025 : voici le taux d\u2019admissibilit\u00e9 au plan national"},"content":{"rendered":"<p>Au B\u00e9nin, le taux national d\u2019admissibilit\u00e9 au baccalaur\u00e9at session de ju<strong>in 2025<\/strong> est de 73<strong>,02%.<\/strong>\u00a0 La premi\u00e8re d\u00e9lib\u00e9ration a \u00e9t\u00e9 effectu\u00e9e dans la soir\u00e9e de ce mercredi. Les r\u00e9sultats sont disponibles en ligne sur la plateforme de l\u2019Office du Baccalaur\u00e9at https:\/\/eresultats.bj\/\u00a0 . Il faut\u00a0 pr\u00e9ciser que 79 588 candidats r\u00e9partis dans 140 centres de composition sur le plan nationale ont pris part \u00e0 l\u2019examen national du Baccalaur\u00e9at session de juin 2025, dont 35.667 filles et 43 921 gar\u00e7ons.\u00a0 Ce taux d&rsquo;admissibilit\u00e9 est en nette progression\/r\u00e9gression par rapport \u00e0 celui de l\u2019ann\u00e9e de l&rsquo;ann\u00e9e pass\u00e9e. En 2024, le taux d&rsquo;admissibilit\u00e9 au BAC \u00e9tait est de 56,93%. Selon les r\u00e9sultats publi\u00e9s par le directeur de l&rsquo;office du Bac, 57349 candidats ont \u00e9t\u00e9 d\u00e9clar\u00e9s admissibles sur les 78 537 ayant compos\u00e9 les \u00e9preuves.<\/p>\n<p>Les \u00e9preuves orales, sportives et facultatives se poursuivent pour les admissibles. Les statistiques d\u00e9taill\u00e9es par d\u00e9partement sont attendues pour affiner l\u2019analyse des performances.<\/p>\n<p>Voici les dates cl\u00e9s \u00e0 retenir<\/p>\n<p>\ud835\uddd6\ud835\uddfc\ud835\uddff\ud835\uddff\ud835\uddf2\ud835\uddf0\ud835\ude01\ud835\uddf6\ud835\uddfc\ud835\uddfb \ud835\uddd5\ud835\uddd4\ud835\uddd6 \ud835\udfee\ud835\udfec\ud835\udfee\ud835\udff1\u00a0: 30 juin au 5 juillet 2025<\/p>\n<p>\ud835\udde3\ud835\uddff\ud835\uddf2\ud835\uddfa\ud835\uddf6\u00e8r\ud835\uddf2 \ud835\uddf1\u00e9\ud835\uddf9\ud835\uddf6\ud835\uddef\u00e9\ud835\uddff\ud835\uddee\ud835\ude01\ud835\uddf6\ud835\uddfc\ud835\uddfb\u00a0: 9 juillet 2025<\/p>\n<p>E\ud835\uddfd\ud835\uddff\ud835\uddf2\ud835\ude02\ud835\ude03\ud835\uddf2\ud835\ude00 \ud835\uddf3\ud835\uddee\ud835\uddf0\ud835\ude02\ud835\uddf9\ud835\ude01\ud835\uddee\ud835\ude01\ud835\uddf6\ud835\ude03\ud835\uddf2\ud835\ude00\u00a0: 12 juillet 2025<\/p>\n<p>\ud835\uddd8\ud835\udde3\ud835\udde6\u00a0: 14 et 15 juillet<\/p>\n<p>\ud835\uddd7\ud835\uddf2\ud835\ude02\ud835\ude05\ud835\uddf6\u00e8\ud835\uddfa\ud835\uddf2 \ud835\uddf1\u00e9\ud835\uddf9\ud835\uddf6\ud835\uddef\u00e9r\ud835\uddee\ud835\ude01\ud835\uddf6\ud835\uddfc\ud835\uddfb\u00a0: 16 juillet<\/p>\n<p>\ud835\udde2\ud835\uddff\ud835\uddee\ud835\uddf9\ud835\uddf2\ud835\ude00v\u00a0: 18 et 19 juillet<\/p>\n<p>\ud835\uddd7\ud835\uddf2\ud835\uddff\ud835\uddfb\ud835\uddf6\ud835\uddf2\u0300\ud835\uddff\ud835\uddf2 \ud835\uddf1\u00e9\ud835\uddf9\ud835\uddf6\ud835\uddef\u00e9\ud835\uddff\ud835\uddee\ud835\ude01\ud835\uddf6\ud835\uddfc\ud835\uddfb\u00a0: 19 juillet<\/p>\n<p>\ud835\uddd7\ud835\uddf6\ud835\ude00\ud835\ude01\ud835\uddff\ud835\uddf6\ud835\uddef\ud835\ude02\ud835\ude01\ud835\uddf6\ud835\uddfc\ud835\uddfb \ud835\uddff\ud835\uddf2\ud835\uddf9\ud835\uddf2\ud835\ude03\u00e9\ud835\ude00\u00a0: 21 et 22 juillet<\/p>\n<p>&nbsp;<\/p>\n<p>&nbsp;<\/p>\n","protected":false},"excerpt":{"rendered":"<p>Au B\u00e9nin, le taux national d\u2019admissibilit\u00e9 au baccalaur\u00e9at session de juin 2025 est de 73,02%.\u00a0 La premi\u00e8re d\u00e9lib\u00e9ration a \u00e9t\u00e9 effectu\u00e9e dans la soir\u00e9e de ce mercredi. Les r\u00e9sultats sont&hellip;<\/p>\n","protected":false},"author":6,"featured_media":11848,"comment_status":"open","ping_status":"open","sticky":false,"template":"","format":"standard","meta":{"content-type":"","om_disable_all_campaigns":false,"_monsterinsights_skip_tracking":false,"_monsterinsights_sitenote_active":false,"_monsterinsights_sitenote_note":"","_monsterinsights_sitenote_category":0,"_uf_show_specific_survey":0,"_uf_disable_surveys":false,"footnotes":""},"categories":[20],"tags":[],"class_list":["post-11847","post","type-post","status-publish","format-standard","has-post-thumbnail","hentry","category-societe"],"aioseo_notices":[],"yoast_head":"<!-- This site is optimized with the Yoast SEO plugin v27.5 - https:\/\/yoast.com\/product\/yoast-seo-wordpress\/ -->\n<title>Bac 2025 : voici le taux d\u2019admissibilit\u00e9 au plan national - Le Patriote<\/title>\n<meta name=\"robots\" content=\"index, follow, max-snippet:-1, max-image-preview:large, max-video-preview:-1\" \/>\n<link rel=\"canonical\" href=\"https:\/\/lepatriotebenin.com\/index.php\/2025\/07\/09\/bac-2025-voici-le-taux-dadmissibilite-au-plan-national\/\" \/>\n<meta property=\"og:locale\" content=\"fr_FR\" \/>\n<meta property=\"og:type\" content=\"article\" \/>\n<meta property=\"og:title\" content=\"Bac 2025 : voici le taux d\u2019admissibilit\u00e9 au plan national - Le Patriote\" \/>\n<meta property=\"og:description\" content=\"Au B\u00e9nin, le taux national d\u2019admissibilit\u00e9 au baccalaur\u00e9at session de juin 2025 est de 73,02%.\u00a0 La premi\u00e8re d\u00e9lib\u00e9ration a \u00e9t\u00e9 effectu\u00e9e dans la soir\u00e9e de ce mercredi. Les r\u00e9sultats sont&hellip;\" \/>\n<meta property=\"og:url\" content=\"https:\/\/lepatriotebenin.com\/index.php\/2025\/07\/09\/bac-2025-voici-le-taux-dadmissibilite-au-plan-national\/\" \/>\n<meta property=\"og:site_name\" content=\"Le Patriote\" \/>\n<meta property=\"article:published_time\" content=\"2025-07-09T18:13:47+00:00\" \/>\n<meta property=\"article:modified_time\" content=\"2025-07-09T19:28:07+00:00\" \/>\n<meta property=\"og:image\" content=\"https:\/\/lepatriotebenin.com\/wp-content\/uploads\/2025\/07\/bac-2024-au-benin-2.webp\" \/>\n\t<meta property=\"og:image:width\" content=\"1200\" \/>\n\t<meta property=\"og:image:height\" content=\"900\" \/>\n\t<meta property=\"og:image:type\" content=\"image\/webp\" \/>\n<meta name=\"author\" content=\"Roland AFFANOU\" \/>\n<meta name=\"twitter:card\" content=\"summary_large_image\" \/>\n<meta name=\"twitter:label1\" content=\"\u00c9crit par\" \/>\n\t<meta name=\"twitter:data1\" content=\"Roland AFFANOU\" \/>\n\t<meta name=\"twitter:label2\" content=\"Dur\u00e9e de lecture estim\u00e9e\" \/>\n\t<meta name=\"twitter:data2\" content=\"2 minutes\" \/>\n<script type=\"application\/ld+json\" class=\"yoast-schema-graph\">{\"@context\":\"https:\\\/\\\/schema.org\",\"@graph\":[{\"@type\":\"Article\",\"@id\":\"https:\\\/\\\/lepatriotebenin.com\\\/index.php\\\/2025\\\/07\\\/09\\\/bac-2025-voici-le-taux-dadmissibilite-au-plan-national\\\/#article\",\"isPartOf\":{\"@id\":\"https:\\\/\\\/lepatriotebenin.com\\\/index.php\\\/2025\\\/07\\\/09\\\/bac-2025-voici-le-taux-dadmissibilite-au-plan-national\\\/\"},\"author\":{\"name\":\"Roland AFFANOU\",\"@id\":\"https:\\\/\\\/lepatriotebenin.com\\\/#\\\/schema\\\/person\\\/4a9b67216c97d04045e01405c534c91f\"},\"headline\":\"Bac 2025 : voici le taux d\u2019admissibilit\u00e9 au plan national\",\"datePublished\":\"2025-07-09T18:13:47+00:00\",\"dateModified\":\"2025-07-09T19:28:07+00:00\",\"mainEntityOfPage\":{\"@id\":\"https:\\\/\\\/lepatriotebenin.com\\\/index.php\\\/2025\\\/07\\\/09\\\/bac-2025-voici-le-taux-dadmissibilite-au-plan-national\\\/\"},\"wordCount\":206,\"commentCount\":0,\"image\":{\"@id\":\"https:\\\/\\\/lepatriotebenin.com\\\/index.php\\\/2025\\\/07\\\/09\\\/bac-2025-voici-le-taux-dadmissibilite-au-plan-national\\\/#primaryimage\"},\"thumbnailUrl\":\"https:\\\/\\\/lepatriotebenin.com\\\/wp-content\\\/uploads\\\/2025\\\/07\\\/bac-2024-au-benin-2.webp\",\"articleSection\":[\"Soci\u00e9t\u00e9\"],\"inLanguage\":\"fr-FR\",\"potentialAction\":[{\"@type\":\"CommentAction\",\"name\":\"Comment\",\"target\":[\"https:\\\/\\\/lepatriotebenin.com\\\/index.php\\\/2025\\\/07\\\/09\\\/bac-2025-voici-le-taux-dadmissibilite-au-plan-national\\\/#respond\"]}]},{\"@type\":\"WebPage\",\"@id\":\"https:\\\/\\\/lepatriotebenin.com\\\/index.php\\\/2025\\\/07\\\/09\\\/bac-2025-voici-le-taux-dadmissibilite-au-plan-national\\\/\",\"url\":\"https:\\\/\\\/lepatriotebenin.com\\\/index.php\\\/2025\\\/07\\\/09\\\/bac-2025-voici-le-taux-dadmissibilite-au-plan-national\\\/\",\"name\":\"Bac 2025 : voici le taux d\u2019admissibilit\u00e9 au plan national - Le Patriote\",\"isPartOf\":{\"@id\":\"https:\\\/\\\/lepatriotebenin.com\\\/#website\"},\"primaryImageOfPage\":{\"@id\":\"https:\\\/\\\/lepatriotebenin.com\\\/index.php\\\/2025\\\/07\\\/09\\\/bac-2025-voici-le-taux-dadmissibilite-au-plan-national\\\/#primaryimage\"},\"image\":{\"@id\":\"https:\\\/\\\/lepatriotebenin.com\\\/index.php\\\/2025\\\/07\\\/09\\\/bac-2025-voici-le-taux-dadmissibilite-au-plan-national\\\/#primaryimage\"},\"thumbnailUrl\":\"https:\\\/\\\/lepatriotebenin.com\\\/wp-content\\\/uploads\\\/2025\\\/07\\\/bac-2024-au-benin-2.webp\",\"datePublished\":\"2025-07-09T18:13:47+00:00\",\"dateModified\":\"2025-07-09T19:28:07+00:00\",\"author\":{\"@id\":\"https:\\\/\\\/lepatriotebenin.com\\\/#\\\/schema\\\/person\\\/4a9b67216c97d04045e01405c534c91f\"},\"breadcrumb\":{\"@id\":\"https:\\\/\\\/lepatriotebenin.com\\\/index.php\\\/2025\\\/07\\\/09\\\/bac-2025-voici-le-taux-dadmissibilite-au-plan-national\\\/#breadcrumb\"},\"inLanguage\":\"fr-FR\",\"potentialAction\":[{\"@type\":\"ReadAction\",\"target\":[\"https:\\\/\\\/lepatriotebenin.com\\\/index.php\\\/2025\\\/07\\\/09\\\/bac-2025-voici-le-taux-dadmissibilite-au-plan-national\\\/\"]}]},{\"@type\":\"ImageObject\",\"inLanguage\":\"fr-FR\",\"@id\":\"https:\\\/\\\/lepatriotebenin.com\\\/index.php\\\/2025\\\/07\\\/09\\\/bac-2025-voici-le-taux-dadmissibilite-au-plan-national\\\/#primaryimage\",\"url\":\"https:\\\/\\\/lepatriotebenin.com\\\/wp-content\\\/uploads\\\/2025\\\/07\\\/bac-2024-au-benin-2.webp\",\"contentUrl\":\"https:\\\/\\\/lepatriotebenin.com\\\/wp-content\\\/uploads\\\/2025\\\/07\\\/bac-2024-au-benin-2.webp\",\"width\":1200,\"height\":900},{\"@type\":\"BreadcrumbList\",\"@id\":\"https:\\\/\\\/lepatriotebenin.com\\\/index.php\\\/2025\\\/07\\\/09\\\/bac-2025-voici-le-taux-dadmissibilite-au-plan-national\\\/#breadcrumb\",\"itemListElement\":[{\"@type\":\"ListItem\",\"position\":1,\"name\":\"Accueil\",\"item\":\"https:\\\/\\\/lepatriotebenin.com\\\/\"},{\"@type\":\"ListItem\",\"position\":2,\"name\":\"Bac 2025 : voici le taux d\u2019admissibilit\u00e9 au plan national\"}]},{\"@type\":\"WebSite\",\"@id\":\"https:\\\/\\\/lepatriotebenin.com\\\/#website\",\"url\":\"https:\\\/\\\/lepatriotebenin.com\\\/\",\"name\":\"Le Patriote\",\"description\":\"Le Patriote B\u00e9nin\",\"potentialAction\":[{\"@type\":\"SearchAction\",\"target\":{\"@type\":\"EntryPoint\",\"urlTemplate\":\"https:\\\/\\\/lepatriotebenin.com\\\/?s={search_term_string}\"},\"query-input\":{\"@type\":\"PropertyValueSpecification\",\"valueRequired\":true,\"valueName\":\"search_term_string\"}}],\"inLanguage\":\"fr-FR\"},{\"@type\":\"Person\",\"@id\":\"https:\\\/\\\/lepatriotebenin.com\\\/#\\\/schema\\\/person\\\/4a9b67216c97d04045e01405c534c91f\",\"name\":\"Roland AFFANOU\",\"image\":{\"@type\":\"ImageObject\",\"inLanguage\":\"fr-FR\",\"@id\":\"https:\\\/\\\/secure.gravatar.com\\\/avatar\\\/7209d3f6d2d47ea4d0c67e14d3effb61feb10ae540a4381280c66265de5bd643?s=96&d=mm&r=g\",\"url\":\"https:\\\/\\\/secure.gravatar.com\\\/avatar\\\/7209d3f6d2d47ea4d0c67e14d3effb61feb10ae540a4381280c66265de5bd643?s=96&d=mm&r=g\",\"contentUrl\":\"https:\\\/\\\/secure.gravatar.com\\\/avatar\\\/7209d3f6d2d47ea4d0c67e14d3effb61feb10ae540a4381280c66265de5bd643?s=96&d=mm&r=g\",\"caption\":\"Roland AFFANOU\"},\"url\":\"https:\\\/\\\/lepatriotebenin.com\"}]}<\/script>\n<!-- \/ Yoast SEO plugin. -->","yoast_head_json":{"title":"Bac 2025 : voici le taux d\u2019admissibilit\u00e9 au plan national - Le Patriote","robots":{"index":"index","follow":"follow","max-snippet":"max-snippet:-1","max-image-preview":"max-image-preview:large","max-video-preview":"max-video-preview:-1"},"canonical":"https:\/\/lepatriotebenin.com\/index.php\/2025\/07\/09\/bac-2025-voici-le-taux-dadmissibilite-au-plan-national\/","og_locale":"fr_FR","og_type":"article","og_title":"Bac 2025 : voici le taux d\u2019admissibilit\u00e9 au plan national - Le Patriote","og_description":"Au B\u00e9nin, le taux national d\u2019admissibilit\u00e9 au baccalaur\u00e9at session de juin 2025 est de 73,02%.\u00a0 La premi\u00e8re d\u00e9lib\u00e9ration a \u00e9t\u00e9 effectu\u00e9e dans la soir\u00e9e de ce mercredi. Les r\u00e9sultats sont&hellip;","og_url":"https:\/\/lepatriotebenin.com\/index.php\/2025\/07\/09\/bac-2025-voici-le-taux-dadmissibilite-au-plan-national\/","og_site_name":"Le Patriote","article_published_time":"2025-07-09T18:13:47+00:00","article_modified_time":"2025-07-09T19:28:07+00:00","og_image":[{"width":1200,"height":900,"url":"https:\/\/lepatriotebenin.com\/wp-content\/uploads\/2025\/07\/bac-2024-au-benin-2.webp","type":"image\/webp"}],"author":"Roland AFFANOU","twitter_card":"summary_large_image","twitter_misc":{"\u00c9crit par":"Roland AFFANOU","Dur\u00e9e de lecture estim\u00e9e":"2 minutes"},"schema":{"@context":"https:\/\/schema.org","@graph":[{"@type":"Article","@id":"https:\/\/lepatriotebenin.com\/index.php\/2025\/07\/09\/bac-2025-voici-le-taux-dadmissibilite-au-plan-national\/#article","isPartOf":{"@id":"https:\/\/lepatriotebenin.com\/index.php\/2025\/07\/09\/bac-2025-voici-le-taux-dadmissibilite-au-plan-national\/"},"author":{"name":"Roland AFFANOU","@id":"https:\/\/lepatriotebenin.com\/#\/schema\/person\/4a9b67216c97d04045e01405c534c91f"},"headline":"Bac 2025 : voici le taux d\u2019admissibilit\u00e9 au plan national","datePublished":"2025-07-09T18:13:47+00:00","dateModified":"2025-07-09T19:28:07+00:00","mainEntityOfPage":{"@id":"https:\/\/lepatriotebenin.com\/index.php\/2025\/07\/09\/bac-2025-voici-le-taux-dadmissibilite-au-plan-national\/"},"wordCount":206,"commentCount":0,"image":{"@id":"https:\/\/lepatriotebenin.com\/index.php\/2025\/07\/09\/bac-2025-voici-le-taux-dadmissibilite-au-plan-national\/#primaryimage"},"thumbnailUrl":"https:\/\/lepatriotebenin.com\/wp-content\/uploads\/2025\/07\/bac-2024-au-benin-2.webp","articleSection":["Soci\u00e9t\u00e9"],"inLanguage":"fr-FR","potentialAction":[{"@type":"CommentAction","name":"Comment","target":["https:\/\/lepatriotebenin.com\/index.php\/2025\/07\/09\/bac-2025-voici-le-taux-dadmissibilite-au-plan-national\/#respond"]}]},{"@type":"WebPage","@id":"https:\/\/lepatriotebenin.com\/index.php\/2025\/07\/09\/bac-2025-voici-le-taux-dadmissibilite-au-plan-national\/","url":"https:\/\/lepatriotebenin.com\/index.php\/2025\/07\/09\/bac-2025-voici-le-taux-dadmissibilite-au-plan-national\/","name":"Bac 2025 : voici le taux d\u2019admissibilit\u00e9 au plan national - Le Patriote","isPartOf":{"@id":"https:\/\/lepatriotebenin.com\/#website"},"primaryImageOfPage":{"@id":"https:\/\/lepatriotebenin.com\/index.php\/2025\/07\/09\/bac-2025-voici-le-taux-dadmissibilite-au-plan-national\/#primaryimage"},"image":{"@id":"https:\/\/lepatriotebenin.com\/index.php\/2025\/07\/09\/bac-2025-voici-le-taux-dadmissibilite-au-plan-national\/#primaryimage"},"thumbnailUrl":"https:\/\/lepatriotebenin.com\/wp-content\/uploads\/2025\/07\/bac-2024-au-benin-2.webp","datePublished":"2025-07-09T18:13:47+00:00","dateModified":"2025-07-09T19:28:07+00:00","author":{"@id":"https:\/\/lepatriotebenin.com\/#\/schema\/person\/4a9b67216c97d04045e01405c534c91f"},"breadcrumb":{"@id":"https:\/\/lepatriotebenin.com\/index.php\/2025\/07\/09\/bac-2025-voici-le-taux-dadmissibilite-au-plan-national\/#breadcrumb"},"inLanguage":"fr-FR","potentialAction":[{"@type":"ReadAction","target":["https:\/\/lepatriotebenin.com\/index.php\/2025\/07\/09\/bac-2025-voici-le-taux-dadmissibilite-au-plan-national\/"]}]},{"@type":"ImageObject","inLanguage":"fr-FR","@id":"https:\/\/lepatriotebenin.com\/index.php\/2025\/07\/09\/bac-2025-voici-le-taux-dadmissibilite-au-plan-national\/#primaryimage","url":"https:\/\/lepatriotebenin.com\/wp-content\/uploads\/2025\/07\/bac-2024-au-benin-2.webp","contentUrl":"https:\/\/lepatriotebenin.com\/wp-content\/uploads\/2025\/07\/bac-2024-au-benin-2.webp","width":1200,"height":900},{"@type":"BreadcrumbList","@id":"https:\/\/lepatriotebenin.com\/index.php\/2025\/07\/09\/bac-2025-voici-le-taux-dadmissibilite-au-plan-national\/#breadcrumb","itemListElement":[{"@type":"ListItem","position":1,"name":"Accueil","item":"https:\/\/lepatriotebenin.com\/"},{"@type":"ListItem","position":2,"name":"Bac 2025 : voici le taux d\u2019admissibilit\u00e9 au plan national"}]},{"@type":"WebSite","@id":"https:\/\/lepatriotebenin.com\/#website","url":"https:\/\/lepatriotebenin.com\/","name":"Le Patriote","description":"Le Patriote B\u00e9nin","potentialAction":[{"@type":"SearchAction","target":{"@type":"EntryPoint","urlTemplate":"https:\/\/lepatriotebenin.com\/?s={search_term_string}"},"query-input":{"@type":"PropertyValueSpecification","valueRequired":true,"valueName":"search_term_string"}}],"inLanguage":"fr-FR"},{"@type":"Person","@id":"https:\/\/lepatriotebenin.com\/#\/schema\/person\/4a9b67216c97d04045e01405c534c91f","name":"Roland AFFANOU","image":{"@type":"ImageObject","inLanguage":"fr-FR","@id":"https:\/\/secure.gravatar.com\/avatar\/7209d3f6d2d47ea4d0c67e14d3effb61feb10ae540a4381280c66265de5bd643?s=96&d=mm&r=g","url":"https:\/\/secure.gravatar.com\/avatar\/7209d3f6d2d47ea4d0c67e14d3effb61feb10ae540a4381280c66265de5bd643?s=96&d=mm&r=g","contentUrl":"https:\/\/secure.gravatar.com\/avatar\/7209d3f6d2d47ea4d0c67e14d3effb61feb10ae540a4381280c66265de5bd643?s=96&d=mm&r=g","caption":"Roland AFFANOU"},"url":"https:\/\/lepatriotebenin.com"}]}},"_links":{"self":[{"href":"https:\/\/lepatriotebenin.com\/index.php\/wp-json\/wp\/v2\/posts\/11847","targetHints":{"allow":["GET"]}}],"collection":[{"href":"https:\/\/lepatriotebenin.com\/index.php\/wp-json\/wp\/v2\/posts"}],"about":[{"href":"https:\/\/lepatriotebenin.com\/index.php\/wp-json\/wp\/v2\/types\/post"}],"author":[{"embeddable":true,"href":"https:\/\/lepatriotebenin.com\/index.php\/wp-json\/wp\/v2\/users\/6"}],"replies":[{"embeddable":true,"href":"https:\/\/lepatriotebenin.com\/index.php\/wp-json\/wp\/v2\/comments?post=11847"}],"version-history":[{"count":5,"href":"https:\/\/lepatriotebenin.com\/index.php\/wp-json\/wp\/v2\/posts\/11847\/revisions"}],"predecessor-version":[{"id":11856,"href":"https:\/\/lepatriotebenin.com\/index.php\/wp-json\/wp\/v2\/posts\/11847\/revisions\/11856"}],"wp:featuredmedia":[{"embeddable":true,"href":"https:\/\/lepatriotebenin.com\/index.php\/wp-json\/wp\/v2\/media\/11848"}],"wp:attachment":[{"href":"https:\/\/lepatriotebenin.com\/index.php\/wp-json\/wp\/v2\/media?parent=11847"}],"wp:term":[{"taxonomy":"category","embeddable":true,"href":"https:\/\/lepatriotebenin.com\/index.php\/wp-json\/wp\/v2\/categories?post=11847"},{"taxonomy":"post_tag","embeddable":true,"href":"https:\/\/lepatriotebenin.com\/index.php\/wp-json\/wp\/v2\/tags?post=11847"}],"curies":[{"name":"wp","href":"https:\/\/api.w.org\/{rel}","templated":true}]}}