{"id":11834,"date":"2025-07-09T01:25:34","date_gmt":"2025-07-08T23:25:34","guid":{"rendered":"https:\/\/lepatriotebenin.com\/?p=11834"},"modified":"2025-07-09T01:25:34","modified_gmt":"2025-07-08T23:25:34","slug":"ganiou-soglo-jetais-ne-renaissant-et-je-mourrai-renaissant","status":"publish","type":"post","link":"https:\/\/lepatriotebenin.com\/index.php\/2025\/07\/09\/ganiou-soglo-jetais-ne-renaissant-et-je-mourrai-renaissant\/","title":{"rendered":"Ganiou Soglo: \u201cJ\u2019\u00e9tais n\u00e9 renaissant et je mourrai renaissant \u00ab\u00a0"},"content":{"rendered":"<p>\u00c0 l&rsquo;approche des \u00e9lections pr\u00e9sidentielles de 2026, l&rsquo;ancien ministre Ganiou Soglo a accord\u00e9 un entretien exclusif a ESAE TV le dimanche dernier. Dans cet entretien, l&rsquo;omme politique connu pour ses prises de position franches et nuanc\u00e9es, a r\u00e9affirm\u00e9 son ind\u00e9pendance politique tout en affirmant restant sur son bord de naissance dans la politique. Pour lui, il demeure renaissant pour toujours.<\/p>\n<p>Dans une d\u00e9claration empreinte de symbolisme et de lucidit\u00e9 politique, l&rsquo;ancien ministre Ganiou Soglo a \u00e9clair\u00e9 l&rsquo;opinion publique sur son bord politique \u00e0 l&rsquo;approche des \u00e9lections pr\u00e9sidentielles de 2026. Il affirme haut et fort qu&rsquo;il demeure dans un seul bord politique. \u00ab\u00a0J\u2019\u00e9tais n\u00e9 n\u00e9 renaissant et je mourrai renaissant.\u00a0\u00bb Une formule forte, qui rappelle son attachement \u00e0 l\u2019h\u00e9ritage politique de la Renaissance du B\u00e9nin, fond\u00e9e par son p\u00e8re, l\u2019ancien pr\u00e9sident Nic\u00e9phore Dieudonn\u00e9 Soglo. Malgr\u00e9 cel\u00e0, il affiche une proximit\u00e9 cordiale avec certaines formations de l\u2019opposition.<\/p>\n<p>En effet, s\u2019il se dit en \u00ab\u00a0de bonnes relations avec le parti Les D\u00e9mocrates\u00a0\u00bb, Ganiou Soglo tient \u00e0 pr\u00e9ciser qu\u2019il n\u2019en est \u00ab\u00a0pas militant\u00a0\u00bb. Cette distinction est importante pour celui qui entend pr\u00e9server une certaine autonomie de pens\u00e9e dans le paysage politique b\u00e9ninois. Son engagement, affirme-t-il, reste motiv\u00e9 par la d\u00e9fense des valeurs d\u00e9mocratiques et le souci du bien commun, et non par une adh\u00e9sion partisane. Sur les dynamiques internes \u00e0 l\u2019opposition, il a \u00e9galement d\u00e9clar\u00e9 qu&rsquo;ils \u0153uvrent pour atteindre le m\u00eame but.\u00a0\u00bbOn est de l\u2019opposition et on \u0153uvre pour le m\u00eame but. Nous n\u2019avions pas besoin forc\u00e9ment d\u2019\u00eatre ensemble et de marcher dans la m\u00eame direction alors que nous n\u2019avions pas la m\u00eame vision politique et \u00e9conomique.\u00a0\u00bb Avec cette affirmation, il met en lumi\u00e8re les d\u00e9fis d\u2019unit\u00e9 au sein de l\u2019opposition b\u00e9ninoise, marqu\u00e9e par des divergences id\u00e9ologiques.<\/p>\n<p>Par ailleurs, en philosophe du politique, Ganiou Soglo a rappel\u00e9 que \u00ab\u00a0les hommes font des lois et d\u2019autres hommes peuvent venir d\u00e9faire ces m\u00eames lois\u00a0\u00bb, soulignant ainsi qu&rsquo;\u00e0 tout moment, les lois existantes peuvent subir des modifications.<\/p>\n<p><strong>Gildas AHOGNI<\/strong><\/p>\n<p>&nbsp;<\/p>\n<p>&nbsp;<\/p>\n","protected":false},"excerpt":{"rendered":"<p>\u00c0 l&rsquo;approche des \u00e9lections pr\u00e9sidentielles de 2026, l&rsquo;ancien ministre Ganiou Soglo a accord\u00e9 un entretien exclusif a ESAE TV le dimanche dernier. Dans cet entretien, l&rsquo;omme politique connu pour ses&hellip;<\/p>\n","protected":false},"author":6,"featured_media":10925,"comment_status":"open","ping_status":"open","sticky":false,"template":"","format":"standard","meta":{"content-type":"","om_disable_all_campaigns":false,"_monsterinsights_skip_tracking":false,"_monsterinsights_sitenote_active":false,"_monsterinsights_sitenote_note":"","_monsterinsights_sitenote_category":0,"_uf_show_specific_survey":0,"_uf_disable_surveys":false,"footnotes":""},"categories":[26],"tags":[],"class_list":["post-11834","post","type-post","status-publish","format-standard","has-post-thumbnail","hentry","category-politique"],"aioseo_notices":[],"yoast_head":"<!-- This site is optimized with the Yoast SEO plugin v27.5 - https:\/\/yoast.com\/product\/yoast-seo-wordpress\/ -->\n<title>Ganiou Soglo: \u201cJ\u2019\u00e9tais n\u00e9 renaissant et je mourrai renaissant &quot; - Le Patriote<\/title>\n<meta name=\"robots\" content=\"index, follow, max-snippet:-1, max-image-preview:large, max-video-preview:-1\" \/>\n<link rel=\"canonical\" href=\"https:\/\/lepatriotebenin.com\/index.php\/2025\/07\/09\/ganiou-soglo-jetais-ne-renaissant-et-je-mourrai-renaissant\/\" \/>\n<meta property=\"og:locale\" content=\"fr_FR\" \/>\n<meta property=\"og:type\" content=\"article\" \/>\n<meta property=\"og:title\" content=\"Ganiou Soglo: \u201cJ\u2019\u00e9tais n\u00e9 renaissant et je mourrai renaissant &quot; - Le Patriote\" \/>\n<meta property=\"og:description\" content=\"\u00c0 l&rsquo;approche des \u00e9lections pr\u00e9sidentielles de 2026, l&rsquo;ancien ministre Ganiou Soglo a accord\u00e9 un entretien exclusif a ESAE TV le dimanche dernier. Dans cet entretien, l&rsquo;omme politique connu pour ses&hellip;\" \/>\n<meta property=\"og:url\" content=\"https:\/\/lepatriotebenin.com\/index.php\/2025\/07\/09\/ganiou-soglo-jetais-ne-renaissant-et-je-mourrai-renaissant\/\" \/>\n<meta property=\"og:site_name\" content=\"Le Patriote\" \/>\n<meta property=\"article:published_time\" content=\"2025-07-08T23:25:34+00:00\" \/>\n<meta property=\"og:image\" content=\"https:\/\/lepatriotebenin.com\/wp-content\/uploads\/2025\/06\/ganiou.jpg\" \/>\n\t<meta property=\"og:image:width\" content=\"480\" \/>\n\t<meta property=\"og:image:height\" content=\"356\" \/>\n\t<meta property=\"og:image:type\" content=\"image\/jpeg\" \/>\n<meta name=\"author\" content=\"Roland AFFANOU\" \/>\n<meta name=\"twitter:card\" content=\"summary_large_image\" \/>\n<meta name=\"twitter:label1\" content=\"\u00c9crit par\" \/>\n\t<meta name=\"twitter:data1\" content=\"Roland AFFANOU\" \/>\n\t<meta name=\"twitter:label2\" content=\"Dur\u00e9e de lecture estim\u00e9e\" \/>\n\t<meta name=\"twitter:data2\" content=\"2 minutes\" \/>\n<script type=\"application\/ld+json\" class=\"yoast-schema-graph\">{\"@context\":\"https:\\\/\\\/schema.org\",\"@graph\":[{\"@type\":\"Article\",\"@id\":\"https:\\\/\\\/lepatriotebenin.com\\\/index.php\\\/2025\\\/07\\\/09\\\/ganiou-soglo-jetais-ne-renaissant-et-je-mourrai-renaissant\\\/#article\",\"isPartOf\":{\"@id\":\"https:\\\/\\\/lepatriotebenin.com\\\/index.php\\\/2025\\\/07\\\/09\\\/ganiou-soglo-jetais-ne-renaissant-et-je-mourrai-renaissant\\\/\"},\"author\":{\"name\":\"Roland AFFANOU\",\"@id\":\"https:\\\/\\\/lepatriotebenin.com\\\/#\\\/schema\\\/person\\\/4a9b67216c97d04045e01405c534c91f\"},\"headline\":\"Ganiou Soglo: \u201cJ\u2019\u00e9tais n\u00e9 renaissant et je mourrai renaissant \u00ab\u00a0\",\"datePublished\":\"2025-07-08T23:25:34+00:00\",\"mainEntityOfPage\":{\"@id\":\"https:\\\/\\\/lepatriotebenin.com\\\/index.php\\\/2025\\\/07\\\/09\\\/ganiou-soglo-jetais-ne-renaissant-et-je-mourrai-renaissant\\\/\"},\"wordCount\":384,\"commentCount\":0,\"image\":{\"@id\":\"https:\\\/\\\/lepatriotebenin.com\\\/index.php\\\/2025\\\/07\\\/09\\\/ganiou-soglo-jetais-ne-renaissant-et-je-mourrai-renaissant\\\/#primaryimage\"},\"thumbnailUrl\":\"https:\\\/\\\/lepatriotebenin.com\\\/wp-content\\\/uploads\\\/2025\\\/06\\\/ganiou.jpg\",\"articleSection\":[\"Politique\"],\"inLanguage\":\"fr-FR\",\"potentialAction\":[{\"@type\":\"CommentAction\",\"name\":\"Comment\",\"target\":[\"https:\\\/\\\/lepatriotebenin.com\\\/index.php\\\/2025\\\/07\\\/09\\\/ganiou-soglo-jetais-ne-renaissant-et-je-mourrai-renaissant\\\/#respond\"]}]},{\"@type\":\"WebPage\",\"@id\":\"https:\\\/\\\/lepatriotebenin.com\\\/index.php\\\/2025\\\/07\\\/09\\\/ganiou-soglo-jetais-ne-renaissant-et-je-mourrai-renaissant\\\/\",\"url\":\"https:\\\/\\\/lepatriotebenin.com\\\/index.php\\\/2025\\\/07\\\/09\\\/ganiou-soglo-jetais-ne-renaissant-et-je-mourrai-renaissant\\\/\",\"name\":\"Ganiou Soglo: \u201cJ\u2019\u00e9tais n\u00e9 renaissant et je mourrai renaissant \\\" - Le Patriote\",\"isPartOf\":{\"@id\":\"https:\\\/\\\/lepatriotebenin.com\\\/#website\"},\"primaryImageOfPage\":{\"@id\":\"https:\\\/\\\/lepatriotebenin.com\\\/index.php\\\/2025\\\/07\\\/09\\\/ganiou-soglo-jetais-ne-renaissant-et-je-mourrai-renaissant\\\/#primaryimage\"},\"image\":{\"@id\":\"https:\\\/\\\/lepatriotebenin.com\\\/index.php\\\/2025\\\/07\\\/09\\\/ganiou-soglo-jetais-ne-renaissant-et-je-mourrai-renaissant\\\/#primaryimage\"},\"thumbnailUrl\":\"https:\\\/\\\/lepatriotebenin.com\\\/wp-content\\\/uploads\\\/2025\\\/06\\\/ganiou.jpg\",\"datePublished\":\"2025-07-08T23:25:34+00:00\",\"author\":{\"@id\":\"https:\\\/\\\/lepatriotebenin.com\\\/#\\\/schema\\\/person\\\/4a9b67216c97d04045e01405c534c91f\"},\"breadcrumb\":{\"@id\":\"https:\\\/\\\/lepatriotebenin.com\\\/index.php\\\/2025\\\/07\\\/09\\\/ganiou-soglo-jetais-ne-renaissant-et-je-mourrai-renaissant\\\/#breadcrumb\"},\"inLanguage\":\"fr-FR\",\"potentialAction\":[{\"@type\":\"ReadAction\",\"target\":[\"https:\\\/\\\/lepatriotebenin.com\\\/index.php\\\/2025\\\/07\\\/09\\\/ganiou-soglo-jetais-ne-renaissant-et-je-mourrai-renaissant\\\/\"]}]},{\"@type\":\"ImageObject\",\"inLanguage\":\"fr-FR\",\"@id\":\"https:\\\/\\\/lepatriotebenin.com\\\/index.php\\\/2025\\\/07\\\/09\\\/ganiou-soglo-jetais-ne-renaissant-et-je-mourrai-renaissant\\\/#primaryimage\",\"url\":\"https:\\\/\\\/lepatriotebenin.com\\\/wp-content\\\/uploads\\\/2025\\\/06\\\/ganiou.jpg\",\"contentUrl\":\"https:\\\/\\\/lepatriotebenin.com\\\/wp-content\\\/uploads\\\/2025\\\/06\\\/ganiou.jpg\",\"width\":480,\"height\":356},{\"@type\":\"BreadcrumbList\",\"@id\":\"https:\\\/\\\/lepatriotebenin.com\\\/index.php\\\/2025\\\/07\\\/09\\\/ganiou-soglo-jetais-ne-renaissant-et-je-mourrai-renaissant\\\/#breadcrumb\",\"itemListElement\":[{\"@type\":\"ListItem\",\"position\":1,\"name\":\"Accueil\",\"item\":\"https:\\\/\\\/lepatriotebenin.com\\\/\"},{\"@type\":\"ListItem\",\"position\":2,\"name\":\"Ganiou Soglo: \u201cJ\u2019\u00e9tais n\u00e9 renaissant et je mourrai renaissant \u00ab\u00a0\"}]},{\"@type\":\"WebSite\",\"@id\":\"https:\\\/\\\/lepatriotebenin.com\\\/#website\",\"url\":\"https:\\\/\\\/lepatriotebenin.com\\\/\",\"name\":\"Le Patriote\",\"description\":\"Le Patriote B\u00e9nin\",\"potentialAction\":[{\"@type\":\"SearchAction\",\"target\":{\"@type\":\"EntryPoint\",\"urlTemplate\":\"https:\\\/\\\/lepatriotebenin.com\\\/?s={search_term_string}\"},\"query-input\":{\"@type\":\"PropertyValueSpecification\",\"valueRequired\":true,\"valueName\":\"search_term_string\"}}],\"inLanguage\":\"fr-FR\"},{\"@type\":\"Person\",\"@id\":\"https:\\\/\\\/lepatriotebenin.com\\\/#\\\/schema\\\/person\\\/4a9b67216c97d04045e01405c534c91f\",\"name\":\"Roland AFFANOU\",\"image\":{\"@type\":\"ImageObject\",\"inLanguage\":\"fr-FR\",\"@id\":\"https:\\\/\\\/secure.gravatar.com\\\/avatar\\\/7209d3f6d2d47ea4d0c67e14d3effb61feb10ae540a4381280c66265de5bd643?s=96&d=mm&r=g\",\"url\":\"https:\\\/\\\/secure.gravatar.com\\\/avatar\\\/7209d3f6d2d47ea4d0c67e14d3effb61feb10ae540a4381280c66265de5bd643?s=96&d=mm&r=g\",\"contentUrl\":\"https:\\\/\\\/secure.gravatar.com\\\/avatar\\\/7209d3f6d2d47ea4d0c67e14d3effb61feb10ae540a4381280c66265de5bd643?s=96&d=mm&r=g\",\"caption\":\"Roland AFFANOU\"},\"url\":\"https:\\\/\\\/lepatriotebenin.com\"}]}<\/script>\n<!-- \/ Yoast SEO plugin. -->","yoast_head_json":{"title":"Ganiou Soglo: \u201cJ\u2019\u00e9tais n\u00e9 renaissant et je mourrai renaissant \" - Le Patriote","robots":{"index":"index","follow":"follow","max-snippet":"max-snippet:-1","max-image-preview":"max-image-preview:large","max-video-preview":"max-video-preview:-1"},"canonical":"https:\/\/lepatriotebenin.com\/index.php\/2025\/07\/09\/ganiou-soglo-jetais-ne-renaissant-et-je-mourrai-renaissant\/","og_locale":"fr_FR","og_type":"article","og_title":"Ganiou Soglo: \u201cJ\u2019\u00e9tais n\u00e9 renaissant et je mourrai renaissant \" - Le Patriote","og_description":"\u00c0 l&rsquo;approche des \u00e9lections pr\u00e9sidentielles de 2026, l&rsquo;ancien ministre Ganiou Soglo a accord\u00e9 un entretien exclusif a ESAE TV le dimanche dernier. Dans cet entretien, l&rsquo;omme politique connu pour ses&hellip;","og_url":"https:\/\/lepatriotebenin.com\/index.php\/2025\/07\/09\/ganiou-soglo-jetais-ne-renaissant-et-je-mourrai-renaissant\/","og_site_name":"Le Patriote","article_published_time":"2025-07-08T23:25:34+00:00","og_image":[{"width":480,"height":356,"url":"https:\/\/lepatriotebenin.com\/wp-content\/uploads\/2025\/06\/ganiou.jpg","type":"image\/jpeg"}],"author":"Roland AFFANOU","twitter_card":"summary_large_image","twitter_misc":{"\u00c9crit par":"Roland AFFANOU","Dur\u00e9e de lecture estim\u00e9e":"2 minutes"},"schema":{"@context":"https:\/\/schema.org","@graph":[{"@type":"Article","@id":"https:\/\/lepatriotebenin.com\/index.php\/2025\/07\/09\/ganiou-soglo-jetais-ne-renaissant-et-je-mourrai-renaissant\/#article","isPartOf":{"@id":"https:\/\/lepatriotebenin.com\/index.php\/2025\/07\/09\/ganiou-soglo-jetais-ne-renaissant-et-je-mourrai-renaissant\/"},"author":{"name":"Roland AFFANOU","@id":"https:\/\/lepatriotebenin.com\/#\/schema\/person\/4a9b67216c97d04045e01405c534c91f"},"headline":"Ganiou Soglo: \u201cJ\u2019\u00e9tais n\u00e9 renaissant et je mourrai renaissant \u00ab\u00a0","datePublished":"2025-07-08T23:25:34+00:00","mainEntityOfPage":{"@id":"https:\/\/lepatriotebenin.com\/index.php\/2025\/07\/09\/ganiou-soglo-jetais-ne-renaissant-et-je-mourrai-renaissant\/"},"wordCount":384,"commentCount":0,"image":{"@id":"https:\/\/lepatriotebenin.com\/index.php\/2025\/07\/09\/ganiou-soglo-jetais-ne-renaissant-et-je-mourrai-renaissant\/#primaryimage"},"thumbnailUrl":"https:\/\/lepatriotebenin.com\/wp-content\/uploads\/2025\/06\/ganiou.jpg","articleSection":["Politique"],"inLanguage":"fr-FR","potentialAction":[{"@type":"CommentAction","name":"Comment","target":["https:\/\/lepatriotebenin.com\/index.php\/2025\/07\/09\/ganiou-soglo-jetais-ne-renaissant-et-je-mourrai-renaissant\/#respond"]}]},{"@type":"WebPage","@id":"https:\/\/lepatriotebenin.com\/index.php\/2025\/07\/09\/ganiou-soglo-jetais-ne-renaissant-et-je-mourrai-renaissant\/","url":"https:\/\/lepatriotebenin.com\/index.php\/2025\/07\/09\/ganiou-soglo-jetais-ne-renaissant-et-je-mourrai-renaissant\/","name":"Ganiou Soglo: \u201cJ\u2019\u00e9tais n\u00e9 renaissant et je mourrai renaissant \" - Le Patriote","isPartOf":{"@id":"https:\/\/lepatriotebenin.com\/#website"},"primaryImageOfPage":{"@id":"https:\/\/lepatriotebenin.com\/index.php\/2025\/07\/09\/ganiou-soglo-jetais-ne-renaissant-et-je-mourrai-renaissant\/#primaryimage"},"image":{"@id":"https:\/\/lepatriotebenin.com\/index.php\/2025\/07\/09\/ganiou-soglo-jetais-ne-renaissant-et-je-mourrai-renaissant\/#primaryimage"},"thumbnailUrl":"https:\/\/lepatriotebenin.com\/wp-content\/uploads\/2025\/06\/ganiou.jpg","datePublished":"2025-07-08T23:25:34+00:00","author":{"@id":"https:\/\/lepatriotebenin.com\/#\/schema\/person\/4a9b67216c97d04045e01405c534c91f"},"breadcrumb":{"@id":"https:\/\/lepatriotebenin.com\/index.php\/2025\/07\/09\/ganiou-soglo-jetais-ne-renaissant-et-je-mourrai-renaissant\/#breadcrumb"},"inLanguage":"fr-FR","potentialAction":[{"@type":"ReadAction","target":["https:\/\/lepatriotebenin.com\/index.php\/2025\/07\/09\/ganiou-soglo-jetais-ne-renaissant-et-je-mourrai-renaissant\/"]}]},{"@type":"ImageObject","inLanguage":"fr-FR","@id":"https:\/\/lepatriotebenin.com\/index.php\/2025\/07\/09\/ganiou-soglo-jetais-ne-renaissant-et-je-mourrai-renaissant\/#primaryimage","url":"https:\/\/lepatriotebenin.com\/wp-content\/uploads\/2025\/06\/ganiou.jpg","contentUrl":"https:\/\/lepatriotebenin.com\/wp-content\/uploads\/2025\/06\/ganiou.jpg","width":480,"height":356},{"@type":"BreadcrumbList","@id":"https:\/\/lepatriotebenin.com\/index.php\/2025\/07\/09\/ganiou-soglo-jetais-ne-renaissant-et-je-mourrai-renaissant\/#breadcrumb","itemListElement":[{"@type":"ListItem","position":1,"name":"Accueil","item":"https:\/\/lepatriotebenin.com\/"},{"@type":"ListItem","position":2,"name":"Ganiou Soglo: \u201cJ\u2019\u00e9tais n\u00e9 renaissant et je mourrai renaissant \u00ab\u00a0"}]},{"@type":"WebSite","@id":"https:\/\/lepatriotebenin.com\/#website","url":"https:\/\/lepatriotebenin.com\/","name":"Le Patriote","description":"Le Patriote B\u00e9nin","potentialAction":[{"@type":"SearchAction","target":{"@type":"EntryPoint","urlTemplate":"https:\/\/lepatriotebenin.com\/?s={search_term_string}"},"query-input":{"@type":"PropertyValueSpecification","valueRequired":true,"valueName":"search_term_string"}}],"inLanguage":"fr-FR"},{"@type":"Person","@id":"https:\/\/lepatriotebenin.com\/#\/schema\/person\/4a9b67216c97d04045e01405c534c91f","name":"Roland AFFANOU","image":{"@type":"ImageObject","inLanguage":"fr-FR","@id":"https:\/\/secure.gravatar.com\/avatar\/7209d3f6d2d47ea4d0c67e14d3effb61feb10ae540a4381280c66265de5bd643?s=96&d=mm&r=g","url":"https:\/\/secure.gravatar.com\/avatar\/7209d3f6d2d47ea4d0c67e14d3effb61feb10ae540a4381280c66265de5bd643?s=96&d=mm&r=g","contentUrl":"https:\/\/secure.gravatar.com\/avatar\/7209d3f6d2d47ea4d0c67e14d3effb61feb10ae540a4381280c66265de5bd643?s=96&d=mm&r=g","caption":"Roland AFFANOU"},"url":"https:\/\/lepatriotebenin.com"}]}},"_links":{"self":[{"href":"https:\/\/lepatriotebenin.com\/index.php\/wp-json\/wp\/v2\/posts\/11834","targetHints":{"allow":["GET"]}}],"collection":[{"href":"https:\/\/lepatriotebenin.com\/index.php\/wp-json\/wp\/v2\/posts"}],"about":[{"href":"https:\/\/lepatriotebenin.com\/index.php\/wp-json\/wp\/v2\/types\/post"}],"author":[{"embeddable":true,"href":"https:\/\/lepatriotebenin.com\/index.php\/wp-json\/wp\/v2\/users\/6"}],"replies":[{"embeddable":true,"href":"https:\/\/lepatriotebenin.com\/index.php\/wp-json\/wp\/v2\/comments?post=11834"}],"version-history":[{"count":1,"href":"https:\/\/lepatriotebenin.com\/index.php\/wp-json\/wp\/v2\/posts\/11834\/revisions"}],"predecessor-version":[{"id":11835,"href":"https:\/\/lepatriotebenin.com\/index.php\/wp-json\/wp\/v2\/posts\/11834\/revisions\/11835"}],"wp:featuredmedia":[{"embeddable":true,"href":"https:\/\/lepatriotebenin.com\/index.php\/wp-json\/wp\/v2\/media\/10925"}],"wp:attachment":[{"href":"https:\/\/lepatriotebenin.com\/index.php\/wp-json\/wp\/v2\/media?parent=11834"}],"wp:term":[{"taxonomy":"category","embeddable":true,"href":"https:\/\/lepatriotebenin.com\/index.php\/wp-json\/wp\/v2\/categories?post=11834"},{"taxonomy":"post_tag","embeddable":true,"href":"https:\/\/lepatriotebenin.com\/index.php\/wp-json\/wp\/v2\/tags?post=11834"}],"curies":[{"name":"wp","href":"https:\/\/api.w.org\/{rel}","templated":true}]}}