{"id":11830,"date":"2025-07-08T22:42:59","date_gmt":"2025-07-08T20:42:59","guid":{"rendered":"https:\/\/lepatriotebenin.com\/?p=11830"},"modified":"2025-07-08T22:42:59","modified_gmt":"2025-07-08T20:42:59","slug":"baccalaureat-2025-au-benin-voici-la-date-de-la-session-de-remplacement","status":"publish","type":"post","link":"https:\/\/lepatriotebenin.com\/index.php\/2025\/07\/08\/baccalaureat-2025-au-benin-voici-la-date-de-la-session-de-remplacement\/","title":{"rendered":"Baccalaur\u00e9at 2025 au B\u00e9nin : Voici la date de la session de remplacement"},"content":{"rendered":"<p>Les \u00e9preuves \u00e9crites du Baccalaur\u00e9at 2025, session unique \u00a0de remplacement d\u00e9butent le <strong>lundi 14 juillet 2025<\/strong> au <strong>CEG Sainte Rita<\/strong> \u00e0 Cotonou, unique centre retenu. C\u2019est ce qu\u2019a annonc\u00e9 le directeur de l\u2019Office du Baccalaur\u00e9at (DOB), <strong>Alphonse da Silva<\/strong> dans un communiqu\u00e9 rendu public c<strong>e mardi 08 juillet 2025.<\/strong> Le communiqu\u00e9 pr\u00e9cise que seuls les candidats absents \u00e0 la session principale pour raisons valables sont concern\u00e9s. Ces candidats peuvent d\u00e8s \u00e0 pr\u00e9sent consulter la liste des admis \u00e0 cette session sp\u00e9ciale. Elle est affich\u00e9e dans les centres de correction-d\u00e9lib\u00e9ration, \u00e0 l\u2019Office du Baccalaur\u00e9at ou directement au CEG Sainte Rita. L\u2019objectif est de permettre \u00e0 chacun de s\u2019assurer de sa pr\u00e9sence sur la liste et de se pr\u00e9parer dans les meilleures conditions.<\/p>\n<p>Ce\u00a0 communiqu\u00e9 insiste \u00e9galement \u00a0que \u00a0chaque candidat doit se pr\u00e9senter au centre d\u00e8s 07 heures du matin, muni d\u2019une pi\u00e8ce d\u2019identit\u00e9 en cours de validit\u00e9. Cette mesure vise, dit-il, \u00a0\u00e0 garantir le bon d\u00e9roulement des \u00e9preuves et \u00e0 pr\u00e9venir toute tentative de fraude.<\/p>\n","protected":false},"excerpt":{"rendered":"<p>Les \u00e9preuves \u00e9crites du Baccalaur\u00e9at 2025, session unique \u00a0de remplacement d\u00e9butent le lundi 14 juillet 2025 au CEG Sainte Rita \u00e0 Cotonou, unique centre retenu. C\u2019est ce qu\u2019a annonc\u00e9 le&hellip;<\/p>\n","protected":false},"author":6,"featured_media":11831,"comment_status":"open","ping_status":"open","sticky":false,"template":"","format":"standard","meta":{"content-type":"","om_disable_all_campaigns":false,"_monsterinsights_skip_tracking":false,"_monsterinsights_sitenote_active":false,"_monsterinsights_sitenote_note":"","_monsterinsights_sitenote_category":0,"_uf_show_specific_survey":0,"_uf_disable_surveys":false,"footnotes":""},"categories":[20],"tags":[],"class_list":["post-11830","post","type-post","status-publish","format-standard","has-post-thumbnail","hentry","category-societe"],"aioseo_notices":[],"yoast_head":"<!-- This site is optimized with the Yoast SEO plugin v27.5 - https:\/\/yoast.com\/product\/yoast-seo-wordpress\/ -->\n<title>Baccalaur\u00e9at 2025 au B\u00e9nin : Voici la date de la session de remplacement - Le Patriote<\/title>\n<meta name=\"robots\" content=\"index, follow, max-snippet:-1, max-image-preview:large, max-video-preview:-1\" \/>\n<link rel=\"canonical\" href=\"https:\/\/lepatriotebenin.com\/index.php\/2025\/07\/08\/baccalaureat-2025-au-benin-voici-la-date-de-la-session-de-remplacement\/\" \/>\n<meta property=\"og:locale\" content=\"fr_FR\" \/>\n<meta property=\"og:type\" content=\"article\" \/>\n<meta property=\"og:title\" content=\"Baccalaur\u00e9at 2025 au B\u00e9nin : Voici la date de la session de remplacement - Le Patriote\" \/>\n<meta property=\"og:description\" content=\"Les \u00e9preuves \u00e9crites du Baccalaur\u00e9at 2025, session unique \u00a0de remplacement d\u00e9butent le lundi 14 juillet 2025 au CEG Sainte Rita \u00e0 Cotonou, unique centre retenu. C\u2019est ce qu\u2019a annonc\u00e9 le&hellip;\" \/>\n<meta property=\"og:url\" content=\"https:\/\/lepatriotebenin.com\/index.php\/2025\/07\/08\/baccalaureat-2025-au-benin-voici-la-date-de-la-session-de-remplacement\/\" \/>\n<meta property=\"og:site_name\" content=\"Le Patriote\" \/>\n<meta property=\"article:published_time\" content=\"2025-07-08T20:42:59+00:00\" \/>\n<meta property=\"og:image\" content=\"https:\/\/lepatriotebenin.com\/wp-content\/uploads\/2025\/07\/office-du-bac-780x358-1.jpeg\" \/>\n\t<meta property=\"og:image:width\" content=\"780\" \/>\n\t<meta property=\"og:image:height\" content=\"358\" \/>\n\t<meta property=\"og:image:type\" content=\"image\/jpeg\" \/>\n<meta name=\"author\" content=\"Roland AFFANOU\" \/>\n<meta name=\"twitter:card\" content=\"summary_large_image\" \/>\n<meta name=\"twitter:label1\" content=\"\u00c9crit par\" \/>\n\t<meta name=\"twitter:data1\" content=\"Roland AFFANOU\" \/>\n\t<meta name=\"twitter:label2\" content=\"Dur\u00e9e de lecture estim\u00e9e\" \/>\n\t<meta name=\"twitter:data2\" content=\"2 minutes\" \/>\n<script type=\"application\/ld+json\" class=\"yoast-schema-graph\">{\"@context\":\"https:\\\/\\\/schema.org\",\"@graph\":[{\"@type\":\"Article\",\"@id\":\"https:\\\/\\\/lepatriotebenin.com\\\/index.php\\\/2025\\\/07\\\/08\\\/baccalaureat-2025-au-benin-voici-la-date-de-la-session-de-remplacement\\\/#article\",\"isPartOf\":{\"@id\":\"https:\\\/\\\/lepatriotebenin.com\\\/index.php\\\/2025\\\/07\\\/08\\\/baccalaureat-2025-au-benin-voici-la-date-de-la-session-de-remplacement\\\/\"},\"author\":{\"name\":\"Roland AFFANOU\",\"@id\":\"https:\\\/\\\/lepatriotebenin.com\\\/#\\\/schema\\\/person\\\/4a9b67216c97d04045e01405c534c91f\"},\"headline\":\"Baccalaur\u00e9at 2025 au B\u00e9nin : Voici la date de la session de remplacement\",\"datePublished\":\"2025-07-08T20:42:59+00:00\",\"mainEntityOfPage\":{\"@id\":\"https:\\\/\\\/lepatriotebenin.com\\\/index.php\\\/2025\\\/07\\\/08\\\/baccalaureat-2025-au-benin-voici-la-date-de-la-session-de-remplacement\\\/\"},\"wordCount\":190,\"commentCount\":0,\"image\":{\"@id\":\"https:\\\/\\\/lepatriotebenin.com\\\/index.php\\\/2025\\\/07\\\/08\\\/baccalaureat-2025-au-benin-voici-la-date-de-la-session-de-remplacement\\\/#primaryimage\"},\"thumbnailUrl\":\"https:\\\/\\\/lepatriotebenin.com\\\/wp-content\\\/uploads\\\/2025\\\/07\\\/office-du-bac-780x358-1.jpeg\",\"articleSection\":[\"Soci\u00e9t\u00e9\"],\"inLanguage\":\"fr-FR\",\"potentialAction\":[{\"@type\":\"CommentAction\",\"name\":\"Comment\",\"target\":[\"https:\\\/\\\/lepatriotebenin.com\\\/index.php\\\/2025\\\/07\\\/08\\\/baccalaureat-2025-au-benin-voici-la-date-de-la-session-de-remplacement\\\/#respond\"]}]},{\"@type\":\"WebPage\",\"@id\":\"https:\\\/\\\/lepatriotebenin.com\\\/index.php\\\/2025\\\/07\\\/08\\\/baccalaureat-2025-au-benin-voici-la-date-de-la-session-de-remplacement\\\/\",\"url\":\"https:\\\/\\\/lepatriotebenin.com\\\/index.php\\\/2025\\\/07\\\/08\\\/baccalaureat-2025-au-benin-voici-la-date-de-la-session-de-remplacement\\\/\",\"name\":\"Baccalaur\u00e9at 2025 au B\u00e9nin : Voici la date de la session de remplacement - Le Patriote\",\"isPartOf\":{\"@id\":\"https:\\\/\\\/lepatriotebenin.com\\\/#website\"},\"primaryImageOfPage\":{\"@id\":\"https:\\\/\\\/lepatriotebenin.com\\\/index.php\\\/2025\\\/07\\\/08\\\/baccalaureat-2025-au-benin-voici-la-date-de-la-session-de-remplacement\\\/#primaryimage\"},\"image\":{\"@id\":\"https:\\\/\\\/lepatriotebenin.com\\\/index.php\\\/2025\\\/07\\\/08\\\/baccalaureat-2025-au-benin-voici-la-date-de-la-session-de-remplacement\\\/#primaryimage\"},\"thumbnailUrl\":\"https:\\\/\\\/lepatriotebenin.com\\\/wp-content\\\/uploads\\\/2025\\\/07\\\/office-du-bac-780x358-1.jpeg\",\"datePublished\":\"2025-07-08T20:42:59+00:00\",\"author\":{\"@id\":\"https:\\\/\\\/lepatriotebenin.com\\\/#\\\/schema\\\/person\\\/4a9b67216c97d04045e01405c534c91f\"},\"breadcrumb\":{\"@id\":\"https:\\\/\\\/lepatriotebenin.com\\\/index.php\\\/2025\\\/07\\\/08\\\/baccalaureat-2025-au-benin-voici-la-date-de-la-session-de-remplacement\\\/#breadcrumb\"},\"inLanguage\":\"fr-FR\",\"potentialAction\":[{\"@type\":\"ReadAction\",\"target\":[\"https:\\\/\\\/lepatriotebenin.com\\\/index.php\\\/2025\\\/07\\\/08\\\/baccalaureat-2025-au-benin-voici-la-date-de-la-session-de-remplacement\\\/\"]}]},{\"@type\":\"ImageObject\",\"inLanguage\":\"fr-FR\",\"@id\":\"https:\\\/\\\/lepatriotebenin.com\\\/index.php\\\/2025\\\/07\\\/08\\\/baccalaureat-2025-au-benin-voici-la-date-de-la-session-de-remplacement\\\/#primaryimage\",\"url\":\"https:\\\/\\\/lepatriotebenin.com\\\/wp-content\\\/uploads\\\/2025\\\/07\\\/office-du-bac-780x358-1.jpeg\",\"contentUrl\":\"https:\\\/\\\/lepatriotebenin.com\\\/wp-content\\\/uploads\\\/2025\\\/07\\\/office-du-bac-780x358-1.jpeg\",\"width\":780,\"height\":358},{\"@type\":\"BreadcrumbList\",\"@id\":\"https:\\\/\\\/lepatriotebenin.com\\\/index.php\\\/2025\\\/07\\\/08\\\/baccalaureat-2025-au-benin-voici-la-date-de-la-session-de-remplacement\\\/#breadcrumb\",\"itemListElement\":[{\"@type\":\"ListItem\",\"position\":1,\"name\":\"Accueil\",\"item\":\"https:\\\/\\\/lepatriotebenin.com\\\/\"},{\"@type\":\"ListItem\",\"position\":2,\"name\":\"Baccalaur\u00e9at 2025 au B\u00e9nin : Voici la date de la session de remplacement\"}]},{\"@type\":\"WebSite\",\"@id\":\"https:\\\/\\\/lepatriotebenin.com\\\/#website\",\"url\":\"https:\\\/\\\/lepatriotebenin.com\\\/\",\"name\":\"Le Patriote\",\"description\":\"Le Patriote B\u00e9nin\",\"potentialAction\":[{\"@type\":\"SearchAction\",\"target\":{\"@type\":\"EntryPoint\",\"urlTemplate\":\"https:\\\/\\\/lepatriotebenin.com\\\/?s={search_term_string}\"},\"query-input\":{\"@type\":\"PropertyValueSpecification\",\"valueRequired\":true,\"valueName\":\"search_term_string\"}}],\"inLanguage\":\"fr-FR\"},{\"@type\":\"Person\",\"@id\":\"https:\\\/\\\/lepatriotebenin.com\\\/#\\\/schema\\\/person\\\/4a9b67216c97d04045e01405c534c91f\",\"name\":\"Roland AFFANOU\",\"image\":{\"@type\":\"ImageObject\",\"inLanguage\":\"fr-FR\",\"@id\":\"https:\\\/\\\/secure.gravatar.com\\\/avatar\\\/7209d3f6d2d47ea4d0c67e14d3effb61feb10ae540a4381280c66265de5bd643?s=96&d=mm&r=g\",\"url\":\"https:\\\/\\\/secure.gravatar.com\\\/avatar\\\/7209d3f6d2d47ea4d0c67e14d3effb61feb10ae540a4381280c66265de5bd643?s=96&d=mm&r=g\",\"contentUrl\":\"https:\\\/\\\/secure.gravatar.com\\\/avatar\\\/7209d3f6d2d47ea4d0c67e14d3effb61feb10ae540a4381280c66265de5bd643?s=96&d=mm&r=g\",\"caption\":\"Roland AFFANOU\"},\"url\":\"https:\\\/\\\/lepatriotebenin.com\"}]}<\/script>\n<!-- \/ Yoast SEO plugin. -->","yoast_head_json":{"title":"Baccalaur\u00e9at 2025 au B\u00e9nin : Voici la date de la session de remplacement - Le Patriote","robots":{"index":"index","follow":"follow","max-snippet":"max-snippet:-1","max-image-preview":"max-image-preview:large","max-video-preview":"max-video-preview:-1"},"canonical":"https:\/\/lepatriotebenin.com\/index.php\/2025\/07\/08\/baccalaureat-2025-au-benin-voici-la-date-de-la-session-de-remplacement\/","og_locale":"fr_FR","og_type":"article","og_title":"Baccalaur\u00e9at 2025 au B\u00e9nin : Voici la date de la session de remplacement - Le Patriote","og_description":"Les \u00e9preuves \u00e9crites du Baccalaur\u00e9at 2025, session unique \u00a0de remplacement d\u00e9butent le lundi 14 juillet 2025 au CEG Sainte Rita \u00e0 Cotonou, unique centre retenu. C\u2019est ce qu\u2019a annonc\u00e9 le&hellip;","og_url":"https:\/\/lepatriotebenin.com\/index.php\/2025\/07\/08\/baccalaureat-2025-au-benin-voici-la-date-de-la-session-de-remplacement\/","og_site_name":"Le Patriote","article_published_time":"2025-07-08T20:42:59+00:00","og_image":[{"width":780,"height":358,"url":"https:\/\/lepatriotebenin.com\/wp-content\/uploads\/2025\/07\/office-du-bac-780x358-1.jpeg","type":"image\/jpeg"}],"author":"Roland AFFANOU","twitter_card":"summary_large_image","twitter_misc":{"\u00c9crit par":"Roland AFFANOU","Dur\u00e9e de lecture estim\u00e9e":"2 minutes"},"schema":{"@context":"https:\/\/schema.org","@graph":[{"@type":"Article","@id":"https:\/\/lepatriotebenin.com\/index.php\/2025\/07\/08\/baccalaureat-2025-au-benin-voici-la-date-de-la-session-de-remplacement\/#article","isPartOf":{"@id":"https:\/\/lepatriotebenin.com\/index.php\/2025\/07\/08\/baccalaureat-2025-au-benin-voici-la-date-de-la-session-de-remplacement\/"},"author":{"name":"Roland AFFANOU","@id":"https:\/\/lepatriotebenin.com\/#\/schema\/person\/4a9b67216c97d04045e01405c534c91f"},"headline":"Baccalaur\u00e9at 2025 au B\u00e9nin : Voici la date de la session de remplacement","datePublished":"2025-07-08T20:42:59+00:00","mainEntityOfPage":{"@id":"https:\/\/lepatriotebenin.com\/index.php\/2025\/07\/08\/baccalaureat-2025-au-benin-voici-la-date-de-la-session-de-remplacement\/"},"wordCount":190,"commentCount":0,"image":{"@id":"https:\/\/lepatriotebenin.com\/index.php\/2025\/07\/08\/baccalaureat-2025-au-benin-voici-la-date-de-la-session-de-remplacement\/#primaryimage"},"thumbnailUrl":"https:\/\/lepatriotebenin.com\/wp-content\/uploads\/2025\/07\/office-du-bac-780x358-1.jpeg","articleSection":["Soci\u00e9t\u00e9"],"inLanguage":"fr-FR","potentialAction":[{"@type":"CommentAction","name":"Comment","target":["https:\/\/lepatriotebenin.com\/index.php\/2025\/07\/08\/baccalaureat-2025-au-benin-voici-la-date-de-la-session-de-remplacement\/#respond"]}]},{"@type":"WebPage","@id":"https:\/\/lepatriotebenin.com\/index.php\/2025\/07\/08\/baccalaureat-2025-au-benin-voici-la-date-de-la-session-de-remplacement\/","url":"https:\/\/lepatriotebenin.com\/index.php\/2025\/07\/08\/baccalaureat-2025-au-benin-voici-la-date-de-la-session-de-remplacement\/","name":"Baccalaur\u00e9at 2025 au B\u00e9nin : Voici la date de la session de remplacement - Le Patriote","isPartOf":{"@id":"https:\/\/lepatriotebenin.com\/#website"},"primaryImageOfPage":{"@id":"https:\/\/lepatriotebenin.com\/index.php\/2025\/07\/08\/baccalaureat-2025-au-benin-voici-la-date-de-la-session-de-remplacement\/#primaryimage"},"image":{"@id":"https:\/\/lepatriotebenin.com\/index.php\/2025\/07\/08\/baccalaureat-2025-au-benin-voici-la-date-de-la-session-de-remplacement\/#primaryimage"},"thumbnailUrl":"https:\/\/lepatriotebenin.com\/wp-content\/uploads\/2025\/07\/office-du-bac-780x358-1.jpeg","datePublished":"2025-07-08T20:42:59+00:00","author":{"@id":"https:\/\/lepatriotebenin.com\/#\/schema\/person\/4a9b67216c97d04045e01405c534c91f"},"breadcrumb":{"@id":"https:\/\/lepatriotebenin.com\/index.php\/2025\/07\/08\/baccalaureat-2025-au-benin-voici-la-date-de-la-session-de-remplacement\/#breadcrumb"},"inLanguage":"fr-FR","potentialAction":[{"@type":"ReadAction","target":["https:\/\/lepatriotebenin.com\/index.php\/2025\/07\/08\/baccalaureat-2025-au-benin-voici-la-date-de-la-session-de-remplacement\/"]}]},{"@type":"ImageObject","inLanguage":"fr-FR","@id":"https:\/\/lepatriotebenin.com\/index.php\/2025\/07\/08\/baccalaureat-2025-au-benin-voici-la-date-de-la-session-de-remplacement\/#primaryimage","url":"https:\/\/lepatriotebenin.com\/wp-content\/uploads\/2025\/07\/office-du-bac-780x358-1.jpeg","contentUrl":"https:\/\/lepatriotebenin.com\/wp-content\/uploads\/2025\/07\/office-du-bac-780x358-1.jpeg","width":780,"height":358},{"@type":"BreadcrumbList","@id":"https:\/\/lepatriotebenin.com\/index.php\/2025\/07\/08\/baccalaureat-2025-au-benin-voici-la-date-de-la-session-de-remplacement\/#breadcrumb","itemListElement":[{"@type":"ListItem","position":1,"name":"Accueil","item":"https:\/\/lepatriotebenin.com\/"},{"@type":"ListItem","position":2,"name":"Baccalaur\u00e9at 2025 au B\u00e9nin : Voici la date de la session de remplacement"}]},{"@type":"WebSite","@id":"https:\/\/lepatriotebenin.com\/#website","url":"https:\/\/lepatriotebenin.com\/","name":"Le Patriote","description":"Le Patriote B\u00e9nin","potentialAction":[{"@type":"SearchAction","target":{"@type":"EntryPoint","urlTemplate":"https:\/\/lepatriotebenin.com\/?s={search_term_string}"},"query-input":{"@type":"PropertyValueSpecification","valueRequired":true,"valueName":"search_term_string"}}],"inLanguage":"fr-FR"},{"@type":"Person","@id":"https:\/\/lepatriotebenin.com\/#\/schema\/person\/4a9b67216c97d04045e01405c534c91f","name":"Roland AFFANOU","image":{"@type":"ImageObject","inLanguage":"fr-FR","@id":"https:\/\/secure.gravatar.com\/avatar\/7209d3f6d2d47ea4d0c67e14d3effb61feb10ae540a4381280c66265de5bd643?s=96&d=mm&r=g","url":"https:\/\/secure.gravatar.com\/avatar\/7209d3f6d2d47ea4d0c67e14d3effb61feb10ae540a4381280c66265de5bd643?s=96&d=mm&r=g","contentUrl":"https:\/\/secure.gravatar.com\/avatar\/7209d3f6d2d47ea4d0c67e14d3effb61feb10ae540a4381280c66265de5bd643?s=96&d=mm&r=g","caption":"Roland AFFANOU"},"url":"https:\/\/lepatriotebenin.com"}]}},"_links":{"self":[{"href":"https:\/\/lepatriotebenin.com\/index.php\/wp-json\/wp\/v2\/posts\/11830","targetHints":{"allow":["GET"]}}],"collection":[{"href":"https:\/\/lepatriotebenin.com\/index.php\/wp-json\/wp\/v2\/posts"}],"about":[{"href":"https:\/\/lepatriotebenin.com\/index.php\/wp-json\/wp\/v2\/types\/post"}],"author":[{"embeddable":true,"href":"https:\/\/lepatriotebenin.com\/index.php\/wp-json\/wp\/v2\/users\/6"}],"replies":[{"embeddable":true,"href":"https:\/\/lepatriotebenin.com\/index.php\/wp-json\/wp\/v2\/comments?post=11830"}],"version-history":[{"count":1,"href":"https:\/\/lepatriotebenin.com\/index.php\/wp-json\/wp\/v2\/posts\/11830\/revisions"}],"predecessor-version":[{"id":11832,"href":"https:\/\/lepatriotebenin.com\/index.php\/wp-json\/wp\/v2\/posts\/11830\/revisions\/11832"}],"wp:featuredmedia":[{"embeddable":true,"href":"https:\/\/lepatriotebenin.com\/index.php\/wp-json\/wp\/v2\/media\/11831"}],"wp:attachment":[{"href":"https:\/\/lepatriotebenin.com\/index.php\/wp-json\/wp\/v2\/media?parent=11830"}],"wp:term":[{"taxonomy":"category","embeddable":true,"href":"https:\/\/lepatriotebenin.com\/index.php\/wp-json\/wp\/v2\/categories?post=11830"},{"taxonomy":"post_tag","embeddable":true,"href":"https:\/\/lepatriotebenin.com\/index.php\/wp-json\/wp\/v2\/tags?post=11830"}],"curies":[{"name":"wp","href":"https:\/\/api.w.org\/{rel}","templated":true}]}}