{"id":11827,"date":"2025-07-08T21:18:40","date_gmt":"2025-07-08T19:18:40","guid":{"rendered":"https:\/\/lepatriotebenin.com\/?p=11827"},"modified":"2025-07-09T12:20:03","modified_gmt":"2025-07-09T10:20:03","slug":"meilleures-strategies-de-lutte-contre-la-torture-partages-dexperience-et-de-reflexion-approfondie-au-coeur-de-la-rencontre-a-cotonou","status":"publish","type":"post","link":"https:\/\/lepatriotebenin.com\/index.php\/2025\/07\/08\/meilleures-strategies-de-lutte-contre-la-torture-partages-dexperience-et-de-reflexion-approfondie-au-coeur-de-la-rencontre-a-cotonou\/","title":{"rendered":"Lutte contre la torture en Afrique: Les acteurs se mobilisent pour mieux prot\u00e9ger les victimes"},"content":{"rendered":"<p><strong>La 2<sup>\u00e8me<\/sup> rencontre r\u00e9gionale du groupe d\u2019intervention judiciaire SOS torture en\u00a0 Afrique a \u00e9t\u00e9 lanc\u00e9e\u00a0 le lundi 07 juillet 2025 \u00e0 \u00a0B\u00e9nin Royal H\u00f4tel de Cotonou. <em>\u00abRenforcement du contentieux strat\u00e9gique et du plaidoyer pour la lutte contre la torture en Afrique\u00a0<\/em>\u00bb. Tel est le th\u00e8me qui va r\u00e9unir pr\u00e8s d\u2019une semaine les activistes, les acteurs , des d\u00e9fenseurs des droits humains plus pr\u00e9cis\u00e9ment les d\u00e9fenseurs de carri\u00e8re\u00a0 que sont les avocats venus entre autres du B\u00e9nin, Togo, du Tchad, de la RDC, du Congo Brazzaville, du Burundi, du Rwanda, du Burkina Faso, du Niger et de la Cote d\u2019Ivoire.<\/strong><\/p>\n<p>Dans son discours d\u2019ouverture de l\u2019atelier, le Pr\u00e9sident du Conseil d\u2019Administration du Changement Social B\u00e9nin (CSB), <strong>Ralmeg Gandaho<\/strong> a d\u00e9clar\u00e9 que \u00a0\u00ab<em>\u00a0nous avons le devoir tout en portant l\u2019humanisme et l\u2019universalit\u00e9 des droits humains, le devoir de d\u00e9velopper des outils, des approches, de plaidoyer qui davantage expliquent et justifient notre place\u00a0 \u00e0 c\u00f4t\u00e9 des Etats\u00a0 en tant qu\u2019acteurs d\u2019accompagnement\u00a0<\/em>\u00bb.\u00a0 De ce point de vue, dit-il, <em>\u00ab\u00a0pendant que de fa\u00e7on r\u00e9currente,\u00a0 nous assistons \u00e0\u00a0 des faits, des faits\u00a0 de violation de droits, des actes de violation de droits, des faits et actes qui s\u2019assimilent dans la plupart des cas\u00a0 \u00e0 la torture. L\u2019outil qui nous\u00a0 convient nous\u00a0 de par nos diff\u00e9rentes postures \u00a0institutionnelles\u00a0 s\u2019av\u00e8rent \u00eatre l\u2019outil\u00a0 le plus pacifique, c\u2019est-\u00e0-dire l\u2019outil de\u00a0 plaidoyer juridique\u00a0<\/em>\u00bb.<\/p>\n<p>Le Pr\u00e9sident du\u00a0 Conseil d\u2019 Administration du CSB a signifi\u00e9 que \u00ab<em>si au plaidoyer classique les portes nous sont ferm\u00e9es, il y a quand m\u00eame le besoin et les outils pour\u00a0 forcer les portes ferm\u00e9es \u00e0\u00a0 travers le plaidoyer juridique\u00a0<\/em>\u00bb. \u00a0Il \u00a0a soulign\u00e9 que ces avocats \u00ab\u00a0qui ont fait le chemin de Cotonou, c\u2019est justement davantage pour mettre \u00a0en synergie les efforts, du moins les pr\u00e9occupations de l\u2019heure dans un contexte o\u00f9 les droits humains semblent en p\u00e9ril avec un recul ou un d\u00e9ni de l\u2019universalisme auquel la plupart de nos Etats\u00a0 ont consenti de garanties juridiques\u00a0\u00bb. \u00a0\u00ab\u00a0<em>Nous avons \u00e0\u00a0 c\u0153ur \u00e0 travers cette session que nous abritons au B\u00e9nin \u00a0de nous faire d\u00e9couvrir, nous faire comprendre\u00a0 par les porteurs de responsabilit\u00e9\u00a0<\/em>\u00bb, a l\u00e2ch\u00e9 \u00a0Ralmeg Gandaho.<\/p>\n<p>Quand Me <strong>Claude Am\u00e8gan,<\/strong> pr\u00e9sident \u00a0du Collectif, des Associations Contre l\u2019Impunit\u00e9 au Togo (CACIT), il a affirm\u00e9 que \u00ab<em>pour \u00a0la 2<sup>\u00e8me<\/sup> fois, ce groupe \u00a0d\u2019\u00e9minents avocats se retrouve<\/em>\u00a0\u00bb. Occasion, selon lui, pour eux\u00a0 \u00ab\u00a0<em>de faire avancer l\u2019ensemble de la lutte contre la tortue,\u00a0 six ans apr\u00e8s la premi\u00e8re rencontre qui a eu \u00e0 Lom\u00e9 au Togo<\/em>\u00a0\u00bb. Il a laiss\u00e9 entendre qu\u2019 \u00ab <em>aujourd\u2019hui, les organisations\u00a0des droits de l\u2019homme sont engag\u00e9es et d\u00e9termin\u00e9es \u00e0 faire reculer la torture<\/em>\u00a0\u00bb. \u00a0C\u2019est pourquoi,\u00a0 selon le pr\u00e9sident du CACIT, pour relever ce d\u00e9fi, il faut penser aux \u00a0strat\u00e9gies globales qui \u00ab\u00a0<em>mobilisent acteurs de la soci\u00e9t\u00e9 civile et acteurs \u00e9tatiques en pla\u00e7ant au c\u0153ur des actions la protection des victimes, le respect de leur dignit\u00e9 et de leurs droits<\/em>\u00a0\u00bb. Cette 2<sup>\u00e8me<\/sup> rencontre r\u00e9gionale, pour lui, \u00a0\u00ab <em>est une opportunit\u00e9 de partages d\u2019exp\u00e9rience et de r\u00e9flexion approfondie sur les\u00a0 meilleures strat\u00e9gies de lutte contre la torture et les mauvais traitements en Afrique<\/em>\u00a0\u00bb.\u00a0 Il a par ailleurs r\u00e9v\u00e9l\u00e9 que depuis 2019, \u00a0date de\u00a0 cr\u00e9ation dudit groupe, environs 10 plaintes ont \u00e9t\u00e9 d\u00e9pos\u00e9es aupr\u00e8s des diff\u00e9rents m\u00e9canismes r\u00e9gionaux \u00a0et internationaux\u00a0\u00a0 notamment la cour de justice de la CEDEAO ou le comit\u00e9 contre la torture. On \u00a0peut retenir de l\u2019intervention de Me Claude Am\u00e8gan que le \u00a0contentieux strat\u00e9gique est un levier efficace\u00a0 contre la torture.<\/p>\n<p>Le responsable bureau Afrique de\u00a0 l\u2019Organisation mondiale contre la torture (OMCT),<strong> Isidore Ngueuleu\u00a0 Djeuga<\/strong> a, pour sa\u00a0 part,\u00a0 d\u00e9clar\u00e9 qu\u2019 \u00ab\u00a0<em>\u00e0 l\u2019exception de s\u2019unir, on voit d\u00e9j\u00e0 en Afrique noire des ann\u00e9es 80, un recours assez disproportionn\u00e9 de la force, une patrimonialisation du pouvoir, une sacralisation des nations qui d\u00e9tenaient le pouvoir et une brutalisation terrible de la soci\u00e9t\u00e9<\/em>\u00a0\u00bb. Pour, \u00ab<em>il \u00a0est \u00e9vident que seul le droit peut permettre de r\u00e9guler ce recours \u00e0 la force, cette\u00a0 personnalisation, cette personnification du pouvoir<\/em>\u00a0\u00bb.<\/p>\n","protected":false},"excerpt":{"rendered":"<p>La 2\u00e8me rencontre r\u00e9gionale du groupe d\u2019intervention judiciaire SOS torture en\u00a0 Afrique a \u00e9t\u00e9 lanc\u00e9e\u00a0 le lundi 07 juillet 2025 \u00e0 \u00a0B\u00e9nin Royal H\u00f4tel de Cotonou. \u00abRenforcement du contentieux strat\u00e9gique&hellip;<\/p>\n","protected":false},"author":6,"featured_media":11828,"comment_status":"open","ping_status":"open","sticky":false,"template":"","format":"standard","meta":{"content-type":"","om_disable_all_campaigns":false,"_monsterinsights_skip_tracking":false,"_monsterinsights_sitenote_active":false,"_monsterinsights_sitenote_note":"","_monsterinsights_sitenote_category":0,"_uf_show_specific_survey":0,"_uf_disable_surveys":false,"footnotes":""},"categories":[20],"tags":[],"class_list":["post-11827","post","type-post","status-publish","format-standard","has-post-thumbnail","hentry","category-societe"],"aioseo_notices":[],"yoast_head":"<!-- This site is optimized with the Yoast SEO plugin v27.5 - https:\/\/yoast.com\/product\/yoast-seo-wordpress\/ -->\n<title>Lutte contre la torture en Afrique: Les acteurs se mobilisent pour mieux prot\u00e9ger les victimes - Le Patriote<\/title>\n<meta name=\"robots\" content=\"index, follow, max-snippet:-1, max-image-preview:large, max-video-preview:-1\" \/>\n<link rel=\"canonical\" href=\"https:\/\/lepatriotebenin.com\/index.php\/2025\/07\/08\/meilleures-strategies-de-lutte-contre-la-torture-partages-dexperience-et-de-reflexion-approfondie-au-coeur-de-la-rencontre-a-cotonou\/\" \/>\n<meta property=\"og:locale\" content=\"fr_FR\" \/>\n<meta property=\"og:type\" content=\"article\" \/>\n<meta property=\"og:title\" content=\"Lutte contre la torture en Afrique: Les acteurs se mobilisent pour mieux prot\u00e9ger les victimes - Le Patriote\" \/>\n<meta property=\"og:description\" content=\"La 2\u00e8me rencontre r\u00e9gionale du groupe d\u2019intervention judiciaire SOS torture en\u00a0 Afrique a \u00e9t\u00e9 lanc\u00e9e\u00a0 le lundi 07 juillet 2025 \u00e0 \u00a0B\u00e9nin Royal H\u00f4tel de Cotonou. \u00abRenforcement du contentieux strat\u00e9gique&hellip;\" \/>\n<meta property=\"og:url\" content=\"https:\/\/lepatriotebenin.com\/index.php\/2025\/07\/08\/meilleures-strategies-de-lutte-contre-la-torture-partages-dexperience-et-de-reflexion-approfondie-au-coeur-de-la-rencontre-a-cotonou\/\" \/>\n<meta property=\"og:site_name\" content=\"Le Patriote\" \/>\n<meta property=\"article:published_time\" content=\"2025-07-08T19:18:40+00:00\" \/>\n<meta property=\"article:modified_time\" content=\"2025-07-09T10:20:03+00:00\" \/>\n<meta property=\"og:image\" content=\"https:\/\/lepatriotebenin.com\/wp-content\/uploads\/2025\/07\/avocats.jpg\" \/>\n\t<meta property=\"og:image:width\" content=\"1080\" \/>\n\t<meta property=\"og:image:height\" content=\"810\" \/>\n\t<meta property=\"og:image:type\" content=\"image\/jpeg\" \/>\n<meta name=\"author\" content=\"Roland AFFANOU\" \/>\n<meta name=\"twitter:card\" content=\"summary_large_image\" \/>\n<meta name=\"twitter:label1\" content=\"\u00c9crit par\" \/>\n\t<meta name=\"twitter:data1\" content=\"Roland AFFANOU\" \/>\n\t<meta name=\"twitter:label2\" content=\"Dur\u00e9e de lecture estim\u00e9e\" \/>\n\t<meta name=\"twitter:data2\" content=\"4 minutes\" \/>\n<script type=\"application\/ld+json\" class=\"yoast-schema-graph\">{\"@context\":\"https:\\\/\\\/schema.org\",\"@graph\":[{\"@type\":\"Article\",\"@id\":\"https:\\\/\\\/lepatriotebenin.com\\\/index.php\\\/2025\\\/07\\\/08\\\/meilleures-strategies-de-lutte-contre-la-torture-partages-dexperience-et-de-reflexion-approfondie-au-coeur-de-la-rencontre-a-cotonou\\\/#article\",\"isPartOf\":{\"@id\":\"https:\\\/\\\/lepatriotebenin.com\\\/index.php\\\/2025\\\/07\\\/08\\\/meilleures-strategies-de-lutte-contre-la-torture-partages-dexperience-et-de-reflexion-approfondie-au-coeur-de-la-rencontre-a-cotonou\\\/\"},\"author\":{\"name\":\"Roland AFFANOU\",\"@id\":\"https:\\\/\\\/lepatriotebenin.com\\\/#\\\/schema\\\/person\\\/4a9b67216c97d04045e01405c534c91f\"},\"headline\":\"Lutte contre la torture en Afrique: Les acteurs se mobilisent pour mieux prot\u00e9ger les victimes\",\"datePublished\":\"2025-07-08T19:18:40+00:00\",\"dateModified\":\"2025-07-09T10:20:03+00:00\",\"mainEntityOfPage\":{\"@id\":\"https:\\\/\\\/lepatriotebenin.com\\\/index.php\\\/2025\\\/07\\\/08\\\/meilleures-strategies-de-lutte-contre-la-torture-partages-dexperience-et-de-reflexion-approfondie-au-coeur-de-la-rencontre-a-cotonou\\\/\"},\"wordCount\":742,\"commentCount\":0,\"image\":{\"@id\":\"https:\\\/\\\/lepatriotebenin.com\\\/index.php\\\/2025\\\/07\\\/08\\\/meilleures-strategies-de-lutte-contre-la-torture-partages-dexperience-et-de-reflexion-approfondie-au-coeur-de-la-rencontre-a-cotonou\\\/#primaryimage\"},\"thumbnailUrl\":\"https:\\\/\\\/lepatriotebenin.com\\\/wp-content\\\/uploads\\\/2025\\\/07\\\/avocats.jpg\",\"articleSection\":[\"Soci\u00e9t\u00e9\"],\"inLanguage\":\"fr-FR\",\"potentialAction\":[{\"@type\":\"CommentAction\",\"name\":\"Comment\",\"target\":[\"https:\\\/\\\/lepatriotebenin.com\\\/index.php\\\/2025\\\/07\\\/08\\\/meilleures-strategies-de-lutte-contre-la-torture-partages-dexperience-et-de-reflexion-approfondie-au-coeur-de-la-rencontre-a-cotonou\\\/#respond\"]}]},{\"@type\":\"WebPage\",\"@id\":\"https:\\\/\\\/lepatriotebenin.com\\\/index.php\\\/2025\\\/07\\\/08\\\/meilleures-strategies-de-lutte-contre-la-torture-partages-dexperience-et-de-reflexion-approfondie-au-coeur-de-la-rencontre-a-cotonou\\\/\",\"url\":\"https:\\\/\\\/lepatriotebenin.com\\\/index.php\\\/2025\\\/07\\\/08\\\/meilleures-strategies-de-lutte-contre-la-torture-partages-dexperience-et-de-reflexion-approfondie-au-coeur-de-la-rencontre-a-cotonou\\\/\",\"name\":\"Lutte contre la torture en Afrique: Les acteurs se mobilisent pour mieux prot\u00e9ger les victimes - Le Patriote\",\"isPartOf\":{\"@id\":\"https:\\\/\\\/lepatriotebenin.com\\\/#website\"},\"primaryImageOfPage\":{\"@id\":\"https:\\\/\\\/lepatriotebenin.com\\\/index.php\\\/2025\\\/07\\\/08\\\/meilleures-strategies-de-lutte-contre-la-torture-partages-dexperience-et-de-reflexion-approfondie-au-coeur-de-la-rencontre-a-cotonou\\\/#primaryimage\"},\"image\":{\"@id\":\"https:\\\/\\\/lepatriotebenin.com\\\/index.php\\\/2025\\\/07\\\/08\\\/meilleures-strategies-de-lutte-contre-la-torture-partages-dexperience-et-de-reflexion-approfondie-au-coeur-de-la-rencontre-a-cotonou\\\/#primaryimage\"},\"thumbnailUrl\":\"https:\\\/\\\/lepatriotebenin.com\\\/wp-content\\\/uploads\\\/2025\\\/07\\\/avocats.jpg\",\"datePublished\":\"2025-07-08T19:18:40+00:00\",\"dateModified\":\"2025-07-09T10:20:03+00:00\",\"author\":{\"@id\":\"https:\\\/\\\/lepatriotebenin.com\\\/#\\\/schema\\\/person\\\/4a9b67216c97d04045e01405c534c91f\"},\"breadcrumb\":{\"@id\":\"https:\\\/\\\/lepatriotebenin.com\\\/index.php\\\/2025\\\/07\\\/08\\\/meilleures-strategies-de-lutte-contre-la-torture-partages-dexperience-et-de-reflexion-approfondie-au-coeur-de-la-rencontre-a-cotonou\\\/#breadcrumb\"},\"inLanguage\":\"fr-FR\",\"potentialAction\":[{\"@type\":\"ReadAction\",\"target\":[\"https:\\\/\\\/lepatriotebenin.com\\\/index.php\\\/2025\\\/07\\\/08\\\/meilleures-strategies-de-lutte-contre-la-torture-partages-dexperience-et-de-reflexion-approfondie-au-coeur-de-la-rencontre-a-cotonou\\\/\"]}]},{\"@type\":\"ImageObject\",\"inLanguage\":\"fr-FR\",\"@id\":\"https:\\\/\\\/lepatriotebenin.com\\\/index.php\\\/2025\\\/07\\\/08\\\/meilleures-strategies-de-lutte-contre-la-torture-partages-dexperience-et-de-reflexion-approfondie-au-coeur-de-la-rencontre-a-cotonou\\\/#primaryimage\",\"url\":\"https:\\\/\\\/lepatriotebenin.com\\\/wp-content\\\/uploads\\\/2025\\\/07\\\/avocats.jpg\",\"contentUrl\":\"https:\\\/\\\/lepatriotebenin.com\\\/wp-content\\\/uploads\\\/2025\\\/07\\\/avocats.jpg\",\"width\":1080,\"height\":810},{\"@type\":\"BreadcrumbList\",\"@id\":\"https:\\\/\\\/lepatriotebenin.com\\\/index.php\\\/2025\\\/07\\\/08\\\/meilleures-strategies-de-lutte-contre-la-torture-partages-dexperience-et-de-reflexion-approfondie-au-coeur-de-la-rencontre-a-cotonou\\\/#breadcrumb\",\"itemListElement\":[{\"@type\":\"ListItem\",\"position\":1,\"name\":\"Accueil\",\"item\":\"https:\\\/\\\/lepatriotebenin.com\\\/\"},{\"@type\":\"ListItem\",\"position\":2,\"name\":\"Lutte contre la torture en Afrique: Les acteurs se mobilisent pour mieux prot\u00e9ger les victimes\"}]},{\"@type\":\"WebSite\",\"@id\":\"https:\\\/\\\/lepatriotebenin.com\\\/#website\",\"url\":\"https:\\\/\\\/lepatriotebenin.com\\\/\",\"name\":\"Le Patriote\",\"description\":\"Le Patriote B\u00e9nin\",\"potentialAction\":[{\"@type\":\"SearchAction\",\"target\":{\"@type\":\"EntryPoint\",\"urlTemplate\":\"https:\\\/\\\/lepatriotebenin.com\\\/?s={search_term_string}\"},\"query-input\":{\"@type\":\"PropertyValueSpecification\",\"valueRequired\":true,\"valueName\":\"search_term_string\"}}],\"inLanguage\":\"fr-FR\"},{\"@type\":\"Person\",\"@id\":\"https:\\\/\\\/lepatriotebenin.com\\\/#\\\/schema\\\/person\\\/4a9b67216c97d04045e01405c534c91f\",\"name\":\"Roland AFFANOU\",\"image\":{\"@type\":\"ImageObject\",\"inLanguage\":\"fr-FR\",\"@id\":\"https:\\\/\\\/secure.gravatar.com\\\/avatar\\\/7209d3f6d2d47ea4d0c67e14d3effb61feb10ae540a4381280c66265de5bd643?s=96&d=mm&r=g\",\"url\":\"https:\\\/\\\/secure.gravatar.com\\\/avatar\\\/7209d3f6d2d47ea4d0c67e14d3effb61feb10ae540a4381280c66265de5bd643?s=96&d=mm&r=g\",\"contentUrl\":\"https:\\\/\\\/secure.gravatar.com\\\/avatar\\\/7209d3f6d2d47ea4d0c67e14d3effb61feb10ae540a4381280c66265de5bd643?s=96&d=mm&r=g\",\"caption\":\"Roland AFFANOU\"},\"url\":\"https:\\\/\\\/lepatriotebenin.com\"}]}<\/script>\n<!-- \/ Yoast SEO plugin. -->","yoast_head_json":{"title":"Lutte contre la torture en Afrique: Les acteurs se mobilisent pour mieux prot\u00e9ger les victimes - Le Patriote","robots":{"index":"index","follow":"follow","max-snippet":"max-snippet:-1","max-image-preview":"max-image-preview:large","max-video-preview":"max-video-preview:-1"},"canonical":"https:\/\/lepatriotebenin.com\/index.php\/2025\/07\/08\/meilleures-strategies-de-lutte-contre-la-torture-partages-dexperience-et-de-reflexion-approfondie-au-coeur-de-la-rencontre-a-cotonou\/","og_locale":"fr_FR","og_type":"article","og_title":"Lutte contre la torture en Afrique: Les acteurs se mobilisent pour mieux prot\u00e9ger les victimes - Le Patriote","og_description":"La 2\u00e8me rencontre r\u00e9gionale du groupe d\u2019intervention judiciaire SOS torture en\u00a0 Afrique a \u00e9t\u00e9 lanc\u00e9e\u00a0 le lundi 07 juillet 2025 \u00e0 \u00a0B\u00e9nin Royal H\u00f4tel de Cotonou. \u00abRenforcement du contentieux strat\u00e9gique&hellip;","og_url":"https:\/\/lepatriotebenin.com\/index.php\/2025\/07\/08\/meilleures-strategies-de-lutte-contre-la-torture-partages-dexperience-et-de-reflexion-approfondie-au-coeur-de-la-rencontre-a-cotonou\/","og_site_name":"Le Patriote","article_published_time":"2025-07-08T19:18:40+00:00","article_modified_time":"2025-07-09T10:20:03+00:00","og_image":[{"width":1080,"height":810,"url":"https:\/\/lepatriotebenin.com\/wp-content\/uploads\/2025\/07\/avocats.jpg","type":"image\/jpeg"}],"author":"Roland AFFANOU","twitter_card":"summary_large_image","twitter_misc":{"\u00c9crit par":"Roland AFFANOU","Dur\u00e9e de lecture estim\u00e9e":"4 minutes"},"schema":{"@context":"https:\/\/schema.org","@graph":[{"@type":"Article","@id":"https:\/\/lepatriotebenin.com\/index.php\/2025\/07\/08\/meilleures-strategies-de-lutte-contre-la-torture-partages-dexperience-et-de-reflexion-approfondie-au-coeur-de-la-rencontre-a-cotonou\/#article","isPartOf":{"@id":"https:\/\/lepatriotebenin.com\/index.php\/2025\/07\/08\/meilleures-strategies-de-lutte-contre-la-torture-partages-dexperience-et-de-reflexion-approfondie-au-coeur-de-la-rencontre-a-cotonou\/"},"author":{"name":"Roland AFFANOU","@id":"https:\/\/lepatriotebenin.com\/#\/schema\/person\/4a9b67216c97d04045e01405c534c91f"},"headline":"Lutte contre la torture en Afrique: Les acteurs se mobilisent pour mieux prot\u00e9ger les victimes","datePublished":"2025-07-08T19:18:40+00:00","dateModified":"2025-07-09T10:20:03+00:00","mainEntityOfPage":{"@id":"https:\/\/lepatriotebenin.com\/index.php\/2025\/07\/08\/meilleures-strategies-de-lutte-contre-la-torture-partages-dexperience-et-de-reflexion-approfondie-au-coeur-de-la-rencontre-a-cotonou\/"},"wordCount":742,"commentCount":0,"image":{"@id":"https:\/\/lepatriotebenin.com\/index.php\/2025\/07\/08\/meilleures-strategies-de-lutte-contre-la-torture-partages-dexperience-et-de-reflexion-approfondie-au-coeur-de-la-rencontre-a-cotonou\/#primaryimage"},"thumbnailUrl":"https:\/\/lepatriotebenin.com\/wp-content\/uploads\/2025\/07\/avocats.jpg","articleSection":["Soci\u00e9t\u00e9"],"inLanguage":"fr-FR","potentialAction":[{"@type":"CommentAction","name":"Comment","target":["https:\/\/lepatriotebenin.com\/index.php\/2025\/07\/08\/meilleures-strategies-de-lutte-contre-la-torture-partages-dexperience-et-de-reflexion-approfondie-au-coeur-de-la-rencontre-a-cotonou\/#respond"]}]},{"@type":"WebPage","@id":"https:\/\/lepatriotebenin.com\/index.php\/2025\/07\/08\/meilleures-strategies-de-lutte-contre-la-torture-partages-dexperience-et-de-reflexion-approfondie-au-coeur-de-la-rencontre-a-cotonou\/","url":"https:\/\/lepatriotebenin.com\/index.php\/2025\/07\/08\/meilleures-strategies-de-lutte-contre-la-torture-partages-dexperience-et-de-reflexion-approfondie-au-coeur-de-la-rencontre-a-cotonou\/","name":"Lutte contre la torture en Afrique: Les acteurs se mobilisent pour mieux prot\u00e9ger les victimes - Le Patriote","isPartOf":{"@id":"https:\/\/lepatriotebenin.com\/#website"},"primaryImageOfPage":{"@id":"https:\/\/lepatriotebenin.com\/index.php\/2025\/07\/08\/meilleures-strategies-de-lutte-contre-la-torture-partages-dexperience-et-de-reflexion-approfondie-au-coeur-de-la-rencontre-a-cotonou\/#primaryimage"},"image":{"@id":"https:\/\/lepatriotebenin.com\/index.php\/2025\/07\/08\/meilleures-strategies-de-lutte-contre-la-torture-partages-dexperience-et-de-reflexion-approfondie-au-coeur-de-la-rencontre-a-cotonou\/#primaryimage"},"thumbnailUrl":"https:\/\/lepatriotebenin.com\/wp-content\/uploads\/2025\/07\/avocats.jpg","datePublished":"2025-07-08T19:18:40+00:00","dateModified":"2025-07-09T10:20:03+00:00","author":{"@id":"https:\/\/lepatriotebenin.com\/#\/schema\/person\/4a9b67216c97d04045e01405c534c91f"},"breadcrumb":{"@id":"https:\/\/lepatriotebenin.com\/index.php\/2025\/07\/08\/meilleures-strategies-de-lutte-contre-la-torture-partages-dexperience-et-de-reflexion-approfondie-au-coeur-de-la-rencontre-a-cotonou\/#breadcrumb"},"inLanguage":"fr-FR","potentialAction":[{"@type":"ReadAction","target":["https:\/\/lepatriotebenin.com\/index.php\/2025\/07\/08\/meilleures-strategies-de-lutte-contre-la-torture-partages-dexperience-et-de-reflexion-approfondie-au-coeur-de-la-rencontre-a-cotonou\/"]}]},{"@type":"ImageObject","inLanguage":"fr-FR","@id":"https:\/\/lepatriotebenin.com\/index.php\/2025\/07\/08\/meilleures-strategies-de-lutte-contre-la-torture-partages-dexperience-et-de-reflexion-approfondie-au-coeur-de-la-rencontre-a-cotonou\/#primaryimage","url":"https:\/\/lepatriotebenin.com\/wp-content\/uploads\/2025\/07\/avocats.jpg","contentUrl":"https:\/\/lepatriotebenin.com\/wp-content\/uploads\/2025\/07\/avocats.jpg","width":1080,"height":810},{"@type":"BreadcrumbList","@id":"https:\/\/lepatriotebenin.com\/index.php\/2025\/07\/08\/meilleures-strategies-de-lutte-contre-la-torture-partages-dexperience-et-de-reflexion-approfondie-au-coeur-de-la-rencontre-a-cotonou\/#breadcrumb","itemListElement":[{"@type":"ListItem","position":1,"name":"Accueil","item":"https:\/\/lepatriotebenin.com\/"},{"@type":"ListItem","position":2,"name":"Lutte contre la torture en Afrique: Les acteurs se mobilisent pour mieux prot\u00e9ger les victimes"}]},{"@type":"WebSite","@id":"https:\/\/lepatriotebenin.com\/#website","url":"https:\/\/lepatriotebenin.com\/","name":"Le Patriote","description":"Le Patriote B\u00e9nin","potentialAction":[{"@type":"SearchAction","target":{"@type":"EntryPoint","urlTemplate":"https:\/\/lepatriotebenin.com\/?s={search_term_string}"},"query-input":{"@type":"PropertyValueSpecification","valueRequired":true,"valueName":"search_term_string"}}],"inLanguage":"fr-FR"},{"@type":"Person","@id":"https:\/\/lepatriotebenin.com\/#\/schema\/person\/4a9b67216c97d04045e01405c534c91f","name":"Roland AFFANOU","image":{"@type":"ImageObject","inLanguage":"fr-FR","@id":"https:\/\/secure.gravatar.com\/avatar\/7209d3f6d2d47ea4d0c67e14d3effb61feb10ae540a4381280c66265de5bd643?s=96&d=mm&r=g","url":"https:\/\/secure.gravatar.com\/avatar\/7209d3f6d2d47ea4d0c67e14d3effb61feb10ae540a4381280c66265de5bd643?s=96&d=mm&r=g","contentUrl":"https:\/\/secure.gravatar.com\/avatar\/7209d3f6d2d47ea4d0c67e14d3effb61feb10ae540a4381280c66265de5bd643?s=96&d=mm&r=g","caption":"Roland AFFANOU"},"url":"https:\/\/lepatriotebenin.com"}]}},"_links":{"self":[{"href":"https:\/\/lepatriotebenin.com\/index.php\/wp-json\/wp\/v2\/posts\/11827","targetHints":{"allow":["GET"]}}],"collection":[{"href":"https:\/\/lepatriotebenin.com\/index.php\/wp-json\/wp\/v2\/posts"}],"about":[{"href":"https:\/\/lepatriotebenin.com\/index.php\/wp-json\/wp\/v2\/types\/post"}],"author":[{"embeddable":true,"href":"https:\/\/lepatriotebenin.com\/index.php\/wp-json\/wp\/v2\/users\/6"}],"replies":[{"embeddable":true,"href":"https:\/\/lepatriotebenin.com\/index.php\/wp-json\/wp\/v2\/comments?post=11827"}],"version-history":[{"count":3,"href":"https:\/\/lepatriotebenin.com\/index.php\/wp-json\/wp\/v2\/posts\/11827\/revisions"}],"predecessor-version":[{"id":11841,"href":"https:\/\/lepatriotebenin.com\/index.php\/wp-json\/wp\/v2\/posts\/11827\/revisions\/11841"}],"wp:featuredmedia":[{"embeddable":true,"href":"https:\/\/lepatriotebenin.com\/index.php\/wp-json\/wp\/v2\/media\/11828"}],"wp:attachment":[{"href":"https:\/\/lepatriotebenin.com\/index.php\/wp-json\/wp\/v2\/media?parent=11827"}],"wp:term":[{"taxonomy":"category","embeddable":true,"href":"https:\/\/lepatriotebenin.com\/index.php\/wp-json\/wp\/v2\/categories?post=11827"},{"taxonomy":"post_tag","embeddable":true,"href":"https:\/\/lepatriotebenin.com\/index.php\/wp-json\/wp\/v2\/tags?post=11827"}],"curies":[{"name":"wp","href":"https:\/\/api.w.org\/{rel}","templated":true}]}}