{"id":11824,"date":"2025-07-08T17:26:49","date_gmt":"2025-07-08T15:26:49","guid":{"rendered":"https:\/\/lepatriotebenin.com\/?p=11824"},"modified":"2025-07-08T17:26:49","modified_gmt":"2025-07-08T15:26:49","slug":"guepards-du-benin-andreas-hountondji-en-pret-dans-un-club-allemand","status":"publish","type":"post","link":"https:\/\/lepatriotebenin.com\/index.php\/2025\/07\/08\/guepards-du-benin-andreas-hountondji-en-pret-dans-un-club-allemand\/","title":{"rendered":"Gu\u00e9pards du B\u00e9nin : Andr\u00e9as Hountondji en pr\u00eat dans un club allemand"},"content":{"rendered":"<p>L\u2019international b\u00e9ninois <strong>Andr\u00e9as Hountondji<\/strong> s\u2019engage le club allemand FC\u00a0 St Pauli sous forme de pr\u00eat d\u2019une saison. FC St Pauli est un club de la Bundesliga.\u00a0 L\u2019attaquant international b\u00e9ninois de <strong>22 ans<\/strong> provient du club anglais de Premier League, <strong>Burnley FC.<\/strong> Cette signature a \u00e9t\u00e9 officialis\u00e9e ce <strong>mardi 8 juillet 2025<\/strong> par le FC St Pauli.\u00a0 Hountondji<strong>, 1, 90<\/strong> m est un avant-centre polyvalent capable d\u2019\u00e9voluer sur tout le front de l\u2019attaque. Franco-b\u00e9ninois, il a d\u00e9j\u00e0 totalis\u00e9 14 s\u00e9lections avec les Gu\u00e9pards du B\u00e9nin. Apr\u00e8s un pr\u00eat r\u00e9ussi au Standard de Li\u00e8ge lors de la deuxi\u00e8me moiti\u00e9 de la saison derni\u00e8re, o\u00f9 il a disput\u00e9 18 rencontres, inscrit 4 buts et d\u00e9livr\u00e9 2 passes d\u00e9cisives, il poursuit son parcours en Allemagne.<\/p>\n<p>\u00ab <em>Je suis tr\u00e8s heureux de rejoindre le FC St. Pauli et d\u2019avoir l\u2019opportunit\u00e9 d\u2019\u00e9voluer en Bundesliga. Les \u00e9changes avec le directeur sportif et le coach ont \u00e9t\u00e9 excellents<\/em> \u00bb, a-t-il indiqu\u00e9 sur le site du club.\u00a0 Avant de promettre\u00a0: <em>\u00ab Ce club d\u00e9gage quelque chose de sp\u00e9cial et je veux contribuer \u00e0 faire de cette saison une r\u00e9ussite <\/em>\u00bb.\u00a0 Quant au directeur sportif du FC St. Pauli, Andreas Bornemann, il a d\u00e9clar\u00e9\u00a0: \u00abavec Andr\u00e9as, nous accueillons un joueur tr\u00e8s int\u00e9ressant qui va enrichir notre secteur offensif \u00bb, a-t-il d\u00e9clar\u00e9, r\u00e9jouissant que\u00a0 <em>\u00ab sa puissance, sa vitesse et ses qualit\u00e9s physiques s\u2019int\u00e8grent parfaitement \u00e0 notre philosophie de jeu. Il associe pr\u00e9sence athl\u00e9tique, dynamisme, vitesse et potentiel technique \u00bb.<\/em><\/p>\n<p>L\u2019entra\u00eeneur de l\u2019\u00e9quipe, <strong>Alexander Blessin,<\/strong> \u00a0pour sa part, estime que Andr\u00e9as Hountondji se distingue <em>\u00ab par ses appels dans le dos de la d\u00e9fense, sa capacit\u00e9 \u00e0 conclure des deux pieds, sa pr\u00e9sence a\u00e9rienne naturelle et sa combativit\u00e9 dans les duels \u00bb.<\/em> Selon lui, l\u2019attaquant poss\u00e8de \u00e9galement <em>\u00ab des qualit\u00e9s pr\u00e9cieuses sans le ballon<\/em> \u00bb. \u00a0Il a fait savoir que son nouveau joueur est \u00ab <em>est agressif, rapide dans les phases de transition et anticipe bien les situations de pressing, ce qui est pr\u00e9cieux pour le collectif. \u00bb<\/em><\/p>\n<p>&nbsp;<\/p>\n<p>&nbsp;<\/p>\n","protected":false},"excerpt":{"rendered":"<p>L\u2019international b\u00e9ninois Andr\u00e9as Hountondji s\u2019engage le club allemand FC\u00a0 St Pauli sous forme de pr\u00eat d\u2019une saison. FC St Pauli est un club de la Bundesliga.\u00a0 L\u2019attaquant international b\u00e9ninois de&hellip;<\/p>\n","protected":false},"author":6,"featured_media":11825,"comment_status":"open","ping_status":"open","sticky":false,"template":"","format":"standard","meta":{"content-type":"","om_disable_all_campaigns":false,"_monsterinsights_skip_tracking":false,"_monsterinsights_sitenote_active":false,"_monsterinsights_sitenote_note":"","_monsterinsights_sitenote_category":0,"_uf_show_specific_survey":0,"_uf_disable_surveys":false,"footnotes":""},"categories":[8],"tags":[],"class_list":["post-11824","post","type-post","status-publish","format-standard","has-post-thumbnail","hentry","category-sport"],"aioseo_notices":[],"yoast_head":"<!-- This site is optimized with the Yoast SEO plugin v27.5 - https:\/\/yoast.com\/product\/yoast-seo-wordpress\/ -->\n<title>Gu\u00e9pards du B\u00e9nin : Andr\u00e9as Hountondji en pr\u00eat dans un club allemand - Le Patriote<\/title>\n<meta name=\"robots\" content=\"index, follow, max-snippet:-1, max-image-preview:large, max-video-preview:-1\" \/>\n<link rel=\"canonical\" href=\"https:\/\/lepatriotebenin.com\/index.php\/2025\/07\/08\/guepards-du-benin-andreas-hountondji-en-pret-dans-un-club-allemand\/\" \/>\n<meta property=\"og:locale\" content=\"fr_FR\" \/>\n<meta property=\"og:type\" content=\"article\" \/>\n<meta property=\"og:title\" content=\"Gu\u00e9pards du B\u00e9nin : Andr\u00e9as Hountondji en pr\u00eat dans un club allemand - Le Patriote\" \/>\n<meta property=\"og:description\" content=\"L\u2019international b\u00e9ninois Andr\u00e9as Hountondji s\u2019engage le club allemand FC\u00a0 St Pauli sous forme de pr\u00eat d\u2019une saison. FC St Pauli est un club de la Bundesliga.\u00a0 L\u2019attaquant international b\u00e9ninois de&hellip;\" \/>\n<meta property=\"og:url\" content=\"https:\/\/lepatriotebenin.com\/index.php\/2025\/07\/08\/guepards-du-benin-andreas-hountondji-en-pret-dans-un-club-allemand\/\" \/>\n<meta property=\"og:site_name\" content=\"Le Patriote\" \/>\n<meta property=\"article:published_time\" content=\"2025-07-08T15:26:49+00:00\" \/>\n<meta property=\"og:image\" content=\"https:\/\/lepatriotebenin.com\/wp-content\/uploads\/2025\/07\/andreas-hountondji.jpg\" \/>\n\t<meta property=\"og:image:width\" content=\"780\" \/>\n\t<meta property=\"og:image:height\" content=\"560\" \/>\n\t<meta property=\"og:image:type\" content=\"image\/jpeg\" \/>\n<meta name=\"author\" content=\"Roland AFFANOU\" \/>\n<meta name=\"twitter:card\" content=\"summary_large_image\" \/>\n<meta name=\"twitter:label1\" content=\"\u00c9crit par\" \/>\n\t<meta name=\"twitter:data1\" content=\"Roland AFFANOU\" \/>\n\t<meta name=\"twitter:label2\" content=\"Dur\u00e9e de lecture estim\u00e9e\" \/>\n\t<meta name=\"twitter:data2\" content=\"2 minutes\" \/>\n<script type=\"application\/ld+json\" class=\"yoast-schema-graph\">{\"@context\":\"https:\\\/\\\/schema.org\",\"@graph\":[{\"@type\":\"Article\",\"@id\":\"https:\\\/\\\/lepatriotebenin.com\\\/index.php\\\/2025\\\/07\\\/08\\\/guepards-du-benin-andreas-hountondji-en-pret-dans-un-club-allemand\\\/#article\",\"isPartOf\":{\"@id\":\"https:\\\/\\\/lepatriotebenin.com\\\/index.php\\\/2025\\\/07\\\/08\\\/guepards-du-benin-andreas-hountondji-en-pret-dans-un-club-allemand\\\/\"},\"author\":{\"name\":\"Roland AFFANOU\",\"@id\":\"https:\\\/\\\/lepatriotebenin.com\\\/#\\\/schema\\\/person\\\/4a9b67216c97d04045e01405c534c91f\"},\"headline\":\"Gu\u00e9pards du B\u00e9nin : Andr\u00e9as Hountondji en pr\u00eat dans un club allemand\",\"datePublished\":\"2025-07-08T15:26:49+00:00\",\"mainEntityOfPage\":{\"@id\":\"https:\\\/\\\/lepatriotebenin.com\\\/index.php\\\/2025\\\/07\\\/08\\\/guepards-du-benin-andreas-hountondji-en-pret-dans-un-club-allemand\\\/\"},\"wordCount\":373,\"commentCount\":0,\"image\":{\"@id\":\"https:\\\/\\\/lepatriotebenin.com\\\/index.php\\\/2025\\\/07\\\/08\\\/guepards-du-benin-andreas-hountondji-en-pret-dans-un-club-allemand\\\/#primaryimage\"},\"thumbnailUrl\":\"https:\\\/\\\/lepatriotebenin.com\\\/wp-content\\\/uploads\\\/2025\\\/07\\\/andreas-hountondji.jpg\",\"articleSection\":[\"Sport\"],\"inLanguage\":\"fr-FR\",\"potentialAction\":[{\"@type\":\"CommentAction\",\"name\":\"Comment\",\"target\":[\"https:\\\/\\\/lepatriotebenin.com\\\/index.php\\\/2025\\\/07\\\/08\\\/guepards-du-benin-andreas-hountondji-en-pret-dans-un-club-allemand\\\/#respond\"]}]},{\"@type\":\"WebPage\",\"@id\":\"https:\\\/\\\/lepatriotebenin.com\\\/index.php\\\/2025\\\/07\\\/08\\\/guepards-du-benin-andreas-hountondji-en-pret-dans-un-club-allemand\\\/\",\"url\":\"https:\\\/\\\/lepatriotebenin.com\\\/index.php\\\/2025\\\/07\\\/08\\\/guepards-du-benin-andreas-hountondji-en-pret-dans-un-club-allemand\\\/\",\"name\":\"Gu\u00e9pards du B\u00e9nin : Andr\u00e9as Hountondji en pr\u00eat dans un club allemand - Le Patriote\",\"isPartOf\":{\"@id\":\"https:\\\/\\\/lepatriotebenin.com\\\/#website\"},\"primaryImageOfPage\":{\"@id\":\"https:\\\/\\\/lepatriotebenin.com\\\/index.php\\\/2025\\\/07\\\/08\\\/guepards-du-benin-andreas-hountondji-en-pret-dans-un-club-allemand\\\/#primaryimage\"},\"image\":{\"@id\":\"https:\\\/\\\/lepatriotebenin.com\\\/index.php\\\/2025\\\/07\\\/08\\\/guepards-du-benin-andreas-hountondji-en-pret-dans-un-club-allemand\\\/#primaryimage\"},\"thumbnailUrl\":\"https:\\\/\\\/lepatriotebenin.com\\\/wp-content\\\/uploads\\\/2025\\\/07\\\/andreas-hountondji.jpg\",\"datePublished\":\"2025-07-08T15:26:49+00:00\",\"author\":{\"@id\":\"https:\\\/\\\/lepatriotebenin.com\\\/#\\\/schema\\\/person\\\/4a9b67216c97d04045e01405c534c91f\"},\"breadcrumb\":{\"@id\":\"https:\\\/\\\/lepatriotebenin.com\\\/index.php\\\/2025\\\/07\\\/08\\\/guepards-du-benin-andreas-hountondji-en-pret-dans-un-club-allemand\\\/#breadcrumb\"},\"inLanguage\":\"fr-FR\",\"potentialAction\":[{\"@type\":\"ReadAction\",\"target\":[\"https:\\\/\\\/lepatriotebenin.com\\\/index.php\\\/2025\\\/07\\\/08\\\/guepards-du-benin-andreas-hountondji-en-pret-dans-un-club-allemand\\\/\"]}]},{\"@type\":\"ImageObject\",\"inLanguage\":\"fr-FR\",\"@id\":\"https:\\\/\\\/lepatriotebenin.com\\\/index.php\\\/2025\\\/07\\\/08\\\/guepards-du-benin-andreas-hountondji-en-pret-dans-un-club-allemand\\\/#primaryimage\",\"url\":\"https:\\\/\\\/lepatriotebenin.com\\\/wp-content\\\/uploads\\\/2025\\\/07\\\/andreas-hountondji.jpg\",\"contentUrl\":\"https:\\\/\\\/lepatriotebenin.com\\\/wp-content\\\/uploads\\\/2025\\\/07\\\/andreas-hountondji.jpg\",\"width\":780,\"height\":560},{\"@type\":\"BreadcrumbList\",\"@id\":\"https:\\\/\\\/lepatriotebenin.com\\\/index.php\\\/2025\\\/07\\\/08\\\/guepards-du-benin-andreas-hountondji-en-pret-dans-un-club-allemand\\\/#breadcrumb\",\"itemListElement\":[{\"@type\":\"ListItem\",\"position\":1,\"name\":\"Accueil\",\"item\":\"https:\\\/\\\/lepatriotebenin.com\\\/\"},{\"@type\":\"ListItem\",\"position\":2,\"name\":\"Gu\u00e9pards du B\u00e9nin : Andr\u00e9as Hountondji en pr\u00eat dans un club allemand\"}]},{\"@type\":\"WebSite\",\"@id\":\"https:\\\/\\\/lepatriotebenin.com\\\/#website\",\"url\":\"https:\\\/\\\/lepatriotebenin.com\\\/\",\"name\":\"Le Patriote\",\"description\":\"Le Patriote B\u00e9nin\",\"potentialAction\":[{\"@type\":\"SearchAction\",\"target\":{\"@type\":\"EntryPoint\",\"urlTemplate\":\"https:\\\/\\\/lepatriotebenin.com\\\/?s={search_term_string}\"},\"query-input\":{\"@type\":\"PropertyValueSpecification\",\"valueRequired\":true,\"valueName\":\"search_term_string\"}}],\"inLanguage\":\"fr-FR\"},{\"@type\":\"Person\",\"@id\":\"https:\\\/\\\/lepatriotebenin.com\\\/#\\\/schema\\\/person\\\/4a9b67216c97d04045e01405c534c91f\",\"name\":\"Roland AFFANOU\",\"image\":{\"@type\":\"ImageObject\",\"inLanguage\":\"fr-FR\",\"@id\":\"https:\\\/\\\/secure.gravatar.com\\\/avatar\\\/7209d3f6d2d47ea4d0c67e14d3effb61feb10ae540a4381280c66265de5bd643?s=96&d=mm&r=g\",\"url\":\"https:\\\/\\\/secure.gravatar.com\\\/avatar\\\/7209d3f6d2d47ea4d0c67e14d3effb61feb10ae540a4381280c66265de5bd643?s=96&d=mm&r=g\",\"contentUrl\":\"https:\\\/\\\/secure.gravatar.com\\\/avatar\\\/7209d3f6d2d47ea4d0c67e14d3effb61feb10ae540a4381280c66265de5bd643?s=96&d=mm&r=g\",\"caption\":\"Roland AFFANOU\"},\"url\":\"https:\\\/\\\/lepatriotebenin.com\"}]}<\/script>\n<!-- \/ Yoast SEO plugin. -->","yoast_head_json":{"title":"Gu\u00e9pards du B\u00e9nin : Andr\u00e9as Hountondji en pr\u00eat dans un club allemand - Le Patriote","robots":{"index":"index","follow":"follow","max-snippet":"max-snippet:-1","max-image-preview":"max-image-preview:large","max-video-preview":"max-video-preview:-1"},"canonical":"https:\/\/lepatriotebenin.com\/index.php\/2025\/07\/08\/guepards-du-benin-andreas-hountondji-en-pret-dans-un-club-allemand\/","og_locale":"fr_FR","og_type":"article","og_title":"Gu\u00e9pards du B\u00e9nin : Andr\u00e9as Hountondji en pr\u00eat dans un club allemand - Le Patriote","og_description":"L\u2019international b\u00e9ninois Andr\u00e9as Hountondji s\u2019engage le club allemand FC\u00a0 St Pauli sous forme de pr\u00eat d\u2019une saison. FC St Pauli est un club de la Bundesliga.\u00a0 L\u2019attaquant international b\u00e9ninois de&hellip;","og_url":"https:\/\/lepatriotebenin.com\/index.php\/2025\/07\/08\/guepards-du-benin-andreas-hountondji-en-pret-dans-un-club-allemand\/","og_site_name":"Le Patriote","article_published_time":"2025-07-08T15:26:49+00:00","og_image":[{"width":780,"height":560,"url":"https:\/\/lepatriotebenin.com\/wp-content\/uploads\/2025\/07\/andreas-hountondji.jpg","type":"image\/jpeg"}],"author":"Roland AFFANOU","twitter_card":"summary_large_image","twitter_misc":{"\u00c9crit par":"Roland AFFANOU","Dur\u00e9e de lecture estim\u00e9e":"2 minutes"},"schema":{"@context":"https:\/\/schema.org","@graph":[{"@type":"Article","@id":"https:\/\/lepatriotebenin.com\/index.php\/2025\/07\/08\/guepards-du-benin-andreas-hountondji-en-pret-dans-un-club-allemand\/#article","isPartOf":{"@id":"https:\/\/lepatriotebenin.com\/index.php\/2025\/07\/08\/guepards-du-benin-andreas-hountondji-en-pret-dans-un-club-allemand\/"},"author":{"name":"Roland AFFANOU","@id":"https:\/\/lepatriotebenin.com\/#\/schema\/person\/4a9b67216c97d04045e01405c534c91f"},"headline":"Gu\u00e9pards du B\u00e9nin : Andr\u00e9as Hountondji en pr\u00eat dans un club allemand","datePublished":"2025-07-08T15:26:49+00:00","mainEntityOfPage":{"@id":"https:\/\/lepatriotebenin.com\/index.php\/2025\/07\/08\/guepards-du-benin-andreas-hountondji-en-pret-dans-un-club-allemand\/"},"wordCount":373,"commentCount":0,"image":{"@id":"https:\/\/lepatriotebenin.com\/index.php\/2025\/07\/08\/guepards-du-benin-andreas-hountondji-en-pret-dans-un-club-allemand\/#primaryimage"},"thumbnailUrl":"https:\/\/lepatriotebenin.com\/wp-content\/uploads\/2025\/07\/andreas-hountondji.jpg","articleSection":["Sport"],"inLanguage":"fr-FR","potentialAction":[{"@type":"CommentAction","name":"Comment","target":["https:\/\/lepatriotebenin.com\/index.php\/2025\/07\/08\/guepards-du-benin-andreas-hountondji-en-pret-dans-un-club-allemand\/#respond"]}]},{"@type":"WebPage","@id":"https:\/\/lepatriotebenin.com\/index.php\/2025\/07\/08\/guepards-du-benin-andreas-hountondji-en-pret-dans-un-club-allemand\/","url":"https:\/\/lepatriotebenin.com\/index.php\/2025\/07\/08\/guepards-du-benin-andreas-hountondji-en-pret-dans-un-club-allemand\/","name":"Gu\u00e9pards du B\u00e9nin : Andr\u00e9as Hountondji en pr\u00eat dans un club allemand - Le Patriote","isPartOf":{"@id":"https:\/\/lepatriotebenin.com\/#website"},"primaryImageOfPage":{"@id":"https:\/\/lepatriotebenin.com\/index.php\/2025\/07\/08\/guepards-du-benin-andreas-hountondji-en-pret-dans-un-club-allemand\/#primaryimage"},"image":{"@id":"https:\/\/lepatriotebenin.com\/index.php\/2025\/07\/08\/guepards-du-benin-andreas-hountondji-en-pret-dans-un-club-allemand\/#primaryimage"},"thumbnailUrl":"https:\/\/lepatriotebenin.com\/wp-content\/uploads\/2025\/07\/andreas-hountondji.jpg","datePublished":"2025-07-08T15:26:49+00:00","author":{"@id":"https:\/\/lepatriotebenin.com\/#\/schema\/person\/4a9b67216c97d04045e01405c534c91f"},"breadcrumb":{"@id":"https:\/\/lepatriotebenin.com\/index.php\/2025\/07\/08\/guepards-du-benin-andreas-hountondji-en-pret-dans-un-club-allemand\/#breadcrumb"},"inLanguage":"fr-FR","potentialAction":[{"@type":"ReadAction","target":["https:\/\/lepatriotebenin.com\/index.php\/2025\/07\/08\/guepards-du-benin-andreas-hountondji-en-pret-dans-un-club-allemand\/"]}]},{"@type":"ImageObject","inLanguage":"fr-FR","@id":"https:\/\/lepatriotebenin.com\/index.php\/2025\/07\/08\/guepards-du-benin-andreas-hountondji-en-pret-dans-un-club-allemand\/#primaryimage","url":"https:\/\/lepatriotebenin.com\/wp-content\/uploads\/2025\/07\/andreas-hountondji.jpg","contentUrl":"https:\/\/lepatriotebenin.com\/wp-content\/uploads\/2025\/07\/andreas-hountondji.jpg","width":780,"height":560},{"@type":"BreadcrumbList","@id":"https:\/\/lepatriotebenin.com\/index.php\/2025\/07\/08\/guepards-du-benin-andreas-hountondji-en-pret-dans-un-club-allemand\/#breadcrumb","itemListElement":[{"@type":"ListItem","position":1,"name":"Accueil","item":"https:\/\/lepatriotebenin.com\/"},{"@type":"ListItem","position":2,"name":"Gu\u00e9pards du B\u00e9nin : Andr\u00e9as Hountondji en pr\u00eat dans un club allemand"}]},{"@type":"WebSite","@id":"https:\/\/lepatriotebenin.com\/#website","url":"https:\/\/lepatriotebenin.com\/","name":"Le Patriote","description":"Le Patriote B\u00e9nin","potentialAction":[{"@type":"SearchAction","target":{"@type":"EntryPoint","urlTemplate":"https:\/\/lepatriotebenin.com\/?s={search_term_string}"},"query-input":{"@type":"PropertyValueSpecification","valueRequired":true,"valueName":"search_term_string"}}],"inLanguage":"fr-FR"},{"@type":"Person","@id":"https:\/\/lepatriotebenin.com\/#\/schema\/person\/4a9b67216c97d04045e01405c534c91f","name":"Roland AFFANOU","image":{"@type":"ImageObject","inLanguage":"fr-FR","@id":"https:\/\/secure.gravatar.com\/avatar\/7209d3f6d2d47ea4d0c67e14d3effb61feb10ae540a4381280c66265de5bd643?s=96&d=mm&r=g","url":"https:\/\/secure.gravatar.com\/avatar\/7209d3f6d2d47ea4d0c67e14d3effb61feb10ae540a4381280c66265de5bd643?s=96&d=mm&r=g","contentUrl":"https:\/\/secure.gravatar.com\/avatar\/7209d3f6d2d47ea4d0c67e14d3effb61feb10ae540a4381280c66265de5bd643?s=96&d=mm&r=g","caption":"Roland AFFANOU"},"url":"https:\/\/lepatriotebenin.com"}]}},"_links":{"self":[{"href":"https:\/\/lepatriotebenin.com\/index.php\/wp-json\/wp\/v2\/posts\/11824","targetHints":{"allow":["GET"]}}],"collection":[{"href":"https:\/\/lepatriotebenin.com\/index.php\/wp-json\/wp\/v2\/posts"}],"about":[{"href":"https:\/\/lepatriotebenin.com\/index.php\/wp-json\/wp\/v2\/types\/post"}],"author":[{"embeddable":true,"href":"https:\/\/lepatriotebenin.com\/index.php\/wp-json\/wp\/v2\/users\/6"}],"replies":[{"embeddable":true,"href":"https:\/\/lepatriotebenin.com\/index.php\/wp-json\/wp\/v2\/comments?post=11824"}],"version-history":[{"count":1,"href":"https:\/\/lepatriotebenin.com\/index.php\/wp-json\/wp\/v2\/posts\/11824\/revisions"}],"predecessor-version":[{"id":11826,"href":"https:\/\/lepatriotebenin.com\/index.php\/wp-json\/wp\/v2\/posts\/11824\/revisions\/11826"}],"wp:featuredmedia":[{"embeddable":true,"href":"https:\/\/lepatriotebenin.com\/index.php\/wp-json\/wp\/v2\/media\/11825"}],"wp:attachment":[{"href":"https:\/\/lepatriotebenin.com\/index.php\/wp-json\/wp\/v2\/media?parent=11824"}],"wp:term":[{"taxonomy":"category","embeddable":true,"href":"https:\/\/lepatriotebenin.com\/index.php\/wp-json\/wp\/v2\/categories?post=11824"},{"taxonomy":"post_tag","embeddable":true,"href":"https:\/\/lepatriotebenin.com\/index.php\/wp-json\/wp\/v2\/tags?post=11824"}],"curies":[{"name":"wp","href":"https:\/\/api.w.org\/{rel}","templated":true}]}}