{"id":11821,"date":"2025-07-08T15:33:10","date_gmt":"2025-07-08T13:33:10","guid":{"rendered":"https:\/\/lepatriotebenin.com\/?p=11821"},"modified":"2025-07-09T12:28:34","modified_gmt":"2025-07-09T10:28:34","slug":"avenir-politique-de-paul-biya-divergence-et-cacophonie-au-sein-du-gouvernement-camerounais","status":"publish","type":"post","link":"https:\/\/lepatriotebenin.com\/index.php\/2025\/07\/08\/avenir-politique-de-paul-biya-divergence-et-cacophonie-au-sein-du-gouvernement-camerounais\/","title":{"rendered":"Avenir politique de Paul Biya: Cacophonie au sein du gouvernement"},"content":{"rendered":"<p><strong><em>Le chef de l&rsquo;\u00c9tat camerounais sera-t-il candidat \u00e0 la pr\u00e9sidentielle d&rsquo;octobre ? \u00ab\u00a0C&rsquo;est du 50\/50\u00a0\u00bb, a d\u00e9clar\u00e9 lundi sur RFI le porte-parole du gouvernement camerounais, le ministre Ren\u00e9-Emmanuel Sadi. \u00ab\u00a0Il n&rsquo;y a aucun doute\u00a0\u00bb, le pr\u00e9sident Paul Biya sera candidat en octobre, affirme de son c\u00f4t\u00e9, toujours sur RFI, le porte-parole du parti au pouvoir RDPC, Jacques Fame Ndongo. Visiblement, il y a donc une divergence entre le gouvernement et le parti au pouvoir sur l&rsquo;avenir politique du pr\u00e9sident camerounais. Jacques Fame Ndongo, est aussi ministre d\u2019Etat et ministre de l&rsquo;Enseignement sup\u00e9rieur. <\/em><\/strong><\/p>\n<p>Les divergences au sommet de l\u2019Etat se r\u00e9v\u00e8lent au grand jour. \u00a0La certitude d\u2019une candidature de Paul Biya fait divergence au sein du gouvernement. Si le porte-parole du gouvernement h\u00e9site \u00e0 franchir le rubicond en affirmant que \u00abc\u2019est du 50\/50\u00a0\u00bb, les\u00a0 ministres <strong><em>Bello Bouba Ma\u00efgari et Issa Tchiroma Bakary<\/em><\/strong><em> ont d\u00e9j\u00e0 d\u00e9clar\u00e9\u00a0 leur candidature pour l\u2019\u00e9lection pr\u00e9sidentielle d\u2019octobre 2025. Quant au parti au pouvoir, c\u2019est\u00a0 de l\u2019opacit\u00e9 et de la cacophonie au sujet de la candidature ou non de Paul Biya. Cela s\u2019est confirm\u00e9 ce <strong>mardi 08 juillet 2025,<\/strong> dans une\u00a0 interview accord\u00e9e \u00a0\u00e0 RFI, \u00a0par le<\/em> porte-parole du parti au pouvoir RDPC et ministre de l&rsquo;Enseignement sup\u00e9rieur.<\/p>\n<p>Le ministre de\u00a0 la communication et porte-parole du gouvernement avait d\u00e9clar\u00e9 ceci sur Radio France Internationale\u00a0: \u00ab\u00a0<em>Tout simplement parce que le RDPC conna\u00eet les dispositions de la loi. Nous avons encore suffisamment de temps pour que le RDPC se prononce et donc nous attendons dans les meilleurs d\u00e9lais possibles sous la conduite de son pr\u00e9sident national, le pr\u00e9sident Paul Biya. Nous entendons nous d\u00e9cider dans ce sens-l\u00e0. Le chef de l\u2019\u00c9tat lui-m\u00eame a laiss\u00e9 entendre que, le moment venu, il dirait \u00e0 ses militants s\u2019il est candidat ou non<\/em>\u00a0\u00bb et a poursuivi\u00a0: \u00ab\u00a0<em>Je ne suis pas un devin, pour vous dire. Il se prononcera en son \u00e2me et conscience. Et c\u2019est un homme d\u2019une tr\u00e8s grande clairvoyance, d\u2019une tr\u00e8s grande sagesse. Il saura dire \u00e0 ses compatriotes la position qui sera la sienne<\/em>\u00a0\u00bb.<\/p>\n<p>Une sortie que ne partage pas du tout Jacques Fame Ndongo, sur les m\u00eames antennes de Rfi. Il a indiqu\u00e9 que \u00ab\u00a0\u00a0<em>le pr\u00e9sident Paul Biya sera candidat en octobre. \u00a0Paul Biya est le candidat du RDPC \u00e0 l\u2019\u00e9lection pr\u00e9sidentielle, tout le reste n\u2019est que supputation<\/em>\u00bb . Une forme de \u00a0divergence entre le gouvernement et le parti au pouvoir sur l\u2019avenir politique du pr\u00e9sident camerounais. Par contre \u00a0Le Secr\u00e9taire \u00e0 la Communication du Rassemblement d\u00e9mocratique du peuple camerounais (Rdpc) ne dit rien en revanche de la forme que prendra cette annonce\u00a0: \u00a0Un congr\u00e8s, une saisine de l&rsquo;une des instances du parti, le bureau politique ou le comit\u00e9 central ou alors un simple communiqu\u00e9 de presse ? Pour l&rsquo;heure, nul ne le sait.<\/p>\n","protected":false},"excerpt":{"rendered":"<p>Le chef de l&rsquo;\u00c9tat camerounais sera-t-il candidat \u00e0 la pr\u00e9sidentielle d&rsquo;octobre ? \u00ab\u00a0C&rsquo;est du 50\/50\u00a0\u00bb, a d\u00e9clar\u00e9 lundi sur RFI le porte-parole du gouvernement camerounais, le ministre Ren\u00e9-Emmanuel Sadi. \u00ab\u00a0Il&hellip;<\/p>\n","protected":false},"author":6,"featured_media":11822,"comment_status":"open","ping_status":"open","sticky":false,"template":"","format":"standard","meta":{"content-type":"","om_disable_all_campaigns":false,"_monsterinsights_skip_tracking":false,"_monsterinsights_sitenote_active":false,"_monsterinsights_sitenote_note":"","_monsterinsights_sitenote_category":0,"_uf_show_specific_survey":0,"_uf_disable_surveys":false,"footnotes":""},"categories":[9],"tags":[],"class_list":["post-11821","post","type-post","status-publish","format-standard","has-post-thumbnail","hentry","category-uncategorized"],"aioseo_notices":[],"yoast_head":"<!-- This site is optimized with the Yoast SEO plugin v27.5 - https:\/\/yoast.com\/product\/yoast-seo-wordpress\/ -->\n<title>Avenir politique de Paul Biya: Cacophonie au sein du gouvernement - Le Patriote<\/title>\n<meta name=\"robots\" content=\"index, follow, max-snippet:-1, max-image-preview:large, max-video-preview:-1\" \/>\n<link rel=\"canonical\" href=\"https:\/\/lepatriotebenin.com\/index.php\/2025\/07\/08\/avenir-politique-de-paul-biya-divergence-et-cacophonie-au-sein-du-gouvernement-camerounais\/\" \/>\n<meta property=\"og:locale\" content=\"fr_FR\" \/>\n<meta property=\"og:type\" content=\"article\" \/>\n<meta property=\"og:title\" content=\"Avenir politique de Paul Biya: Cacophonie au sein du gouvernement - Le Patriote\" \/>\n<meta property=\"og:description\" content=\"Le chef de l&rsquo;\u00c9tat camerounais sera-t-il candidat \u00e0 la pr\u00e9sidentielle d&rsquo;octobre ? \u00ab\u00a0C&rsquo;est du 50\/50\u00a0\u00bb, a d\u00e9clar\u00e9 lundi sur RFI le porte-parole du gouvernement camerounais, le ministre Ren\u00e9-Emmanuel Sadi. \u00ab\u00a0Il&hellip;\" \/>\n<meta property=\"og:url\" content=\"https:\/\/lepatriotebenin.com\/index.php\/2025\/07\/08\/avenir-politique-de-paul-biya-divergence-et-cacophonie-au-sein-du-gouvernement-camerounais\/\" \/>\n<meta property=\"og:site_name\" content=\"Le Patriote\" \/>\n<meta property=\"article:published_time\" content=\"2025-07-08T13:33:10+00:00\" \/>\n<meta property=\"article:modified_time\" content=\"2025-07-09T10:28:34+00:00\" \/>\n<meta property=\"og:image\" content=\"https:\/\/lepatriotebenin.com\/wp-content\/uploads\/2025\/07\/le-pr-jacques-fame-ndongo-1.jpg\" \/>\n\t<meta property=\"og:image:width\" content=\"720\" \/>\n\t<meta property=\"og:image:height\" content=\"404\" \/>\n\t<meta property=\"og:image:type\" content=\"image\/jpeg\" \/>\n<meta name=\"author\" content=\"Roland AFFANOU\" \/>\n<meta name=\"twitter:card\" content=\"summary_large_image\" \/>\n<meta name=\"twitter:label1\" content=\"\u00c9crit par\" \/>\n\t<meta name=\"twitter:data1\" content=\"Roland AFFANOU\" \/>\n\t<meta name=\"twitter:label2\" content=\"Dur\u00e9e de lecture estim\u00e9e\" \/>\n\t<meta name=\"twitter:data2\" content=\"3 minutes\" \/>\n<script type=\"application\/ld+json\" class=\"yoast-schema-graph\">{\"@context\":\"https:\\\/\\\/schema.org\",\"@graph\":[{\"@type\":\"Article\",\"@id\":\"https:\\\/\\\/lepatriotebenin.com\\\/index.php\\\/2025\\\/07\\\/08\\\/avenir-politique-de-paul-biya-divergence-et-cacophonie-au-sein-du-gouvernement-camerounais\\\/#article\",\"isPartOf\":{\"@id\":\"https:\\\/\\\/lepatriotebenin.com\\\/index.php\\\/2025\\\/07\\\/08\\\/avenir-politique-de-paul-biya-divergence-et-cacophonie-au-sein-du-gouvernement-camerounais\\\/\"},\"author\":{\"name\":\"Roland AFFANOU\",\"@id\":\"https:\\\/\\\/lepatriotebenin.com\\\/#\\\/schema\\\/person\\\/4a9b67216c97d04045e01405c534c91f\"},\"headline\":\"Avenir politique de Paul Biya: Cacophonie au sein du gouvernement\",\"datePublished\":\"2025-07-08T13:33:10+00:00\",\"dateModified\":\"2025-07-09T10:28:34+00:00\",\"mainEntityOfPage\":{\"@id\":\"https:\\\/\\\/lepatriotebenin.com\\\/index.php\\\/2025\\\/07\\\/08\\\/avenir-politique-de-paul-biya-divergence-et-cacophonie-au-sein-du-gouvernement-camerounais\\\/\"},\"wordCount\":507,\"commentCount\":0,\"image\":{\"@id\":\"https:\\\/\\\/lepatriotebenin.com\\\/index.php\\\/2025\\\/07\\\/08\\\/avenir-politique-de-paul-biya-divergence-et-cacophonie-au-sein-du-gouvernement-camerounais\\\/#primaryimage\"},\"thumbnailUrl\":\"https:\\\/\\\/lepatriotebenin.com\\\/wp-content\\\/uploads\\\/2025\\\/07\\\/le-pr-jacques-fame-ndongo-1.jpg\",\"articleSection\":[\"Uncategorized\"],\"inLanguage\":\"fr-FR\",\"potentialAction\":[{\"@type\":\"CommentAction\",\"name\":\"Comment\",\"target\":[\"https:\\\/\\\/lepatriotebenin.com\\\/index.php\\\/2025\\\/07\\\/08\\\/avenir-politique-de-paul-biya-divergence-et-cacophonie-au-sein-du-gouvernement-camerounais\\\/#respond\"]}]},{\"@type\":\"WebPage\",\"@id\":\"https:\\\/\\\/lepatriotebenin.com\\\/index.php\\\/2025\\\/07\\\/08\\\/avenir-politique-de-paul-biya-divergence-et-cacophonie-au-sein-du-gouvernement-camerounais\\\/\",\"url\":\"https:\\\/\\\/lepatriotebenin.com\\\/index.php\\\/2025\\\/07\\\/08\\\/avenir-politique-de-paul-biya-divergence-et-cacophonie-au-sein-du-gouvernement-camerounais\\\/\",\"name\":\"Avenir politique de Paul Biya: Cacophonie au sein du gouvernement - Le Patriote\",\"isPartOf\":{\"@id\":\"https:\\\/\\\/lepatriotebenin.com\\\/#website\"},\"primaryImageOfPage\":{\"@id\":\"https:\\\/\\\/lepatriotebenin.com\\\/index.php\\\/2025\\\/07\\\/08\\\/avenir-politique-de-paul-biya-divergence-et-cacophonie-au-sein-du-gouvernement-camerounais\\\/#primaryimage\"},\"image\":{\"@id\":\"https:\\\/\\\/lepatriotebenin.com\\\/index.php\\\/2025\\\/07\\\/08\\\/avenir-politique-de-paul-biya-divergence-et-cacophonie-au-sein-du-gouvernement-camerounais\\\/#primaryimage\"},\"thumbnailUrl\":\"https:\\\/\\\/lepatriotebenin.com\\\/wp-content\\\/uploads\\\/2025\\\/07\\\/le-pr-jacques-fame-ndongo-1.jpg\",\"datePublished\":\"2025-07-08T13:33:10+00:00\",\"dateModified\":\"2025-07-09T10:28:34+00:00\",\"author\":{\"@id\":\"https:\\\/\\\/lepatriotebenin.com\\\/#\\\/schema\\\/person\\\/4a9b67216c97d04045e01405c534c91f\"},\"breadcrumb\":{\"@id\":\"https:\\\/\\\/lepatriotebenin.com\\\/index.php\\\/2025\\\/07\\\/08\\\/avenir-politique-de-paul-biya-divergence-et-cacophonie-au-sein-du-gouvernement-camerounais\\\/#breadcrumb\"},\"inLanguage\":\"fr-FR\",\"potentialAction\":[{\"@type\":\"ReadAction\",\"target\":[\"https:\\\/\\\/lepatriotebenin.com\\\/index.php\\\/2025\\\/07\\\/08\\\/avenir-politique-de-paul-biya-divergence-et-cacophonie-au-sein-du-gouvernement-camerounais\\\/\"]}]},{\"@type\":\"ImageObject\",\"inLanguage\":\"fr-FR\",\"@id\":\"https:\\\/\\\/lepatriotebenin.com\\\/index.php\\\/2025\\\/07\\\/08\\\/avenir-politique-de-paul-biya-divergence-et-cacophonie-au-sein-du-gouvernement-camerounais\\\/#primaryimage\",\"url\":\"https:\\\/\\\/lepatriotebenin.com\\\/wp-content\\\/uploads\\\/2025\\\/07\\\/le-pr-jacques-fame-ndongo-1.jpg\",\"contentUrl\":\"https:\\\/\\\/lepatriotebenin.com\\\/wp-content\\\/uploads\\\/2025\\\/07\\\/le-pr-jacques-fame-ndongo-1.jpg\",\"width\":720,\"height\":404},{\"@type\":\"BreadcrumbList\",\"@id\":\"https:\\\/\\\/lepatriotebenin.com\\\/index.php\\\/2025\\\/07\\\/08\\\/avenir-politique-de-paul-biya-divergence-et-cacophonie-au-sein-du-gouvernement-camerounais\\\/#breadcrumb\",\"itemListElement\":[{\"@type\":\"ListItem\",\"position\":1,\"name\":\"Accueil\",\"item\":\"https:\\\/\\\/lepatriotebenin.com\\\/\"},{\"@type\":\"ListItem\",\"position\":2,\"name\":\"Avenir politique de Paul Biya: Cacophonie au sein du gouvernement\"}]},{\"@type\":\"WebSite\",\"@id\":\"https:\\\/\\\/lepatriotebenin.com\\\/#website\",\"url\":\"https:\\\/\\\/lepatriotebenin.com\\\/\",\"name\":\"Le Patriote\",\"description\":\"Le Patriote B\u00e9nin\",\"potentialAction\":[{\"@type\":\"SearchAction\",\"target\":{\"@type\":\"EntryPoint\",\"urlTemplate\":\"https:\\\/\\\/lepatriotebenin.com\\\/?s={search_term_string}\"},\"query-input\":{\"@type\":\"PropertyValueSpecification\",\"valueRequired\":true,\"valueName\":\"search_term_string\"}}],\"inLanguage\":\"fr-FR\"},{\"@type\":\"Person\",\"@id\":\"https:\\\/\\\/lepatriotebenin.com\\\/#\\\/schema\\\/person\\\/4a9b67216c97d04045e01405c534c91f\",\"name\":\"Roland AFFANOU\",\"image\":{\"@type\":\"ImageObject\",\"inLanguage\":\"fr-FR\",\"@id\":\"https:\\\/\\\/secure.gravatar.com\\\/avatar\\\/7209d3f6d2d47ea4d0c67e14d3effb61feb10ae540a4381280c66265de5bd643?s=96&d=mm&r=g\",\"url\":\"https:\\\/\\\/secure.gravatar.com\\\/avatar\\\/7209d3f6d2d47ea4d0c67e14d3effb61feb10ae540a4381280c66265de5bd643?s=96&d=mm&r=g\",\"contentUrl\":\"https:\\\/\\\/secure.gravatar.com\\\/avatar\\\/7209d3f6d2d47ea4d0c67e14d3effb61feb10ae540a4381280c66265de5bd643?s=96&d=mm&r=g\",\"caption\":\"Roland AFFANOU\"},\"url\":\"https:\\\/\\\/lepatriotebenin.com\"}]}<\/script>\n<!-- \/ Yoast SEO plugin. -->","yoast_head_json":{"title":"Avenir politique de Paul Biya: Cacophonie au sein du gouvernement - Le Patriote","robots":{"index":"index","follow":"follow","max-snippet":"max-snippet:-1","max-image-preview":"max-image-preview:large","max-video-preview":"max-video-preview:-1"},"canonical":"https:\/\/lepatriotebenin.com\/index.php\/2025\/07\/08\/avenir-politique-de-paul-biya-divergence-et-cacophonie-au-sein-du-gouvernement-camerounais\/","og_locale":"fr_FR","og_type":"article","og_title":"Avenir politique de Paul Biya: Cacophonie au sein du gouvernement - Le Patriote","og_description":"Le chef de l&rsquo;\u00c9tat camerounais sera-t-il candidat \u00e0 la pr\u00e9sidentielle d&rsquo;octobre ? \u00ab\u00a0C&rsquo;est du 50\/50\u00a0\u00bb, a d\u00e9clar\u00e9 lundi sur RFI le porte-parole du gouvernement camerounais, le ministre Ren\u00e9-Emmanuel Sadi. \u00ab\u00a0Il&hellip;","og_url":"https:\/\/lepatriotebenin.com\/index.php\/2025\/07\/08\/avenir-politique-de-paul-biya-divergence-et-cacophonie-au-sein-du-gouvernement-camerounais\/","og_site_name":"Le Patriote","article_published_time":"2025-07-08T13:33:10+00:00","article_modified_time":"2025-07-09T10:28:34+00:00","og_image":[{"width":720,"height":404,"url":"https:\/\/lepatriotebenin.com\/wp-content\/uploads\/2025\/07\/le-pr-jacques-fame-ndongo-1.jpg","type":"image\/jpeg"}],"author":"Roland AFFANOU","twitter_card":"summary_large_image","twitter_misc":{"\u00c9crit par":"Roland AFFANOU","Dur\u00e9e de lecture estim\u00e9e":"3 minutes"},"schema":{"@context":"https:\/\/schema.org","@graph":[{"@type":"Article","@id":"https:\/\/lepatriotebenin.com\/index.php\/2025\/07\/08\/avenir-politique-de-paul-biya-divergence-et-cacophonie-au-sein-du-gouvernement-camerounais\/#article","isPartOf":{"@id":"https:\/\/lepatriotebenin.com\/index.php\/2025\/07\/08\/avenir-politique-de-paul-biya-divergence-et-cacophonie-au-sein-du-gouvernement-camerounais\/"},"author":{"name":"Roland AFFANOU","@id":"https:\/\/lepatriotebenin.com\/#\/schema\/person\/4a9b67216c97d04045e01405c534c91f"},"headline":"Avenir politique de Paul Biya: Cacophonie au sein du gouvernement","datePublished":"2025-07-08T13:33:10+00:00","dateModified":"2025-07-09T10:28:34+00:00","mainEntityOfPage":{"@id":"https:\/\/lepatriotebenin.com\/index.php\/2025\/07\/08\/avenir-politique-de-paul-biya-divergence-et-cacophonie-au-sein-du-gouvernement-camerounais\/"},"wordCount":507,"commentCount":0,"image":{"@id":"https:\/\/lepatriotebenin.com\/index.php\/2025\/07\/08\/avenir-politique-de-paul-biya-divergence-et-cacophonie-au-sein-du-gouvernement-camerounais\/#primaryimage"},"thumbnailUrl":"https:\/\/lepatriotebenin.com\/wp-content\/uploads\/2025\/07\/le-pr-jacques-fame-ndongo-1.jpg","articleSection":["Uncategorized"],"inLanguage":"fr-FR","potentialAction":[{"@type":"CommentAction","name":"Comment","target":["https:\/\/lepatriotebenin.com\/index.php\/2025\/07\/08\/avenir-politique-de-paul-biya-divergence-et-cacophonie-au-sein-du-gouvernement-camerounais\/#respond"]}]},{"@type":"WebPage","@id":"https:\/\/lepatriotebenin.com\/index.php\/2025\/07\/08\/avenir-politique-de-paul-biya-divergence-et-cacophonie-au-sein-du-gouvernement-camerounais\/","url":"https:\/\/lepatriotebenin.com\/index.php\/2025\/07\/08\/avenir-politique-de-paul-biya-divergence-et-cacophonie-au-sein-du-gouvernement-camerounais\/","name":"Avenir politique de Paul Biya: Cacophonie au sein du gouvernement - Le Patriote","isPartOf":{"@id":"https:\/\/lepatriotebenin.com\/#website"},"primaryImageOfPage":{"@id":"https:\/\/lepatriotebenin.com\/index.php\/2025\/07\/08\/avenir-politique-de-paul-biya-divergence-et-cacophonie-au-sein-du-gouvernement-camerounais\/#primaryimage"},"image":{"@id":"https:\/\/lepatriotebenin.com\/index.php\/2025\/07\/08\/avenir-politique-de-paul-biya-divergence-et-cacophonie-au-sein-du-gouvernement-camerounais\/#primaryimage"},"thumbnailUrl":"https:\/\/lepatriotebenin.com\/wp-content\/uploads\/2025\/07\/le-pr-jacques-fame-ndongo-1.jpg","datePublished":"2025-07-08T13:33:10+00:00","dateModified":"2025-07-09T10:28:34+00:00","author":{"@id":"https:\/\/lepatriotebenin.com\/#\/schema\/person\/4a9b67216c97d04045e01405c534c91f"},"breadcrumb":{"@id":"https:\/\/lepatriotebenin.com\/index.php\/2025\/07\/08\/avenir-politique-de-paul-biya-divergence-et-cacophonie-au-sein-du-gouvernement-camerounais\/#breadcrumb"},"inLanguage":"fr-FR","potentialAction":[{"@type":"ReadAction","target":["https:\/\/lepatriotebenin.com\/index.php\/2025\/07\/08\/avenir-politique-de-paul-biya-divergence-et-cacophonie-au-sein-du-gouvernement-camerounais\/"]}]},{"@type":"ImageObject","inLanguage":"fr-FR","@id":"https:\/\/lepatriotebenin.com\/index.php\/2025\/07\/08\/avenir-politique-de-paul-biya-divergence-et-cacophonie-au-sein-du-gouvernement-camerounais\/#primaryimage","url":"https:\/\/lepatriotebenin.com\/wp-content\/uploads\/2025\/07\/le-pr-jacques-fame-ndongo-1.jpg","contentUrl":"https:\/\/lepatriotebenin.com\/wp-content\/uploads\/2025\/07\/le-pr-jacques-fame-ndongo-1.jpg","width":720,"height":404},{"@type":"BreadcrumbList","@id":"https:\/\/lepatriotebenin.com\/index.php\/2025\/07\/08\/avenir-politique-de-paul-biya-divergence-et-cacophonie-au-sein-du-gouvernement-camerounais\/#breadcrumb","itemListElement":[{"@type":"ListItem","position":1,"name":"Accueil","item":"https:\/\/lepatriotebenin.com\/"},{"@type":"ListItem","position":2,"name":"Avenir politique de Paul Biya: Cacophonie au sein du gouvernement"}]},{"@type":"WebSite","@id":"https:\/\/lepatriotebenin.com\/#website","url":"https:\/\/lepatriotebenin.com\/","name":"Le Patriote","description":"Le Patriote B\u00e9nin","potentialAction":[{"@type":"SearchAction","target":{"@type":"EntryPoint","urlTemplate":"https:\/\/lepatriotebenin.com\/?s={search_term_string}"},"query-input":{"@type":"PropertyValueSpecification","valueRequired":true,"valueName":"search_term_string"}}],"inLanguage":"fr-FR"},{"@type":"Person","@id":"https:\/\/lepatriotebenin.com\/#\/schema\/person\/4a9b67216c97d04045e01405c534c91f","name":"Roland AFFANOU","image":{"@type":"ImageObject","inLanguage":"fr-FR","@id":"https:\/\/secure.gravatar.com\/avatar\/7209d3f6d2d47ea4d0c67e14d3effb61feb10ae540a4381280c66265de5bd643?s=96&d=mm&r=g","url":"https:\/\/secure.gravatar.com\/avatar\/7209d3f6d2d47ea4d0c67e14d3effb61feb10ae540a4381280c66265de5bd643?s=96&d=mm&r=g","contentUrl":"https:\/\/secure.gravatar.com\/avatar\/7209d3f6d2d47ea4d0c67e14d3effb61feb10ae540a4381280c66265de5bd643?s=96&d=mm&r=g","caption":"Roland AFFANOU"},"url":"https:\/\/lepatriotebenin.com"}]}},"_links":{"self":[{"href":"https:\/\/lepatriotebenin.com\/index.php\/wp-json\/wp\/v2\/posts\/11821","targetHints":{"allow":["GET"]}}],"collection":[{"href":"https:\/\/lepatriotebenin.com\/index.php\/wp-json\/wp\/v2\/posts"}],"about":[{"href":"https:\/\/lepatriotebenin.com\/index.php\/wp-json\/wp\/v2\/types\/post"}],"author":[{"embeddable":true,"href":"https:\/\/lepatriotebenin.com\/index.php\/wp-json\/wp\/v2\/users\/6"}],"replies":[{"embeddable":true,"href":"https:\/\/lepatriotebenin.com\/index.php\/wp-json\/wp\/v2\/comments?post=11821"}],"version-history":[{"count":2,"href":"https:\/\/lepatriotebenin.com\/index.php\/wp-json\/wp\/v2\/posts\/11821\/revisions"}],"predecessor-version":[{"id":11845,"href":"https:\/\/lepatriotebenin.com\/index.php\/wp-json\/wp\/v2\/posts\/11821\/revisions\/11845"}],"wp:featuredmedia":[{"embeddable":true,"href":"https:\/\/lepatriotebenin.com\/index.php\/wp-json\/wp\/v2\/media\/11822"}],"wp:attachment":[{"href":"https:\/\/lepatriotebenin.com\/index.php\/wp-json\/wp\/v2\/media?parent=11821"}],"wp:term":[{"taxonomy":"category","embeddable":true,"href":"https:\/\/lepatriotebenin.com\/index.php\/wp-json\/wp\/v2\/categories?post=11821"},{"taxonomy":"post_tag","embeddable":true,"href":"https:\/\/lepatriotebenin.com\/index.php\/wp-json\/wp\/v2\/tags?post=11821"}],"curies":[{"name":"wp","href":"https:\/\/api.w.org\/{rel}","templated":true}]}}