{"id":11818,"date":"2025-07-08T12:47:21","date_gmt":"2025-07-08T10:47:21","guid":{"rendered":"https:\/\/lepatriotebenin.com\/?p=11818"},"modified":"2025-07-09T12:27:05","modified_gmt":"2025-07-09T10:27:05","slug":"presidentielle-2025-en-cote-divoire-boni-yayi-conduit-une-mission-preelectorale-des-sages-de-lafrique-de-louest","status":"publish","type":"post","link":"https:\/\/lepatriotebenin.com\/index.php\/2025\/07\/08\/presidentielle-2025-en-cote-divoire-boni-yayi-conduit-une-mission-preelectorale-des-sages-de-lafrique-de-louest\/","title":{"rendered":"Pr\u00e9sidentielle 2025 en C\u00f4te d&rsquo;Ivoire : Boni Yayi en mission de paix \u00e0 Abidjan"},"content":{"rendered":"<p>Une mission d\u2019information pr\u00e9\u00e9lectorale du Forum des Anciens Chefs d\u2019\u00c9tat d\u2019Afrique de l\u2019Ouest (WAEF), en amont de l\u2019\u00e9lection pr\u00e9sidentielle pr\u00e9vue pour octobre 2025, est actuellement \u00a0en C\u00f4te d\u2019Ivoire. Conduits par l\u2019ancien Pr\u00e9sident de la R\u00e9publique du B\u00e9nin, Thomas Boni Yayi, les membres de la mission sont arriv\u00e9s \u00e0 Abidjan dans l\u2019apr\u00e8s-midi du lundi 07 juillet 2025. Selon un communiqu\u00e9 du Secr\u00e9tariat du WAEF, les autres membres de cette mission incluent le pr\u00e9sident de la Goodluck Jonathan Foundation et ancien Pr\u00e9sident du Nig\u00e9ria, Dr Goodluck Ebele Jonathan, ainsi que Dr Mohamed Ibn Chambas, ancien Repr\u00e9sentant sp\u00e9cial du Secr\u00e9taire g\u00e9n\u00e9ral des Nations Unies et Chef du Bureau des Nations Unies pour l\u2019Afrique de l\u2019Ouest et le Sahel (UNOWAS), sans oublier des membres du secr\u00e9tariat du Forum.<\/p>\n<p>Ann Iyonu, Directrice ex\u00e9cutive de la Goodluck Jonathan Foundation et Cheffe du Secr\u00e9tariat du WAEF, a indiqu\u00e9 que les membres de la mission vont s\u00e9journer dans le pays pendant trois jours, au cours desquels ils rencontreront les principaux acteurs ivoiriens, notamment les partis politiques, l\u2019autorit\u00e9 \u00e9lectorale, les forces de s\u00e9curit\u00e9, la soci\u00e9t\u00e9 civile ainsi que les repr\u00e9sentants de la communaut\u00e9 diplomatique. Elle a soulign\u00e9 que les consultations men\u00e9es par les Sages \u00e0 Abidjan visent \u00e0 renforcer la confiance des Ivoiriens dans le processus \u00e9lectoral et \u00e0 garantir une \u00e9lection paisible et sans accroc.<\/p>\n<p>D\u2019apr\u00e8s le communiqu\u00e9, le WAEF a \u00e9t\u00e9 cr\u00e9\u00e9 comme une initiative r\u00e9gionale non partisane port\u00e9e par d\u2019anciens chefs d\u2019\u00c9tat et de gouvernement d\u2019Afrique de l\u2019Ouest. Le Forum mobilise l\u2019exp\u00e9rience, le statut et les r\u00e9seaux de ses membres pour offrir des services de conseil, de m\u00e9diation et de r\u00e9solution de conflits aux dirigeants politiques de la r\u00e9gion. Par \u00a0ses actions, il contribue \u00e9galement \u00e0 la promotion de la d\u00e9mocratie, de la bonne gouvernance, de la paix et de la stabilit\u00e9 dans l\u2019espace ouest-africain. L\u2019un des objectifs cl\u00e9s du Forum est d\u2019accompagner les pays de la sous-r\u00e9gion dans leurs efforts de consolidation d\u00e9mocratique, notamment lors des processus \u00e9lectoraux. Dans cette perspective, poursuit le communiqu\u00e9, le WAEF entreprend des actions strat\u00e9giques avant, pendant et apr\u00e8s les \u00e9lections afin que les diff\u00e9rends soient r\u00e9solus par le dialogue et dans le respect de l\u2019\u00c9tat de droit, en favorisant des transitions pacifiques.<\/p>\n<p>&nbsp;<\/p>\n<p>Il faut pr\u00e9ciser que\u00a0 depuis sa cr\u00e9ation en 2020, le WAEF a conduit des missions similaires dans plusieurs pays de la r\u00e9gion, dont le Nig\u00e9ria, le Ghana, la Sierra Leone, le Lib\u00e9ria, le S\u00e9n\u00e9gal et la Gambie.<\/p>\n","protected":false},"excerpt":{"rendered":"<p>Une mission d\u2019information pr\u00e9\u00e9lectorale du Forum des Anciens Chefs d\u2019\u00c9tat d\u2019Afrique de l\u2019Ouest (WAEF), en amont de l\u2019\u00e9lection pr\u00e9sidentielle pr\u00e9vue pour octobre 2025, est actuellement \u00a0en C\u00f4te d\u2019Ivoire. Conduits par&hellip;<\/p>\n","protected":false},"author":6,"featured_media":11819,"comment_status":"open","ping_status":"open","sticky":false,"template":"","format":"standard","meta":{"content-type":"","om_disable_all_campaigns":false,"_monsterinsights_skip_tracking":false,"_monsterinsights_sitenote_active":false,"_monsterinsights_sitenote_note":"","_monsterinsights_sitenote_category":0,"_uf_show_specific_survey":0,"_uf_disable_surveys":false,"footnotes":""},"categories":[26],"tags":[],"class_list":["post-11818","post","type-post","status-publish","format-standard","has-post-thumbnail","hentry","category-politique"],"aioseo_notices":[],"yoast_head":"<!-- This site is optimized with the Yoast SEO plugin v27.5 - https:\/\/yoast.com\/product\/yoast-seo-wordpress\/ -->\n<title>Pr\u00e9sidentielle 2025 en C\u00f4te d&#039;Ivoire : Boni Yayi en mission de paix \u00e0 Abidjan - Le Patriote<\/title>\n<meta name=\"robots\" content=\"index, follow, max-snippet:-1, max-image-preview:large, max-video-preview:-1\" \/>\n<link rel=\"canonical\" href=\"https:\/\/lepatriotebenin.com\/index.php\/2025\/07\/08\/presidentielle-2025-en-cote-divoire-boni-yayi-conduit-une-mission-preelectorale-des-sages-de-lafrique-de-louest\/\" \/>\n<meta property=\"og:locale\" content=\"fr_FR\" \/>\n<meta property=\"og:type\" content=\"article\" \/>\n<meta property=\"og:title\" content=\"Pr\u00e9sidentielle 2025 en C\u00f4te d&#039;Ivoire : Boni Yayi en mission de paix \u00e0 Abidjan - Le Patriote\" \/>\n<meta property=\"og:description\" content=\"Une mission d\u2019information pr\u00e9\u00e9lectorale du Forum des Anciens Chefs d\u2019\u00c9tat d\u2019Afrique de l\u2019Ouest (WAEF), en amont de l\u2019\u00e9lection pr\u00e9sidentielle pr\u00e9vue pour octobre 2025, est actuellement \u00a0en C\u00f4te d\u2019Ivoire. Conduits par&hellip;\" \/>\n<meta property=\"og:url\" content=\"https:\/\/lepatriotebenin.com\/index.php\/2025\/07\/08\/presidentielle-2025-en-cote-divoire-boni-yayi-conduit-une-mission-preelectorale-des-sages-de-lafrique-de-louest\/\" \/>\n<meta property=\"og:site_name\" content=\"Le Patriote\" \/>\n<meta property=\"article:published_time\" content=\"2025-07-08T10:47:21+00:00\" \/>\n<meta property=\"article:modified_time\" content=\"2025-07-09T10:27:05+00:00\" \/>\n<meta property=\"og:image\" content=\"https:\/\/lepatriotebenin.com\/wp-content\/uploads\/2025\/07\/yayi-cot.jpg\" \/>\n\t<meta property=\"og:image:width\" content=\"1080\" \/>\n\t<meta property=\"og:image:height\" content=\"520\" \/>\n\t<meta property=\"og:image:type\" content=\"image\/jpeg\" \/>\n<meta name=\"author\" content=\"Roland AFFANOU\" \/>\n<meta name=\"twitter:card\" content=\"summary_large_image\" \/>\n<meta name=\"twitter:label1\" content=\"\u00c9crit par\" \/>\n\t<meta name=\"twitter:data1\" content=\"Roland AFFANOU\" \/>\n\t<meta name=\"twitter:label2\" content=\"Dur\u00e9e de lecture estim\u00e9e\" \/>\n\t<meta name=\"twitter:data2\" content=\"3 minutes\" \/>\n<script type=\"application\/ld+json\" class=\"yoast-schema-graph\">{\"@context\":\"https:\\\/\\\/schema.org\",\"@graph\":[{\"@type\":\"Article\",\"@id\":\"https:\\\/\\\/lepatriotebenin.com\\\/index.php\\\/2025\\\/07\\\/08\\\/presidentielle-2025-en-cote-divoire-boni-yayi-conduit-une-mission-preelectorale-des-sages-de-lafrique-de-louest\\\/#article\",\"isPartOf\":{\"@id\":\"https:\\\/\\\/lepatriotebenin.com\\\/index.php\\\/2025\\\/07\\\/08\\\/presidentielle-2025-en-cote-divoire-boni-yayi-conduit-une-mission-preelectorale-des-sages-de-lafrique-de-louest\\\/\"},\"author\":{\"name\":\"Roland AFFANOU\",\"@id\":\"https:\\\/\\\/lepatriotebenin.com\\\/#\\\/schema\\\/person\\\/4a9b67216c97d04045e01405c534c91f\"},\"headline\":\"Pr\u00e9sidentielle 2025 en C\u00f4te d&rsquo;Ivoire : Boni Yayi en mission de paix \u00e0 Abidjan\",\"datePublished\":\"2025-07-08T10:47:21+00:00\",\"dateModified\":\"2025-07-09T10:27:05+00:00\",\"mainEntityOfPage\":{\"@id\":\"https:\\\/\\\/lepatriotebenin.com\\\/index.php\\\/2025\\\/07\\\/08\\\/presidentielle-2025-en-cote-divoire-boni-yayi-conduit-une-mission-preelectorale-des-sages-de-lafrique-de-louest\\\/\"},\"wordCount\":476,\"commentCount\":0,\"image\":{\"@id\":\"https:\\\/\\\/lepatriotebenin.com\\\/index.php\\\/2025\\\/07\\\/08\\\/presidentielle-2025-en-cote-divoire-boni-yayi-conduit-une-mission-preelectorale-des-sages-de-lafrique-de-louest\\\/#primaryimage\"},\"thumbnailUrl\":\"https:\\\/\\\/lepatriotebenin.com\\\/wp-content\\\/uploads\\\/2025\\\/07\\\/yayi-cot.jpg\",\"articleSection\":[\"Politique\"],\"inLanguage\":\"fr-FR\",\"potentialAction\":[{\"@type\":\"CommentAction\",\"name\":\"Comment\",\"target\":[\"https:\\\/\\\/lepatriotebenin.com\\\/index.php\\\/2025\\\/07\\\/08\\\/presidentielle-2025-en-cote-divoire-boni-yayi-conduit-une-mission-preelectorale-des-sages-de-lafrique-de-louest\\\/#respond\"]}]},{\"@type\":\"WebPage\",\"@id\":\"https:\\\/\\\/lepatriotebenin.com\\\/index.php\\\/2025\\\/07\\\/08\\\/presidentielle-2025-en-cote-divoire-boni-yayi-conduit-une-mission-preelectorale-des-sages-de-lafrique-de-louest\\\/\",\"url\":\"https:\\\/\\\/lepatriotebenin.com\\\/index.php\\\/2025\\\/07\\\/08\\\/presidentielle-2025-en-cote-divoire-boni-yayi-conduit-une-mission-preelectorale-des-sages-de-lafrique-de-louest\\\/\",\"name\":\"Pr\u00e9sidentielle 2025 en C\u00f4te d'Ivoire : Boni Yayi en mission de paix \u00e0 Abidjan - Le Patriote\",\"isPartOf\":{\"@id\":\"https:\\\/\\\/lepatriotebenin.com\\\/#website\"},\"primaryImageOfPage\":{\"@id\":\"https:\\\/\\\/lepatriotebenin.com\\\/index.php\\\/2025\\\/07\\\/08\\\/presidentielle-2025-en-cote-divoire-boni-yayi-conduit-une-mission-preelectorale-des-sages-de-lafrique-de-louest\\\/#primaryimage\"},\"image\":{\"@id\":\"https:\\\/\\\/lepatriotebenin.com\\\/index.php\\\/2025\\\/07\\\/08\\\/presidentielle-2025-en-cote-divoire-boni-yayi-conduit-une-mission-preelectorale-des-sages-de-lafrique-de-louest\\\/#primaryimage\"},\"thumbnailUrl\":\"https:\\\/\\\/lepatriotebenin.com\\\/wp-content\\\/uploads\\\/2025\\\/07\\\/yayi-cot.jpg\",\"datePublished\":\"2025-07-08T10:47:21+00:00\",\"dateModified\":\"2025-07-09T10:27:05+00:00\",\"author\":{\"@id\":\"https:\\\/\\\/lepatriotebenin.com\\\/#\\\/schema\\\/person\\\/4a9b67216c97d04045e01405c534c91f\"},\"breadcrumb\":{\"@id\":\"https:\\\/\\\/lepatriotebenin.com\\\/index.php\\\/2025\\\/07\\\/08\\\/presidentielle-2025-en-cote-divoire-boni-yayi-conduit-une-mission-preelectorale-des-sages-de-lafrique-de-louest\\\/#breadcrumb\"},\"inLanguage\":\"fr-FR\",\"potentialAction\":[{\"@type\":\"ReadAction\",\"target\":[\"https:\\\/\\\/lepatriotebenin.com\\\/index.php\\\/2025\\\/07\\\/08\\\/presidentielle-2025-en-cote-divoire-boni-yayi-conduit-une-mission-preelectorale-des-sages-de-lafrique-de-louest\\\/\"]}]},{\"@type\":\"ImageObject\",\"inLanguage\":\"fr-FR\",\"@id\":\"https:\\\/\\\/lepatriotebenin.com\\\/index.php\\\/2025\\\/07\\\/08\\\/presidentielle-2025-en-cote-divoire-boni-yayi-conduit-une-mission-preelectorale-des-sages-de-lafrique-de-louest\\\/#primaryimage\",\"url\":\"https:\\\/\\\/lepatriotebenin.com\\\/wp-content\\\/uploads\\\/2025\\\/07\\\/yayi-cot.jpg\",\"contentUrl\":\"https:\\\/\\\/lepatriotebenin.com\\\/wp-content\\\/uploads\\\/2025\\\/07\\\/yayi-cot.jpg\",\"width\":1080,\"height\":520},{\"@type\":\"BreadcrumbList\",\"@id\":\"https:\\\/\\\/lepatriotebenin.com\\\/index.php\\\/2025\\\/07\\\/08\\\/presidentielle-2025-en-cote-divoire-boni-yayi-conduit-une-mission-preelectorale-des-sages-de-lafrique-de-louest\\\/#breadcrumb\",\"itemListElement\":[{\"@type\":\"ListItem\",\"position\":1,\"name\":\"Accueil\",\"item\":\"https:\\\/\\\/lepatriotebenin.com\\\/\"},{\"@type\":\"ListItem\",\"position\":2,\"name\":\"Pr\u00e9sidentielle 2025 en C\u00f4te d&rsquo;Ivoire : Boni Yayi en mission de paix \u00e0 Abidjan\"}]},{\"@type\":\"WebSite\",\"@id\":\"https:\\\/\\\/lepatriotebenin.com\\\/#website\",\"url\":\"https:\\\/\\\/lepatriotebenin.com\\\/\",\"name\":\"Le Patriote\",\"description\":\"Le Patriote B\u00e9nin\",\"potentialAction\":[{\"@type\":\"SearchAction\",\"target\":{\"@type\":\"EntryPoint\",\"urlTemplate\":\"https:\\\/\\\/lepatriotebenin.com\\\/?s={search_term_string}\"},\"query-input\":{\"@type\":\"PropertyValueSpecification\",\"valueRequired\":true,\"valueName\":\"search_term_string\"}}],\"inLanguage\":\"fr-FR\"},{\"@type\":\"Person\",\"@id\":\"https:\\\/\\\/lepatriotebenin.com\\\/#\\\/schema\\\/person\\\/4a9b67216c97d04045e01405c534c91f\",\"name\":\"Roland AFFANOU\",\"image\":{\"@type\":\"ImageObject\",\"inLanguage\":\"fr-FR\",\"@id\":\"https:\\\/\\\/secure.gravatar.com\\\/avatar\\\/7209d3f6d2d47ea4d0c67e14d3effb61feb10ae540a4381280c66265de5bd643?s=96&d=mm&r=g\",\"url\":\"https:\\\/\\\/secure.gravatar.com\\\/avatar\\\/7209d3f6d2d47ea4d0c67e14d3effb61feb10ae540a4381280c66265de5bd643?s=96&d=mm&r=g\",\"contentUrl\":\"https:\\\/\\\/secure.gravatar.com\\\/avatar\\\/7209d3f6d2d47ea4d0c67e14d3effb61feb10ae540a4381280c66265de5bd643?s=96&d=mm&r=g\",\"caption\":\"Roland AFFANOU\"},\"url\":\"https:\\\/\\\/lepatriotebenin.com\"}]}<\/script>\n<!-- \/ Yoast SEO plugin. -->","yoast_head_json":{"title":"Pr\u00e9sidentielle 2025 en C\u00f4te d'Ivoire : Boni Yayi en mission de paix \u00e0 Abidjan - Le Patriote","robots":{"index":"index","follow":"follow","max-snippet":"max-snippet:-1","max-image-preview":"max-image-preview:large","max-video-preview":"max-video-preview:-1"},"canonical":"https:\/\/lepatriotebenin.com\/index.php\/2025\/07\/08\/presidentielle-2025-en-cote-divoire-boni-yayi-conduit-une-mission-preelectorale-des-sages-de-lafrique-de-louest\/","og_locale":"fr_FR","og_type":"article","og_title":"Pr\u00e9sidentielle 2025 en C\u00f4te d'Ivoire : Boni Yayi en mission de paix \u00e0 Abidjan - Le Patriote","og_description":"Une mission d\u2019information pr\u00e9\u00e9lectorale du Forum des Anciens Chefs d\u2019\u00c9tat d\u2019Afrique de l\u2019Ouest (WAEF), en amont de l\u2019\u00e9lection pr\u00e9sidentielle pr\u00e9vue pour octobre 2025, est actuellement \u00a0en C\u00f4te d\u2019Ivoire. Conduits par&hellip;","og_url":"https:\/\/lepatriotebenin.com\/index.php\/2025\/07\/08\/presidentielle-2025-en-cote-divoire-boni-yayi-conduit-une-mission-preelectorale-des-sages-de-lafrique-de-louest\/","og_site_name":"Le Patriote","article_published_time":"2025-07-08T10:47:21+00:00","article_modified_time":"2025-07-09T10:27:05+00:00","og_image":[{"width":1080,"height":520,"url":"https:\/\/lepatriotebenin.com\/wp-content\/uploads\/2025\/07\/yayi-cot.jpg","type":"image\/jpeg"}],"author":"Roland AFFANOU","twitter_card":"summary_large_image","twitter_misc":{"\u00c9crit par":"Roland AFFANOU","Dur\u00e9e de lecture estim\u00e9e":"3 minutes"},"schema":{"@context":"https:\/\/schema.org","@graph":[{"@type":"Article","@id":"https:\/\/lepatriotebenin.com\/index.php\/2025\/07\/08\/presidentielle-2025-en-cote-divoire-boni-yayi-conduit-une-mission-preelectorale-des-sages-de-lafrique-de-louest\/#article","isPartOf":{"@id":"https:\/\/lepatriotebenin.com\/index.php\/2025\/07\/08\/presidentielle-2025-en-cote-divoire-boni-yayi-conduit-une-mission-preelectorale-des-sages-de-lafrique-de-louest\/"},"author":{"name":"Roland AFFANOU","@id":"https:\/\/lepatriotebenin.com\/#\/schema\/person\/4a9b67216c97d04045e01405c534c91f"},"headline":"Pr\u00e9sidentielle 2025 en C\u00f4te d&rsquo;Ivoire : Boni Yayi en mission de paix \u00e0 Abidjan","datePublished":"2025-07-08T10:47:21+00:00","dateModified":"2025-07-09T10:27:05+00:00","mainEntityOfPage":{"@id":"https:\/\/lepatriotebenin.com\/index.php\/2025\/07\/08\/presidentielle-2025-en-cote-divoire-boni-yayi-conduit-une-mission-preelectorale-des-sages-de-lafrique-de-louest\/"},"wordCount":476,"commentCount":0,"image":{"@id":"https:\/\/lepatriotebenin.com\/index.php\/2025\/07\/08\/presidentielle-2025-en-cote-divoire-boni-yayi-conduit-une-mission-preelectorale-des-sages-de-lafrique-de-louest\/#primaryimage"},"thumbnailUrl":"https:\/\/lepatriotebenin.com\/wp-content\/uploads\/2025\/07\/yayi-cot.jpg","articleSection":["Politique"],"inLanguage":"fr-FR","potentialAction":[{"@type":"CommentAction","name":"Comment","target":["https:\/\/lepatriotebenin.com\/index.php\/2025\/07\/08\/presidentielle-2025-en-cote-divoire-boni-yayi-conduit-une-mission-preelectorale-des-sages-de-lafrique-de-louest\/#respond"]}]},{"@type":"WebPage","@id":"https:\/\/lepatriotebenin.com\/index.php\/2025\/07\/08\/presidentielle-2025-en-cote-divoire-boni-yayi-conduit-une-mission-preelectorale-des-sages-de-lafrique-de-louest\/","url":"https:\/\/lepatriotebenin.com\/index.php\/2025\/07\/08\/presidentielle-2025-en-cote-divoire-boni-yayi-conduit-une-mission-preelectorale-des-sages-de-lafrique-de-louest\/","name":"Pr\u00e9sidentielle 2025 en C\u00f4te d'Ivoire : Boni Yayi en mission de paix \u00e0 Abidjan - Le Patriote","isPartOf":{"@id":"https:\/\/lepatriotebenin.com\/#website"},"primaryImageOfPage":{"@id":"https:\/\/lepatriotebenin.com\/index.php\/2025\/07\/08\/presidentielle-2025-en-cote-divoire-boni-yayi-conduit-une-mission-preelectorale-des-sages-de-lafrique-de-louest\/#primaryimage"},"image":{"@id":"https:\/\/lepatriotebenin.com\/index.php\/2025\/07\/08\/presidentielle-2025-en-cote-divoire-boni-yayi-conduit-une-mission-preelectorale-des-sages-de-lafrique-de-louest\/#primaryimage"},"thumbnailUrl":"https:\/\/lepatriotebenin.com\/wp-content\/uploads\/2025\/07\/yayi-cot.jpg","datePublished":"2025-07-08T10:47:21+00:00","dateModified":"2025-07-09T10:27:05+00:00","author":{"@id":"https:\/\/lepatriotebenin.com\/#\/schema\/person\/4a9b67216c97d04045e01405c534c91f"},"breadcrumb":{"@id":"https:\/\/lepatriotebenin.com\/index.php\/2025\/07\/08\/presidentielle-2025-en-cote-divoire-boni-yayi-conduit-une-mission-preelectorale-des-sages-de-lafrique-de-louest\/#breadcrumb"},"inLanguage":"fr-FR","potentialAction":[{"@type":"ReadAction","target":["https:\/\/lepatriotebenin.com\/index.php\/2025\/07\/08\/presidentielle-2025-en-cote-divoire-boni-yayi-conduit-une-mission-preelectorale-des-sages-de-lafrique-de-louest\/"]}]},{"@type":"ImageObject","inLanguage":"fr-FR","@id":"https:\/\/lepatriotebenin.com\/index.php\/2025\/07\/08\/presidentielle-2025-en-cote-divoire-boni-yayi-conduit-une-mission-preelectorale-des-sages-de-lafrique-de-louest\/#primaryimage","url":"https:\/\/lepatriotebenin.com\/wp-content\/uploads\/2025\/07\/yayi-cot.jpg","contentUrl":"https:\/\/lepatriotebenin.com\/wp-content\/uploads\/2025\/07\/yayi-cot.jpg","width":1080,"height":520},{"@type":"BreadcrumbList","@id":"https:\/\/lepatriotebenin.com\/index.php\/2025\/07\/08\/presidentielle-2025-en-cote-divoire-boni-yayi-conduit-une-mission-preelectorale-des-sages-de-lafrique-de-louest\/#breadcrumb","itemListElement":[{"@type":"ListItem","position":1,"name":"Accueil","item":"https:\/\/lepatriotebenin.com\/"},{"@type":"ListItem","position":2,"name":"Pr\u00e9sidentielle 2025 en C\u00f4te d&rsquo;Ivoire : Boni Yayi en mission de paix \u00e0 Abidjan"}]},{"@type":"WebSite","@id":"https:\/\/lepatriotebenin.com\/#website","url":"https:\/\/lepatriotebenin.com\/","name":"Le Patriote","description":"Le Patriote B\u00e9nin","potentialAction":[{"@type":"SearchAction","target":{"@type":"EntryPoint","urlTemplate":"https:\/\/lepatriotebenin.com\/?s={search_term_string}"},"query-input":{"@type":"PropertyValueSpecification","valueRequired":true,"valueName":"search_term_string"}}],"inLanguage":"fr-FR"},{"@type":"Person","@id":"https:\/\/lepatriotebenin.com\/#\/schema\/person\/4a9b67216c97d04045e01405c534c91f","name":"Roland AFFANOU","image":{"@type":"ImageObject","inLanguage":"fr-FR","@id":"https:\/\/secure.gravatar.com\/avatar\/7209d3f6d2d47ea4d0c67e14d3effb61feb10ae540a4381280c66265de5bd643?s=96&d=mm&r=g","url":"https:\/\/secure.gravatar.com\/avatar\/7209d3f6d2d47ea4d0c67e14d3effb61feb10ae540a4381280c66265de5bd643?s=96&d=mm&r=g","contentUrl":"https:\/\/secure.gravatar.com\/avatar\/7209d3f6d2d47ea4d0c67e14d3effb61feb10ae540a4381280c66265de5bd643?s=96&d=mm&r=g","caption":"Roland AFFANOU"},"url":"https:\/\/lepatriotebenin.com"}]}},"_links":{"self":[{"href":"https:\/\/lepatriotebenin.com\/index.php\/wp-json\/wp\/v2\/posts\/11818","targetHints":{"allow":["GET"]}}],"collection":[{"href":"https:\/\/lepatriotebenin.com\/index.php\/wp-json\/wp\/v2\/posts"}],"about":[{"href":"https:\/\/lepatriotebenin.com\/index.php\/wp-json\/wp\/v2\/types\/post"}],"author":[{"embeddable":true,"href":"https:\/\/lepatriotebenin.com\/index.php\/wp-json\/wp\/v2\/users\/6"}],"replies":[{"embeddable":true,"href":"https:\/\/lepatriotebenin.com\/index.php\/wp-json\/wp\/v2\/comments?post=11818"}],"version-history":[{"count":3,"href":"https:\/\/lepatriotebenin.com\/index.php\/wp-json\/wp\/v2\/posts\/11818\/revisions"}],"predecessor-version":[{"id":11844,"href":"https:\/\/lepatriotebenin.com\/index.php\/wp-json\/wp\/v2\/posts\/11818\/revisions\/11844"}],"wp:featuredmedia":[{"embeddable":true,"href":"https:\/\/lepatriotebenin.com\/index.php\/wp-json\/wp\/v2\/media\/11819"}],"wp:attachment":[{"href":"https:\/\/lepatriotebenin.com\/index.php\/wp-json\/wp\/v2\/media?parent=11818"}],"wp:term":[{"taxonomy":"category","embeddable":true,"href":"https:\/\/lepatriotebenin.com\/index.php\/wp-json\/wp\/v2\/categories?post=11818"},{"taxonomy":"post_tag","embeddable":true,"href":"https:\/\/lepatriotebenin.com\/index.php\/wp-json\/wp\/v2\/tags?post=11818"}],"curies":[{"name":"wp","href":"https:\/\/api.w.org\/{rel}","templated":true}]}}