{"id":11815,"date":"2025-07-08T12:04:53","date_gmt":"2025-07-08T10:04:53","guid":{"rendered":"https:\/\/lepatriotebenin.com\/?p=11815"},"modified":"2025-07-08T12:04:53","modified_gmt":"2025-07-08T10:04:53","slug":"mort-dolivier-marleix-ce-que-lon-sait-sur-le-deces-du-depute-lr","status":"publish","type":"post","link":"https:\/\/lepatriotebenin.com\/index.php\/2025\/07\/08\/mort-dolivier-marleix-ce-que-lon-sait-sur-le-deces-du-depute-lr\/","title":{"rendered":"Mort d\u2019Olivier Marleix : ce que l\u2019on sait sur le d\u00e9c\u00e8s du d\u00e9put\u00e9 LR"},"content":{"rendered":"<p><strong><em>Le d\u00e9put\u00e9 du parti \u00ab\u00a0Les R\u00e9publicains\u00a0\u00bb Olivier Marleix a \u00e9t\u00e9 retrouv\u00e9 mort \u00e0 son domicile, dans la commune d\u2019Anet. Il <\/em><\/strong><strong><em>a mis fin \u00e0 ses jours ce lundi 7 juillet \u00a02025 \u00e0 l&rsquo;\u00e2ge de 54 ans. Attach\u00e9 \u00e0 l&rsquo;Eure-et-Loir, d\u00e9partement dans lequel il \u00e9tait investi politiquement depuis les ann\u00e9es 90, l&rsquo;\u00e9lu avait \u00e9galement \u00e9t\u00e9 propulse pr\u00e9sident des d\u00e9put\u00e9s des R\u00e9publicains en plein d\u00e9bat sur la r\u00e9forme des retraites.<\/em><\/strong><\/p>\n<p>Durant 30 ans de vie politique, engag\u00e9 \u00e0 droite, l\u2019\u00e9lu aura marqu\u00e9 son territoire d&rsquo;Eure-et-Loir comme la vie politique nationale, notamment lors de la r\u00e9forme des retraites de 2023. La mort brutale de cette personnalit\u00e9 de l\u2019Assembl\u00e9e nationale, d\u00e9put\u00e9 depuis 2012, a\u00a0provoqu\u00e9 un \u00e9moi g\u00e9n\u00e9ral. <em>\u00ab\u00a0M.\u00a0Olivier Marleix \u00e9tait un adversaire honorable et respect\u00e9. Son attachement \u00e0 la souverainet\u00e9 de la France permettait un dialogue sinc\u00e8re\u00a0\u00bb<\/em>, a salu\u00e9 sur X l\u2019\u00ab\u00a0insoumis\u00a0\u00bb <strong>Jean-Luc M\u00e9lenchon. <\/strong><em>\u00ab\u00a0Il fut un \u00e9lu de terrain, rigoureux, engag\u00e9 au service de ses id\u00e9es\u00a0\u00bb<\/em>, a r\u00e9agi, \u00e9galement sur X, <strong>Marine Le Pen, <\/strong>pr\u00e9sidente du groupe Rassemblement national (RN) au Palais-Bourbon. <em>\u00ab\u00a0La France perd aujourd\u2019hui un serviteur exemplaire<\/em>\u00a0\u00bb, lui a rendu hommage l\u2019ancien pr\u00e9sident de la R\u00e9publique <strong>Nicolas Sarkozy.<\/strong><\/p>\n<p>En d\u00e9placement \u00e0 Chartres pour une r\u00e9union sur la r\u00e9organisation de l&rsquo;\u00c9tat, le premier fran\u00e7ais \u00a0<strong>Fran\u00e7ois Bayrou<\/strong> a bri\u00e8vement pris la parole devant les journalistes pour rendre hommage \u00e0 l&rsquo;ancien chef du groupe LR dont le suicide a boulevers\u00e9 l&rsquo;Assembl\u00e9e. <em>\u00a0\u00abC&rsquo;est une r\u00e9union qui est marqu\u00e9e par l&rsquo;infinie tristesse que nous ressentons depuis hier, le drame brutal qui a fait qu\u2019Olivier Marleix a disparu hier\u00bb<\/em>, a-t-il d\u00e9clar\u00e9.\u00a0<em style=\"font-weight: inherit;\">\u00ab\u00c7a nous donne \u00e0 penser qu&rsquo;on ne conna\u00eet jamais la fragilit\u00e9 des \u00eatres humains, m\u00eame ceux qui paraissent les plus solides, les plus combatifs, les plus engag\u00e9s\u00bb<\/em>, a-t-il ajout\u00e9. <em>\u00abIl y a toujours des failles et nous devons tous, \u00e0 chaque instant, discerner les fragilit\u00e9s pour \u00eatre l\u00e0, pour tendre la main si on peut\u00bb<\/em>, a-t-il insist\u00e9, \u00e9voquant\u00a0<em style=\"font-weight: inherit;\">\u00abun homme qui \u00e9tait tr\u00e8s engag\u00e9, tr\u00e8s comp\u00e9tent, tr\u00e8s vaillant dans la d\u00e9fense des convictions qui \u00e9taient les siennes\u00bb<\/em>.<\/p>\n<p>Quant au pr\u00e9sident Emmanuel Macron,il a\u00a0 salu\u00e9 la m\u00e9moire d&rsquo;un homme politique d&rsquo;exp\u00e9rience qui \u00ab\u00a0d\u00e9fendait ses id\u00e9es avec convictions\u00a0\u00bb dans un message sur le r\u00e9seau social . Il faut pr\u00e9ciser que le d\u00e9put\u00e9 LR \u00e9tait p\u00e8re de deux filles. Il \u00e9tait le fils de l&rsquo;ancien secr\u00e9taire d&rsquo;Etat et baron politique de Cantal Alain Marleix.<\/p>\n<p><strong>Les circonstances du d\u00e9c\u00e8s du d\u00e9put\u00e9 LR <\/strong><\/p>\n<p>Peu avant 15 heures, les gendarmes,\u00a0alert\u00e9s par l\u2019assistante parlementaire du d\u00e9put\u00e9 et par la maire d&rsquo;Anet, <em>\u00ab\u00a0toutes les deux inqui\u00e8tes de l\u2019absence de ce dernier \u00e0 des rendez-vous pr\u00e9vus le matin en Eure-et-Loir et de son absence ensuite \u00e0 l\u2019Assembl\u00e9e nationale\u00a0\u00bb,<\/em> \u00a0p\u00e9n\u00e9traient dans son domicile. Ils <em>\u00ab\u00a0d\u00e9couvraient son corps inanim\u00e9,\u00a0pendu (&#8230;) dans une chambre \u00e0 l\u2019\u00e9tage de la maison<\/em>\u00a0\u00bb, selon un communiqu\u00e9 du procureur de Chartres, <strong>Fr\u00e9d\u00e9ric Chevallier.<\/strong><\/p>\n<p>Au terme des premi\u00e8res constatations m\u00e9dico-l\u00e9gales, \u00ab\u00a0il peut \u00eatre exclu<strong>\u00a0<\/strong>l\u2019intervention d&rsquo;un tiers dans la survenance de la mort du d\u00e9put\u00e9<strong>,<\/strong> la piste du suicide \u00e9tant par cons\u00e9quent privil\u00e9gi\u00e9e\u00a0\u00bb, a-t-il ajout\u00e9. Une autopsie sera pratiqu\u00e9e dans la matin\u00e9e du mercredi 9 juillet.\u00a0<strong>\u00ab<\/strong><em>\u00a0Un t\u00e9l\u00e9phone et des ordinateurs<\/em>\u00a0\u00bb ont \u00e9t\u00e9 saisis\u00a0en vue d&rsquo;\u00eatre rapidement analys\u00e9s mais <em>\u00ab\u00a0en l\u2019\u00e9tat, aucun \u00e9crit n\u2019a \u00e9t\u00e9 retrouv\u00e9 pouvant int\u00e9resser l\u2019enqu\u00eate\u00a0\u00bb<\/em>, selon la m\u00eame source.<\/p>\n<p>&nbsp;<\/p>\n","protected":false},"excerpt":{"rendered":"<p>Le d\u00e9put\u00e9 du parti \u00ab\u00a0Les R\u00e9publicains\u00a0\u00bb Olivier Marleix a \u00e9t\u00e9 retrouv\u00e9 mort \u00e0 son domicile, dans la commune d\u2019Anet. Il a mis fin \u00e0 ses jours ce lundi 7 juillet&hellip;<\/p>\n","protected":false},"author":6,"featured_media":11816,"comment_status":"open","ping_status":"open","sticky":false,"template":"","format":"standard","meta":{"content-type":"","om_disable_all_campaigns":false,"_monsterinsights_skip_tracking":false,"_monsterinsights_sitenote_active":false,"_monsterinsights_sitenote_note":"","_monsterinsights_sitenote_category":0,"_uf_show_specific_survey":0,"_uf_disable_surveys":false,"footnotes":""},"categories":[9],"tags":[],"class_list":["post-11815","post","type-post","status-publish","format-standard","has-post-thumbnail","hentry","category-uncategorized"],"aioseo_notices":[],"yoast_head":"<!-- This site is optimized with the Yoast SEO plugin v27.5 - https:\/\/yoast.com\/product\/yoast-seo-wordpress\/ -->\n<title>Mort d\u2019Olivier Marleix : ce que l\u2019on sait sur le d\u00e9c\u00e8s du d\u00e9put\u00e9 LR - Le Patriote<\/title>\n<meta name=\"robots\" content=\"index, follow, max-snippet:-1, max-image-preview:large, max-video-preview:-1\" \/>\n<link rel=\"canonical\" href=\"https:\/\/lepatriotebenin.com\/index.php\/2025\/07\/08\/mort-dolivier-marleix-ce-que-lon-sait-sur-le-deces-du-depute-lr\/\" \/>\n<meta property=\"og:locale\" content=\"fr_FR\" \/>\n<meta property=\"og:type\" content=\"article\" \/>\n<meta property=\"og:title\" content=\"Mort d\u2019Olivier Marleix : ce que l\u2019on sait sur le d\u00e9c\u00e8s du d\u00e9put\u00e9 LR - Le Patriote\" \/>\n<meta property=\"og:description\" content=\"Le d\u00e9put\u00e9 du parti \u00ab\u00a0Les R\u00e9publicains\u00a0\u00bb Olivier Marleix a \u00e9t\u00e9 retrouv\u00e9 mort \u00e0 son domicile, dans la commune d\u2019Anet. Il a mis fin \u00e0 ses jours ce lundi 7 juillet&hellip;\" \/>\n<meta property=\"og:url\" content=\"https:\/\/lepatriotebenin.com\/index.php\/2025\/07\/08\/mort-dolivier-marleix-ce-que-lon-sait-sur-le-deces-du-depute-lr\/\" \/>\n<meta property=\"og:site_name\" content=\"Le Patriote\" \/>\n<meta property=\"article:published_time\" content=\"2025-07-08T10:04:53+00:00\" \/>\n<meta property=\"og:image\" content=\"https:\/\/lepatriotebenin.com\/wp-content\/uploads\/2025\/07\/olivier.jpg\" \/>\n\t<meta property=\"og:image:width\" content=\"770\" \/>\n\t<meta property=\"og:image:height\" content=\"513\" \/>\n\t<meta property=\"og:image:type\" content=\"image\/jpeg\" \/>\n<meta name=\"author\" content=\"Roland AFFANOU\" \/>\n<meta name=\"twitter:card\" content=\"summary_large_image\" \/>\n<meta name=\"twitter:label1\" content=\"\u00c9crit par\" \/>\n\t<meta name=\"twitter:data1\" content=\"Roland AFFANOU\" \/>\n\t<meta name=\"twitter:label2\" content=\"Dur\u00e9e de lecture estim\u00e9e\" \/>\n\t<meta name=\"twitter:data2\" content=\"3 minutes\" \/>\n<script type=\"application\/ld+json\" class=\"yoast-schema-graph\">{\"@context\":\"https:\\\/\\\/schema.org\",\"@graph\":[{\"@type\":\"Article\",\"@id\":\"https:\\\/\\\/lepatriotebenin.com\\\/index.php\\\/2025\\\/07\\\/08\\\/mort-dolivier-marleix-ce-que-lon-sait-sur-le-deces-du-depute-lr\\\/#article\",\"isPartOf\":{\"@id\":\"https:\\\/\\\/lepatriotebenin.com\\\/index.php\\\/2025\\\/07\\\/08\\\/mort-dolivier-marleix-ce-que-lon-sait-sur-le-deces-du-depute-lr\\\/\"},\"author\":{\"name\":\"Roland AFFANOU\",\"@id\":\"https:\\\/\\\/lepatriotebenin.com\\\/#\\\/schema\\\/person\\\/4a9b67216c97d04045e01405c534c91f\"},\"headline\":\"Mort d\u2019Olivier Marleix : ce que l\u2019on sait sur le d\u00e9c\u00e8s du d\u00e9put\u00e9 LR\",\"datePublished\":\"2025-07-08T10:04:53+00:00\",\"mainEntityOfPage\":{\"@id\":\"https:\\\/\\\/lepatriotebenin.com\\\/index.php\\\/2025\\\/07\\\/08\\\/mort-dolivier-marleix-ce-que-lon-sait-sur-le-deces-du-depute-lr\\\/\"},\"wordCount\":641,\"commentCount\":0,\"image\":{\"@id\":\"https:\\\/\\\/lepatriotebenin.com\\\/index.php\\\/2025\\\/07\\\/08\\\/mort-dolivier-marleix-ce-que-lon-sait-sur-le-deces-du-depute-lr\\\/#primaryimage\"},\"thumbnailUrl\":\"https:\\\/\\\/lepatriotebenin.com\\\/wp-content\\\/uploads\\\/2025\\\/07\\\/olivier.jpg\",\"articleSection\":[\"Uncategorized\"],\"inLanguage\":\"fr-FR\",\"potentialAction\":[{\"@type\":\"CommentAction\",\"name\":\"Comment\",\"target\":[\"https:\\\/\\\/lepatriotebenin.com\\\/index.php\\\/2025\\\/07\\\/08\\\/mort-dolivier-marleix-ce-que-lon-sait-sur-le-deces-du-depute-lr\\\/#respond\"]}]},{\"@type\":\"WebPage\",\"@id\":\"https:\\\/\\\/lepatriotebenin.com\\\/index.php\\\/2025\\\/07\\\/08\\\/mort-dolivier-marleix-ce-que-lon-sait-sur-le-deces-du-depute-lr\\\/\",\"url\":\"https:\\\/\\\/lepatriotebenin.com\\\/index.php\\\/2025\\\/07\\\/08\\\/mort-dolivier-marleix-ce-que-lon-sait-sur-le-deces-du-depute-lr\\\/\",\"name\":\"Mort d\u2019Olivier Marleix : ce que l\u2019on sait sur le d\u00e9c\u00e8s du d\u00e9put\u00e9 LR - Le Patriote\",\"isPartOf\":{\"@id\":\"https:\\\/\\\/lepatriotebenin.com\\\/#website\"},\"primaryImageOfPage\":{\"@id\":\"https:\\\/\\\/lepatriotebenin.com\\\/index.php\\\/2025\\\/07\\\/08\\\/mort-dolivier-marleix-ce-que-lon-sait-sur-le-deces-du-depute-lr\\\/#primaryimage\"},\"image\":{\"@id\":\"https:\\\/\\\/lepatriotebenin.com\\\/index.php\\\/2025\\\/07\\\/08\\\/mort-dolivier-marleix-ce-que-lon-sait-sur-le-deces-du-depute-lr\\\/#primaryimage\"},\"thumbnailUrl\":\"https:\\\/\\\/lepatriotebenin.com\\\/wp-content\\\/uploads\\\/2025\\\/07\\\/olivier.jpg\",\"datePublished\":\"2025-07-08T10:04:53+00:00\",\"author\":{\"@id\":\"https:\\\/\\\/lepatriotebenin.com\\\/#\\\/schema\\\/person\\\/4a9b67216c97d04045e01405c534c91f\"},\"breadcrumb\":{\"@id\":\"https:\\\/\\\/lepatriotebenin.com\\\/index.php\\\/2025\\\/07\\\/08\\\/mort-dolivier-marleix-ce-que-lon-sait-sur-le-deces-du-depute-lr\\\/#breadcrumb\"},\"inLanguage\":\"fr-FR\",\"potentialAction\":[{\"@type\":\"ReadAction\",\"target\":[\"https:\\\/\\\/lepatriotebenin.com\\\/index.php\\\/2025\\\/07\\\/08\\\/mort-dolivier-marleix-ce-que-lon-sait-sur-le-deces-du-depute-lr\\\/\"]}]},{\"@type\":\"ImageObject\",\"inLanguage\":\"fr-FR\",\"@id\":\"https:\\\/\\\/lepatriotebenin.com\\\/index.php\\\/2025\\\/07\\\/08\\\/mort-dolivier-marleix-ce-que-lon-sait-sur-le-deces-du-depute-lr\\\/#primaryimage\",\"url\":\"https:\\\/\\\/lepatriotebenin.com\\\/wp-content\\\/uploads\\\/2025\\\/07\\\/olivier.jpg\",\"contentUrl\":\"https:\\\/\\\/lepatriotebenin.com\\\/wp-content\\\/uploads\\\/2025\\\/07\\\/olivier.jpg\",\"width\":770,\"height\":513},{\"@type\":\"BreadcrumbList\",\"@id\":\"https:\\\/\\\/lepatriotebenin.com\\\/index.php\\\/2025\\\/07\\\/08\\\/mort-dolivier-marleix-ce-que-lon-sait-sur-le-deces-du-depute-lr\\\/#breadcrumb\",\"itemListElement\":[{\"@type\":\"ListItem\",\"position\":1,\"name\":\"Accueil\",\"item\":\"https:\\\/\\\/lepatriotebenin.com\\\/\"},{\"@type\":\"ListItem\",\"position\":2,\"name\":\"Mort d\u2019Olivier Marleix : ce que l\u2019on sait sur le d\u00e9c\u00e8s du d\u00e9put\u00e9 LR\"}]},{\"@type\":\"WebSite\",\"@id\":\"https:\\\/\\\/lepatriotebenin.com\\\/#website\",\"url\":\"https:\\\/\\\/lepatriotebenin.com\\\/\",\"name\":\"Le Patriote\",\"description\":\"Le Patriote B\u00e9nin\",\"potentialAction\":[{\"@type\":\"SearchAction\",\"target\":{\"@type\":\"EntryPoint\",\"urlTemplate\":\"https:\\\/\\\/lepatriotebenin.com\\\/?s={search_term_string}\"},\"query-input\":{\"@type\":\"PropertyValueSpecification\",\"valueRequired\":true,\"valueName\":\"search_term_string\"}}],\"inLanguage\":\"fr-FR\"},{\"@type\":\"Person\",\"@id\":\"https:\\\/\\\/lepatriotebenin.com\\\/#\\\/schema\\\/person\\\/4a9b67216c97d04045e01405c534c91f\",\"name\":\"Roland AFFANOU\",\"image\":{\"@type\":\"ImageObject\",\"inLanguage\":\"fr-FR\",\"@id\":\"https:\\\/\\\/secure.gravatar.com\\\/avatar\\\/7209d3f6d2d47ea4d0c67e14d3effb61feb10ae540a4381280c66265de5bd643?s=96&d=mm&r=g\",\"url\":\"https:\\\/\\\/secure.gravatar.com\\\/avatar\\\/7209d3f6d2d47ea4d0c67e14d3effb61feb10ae540a4381280c66265de5bd643?s=96&d=mm&r=g\",\"contentUrl\":\"https:\\\/\\\/secure.gravatar.com\\\/avatar\\\/7209d3f6d2d47ea4d0c67e14d3effb61feb10ae540a4381280c66265de5bd643?s=96&d=mm&r=g\",\"caption\":\"Roland AFFANOU\"},\"url\":\"https:\\\/\\\/lepatriotebenin.com\"}]}<\/script>\n<!-- \/ Yoast SEO plugin. -->","yoast_head_json":{"title":"Mort d\u2019Olivier Marleix : ce que l\u2019on sait sur le d\u00e9c\u00e8s du d\u00e9put\u00e9 LR - Le Patriote","robots":{"index":"index","follow":"follow","max-snippet":"max-snippet:-1","max-image-preview":"max-image-preview:large","max-video-preview":"max-video-preview:-1"},"canonical":"https:\/\/lepatriotebenin.com\/index.php\/2025\/07\/08\/mort-dolivier-marleix-ce-que-lon-sait-sur-le-deces-du-depute-lr\/","og_locale":"fr_FR","og_type":"article","og_title":"Mort d\u2019Olivier Marleix : ce que l\u2019on sait sur le d\u00e9c\u00e8s du d\u00e9put\u00e9 LR - Le Patriote","og_description":"Le d\u00e9put\u00e9 du parti \u00ab\u00a0Les R\u00e9publicains\u00a0\u00bb Olivier Marleix a \u00e9t\u00e9 retrouv\u00e9 mort \u00e0 son domicile, dans la commune d\u2019Anet. Il a mis fin \u00e0 ses jours ce lundi 7 juillet&hellip;","og_url":"https:\/\/lepatriotebenin.com\/index.php\/2025\/07\/08\/mort-dolivier-marleix-ce-que-lon-sait-sur-le-deces-du-depute-lr\/","og_site_name":"Le Patriote","article_published_time":"2025-07-08T10:04:53+00:00","og_image":[{"width":770,"height":513,"url":"https:\/\/lepatriotebenin.com\/wp-content\/uploads\/2025\/07\/olivier.jpg","type":"image\/jpeg"}],"author":"Roland AFFANOU","twitter_card":"summary_large_image","twitter_misc":{"\u00c9crit par":"Roland AFFANOU","Dur\u00e9e de lecture estim\u00e9e":"3 minutes"},"schema":{"@context":"https:\/\/schema.org","@graph":[{"@type":"Article","@id":"https:\/\/lepatriotebenin.com\/index.php\/2025\/07\/08\/mort-dolivier-marleix-ce-que-lon-sait-sur-le-deces-du-depute-lr\/#article","isPartOf":{"@id":"https:\/\/lepatriotebenin.com\/index.php\/2025\/07\/08\/mort-dolivier-marleix-ce-que-lon-sait-sur-le-deces-du-depute-lr\/"},"author":{"name":"Roland AFFANOU","@id":"https:\/\/lepatriotebenin.com\/#\/schema\/person\/4a9b67216c97d04045e01405c534c91f"},"headline":"Mort d\u2019Olivier Marleix : ce que l\u2019on sait sur le d\u00e9c\u00e8s du d\u00e9put\u00e9 LR","datePublished":"2025-07-08T10:04:53+00:00","mainEntityOfPage":{"@id":"https:\/\/lepatriotebenin.com\/index.php\/2025\/07\/08\/mort-dolivier-marleix-ce-que-lon-sait-sur-le-deces-du-depute-lr\/"},"wordCount":641,"commentCount":0,"image":{"@id":"https:\/\/lepatriotebenin.com\/index.php\/2025\/07\/08\/mort-dolivier-marleix-ce-que-lon-sait-sur-le-deces-du-depute-lr\/#primaryimage"},"thumbnailUrl":"https:\/\/lepatriotebenin.com\/wp-content\/uploads\/2025\/07\/olivier.jpg","articleSection":["Uncategorized"],"inLanguage":"fr-FR","potentialAction":[{"@type":"CommentAction","name":"Comment","target":["https:\/\/lepatriotebenin.com\/index.php\/2025\/07\/08\/mort-dolivier-marleix-ce-que-lon-sait-sur-le-deces-du-depute-lr\/#respond"]}]},{"@type":"WebPage","@id":"https:\/\/lepatriotebenin.com\/index.php\/2025\/07\/08\/mort-dolivier-marleix-ce-que-lon-sait-sur-le-deces-du-depute-lr\/","url":"https:\/\/lepatriotebenin.com\/index.php\/2025\/07\/08\/mort-dolivier-marleix-ce-que-lon-sait-sur-le-deces-du-depute-lr\/","name":"Mort d\u2019Olivier Marleix : ce que l\u2019on sait sur le d\u00e9c\u00e8s du d\u00e9put\u00e9 LR - Le Patriote","isPartOf":{"@id":"https:\/\/lepatriotebenin.com\/#website"},"primaryImageOfPage":{"@id":"https:\/\/lepatriotebenin.com\/index.php\/2025\/07\/08\/mort-dolivier-marleix-ce-que-lon-sait-sur-le-deces-du-depute-lr\/#primaryimage"},"image":{"@id":"https:\/\/lepatriotebenin.com\/index.php\/2025\/07\/08\/mort-dolivier-marleix-ce-que-lon-sait-sur-le-deces-du-depute-lr\/#primaryimage"},"thumbnailUrl":"https:\/\/lepatriotebenin.com\/wp-content\/uploads\/2025\/07\/olivier.jpg","datePublished":"2025-07-08T10:04:53+00:00","author":{"@id":"https:\/\/lepatriotebenin.com\/#\/schema\/person\/4a9b67216c97d04045e01405c534c91f"},"breadcrumb":{"@id":"https:\/\/lepatriotebenin.com\/index.php\/2025\/07\/08\/mort-dolivier-marleix-ce-que-lon-sait-sur-le-deces-du-depute-lr\/#breadcrumb"},"inLanguage":"fr-FR","potentialAction":[{"@type":"ReadAction","target":["https:\/\/lepatriotebenin.com\/index.php\/2025\/07\/08\/mort-dolivier-marleix-ce-que-lon-sait-sur-le-deces-du-depute-lr\/"]}]},{"@type":"ImageObject","inLanguage":"fr-FR","@id":"https:\/\/lepatriotebenin.com\/index.php\/2025\/07\/08\/mort-dolivier-marleix-ce-que-lon-sait-sur-le-deces-du-depute-lr\/#primaryimage","url":"https:\/\/lepatriotebenin.com\/wp-content\/uploads\/2025\/07\/olivier.jpg","contentUrl":"https:\/\/lepatriotebenin.com\/wp-content\/uploads\/2025\/07\/olivier.jpg","width":770,"height":513},{"@type":"BreadcrumbList","@id":"https:\/\/lepatriotebenin.com\/index.php\/2025\/07\/08\/mort-dolivier-marleix-ce-que-lon-sait-sur-le-deces-du-depute-lr\/#breadcrumb","itemListElement":[{"@type":"ListItem","position":1,"name":"Accueil","item":"https:\/\/lepatriotebenin.com\/"},{"@type":"ListItem","position":2,"name":"Mort d\u2019Olivier Marleix : ce que l\u2019on sait sur le d\u00e9c\u00e8s du d\u00e9put\u00e9 LR"}]},{"@type":"WebSite","@id":"https:\/\/lepatriotebenin.com\/#website","url":"https:\/\/lepatriotebenin.com\/","name":"Le Patriote","description":"Le Patriote B\u00e9nin","potentialAction":[{"@type":"SearchAction","target":{"@type":"EntryPoint","urlTemplate":"https:\/\/lepatriotebenin.com\/?s={search_term_string}"},"query-input":{"@type":"PropertyValueSpecification","valueRequired":true,"valueName":"search_term_string"}}],"inLanguage":"fr-FR"},{"@type":"Person","@id":"https:\/\/lepatriotebenin.com\/#\/schema\/person\/4a9b67216c97d04045e01405c534c91f","name":"Roland AFFANOU","image":{"@type":"ImageObject","inLanguage":"fr-FR","@id":"https:\/\/secure.gravatar.com\/avatar\/7209d3f6d2d47ea4d0c67e14d3effb61feb10ae540a4381280c66265de5bd643?s=96&d=mm&r=g","url":"https:\/\/secure.gravatar.com\/avatar\/7209d3f6d2d47ea4d0c67e14d3effb61feb10ae540a4381280c66265de5bd643?s=96&d=mm&r=g","contentUrl":"https:\/\/secure.gravatar.com\/avatar\/7209d3f6d2d47ea4d0c67e14d3effb61feb10ae540a4381280c66265de5bd643?s=96&d=mm&r=g","caption":"Roland AFFANOU"},"url":"https:\/\/lepatriotebenin.com"}]}},"_links":{"self":[{"href":"https:\/\/lepatriotebenin.com\/index.php\/wp-json\/wp\/v2\/posts\/11815","targetHints":{"allow":["GET"]}}],"collection":[{"href":"https:\/\/lepatriotebenin.com\/index.php\/wp-json\/wp\/v2\/posts"}],"about":[{"href":"https:\/\/lepatriotebenin.com\/index.php\/wp-json\/wp\/v2\/types\/post"}],"author":[{"embeddable":true,"href":"https:\/\/lepatriotebenin.com\/index.php\/wp-json\/wp\/v2\/users\/6"}],"replies":[{"embeddable":true,"href":"https:\/\/lepatriotebenin.com\/index.php\/wp-json\/wp\/v2\/comments?post=11815"}],"version-history":[{"count":1,"href":"https:\/\/lepatriotebenin.com\/index.php\/wp-json\/wp\/v2\/posts\/11815\/revisions"}],"predecessor-version":[{"id":11817,"href":"https:\/\/lepatriotebenin.com\/index.php\/wp-json\/wp\/v2\/posts\/11815\/revisions\/11817"}],"wp:featuredmedia":[{"embeddable":true,"href":"https:\/\/lepatriotebenin.com\/index.php\/wp-json\/wp\/v2\/media\/11816"}],"wp:attachment":[{"href":"https:\/\/lepatriotebenin.com\/index.php\/wp-json\/wp\/v2\/media?parent=11815"}],"wp:term":[{"taxonomy":"category","embeddable":true,"href":"https:\/\/lepatriotebenin.com\/index.php\/wp-json\/wp\/v2\/categories?post=11815"},{"taxonomy":"post_tag","embeddable":true,"href":"https:\/\/lepatriotebenin.com\/index.php\/wp-json\/wp\/v2\/tags?post=11815"}],"curies":[{"name":"wp","href":"https:\/\/api.w.org\/{rel}","templated":true}]}}