{"id":11808,"date":"2025-07-08T10:00:12","date_gmt":"2025-07-08T08:00:12","guid":{"rendered":"https:\/\/lepatriotebenin.com\/?p=11808"},"modified":"2025-07-08T10:00:12","modified_gmt":"2025-07-08T08:00:12","slug":"adoption-de-la-loi-benin-2060-alafia-le-message-de-daniel-edah-aux-acteurs-politiques","status":"publish","type":"post","link":"https:\/\/lepatriotebenin.com\/index.php\/2025\/07\/08\/adoption-de-la-loi-benin-2060-alafia-le-message-de-daniel-edah-aux-acteurs-politiques\/","title":{"rendered":"Adoption de la loi \u00abB\u00e9nin 2060 Alafia \u00bb : Le message de Daniel Edah aux acteurs politiques"},"content":{"rendered":"<p><em>Le B\u00e9nin adopte une loi de planification du d\u00e9veloppement sur 35 ans. Cette loi a \u00e9t\u00e9 vot\u00e9e, le <strong>vendredi 4 juillet 2025<\/strong>\u00a0 au palais des Gouverneurs de Porto \u2013Novo, \u00e0 l\u2019unanimit\u00e9\u00a0 par les d\u00e9put\u00e9s de la 9<sup>\u00e8me<\/sup> l\u00e9gislature. Elle fixe la vision de d\u00e9veloppement du B\u00e9nin \u00e0 l\u2019horizon 2060. Le vote de ladite\u00a0 loi\u00a0 n\u2019a pas laiss\u00e9 indiff\u00e9rent\u00a0 <strong>Daniel Edah<\/strong>.<\/em><\/p>\n<p>&nbsp;<\/p>\n<p>Le candidat d\u00e9clar\u00e9 \u00e0 l\u2019\u00e9lection pr\u00e9sidentielle de 2026 a, dans un communiqu\u00e9 rendu public <strong>le 7 juillet 2025<\/strong>, d\u00e9plor\u00e9 l\u2019inexistence du document <strong>\u00ab\u00a0B\u00e9nin 2025 Alafia<\/strong>\u00a0\u00bb adopt\u00e9 en <strong>2000<\/strong> sous la pr\u00e9sidence du G\u00e9n\u00e9ral <strong>Mathieu K\u00e9r\u00e9kou<\/strong> avec l\u2019appui du Programme des Nations Unies pour le D\u00e9veloppement (PNUD). La vision issue des\u00a0 \u00e9tudes prospectives \u00ab\u00a0B\u00e9nin 2025\u00a0 Alafia\u00a0\u00bb\u00a0 est\u00a0: \u00ab <em>le B\u00e9nin, un pays phare, bien gouvern\u00e9, uni et en\u00a0 paix, avec une \u00e9conomie comp\u00e9titive et un d\u00e9veloppement durable\u00bb<\/em> \u00e0 l\u2019horizon 2025.<\/p>\n<p>Le pr\u00e9sident du Mouvement <strong>\u00ab\u00a0Ensemble Nous le ferons\u00a0\u00bb,<\/strong> a relev\u00e9 que cette inexistence du document \u00ab\u00a0B\u00e9nin 2025 Alafia\u00a0\u00bb comme r\u00e9f\u00e9rence nationale de planification strat\u00e9gique \u00e0 long terme\u00a0 cens\u00e9e orienter les politiques publiques\u00a0 en coh\u00e9rence avec les aspirations profondes du peuple b\u00e9ninois, l\u2019absence chez les acteurs politiques\u00a0 de visions politiques claires\u00a0 et align\u00e9es\u00a0 a conduit , selon lui, \u00ab\u00a0<em>\u00e0 une gouvernance marqu\u00e9e par la navigation \u00e0 vue\u00a0 et un manque persistant de continuit\u00e9 dans l\u2019action de l\u2019Etat<\/em>\u00a0\u00bb\u00a0. \u00a0\u00ab\u00a0<em>En 2025, sous le pr\u00e9sident Patrice Talon et avec le soutien renouvel\u00e9 du PNUD, le B\u00e9nin se dote d\u2019une nouvelle vision strat\u00e9gique baptis\u00e9e B\u00e9nin 2060 avec le vote de la loi\u00a0 portant vision nationale\u00a0 de d\u00e9veloppement \u00e0 l\u2019horizon 2060 et d\u00e9clin\u00e9e \u00a0dans le document intitul\u00e9 B\u00e9nin 2060 Alafia, un monde de splendeur\u00a0\u00bb,<\/em> a indiqu\u00e9 Daniel Edah.<\/p>\n<p>C\u2019est pour qu\u2019il a f\u00e9licit\u00e9 le gouvernement pour cette initiative et salu\u00e9 les d\u00e9put\u00e9s pour le consensus \u00a0r\u00e9alis\u00e9 autour de\u00a0 cet outil\u00a0 strat\u00e9gique par leur vote\u00a0 \u00e0 l\u2019unanimit\u00e9 de la loi d\u2019adoption de cette nouvelle r\u00e9f\u00e9rence nationale. N\u00e9anmoins,\u00a0 le candidat d\u00e9clar\u00e9 \u00e0 l\u2019\u00e9lection pr\u00e9sidentielle de 2026 appelle \u00ab\u00a0<em>solennellement \u00e0 tous les acteurs politiques\u00a0: il est d\u00e9sormais indispensable que chacun, individuellement\u00a0 ou \u00e0 travers son parti, d\u00e9veloppe une vision politique claire, en harmonie avec \u2018\u2019B\u00e9nin 2060\u2019\u2019, pour \u00e9viter \u00e0 cette ambition nationale\u00a0 le sort d\u2019a connu \u2018\u2019B\u00e9nin 2025 Alafia\u2019\u2019<\/em>\u00a0\u00bb.Pour Daniel Edah, <em>\u00ab il est temps de capitaliser les acquis. Il est temps d\u2019en finir avec l\u2019\u00e9ternel recommencement dans la gouvernance de notre pays<\/em>\u00a0\u00bb. Et cela, selon lui, <em>\u00ab\u00a0 exige une vision claire, port\u00e9e par une volont\u00e9 politique forte<\/em>\u00a0\u00bb.<\/p>\n<p>&nbsp;<\/p>\n","protected":false},"excerpt":{"rendered":"<p>Le B\u00e9nin adopte une loi de planification du d\u00e9veloppement sur 35 ans. Cette loi a \u00e9t\u00e9 vot\u00e9e, le vendredi 4 juillet 2025\u00a0 au palais des Gouverneurs de Porto \u2013Novo, \u00e0&hellip;<\/p>\n","protected":false},"author":6,"featured_media":11809,"comment_status":"open","ping_status":"open","sticky":false,"template":"","format":"standard","meta":{"content-type":"","om_disable_all_campaigns":false,"_monsterinsights_skip_tracking":false,"_monsterinsights_sitenote_active":false,"_monsterinsights_sitenote_note":"","_monsterinsights_sitenote_category":0,"_uf_show_specific_survey":0,"_uf_disable_surveys":false,"footnotes":""},"categories":[26],"tags":[],"class_list":["post-11808","post","type-post","status-publish","format-standard","has-post-thumbnail","hentry","category-politique"],"aioseo_notices":[],"yoast_head":"<!-- This site is optimized with the Yoast SEO plugin v27.5 - https:\/\/yoast.com\/product\/yoast-seo-wordpress\/ -->\n<title>Adoption de la loi \u00abB\u00e9nin 2060 Alafia \u00bb : Le message de Daniel Edah aux acteurs politiques - Le Patriote<\/title>\n<meta name=\"robots\" content=\"index, follow, max-snippet:-1, max-image-preview:large, max-video-preview:-1\" \/>\n<link rel=\"canonical\" href=\"https:\/\/lepatriotebenin.com\/index.php\/2025\/07\/08\/adoption-de-la-loi-benin-2060-alafia-le-message-de-daniel-edah-aux-acteurs-politiques\/\" \/>\n<meta property=\"og:locale\" content=\"fr_FR\" \/>\n<meta property=\"og:type\" content=\"article\" \/>\n<meta property=\"og:title\" content=\"Adoption de la loi \u00abB\u00e9nin 2060 Alafia \u00bb : Le message de Daniel Edah aux acteurs politiques - Le Patriote\" \/>\n<meta property=\"og:description\" content=\"Le B\u00e9nin adopte une loi de planification du d\u00e9veloppement sur 35 ans. Cette loi a \u00e9t\u00e9 vot\u00e9e, le vendredi 4 juillet 2025\u00a0 au palais des Gouverneurs de Porto \u2013Novo, \u00e0&hellip;\" \/>\n<meta property=\"og:url\" content=\"https:\/\/lepatriotebenin.com\/index.php\/2025\/07\/08\/adoption-de-la-loi-benin-2060-alafia-le-message-de-daniel-edah-aux-acteurs-politiques\/\" \/>\n<meta property=\"og:site_name\" content=\"Le Patriote\" \/>\n<meta property=\"article:published_time\" content=\"2025-07-08T08:00:12+00:00\" \/>\n<meta property=\"og:image\" content=\"https:\/\/lepatriotebenin.com\/wp-content\/uploads\/2025\/07\/edah.jpg\" \/>\n\t<meta property=\"og:image:width\" content=\"720\" \/>\n\t<meta property=\"og:image:height\" content=\"1080\" \/>\n\t<meta property=\"og:image:type\" content=\"image\/jpeg\" \/>\n<meta name=\"author\" content=\"Roland AFFANOU\" \/>\n<meta name=\"twitter:card\" content=\"summary_large_image\" \/>\n<meta name=\"twitter:label1\" content=\"\u00c9crit par\" \/>\n\t<meta name=\"twitter:data1\" content=\"Roland AFFANOU\" \/>\n\t<meta name=\"twitter:label2\" content=\"Dur\u00e9e de lecture estim\u00e9e\" \/>\n\t<meta name=\"twitter:data2\" content=\"3 minutes\" \/>\n<script type=\"application\/ld+json\" class=\"yoast-schema-graph\">{\"@context\":\"https:\\\/\\\/schema.org\",\"@graph\":[{\"@type\":\"Article\",\"@id\":\"https:\\\/\\\/lepatriotebenin.com\\\/index.php\\\/2025\\\/07\\\/08\\\/adoption-de-la-loi-benin-2060-alafia-le-message-de-daniel-edah-aux-acteurs-politiques\\\/#article\",\"isPartOf\":{\"@id\":\"https:\\\/\\\/lepatriotebenin.com\\\/index.php\\\/2025\\\/07\\\/08\\\/adoption-de-la-loi-benin-2060-alafia-le-message-de-daniel-edah-aux-acteurs-politiques\\\/\"},\"author\":{\"name\":\"Roland AFFANOU\",\"@id\":\"https:\\\/\\\/lepatriotebenin.com\\\/#\\\/schema\\\/person\\\/4a9b67216c97d04045e01405c534c91f\"},\"headline\":\"Adoption de la loi \u00abB\u00e9nin 2060 Alafia \u00bb : Le message de Daniel Edah aux acteurs politiques\",\"datePublished\":\"2025-07-08T08:00:12+00:00\",\"mainEntityOfPage\":{\"@id\":\"https:\\\/\\\/lepatriotebenin.com\\\/index.php\\\/2025\\\/07\\\/08\\\/adoption-de-la-loi-benin-2060-alafia-le-message-de-daniel-edah-aux-acteurs-politiques\\\/\"},\"wordCount\":457,\"commentCount\":0,\"image\":{\"@id\":\"https:\\\/\\\/lepatriotebenin.com\\\/index.php\\\/2025\\\/07\\\/08\\\/adoption-de-la-loi-benin-2060-alafia-le-message-de-daniel-edah-aux-acteurs-politiques\\\/#primaryimage\"},\"thumbnailUrl\":\"https:\\\/\\\/lepatriotebenin.com\\\/wp-content\\\/uploads\\\/2025\\\/07\\\/edah.jpg\",\"articleSection\":[\"Politique\"],\"inLanguage\":\"fr-FR\",\"potentialAction\":[{\"@type\":\"CommentAction\",\"name\":\"Comment\",\"target\":[\"https:\\\/\\\/lepatriotebenin.com\\\/index.php\\\/2025\\\/07\\\/08\\\/adoption-de-la-loi-benin-2060-alafia-le-message-de-daniel-edah-aux-acteurs-politiques\\\/#respond\"]}]},{\"@type\":\"WebPage\",\"@id\":\"https:\\\/\\\/lepatriotebenin.com\\\/index.php\\\/2025\\\/07\\\/08\\\/adoption-de-la-loi-benin-2060-alafia-le-message-de-daniel-edah-aux-acteurs-politiques\\\/\",\"url\":\"https:\\\/\\\/lepatriotebenin.com\\\/index.php\\\/2025\\\/07\\\/08\\\/adoption-de-la-loi-benin-2060-alafia-le-message-de-daniel-edah-aux-acteurs-politiques\\\/\",\"name\":\"Adoption de la loi \u00abB\u00e9nin 2060 Alafia \u00bb : Le message de Daniel Edah aux acteurs politiques - Le Patriote\",\"isPartOf\":{\"@id\":\"https:\\\/\\\/lepatriotebenin.com\\\/#website\"},\"primaryImageOfPage\":{\"@id\":\"https:\\\/\\\/lepatriotebenin.com\\\/index.php\\\/2025\\\/07\\\/08\\\/adoption-de-la-loi-benin-2060-alafia-le-message-de-daniel-edah-aux-acteurs-politiques\\\/#primaryimage\"},\"image\":{\"@id\":\"https:\\\/\\\/lepatriotebenin.com\\\/index.php\\\/2025\\\/07\\\/08\\\/adoption-de-la-loi-benin-2060-alafia-le-message-de-daniel-edah-aux-acteurs-politiques\\\/#primaryimage\"},\"thumbnailUrl\":\"https:\\\/\\\/lepatriotebenin.com\\\/wp-content\\\/uploads\\\/2025\\\/07\\\/edah.jpg\",\"datePublished\":\"2025-07-08T08:00:12+00:00\",\"author\":{\"@id\":\"https:\\\/\\\/lepatriotebenin.com\\\/#\\\/schema\\\/person\\\/4a9b67216c97d04045e01405c534c91f\"},\"breadcrumb\":{\"@id\":\"https:\\\/\\\/lepatriotebenin.com\\\/index.php\\\/2025\\\/07\\\/08\\\/adoption-de-la-loi-benin-2060-alafia-le-message-de-daniel-edah-aux-acteurs-politiques\\\/#breadcrumb\"},\"inLanguage\":\"fr-FR\",\"potentialAction\":[{\"@type\":\"ReadAction\",\"target\":[\"https:\\\/\\\/lepatriotebenin.com\\\/index.php\\\/2025\\\/07\\\/08\\\/adoption-de-la-loi-benin-2060-alafia-le-message-de-daniel-edah-aux-acteurs-politiques\\\/\"]}]},{\"@type\":\"ImageObject\",\"inLanguage\":\"fr-FR\",\"@id\":\"https:\\\/\\\/lepatriotebenin.com\\\/index.php\\\/2025\\\/07\\\/08\\\/adoption-de-la-loi-benin-2060-alafia-le-message-de-daniel-edah-aux-acteurs-politiques\\\/#primaryimage\",\"url\":\"https:\\\/\\\/lepatriotebenin.com\\\/wp-content\\\/uploads\\\/2025\\\/07\\\/edah.jpg\",\"contentUrl\":\"https:\\\/\\\/lepatriotebenin.com\\\/wp-content\\\/uploads\\\/2025\\\/07\\\/edah.jpg\",\"width\":720,\"height\":1080},{\"@type\":\"BreadcrumbList\",\"@id\":\"https:\\\/\\\/lepatriotebenin.com\\\/index.php\\\/2025\\\/07\\\/08\\\/adoption-de-la-loi-benin-2060-alafia-le-message-de-daniel-edah-aux-acteurs-politiques\\\/#breadcrumb\",\"itemListElement\":[{\"@type\":\"ListItem\",\"position\":1,\"name\":\"Accueil\",\"item\":\"https:\\\/\\\/lepatriotebenin.com\\\/\"},{\"@type\":\"ListItem\",\"position\":2,\"name\":\"Adoption de la loi \u00abB\u00e9nin 2060 Alafia \u00bb : Le message de Daniel Edah aux acteurs politiques\"}]},{\"@type\":\"WebSite\",\"@id\":\"https:\\\/\\\/lepatriotebenin.com\\\/#website\",\"url\":\"https:\\\/\\\/lepatriotebenin.com\\\/\",\"name\":\"Le Patriote\",\"description\":\"Le Patriote B\u00e9nin\",\"potentialAction\":[{\"@type\":\"SearchAction\",\"target\":{\"@type\":\"EntryPoint\",\"urlTemplate\":\"https:\\\/\\\/lepatriotebenin.com\\\/?s={search_term_string}\"},\"query-input\":{\"@type\":\"PropertyValueSpecification\",\"valueRequired\":true,\"valueName\":\"search_term_string\"}}],\"inLanguage\":\"fr-FR\"},{\"@type\":\"Person\",\"@id\":\"https:\\\/\\\/lepatriotebenin.com\\\/#\\\/schema\\\/person\\\/4a9b67216c97d04045e01405c534c91f\",\"name\":\"Roland AFFANOU\",\"image\":{\"@type\":\"ImageObject\",\"inLanguage\":\"fr-FR\",\"@id\":\"https:\\\/\\\/secure.gravatar.com\\\/avatar\\\/7209d3f6d2d47ea4d0c67e14d3effb61feb10ae540a4381280c66265de5bd643?s=96&d=mm&r=g\",\"url\":\"https:\\\/\\\/secure.gravatar.com\\\/avatar\\\/7209d3f6d2d47ea4d0c67e14d3effb61feb10ae540a4381280c66265de5bd643?s=96&d=mm&r=g\",\"contentUrl\":\"https:\\\/\\\/secure.gravatar.com\\\/avatar\\\/7209d3f6d2d47ea4d0c67e14d3effb61feb10ae540a4381280c66265de5bd643?s=96&d=mm&r=g\",\"caption\":\"Roland AFFANOU\"},\"url\":\"https:\\\/\\\/lepatriotebenin.com\"}]}<\/script>\n<!-- \/ Yoast SEO plugin. -->","yoast_head_json":{"title":"Adoption de la loi \u00abB\u00e9nin 2060 Alafia \u00bb : Le message de Daniel Edah aux acteurs politiques - Le Patriote","robots":{"index":"index","follow":"follow","max-snippet":"max-snippet:-1","max-image-preview":"max-image-preview:large","max-video-preview":"max-video-preview:-1"},"canonical":"https:\/\/lepatriotebenin.com\/index.php\/2025\/07\/08\/adoption-de-la-loi-benin-2060-alafia-le-message-de-daniel-edah-aux-acteurs-politiques\/","og_locale":"fr_FR","og_type":"article","og_title":"Adoption de la loi \u00abB\u00e9nin 2060 Alafia \u00bb : Le message de Daniel Edah aux acteurs politiques - Le Patriote","og_description":"Le B\u00e9nin adopte une loi de planification du d\u00e9veloppement sur 35 ans. Cette loi a \u00e9t\u00e9 vot\u00e9e, le vendredi 4 juillet 2025\u00a0 au palais des Gouverneurs de Porto \u2013Novo, \u00e0&hellip;","og_url":"https:\/\/lepatriotebenin.com\/index.php\/2025\/07\/08\/adoption-de-la-loi-benin-2060-alafia-le-message-de-daniel-edah-aux-acteurs-politiques\/","og_site_name":"Le Patriote","article_published_time":"2025-07-08T08:00:12+00:00","og_image":[{"width":720,"height":1080,"url":"https:\/\/lepatriotebenin.com\/wp-content\/uploads\/2025\/07\/edah.jpg","type":"image\/jpeg"}],"author":"Roland AFFANOU","twitter_card":"summary_large_image","twitter_misc":{"\u00c9crit par":"Roland AFFANOU","Dur\u00e9e de lecture estim\u00e9e":"3 minutes"},"schema":{"@context":"https:\/\/schema.org","@graph":[{"@type":"Article","@id":"https:\/\/lepatriotebenin.com\/index.php\/2025\/07\/08\/adoption-de-la-loi-benin-2060-alafia-le-message-de-daniel-edah-aux-acteurs-politiques\/#article","isPartOf":{"@id":"https:\/\/lepatriotebenin.com\/index.php\/2025\/07\/08\/adoption-de-la-loi-benin-2060-alafia-le-message-de-daniel-edah-aux-acteurs-politiques\/"},"author":{"name":"Roland AFFANOU","@id":"https:\/\/lepatriotebenin.com\/#\/schema\/person\/4a9b67216c97d04045e01405c534c91f"},"headline":"Adoption de la loi \u00abB\u00e9nin 2060 Alafia \u00bb : Le message de Daniel Edah aux acteurs politiques","datePublished":"2025-07-08T08:00:12+00:00","mainEntityOfPage":{"@id":"https:\/\/lepatriotebenin.com\/index.php\/2025\/07\/08\/adoption-de-la-loi-benin-2060-alafia-le-message-de-daniel-edah-aux-acteurs-politiques\/"},"wordCount":457,"commentCount":0,"image":{"@id":"https:\/\/lepatriotebenin.com\/index.php\/2025\/07\/08\/adoption-de-la-loi-benin-2060-alafia-le-message-de-daniel-edah-aux-acteurs-politiques\/#primaryimage"},"thumbnailUrl":"https:\/\/lepatriotebenin.com\/wp-content\/uploads\/2025\/07\/edah.jpg","articleSection":["Politique"],"inLanguage":"fr-FR","potentialAction":[{"@type":"CommentAction","name":"Comment","target":["https:\/\/lepatriotebenin.com\/index.php\/2025\/07\/08\/adoption-de-la-loi-benin-2060-alafia-le-message-de-daniel-edah-aux-acteurs-politiques\/#respond"]}]},{"@type":"WebPage","@id":"https:\/\/lepatriotebenin.com\/index.php\/2025\/07\/08\/adoption-de-la-loi-benin-2060-alafia-le-message-de-daniel-edah-aux-acteurs-politiques\/","url":"https:\/\/lepatriotebenin.com\/index.php\/2025\/07\/08\/adoption-de-la-loi-benin-2060-alafia-le-message-de-daniel-edah-aux-acteurs-politiques\/","name":"Adoption de la loi \u00abB\u00e9nin 2060 Alafia \u00bb : Le message de Daniel Edah aux acteurs politiques - Le Patriote","isPartOf":{"@id":"https:\/\/lepatriotebenin.com\/#website"},"primaryImageOfPage":{"@id":"https:\/\/lepatriotebenin.com\/index.php\/2025\/07\/08\/adoption-de-la-loi-benin-2060-alafia-le-message-de-daniel-edah-aux-acteurs-politiques\/#primaryimage"},"image":{"@id":"https:\/\/lepatriotebenin.com\/index.php\/2025\/07\/08\/adoption-de-la-loi-benin-2060-alafia-le-message-de-daniel-edah-aux-acteurs-politiques\/#primaryimage"},"thumbnailUrl":"https:\/\/lepatriotebenin.com\/wp-content\/uploads\/2025\/07\/edah.jpg","datePublished":"2025-07-08T08:00:12+00:00","author":{"@id":"https:\/\/lepatriotebenin.com\/#\/schema\/person\/4a9b67216c97d04045e01405c534c91f"},"breadcrumb":{"@id":"https:\/\/lepatriotebenin.com\/index.php\/2025\/07\/08\/adoption-de-la-loi-benin-2060-alafia-le-message-de-daniel-edah-aux-acteurs-politiques\/#breadcrumb"},"inLanguage":"fr-FR","potentialAction":[{"@type":"ReadAction","target":["https:\/\/lepatriotebenin.com\/index.php\/2025\/07\/08\/adoption-de-la-loi-benin-2060-alafia-le-message-de-daniel-edah-aux-acteurs-politiques\/"]}]},{"@type":"ImageObject","inLanguage":"fr-FR","@id":"https:\/\/lepatriotebenin.com\/index.php\/2025\/07\/08\/adoption-de-la-loi-benin-2060-alafia-le-message-de-daniel-edah-aux-acteurs-politiques\/#primaryimage","url":"https:\/\/lepatriotebenin.com\/wp-content\/uploads\/2025\/07\/edah.jpg","contentUrl":"https:\/\/lepatriotebenin.com\/wp-content\/uploads\/2025\/07\/edah.jpg","width":720,"height":1080},{"@type":"BreadcrumbList","@id":"https:\/\/lepatriotebenin.com\/index.php\/2025\/07\/08\/adoption-de-la-loi-benin-2060-alafia-le-message-de-daniel-edah-aux-acteurs-politiques\/#breadcrumb","itemListElement":[{"@type":"ListItem","position":1,"name":"Accueil","item":"https:\/\/lepatriotebenin.com\/"},{"@type":"ListItem","position":2,"name":"Adoption de la loi \u00abB\u00e9nin 2060 Alafia \u00bb : Le message de Daniel Edah aux acteurs politiques"}]},{"@type":"WebSite","@id":"https:\/\/lepatriotebenin.com\/#website","url":"https:\/\/lepatriotebenin.com\/","name":"Le Patriote","description":"Le Patriote B\u00e9nin","potentialAction":[{"@type":"SearchAction","target":{"@type":"EntryPoint","urlTemplate":"https:\/\/lepatriotebenin.com\/?s={search_term_string}"},"query-input":{"@type":"PropertyValueSpecification","valueRequired":true,"valueName":"search_term_string"}}],"inLanguage":"fr-FR"},{"@type":"Person","@id":"https:\/\/lepatriotebenin.com\/#\/schema\/person\/4a9b67216c97d04045e01405c534c91f","name":"Roland AFFANOU","image":{"@type":"ImageObject","inLanguage":"fr-FR","@id":"https:\/\/secure.gravatar.com\/avatar\/7209d3f6d2d47ea4d0c67e14d3effb61feb10ae540a4381280c66265de5bd643?s=96&d=mm&r=g","url":"https:\/\/secure.gravatar.com\/avatar\/7209d3f6d2d47ea4d0c67e14d3effb61feb10ae540a4381280c66265de5bd643?s=96&d=mm&r=g","contentUrl":"https:\/\/secure.gravatar.com\/avatar\/7209d3f6d2d47ea4d0c67e14d3effb61feb10ae540a4381280c66265de5bd643?s=96&d=mm&r=g","caption":"Roland AFFANOU"},"url":"https:\/\/lepatriotebenin.com"}]}},"_links":{"self":[{"href":"https:\/\/lepatriotebenin.com\/index.php\/wp-json\/wp\/v2\/posts\/11808","targetHints":{"allow":["GET"]}}],"collection":[{"href":"https:\/\/lepatriotebenin.com\/index.php\/wp-json\/wp\/v2\/posts"}],"about":[{"href":"https:\/\/lepatriotebenin.com\/index.php\/wp-json\/wp\/v2\/types\/post"}],"author":[{"embeddable":true,"href":"https:\/\/lepatriotebenin.com\/index.php\/wp-json\/wp\/v2\/users\/6"}],"replies":[{"embeddable":true,"href":"https:\/\/lepatriotebenin.com\/index.php\/wp-json\/wp\/v2\/comments?post=11808"}],"version-history":[{"count":1,"href":"https:\/\/lepatriotebenin.com\/index.php\/wp-json\/wp\/v2\/posts\/11808\/revisions"}],"predecessor-version":[{"id":11810,"href":"https:\/\/lepatriotebenin.com\/index.php\/wp-json\/wp\/v2\/posts\/11808\/revisions\/11810"}],"wp:featuredmedia":[{"embeddable":true,"href":"https:\/\/lepatriotebenin.com\/index.php\/wp-json\/wp\/v2\/media\/11809"}],"wp:attachment":[{"href":"https:\/\/lepatriotebenin.com\/index.php\/wp-json\/wp\/v2\/media?parent=11808"}],"wp:term":[{"taxonomy":"category","embeddable":true,"href":"https:\/\/lepatriotebenin.com\/index.php\/wp-json\/wp\/v2\/categories?post=11808"},{"taxonomy":"post_tag","embeddable":true,"href":"https:\/\/lepatriotebenin.com\/index.php\/wp-json\/wp\/v2\/tags?post=11808"}],"curies":[{"name":"wp","href":"https:\/\/api.w.org\/{rel}","templated":true}]}}