{"id":11775,"date":"2025-07-06T20:52:25","date_gmt":"2025-07-06T18:52:25","guid":{"rendered":"https:\/\/lepatriotebenin.com\/?p=11775"},"modified":"2025-07-06T20:53:43","modified_gmt":"2025-07-06T18:53:43","slug":"bepec-2025-au-benin-les-epreuves-orales-et-sportives-demarrent-ce-lundi","status":"publish","type":"post","link":"https:\/\/lepatriotebenin.com\/index.php\/2025\/07\/06\/bepec-2025-au-benin-les-epreuves-orales-et-sportives-demarrent-ce-lundi\/","title":{"rendered":"BEPC 2025 au B\u00e9nin : Les \u00e9preuves orales et sportives d\u00e9marrent ce lundi"},"content":{"rendered":"<p>Les r\u00e9sultats officiels des \u00e9preuves \u00e9crites du Brevet d\u2019 Etudes de Premier \u00a0Cycle (BEPC) ont \u00e9t\u00e9 rendus publics\u00a0 le samedi 05 juillet 2025. Le taux de r\u00e9ussite national enregistr\u00e9 cette ann\u00e9e s\u2019\u00e9l\u00e8ve \u00e0 77,25 %, marquant une progression par rapport \u00e0 l\u2019\u00e9dition 2024, qui\u00a0 \u00e9tait \u00a0de 73,73 %.\u00a0 Apr\u00e8s cette proclamation des r\u00e9sultats du BEPC, la\u00a0Direction des Examens et Concours (DEC) a annonc\u00e9 le d\u00e9marrage des \u00e9preuves orales et sportives pour les lundi 7 et mardi 8 juillet 2025 sur toute l\u2019\u00e9tendue du territoire national.<\/p>\n<p>Ces phases finales concernent l\u2019ensemble des\u00a0candidats d\u00e9clar\u00e9s admissibles. Ils sont attendus d\u00e8s 7 heures du matin dans leurs centres de composition respectifs, munis\u00a0obligatoirement de leur carte d\u2019identit\u00e9 scolaire ou nationale. Pour les candidats dispens\u00e9s d\u2019\u00c9ducation Physique et Sportive (EPS), la pr\u00e9sentation d\u2019un certificat de dispense est exig\u00e9e.\u00a0Les autorit\u00e9s \u00e9ducatives insistent sur la n\u00e9cessit\u00e9 du respect strict des horaires, des consignes et de la discipline pour garantir le bon d\u00e9roulement des \u00e9preuves dans toutes les localit\u00e9s. Ces \u00e9tapes sont en effet essentielles pour la validation compl\u00e8te de l\u2019examen.<\/p>\n","protected":false},"excerpt":{"rendered":"<p>Les r\u00e9sultats officiels des \u00e9preuves \u00e9crites du Brevet d\u2019 Etudes de Premier \u00a0Cycle (BEPC) ont \u00e9t\u00e9 rendus publics\u00a0 le samedi 05 juillet 2025. Le taux de r\u00e9ussite national enregistr\u00e9 cette&hellip;<\/p>\n","protected":false},"author":6,"featured_media":11776,"comment_status":"open","ping_status":"open","sticky":false,"template":"","format":"standard","meta":{"content-type":"","om_disable_all_campaigns":false,"_monsterinsights_skip_tracking":false,"_monsterinsights_sitenote_active":false,"_monsterinsights_sitenote_note":"","_monsterinsights_sitenote_category":0,"_uf_show_specific_survey":0,"_uf_disable_surveys":false,"footnotes":""},"categories":[20],"tags":[],"class_list":["post-11775","post","type-post","status-publish","format-standard","has-post-thumbnail","hentry","category-societe"],"aioseo_notices":[],"yoast_head":"<!-- This site is optimized with the Yoast SEO plugin v27.5 - https:\/\/yoast.com\/product\/yoast-seo-wordpress\/ -->\n<title>BEPC 2025 au B\u00e9nin : Les \u00e9preuves orales et sportives d\u00e9marrent ce lundi - Le Patriote<\/title>\n<meta name=\"robots\" content=\"index, follow, max-snippet:-1, max-image-preview:large, max-video-preview:-1\" \/>\n<link rel=\"canonical\" href=\"https:\/\/lepatriotebenin.com\/index.php\/2025\/07\/06\/bepec-2025-au-benin-les-epreuves-orales-et-sportives-demarrent-ce-lundi\/\" \/>\n<meta property=\"og:locale\" content=\"fr_FR\" \/>\n<meta property=\"og:type\" content=\"article\" \/>\n<meta property=\"og:title\" content=\"BEPC 2025 au B\u00e9nin : Les \u00e9preuves orales et sportives d\u00e9marrent ce lundi - Le Patriote\" \/>\n<meta property=\"og:description\" content=\"Les r\u00e9sultats officiels des \u00e9preuves \u00e9crites du Brevet d\u2019 Etudes de Premier \u00a0Cycle (BEPC) ont \u00e9t\u00e9 rendus publics\u00a0 le samedi 05 juillet 2025. Le taux de r\u00e9ussite national enregistr\u00e9 cette&hellip;\" \/>\n<meta property=\"og:url\" content=\"https:\/\/lepatriotebenin.com\/index.php\/2025\/07\/06\/bepec-2025-au-benin-les-epreuves-orales-et-sportives-demarrent-ce-lundi\/\" \/>\n<meta property=\"og:site_name\" content=\"Le Patriote\" \/>\n<meta property=\"article:published_time\" content=\"2025-07-06T18:52:25+00:00\" \/>\n<meta property=\"article:modified_time\" content=\"2025-07-06T18:53:43+00:00\" \/>\n<meta property=\"og:image\" content=\"https:\/\/lepatriotebenin.com\/wp-content\/uploads\/2025\/07\/examens.jpg\" \/>\n\t<meta property=\"og:image:width\" content=\"1020\" \/>\n\t<meta property=\"og:image:height\" content=\"400\" \/>\n\t<meta property=\"og:image:type\" content=\"image\/jpeg\" \/>\n<meta name=\"author\" content=\"Roland AFFANOU\" \/>\n<meta name=\"twitter:card\" content=\"summary_large_image\" \/>\n<meta name=\"twitter:label1\" content=\"\u00c9crit par\" \/>\n\t<meta name=\"twitter:data1\" content=\"Roland AFFANOU\" \/>\n\t<meta name=\"twitter:label2\" content=\"Dur\u00e9e de lecture estim\u00e9e\" \/>\n\t<meta name=\"twitter:data2\" content=\"2 minutes\" \/>\n<script type=\"application\/ld+json\" class=\"yoast-schema-graph\">{\"@context\":\"https:\\\/\\\/schema.org\",\"@graph\":[{\"@type\":\"Article\",\"@id\":\"https:\\\/\\\/lepatriotebenin.com\\\/index.php\\\/2025\\\/07\\\/06\\\/bepec-2025-au-benin-les-epreuves-orales-et-sportives-demarrent-ce-lundi\\\/#article\",\"isPartOf\":{\"@id\":\"https:\\\/\\\/lepatriotebenin.com\\\/index.php\\\/2025\\\/07\\\/06\\\/bepec-2025-au-benin-les-epreuves-orales-et-sportives-demarrent-ce-lundi\\\/\"},\"author\":{\"name\":\"Roland AFFANOU\",\"@id\":\"https:\\\/\\\/lepatriotebenin.com\\\/#\\\/schema\\\/person\\\/4a9b67216c97d04045e01405c534c91f\"},\"headline\":\"BEPC 2025 au B\u00e9nin : Les \u00e9preuves orales et sportives d\u00e9marrent ce lundi\",\"datePublished\":\"2025-07-06T18:52:25+00:00\",\"dateModified\":\"2025-07-06T18:53:43+00:00\",\"mainEntityOfPage\":{\"@id\":\"https:\\\/\\\/lepatriotebenin.com\\\/index.php\\\/2025\\\/07\\\/06\\\/bepec-2025-au-benin-les-epreuves-orales-et-sportives-demarrent-ce-lundi\\\/\"},\"wordCount\":202,\"commentCount\":0,\"image\":{\"@id\":\"https:\\\/\\\/lepatriotebenin.com\\\/index.php\\\/2025\\\/07\\\/06\\\/bepec-2025-au-benin-les-epreuves-orales-et-sportives-demarrent-ce-lundi\\\/#primaryimage\"},\"thumbnailUrl\":\"https:\\\/\\\/lepatriotebenin.com\\\/wp-content\\\/uploads\\\/2025\\\/07\\\/examens.jpg\",\"articleSection\":[\"Soci\u00e9t\u00e9\"],\"inLanguage\":\"fr-FR\",\"potentialAction\":[{\"@type\":\"CommentAction\",\"name\":\"Comment\",\"target\":[\"https:\\\/\\\/lepatriotebenin.com\\\/index.php\\\/2025\\\/07\\\/06\\\/bepec-2025-au-benin-les-epreuves-orales-et-sportives-demarrent-ce-lundi\\\/#respond\"]}]},{\"@type\":\"WebPage\",\"@id\":\"https:\\\/\\\/lepatriotebenin.com\\\/index.php\\\/2025\\\/07\\\/06\\\/bepec-2025-au-benin-les-epreuves-orales-et-sportives-demarrent-ce-lundi\\\/\",\"url\":\"https:\\\/\\\/lepatriotebenin.com\\\/index.php\\\/2025\\\/07\\\/06\\\/bepec-2025-au-benin-les-epreuves-orales-et-sportives-demarrent-ce-lundi\\\/\",\"name\":\"BEPC 2025 au B\u00e9nin : Les \u00e9preuves orales et sportives d\u00e9marrent ce lundi - Le Patriote\",\"isPartOf\":{\"@id\":\"https:\\\/\\\/lepatriotebenin.com\\\/#website\"},\"primaryImageOfPage\":{\"@id\":\"https:\\\/\\\/lepatriotebenin.com\\\/index.php\\\/2025\\\/07\\\/06\\\/bepec-2025-au-benin-les-epreuves-orales-et-sportives-demarrent-ce-lundi\\\/#primaryimage\"},\"image\":{\"@id\":\"https:\\\/\\\/lepatriotebenin.com\\\/index.php\\\/2025\\\/07\\\/06\\\/bepec-2025-au-benin-les-epreuves-orales-et-sportives-demarrent-ce-lundi\\\/#primaryimage\"},\"thumbnailUrl\":\"https:\\\/\\\/lepatriotebenin.com\\\/wp-content\\\/uploads\\\/2025\\\/07\\\/examens.jpg\",\"datePublished\":\"2025-07-06T18:52:25+00:00\",\"dateModified\":\"2025-07-06T18:53:43+00:00\",\"author\":{\"@id\":\"https:\\\/\\\/lepatriotebenin.com\\\/#\\\/schema\\\/person\\\/4a9b67216c97d04045e01405c534c91f\"},\"breadcrumb\":{\"@id\":\"https:\\\/\\\/lepatriotebenin.com\\\/index.php\\\/2025\\\/07\\\/06\\\/bepec-2025-au-benin-les-epreuves-orales-et-sportives-demarrent-ce-lundi\\\/#breadcrumb\"},\"inLanguage\":\"fr-FR\",\"potentialAction\":[{\"@type\":\"ReadAction\",\"target\":[\"https:\\\/\\\/lepatriotebenin.com\\\/index.php\\\/2025\\\/07\\\/06\\\/bepec-2025-au-benin-les-epreuves-orales-et-sportives-demarrent-ce-lundi\\\/\"]}]},{\"@type\":\"ImageObject\",\"inLanguage\":\"fr-FR\",\"@id\":\"https:\\\/\\\/lepatriotebenin.com\\\/index.php\\\/2025\\\/07\\\/06\\\/bepec-2025-au-benin-les-epreuves-orales-et-sportives-demarrent-ce-lundi\\\/#primaryimage\",\"url\":\"https:\\\/\\\/lepatriotebenin.com\\\/wp-content\\\/uploads\\\/2025\\\/07\\\/examens.jpg\",\"contentUrl\":\"https:\\\/\\\/lepatriotebenin.com\\\/wp-content\\\/uploads\\\/2025\\\/07\\\/examens.jpg\",\"width\":1020,\"height\":400},{\"@type\":\"BreadcrumbList\",\"@id\":\"https:\\\/\\\/lepatriotebenin.com\\\/index.php\\\/2025\\\/07\\\/06\\\/bepec-2025-au-benin-les-epreuves-orales-et-sportives-demarrent-ce-lundi\\\/#breadcrumb\",\"itemListElement\":[{\"@type\":\"ListItem\",\"position\":1,\"name\":\"Accueil\",\"item\":\"https:\\\/\\\/lepatriotebenin.com\\\/\"},{\"@type\":\"ListItem\",\"position\":2,\"name\":\"BEPC 2025 au B\u00e9nin : Les \u00e9preuves orales et sportives d\u00e9marrent ce lundi\"}]},{\"@type\":\"WebSite\",\"@id\":\"https:\\\/\\\/lepatriotebenin.com\\\/#website\",\"url\":\"https:\\\/\\\/lepatriotebenin.com\\\/\",\"name\":\"Le Patriote\",\"description\":\"Le Patriote B\u00e9nin\",\"potentialAction\":[{\"@type\":\"SearchAction\",\"target\":{\"@type\":\"EntryPoint\",\"urlTemplate\":\"https:\\\/\\\/lepatriotebenin.com\\\/?s={search_term_string}\"},\"query-input\":{\"@type\":\"PropertyValueSpecification\",\"valueRequired\":true,\"valueName\":\"search_term_string\"}}],\"inLanguage\":\"fr-FR\"},{\"@type\":\"Person\",\"@id\":\"https:\\\/\\\/lepatriotebenin.com\\\/#\\\/schema\\\/person\\\/4a9b67216c97d04045e01405c534c91f\",\"name\":\"Roland AFFANOU\",\"image\":{\"@type\":\"ImageObject\",\"inLanguage\":\"fr-FR\",\"@id\":\"https:\\\/\\\/secure.gravatar.com\\\/avatar\\\/7209d3f6d2d47ea4d0c67e14d3effb61feb10ae540a4381280c66265de5bd643?s=96&d=mm&r=g\",\"url\":\"https:\\\/\\\/secure.gravatar.com\\\/avatar\\\/7209d3f6d2d47ea4d0c67e14d3effb61feb10ae540a4381280c66265de5bd643?s=96&d=mm&r=g\",\"contentUrl\":\"https:\\\/\\\/secure.gravatar.com\\\/avatar\\\/7209d3f6d2d47ea4d0c67e14d3effb61feb10ae540a4381280c66265de5bd643?s=96&d=mm&r=g\",\"caption\":\"Roland AFFANOU\"},\"url\":\"https:\\\/\\\/lepatriotebenin.com\"}]}<\/script>\n<!-- \/ Yoast SEO plugin. -->","yoast_head_json":{"title":"BEPC 2025 au B\u00e9nin : Les \u00e9preuves orales et sportives d\u00e9marrent ce lundi - Le Patriote","robots":{"index":"index","follow":"follow","max-snippet":"max-snippet:-1","max-image-preview":"max-image-preview:large","max-video-preview":"max-video-preview:-1"},"canonical":"https:\/\/lepatriotebenin.com\/index.php\/2025\/07\/06\/bepec-2025-au-benin-les-epreuves-orales-et-sportives-demarrent-ce-lundi\/","og_locale":"fr_FR","og_type":"article","og_title":"BEPC 2025 au B\u00e9nin : Les \u00e9preuves orales et sportives d\u00e9marrent ce lundi - Le Patriote","og_description":"Les r\u00e9sultats officiels des \u00e9preuves \u00e9crites du Brevet d\u2019 Etudes de Premier \u00a0Cycle (BEPC) ont \u00e9t\u00e9 rendus publics\u00a0 le samedi 05 juillet 2025. Le taux de r\u00e9ussite national enregistr\u00e9 cette&hellip;","og_url":"https:\/\/lepatriotebenin.com\/index.php\/2025\/07\/06\/bepec-2025-au-benin-les-epreuves-orales-et-sportives-demarrent-ce-lundi\/","og_site_name":"Le Patriote","article_published_time":"2025-07-06T18:52:25+00:00","article_modified_time":"2025-07-06T18:53:43+00:00","og_image":[{"width":1020,"height":400,"url":"https:\/\/lepatriotebenin.com\/wp-content\/uploads\/2025\/07\/examens.jpg","type":"image\/jpeg"}],"author":"Roland AFFANOU","twitter_card":"summary_large_image","twitter_misc":{"\u00c9crit par":"Roland AFFANOU","Dur\u00e9e de lecture estim\u00e9e":"2 minutes"},"schema":{"@context":"https:\/\/schema.org","@graph":[{"@type":"Article","@id":"https:\/\/lepatriotebenin.com\/index.php\/2025\/07\/06\/bepec-2025-au-benin-les-epreuves-orales-et-sportives-demarrent-ce-lundi\/#article","isPartOf":{"@id":"https:\/\/lepatriotebenin.com\/index.php\/2025\/07\/06\/bepec-2025-au-benin-les-epreuves-orales-et-sportives-demarrent-ce-lundi\/"},"author":{"name":"Roland AFFANOU","@id":"https:\/\/lepatriotebenin.com\/#\/schema\/person\/4a9b67216c97d04045e01405c534c91f"},"headline":"BEPC 2025 au B\u00e9nin : Les \u00e9preuves orales et sportives d\u00e9marrent ce lundi","datePublished":"2025-07-06T18:52:25+00:00","dateModified":"2025-07-06T18:53:43+00:00","mainEntityOfPage":{"@id":"https:\/\/lepatriotebenin.com\/index.php\/2025\/07\/06\/bepec-2025-au-benin-les-epreuves-orales-et-sportives-demarrent-ce-lundi\/"},"wordCount":202,"commentCount":0,"image":{"@id":"https:\/\/lepatriotebenin.com\/index.php\/2025\/07\/06\/bepec-2025-au-benin-les-epreuves-orales-et-sportives-demarrent-ce-lundi\/#primaryimage"},"thumbnailUrl":"https:\/\/lepatriotebenin.com\/wp-content\/uploads\/2025\/07\/examens.jpg","articleSection":["Soci\u00e9t\u00e9"],"inLanguage":"fr-FR","potentialAction":[{"@type":"CommentAction","name":"Comment","target":["https:\/\/lepatriotebenin.com\/index.php\/2025\/07\/06\/bepec-2025-au-benin-les-epreuves-orales-et-sportives-demarrent-ce-lundi\/#respond"]}]},{"@type":"WebPage","@id":"https:\/\/lepatriotebenin.com\/index.php\/2025\/07\/06\/bepec-2025-au-benin-les-epreuves-orales-et-sportives-demarrent-ce-lundi\/","url":"https:\/\/lepatriotebenin.com\/index.php\/2025\/07\/06\/bepec-2025-au-benin-les-epreuves-orales-et-sportives-demarrent-ce-lundi\/","name":"BEPC 2025 au B\u00e9nin : Les \u00e9preuves orales et sportives d\u00e9marrent ce lundi - Le Patriote","isPartOf":{"@id":"https:\/\/lepatriotebenin.com\/#website"},"primaryImageOfPage":{"@id":"https:\/\/lepatriotebenin.com\/index.php\/2025\/07\/06\/bepec-2025-au-benin-les-epreuves-orales-et-sportives-demarrent-ce-lundi\/#primaryimage"},"image":{"@id":"https:\/\/lepatriotebenin.com\/index.php\/2025\/07\/06\/bepec-2025-au-benin-les-epreuves-orales-et-sportives-demarrent-ce-lundi\/#primaryimage"},"thumbnailUrl":"https:\/\/lepatriotebenin.com\/wp-content\/uploads\/2025\/07\/examens.jpg","datePublished":"2025-07-06T18:52:25+00:00","dateModified":"2025-07-06T18:53:43+00:00","author":{"@id":"https:\/\/lepatriotebenin.com\/#\/schema\/person\/4a9b67216c97d04045e01405c534c91f"},"breadcrumb":{"@id":"https:\/\/lepatriotebenin.com\/index.php\/2025\/07\/06\/bepec-2025-au-benin-les-epreuves-orales-et-sportives-demarrent-ce-lundi\/#breadcrumb"},"inLanguage":"fr-FR","potentialAction":[{"@type":"ReadAction","target":["https:\/\/lepatriotebenin.com\/index.php\/2025\/07\/06\/bepec-2025-au-benin-les-epreuves-orales-et-sportives-demarrent-ce-lundi\/"]}]},{"@type":"ImageObject","inLanguage":"fr-FR","@id":"https:\/\/lepatriotebenin.com\/index.php\/2025\/07\/06\/bepec-2025-au-benin-les-epreuves-orales-et-sportives-demarrent-ce-lundi\/#primaryimage","url":"https:\/\/lepatriotebenin.com\/wp-content\/uploads\/2025\/07\/examens.jpg","contentUrl":"https:\/\/lepatriotebenin.com\/wp-content\/uploads\/2025\/07\/examens.jpg","width":1020,"height":400},{"@type":"BreadcrumbList","@id":"https:\/\/lepatriotebenin.com\/index.php\/2025\/07\/06\/bepec-2025-au-benin-les-epreuves-orales-et-sportives-demarrent-ce-lundi\/#breadcrumb","itemListElement":[{"@type":"ListItem","position":1,"name":"Accueil","item":"https:\/\/lepatriotebenin.com\/"},{"@type":"ListItem","position":2,"name":"BEPC 2025 au B\u00e9nin : Les \u00e9preuves orales et sportives d\u00e9marrent ce lundi"}]},{"@type":"WebSite","@id":"https:\/\/lepatriotebenin.com\/#website","url":"https:\/\/lepatriotebenin.com\/","name":"Le Patriote","description":"Le Patriote B\u00e9nin","potentialAction":[{"@type":"SearchAction","target":{"@type":"EntryPoint","urlTemplate":"https:\/\/lepatriotebenin.com\/?s={search_term_string}"},"query-input":{"@type":"PropertyValueSpecification","valueRequired":true,"valueName":"search_term_string"}}],"inLanguage":"fr-FR"},{"@type":"Person","@id":"https:\/\/lepatriotebenin.com\/#\/schema\/person\/4a9b67216c97d04045e01405c534c91f","name":"Roland AFFANOU","image":{"@type":"ImageObject","inLanguage":"fr-FR","@id":"https:\/\/secure.gravatar.com\/avatar\/7209d3f6d2d47ea4d0c67e14d3effb61feb10ae540a4381280c66265de5bd643?s=96&d=mm&r=g","url":"https:\/\/secure.gravatar.com\/avatar\/7209d3f6d2d47ea4d0c67e14d3effb61feb10ae540a4381280c66265de5bd643?s=96&d=mm&r=g","contentUrl":"https:\/\/secure.gravatar.com\/avatar\/7209d3f6d2d47ea4d0c67e14d3effb61feb10ae540a4381280c66265de5bd643?s=96&d=mm&r=g","caption":"Roland AFFANOU"},"url":"https:\/\/lepatriotebenin.com"}]}},"_links":{"self":[{"href":"https:\/\/lepatriotebenin.com\/index.php\/wp-json\/wp\/v2\/posts\/11775","targetHints":{"allow":["GET"]}}],"collection":[{"href":"https:\/\/lepatriotebenin.com\/index.php\/wp-json\/wp\/v2\/posts"}],"about":[{"href":"https:\/\/lepatriotebenin.com\/index.php\/wp-json\/wp\/v2\/types\/post"}],"author":[{"embeddable":true,"href":"https:\/\/lepatriotebenin.com\/index.php\/wp-json\/wp\/v2\/users\/6"}],"replies":[{"embeddable":true,"href":"https:\/\/lepatriotebenin.com\/index.php\/wp-json\/wp\/v2\/comments?post=11775"}],"version-history":[{"count":3,"href":"https:\/\/lepatriotebenin.com\/index.php\/wp-json\/wp\/v2\/posts\/11775\/revisions"}],"predecessor-version":[{"id":11779,"href":"https:\/\/lepatriotebenin.com\/index.php\/wp-json\/wp\/v2\/posts\/11775\/revisions\/11779"}],"wp:featuredmedia":[{"embeddable":true,"href":"https:\/\/lepatriotebenin.com\/index.php\/wp-json\/wp\/v2\/media\/11776"}],"wp:attachment":[{"href":"https:\/\/lepatriotebenin.com\/index.php\/wp-json\/wp\/v2\/media?parent=11775"}],"wp:term":[{"taxonomy":"category","embeddable":true,"href":"https:\/\/lepatriotebenin.com\/index.php\/wp-json\/wp\/v2\/categories?post=11775"},{"taxonomy":"post_tag","embeddable":true,"href":"https:\/\/lepatriotebenin.com\/index.php\/wp-json\/wp\/v2\/tags?post=11775"}],"curies":[{"name":"wp","href":"https:\/\/api.w.org\/{rel}","templated":true}]}}