{"id":11680,"date":"2025-07-04T02:29:34","date_gmt":"2025-07-04T00:29:34","guid":{"rendered":"https:\/\/lepatriotebenin.com\/?p=11680"},"modified":"2025-07-04T10:37:04","modified_gmt":"2025-07-04T08:37:04","slug":"sur-lemission-le-grand-rendez-vous-du-dimanche-dr-cyriaque-orou-plaide-pour-une-formation-politique-rigoureuse-des-jeunes","status":"publish","type":"post","link":"https:\/\/lepatriotebenin.com\/index.php\/2025\/07\/04\/sur-lemission-le-grand-rendez-vous-du-dimanche-dr-cyriaque-orou-plaide-pour-une-formation-politique-rigoureuse-des-jeunes\/","title":{"rendered":"Engagement du parti Les Patriotes- Rassemblement des K\u00e9r\u00e9kouistes :  Cyriaque Orou plaide pour une formation politique rigoureuse des jeunes"},"content":{"rendered":"\n<p><em>Invit\u00e9 de l\u2019\u00e9mission Le Grand Rendez-vous du Dimanche sur Canal 3 B\u00e9nin, le conseiller politique du parti Les Patriotes Rassemblement des K\u00e9r\u00e9kouistes (LP-RK), Dr Cyriaque Orou, a r\u00e9affirm\u00e9 l\u2019engagement de sa formation en faveur de la jeunesse. \u00c0 ses c\u00f4t\u00e9s, deux autres figures du paysage politique b\u00e9ninois, Mahouton Justin Gu\u00e8d\u00e8gb\u00e9 et Romaric Boko, ont partag\u00e9 le plateau dans la rubrique En toute franchise, pour un \u00e9change sur la place des jeunes dans la politique nationale.<\/em><\/p>\n\n\n\n<p>\u00ab Chez nous, la jeunesse occupe la premi\u00e8re place \u00bb. Telle est l&rsquo;affirmation de Cyriaque Orou qui \u00e9tait sur l&rsquo;\u00e9mission \u00ab\u00a0Le Grand Rendez-vous\u00a0\u00bb le dimanche dernier. \u00c0 l&rsquo;en croire, aucune strat\u00e9gie politique durable ne peut se concevoir sans la participation active des jeunes.<\/p>\n\n\n\n<p>En effet, \u00e0 l&rsquo;entame, Cyriaque Orou a rappel\u00e9 que le LP-RK est n\u00e9 d\u2019un mouvement de jeunes en 2019, et que sa structuration actuelle ne saurait n\u00e9gliger ce socle fondamental qui est la jeunesse. Cependant, il a d\u00e9plor\u00e9 le manque de culture politique et d\u2019encadrement id\u00e9ologique chez de nombreux jeunes militants, r\u00e9duits \u00e0 de simples r\u00f4les techniques pendant les campagnes \u00e9lectorales. Une carence qu\u2019il impute \u00e0 l\u2019absence de formation rigoureuse au sein de plusieurs partis. Selon lui, l&rsquo;engagement politique doit s\u2019ancrer dans des convictions claires, une id\u00e9ologie structur\u00e9e et une vision assum\u00e9e. Il appelle les partis \u00e0 int\u00e9grer la formation au militantisme dans leurs priorit\u00e9s, notamment dans le contexte des r\u00e9formes du syst\u00e8me partisan.<\/p>\n\n\n\n<p>Pour finir, le conseiller politique du parti Les Patriotes Rassemblement des K\u00e9r\u00e9kouistes (LP-RK), Dr Cyriaque Orou, a lanc\u00e9 un appel \u00e0 une jeunesse responsable, d\u00e9sireuse de s\u2019imposer non comme figurante, mais comme actrice principale du d\u00e9veloppement. \u00ab Donner aux jeunes les outils militants n\u00e9cessaires, c\u2019est les pr\u00e9parer \u00e0 d\u00e9cider demain \u00bb, a-t-il affirm\u00e9 pour conclure.<\/p>\n\n\n\n<p>Gildas AHOGNI<\/p>\n","protected":false},"excerpt":{"rendered":"<p>Invit\u00e9 de l\u2019\u00e9mission Le Grand Rendez-vous du Dimanche sur Canal 3 B\u00e9nin, le conseiller politique du parti Les Patriotes Rassemblement des K\u00e9r\u00e9kouistes (LP-RK), Dr Cyriaque Orou, a r\u00e9affirm\u00e9 l\u2019engagement de&hellip;<\/p>\n","protected":false},"author":5,"featured_media":11681,"comment_status":"open","ping_status":"open","sticky":false,"template":"","format":"standard","meta":{"content-type":"","om_disable_all_campaigns":false,"_monsterinsights_skip_tracking":false,"_monsterinsights_sitenote_active":false,"_monsterinsights_sitenote_note":"","_monsterinsights_sitenote_category":0,"_uf_show_specific_survey":0,"_uf_disable_surveys":false,"footnotes":""},"categories":[26],"tags":[],"class_list":["post-11680","post","type-post","status-publish","format-standard","has-post-thumbnail","hentry","category-politique"],"aioseo_notices":[],"yoast_head":"<!-- This site is optimized with the Yoast SEO plugin v27.5 - https:\/\/yoast.com\/product\/yoast-seo-wordpress\/ -->\n<title>Engagement du parti Les Patriotes- Rassemblement des K\u00e9r\u00e9kouistes : Cyriaque Orou plaide pour une formation politique rigoureuse des jeunes - Le Patriote<\/title>\n<meta name=\"robots\" content=\"index, follow, max-snippet:-1, max-image-preview:large, max-video-preview:-1\" \/>\n<link rel=\"canonical\" href=\"https:\/\/lepatriotebenin.com\/index.php\/2025\/07\/04\/sur-lemission-le-grand-rendez-vous-du-dimanche-dr-cyriaque-orou-plaide-pour-une-formation-politique-rigoureuse-des-jeunes\/\" \/>\n<meta property=\"og:locale\" content=\"fr_FR\" \/>\n<meta property=\"og:type\" content=\"article\" \/>\n<meta property=\"og:title\" content=\"Engagement du parti Les Patriotes- Rassemblement des K\u00e9r\u00e9kouistes : Cyriaque Orou plaide pour une formation politique rigoureuse des jeunes - Le Patriote\" \/>\n<meta property=\"og:description\" content=\"Invit\u00e9 de l\u2019\u00e9mission Le Grand Rendez-vous du Dimanche sur Canal 3 B\u00e9nin, le conseiller politique du parti Les Patriotes Rassemblement des K\u00e9r\u00e9kouistes (LP-RK), Dr Cyriaque Orou, a r\u00e9affirm\u00e9 l\u2019engagement de&hellip;\" \/>\n<meta property=\"og:url\" content=\"https:\/\/lepatriotebenin.com\/index.php\/2025\/07\/04\/sur-lemission-le-grand-rendez-vous-du-dimanche-dr-cyriaque-orou-plaide-pour-une-formation-politique-rigoureuse-des-jeunes\/\" \/>\n<meta property=\"og:site_name\" content=\"Le Patriote\" \/>\n<meta property=\"article:published_time\" content=\"2025-07-04T00:29:34+00:00\" \/>\n<meta property=\"article:modified_time\" content=\"2025-07-04T08:37:04+00:00\" \/>\n<meta property=\"og:image\" content=\"https:\/\/lepatriotebenin.com\/wp-content\/uploads\/2025\/07\/orou.jpg\" \/>\n\t<meta property=\"og:image:width\" content=\"683\" \/>\n\t<meta property=\"og:image:height\" content=\"1024\" \/>\n\t<meta property=\"og:image:type\" content=\"image\/jpeg\" \/>\n<meta name=\"author\" content=\"Redaction\" \/>\n<meta name=\"twitter:card\" content=\"summary_large_image\" \/>\n<meta name=\"twitter:label1\" content=\"\u00c9crit par\" \/>\n\t<meta name=\"twitter:data1\" content=\"Redaction\" \/>\n\t<meta name=\"twitter:label2\" content=\"Dur\u00e9e de lecture estim\u00e9e\" \/>\n\t<meta name=\"twitter:data2\" content=\"2 minutes\" \/>\n<script type=\"application\/ld+json\" class=\"yoast-schema-graph\">{\"@context\":\"https:\\\/\\\/schema.org\",\"@graph\":[{\"@type\":\"Article\",\"@id\":\"https:\\\/\\\/lepatriotebenin.com\\\/index.php\\\/2025\\\/07\\\/04\\\/sur-lemission-le-grand-rendez-vous-du-dimanche-dr-cyriaque-orou-plaide-pour-une-formation-politique-rigoureuse-des-jeunes\\\/#article\",\"isPartOf\":{\"@id\":\"https:\\\/\\\/lepatriotebenin.com\\\/index.php\\\/2025\\\/07\\\/04\\\/sur-lemission-le-grand-rendez-vous-du-dimanche-dr-cyriaque-orou-plaide-pour-une-formation-politique-rigoureuse-des-jeunes\\\/\"},\"author\":{\"name\":\"Redaction\",\"@id\":\"https:\\\/\\\/lepatriotebenin.com\\\/#\\\/schema\\\/person\\\/2e7709b9c9cc313e452d1136af61690f\"},\"headline\":\"Engagement du parti Les Patriotes- Rassemblement des K\u00e9r\u00e9kouistes : Cyriaque Orou plaide pour une formation politique rigoureuse des jeunes\",\"datePublished\":\"2025-07-04T00:29:34+00:00\",\"dateModified\":\"2025-07-04T08:37:04+00:00\",\"mainEntityOfPage\":{\"@id\":\"https:\\\/\\\/lepatriotebenin.com\\\/index.php\\\/2025\\\/07\\\/04\\\/sur-lemission-le-grand-rendez-vous-du-dimanche-dr-cyriaque-orou-plaide-pour-une-formation-politique-rigoureuse-des-jeunes\\\/\"},\"wordCount\":339,\"commentCount\":0,\"image\":{\"@id\":\"https:\\\/\\\/lepatriotebenin.com\\\/index.php\\\/2025\\\/07\\\/04\\\/sur-lemission-le-grand-rendez-vous-du-dimanche-dr-cyriaque-orou-plaide-pour-une-formation-politique-rigoureuse-des-jeunes\\\/#primaryimage\"},\"thumbnailUrl\":\"https:\\\/\\\/lepatriotebenin.com\\\/wp-content\\\/uploads\\\/2025\\\/07\\\/orou.jpg\",\"articleSection\":[\"Politique\"],\"inLanguage\":\"fr-FR\",\"potentialAction\":[{\"@type\":\"CommentAction\",\"name\":\"Comment\",\"target\":[\"https:\\\/\\\/lepatriotebenin.com\\\/index.php\\\/2025\\\/07\\\/04\\\/sur-lemission-le-grand-rendez-vous-du-dimanche-dr-cyriaque-orou-plaide-pour-une-formation-politique-rigoureuse-des-jeunes\\\/#respond\"]}]},{\"@type\":\"WebPage\",\"@id\":\"https:\\\/\\\/lepatriotebenin.com\\\/index.php\\\/2025\\\/07\\\/04\\\/sur-lemission-le-grand-rendez-vous-du-dimanche-dr-cyriaque-orou-plaide-pour-une-formation-politique-rigoureuse-des-jeunes\\\/\",\"url\":\"https:\\\/\\\/lepatriotebenin.com\\\/index.php\\\/2025\\\/07\\\/04\\\/sur-lemission-le-grand-rendez-vous-du-dimanche-dr-cyriaque-orou-plaide-pour-une-formation-politique-rigoureuse-des-jeunes\\\/\",\"name\":\"Engagement du parti Les Patriotes- Rassemblement des K\u00e9r\u00e9kouistes : Cyriaque Orou plaide pour une formation politique rigoureuse des jeunes - Le Patriote\",\"isPartOf\":{\"@id\":\"https:\\\/\\\/lepatriotebenin.com\\\/#website\"},\"primaryImageOfPage\":{\"@id\":\"https:\\\/\\\/lepatriotebenin.com\\\/index.php\\\/2025\\\/07\\\/04\\\/sur-lemission-le-grand-rendez-vous-du-dimanche-dr-cyriaque-orou-plaide-pour-une-formation-politique-rigoureuse-des-jeunes\\\/#primaryimage\"},\"image\":{\"@id\":\"https:\\\/\\\/lepatriotebenin.com\\\/index.php\\\/2025\\\/07\\\/04\\\/sur-lemission-le-grand-rendez-vous-du-dimanche-dr-cyriaque-orou-plaide-pour-une-formation-politique-rigoureuse-des-jeunes\\\/#primaryimage\"},\"thumbnailUrl\":\"https:\\\/\\\/lepatriotebenin.com\\\/wp-content\\\/uploads\\\/2025\\\/07\\\/orou.jpg\",\"datePublished\":\"2025-07-04T00:29:34+00:00\",\"dateModified\":\"2025-07-04T08:37:04+00:00\",\"author\":{\"@id\":\"https:\\\/\\\/lepatriotebenin.com\\\/#\\\/schema\\\/person\\\/2e7709b9c9cc313e452d1136af61690f\"},\"breadcrumb\":{\"@id\":\"https:\\\/\\\/lepatriotebenin.com\\\/index.php\\\/2025\\\/07\\\/04\\\/sur-lemission-le-grand-rendez-vous-du-dimanche-dr-cyriaque-orou-plaide-pour-une-formation-politique-rigoureuse-des-jeunes\\\/#breadcrumb\"},\"inLanguage\":\"fr-FR\",\"potentialAction\":[{\"@type\":\"ReadAction\",\"target\":[\"https:\\\/\\\/lepatriotebenin.com\\\/index.php\\\/2025\\\/07\\\/04\\\/sur-lemission-le-grand-rendez-vous-du-dimanche-dr-cyriaque-orou-plaide-pour-une-formation-politique-rigoureuse-des-jeunes\\\/\"]}]},{\"@type\":\"ImageObject\",\"inLanguage\":\"fr-FR\",\"@id\":\"https:\\\/\\\/lepatriotebenin.com\\\/index.php\\\/2025\\\/07\\\/04\\\/sur-lemission-le-grand-rendez-vous-du-dimanche-dr-cyriaque-orou-plaide-pour-une-formation-politique-rigoureuse-des-jeunes\\\/#primaryimage\",\"url\":\"https:\\\/\\\/lepatriotebenin.com\\\/wp-content\\\/uploads\\\/2025\\\/07\\\/orou.jpg\",\"contentUrl\":\"https:\\\/\\\/lepatriotebenin.com\\\/wp-content\\\/uploads\\\/2025\\\/07\\\/orou.jpg\",\"width\":683,\"height\":1024},{\"@type\":\"BreadcrumbList\",\"@id\":\"https:\\\/\\\/lepatriotebenin.com\\\/index.php\\\/2025\\\/07\\\/04\\\/sur-lemission-le-grand-rendez-vous-du-dimanche-dr-cyriaque-orou-plaide-pour-une-formation-politique-rigoureuse-des-jeunes\\\/#breadcrumb\",\"itemListElement\":[{\"@type\":\"ListItem\",\"position\":1,\"name\":\"Accueil\",\"item\":\"https:\\\/\\\/lepatriotebenin.com\\\/\"},{\"@type\":\"ListItem\",\"position\":2,\"name\":\"Engagement du parti Les Patriotes- Rassemblement des K\u00e9r\u00e9kouistes : Cyriaque Orou plaide pour une formation politique rigoureuse des jeunes\"}]},{\"@type\":\"WebSite\",\"@id\":\"https:\\\/\\\/lepatriotebenin.com\\\/#website\",\"url\":\"https:\\\/\\\/lepatriotebenin.com\\\/\",\"name\":\"Le Patriote\",\"description\":\"Le Patriote B\u00e9nin\",\"potentialAction\":[{\"@type\":\"SearchAction\",\"target\":{\"@type\":\"EntryPoint\",\"urlTemplate\":\"https:\\\/\\\/lepatriotebenin.com\\\/?s={search_term_string}\"},\"query-input\":{\"@type\":\"PropertyValueSpecification\",\"valueRequired\":true,\"valueName\":\"search_term_string\"}}],\"inLanguage\":\"fr-FR\"},{\"@type\":\"Person\",\"@id\":\"https:\\\/\\\/lepatriotebenin.com\\\/#\\\/schema\\\/person\\\/2e7709b9c9cc313e452d1136af61690f\",\"name\":\"Redaction\",\"image\":{\"@type\":\"ImageObject\",\"inLanguage\":\"fr-FR\",\"@id\":\"https:\\\/\\\/secure.gravatar.com\\\/avatar\\\/c4c509357859ea2ca2cbb6d8812898a73e4ef1ef9934c2e591d7e32face734d1?s=96&d=mm&r=g\",\"url\":\"https:\\\/\\\/secure.gravatar.com\\\/avatar\\\/c4c509357859ea2ca2cbb6d8812898a73e4ef1ef9934c2e591d7e32face734d1?s=96&d=mm&r=g\",\"contentUrl\":\"https:\\\/\\\/secure.gravatar.com\\\/avatar\\\/c4c509357859ea2ca2cbb6d8812898a73e4ef1ef9934c2e591d7e32face734d1?s=96&d=mm&r=g\",\"caption\":\"Redaction\"},\"url\":\"https:\\\/\\\/lepatriotebenin.com\"}]}<\/script>\n<!-- \/ Yoast SEO plugin. -->","yoast_head_json":{"title":"Engagement du parti Les Patriotes- Rassemblement des K\u00e9r\u00e9kouistes : Cyriaque Orou plaide pour une formation politique rigoureuse des jeunes - Le Patriote","robots":{"index":"index","follow":"follow","max-snippet":"max-snippet:-1","max-image-preview":"max-image-preview:large","max-video-preview":"max-video-preview:-1"},"canonical":"https:\/\/lepatriotebenin.com\/index.php\/2025\/07\/04\/sur-lemission-le-grand-rendez-vous-du-dimanche-dr-cyriaque-orou-plaide-pour-une-formation-politique-rigoureuse-des-jeunes\/","og_locale":"fr_FR","og_type":"article","og_title":"Engagement du parti Les Patriotes- Rassemblement des K\u00e9r\u00e9kouistes : Cyriaque Orou plaide pour une formation politique rigoureuse des jeunes - Le Patriote","og_description":"Invit\u00e9 de l\u2019\u00e9mission Le Grand Rendez-vous du Dimanche sur Canal 3 B\u00e9nin, le conseiller politique du parti Les Patriotes Rassemblement des K\u00e9r\u00e9kouistes (LP-RK), Dr Cyriaque Orou, a r\u00e9affirm\u00e9 l\u2019engagement de&hellip;","og_url":"https:\/\/lepatriotebenin.com\/index.php\/2025\/07\/04\/sur-lemission-le-grand-rendez-vous-du-dimanche-dr-cyriaque-orou-plaide-pour-une-formation-politique-rigoureuse-des-jeunes\/","og_site_name":"Le Patriote","article_published_time":"2025-07-04T00:29:34+00:00","article_modified_time":"2025-07-04T08:37:04+00:00","og_image":[{"width":683,"height":1024,"url":"https:\/\/lepatriotebenin.com\/wp-content\/uploads\/2025\/07\/orou.jpg","type":"image\/jpeg"}],"author":"Redaction","twitter_card":"summary_large_image","twitter_misc":{"\u00c9crit par":"Redaction","Dur\u00e9e de lecture estim\u00e9e":"2 minutes"},"schema":{"@context":"https:\/\/schema.org","@graph":[{"@type":"Article","@id":"https:\/\/lepatriotebenin.com\/index.php\/2025\/07\/04\/sur-lemission-le-grand-rendez-vous-du-dimanche-dr-cyriaque-orou-plaide-pour-une-formation-politique-rigoureuse-des-jeunes\/#article","isPartOf":{"@id":"https:\/\/lepatriotebenin.com\/index.php\/2025\/07\/04\/sur-lemission-le-grand-rendez-vous-du-dimanche-dr-cyriaque-orou-plaide-pour-une-formation-politique-rigoureuse-des-jeunes\/"},"author":{"name":"Redaction","@id":"https:\/\/lepatriotebenin.com\/#\/schema\/person\/2e7709b9c9cc313e452d1136af61690f"},"headline":"Engagement du parti Les Patriotes- Rassemblement des K\u00e9r\u00e9kouistes : Cyriaque Orou plaide pour une formation politique rigoureuse des jeunes","datePublished":"2025-07-04T00:29:34+00:00","dateModified":"2025-07-04T08:37:04+00:00","mainEntityOfPage":{"@id":"https:\/\/lepatriotebenin.com\/index.php\/2025\/07\/04\/sur-lemission-le-grand-rendez-vous-du-dimanche-dr-cyriaque-orou-plaide-pour-une-formation-politique-rigoureuse-des-jeunes\/"},"wordCount":339,"commentCount":0,"image":{"@id":"https:\/\/lepatriotebenin.com\/index.php\/2025\/07\/04\/sur-lemission-le-grand-rendez-vous-du-dimanche-dr-cyriaque-orou-plaide-pour-une-formation-politique-rigoureuse-des-jeunes\/#primaryimage"},"thumbnailUrl":"https:\/\/lepatriotebenin.com\/wp-content\/uploads\/2025\/07\/orou.jpg","articleSection":["Politique"],"inLanguage":"fr-FR","potentialAction":[{"@type":"CommentAction","name":"Comment","target":["https:\/\/lepatriotebenin.com\/index.php\/2025\/07\/04\/sur-lemission-le-grand-rendez-vous-du-dimanche-dr-cyriaque-orou-plaide-pour-une-formation-politique-rigoureuse-des-jeunes\/#respond"]}]},{"@type":"WebPage","@id":"https:\/\/lepatriotebenin.com\/index.php\/2025\/07\/04\/sur-lemission-le-grand-rendez-vous-du-dimanche-dr-cyriaque-orou-plaide-pour-une-formation-politique-rigoureuse-des-jeunes\/","url":"https:\/\/lepatriotebenin.com\/index.php\/2025\/07\/04\/sur-lemission-le-grand-rendez-vous-du-dimanche-dr-cyriaque-orou-plaide-pour-une-formation-politique-rigoureuse-des-jeunes\/","name":"Engagement du parti Les Patriotes- Rassemblement des K\u00e9r\u00e9kouistes : Cyriaque Orou plaide pour une formation politique rigoureuse des jeunes - Le Patriote","isPartOf":{"@id":"https:\/\/lepatriotebenin.com\/#website"},"primaryImageOfPage":{"@id":"https:\/\/lepatriotebenin.com\/index.php\/2025\/07\/04\/sur-lemission-le-grand-rendez-vous-du-dimanche-dr-cyriaque-orou-plaide-pour-une-formation-politique-rigoureuse-des-jeunes\/#primaryimage"},"image":{"@id":"https:\/\/lepatriotebenin.com\/index.php\/2025\/07\/04\/sur-lemission-le-grand-rendez-vous-du-dimanche-dr-cyriaque-orou-plaide-pour-une-formation-politique-rigoureuse-des-jeunes\/#primaryimage"},"thumbnailUrl":"https:\/\/lepatriotebenin.com\/wp-content\/uploads\/2025\/07\/orou.jpg","datePublished":"2025-07-04T00:29:34+00:00","dateModified":"2025-07-04T08:37:04+00:00","author":{"@id":"https:\/\/lepatriotebenin.com\/#\/schema\/person\/2e7709b9c9cc313e452d1136af61690f"},"breadcrumb":{"@id":"https:\/\/lepatriotebenin.com\/index.php\/2025\/07\/04\/sur-lemission-le-grand-rendez-vous-du-dimanche-dr-cyriaque-orou-plaide-pour-une-formation-politique-rigoureuse-des-jeunes\/#breadcrumb"},"inLanguage":"fr-FR","potentialAction":[{"@type":"ReadAction","target":["https:\/\/lepatriotebenin.com\/index.php\/2025\/07\/04\/sur-lemission-le-grand-rendez-vous-du-dimanche-dr-cyriaque-orou-plaide-pour-une-formation-politique-rigoureuse-des-jeunes\/"]}]},{"@type":"ImageObject","inLanguage":"fr-FR","@id":"https:\/\/lepatriotebenin.com\/index.php\/2025\/07\/04\/sur-lemission-le-grand-rendez-vous-du-dimanche-dr-cyriaque-orou-plaide-pour-une-formation-politique-rigoureuse-des-jeunes\/#primaryimage","url":"https:\/\/lepatriotebenin.com\/wp-content\/uploads\/2025\/07\/orou.jpg","contentUrl":"https:\/\/lepatriotebenin.com\/wp-content\/uploads\/2025\/07\/orou.jpg","width":683,"height":1024},{"@type":"BreadcrumbList","@id":"https:\/\/lepatriotebenin.com\/index.php\/2025\/07\/04\/sur-lemission-le-grand-rendez-vous-du-dimanche-dr-cyriaque-orou-plaide-pour-une-formation-politique-rigoureuse-des-jeunes\/#breadcrumb","itemListElement":[{"@type":"ListItem","position":1,"name":"Accueil","item":"https:\/\/lepatriotebenin.com\/"},{"@type":"ListItem","position":2,"name":"Engagement du parti Les Patriotes- Rassemblement des K\u00e9r\u00e9kouistes : Cyriaque Orou plaide pour une formation politique rigoureuse des jeunes"}]},{"@type":"WebSite","@id":"https:\/\/lepatriotebenin.com\/#website","url":"https:\/\/lepatriotebenin.com\/","name":"Le Patriote","description":"Le Patriote B\u00e9nin","potentialAction":[{"@type":"SearchAction","target":{"@type":"EntryPoint","urlTemplate":"https:\/\/lepatriotebenin.com\/?s={search_term_string}"},"query-input":{"@type":"PropertyValueSpecification","valueRequired":true,"valueName":"search_term_string"}}],"inLanguage":"fr-FR"},{"@type":"Person","@id":"https:\/\/lepatriotebenin.com\/#\/schema\/person\/2e7709b9c9cc313e452d1136af61690f","name":"Redaction","image":{"@type":"ImageObject","inLanguage":"fr-FR","@id":"https:\/\/secure.gravatar.com\/avatar\/c4c509357859ea2ca2cbb6d8812898a73e4ef1ef9934c2e591d7e32face734d1?s=96&d=mm&r=g","url":"https:\/\/secure.gravatar.com\/avatar\/c4c509357859ea2ca2cbb6d8812898a73e4ef1ef9934c2e591d7e32face734d1?s=96&d=mm&r=g","contentUrl":"https:\/\/secure.gravatar.com\/avatar\/c4c509357859ea2ca2cbb6d8812898a73e4ef1ef9934c2e591d7e32face734d1?s=96&d=mm&r=g","caption":"Redaction"},"url":"https:\/\/lepatriotebenin.com"}]}},"_links":{"self":[{"href":"https:\/\/lepatriotebenin.com\/index.php\/wp-json\/wp\/v2\/posts\/11680","targetHints":{"allow":["GET"]}}],"collection":[{"href":"https:\/\/lepatriotebenin.com\/index.php\/wp-json\/wp\/v2\/posts"}],"about":[{"href":"https:\/\/lepatriotebenin.com\/index.php\/wp-json\/wp\/v2\/types\/post"}],"author":[{"embeddable":true,"href":"https:\/\/lepatriotebenin.com\/index.php\/wp-json\/wp\/v2\/users\/5"}],"replies":[{"embeddable":true,"href":"https:\/\/lepatriotebenin.com\/index.php\/wp-json\/wp\/v2\/comments?post=11680"}],"version-history":[{"count":2,"href":"https:\/\/lepatriotebenin.com\/index.php\/wp-json\/wp\/v2\/posts\/11680\/revisions"}],"predecessor-version":[{"id":11694,"href":"https:\/\/lepatriotebenin.com\/index.php\/wp-json\/wp\/v2\/posts\/11680\/revisions\/11694"}],"wp:featuredmedia":[{"embeddable":true,"href":"https:\/\/lepatriotebenin.com\/index.php\/wp-json\/wp\/v2\/media\/11681"}],"wp:attachment":[{"href":"https:\/\/lepatriotebenin.com\/index.php\/wp-json\/wp\/v2\/media?parent=11680"}],"wp:term":[{"taxonomy":"category","embeddable":true,"href":"https:\/\/lepatriotebenin.com\/index.php\/wp-json\/wp\/v2\/categories?post=11680"},{"taxonomy":"post_tag","embeddable":true,"href":"https:\/\/lepatriotebenin.com\/index.php\/wp-json\/wp\/v2\/tags?post=11680"}],"curies":[{"name":"wp","href":"https:\/\/api.w.org\/{rel}","templated":true}]}}